{"id":25552,"date":"2024-11-21T18:59:53","date_gmt":"2024-11-21T21:59:53","guid":{"rendered":"https:\/\/apuntesdesanluis.com\/?p=25552"},"modified":"2024-11-21T18:59:53","modified_gmt":"2024-11-21T21:59:53","slug":"el-juez-ercolini-cito-a-declarar-a-alberto-fernandez-por-la-causa-de-violencia-de-genero","status":"publish","type":"post","link":"https:\/\/apuntesdesanluis.com\/index.php\/2024\/11\/21\/el-juez-ercolini-cito-a-declarar-a-alberto-fernandez-por-la-causa-de-violencia-de-genero\/","title":{"rendered":"EL JUEZ ERCOLINI CIT\u00d3 A DECLARAR A ALBERTO FERN\u00c1NDEZ POR LA CAUSA DE VIOLENCIA DE G\u00c9NERO"},"content":{"rendered":"<h3>El juez federal Juli\u00e1n Ercolini cit\u00f3 a declaraci\u00f3n indagatoria al ex presidente <strong>Alberto Fern\u00e1ndez<\/strong> en la denuncia por violencia de g\u00e9nero contra la ex primera dama <strong>Fabiola Ya\u00f1ez<\/strong> ante &#8220;elementos de convicci\u00f3n&#8221; suficientes como para convocarlo para que ejerza su derecho a defensa.<\/h3>\n<h3>Fern\u00e1ndez tendr\u00e1 que presentarse el mi\u00e9rcoles 11 de diciembre a las 11 en los Tribunales Federales de Retiro para ser indagado por hechos de violencia de g\u00e9nero y presunta &#8220;coacci\u00f3n&#8221; hacia Ya\u00f1ez, seg\u00fan la imputaci\u00f3n que detall\u00f3 el magistrado en su resoluci\u00f3n.<\/h3>\n<h3>&#8220;Fern\u00e1ndez en forma directa y a trav\u00e9s de terceras personas, le habr\u00eda requerido en forma insistente y agresiva que no hiciera la denuncia&#8221; de violencia de g\u00e9nero el 28 de junio pasado, luego que desde el juzgado se comunicaron con ella ante el hallazgo de fotograf\u00edas de su rostro con moretones en el celular de la ex secretaria privada del ex presidente, Mar\u00eda Cantero, en el marco de otra investigaci\u00f3n penal, la Causa Seguros.<\/h3>\n<h3>&#8220;Ya\u00f1ez habr\u00eda sido coaccionada por Alberto Fern\u00e1ndez para no instar la acci\u00f3n lo que habr\u00eda afectado el tr\u00e1mite de la presente causa federal y provocado su archivo&#8221;, advirti\u00f3 el juez, una decisi\u00f3n que luego se anul\u00f3 porque la ex primera dama resolvi\u00f3 denunciar cuando las fotos tomaron estado p\u00fablico.<\/h3>\n<h3>En cuanto a la violencia de g\u00e9nero &#8220;como sostuvo el se\u00f1or fiscal en su imputaci\u00f3n formal, luego de cuanto menos ocho a\u00f1os de agresiones psicol\u00f3gicas y f\u00edsicas infligidas a Fabiola Andrea Ya\u00f1ez por el imputado en forma continua y habitual en el marco de su relaci\u00f3n de pareja, habr\u00edan dejado en la v\u00edctima secuelas de da\u00f1o ps\u00edquico, produci\u00e9ndole un debilitamiento permanente de su salud&#8221;.<\/h3>\n<h3>El juez aludi\u00f3 al &#8220;contexto de violencia de g\u00e9nero signado por la particular relaci\u00f3n asim\u00e9trica de poder entre Alberto \u00c1ngel Fern\u00e1ndez y Fabiola Andrea Y\u00e1\u00f1ez, por lo menos desde el a\u00f1o 2016 hasta el 6 de agosto del 2024&#8221;, fecha en que la v\u00edctima denunci\u00f3.<\/h3>\n<h3>&#8220;El imputado se habr\u00eda aprovechado de la especial situaci\u00f3n de vulnerabilidad preexistente al v\u00ednculo en la que se encontraba inmersa la nombrada, y ejercido con habitualidad y de modo continuo, violencia psicol\u00f3gica contra Y\u00e1\u00f1ez, bajo las formas de acoso, hostigamientos, controles, indiferencia, insultos, culpabilizaci\u00f3n, destrato, retiro de la palabra, ninguneos y hostilidad&#8221;, se enumer\u00f3 adem\u00e1s en la imputaci\u00f3n.<\/h3>\n<h3>Esta es la segunda citaci\u00f3n a declaraci\u00f3n indagatoria que cursa Ercolini al ex presidente, la primera se dio en el marco de la investigaci\u00f3n por la contrataci\u00f3n irregular de p\u00f3lizas de seguros en organismos p\u00fablicos durante su gobierno y tendr\u00e1 que presentarse a declarar el pr\u00f3ximo 27 de noviembre.<\/h3>\n<p>&nbsp;<\/p>\n<p>&nbsp;<\/p>\n<p>&nbsp;<\/p>\n","protected":false},"excerpt":{"rendered":"<p>El juez federal Juli\u00e1n Ercolini cit\u00f3 a declaraci\u00f3n indagatoria al ex presidente Alberto Fern\u00e1ndez en&#8230;<\/p>\n","protected":false},"author":1,"featured_media":20748,"comment_status":"closed","ping_status":"closed","sticky":false,"template":"","format":"standard","meta":{"footnotes":""},"categories":[5],"tags":[],"class_list":["post-25552","post","type-post","status-publish","format-standard","has-post-thumbnail","hentry","category-nacionales-internacionales"],"yoast_head":"<!-- This site is optimized with the Yoast SEO plugin v26.1.1 - https:\/\/yoast.com\/wordpress\/plugins\/seo\/ -->\n<title>EL JUEZ ERCOLINI CIT\u00d3 A DECLARAR A ALBERTO FERN\u00c1NDEZ POR LA CAUSA DE VIOLENCIA DE G\u00c9NERO - Apuntes de San Luis<\/title>\n<meta name=\"robots\" content=\"index, follow, max-snippet:-1, max-image-preview:large, max-video-preview:-1\" \/>\n<link rel=\"canonical\" href=\"https:\/\/apuntesdesanluis.com\/index.php\/2024\/11\/21\/el-juez-ercolini-cito-a-declarar-a-alberto-fernandez-por-la-causa-de-violencia-de-genero\/\" \/>\n<meta property=\"og:locale\" content=\"es_ES\" \/>\n<meta property=\"og:type\" content=\"article\" \/>\n<meta property=\"og:title\" content=\"EL JUEZ ERCOLINI CIT\u00d3 A DECLARAR A ALBERTO FERN\u00c1NDEZ POR LA CAUSA DE VIOLENCIA DE G\u00c9NERO - Apuntes de San Luis\" \/>\n<meta property=\"og:description\" content=\"El juez federal Juli\u00e1n Ercolini cit\u00f3 a declaraci\u00f3n indagatoria al ex presidente Alberto Fern\u00e1ndez en...\" \/>\n<meta property=\"og:url\" content=\"https:\/\/apuntesdesanluis.com\/index.php\/2024\/11\/21\/el-juez-ercolini-cito-a-declarar-a-alberto-fernandez-por-la-causa-de-violencia-de-genero\/\" \/>\n<meta property=\"og:site_name\" content=\"Apuntes de San Luis\" \/>\n<meta property=\"article:published_time\" content=\"2024-11-21T21:59:53+00:00\" \/>\n<meta property=\"og:image\" content=\"https:\/\/apuntesdesanluis.com\/wp-content\/uploads\/2024\/08\/fabiola-y-fernandez.png\" \/>\n\t<meta property=\"og:image:width\" content=\"865\" \/>\n\t<meta property=\"og:image:height\" content=\"531\" \/>\n\t<meta property=\"og:image:type\" content=\"image\/png\" \/>\n<meta name=\"author\" content=\"apuntesdesanluis.com\" \/>\n<meta name=\"twitter:card\" content=\"summary_large_image\" \/>\n<meta name=\"twitter:label1\" content=\"Escrito por\" \/>\n\t<meta name=\"twitter:data1\" content=\"apuntesdesanluis.com\" \/>\n\t<meta name=\"twitter:label2\" content=\"Tiempo de lectura\" \/>\n\t<meta name=\"twitter:data2\" content=\"3 minutos\" \/>\n<script type=\"application\/ld+json\" class=\"yoast-schema-graph\">{\"@context\":\"https:\/\/schema.org\",\"@graph\":[{\"@type\":\"Article\",\"@id\":\"https:\/\/apuntesdesanluis.com\/index.php\/2024\/11\/21\/el-juez-ercolini-cito-a-declarar-a-alberto-fernandez-por-la-causa-de-violencia-de-genero\/#article\",\"isPartOf\":{\"@id\":\"https:\/\/apuntesdesanluis.com\/index.php\/2024\/11\/21\/el-juez-ercolini-cito-a-declarar-a-alberto-fernandez-por-la-causa-de-violencia-de-genero\/\"},\"author\":{\"name\":\"apuntesdesanluis.com\",\"@id\":\"https:\/\/apuntesdesanluis.com\/#\/schema\/person\/b55151d52296fcce64d1a72538a70b90\"},\"headline\":\"EL JUEZ ERCOLINI CIT\u00d3 A DECLARAR A ALBERTO FERN\u00c1NDEZ POR LA CAUSA DE VIOLENCIA DE G\u00c9NERO\",\"datePublished\":\"2024-11-21T21:59:53+00:00\",\"mainEntityOfPage\":{\"@id\":\"https:\/\/apuntesdesanluis.com\/index.php\/2024\/11\/21\/el-juez-ercolini-cito-a-declarar-a-alberto-fernandez-por-la-causa-de-violencia-de-genero\/\"},\"wordCount\":502,\"publisher\":{\"@id\":\"https:\/\/apuntesdesanluis.com\/#\/schema\/person\/b55151d52296fcce64d1a72538a70b90\"},\"image\":{\"@id\":\"https:\/\/apuntesdesanluis.com\/index.php\/2024\/11\/21\/el-juez-ercolini-cito-a-declarar-a-alberto-fernandez-por-la-causa-de-violencia-de-genero\/#primaryimage\"},\"thumbnailUrl\":\"https:\/\/apuntesdesanluis.com\/wp-content\/uploads\/2024\/08\/fabiola-y-fernandez.png\",\"articleSection\":[\"Nacionales\/Internacionales\"],\"inLanguage\":\"es-AR\"},{\"@type\":\"WebPage\",\"@id\":\"https:\/\/apuntesdesanluis.com\/index.php\/2024\/11\/21\/el-juez-ercolini-cito-a-declarar-a-alberto-fernandez-por-la-causa-de-violencia-de-genero\/\",\"url\":\"https:\/\/apuntesdesanluis.com\/index.php\/2024\/11\/21\/el-juez-ercolini-cito-a-declarar-a-alberto-fernandez-por-la-causa-de-violencia-de-genero\/\",\"name\":\"EL JUEZ ERCOLINI CIT\u00d3 A DECLARAR A ALBERTO FERN\u00c1NDEZ POR LA CAUSA DE VIOLENCIA DE G\u00c9NERO - Apuntes de San Luis\",\"isPartOf\":{\"@id\":\"https:\/\/apuntesdesanluis.com\/#website\"},\"primaryImageOfPage\":{\"@id\":\"https:\/\/apuntesdesanluis.com\/index.php\/2024\/11\/21\/el-juez-ercolini-cito-a-declarar-a-alberto-fernandez-por-la-causa-de-violencia-de-genero\/#primaryimage\"},\"image\":{\"@id\":\"https:\/\/apuntesdesanluis.com\/index.php\/2024\/11\/21\/el-juez-ercolini-cito-a-declarar-a-alberto-fernandez-por-la-causa-de-violencia-de-genero\/#primaryimage\"},\"thumbnailUrl\":\"https:\/\/apuntesdesanluis.com\/wp-content\/uploads\/2024\/08\/fabiola-y-fernandez.png\",\"datePublished\":\"2024-11-21T21:59:53+00:00\",\"breadcrumb\":{\"@id\":\"https:\/\/apuntesdesanluis.com\/index.php\/2024\/11\/21\/el-juez-ercolini-cito-a-declarar-a-alberto-fernandez-por-la-causa-de-violencia-de-genero\/#breadcrumb\"},\"inLanguage\":\"es-AR\",\"potentialAction\":[{\"@type\":\"ReadAction\",\"target\":[\"https:\/\/apuntesdesanluis.com\/index.php\/2024\/11\/21\/el-juez-ercolini-cito-a-declarar-a-alberto-fernandez-por-la-causa-de-violencia-de-genero\/\"]}]},{\"@type\":\"ImageObject\",\"inLanguage\":\"es-AR\",\"@id\":\"https:\/\/apuntesdesanluis.com\/index.php\/2024\/11\/21\/el-juez-ercolini-cito-a-declarar-a-alberto-fernandez-por-la-causa-de-violencia-de-genero\/#primaryimage\",\"url\":\"https:\/\/apuntesdesanluis.com\/wp-content\/uploads\/2024\/08\/fabiola-y-fernandez.png\",\"contentUrl\":\"https:\/\/apuntesdesanluis.com\/wp-content\/uploads\/2024\/08\/fabiola-y-fernandez.png\",\"width\":865,\"height\":531},{\"@type\":\"BreadcrumbList\",\"@id\":\"https:\/\/apuntesdesanluis.com\/index.php\/2024\/11\/21\/el-juez-ercolini-cito-a-declarar-a-alberto-fernandez-por-la-causa-de-violencia-de-genero\/#breadcrumb\",\"itemListElement\":[{\"@type\":\"ListItem\",\"position\":1,\"name\":\"Inicio\",\"item\":\"https:\/\/apuntesdesanluis.com\/\"},{\"@type\":\"ListItem\",\"position\":2,\"name\":\"EL JUEZ ERCOLINI CIT\u00d3 A DECLARAR A ALBERTO FERN\u00c1NDEZ POR LA CAUSA DE VIOLENCIA DE G\u00c9NERO\"}]},{\"@type\":\"WebSite\",\"@id\":\"https:\/\/apuntesdesanluis.com\/#website\",\"url\":\"https:\/\/apuntesdesanluis.com\/\",\"name\":\"Apuntes de San Luis\",\"description\":\"\",\"publisher\":{\"@id\":\"https:\/\/apuntesdesanluis.com\/#\/schema\/person\/b55151d52296fcce64d1a72538a70b90\"},\"potentialAction\":[{\"@type\":\"SearchAction\",\"target\":{\"@type\":\"EntryPoint\",\"urlTemplate\":\"https:\/\/apuntesdesanluis.com\/?s={search_term_string}\"},\"query-input\":{\"@type\":\"PropertyValueSpecification\",\"valueRequired\":true,\"valueName\":\"search_term_string\"}}],\"inLanguage\":\"es-AR\"},{\"@type\":[\"Person\",\"Organization\"],\"@id\":\"https:\/\/apuntesdesanluis.com\/#\/schema\/person\/b55151d52296fcce64d1a72538a70b90\",\"name\":\"apuntesdesanluis.com\",\"image\":{\"@type\":\"ImageObject\",\"inLanguage\":\"es-AR\",\"@id\":\"https:\/\/apuntesdesanluis.com\/#\/schema\/person\/image\/\",\"url\":\"https:\/\/apuntesdesanluis.com\/wp-content\/uploads\/2023\/07\/cropped-apuntesdesanluis.png\",\"contentUrl\":\"https:\/\/apuntesdesanluis.com\/wp-content\/uploads\/2023\/07\/cropped-apuntesdesanluis.png\",\"width\":450,\"height\":112,\"caption\":\"apuntesdesanluis.com\"},\"logo\":{\"@id\":\"https:\/\/apuntesdesanluis.com\/#\/schema\/person\/image\/\"},\"sameAs\":[\"https:\/\/apuntesdesanluis.com\"],\"url\":\"https:\/\/apuntesdesanluis.com\/index.php\/author\/apuntesdesanluis-com\/\"}]}<\/script>\n<!-- \/ Yoast SEO plugin. -->","yoast_head_json":{"title":"EL JUEZ ERCOLINI CIT\u00d3 A DECLARAR A ALBERTO FERN\u00c1NDEZ POR LA CAUSA DE VIOLENCIA DE G\u00c9NERO - Apuntes de San Luis","robots":{"index":"index","follow":"follow","max-snippet":"max-snippet:-1","max-image-preview":"max-image-preview:large","max-video-preview":"max-video-preview:-1"},"canonical":"https:\/\/apuntesdesanluis.com\/index.php\/2024\/11\/21\/el-juez-ercolini-cito-a-declarar-a-alberto-fernandez-por-la-causa-de-violencia-de-genero\/","og_locale":"es_ES","og_type":"article","og_title":"EL JUEZ ERCOLINI CIT\u00d3 A DECLARAR A ALBERTO FERN\u00c1NDEZ POR LA CAUSA DE VIOLENCIA DE G\u00c9NERO - Apuntes de San Luis","og_description":"El juez federal Juli\u00e1n Ercolini cit\u00f3 a declaraci\u00f3n indagatoria al ex presidente Alberto Fern\u00e1ndez en...","og_url":"https:\/\/apuntesdesanluis.com\/index.php\/2024\/11\/21\/el-juez-ercolini-cito-a-declarar-a-alberto-fernandez-por-la-causa-de-violencia-de-genero\/","og_site_name":"Apuntes de San Luis","article_published_time":"2024-11-21T21:59:53+00:00","og_image":[{"width":865,"height":531,"url":"https:\/\/apuntesdesanluis.com\/wp-content\/uploads\/2024\/08\/fabiola-y-fernandez.png","type":"image\/png"}],"author":"apuntesdesanluis.com","twitter_card":"summary_large_image","twitter_misc":{"Escrito por":"apuntesdesanluis.com","Tiempo de lectura":"3 minutos"},"schema":{"@context":"https:\/\/schema.org","@graph":[{"@type":"Article","@id":"https:\/\/apuntesdesanluis.com\/index.php\/2024\/11\/21\/el-juez-ercolini-cito-a-declarar-a-alberto-fernandez-por-la-causa-de-violencia-de-genero\/#article","isPartOf":{"@id":"https:\/\/apuntesdesanluis.com\/index.php\/2024\/11\/21\/el-juez-ercolini-cito-a-declarar-a-alberto-fernandez-por-la-causa-de-violencia-de-genero\/"},"author":{"name":"apuntesdesanluis.com","@id":"https:\/\/apuntesdesanluis.com\/#\/schema\/person\/b55151d52296fcce64d1a72538a70b90"},"headline":"EL JUEZ ERCOLINI CIT\u00d3 A DECLARAR A ALBERTO FERN\u00c1NDEZ POR LA CAUSA DE VIOLENCIA DE G\u00c9NERO","datePublished":"2024-11-21T21:59:53+00:00","mainEntityOfPage":{"@id":"https:\/\/apuntesdesanluis.com\/index.php\/2024\/11\/21\/el-juez-ercolini-cito-a-declarar-a-alberto-fernandez-por-la-causa-de-violencia-de-genero\/"},"wordCount":502,"publisher":{"@id":"https:\/\/apuntesdesanluis.com\/#\/schema\/person\/b55151d52296fcce64d1a72538a70b90"},"image":{"@id":"https:\/\/apuntesdesanluis.com\/index.php\/2024\/11\/21\/el-juez-ercolini-cito-a-declarar-a-alberto-fernandez-por-la-causa-de-violencia-de-genero\/#primaryimage"},"thumbnailUrl":"https:\/\/apuntesdesanluis.com\/wp-content\/uploads\/2024\/08\/fabiola-y-fernandez.png","articleSection":["Nacionales\/Internacionales"],"inLanguage":"es-AR"},{"@type":"WebPage","@id":"https:\/\/apuntesdesanluis.com\/index.php\/2024\/11\/21\/el-juez-ercolini-cito-a-declarar-a-alberto-fernandez-por-la-causa-de-violencia-de-genero\/","url":"https:\/\/apuntesdesanluis.com\/index.php\/2024\/11\/21\/el-juez-ercolini-cito-a-declarar-a-alberto-fernandez-por-la-causa-de-violencia-de-genero\/","name":"EL JUEZ ERCOLINI CIT\u00d3 A DECLARAR A ALBERTO FERN\u00c1NDEZ POR LA CAUSA DE VIOLENCIA DE G\u00c9NERO - Apuntes de San Luis","isPartOf":{"@id":"https:\/\/apuntesdesanluis.com\/#website"},"primaryImageOfPage":{"@id":"https:\/\/apuntesdesanluis.com\/index.php\/2024\/11\/21\/el-juez-ercolini-cito-a-declarar-a-alberto-fernandez-por-la-causa-de-violencia-de-genero\/#primaryimage"},"image":{"@id":"https:\/\/apuntesdesanluis.com\/index.php\/2024\/11\/21\/el-juez-ercolini-cito-a-declarar-a-alberto-fernandez-por-la-causa-de-violencia-de-genero\/#primaryimage"},"thumbnailUrl":"https:\/\/apuntesdesanluis.com\/wp-content\/uploads\/2024\/08\/fabiola-y-fernandez.png","datePublished":"2024-11-21T21:59:53+00:00","breadcrumb":{"@id":"https:\/\/apuntesdesanluis.com\/index.php\/2024\/11\/21\/el-juez-ercolini-cito-a-declarar-a-alberto-fernandez-por-la-causa-de-violencia-de-genero\/#breadcrumb"},"inLanguage":"es-AR","potentialAction":[{"@type":"ReadAction","target":["https:\/\/apuntesdesanluis.com\/index.php\/2024\/11\/21\/el-juez-ercolini-cito-a-declarar-a-alberto-fernandez-por-la-causa-de-violencia-de-genero\/"]}]},{"@type":"ImageObject","inLanguage":"es-AR","@id":"https:\/\/apuntesdesanluis.com\/index.php\/2024\/11\/21\/el-juez-ercolini-cito-a-declarar-a-alberto-fernandez-por-la-causa-de-violencia-de-genero\/#primaryimage","url":"https:\/\/apuntesdesanluis.com\/wp-content\/uploads\/2024\/08\/fabiola-y-fernandez.png","contentUrl":"https:\/\/apuntesdesanluis.com\/wp-content\/uploads\/2024\/08\/fabiola-y-fernandez.png","width":865,"height":531},{"@type":"BreadcrumbList","@id":"https:\/\/apuntesdesanluis.com\/index.php\/2024\/11\/21\/el-juez-ercolini-cito-a-declarar-a-alberto-fernandez-por-la-causa-de-violencia-de-genero\/#breadcrumb","itemListElement":[{"@type":"ListItem","position":1,"name":"Inicio","item":"https:\/\/apuntesdesanluis.com\/"},{"@type":"ListItem","position":2,"name":"EL JUEZ ERCOLINI CIT\u00d3 A DECLARAR A ALBERTO FERN\u00c1NDEZ POR LA CAUSA DE VIOLENCIA DE G\u00c9NERO"}]},{"@type":"WebSite","@id":"https:\/\/apuntesdesanluis.com\/#website","url":"https:\/\/apuntesdesanluis.com\/","name":"Apuntes de San Luis","description":"","publisher":{"@id":"https:\/\/apuntesdesanluis.com\/#\/schema\/person\/b55151d52296fcce64d1a72538a70b90"},"potentialAction":[{"@type":"SearchAction","target":{"@type":"EntryPoint","urlTemplate":"https:\/\/apuntesdesanluis.com\/?s={search_term_string}"},"query-input":{"@type":"PropertyValueSpecification","valueRequired":true,"valueName":"search_term_string"}}],"inLanguage":"es-AR"},{"@type":["Person","Organization"],"@id":"https:\/\/apuntesdesanluis.com\/#\/schema\/person\/b55151d52296fcce64d1a72538a70b90","name":"apuntesdesanluis.com","image":{"@type":"ImageObject","inLanguage":"es-AR","@id":"https:\/\/apuntesdesanluis.com\/#\/schema\/person\/image\/","url":"https:\/\/apuntesdesanluis.com\/wp-content\/uploads\/2023\/07\/cropped-apuntesdesanluis.png","contentUrl":"https:\/\/apuntesdesanluis.com\/wp-content\/uploads\/2023\/07\/cropped-apuntesdesanluis.png","width":450,"height":112,"caption":"apuntesdesanluis.com"},"logo":{"@id":"https:\/\/apuntesdesanluis.com\/#\/schema\/person\/image\/"},"sameAs":["https:\/\/apuntesdesanluis.com"],"url":"https:\/\/apuntesdesanluis.com\/index.php\/author\/apuntesdesanluis-com\/"}]}},"featured_image_urls":{"full":["https:\/\/apuntesdesanluis.com\/wp-content\/uploads\/2024\/08\/fabiola-y-fernandez.png",865,531,false],"thumbnail":["https:\/\/apuntesdesanluis.com\/wp-content\/uploads\/2024\/08\/fabiola-y-fernandez-150x150.png",150,150,true],"medium":["https:\/\/apuntesdesanluis.com\/wp-content\/uploads\/2024\/08\/fabiola-y-fernandez-300x184.png",300,184,true],"medium_large":["https:\/\/apuntesdesanluis.com\/wp-content\/uploads\/2024\/08\/fabiola-y-fernandez-768x471.png",640,393,true],"large":["https:\/\/apuntesdesanluis.com\/wp-content\/uploads\/2024\/08\/fabiola-y-fernandez.png",640,393,false],"1536x1536":["https:\/\/apuntesdesanluis.com\/wp-content\/uploads\/2024\/08\/fabiola-y-fernandez.png",865,531,false],"2048x2048":["https:\/\/apuntesdesanluis.com\/wp-content\/uploads\/2024\/08\/fabiola-y-fernandez.png",865,531,false],"newsever-slider-full":["https:\/\/apuntesdesanluis.com\/wp-content\/uploads\/2024\/08\/fabiola-y-fernandez.png",865,531,false],"newsever-featured":["https:\/\/apuntesdesanluis.com\/wp-content\/uploads\/2024\/08\/fabiola-y-fernandez.png",865,531,false],"newsever-medium":["https:\/\/apuntesdesanluis.com\/wp-content\/uploads\/2024\/08\/fabiola-y-fernandez-720x475.png",720,475,true]},"author_info":{"display_name":"apuntesdesanluis.com","author_link":"https:\/\/apuntesdesanluis.com\/index.php\/author\/apuntesdesanluis-com\/"},"category_info":"<a href=\"https:\/\/apuntesdesanluis.com\/index.php\/category\/nacionales-internacionales\/\" rel=\"category tag\">Nacionales\/Internacionales<\/a>","tag_info":"Nacionales\/Internacionales","comment_count":"0","_links":{"self":[{"href":"https:\/\/apuntesdesanluis.com\/index.php\/wp-json\/wp\/v2\/posts\/25552","targetHints":{"allow":["GET"]}}],"collection":[{"href":"https:\/\/apuntesdesanluis.com\/index.php\/wp-json\/wp\/v2\/posts"}],"about":[{"href":"https:\/\/apuntesdesanluis.com\/index.php\/wp-json\/wp\/v2\/types\/post"}],"author":[{"embeddable":true,"href":"https:\/\/apuntesdesanluis.com\/index.php\/wp-json\/wp\/v2\/users\/1"}],"replies":[{"embeddable":true,"href":"https:\/\/apuntesdesanluis.com\/index.php\/wp-json\/wp\/v2\/comments?post=25552"}],"version-history":[{"count":1,"href":"https:\/\/apuntesdesanluis.com\/index.php\/wp-json\/wp\/v2\/posts\/25552\/revisions"}],"predecessor-version":[{"id":25553,"href":"https:\/\/apuntesdesanluis.com\/index.php\/wp-json\/wp\/v2\/posts\/25552\/revisions\/25553"}],"wp:featuredmedia":[{"embeddable":true,"href":"https:\/\/apuntesdesanluis.com\/index.php\/wp-json\/wp\/v2\/media\/20748"}],"wp:attachment":[{"href":"https:\/\/apuntesdesanluis.com\/index.php\/wp-json\/wp\/v2\/media?parent=25552"}],"wp:term":[{"taxonomy":"category","embeddable":true,"href":"https:\/\/apuntesdesanluis.com\/index.php\/wp-json\/wp\/v2\/categories?post=25552"},{"taxonomy":"post_tag","embeddable":true,"href":"https:\/\/apuntesdesanluis.com\/index.php\/wp-json\/wp\/v2\/tags?post=25552"}],"curies":[{"name":"wp","href":"https:\/\/api.w.org\/{rel}","templated":true}]}}