{"id":25557,"date":"2024-11-21T19:16:39","date_gmt":"2024-11-21T22:16:39","guid":{"rendered":"https:\/\/apuntesdesanluis.com\/?p=25557"},"modified":"2024-11-21T19:16:39","modified_gmt":"2024-11-21T22:16:39","slug":"proponen-en-juicio-abreviado-pena-de-12-anos-a-un-hombre-que-hirio-a-dos-policias","status":"publish","type":"post","link":"https:\/\/apuntesdesanluis.com\/index.php\/2024\/11\/21\/proponen-en-juicio-abreviado-pena-de-12-anos-a-un-hombre-que-hirio-a-dos-policias\/","title":{"rendered":"PROPONEN EN JUICIO ABREVIADO PENA DE 12 A\u00d1OS A UN HOMBRE QUE HIRI\u00d3 A DOS POLIC\u00cdAS"},"content":{"rendered":"<h3>En una audiencia que se desarroll\u00f3 hoy en la Sala de Juicios Orales N\u00b0 1 de Villa Mercedes, el Ministerio P\u00fablico Fiscal solicit\u00f3 que un hombre acusado por el delito de homicidio agravado en grado de tentativa sea condenado a la pena de 12 a\u00f1os de prisi\u00f3n efectiva.<\/h3>\n<h3>El hecho por el que se lo juzga ocurri\u00f3 el pasado 12 de febrero en la localidad de Juan Llerena. En esa oportunidad, el acusado hiri\u00f3 a dos efectivos policiales que se acercaron al domicilio ante el pedido de auxilio de la pareja del acusado, quien manifest\u00f3 que el hombre estaba teniendo comportamientos violentos.<\/h3>\n<h3>El hombre est\u00e1 acusado de ser autor del delito de homicidio agravado por haber sido cometido contra miembros de las fuerzas de seguridad (dos hechos), en grado de tentativa, en concurso real, en los t\u00e9rminos de los Arts. 80 inc. 8\u00b0 en relaci\u00f3n con los Arts. 42, 45y 55 del C\u00f3digo Penal Argentino.<\/h3>\n<h3>Iniciada la audiencia, el Dr. Leandro Estrada, como Fiscal de Juicio Subrogante, explic\u00f3 al Tribunal que junto a la Defensa \u2013 Dra. Roc\u00edo Mediavilla \u2013 llegaron a un acuerdo para concluir la causa mediante el procedimiento de juicio abreviado. Relat\u00f3 los hechos endilgados al acusado, mencion\u00f3 las pruebas recolectadas durante la investigaci\u00f3n, se refiri\u00f3 a las heridas sufridas por los damnificados y explic\u00f3 que el acuerdo comprender\u00eda la aplicaci\u00f3n de una pena de 12 a\u00f1os de prisi\u00f3n efectiva.<\/h3>\n<h3>Como atenuantes mencion\u00f3 la falta de antecedentes penales del acusado y como agravantes, las circunstancias de modo, lugar y ocasi\u00f3n y la violencia desplegada al cometer el hecho.<\/h3>\n<h3>Seguidamente se expres\u00f3 la Dra. Mediavilla, quien manifest\u00f3 su adhesi\u00f3n al acuerdo descripto por el Dr. Leandro Estrada. Cedida la palabra al acusado, prest\u00f3 su consentimiento para acceder al procedimiento de juicio abreviado, reconoci\u00f3 su autor\u00eda y la descripci\u00f3n de los hechos realizada y la imposici\u00f3n de la pena.<\/h3>\n<h3>Luego de escuchar a las partes el Tribunal integrado por el Dr. Sebasti\u00e1n Cadelago Filippi \u2013 Presidente y por las Dras. Sandra Ehrlich y Cintia Paola Mart\u00edn \u2013 Vocales \u2013 declar\u00f3 la admisibilidad del juicio abreviado e inform\u00f3 que la resoluci\u00f3n se dictar\u00e1 en el plazo de ley correspondiente.<\/h3>\n<h3><\/h3>\n<h3>Para obtener m\u00e1s informaci\u00f3n sobre esta causa ingrese al siguiente enlace:<\/h3>\n<h3><span style=\"color: #3366ff;\"><a style=\"color: #3366ff;\" href=\"https:\/\/www.periodicojudicial.gov.ar\/juan-llerena-formularon-cargos-a-un-hombre-por-tentativa-de-homicidio\/\">https:\/\/www.periodicojudicial.gov.ar\/juan-llerena-formularon-cargos-a-un-hombre-por-tentativa-de-homicidio\/<\/a><\/span><\/h3>\n<p>&nbsp;<\/p>\n<p>&nbsp;<\/p>\n<p>&nbsp;<\/p>\n","protected":false},"excerpt":{"rendered":"<p>En una audiencia que se desarroll\u00f3 hoy en la Sala de Juicios Orales N\u00b0 1&#8230;<\/p>\n","protected":false},"author":1,"featured_media":25558,"comment_status":"closed","ping_status":"closed","sticky":false,"template":"","format":"standard","meta":{"footnotes":""},"categories":[6],"tags":[],"class_list":["post-25557","post","type-post","status-publish","format-standard","has-post-thumbnail","hentry","category-ciudad-provincia"],"yoast_head":"<!-- This site is optimized with the Yoast SEO plugin v26.1.1 - https:\/\/yoast.com\/wordpress\/plugins\/seo\/ -->\n<title>PROPONEN EN JUICIO ABREVIADO PENA DE 12 A\u00d1OS A UN HOMBRE QUE HIRI\u00d3 A DOS POLIC\u00cdAS - Apuntes de San Luis<\/title>\n<meta name=\"robots\" content=\"index, follow, max-snippet:-1, max-image-preview:large, max-video-preview:-1\" \/>\n<link rel=\"canonical\" href=\"https:\/\/apuntesdesanluis.com\/index.php\/2024\/11\/21\/proponen-en-juicio-abreviado-pena-de-12-anos-a-un-hombre-que-hirio-a-dos-policias\/\" \/>\n<meta property=\"og:locale\" content=\"es_ES\" \/>\n<meta property=\"og:type\" content=\"article\" \/>\n<meta property=\"og:title\" content=\"PROPONEN EN JUICIO ABREVIADO PENA DE 12 A\u00d1OS A UN HOMBRE QUE HIRI\u00d3 A DOS POLIC\u00cdAS - Apuntes de San Luis\" \/>\n<meta property=\"og:description\" content=\"En una audiencia que se desarroll\u00f3 hoy en la Sala de Juicios Orales N\u00b0 1...\" \/>\n<meta property=\"og:url\" content=\"https:\/\/apuntesdesanluis.com\/index.php\/2024\/11\/21\/proponen-en-juicio-abreviado-pena-de-12-anos-a-un-hombre-que-hirio-a-dos-policias\/\" \/>\n<meta property=\"og:site_name\" content=\"Apuntes de San Luis\" \/>\n<meta property=\"article:published_time\" content=\"2024-11-21T22:16:39+00:00\" \/>\n<meta property=\"og:image\" content=\"https:\/\/apuntesdesanluis.com\/wp-content\/uploads\/2024\/11\/AUDIENCIA.png\" \/>\n\t<meta property=\"og:image:width\" content=\"800\" \/>\n\t<meta property=\"og:image:height\" content=\"536\" \/>\n\t<meta property=\"og:image:type\" content=\"image\/png\" \/>\n<meta name=\"author\" content=\"apuntesdesanluis.com\" \/>\n<meta name=\"twitter:card\" content=\"summary_large_image\" \/>\n<meta name=\"twitter:label1\" content=\"Escrito por\" \/>\n\t<meta name=\"twitter:data1\" content=\"apuntesdesanluis.com\" \/>\n\t<meta name=\"twitter:label2\" content=\"Tiempo de lectura\" \/>\n\t<meta name=\"twitter:data2\" content=\"2 minutos\" \/>\n<script type=\"application\/ld+json\" class=\"yoast-schema-graph\">{\"@context\":\"https:\/\/schema.org\",\"@graph\":[{\"@type\":\"Article\",\"@id\":\"https:\/\/apuntesdesanluis.com\/index.php\/2024\/11\/21\/proponen-en-juicio-abreviado-pena-de-12-anos-a-un-hombre-que-hirio-a-dos-policias\/#article\",\"isPartOf\":{\"@id\":\"https:\/\/apuntesdesanluis.com\/index.php\/2024\/11\/21\/proponen-en-juicio-abreviado-pena-de-12-anos-a-un-hombre-que-hirio-a-dos-policias\/\"},\"author\":{\"name\":\"apuntesdesanluis.com\",\"@id\":\"https:\/\/apuntesdesanluis.com\/#\/schema\/person\/b55151d52296fcce64d1a72538a70b90\"},\"headline\":\"PROPONEN EN JUICIO ABREVIADO PENA DE 12 A\u00d1OS A UN HOMBRE QUE HIRI\u00d3 A DOS POLIC\u00cdAS\",\"datePublished\":\"2024-11-21T22:16:39+00:00\",\"mainEntityOfPage\":{\"@id\":\"https:\/\/apuntesdesanluis.com\/index.php\/2024\/11\/21\/proponen-en-juicio-abreviado-pena-de-12-anos-a-un-hombre-que-hirio-a-dos-policias\/\"},\"wordCount\":405,\"publisher\":{\"@id\":\"https:\/\/apuntesdesanluis.com\/#\/schema\/person\/b55151d52296fcce64d1a72538a70b90\"},\"image\":{\"@id\":\"https:\/\/apuntesdesanluis.com\/index.php\/2024\/11\/21\/proponen-en-juicio-abreviado-pena-de-12-anos-a-un-hombre-que-hirio-a-dos-policias\/#primaryimage\"},\"thumbnailUrl\":\"https:\/\/apuntesdesanluis.com\/wp-content\/uploads\/2024\/11\/AUDIENCIA.png\",\"articleSection\":[\"Ciudad\/Provincia\"],\"inLanguage\":\"es-AR\"},{\"@type\":\"WebPage\",\"@id\":\"https:\/\/apuntesdesanluis.com\/index.php\/2024\/11\/21\/proponen-en-juicio-abreviado-pena-de-12-anos-a-un-hombre-que-hirio-a-dos-policias\/\",\"url\":\"https:\/\/apuntesdesanluis.com\/index.php\/2024\/11\/21\/proponen-en-juicio-abreviado-pena-de-12-anos-a-un-hombre-que-hirio-a-dos-policias\/\",\"name\":\"PROPONEN EN JUICIO ABREVIADO PENA DE 12 A\u00d1OS A UN HOMBRE QUE HIRI\u00d3 A DOS POLIC\u00cdAS - Apuntes de San Luis\",\"isPartOf\":{\"@id\":\"https:\/\/apuntesdesanluis.com\/#website\"},\"primaryImageOfPage\":{\"@id\":\"https:\/\/apuntesdesanluis.com\/index.php\/2024\/11\/21\/proponen-en-juicio-abreviado-pena-de-12-anos-a-un-hombre-que-hirio-a-dos-policias\/#primaryimage\"},\"image\":{\"@id\":\"https:\/\/apuntesdesanluis.com\/index.php\/2024\/11\/21\/proponen-en-juicio-abreviado-pena-de-12-anos-a-un-hombre-que-hirio-a-dos-policias\/#primaryimage\"},\"thumbnailUrl\":\"https:\/\/apuntesdesanluis.com\/wp-content\/uploads\/2024\/11\/AUDIENCIA.png\",\"datePublished\":\"2024-11-21T22:16:39+00:00\",\"breadcrumb\":{\"@id\":\"https:\/\/apuntesdesanluis.com\/index.php\/2024\/11\/21\/proponen-en-juicio-abreviado-pena-de-12-anos-a-un-hombre-que-hirio-a-dos-policias\/#breadcrumb\"},\"inLanguage\":\"es-AR\",\"potentialAction\":[{\"@type\":\"ReadAction\",\"target\":[\"https:\/\/apuntesdesanluis.com\/index.php\/2024\/11\/21\/proponen-en-juicio-abreviado-pena-de-12-anos-a-un-hombre-que-hirio-a-dos-policias\/\"]}]},{\"@type\":\"ImageObject\",\"inLanguage\":\"es-AR\",\"@id\":\"https:\/\/apuntesdesanluis.com\/index.php\/2024\/11\/21\/proponen-en-juicio-abreviado-pena-de-12-anos-a-un-hombre-que-hirio-a-dos-policias\/#primaryimage\",\"url\":\"https:\/\/apuntesdesanluis.com\/wp-content\/uploads\/2024\/11\/AUDIENCIA.png\",\"contentUrl\":\"https:\/\/apuntesdesanluis.com\/wp-content\/uploads\/2024\/11\/AUDIENCIA.png\",\"width\":800,\"height\":536},{\"@type\":\"BreadcrumbList\",\"@id\":\"https:\/\/apuntesdesanluis.com\/index.php\/2024\/11\/21\/proponen-en-juicio-abreviado-pena-de-12-anos-a-un-hombre-que-hirio-a-dos-policias\/#breadcrumb\",\"itemListElement\":[{\"@type\":\"ListItem\",\"position\":1,\"name\":\"Inicio\",\"item\":\"https:\/\/apuntesdesanluis.com\/\"},{\"@type\":\"ListItem\",\"position\":2,\"name\":\"PROPONEN EN JUICIO ABREVIADO PENA DE 12 A\u00d1OS A UN HOMBRE QUE HIRI\u00d3 A DOS POLIC\u00cdAS\"}]},{\"@type\":\"WebSite\",\"@id\":\"https:\/\/apuntesdesanluis.com\/#website\",\"url\":\"https:\/\/apuntesdesanluis.com\/\",\"name\":\"Apuntes de San Luis\",\"description\":\"\",\"publisher\":{\"@id\":\"https:\/\/apuntesdesanluis.com\/#\/schema\/person\/b55151d52296fcce64d1a72538a70b90\"},\"potentialAction\":[{\"@type\":\"SearchAction\",\"target\":{\"@type\":\"EntryPoint\",\"urlTemplate\":\"https:\/\/apuntesdesanluis.com\/?s={search_term_string}\"},\"query-input\":{\"@type\":\"PropertyValueSpecification\",\"valueRequired\":true,\"valueName\":\"search_term_string\"}}],\"inLanguage\":\"es-AR\"},{\"@type\":[\"Person\",\"Organization\"],\"@id\":\"https:\/\/apuntesdesanluis.com\/#\/schema\/person\/b55151d52296fcce64d1a72538a70b90\",\"name\":\"apuntesdesanluis.com\",\"image\":{\"@type\":\"ImageObject\",\"inLanguage\":\"es-AR\",\"@id\":\"https:\/\/apuntesdesanluis.com\/#\/schema\/person\/image\/\",\"url\":\"https:\/\/apuntesdesanluis.com\/wp-content\/uploads\/2023\/07\/cropped-apuntesdesanluis.png\",\"contentUrl\":\"https:\/\/apuntesdesanluis.com\/wp-content\/uploads\/2023\/07\/cropped-apuntesdesanluis.png\",\"width\":450,\"height\":112,\"caption\":\"apuntesdesanluis.com\"},\"logo\":{\"@id\":\"https:\/\/apuntesdesanluis.com\/#\/schema\/person\/image\/\"},\"sameAs\":[\"https:\/\/apuntesdesanluis.com\"],\"url\":\"https:\/\/apuntesdesanluis.com\/index.php\/author\/apuntesdesanluis-com\/\"}]}<\/script>\n<!-- \/ Yoast SEO plugin. -->","yoast_head_json":{"title":"PROPONEN EN JUICIO ABREVIADO PENA DE 12 A\u00d1OS A UN HOMBRE QUE HIRI\u00d3 A DOS POLIC\u00cdAS - Apuntes de San Luis","robots":{"index":"index","follow":"follow","max-snippet":"max-snippet:-1","max-image-preview":"max-image-preview:large","max-video-preview":"max-video-preview:-1"},"canonical":"https:\/\/apuntesdesanluis.com\/index.php\/2024\/11\/21\/proponen-en-juicio-abreviado-pena-de-12-anos-a-un-hombre-que-hirio-a-dos-policias\/","og_locale":"es_ES","og_type":"article","og_title":"PROPONEN EN JUICIO ABREVIADO PENA DE 12 A\u00d1OS A UN HOMBRE QUE HIRI\u00d3 A DOS POLIC\u00cdAS - Apuntes de San Luis","og_description":"En una audiencia que se desarroll\u00f3 hoy en la Sala de Juicios Orales N\u00b0 1...","og_url":"https:\/\/apuntesdesanluis.com\/index.php\/2024\/11\/21\/proponen-en-juicio-abreviado-pena-de-12-anos-a-un-hombre-que-hirio-a-dos-policias\/","og_site_name":"Apuntes de San Luis","article_published_time":"2024-11-21T22:16:39+00:00","og_image":[{"width":800,"height":536,"url":"https:\/\/apuntesdesanluis.com\/wp-content\/uploads\/2024\/11\/AUDIENCIA.png","type":"image\/png"}],"author":"apuntesdesanluis.com","twitter_card":"summary_large_image","twitter_misc":{"Escrito por":"apuntesdesanluis.com","Tiempo de lectura":"2 minutos"},"schema":{"@context":"https:\/\/schema.org","@graph":[{"@type":"Article","@id":"https:\/\/apuntesdesanluis.com\/index.php\/2024\/11\/21\/proponen-en-juicio-abreviado-pena-de-12-anos-a-un-hombre-que-hirio-a-dos-policias\/#article","isPartOf":{"@id":"https:\/\/apuntesdesanluis.com\/index.php\/2024\/11\/21\/proponen-en-juicio-abreviado-pena-de-12-anos-a-un-hombre-que-hirio-a-dos-policias\/"},"author":{"name":"apuntesdesanluis.com","@id":"https:\/\/apuntesdesanluis.com\/#\/schema\/person\/b55151d52296fcce64d1a72538a70b90"},"headline":"PROPONEN EN JUICIO ABREVIADO PENA DE 12 A\u00d1OS A UN HOMBRE QUE HIRI\u00d3 A DOS POLIC\u00cdAS","datePublished":"2024-11-21T22:16:39+00:00","mainEntityOfPage":{"@id":"https:\/\/apuntesdesanluis.com\/index.php\/2024\/11\/21\/proponen-en-juicio-abreviado-pena-de-12-anos-a-un-hombre-que-hirio-a-dos-policias\/"},"wordCount":405,"publisher":{"@id":"https:\/\/apuntesdesanluis.com\/#\/schema\/person\/b55151d52296fcce64d1a72538a70b90"},"image":{"@id":"https:\/\/apuntesdesanluis.com\/index.php\/2024\/11\/21\/proponen-en-juicio-abreviado-pena-de-12-anos-a-un-hombre-que-hirio-a-dos-policias\/#primaryimage"},"thumbnailUrl":"https:\/\/apuntesdesanluis.com\/wp-content\/uploads\/2024\/11\/AUDIENCIA.png","articleSection":["Ciudad\/Provincia"],"inLanguage":"es-AR"},{"@type":"WebPage","@id":"https:\/\/apuntesdesanluis.com\/index.php\/2024\/11\/21\/proponen-en-juicio-abreviado-pena-de-12-anos-a-un-hombre-que-hirio-a-dos-policias\/","url":"https:\/\/apuntesdesanluis.com\/index.php\/2024\/11\/21\/proponen-en-juicio-abreviado-pena-de-12-anos-a-un-hombre-que-hirio-a-dos-policias\/","name":"PROPONEN EN JUICIO ABREVIADO PENA DE 12 A\u00d1OS A UN HOMBRE QUE HIRI\u00d3 A DOS POLIC\u00cdAS - Apuntes de San Luis","isPartOf":{"@id":"https:\/\/apuntesdesanluis.com\/#website"},"primaryImageOfPage":{"@id":"https:\/\/apuntesdesanluis.com\/index.php\/2024\/11\/21\/proponen-en-juicio-abreviado-pena-de-12-anos-a-un-hombre-que-hirio-a-dos-policias\/#primaryimage"},"image":{"@id":"https:\/\/apuntesdesanluis.com\/index.php\/2024\/11\/21\/proponen-en-juicio-abreviado-pena-de-12-anos-a-un-hombre-que-hirio-a-dos-policias\/#primaryimage"},"thumbnailUrl":"https:\/\/apuntesdesanluis.com\/wp-content\/uploads\/2024\/11\/AUDIENCIA.png","datePublished":"2024-11-21T22:16:39+00:00","breadcrumb":{"@id":"https:\/\/apuntesdesanluis.com\/index.php\/2024\/11\/21\/proponen-en-juicio-abreviado-pena-de-12-anos-a-un-hombre-que-hirio-a-dos-policias\/#breadcrumb"},"inLanguage":"es-AR","potentialAction":[{"@type":"ReadAction","target":["https:\/\/apuntesdesanluis.com\/index.php\/2024\/11\/21\/proponen-en-juicio-abreviado-pena-de-12-anos-a-un-hombre-que-hirio-a-dos-policias\/"]}]},{"@type":"ImageObject","inLanguage":"es-AR","@id":"https:\/\/apuntesdesanluis.com\/index.php\/2024\/11\/21\/proponen-en-juicio-abreviado-pena-de-12-anos-a-un-hombre-que-hirio-a-dos-policias\/#primaryimage","url":"https:\/\/apuntesdesanluis.com\/wp-content\/uploads\/2024\/11\/AUDIENCIA.png","contentUrl":"https:\/\/apuntesdesanluis.com\/wp-content\/uploads\/2024\/11\/AUDIENCIA.png","width":800,"height":536},{"@type":"BreadcrumbList","@id":"https:\/\/apuntesdesanluis.com\/index.php\/2024\/11\/21\/proponen-en-juicio-abreviado-pena-de-12-anos-a-un-hombre-que-hirio-a-dos-policias\/#breadcrumb","itemListElement":[{"@type":"ListItem","position":1,"name":"Inicio","item":"https:\/\/apuntesdesanluis.com\/"},{"@type":"ListItem","position":2,"name":"PROPONEN EN JUICIO ABREVIADO PENA DE 12 A\u00d1OS A UN HOMBRE QUE HIRI\u00d3 A DOS POLIC\u00cdAS"}]},{"@type":"WebSite","@id":"https:\/\/apuntesdesanluis.com\/#website","url":"https:\/\/apuntesdesanluis.com\/","name":"Apuntes de San Luis","description":"","publisher":{"@id":"https:\/\/apuntesdesanluis.com\/#\/schema\/person\/b55151d52296fcce64d1a72538a70b90"},"potentialAction":[{"@type":"SearchAction","target":{"@type":"EntryPoint","urlTemplate":"https:\/\/apuntesdesanluis.com\/?s={search_term_string}"},"query-input":{"@type":"PropertyValueSpecification","valueRequired":true,"valueName":"search_term_string"}}],"inLanguage":"es-AR"},{"@type":["Person","Organization"],"@id":"https:\/\/apuntesdesanluis.com\/#\/schema\/person\/b55151d52296fcce64d1a72538a70b90","name":"apuntesdesanluis.com","image":{"@type":"ImageObject","inLanguage":"es-AR","@id":"https:\/\/apuntesdesanluis.com\/#\/schema\/person\/image\/","url":"https:\/\/apuntesdesanluis.com\/wp-content\/uploads\/2023\/07\/cropped-apuntesdesanluis.png","contentUrl":"https:\/\/apuntesdesanluis.com\/wp-content\/uploads\/2023\/07\/cropped-apuntesdesanluis.png","width":450,"height":112,"caption":"apuntesdesanluis.com"},"logo":{"@id":"https:\/\/apuntesdesanluis.com\/#\/schema\/person\/image\/"},"sameAs":["https:\/\/apuntesdesanluis.com"],"url":"https:\/\/apuntesdesanluis.com\/index.php\/author\/apuntesdesanluis-com\/"}]}},"featured_image_urls":{"full":["https:\/\/apuntesdesanluis.com\/wp-content\/uploads\/2024\/11\/AUDIENCIA.png",800,536,false],"thumbnail":["https:\/\/apuntesdesanluis.com\/wp-content\/uploads\/2024\/11\/AUDIENCIA-150x150.png",150,150,true],"medium":["https:\/\/apuntesdesanluis.com\/wp-content\/uploads\/2024\/11\/AUDIENCIA-300x201.png",300,201,true],"medium_large":["https:\/\/apuntesdesanluis.com\/wp-content\/uploads\/2024\/11\/AUDIENCIA-768x515.png",640,429,true],"large":["https:\/\/apuntesdesanluis.com\/wp-content\/uploads\/2024\/11\/AUDIENCIA.png",640,429,false],"1536x1536":["https:\/\/apuntesdesanluis.com\/wp-content\/uploads\/2024\/11\/AUDIENCIA.png",800,536,false],"2048x2048":["https:\/\/apuntesdesanluis.com\/wp-content\/uploads\/2024\/11\/AUDIENCIA.png",800,536,false],"newsever-slider-full":["https:\/\/apuntesdesanluis.com\/wp-content\/uploads\/2024\/11\/AUDIENCIA.png",800,536,false],"newsever-featured":["https:\/\/apuntesdesanluis.com\/wp-content\/uploads\/2024\/11\/AUDIENCIA.png",800,536,false],"newsever-medium":["https:\/\/apuntesdesanluis.com\/wp-content\/uploads\/2024\/11\/AUDIENCIA-720x475.png",720,475,true]},"author_info":{"display_name":"apuntesdesanluis.com","author_link":"https:\/\/apuntesdesanluis.com\/index.php\/author\/apuntesdesanluis-com\/"},"category_info":"<a href=\"https:\/\/apuntesdesanluis.com\/index.php\/category\/ciudad-provincia\/\" rel=\"category tag\">Ciudad\/Provincia<\/a>","tag_info":"Ciudad\/Provincia","comment_count":"0","_links":{"self":[{"href":"https:\/\/apuntesdesanluis.com\/index.php\/wp-json\/wp\/v2\/posts\/25557","targetHints":{"allow":["GET"]}}],"collection":[{"href":"https:\/\/apuntesdesanluis.com\/index.php\/wp-json\/wp\/v2\/posts"}],"about":[{"href":"https:\/\/apuntesdesanluis.com\/index.php\/wp-json\/wp\/v2\/types\/post"}],"author":[{"embeddable":true,"href":"https:\/\/apuntesdesanluis.com\/index.php\/wp-json\/wp\/v2\/users\/1"}],"replies":[{"embeddable":true,"href":"https:\/\/apuntesdesanluis.com\/index.php\/wp-json\/wp\/v2\/comments?post=25557"}],"version-history":[{"count":1,"href":"https:\/\/apuntesdesanluis.com\/index.php\/wp-json\/wp\/v2\/posts\/25557\/revisions"}],"predecessor-version":[{"id":25559,"href":"https:\/\/apuntesdesanluis.com\/index.php\/wp-json\/wp\/v2\/posts\/25557\/revisions\/25559"}],"wp:featuredmedia":[{"embeddable":true,"href":"https:\/\/apuntesdesanluis.com\/index.php\/wp-json\/wp\/v2\/media\/25558"}],"wp:attachment":[{"href":"https:\/\/apuntesdesanluis.com\/index.php\/wp-json\/wp\/v2\/media?parent=25557"}],"wp:term":[{"taxonomy":"category","embeddable":true,"href":"https:\/\/apuntesdesanluis.com\/index.php\/wp-json\/wp\/v2\/categories?post=25557"},{"taxonomy":"post_tag","embeddable":true,"href":"https:\/\/apuntesdesanluis.com\/index.php\/wp-json\/wp\/v2\/tags?post=25557"}],"curies":[{"name":"wp","href":"https:\/\/api.w.org\/{rel}","templated":true}]}}