{"id":25581,"date":"2024-11-22T00:16:30","date_gmt":"2024-11-22T03:16:30","guid":{"rendered":"https:\/\/apuntesdesanluis.com\/?p=25581"},"modified":"2024-11-22T00:20:24","modified_gmt":"2024-11-22T03:20:24","slug":"fuerte-ebullicion-en-la-ucr-tras-la-perdida-del-ministerio-de-turismo","status":"publish","type":"post","link":"https:\/\/apuntesdesanluis.com\/index.php\/2024\/11\/22\/fuerte-ebullicion-en-la-ucr-tras-la-perdida-del-ministerio-de-turismo\/","title":{"rendered":"FUERTE EBULLICI\u00d3N EN LA UCR TRAS LA P\u00c9RDIDA DEL MINISTERIO DE TURISMO"},"content":{"rendered":"<h3>En las \u00faltimas horas dos referentes radicales se manifestaron en diferentes t\u00e9rminos, luego de los episodios que protagonizaron el ministro de Turismo <strong>Juan Manuel Rigau <\/strong>y los diputados provinciales que no acompa\u00f1aron el proyecto de reforma pol\u00edtica en la C\u00e1mara de Diputados.<\/h3>\n<h3>A la intempestiva dimisi\u00f3n del gaucho trapichense &#8211; tras su opaca gesti\u00f3n &#8211; semanas despu\u00e9s de la baja de su jefe de Eventos <strong>Gonzalo Mastronardi<\/strong>, se sum\u00f3 la incomprensible abstenci\u00f3n de los diputados <strong>Ivana Ricca<\/strong> y <strong>Javier Gim\u00e9nez<\/strong>, que forman parte del interbloque Cambia San Luis, a la hora de votar un proyecto que se consensu\u00f3 durante seis meses.<\/h3>\n<h3>Fue demasiado. Una fuente inobjetable confi\u00f3 a <strong>Apuntes de San Luis<\/strong> el contexto de esas agitadas horas. Poggi se encontraba en Buenos Aires, invitado por el CFI para cumplir distintas actividades, cuando recibi\u00f3 una llamada telef\u00f3nica a media tarde, y se anotici\u00f3 de lo ocurrido durante la sesi\u00f3n legislativa.<\/h3>\n<h3><em>&#8211; Te juro que nunca lo escuch\u00e9 tan caliente. El loco que le hablaba se qued\u00f3 mudo. Me enter\u00e9 lo que decidi\u00f3 porque el vago le repiti\u00f3 lo que dijo para ver si hab\u00eda escuchado bien. Y s\u00ed, ah\u00ed mismo le dijo que comunicara la aceptaci\u00f3n de la renuncia de Rigau y pidiera tambi\u00e9n la renuncia de los 40 empleados.<\/em><\/h3>\n<h3>Paralelamente, a trav\u00e9s de algunos comunicadores con linea directa, se dejar\u00eda trascender la decisi\u00f3n de quitar ese espacio de poder a la UCR.<\/h3>\n<h3>Este jueves el ex diputado provincial <strong>V\u00edctor Sosa <\/strong>(foto superior con Rigau), uno de los desplazados, hizo p\u00fablica su renuncia a trav\u00e9s de un posteo en instagram y descarg\u00f3 su bronca y decepci\u00f3n \u201ccontra los soberbios\u201d. A los \u00edntimos les pas\u00f3 en limpio a qui\u00e9n apunt\u00f3 sus dardos: a <strong>Walter Ceballos<\/strong> y los diputados de su partido.<\/h3>\n<h3><img fetchpriority=\"high\" decoding=\"async\" class=\"wp-image-25582 aligncenter\" src=\"https:\/\/apuntesdesanluis.com\/wp-content\/uploads\/2024\/11\/Imagen-de-WhatsApp-2024-11-21-a-las-14.49.02_63dcf134-135x300.jpg\" alt=\"\" width=\"585\" height=\"1300\" srcset=\"https:\/\/apuntesdesanluis.com\/wp-content\/uploads\/2024\/11\/Imagen-de-WhatsApp-2024-11-21-a-las-14.49.02_63dcf134-135x300.jpg 135w, https:\/\/apuntesdesanluis.com\/wp-content\/uploads\/2024\/11\/Imagen-de-WhatsApp-2024-11-21-a-las-14.49.02_63dcf134-461x1024.jpg 461w, https:\/\/apuntesdesanluis.com\/wp-content\/uploads\/2024\/11\/Imagen-de-WhatsApp-2024-11-21-a-las-14.49.02_63dcf134.jpg 600w\" sizes=\"(max-width: 585px) 100vw, 585px\" \/><\/h3>\n<h3>Por otro lado, el ex intendente <strong>Miguel Angel Bonino<\/strong> concurri\u00f3 a un programa radial y cuestion\u00f3 la total \u201cfalta de conducci\u00f3n partidaria\u201d, le peg\u00f3 a la \u201cineficiencia de Rigau, a quien le qued\u00f3 grande el traje de ministro\u201d y reconoci\u00f3 que era casi seguro que el radicalismo perder\u00eda el ministerio de Turismo por sus propios desaciertos.<\/h3>\n<h3>De paso, tambi\u00e9n cuestion\u00f3 el rumbo nacional del partido, que no deber\u00eda encolumnarse con Milei ni con los K, sino conformar un espacio de centro. Palo directo a <strong>Alejandro Cacace<\/strong>, quien ya acord\u00f3 de palabra incorporarse al Ministerio de Desregulaci\u00f3n que conduce Federico Sturzenegger.<\/h3>\n<h3><a href=\"https:\/\/www.facebook.com\/watch\/?ref=search&amp;v=1153219809860267&amp;external_log_id=d47b0631-2d60-4cab-890e-59f87bd6d20c&amp;q=bonino%20en%20la%20llave\" target=\"_blank\" rel=\"noopener\"><img decoding=\"async\" class=\"wp-image-25585 aligncenter\" src=\"https:\/\/apuntesdesanluis.com\/wp-content\/uploads\/2024\/11\/llave-300x146.png\" alt=\"\" width=\"573\" height=\"279\" srcset=\"https:\/\/apuntesdesanluis.com\/wp-content\/uploads\/2024\/11\/llave-300x146.png 300w, https:\/\/apuntesdesanluis.com\/wp-content\/uploads\/2024\/11\/llave-768x374.png 768w, https:\/\/apuntesdesanluis.com\/wp-content\/uploads\/2024\/11\/llave.png 815w\" sizes=\"(max-width: 573px) 100vw, 573px\" \/><\/a><\/h3>\n<h3>Primeros coletazos de una crisis que reci\u00e9n comienza&#8230;<\/h3>\n<p>&nbsp;<\/p>\n<p>&nbsp;<\/p>\n","protected":false},"excerpt":{"rendered":"<p>En las \u00faltimas horas dos referentes radicales se manifestaron en diferentes t\u00e9rminos, luego de los&#8230;<\/p>\n","protected":false},"author":1,"featured_media":25583,"comment_status":"closed","ping_status":"closed","sticky":false,"template":"","format":"standard","meta":{"footnotes":""},"categories":[9],"tags":[],"class_list":["post-25581","post","type-post","status-publish","format-standard","has-post-thumbnail","hentry","category-opinion"],"yoast_head":"<!-- This site is optimized with the Yoast SEO plugin v26.1.1 - https:\/\/yoast.com\/wordpress\/plugins\/seo\/ -->\n<title>FUERTE EBULLICI\u00d3N EN LA UCR TRAS LA P\u00c9RDIDA DEL MINISTERIO DE TURISMO - Apuntes de San Luis<\/title>\n<meta name=\"robots\" content=\"index, follow, max-snippet:-1, max-image-preview:large, max-video-preview:-1\" \/>\n<link rel=\"canonical\" href=\"https:\/\/apuntesdesanluis.com\/index.php\/2024\/11\/22\/fuerte-ebullicion-en-la-ucr-tras-la-perdida-del-ministerio-de-turismo\/\" \/>\n<meta property=\"og:locale\" content=\"es_ES\" \/>\n<meta property=\"og:type\" content=\"article\" \/>\n<meta property=\"og:title\" content=\"FUERTE EBULLICI\u00d3N EN LA UCR TRAS LA P\u00c9RDIDA DEL MINISTERIO DE TURISMO - Apuntes de San Luis\" \/>\n<meta property=\"og:description\" content=\"En las \u00faltimas horas dos referentes radicales se manifestaron en diferentes t\u00e9rminos, luego de los...\" \/>\n<meta property=\"og:url\" content=\"https:\/\/apuntesdesanluis.com\/index.php\/2024\/11\/22\/fuerte-ebullicion-en-la-ucr-tras-la-perdida-del-ministerio-de-turismo\/\" \/>\n<meta property=\"og:site_name\" content=\"Apuntes de San Luis\" \/>\n<meta property=\"article:published_time\" content=\"2024-11-22T03:16:30+00:00\" \/>\n<meta property=\"article:modified_time\" content=\"2024-11-22T03:20:24+00:00\" \/>\n<meta property=\"og:image\" content=\"https:\/\/apuntesdesanluis.com\/wp-content\/uploads\/2024\/11\/victor-sosa-con-rigau.png\" \/>\n\t<meta property=\"og:image:width\" content=\"863\" \/>\n\t<meta property=\"og:image:height\" content=\"626\" \/>\n\t<meta property=\"og:image:type\" content=\"image\/png\" \/>\n<meta name=\"author\" content=\"apuntesdesanluis.com\" \/>\n<meta name=\"twitter:card\" content=\"summary_large_image\" \/>\n<meta name=\"twitter:label1\" content=\"Escrito por\" \/>\n\t<meta name=\"twitter:data1\" content=\"apuntesdesanluis.com\" \/>\n\t<meta name=\"twitter:label2\" content=\"Tiempo de lectura\" \/>\n\t<meta name=\"twitter:data2\" content=\"3 minutos\" \/>\n<script type=\"application\/ld+json\" class=\"yoast-schema-graph\">{\"@context\":\"https:\/\/schema.org\",\"@graph\":[{\"@type\":\"Article\",\"@id\":\"https:\/\/apuntesdesanluis.com\/index.php\/2024\/11\/22\/fuerte-ebullicion-en-la-ucr-tras-la-perdida-del-ministerio-de-turismo\/#article\",\"isPartOf\":{\"@id\":\"https:\/\/apuntesdesanluis.com\/index.php\/2024\/11\/22\/fuerte-ebullicion-en-la-ucr-tras-la-perdida-del-ministerio-de-turismo\/\"},\"author\":{\"name\":\"apuntesdesanluis.com\",\"@id\":\"https:\/\/apuntesdesanluis.com\/#\/schema\/person\/b55151d52296fcce64d1a72538a70b90\"},\"headline\":\"FUERTE EBULLICI\u00d3N EN LA UCR TRAS LA P\u00c9RDIDA DEL MINISTERIO DE TURISMO\",\"datePublished\":\"2024-11-22T03:16:30+00:00\",\"dateModified\":\"2024-11-22T03:20:24+00:00\",\"mainEntityOfPage\":{\"@id\":\"https:\/\/apuntesdesanluis.com\/index.php\/2024\/11\/22\/fuerte-ebullicion-en-la-ucr-tras-la-perdida-del-ministerio-de-turismo\/\"},\"wordCount\":441,\"publisher\":{\"@id\":\"https:\/\/apuntesdesanluis.com\/#\/schema\/person\/b55151d52296fcce64d1a72538a70b90\"},\"image\":{\"@id\":\"https:\/\/apuntesdesanluis.com\/index.php\/2024\/11\/22\/fuerte-ebullicion-en-la-ucr-tras-la-perdida-del-ministerio-de-turismo\/#primaryimage\"},\"thumbnailUrl\":\"https:\/\/apuntesdesanluis.com\/wp-content\/uploads\/2024\/11\/victor-sosa-con-rigau.png\",\"articleSection\":[\"Opini\u00f3n\"],\"inLanguage\":\"es-AR\"},{\"@type\":\"WebPage\",\"@id\":\"https:\/\/apuntesdesanluis.com\/index.php\/2024\/11\/22\/fuerte-ebullicion-en-la-ucr-tras-la-perdida-del-ministerio-de-turismo\/\",\"url\":\"https:\/\/apuntesdesanluis.com\/index.php\/2024\/11\/22\/fuerte-ebullicion-en-la-ucr-tras-la-perdida-del-ministerio-de-turismo\/\",\"name\":\"FUERTE EBULLICI\u00d3N EN LA UCR TRAS LA P\u00c9RDIDA DEL MINISTERIO DE TURISMO - Apuntes de San Luis\",\"isPartOf\":{\"@id\":\"https:\/\/apuntesdesanluis.com\/#website\"},\"primaryImageOfPage\":{\"@id\":\"https:\/\/apuntesdesanluis.com\/index.php\/2024\/11\/22\/fuerte-ebullicion-en-la-ucr-tras-la-perdida-del-ministerio-de-turismo\/#primaryimage\"},\"image\":{\"@id\":\"https:\/\/apuntesdesanluis.com\/index.php\/2024\/11\/22\/fuerte-ebullicion-en-la-ucr-tras-la-perdida-del-ministerio-de-turismo\/#primaryimage\"},\"thumbnailUrl\":\"https:\/\/apuntesdesanluis.com\/wp-content\/uploads\/2024\/11\/victor-sosa-con-rigau.png\",\"datePublished\":\"2024-11-22T03:16:30+00:00\",\"dateModified\":\"2024-11-22T03:20:24+00:00\",\"breadcrumb\":{\"@id\":\"https:\/\/apuntesdesanluis.com\/index.php\/2024\/11\/22\/fuerte-ebullicion-en-la-ucr-tras-la-perdida-del-ministerio-de-turismo\/#breadcrumb\"},\"inLanguage\":\"es-AR\",\"potentialAction\":[{\"@type\":\"ReadAction\",\"target\":[\"https:\/\/apuntesdesanluis.com\/index.php\/2024\/11\/22\/fuerte-ebullicion-en-la-ucr-tras-la-perdida-del-ministerio-de-turismo\/\"]}]},{\"@type\":\"ImageObject\",\"inLanguage\":\"es-AR\",\"@id\":\"https:\/\/apuntesdesanluis.com\/index.php\/2024\/11\/22\/fuerte-ebullicion-en-la-ucr-tras-la-perdida-del-ministerio-de-turismo\/#primaryimage\",\"url\":\"https:\/\/apuntesdesanluis.com\/wp-content\/uploads\/2024\/11\/victor-sosa-con-rigau.png\",\"contentUrl\":\"https:\/\/apuntesdesanluis.com\/wp-content\/uploads\/2024\/11\/victor-sosa-con-rigau.png\",\"width\":863,\"height\":626},{\"@type\":\"BreadcrumbList\",\"@id\":\"https:\/\/apuntesdesanluis.com\/index.php\/2024\/11\/22\/fuerte-ebullicion-en-la-ucr-tras-la-perdida-del-ministerio-de-turismo\/#breadcrumb\",\"itemListElement\":[{\"@type\":\"ListItem\",\"position\":1,\"name\":\"Inicio\",\"item\":\"https:\/\/apuntesdesanluis.com\/\"},{\"@type\":\"ListItem\",\"position\":2,\"name\":\"FUERTE EBULLICI\u00d3N EN LA UCR TRAS LA P\u00c9RDIDA DEL MINISTERIO DE TURISMO\"}]},{\"@type\":\"WebSite\",\"@id\":\"https:\/\/apuntesdesanluis.com\/#website\",\"url\":\"https:\/\/apuntesdesanluis.com\/\",\"name\":\"Apuntes de San Luis\",\"description\":\"\",\"publisher\":{\"@id\":\"https:\/\/apuntesdesanluis.com\/#\/schema\/person\/b55151d52296fcce64d1a72538a70b90\"},\"potentialAction\":[{\"@type\":\"SearchAction\",\"target\":{\"@type\":\"EntryPoint\",\"urlTemplate\":\"https:\/\/apuntesdesanluis.com\/?s={search_term_string}\"},\"query-input\":{\"@type\":\"PropertyValueSpecification\",\"valueRequired\":true,\"valueName\":\"search_term_string\"}}],\"inLanguage\":\"es-AR\"},{\"@type\":[\"Person\",\"Organization\"],\"@id\":\"https:\/\/apuntesdesanluis.com\/#\/schema\/person\/b55151d52296fcce64d1a72538a70b90\",\"name\":\"apuntesdesanluis.com\",\"image\":{\"@type\":\"ImageObject\",\"inLanguage\":\"es-AR\",\"@id\":\"https:\/\/apuntesdesanluis.com\/#\/schema\/person\/image\/\",\"url\":\"https:\/\/apuntesdesanluis.com\/wp-content\/uploads\/2023\/07\/cropped-apuntesdesanluis.png\",\"contentUrl\":\"https:\/\/apuntesdesanluis.com\/wp-content\/uploads\/2023\/07\/cropped-apuntesdesanluis.png\",\"width\":450,\"height\":112,\"caption\":\"apuntesdesanluis.com\"},\"logo\":{\"@id\":\"https:\/\/apuntesdesanluis.com\/#\/schema\/person\/image\/\"},\"sameAs\":[\"https:\/\/apuntesdesanluis.com\"],\"url\":\"https:\/\/apuntesdesanluis.com\/index.php\/author\/apuntesdesanluis-com\/\"}]}<\/script>\n<!-- \/ Yoast SEO plugin. -->","yoast_head_json":{"title":"FUERTE EBULLICI\u00d3N EN LA UCR TRAS LA P\u00c9RDIDA DEL MINISTERIO DE TURISMO - Apuntes de San Luis","robots":{"index":"index","follow":"follow","max-snippet":"max-snippet:-1","max-image-preview":"max-image-preview:large","max-video-preview":"max-video-preview:-1"},"canonical":"https:\/\/apuntesdesanluis.com\/index.php\/2024\/11\/22\/fuerte-ebullicion-en-la-ucr-tras-la-perdida-del-ministerio-de-turismo\/","og_locale":"es_ES","og_type":"article","og_title":"FUERTE EBULLICI\u00d3N EN LA UCR TRAS LA P\u00c9RDIDA DEL MINISTERIO DE TURISMO - Apuntes de San Luis","og_description":"En las \u00faltimas horas dos referentes radicales se manifestaron en diferentes t\u00e9rminos, luego de los...","og_url":"https:\/\/apuntesdesanluis.com\/index.php\/2024\/11\/22\/fuerte-ebullicion-en-la-ucr-tras-la-perdida-del-ministerio-de-turismo\/","og_site_name":"Apuntes de San Luis","article_published_time":"2024-11-22T03:16:30+00:00","article_modified_time":"2024-11-22T03:20:24+00:00","og_image":[{"width":863,"height":626,"url":"https:\/\/apuntesdesanluis.com\/wp-content\/uploads\/2024\/11\/victor-sosa-con-rigau.png","type":"image\/png"}],"author":"apuntesdesanluis.com","twitter_card":"summary_large_image","twitter_misc":{"Escrito por":"apuntesdesanluis.com","Tiempo de lectura":"3 minutos"},"schema":{"@context":"https:\/\/schema.org","@graph":[{"@type":"Article","@id":"https:\/\/apuntesdesanluis.com\/index.php\/2024\/11\/22\/fuerte-ebullicion-en-la-ucr-tras-la-perdida-del-ministerio-de-turismo\/#article","isPartOf":{"@id":"https:\/\/apuntesdesanluis.com\/index.php\/2024\/11\/22\/fuerte-ebullicion-en-la-ucr-tras-la-perdida-del-ministerio-de-turismo\/"},"author":{"name":"apuntesdesanluis.com","@id":"https:\/\/apuntesdesanluis.com\/#\/schema\/person\/b55151d52296fcce64d1a72538a70b90"},"headline":"FUERTE EBULLICI\u00d3N EN LA UCR TRAS LA P\u00c9RDIDA DEL MINISTERIO DE TURISMO","datePublished":"2024-11-22T03:16:30+00:00","dateModified":"2024-11-22T03:20:24+00:00","mainEntityOfPage":{"@id":"https:\/\/apuntesdesanluis.com\/index.php\/2024\/11\/22\/fuerte-ebullicion-en-la-ucr-tras-la-perdida-del-ministerio-de-turismo\/"},"wordCount":441,"publisher":{"@id":"https:\/\/apuntesdesanluis.com\/#\/schema\/person\/b55151d52296fcce64d1a72538a70b90"},"image":{"@id":"https:\/\/apuntesdesanluis.com\/index.php\/2024\/11\/22\/fuerte-ebullicion-en-la-ucr-tras-la-perdida-del-ministerio-de-turismo\/#primaryimage"},"thumbnailUrl":"https:\/\/apuntesdesanluis.com\/wp-content\/uploads\/2024\/11\/victor-sosa-con-rigau.png","articleSection":["Opini\u00f3n"],"inLanguage":"es-AR"},{"@type":"WebPage","@id":"https:\/\/apuntesdesanluis.com\/index.php\/2024\/11\/22\/fuerte-ebullicion-en-la-ucr-tras-la-perdida-del-ministerio-de-turismo\/","url":"https:\/\/apuntesdesanluis.com\/index.php\/2024\/11\/22\/fuerte-ebullicion-en-la-ucr-tras-la-perdida-del-ministerio-de-turismo\/","name":"FUERTE EBULLICI\u00d3N EN LA UCR TRAS LA P\u00c9RDIDA DEL MINISTERIO DE TURISMO - Apuntes de San Luis","isPartOf":{"@id":"https:\/\/apuntesdesanluis.com\/#website"},"primaryImageOfPage":{"@id":"https:\/\/apuntesdesanluis.com\/index.php\/2024\/11\/22\/fuerte-ebullicion-en-la-ucr-tras-la-perdida-del-ministerio-de-turismo\/#primaryimage"},"image":{"@id":"https:\/\/apuntesdesanluis.com\/index.php\/2024\/11\/22\/fuerte-ebullicion-en-la-ucr-tras-la-perdida-del-ministerio-de-turismo\/#primaryimage"},"thumbnailUrl":"https:\/\/apuntesdesanluis.com\/wp-content\/uploads\/2024\/11\/victor-sosa-con-rigau.png","datePublished":"2024-11-22T03:16:30+00:00","dateModified":"2024-11-22T03:20:24+00:00","breadcrumb":{"@id":"https:\/\/apuntesdesanluis.com\/index.php\/2024\/11\/22\/fuerte-ebullicion-en-la-ucr-tras-la-perdida-del-ministerio-de-turismo\/#breadcrumb"},"inLanguage":"es-AR","potentialAction":[{"@type":"ReadAction","target":["https:\/\/apuntesdesanluis.com\/index.php\/2024\/11\/22\/fuerte-ebullicion-en-la-ucr-tras-la-perdida-del-ministerio-de-turismo\/"]}]},{"@type":"ImageObject","inLanguage":"es-AR","@id":"https:\/\/apuntesdesanluis.com\/index.php\/2024\/11\/22\/fuerte-ebullicion-en-la-ucr-tras-la-perdida-del-ministerio-de-turismo\/#primaryimage","url":"https:\/\/apuntesdesanluis.com\/wp-content\/uploads\/2024\/11\/victor-sosa-con-rigau.png","contentUrl":"https:\/\/apuntesdesanluis.com\/wp-content\/uploads\/2024\/11\/victor-sosa-con-rigau.png","width":863,"height":626},{"@type":"BreadcrumbList","@id":"https:\/\/apuntesdesanluis.com\/index.php\/2024\/11\/22\/fuerte-ebullicion-en-la-ucr-tras-la-perdida-del-ministerio-de-turismo\/#breadcrumb","itemListElement":[{"@type":"ListItem","position":1,"name":"Inicio","item":"https:\/\/apuntesdesanluis.com\/"},{"@type":"ListItem","position":2,"name":"FUERTE EBULLICI\u00d3N EN LA UCR TRAS LA P\u00c9RDIDA DEL MINISTERIO DE TURISMO"}]},{"@type":"WebSite","@id":"https:\/\/apuntesdesanluis.com\/#website","url":"https:\/\/apuntesdesanluis.com\/","name":"Apuntes de San Luis","description":"","publisher":{"@id":"https:\/\/apuntesdesanluis.com\/#\/schema\/person\/b55151d52296fcce64d1a72538a70b90"},"potentialAction":[{"@type":"SearchAction","target":{"@type":"EntryPoint","urlTemplate":"https:\/\/apuntesdesanluis.com\/?s={search_term_string}"},"query-input":{"@type":"PropertyValueSpecification","valueRequired":true,"valueName":"search_term_string"}}],"inLanguage":"es-AR"},{"@type":["Person","Organization"],"@id":"https:\/\/apuntesdesanluis.com\/#\/schema\/person\/b55151d52296fcce64d1a72538a70b90","name":"apuntesdesanluis.com","image":{"@type":"ImageObject","inLanguage":"es-AR","@id":"https:\/\/apuntesdesanluis.com\/#\/schema\/person\/image\/","url":"https:\/\/apuntesdesanluis.com\/wp-content\/uploads\/2023\/07\/cropped-apuntesdesanluis.png","contentUrl":"https:\/\/apuntesdesanluis.com\/wp-content\/uploads\/2023\/07\/cropped-apuntesdesanluis.png","width":450,"height":112,"caption":"apuntesdesanluis.com"},"logo":{"@id":"https:\/\/apuntesdesanluis.com\/#\/schema\/person\/image\/"},"sameAs":["https:\/\/apuntesdesanluis.com"],"url":"https:\/\/apuntesdesanluis.com\/index.php\/author\/apuntesdesanluis-com\/"}]}},"featured_image_urls":{"full":["https:\/\/apuntesdesanluis.com\/wp-content\/uploads\/2024\/11\/victor-sosa-con-rigau.png",863,626,false],"thumbnail":["https:\/\/apuntesdesanluis.com\/wp-content\/uploads\/2024\/11\/victor-sosa-con-rigau-150x150.png",150,150,true],"medium":["https:\/\/apuntesdesanluis.com\/wp-content\/uploads\/2024\/11\/victor-sosa-con-rigau-300x218.png",300,218,true],"medium_large":["https:\/\/apuntesdesanluis.com\/wp-content\/uploads\/2024\/11\/victor-sosa-con-rigau-768x557.png",640,464,true],"large":["https:\/\/apuntesdesanluis.com\/wp-content\/uploads\/2024\/11\/victor-sosa-con-rigau.png",640,464,false],"1536x1536":["https:\/\/apuntesdesanluis.com\/wp-content\/uploads\/2024\/11\/victor-sosa-con-rigau.png",863,626,false],"2048x2048":["https:\/\/apuntesdesanluis.com\/wp-content\/uploads\/2024\/11\/victor-sosa-con-rigau.png",863,626,false],"newsever-slider-full":["https:\/\/apuntesdesanluis.com\/wp-content\/uploads\/2024\/11\/victor-sosa-con-rigau.png",863,626,false],"newsever-featured":["https:\/\/apuntesdesanluis.com\/wp-content\/uploads\/2024\/11\/victor-sosa-con-rigau.png",863,626,false],"newsever-medium":["https:\/\/apuntesdesanluis.com\/wp-content\/uploads\/2024\/11\/victor-sosa-con-rigau-720x475.png",720,475,true]},"author_info":{"display_name":"apuntesdesanluis.com","author_link":"https:\/\/apuntesdesanluis.com\/index.php\/author\/apuntesdesanluis-com\/"},"category_info":"<a href=\"https:\/\/apuntesdesanluis.com\/index.php\/category\/opinion\/\" rel=\"category tag\">Opini\u00f3n<\/a>","tag_info":"Opini\u00f3n","comment_count":"0","_links":{"self":[{"href":"https:\/\/apuntesdesanluis.com\/index.php\/wp-json\/wp\/v2\/posts\/25581","targetHints":{"allow":["GET"]}}],"collection":[{"href":"https:\/\/apuntesdesanluis.com\/index.php\/wp-json\/wp\/v2\/posts"}],"about":[{"href":"https:\/\/apuntesdesanluis.com\/index.php\/wp-json\/wp\/v2\/types\/post"}],"author":[{"embeddable":true,"href":"https:\/\/apuntesdesanluis.com\/index.php\/wp-json\/wp\/v2\/users\/1"}],"replies":[{"embeddable":true,"href":"https:\/\/apuntesdesanluis.com\/index.php\/wp-json\/wp\/v2\/comments?post=25581"}],"version-history":[{"count":4,"href":"https:\/\/apuntesdesanluis.com\/index.php\/wp-json\/wp\/v2\/posts\/25581\/revisions"}],"predecessor-version":[{"id":25588,"href":"https:\/\/apuntesdesanluis.com\/index.php\/wp-json\/wp\/v2\/posts\/25581\/revisions\/25588"}],"wp:featuredmedia":[{"embeddable":true,"href":"https:\/\/apuntesdesanluis.com\/index.php\/wp-json\/wp\/v2\/media\/25583"}],"wp:attachment":[{"href":"https:\/\/apuntesdesanluis.com\/index.php\/wp-json\/wp\/v2\/media?parent=25581"}],"wp:term":[{"taxonomy":"category","embeddable":true,"href":"https:\/\/apuntesdesanluis.com\/index.php\/wp-json\/wp\/v2\/categories?post=25581"},{"taxonomy":"post_tag","embeddable":true,"href":"https:\/\/apuntesdesanluis.com\/index.php\/wp-json\/wp\/v2\/tags?post=25581"}],"curies":[{"name":"wp","href":"https:\/\/api.w.org\/{rel}","templated":true}]}}