{"id":25589,"date":"2024-11-22T20:47:45","date_gmt":"2024-11-22T23:47:45","guid":{"rendered":"https:\/\/apuntesdesanluis.com\/?p=25589"},"modified":"2024-11-22T20:47:45","modified_gmt":"2024-11-22T23:47:45","slug":"se-realizo-la-3ra-asamblea-anual-del-foro-de-fiscalias-y-oficina-anticorrupcion","status":"publish","type":"post","link":"https:\/\/apuntesdesanluis.com\/index.php\/2024\/11\/22\/se-realizo-la-3ra-asamblea-anual-del-foro-de-fiscalias-y-oficina-anticorrupcion\/","title":{"rendered":"SE REALIZ\u00d3 LA 3RA. ASAMBLEA ANUAL DEL FORO DE FISCAL\u00cdAS Y OFICINA ANTICORRUPCI\u00d3N"},"content":{"rendered":"<h3>Durante la asamblea, que se desarroll\u00f3 en el Sal\u00f3n Blanco de Casa de Gobierno, se reprodujo en pantalla un mensaje del presidente de Transparencia Internacional, <strong>Francois Val\u00e9rian<\/strong>, quien resalt\u00f3 la importancia de las normas de \u00e9tica p\u00fablica en la lucha contra la corrupci\u00f3n y la promoci\u00f3n de la transparencia en la administraci\u00f3n.<\/h3>\n<h3>Hizo una distinci\u00f3n entre instituciones inclusivas, que benefician a toda la poblaci\u00f3n y fortalecen la econom\u00eda, y normas extractivas, que favorecen a un peque\u00f1o grupo y perpet\u00faan la corrupci\u00f3n. Adem\u00e1s, subray\u00f3 que no basta con tener normas: \u201cTambi\u00e9n deben respetarse y aplicarse efectivamente. La anomia, o la falta de cumplimiento de normas, es un problema com\u00fan que debe abordarse para lograr una sociedad justa y transparente\u201d.<\/h3>\n<h3>Encabezando el acto y como orador principal, el gobernador <strong>Claudio Poggi<\/strong> asegur\u00f3 que hay una relaci\u00f3n directa entre el da\u00f1o que hacen la corrupci\u00f3n y la impunidad y la decadencia moral de una sociedad, ya que esta observa que no se castiga a quien comete delitos contra la administraci\u00f3n p\u00fablica. Dijo que la combinaci\u00f3n entre estos factores \u201cconspiran para que un pueblo no pueda progresar. Eso es lo que tenemos que evitar\u201d.<\/h3>\n<p><iframe title=\"Claudio Poggi, gobernador de San Luis\" width=\"640\" height=\"360\" src=\"https:\/\/www.youtube.com\/embed\/ef_bFAkuFlY?feature=oembed\" frameborder=\"0\" allow=\"accelerometer; autoplay; clipboard-write; encrypted-media; gyroscope; picture-in-picture; web-share\" referrerpolicy=\"strict-origin-when-cross-origin\" allowfullscreen><\/iframe><\/p>\n<h3><strong>Ricardo Bazla<\/strong>, secretario de \u00c9tica P\u00fablica y Control de Gesti\u00f3n, celebr\u00f3 la participaci\u00f3n activa y el reconocimiento de pares de distintas provincias y organismos nacionales, como tambi\u00e9n la Unidad de Informaci\u00f3n Financiera.<\/h3>\n<h3>\u201cEs un motivo m\u00e1s que acrecienta nuestra responsabilidad y sobre todo hacer hincapi\u00e9 en haber retomado el camino de la normalidad institucional, luego de atravesar periodos de patolog\u00eda institucional. Patolog\u00eda institucional que en este caso el presidente de Transparencia Internacional acab\u00f3 de hacer referencia a tener conocimiento de los abusos de poder. Esto no ha ocurrido, esto forma parte de lo que era la realidad. Ahora la realidad de San Luis va por el camino del control, de la \u00e9tica y de la transparencia\u201d.<\/h3>\n<h3>La presidenta del Foro, Anahi Priotti, felicit\u00f3 a las autoridades provinciales por la organizaci\u00f3n del encuentro y destac\u00f3 este espacio federal como propicio para el intercambio de experiencias y la colaboraci\u00f3n: \u201cEl compromiso asumido a trav\u00e9s de los gobiernos, de cada una de las jurisdicciones integrantes del foro, como aqu\u00ed, la provincia de San Luis, es fundamental en la tarea que nosotros llevamos adelante y nos alienta a continuar, ya que nos sentimos apoyados y respaldados en una tarea que es incomodar. Esta tarea es inc\u00f3moda, \u00bfno? Cuidamos lo p\u00fablico\u201d.<\/h3>\n<h3>El titular Oficina Anticorrupci\u00f3n de la Naci\u00f3n, <strong>Alejandro Melik<\/strong>, subray\u00f3 como fundamental la decisi\u00f3n pol\u00edtica en la lucha contra la corrupci\u00f3n. \u201cEstar aqu\u00ed, en este espacio federal, y adem\u00e1s frente a las m\u00e1s altas autoridades de la provincia, es todo un s\u00edmbolo. Es el inicio de unos nuevos vientos de control, de transparencia, que empiezan por una decisi\u00f3n pol\u00edtica. La lucha contra la corrupci\u00f3n es, por supuesto, permanente, pero es mejor cuando hay una decisi\u00f3n pol\u00edtica que avala\u201d.<\/h3>\n<h3>El Fiscal Nacional de Investigaciones Administrativas, <strong>Sergio Rodr\u00edguez<\/strong>, elogi\u00f3 la creaci\u00f3n de una secretar\u00eda de \u00c9tica P\u00fablica en San Luis y enfatiz\u00f3 la necesidad de trabajar en la prevenci\u00f3n de la corrupci\u00f3n, en lugar de enfocarse \u00fanicamente en la persecuci\u00f3n posterior a los delitos. Expres\u00f3 su preocupaci\u00f3n por la alta cantidad de vacantes en el Poder Judicial, lo que retrasa la resoluci\u00f3n de los casos de corrupci\u00f3n, y mencion\u00f3 el compromiso del Ministro de Justicia para implementar un sistema acusatorio penal en el pa\u00eds, lo que podr\u00eda acelerar y hacer m\u00e1s transparente el proceso judicial.<\/h3>\n<p>&nbsp;<\/p>\n<p>&nbsp;<\/p>\n<p>&nbsp;<\/p>\n","protected":false},"excerpt":{"rendered":"<p>Durante la asamblea, que se desarroll\u00f3 en el Sal\u00f3n Blanco de Casa de Gobierno, se&#8230;<\/p>\n","protected":false},"author":1,"featured_media":25590,"comment_status":"closed","ping_status":"closed","sticky":false,"template":"","format":"standard","meta":{"footnotes":""},"categories":[6],"tags":[],"class_list":["post-25589","post","type-post","status-publish","format-standard","has-post-thumbnail","hentry","category-ciudad-provincia"],"yoast_head":"<!-- This site is optimized with the Yoast SEO plugin v26.1.1 - https:\/\/yoast.com\/wordpress\/plugins\/seo\/ -->\n<title>SE REALIZ\u00d3 LA 3RA. ASAMBLEA ANUAL DEL FORO DE FISCAL\u00cdAS Y OFICINA ANTICORRUPCI\u00d3N - Apuntes de San Luis<\/title>\n<meta name=\"robots\" content=\"index, follow, max-snippet:-1, max-image-preview:large, max-video-preview:-1\" \/>\n<link rel=\"canonical\" href=\"https:\/\/apuntesdesanluis.com\/index.php\/2024\/11\/22\/se-realizo-la-3ra-asamblea-anual-del-foro-de-fiscalias-y-oficina-anticorrupcion\/\" \/>\n<meta property=\"og:locale\" content=\"es_ES\" \/>\n<meta property=\"og:type\" content=\"article\" \/>\n<meta property=\"og:title\" content=\"SE REALIZ\u00d3 LA 3RA. ASAMBLEA ANUAL DEL FORO DE FISCAL\u00cdAS Y OFICINA ANTICORRUPCI\u00d3N - Apuntes de San Luis\" \/>\n<meta property=\"og:description\" content=\"Durante la asamblea, que se desarroll\u00f3 en el Sal\u00f3n Blanco de Casa de Gobierno, se...\" \/>\n<meta property=\"og:url\" content=\"https:\/\/apuntesdesanluis.com\/index.php\/2024\/11\/22\/se-realizo-la-3ra-asamblea-anual-del-foro-de-fiscalias-y-oficina-anticorrupcion\/\" \/>\n<meta property=\"og:site_name\" content=\"Apuntes de San Luis\" \/>\n<meta property=\"article:published_time\" content=\"2024-11-22T23:47:45+00:00\" \/>\n<meta property=\"og:image\" content=\"https:\/\/apuntesdesanluis.com\/wp-content\/uploads\/2024\/11\/asamblea.png\" \/>\n\t<meta property=\"og:image:width\" content=\"611\" \/>\n\t<meta property=\"og:image:height\" content=\"396\" \/>\n\t<meta property=\"og:image:type\" content=\"image\/png\" \/>\n<meta name=\"author\" content=\"apuntesdesanluis.com\" \/>\n<meta name=\"twitter:card\" content=\"summary_large_image\" \/>\n<meta name=\"twitter:label1\" content=\"Escrito por\" \/>\n\t<meta name=\"twitter:data1\" content=\"apuntesdesanluis.com\" \/>\n\t<meta name=\"twitter:label2\" content=\"Tiempo de lectura\" \/>\n\t<meta name=\"twitter:data2\" content=\"3 minutos\" \/>\n<script type=\"application\/ld+json\" class=\"yoast-schema-graph\">{\"@context\":\"https:\/\/schema.org\",\"@graph\":[{\"@type\":\"Article\",\"@id\":\"https:\/\/apuntesdesanluis.com\/index.php\/2024\/11\/22\/se-realizo-la-3ra-asamblea-anual-del-foro-de-fiscalias-y-oficina-anticorrupcion\/#article\",\"isPartOf\":{\"@id\":\"https:\/\/apuntesdesanluis.com\/index.php\/2024\/11\/22\/se-realizo-la-3ra-asamblea-anual-del-foro-de-fiscalias-y-oficina-anticorrupcion\/\"},\"author\":{\"name\":\"apuntesdesanluis.com\",\"@id\":\"https:\/\/apuntesdesanluis.com\/#\/schema\/person\/b55151d52296fcce64d1a72538a70b90\"},\"headline\":\"SE REALIZ\u00d3 LA 3RA. ASAMBLEA ANUAL DEL FORO DE FISCAL\u00cdAS Y OFICINA ANTICORRUPCI\u00d3N\",\"datePublished\":\"2024-11-22T23:47:45+00:00\",\"mainEntityOfPage\":{\"@id\":\"https:\/\/apuntesdesanluis.com\/index.php\/2024\/11\/22\/se-realizo-la-3ra-asamblea-anual-del-foro-de-fiscalias-y-oficina-anticorrupcion\/\"},\"wordCount\":654,\"publisher\":{\"@id\":\"https:\/\/apuntesdesanluis.com\/#\/schema\/person\/b55151d52296fcce64d1a72538a70b90\"},\"image\":{\"@id\":\"https:\/\/apuntesdesanluis.com\/index.php\/2024\/11\/22\/se-realizo-la-3ra-asamblea-anual-del-foro-de-fiscalias-y-oficina-anticorrupcion\/#primaryimage\"},\"thumbnailUrl\":\"https:\/\/apuntesdesanluis.com\/wp-content\/uploads\/2024\/11\/asamblea.png\",\"articleSection\":[\"Ciudad\/Provincia\"],\"inLanguage\":\"es-AR\"},{\"@type\":\"WebPage\",\"@id\":\"https:\/\/apuntesdesanluis.com\/index.php\/2024\/11\/22\/se-realizo-la-3ra-asamblea-anual-del-foro-de-fiscalias-y-oficina-anticorrupcion\/\",\"url\":\"https:\/\/apuntesdesanluis.com\/index.php\/2024\/11\/22\/se-realizo-la-3ra-asamblea-anual-del-foro-de-fiscalias-y-oficina-anticorrupcion\/\",\"name\":\"SE REALIZ\u00d3 LA 3RA. ASAMBLEA ANUAL DEL FORO DE FISCAL\u00cdAS Y OFICINA ANTICORRUPCI\u00d3N - Apuntes de San Luis\",\"isPartOf\":{\"@id\":\"https:\/\/apuntesdesanluis.com\/#website\"},\"primaryImageOfPage\":{\"@id\":\"https:\/\/apuntesdesanluis.com\/index.php\/2024\/11\/22\/se-realizo-la-3ra-asamblea-anual-del-foro-de-fiscalias-y-oficina-anticorrupcion\/#primaryimage\"},\"image\":{\"@id\":\"https:\/\/apuntesdesanluis.com\/index.php\/2024\/11\/22\/se-realizo-la-3ra-asamblea-anual-del-foro-de-fiscalias-y-oficina-anticorrupcion\/#primaryimage\"},\"thumbnailUrl\":\"https:\/\/apuntesdesanluis.com\/wp-content\/uploads\/2024\/11\/asamblea.png\",\"datePublished\":\"2024-11-22T23:47:45+00:00\",\"breadcrumb\":{\"@id\":\"https:\/\/apuntesdesanluis.com\/index.php\/2024\/11\/22\/se-realizo-la-3ra-asamblea-anual-del-foro-de-fiscalias-y-oficina-anticorrupcion\/#breadcrumb\"},\"inLanguage\":\"es-AR\",\"potentialAction\":[{\"@type\":\"ReadAction\",\"target\":[\"https:\/\/apuntesdesanluis.com\/index.php\/2024\/11\/22\/se-realizo-la-3ra-asamblea-anual-del-foro-de-fiscalias-y-oficina-anticorrupcion\/\"]}]},{\"@type\":\"ImageObject\",\"inLanguage\":\"es-AR\",\"@id\":\"https:\/\/apuntesdesanluis.com\/index.php\/2024\/11\/22\/se-realizo-la-3ra-asamblea-anual-del-foro-de-fiscalias-y-oficina-anticorrupcion\/#primaryimage\",\"url\":\"https:\/\/apuntesdesanluis.com\/wp-content\/uploads\/2024\/11\/asamblea.png\",\"contentUrl\":\"https:\/\/apuntesdesanluis.com\/wp-content\/uploads\/2024\/11\/asamblea.png\",\"width\":611,\"height\":396},{\"@type\":\"BreadcrumbList\",\"@id\":\"https:\/\/apuntesdesanluis.com\/index.php\/2024\/11\/22\/se-realizo-la-3ra-asamblea-anual-del-foro-de-fiscalias-y-oficina-anticorrupcion\/#breadcrumb\",\"itemListElement\":[{\"@type\":\"ListItem\",\"position\":1,\"name\":\"Inicio\",\"item\":\"https:\/\/apuntesdesanluis.com\/\"},{\"@type\":\"ListItem\",\"position\":2,\"name\":\"SE REALIZ\u00d3 LA 3RA. ASAMBLEA ANUAL DEL FORO DE FISCAL\u00cdAS Y OFICINA ANTICORRUPCI\u00d3N\"}]},{\"@type\":\"WebSite\",\"@id\":\"https:\/\/apuntesdesanluis.com\/#website\",\"url\":\"https:\/\/apuntesdesanluis.com\/\",\"name\":\"Apuntes de San Luis\",\"description\":\"\",\"publisher\":{\"@id\":\"https:\/\/apuntesdesanluis.com\/#\/schema\/person\/b55151d52296fcce64d1a72538a70b90\"},\"potentialAction\":[{\"@type\":\"SearchAction\",\"target\":{\"@type\":\"EntryPoint\",\"urlTemplate\":\"https:\/\/apuntesdesanluis.com\/?s={search_term_string}\"},\"query-input\":{\"@type\":\"PropertyValueSpecification\",\"valueRequired\":true,\"valueName\":\"search_term_string\"}}],\"inLanguage\":\"es-AR\"},{\"@type\":[\"Person\",\"Organization\"],\"@id\":\"https:\/\/apuntesdesanluis.com\/#\/schema\/person\/b55151d52296fcce64d1a72538a70b90\",\"name\":\"apuntesdesanluis.com\",\"image\":{\"@type\":\"ImageObject\",\"inLanguage\":\"es-AR\",\"@id\":\"https:\/\/apuntesdesanluis.com\/#\/schema\/person\/image\/\",\"url\":\"https:\/\/apuntesdesanluis.com\/wp-content\/uploads\/2023\/07\/cropped-apuntesdesanluis.png\",\"contentUrl\":\"https:\/\/apuntesdesanluis.com\/wp-content\/uploads\/2023\/07\/cropped-apuntesdesanluis.png\",\"width\":450,\"height\":112,\"caption\":\"apuntesdesanluis.com\"},\"logo\":{\"@id\":\"https:\/\/apuntesdesanluis.com\/#\/schema\/person\/image\/\"},\"sameAs\":[\"https:\/\/apuntesdesanluis.com\"],\"url\":\"https:\/\/apuntesdesanluis.com\/index.php\/author\/apuntesdesanluis-com\/\"}]}<\/script>\n<!-- \/ Yoast SEO plugin. -->","yoast_head_json":{"title":"SE REALIZ\u00d3 LA 3RA. ASAMBLEA ANUAL DEL FORO DE FISCAL\u00cdAS Y OFICINA ANTICORRUPCI\u00d3N - Apuntes de San Luis","robots":{"index":"index","follow":"follow","max-snippet":"max-snippet:-1","max-image-preview":"max-image-preview:large","max-video-preview":"max-video-preview:-1"},"canonical":"https:\/\/apuntesdesanluis.com\/index.php\/2024\/11\/22\/se-realizo-la-3ra-asamblea-anual-del-foro-de-fiscalias-y-oficina-anticorrupcion\/","og_locale":"es_ES","og_type":"article","og_title":"SE REALIZ\u00d3 LA 3RA. ASAMBLEA ANUAL DEL FORO DE FISCAL\u00cdAS Y OFICINA ANTICORRUPCI\u00d3N - Apuntes de San Luis","og_description":"Durante la asamblea, que se desarroll\u00f3 en el Sal\u00f3n Blanco de Casa de Gobierno, se...","og_url":"https:\/\/apuntesdesanluis.com\/index.php\/2024\/11\/22\/se-realizo-la-3ra-asamblea-anual-del-foro-de-fiscalias-y-oficina-anticorrupcion\/","og_site_name":"Apuntes de San Luis","article_published_time":"2024-11-22T23:47:45+00:00","og_image":[{"width":611,"height":396,"url":"https:\/\/apuntesdesanluis.com\/wp-content\/uploads\/2024\/11\/asamblea.png","type":"image\/png"}],"author":"apuntesdesanluis.com","twitter_card":"summary_large_image","twitter_misc":{"Escrito por":"apuntesdesanluis.com","Tiempo de lectura":"3 minutos"},"schema":{"@context":"https:\/\/schema.org","@graph":[{"@type":"Article","@id":"https:\/\/apuntesdesanluis.com\/index.php\/2024\/11\/22\/se-realizo-la-3ra-asamblea-anual-del-foro-de-fiscalias-y-oficina-anticorrupcion\/#article","isPartOf":{"@id":"https:\/\/apuntesdesanluis.com\/index.php\/2024\/11\/22\/se-realizo-la-3ra-asamblea-anual-del-foro-de-fiscalias-y-oficina-anticorrupcion\/"},"author":{"name":"apuntesdesanluis.com","@id":"https:\/\/apuntesdesanluis.com\/#\/schema\/person\/b55151d52296fcce64d1a72538a70b90"},"headline":"SE REALIZ\u00d3 LA 3RA. ASAMBLEA ANUAL DEL FORO DE FISCAL\u00cdAS Y OFICINA ANTICORRUPCI\u00d3N","datePublished":"2024-11-22T23:47:45+00:00","mainEntityOfPage":{"@id":"https:\/\/apuntesdesanluis.com\/index.php\/2024\/11\/22\/se-realizo-la-3ra-asamblea-anual-del-foro-de-fiscalias-y-oficina-anticorrupcion\/"},"wordCount":654,"publisher":{"@id":"https:\/\/apuntesdesanluis.com\/#\/schema\/person\/b55151d52296fcce64d1a72538a70b90"},"image":{"@id":"https:\/\/apuntesdesanluis.com\/index.php\/2024\/11\/22\/se-realizo-la-3ra-asamblea-anual-del-foro-de-fiscalias-y-oficina-anticorrupcion\/#primaryimage"},"thumbnailUrl":"https:\/\/apuntesdesanluis.com\/wp-content\/uploads\/2024\/11\/asamblea.png","articleSection":["Ciudad\/Provincia"],"inLanguage":"es-AR"},{"@type":"WebPage","@id":"https:\/\/apuntesdesanluis.com\/index.php\/2024\/11\/22\/se-realizo-la-3ra-asamblea-anual-del-foro-de-fiscalias-y-oficina-anticorrupcion\/","url":"https:\/\/apuntesdesanluis.com\/index.php\/2024\/11\/22\/se-realizo-la-3ra-asamblea-anual-del-foro-de-fiscalias-y-oficina-anticorrupcion\/","name":"SE REALIZ\u00d3 LA 3RA. ASAMBLEA ANUAL DEL FORO DE FISCAL\u00cdAS Y OFICINA ANTICORRUPCI\u00d3N - Apuntes de San Luis","isPartOf":{"@id":"https:\/\/apuntesdesanluis.com\/#website"},"primaryImageOfPage":{"@id":"https:\/\/apuntesdesanluis.com\/index.php\/2024\/11\/22\/se-realizo-la-3ra-asamblea-anual-del-foro-de-fiscalias-y-oficina-anticorrupcion\/#primaryimage"},"image":{"@id":"https:\/\/apuntesdesanluis.com\/index.php\/2024\/11\/22\/se-realizo-la-3ra-asamblea-anual-del-foro-de-fiscalias-y-oficina-anticorrupcion\/#primaryimage"},"thumbnailUrl":"https:\/\/apuntesdesanluis.com\/wp-content\/uploads\/2024\/11\/asamblea.png","datePublished":"2024-11-22T23:47:45+00:00","breadcrumb":{"@id":"https:\/\/apuntesdesanluis.com\/index.php\/2024\/11\/22\/se-realizo-la-3ra-asamblea-anual-del-foro-de-fiscalias-y-oficina-anticorrupcion\/#breadcrumb"},"inLanguage":"es-AR","potentialAction":[{"@type":"ReadAction","target":["https:\/\/apuntesdesanluis.com\/index.php\/2024\/11\/22\/se-realizo-la-3ra-asamblea-anual-del-foro-de-fiscalias-y-oficina-anticorrupcion\/"]}]},{"@type":"ImageObject","inLanguage":"es-AR","@id":"https:\/\/apuntesdesanluis.com\/index.php\/2024\/11\/22\/se-realizo-la-3ra-asamblea-anual-del-foro-de-fiscalias-y-oficina-anticorrupcion\/#primaryimage","url":"https:\/\/apuntesdesanluis.com\/wp-content\/uploads\/2024\/11\/asamblea.png","contentUrl":"https:\/\/apuntesdesanluis.com\/wp-content\/uploads\/2024\/11\/asamblea.png","width":611,"height":396},{"@type":"BreadcrumbList","@id":"https:\/\/apuntesdesanluis.com\/index.php\/2024\/11\/22\/se-realizo-la-3ra-asamblea-anual-del-foro-de-fiscalias-y-oficina-anticorrupcion\/#breadcrumb","itemListElement":[{"@type":"ListItem","position":1,"name":"Inicio","item":"https:\/\/apuntesdesanluis.com\/"},{"@type":"ListItem","position":2,"name":"SE REALIZ\u00d3 LA 3RA. ASAMBLEA ANUAL DEL FORO DE FISCAL\u00cdAS Y OFICINA ANTICORRUPCI\u00d3N"}]},{"@type":"WebSite","@id":"https:\/\/apuntesdesanluis.com\/#website","url":"https:\/\/apuntesdesanluis.com\/","name":"Apuntes de San Luis","description":"","publisher":{"@id":"https:\/\/apuntesdesanluis.com\/#\/schema\/person\/b55151d52296fcce64d1a72538a70b90"},"potentialAction":[{"@type":"SearchAction","target":{"@type":"EntryPoint","urlTemplate":"https:\/\/apuntesdesanluis.com\/?s={search_term_string}"},"query-input":{"@type":"PropertyValueSpecification","valueRequired":true,"valueName":"search_term_string"}}],"inLanguage":"es-AR"},{"@type":["Person","Organization"],"@id":"https:\/\/apuntesdesanluis.com\/#\/schema\/person\/b55151d52296fcce64d1a72538a70b90","name":"apuntesdesanluis.com","image":{"@type":"ImageObject","inLanguage":"es-AR","@id":"https:\/\/apuntesdesanluis.com\/#\/schema\/person\/image\/","url":"https:\/\/apuntesdesanluis.com\/wp-content\/uploads\/2023\/07\/cropped-apuntesdesanluis.png","contentUrl":"https:\/\/apuntesdesanluis.com\/wp-content\/uploads\/2023\/07\/cropped-apuntesdesanluis.png","width":450,"height":112,"caption":"apuntesdesanluis.com"},"logo":{"@id":"https:\/\/apuntesdesanluis.com\/#\/schema\/person\/image\/"},"sameAs":["https:\/\/apuntesdesanluis.com"],"url":"https:\/\/apuntesdesanluis.com\/index.php\/author\/apuntesdesanluis-com\/"}]}},"featured_image_urls":{"full":["https:\/\/apuntesdesanluis.com\/wp-content\/uploads\/2024\/11\/asamblea.png",611,396,false],"thumbnail":["https:\/\/apuntesdesanluis.com\/wp-content\/uploads\/2024\/11\/asamblea-150x150.png",150,150,true],"medium":["https:\/\/apuntesdesanluis.com\/wp-content\/uploads\/2024\/11\/asamblea-300x194.png",300,194,true],"medium_large":["https:\/\/apuntesdesanluis.com\/wp-content\/uploads\/2024\/11\/asamblea.png",611,396,false],"large":["https:\/\/apuntesdesanluis.com\/wp-content\/uploads\/2024\/11\/asamblea.png",611,396,false],"1536x1536":["https:\/\/apuntesdesanluis.com\/wp-content\/uploads\/2024\/11\/asamblea.png",611,396,false],"2048x2048":["https:\/\/apuntesdesanluis.com\/wp-content\/uploads\/2024\/11\/asamblea.png",611,396,false],"newsever-slider-full":["https:\/\/apuntesdesanluis.com\/wp-content\/uploads\/2024\/11\/asamblea.png",611,396,false],"newsever-featured":["https:\/\/apuntesdesanluis.com\/wp-content\/uploads\/2024\/11\/asamblea.png",611,396,false],"newsever-medium":["https:\/\/apuntesdesanluis.com\/wp-content\/uploads\/2024\/11\/asamblea.png",611,396,false]},"author_info":{"display_name":"apuntesdesanluis.com","author_link":"https:\/\/apuntesdesanluis.com\/index.php\/author\/apuntesdesanluis-com\/"},"category_info":"<a href=\"https:\/\/apuntesdesanluis.com\/index.php\/category\/ciudad-provincia\/\" rel=\"category tag\">Ciudad\/Provincia<\/a>","tag_info":"Ciudad\/Provincia","comment_count":"0","_links":{"self":[{"href":"https:\/\/apuntesdesanluis.com\/index.php\/wp-json\/wp\/v2\/posts\/25589","targetHints":{"allow":["GET"]}}],"collection":[{"href":"https:\/\/apuntesdesanluis.com\/index.php\/wp-json\/wp\/v2\/posts"}],"about":[{"href":"https:\/\/apuntesdesanluis.com\/index.php\/wp-json\/wp\/v2\/types\/post"}],"author":[{"embeddable":true,"href":"https:\/\/apuntesdesanluis.com\/index.php\/wp-json\/wp\/v2\/users\/1"}],"replies":[{"embeddable":true,"href":"https:\/\/apuntesdesanluis.com\/index.php\/wp-json\/wp\/v2\/comments?post=25589"}],"version-history":[{"count":1,"href":"https:\/\/apuntesdesanluis.com\/index.php\/wp-json\/wp\/v2\/posts\/25589\/revisions"}],"predecessor-version":[{"id":25591,"href":"https:\/\/apuntesdesanluis.com\/index.php\/wp-json\/wp\/v2\/posts\/25589\/revisions\/25591"}],"wp:featuredmedia":[{"embeddable":true,"href":"https:\/\/apuntesdesanluis.com\/index.php\/wp-json\/wp\/v2\/media\/25590"}],"wp:attachment":[{"href":"https:\/\/apuntesdesanluis.com\/index.php\/wp-json\/wp\/v2\/media?parent=25589"}],"wp:term":[{"taxonomy":"category","embeddable":true,"href":"https:\/\/apuntesdesanluis.com\/index.php\/wp-json\/wp\/v2\/categories?post=25589"},{"taxonomy":"post_tag","embeddable":true,"href":"https:\/\/apuntesdesanluis.com\/index.php\/wp-json\/wp\/v2\/tags?post=25589"}],"curies":[{"name":"wp","href":"https:\/\/api.w.org\/{rel}","templated":true}]}}