{"id":25607,"date":"2024-11-22T21:37:48","date_gmt":"2024-11-23T00:37:48","guid":{"rendered":"https:\/\/apuntesdesanluis.com\/?p=25607"},"modified":"2024-11-22T22:22:10","modified_gmt":"2024-11-23T01:22:10","slug":"debemos-defender-y-ratificar-esta-conquista-historica","status":"publish","type":"post","link":"https:\/\/apuntesdesanluis.com\/index.php\/2024\/11\/22\/debemos-defender-y-ratificar-esta-conquista-historica\/","title":{"rendered":"\u201cDEBEMOS DEFENDER Y RATIFICAR ESTA CONQUISTA HIST\u00d3RICA\u201d"},"content":{"rendered":"<h3>As\u00ed se expres\u00f3 este viernes 22 el Rector de la UNViMe <strong>Marcelo Sosa<\/strong>, al conmemorarse el 75\u00b0 aniversario de la Gratuidad Universitaria en nuestro pa\u00eds.<\/h3>\n<h3>\u201cEs una conquista hist\u00f3rica que debemos defender, porque instaur\u00f3 un modelo que permiti\u00f3 y permite que todas las personas, sean de la clase socioecon\u00f3mica que sean, puedan acceder a un futuro de esperanza, a trav\u00e9s de la profesionalizaci\u00f3n\u201d, enfatiz\u00f3.<\/h3>\n<h3>Agreg\u00f3 que \u201cel verdadero y m\u00e1s genuino puente hacia la movilidad social es la educaci\u00f3n, y el libre acceso y no arancelamiento, no son banderas de ning\u00fan partido o sector, sino un derecho social y humano que ratificamos en el D\u00eda de la Gratuidad Universitaria\u201d.<\/h3>\n<h3><img fetchpriority=\"high\" decoding=\"async\" class=\"wp-image-25609 aligncenter\" src=\"https:\/\/apuntesdesanluis.com\/wp-content\/uploads\/2024\/11\/Imagen-de-WhatsApp-2024-11-22-a-las-11.00.06_9c77c0c4-169x300.jpg\" alt=\"\" width=\"496\" height=\"880\" srcset=\"https:\/\/apuntesdesanluis.com\/wp-content\/uploads\/2024\/11\/Imagen-de-WhatsApp-2024-11-22-a-las-11.00.06_9c77c0c4-169x300.jpg 169w, https:\/\/apuntesdesanluis.com\/wp-content\/uploads\/2024\/11\/Imagen-de-WhatsApp-2024-11-22-a-las-11.00.06_9c77c0c4.jpg 700w\" sizes=\"(max-width: 496px) 100vw, 496px\" \/><\/h3>\n<h3><strong>ANTECEDENTES<\/strong><\/h3>\n<h3>El 22 de noviembre se conmemora la sanci\u00f3n de la gratuidad universitaria en nuestro pa\u00eds, logro que se alcanz\u00f3 en 1949, cuando el entonces presidente<strong> Juan Domingo Per\u00f3n<\/strong>, a trav\u00e9s del Decreto 29.337, comprometi\u00f3 al Estado nacional a proporcionar los recursos necesarios para este prop\u00f3sito.<\/h3>\n<h3>A pesar que la gratuidad no obtuvo rango constitucional, su implementaci\u00f3n en 1949 provoc\u00f3 un aumento exponencial de la matr\u00edcula estudiantil, pasando de 66.212 estudiantes en 1949 a 135.891 en 1954.<\/h3>\n<p><img decoding=\"async\" class=\"wp-image-25610 aligncenter\" src=\"https:\/\/apuntesdesanluis.com\/wp-content\/uploads\/2024\/11\/PERON-300x174.png\" alt=\"\" width=\"626\" height=\"363\" srcset=\"https:\/\/apuntesdesanluis.com\/wp-content\/uploads\/2024\/11\/PERON-300x174.png 300w, https:\/\/apuntesdesanluis.com\/wp-content\/uploads\/2024\/11\/PERON.png 617w\" sizes=\"(max-width: 626px) 100vw, 626px\" \/><\/p>\n<h3>Como antecedente de esta conquista, hay que mencionar la Reforma Universitaria de 1918, apoyada por el entonces presidente Hip\u00f3lito Yrigoyen. Esta gesta estudiantil, con epicentro en la Universidad Nacional de C\u00f3rdoba, buscaba la reforma social y la democratizaci\u00f3n.<\/h3>\n<h3>Aunque en 1918 se present\u00f3 un proyecto de ley para establecer la gratuidad, este no lleg\u00f3 a tratarse en el congreso. Con el transcurso de los a\u00f1os, todas las universidades argentinas (Buenos Aires, C\u00f3rdoba, Cuyo, La Plata, Tucum\u00e1n y Del Litoral) eran p\u00fablicas y aranceladas.<\/h3>\n<h3>Fue a partir del del Decreto Presidencial N\u00b0 29.337 en 1949, que se estableci\u00f3 la gratuidad en todas las universidades p\u00fablicas del pa\u00eds, con un compromiso gubernamental para su financiamiento. Adem\u00e1s, se otorg\u00f3 car\u00e1cter institucional a la autonom\u00eda universitaria propuesta d\u00e9cadas atr\u00e1s por los reformistas.<\/h3>\n<h3>Sin embargo, la gratuidad fue anulada en gobiernos de facto y recuperada definitivamente con la apertura democr\u00e1tica de 1983, y la autonom\u00eda fue asumida con jerarqu\u00eda constitucional en el a\u00f1o 1994, manteni\u00e9ndose hasta hoy.<\/h3>\n<h3><strong>\u00daLTIMA REFORMA<\/strong><\/h3>\n<h3>El Dr. Marcelo Sosa record\u00f3, por otro lado,que el Congreso de la Naci\u00f3n aprob\u00f3 el 30 de octubre de 2015 una ley que modifica en uno de sus puntos fundamentales la Ley de Educaci\u00f3n Superior, sancionada en 1995 durante el gobierno de Carlos Menem.<\/h3>\n<h3>Respondiendo a una vieja demanda de estudiantes y docentes, el Senado dio la media sanci\u00f3n que faltaba para convertir en ley el proyecto de <strong>Responsabilidad del Estado en la Educaci\u00f3n Superior<\/strong>, que establece taxativamente la gratuidad de los estudios superiores, fijando al mismo tiempo la prohibici\u00f3n de cualquier tipo de tarifa directa o indirecta.<\/h3>\n<h3>&#8220;Esta gratuidad rige &#8211; aclar\u00f3 &#8211; para las carreras de grado, no para los posgrados&#8221;.<\/h3>\n<h3>Mediante la modificaci\u00f3n e incorporaci\u00f3n de art\u00edculos bis a la Ley 24.521, la norma establece la responsabilidad \u201cindelegable y principal\u201d del Estado respecto de la educaci\u00f3n superior, consider\u00e1ndola un \u201cbien p\u00fablico\u201d y un \u201cderecho humano\u201d, t\u00e9rminos que no aparec\u00edan en el texto anterior, en el que, seg\u00fan sostienen desde los 90 diversos sectores universitarios, subyacen lineamientos mercantilizadores dictados por los organismos financieros internacionales. La ley reformada explicita que ning\u00fan ciudadano puede ser privado del acceso a la universidad por razones personales o de origen social y hace cargo al Estado de garantizar ese derecho.<\/h3>\n<h3>El bis introducido en el art\u00edculo 2 establece, entre otras cosas, \u201cla prohibici\u00f3n de cualquier tipo de gravamen, tasa, impuesto, arancel o tarifa directos o indirectos\u201d.<\/h3>\n<h3><\/h3>\n<p>&nbsp;<\/p>\n<p>&nbsp;<\/p>\n<p>&nbsp;<\/p>\n<p>&nbsp;<\/p>\n<p>&nbsp;<\/p>\n<p>&nbsp;<\/p>\n<p>&nbsp;<\/p>\n<p>&nbsp;<\/p>\n<p>&nbsp;<\/p>\n<p>&nbsp;<\/p>\n<p>&nbsp;<\/p>\n<p>&nbsp;<\/p>\n","protected":false},"excerpt":{"rendered":"<p>As\u00ed se expres\u00f3 este viernes 22 el Rector de la UNViMe Marcelo Sosa, al conmemorarse&#8230;<\/p>\n","protected":false},"author":1,"featured_media":25612,"comment_status":"closed","ping_status":"closed","sticky":false,"template":"","format":"standard","meta":{"footnotes":""},"categories":[6],"tags":[],"class_list":["post-25607","post","type-post","status-publish","format-standard","has-post-thumbnail","hentry","category-ciudad-provincia"],"yoast_head":"<!-- This site is optimized with the Yoast SEO plugin v26.1.1 - https:\/\/yoast.com\/wordpress\/plugins\/seo\/ -->\n<title>\u201cDEBEMOS DEFENDER Y RATIFICAR ESTA CONQUISTA HIST\u00d3RICA\u201d - Apuntes de San Luis<\/title>\n<meta name=\"robots\" content=\"index, follow, max-snippet:-1, max-image-preview:large, max-video-preview:-1\" \/>\n<link rel=\"canonical\" href=\"https:\/\/apuntesdesanluis.com\/index.php\/2024\/11\/22\/debemos-defender-y-ratificar-esta-conquista-historica\/\" \/>\n<meta property=\"og:locale\" content=\"es_ES\" \/>\n<meta property=\"og:type\" content=\"article\" \/>\n<meta property=\"og:title\" content=\"\u201cDEBEMOS DEFENDER Y RATIFICAR ESTA CONQUISTA HIST\u00d3RICA\u201d - Apuntes de San Luis\" \/>\n<meta property=\"og:description\" content=\"As\u00ed se expres\u00f3 este viernes 22 el Rector de la UNViMe Marcelo Sosa, al conmemorarse...\" \/>\n<meta property=\"og:url\" content=\"https:\/\/apuntesdesanluis.com\/index.php\/2024\/11\/22\/debemos-defender-y-ratificar-esta-conquista-historica\/\" \/>\n<meta property=\"og:site_name\" content=\"Apuntes de San Luis\" \/>\n<meta property=\"article:published_time\" content=\"2024-11-23T00:37:48+00:00\" \/>\n<meta property=\"article:modified_time\" content=\"2024-11-23T01:22:10+00:00\" \/>\n<meta property=\"og:image\" content=\"https:\/\/apuntesdesanluis.com\/wp-content\/uploads\/2024\/11\/MARCELO-SOSA.jpg\" \/>\n\t<meta property=\"og:image:width\" content=\"783\" \/>\n\t<meta property=\"og:image:height\" content=\"578\" \/>\n\t<meta property=\"og:image:type\" content=\"image\/jpeg\" \/>\n<meta name=\"author\" content=\"apuntesdesanluis.com\" \/>\n<meta name=\"twitter:card\" content=\"summary_large_image\" \/>\n<meta name=\"twitter:label1\" content=\"Escrito por\" \/>\n\t<meta name=\"twitter:data1\" content=\"apuntesdesanluis.com\" \/>\n\t<meta name=\"twitter:label2\" content=\"Tiempo de lectura\" \/>\n\t<meta name=\"twitter:data2\" content=\"4 minutos\" \/>\n<script type=\"application\/ld+json\" class=\"yoast-schema-graph\">{\"@context\":\"https:\/\/schema.org\",\"@graph\":[{\"@type\":\"Article\",\"@id\":\"https:\/\/apuntesdesanluis.com\/index.php\/2024\/11\/22\/debemos-defender-y-ratificar-esta-conquista-historica\/#article\",\"isPartOf\":{\"@id\":\"https:\/\/apuntesdesanluis.com\/index.php\/2024\/11\/22\/debemos-defender-y-ratificar-esta-conquista-historica\/\"},\"author\":{\"name\":\"apuntesdesanluis.com\",\"@id\":\"https:\/\/apuntesdesanluis.com\/#\/schema\/person\/b55151d52296fcce64d1a72538a70b90\"},\"headline\":\"\u201cDEBEMOS DEFENDER Y RATIFICAR ESTA CONQUISTA HIST\u00d3RICA\u201d\",\"datePublished\":\"2024-11-23T00:37:48+00:00\",\"dateModified\":\"2024-11-23T01:22:10+00:00\",\"mainEntityOfPage\":{\"@id\":\"https:\/\/apuntesdesanluis.com\/index.php\/2024\/11\/22\/debemos-defender-y-ratificar-esta-conquista-historica\/\"},\"wordCount\":634,\"publisher\":{\"@id\":\"https:\/\/apuntesdesanluis.com\/#\/schema\/person\/b55151d52296fcce64d1a72538a70b90\"},\"image\":{\"@id\":\"https:\/\/apuntesdesanluis.com\/index.php\/2024\/11\/22\/debemos-defender-y-ratificar-esta-conquista-historica\/#primaryimage\"},\"thumbnailUrl\":\"https:\/\/apuntesdesanluis.com\/wp-content\/uploads\/2024\/11\/MARCELO-SOSA.jpg\",\"articleSection\":[\"Ciudad\/Provincia\"],\"inLanguage\":\"es-AR\"},{\"@type\":\"WebPage\",\"@id\":\"https:\/\/apuntesdesanluis.com\/index.php\/2024\/11\/22\/debemos-defender-y-ratificar-esta-conquista-historica\/\",\"url\":\"https:\/\/apuntesdesanluis.com\/index.php\/2024\/11\/22\/debemos-defender-y-ratificar-esta-conquista-historica\/\",\"name\":\"\u201cDEBEMOS DEFENDER Y RATIFICAR ESTA CONQUISTA HIST\u00d3RICA\u201d - Apuntes de San Luis\",\"isPartOf\":{\"@id\":\"https:\/\/apuntesdesanluis.com\/#website\"},\"primaryImageOfPage\":{\"@id\":\"https:\/\/apuntesdesanluis.com\/index.php\/2024\/11\/22\/debemos-defender-y-ratificar-esta-conquista-historica\/#primaryimage\"},\"image\":{\"@id\":\"https:\/\/apuntesdesanluis.com\/index.php\/2024\/11\/22\/debemos-defender-y-ratificar-esta-conquista-historica\/#primaryimage\"},\"thumbnailUrl\":\"https:\/\/apuntesdesanluis.com\/wp-content\/uploads\/2024\/11\/MARCELO-SOSA.jpg\",\"datePublished\":\"2024-11-23T00:37:48+00:00\",\"dateModified\":\"2024-11-23T01:22:10+00:00\",\"breadcrumb\":{\"@id\":\"https:\/\/apuntesdesanluis.com\/index.php\/2024\/11\/22\/debemos-defender-y-ratificar-esta-conquista-historica\/#breadcrumb\"},\"inLanguage\":\"es-AR\",\"potentialAction\":[{\"@type\":\"ReadAction\",\"target\":[\"https:\/\/apuntesdesanluis.com\/index.php\/2024\/11\/22\/debemos-defender-y-ratificar-esta-conquista-historica\/\"]}]},{\"@type\":\"ImageObject\",\"inLanguage\":\"es-AR\",\"@id\":\"https:\/\/apuntesdesanluis.com\/index.php\/2024\/11\/22\/debemos-defender-y-ratificar-esta-conquista-historica\/#primaryimage\",\"url\":\"https:\/\/apuntesdesanluis.com\/wp-content\/uploads\/2024\/11\/MARCELO-SOSA.jpg\",\"contentUrl\":\"https:\/\/apuntesdesanluis.com\/wp-content\/uploads\/2024\/11\/MARCELO-SOSA.jpg\",\"width\":783,\"height\":578},{\"@type\":\"BreadcrumbList\",\"@id\":\"https:\/\/apuntesdesanluis.com\/index.php\/2024\/11\/22\/debemos-defender-y-ratificar-esta-conquista-historica\/#breadcrumb\",\"itemListElement\":[{\"@type\":\"ListItem\",\"position\":1,\"name\":\"Inicio\",\"item\":\"https:\/\/apuntesdesanluis.com\/\"},{\"@type\":\"ListItem\",\"position\":2,\"name\":\"\u201cDEBEMOS DEFENDER Y RATIFICAR ESTA CONQUISTA HIST\u00d3RICA\u201d\"}]},{\"@type\":\"WebSite\",\"@id\":\"https:\/\/apuntesdesanluis.com\/#website\",\"url\":\"https:\/\/apuntesdesanluis.com\/\",\"name\":\"Apuntes de San Luis\",\"description\":\"\",\"publisher\":{\"@id\":\"https:\/\/apuntesdesanluis.com\/#\/schema\/person\/b55151d52296fcce64d1a72538a70b90\"},\"potentialAction\":[{\"@type\":\"SearchAction\",\"target\":{\"@type\":\"EntryPoint\",\"urlTemplate\":\"https:\/\/apuntesdesanluis.com\/?s={search_term_string}\"},\"query-input\":{\"@type\":\"PropertyValueSpecification\",\"valueRequired\":true,\"valueName\":\"search_term_string\"}}],\"inLanguage\":\"es-AR\"},{\"@type\":[\"Person\",\"Organization\"],\"@id\":\"https:\/\/apuntesdesanluis.com\/#\/schema\/person\/b55151d52296fcce64d1a72538a70b90\",\"name\":\"apuntesdesanluis.com\",\"image\":{\"@type\":\"ImageObject\",\"inLanguage\":\"es-AR\",\"@id\":\"https:\/\/apuntesdesanluis.com\/#\/schema\/person\/image\/\",\"url\":\"https:\/\/apuntesdesanluis.com\/wp-content\/uploads\/2023\/07\/cropped-apuntesdesanluis.png\",\"contentUrl\":\"https:\/\/apuntesdesanluis.com\/wp-content\/uploads\/2023\/07\/cropped-apuntesdesanluis.png\",\"width\":450,\"height\":112,\"caption\":\"apuntesdesanluis.com\"},\"logo\":{\"@id\":\"https:\/\/apuntesdesanluis.com\/#\/schema\/person\/image\/\"},\"sameAs\":[\"https:\/\/apuntesdesanluis.com\"],\"url\":\"https:\/\/apuntesdesanluis.com\/index.php\/author\/apuntesdesanluis-com\/\"}]}<\/script>\n<!-- \/ Yoast SEO plugin. -->","yoast_head_json":{"title":"\u201cDEBEMOS DEFENDER Y RATIFICAR ESTA CONQUISTA HIST\u00d3RICA\u201d - Apuntes de San Luis","robots":{"index":"index","follow":"follow","max-snippet":"max-snippet:-1","max-image-preview":"max-image-preview:large","max-video-preview":"max-video-preview:-1"},"canonical":"https:\/\/apuntesdesanluis.com\/index.php\/2024\/11\/22\/debemos-defender-y-ratificar-esta-conquista-historica\/","og_locale":"es_ES","og_type":"article","og_title":"\u201cDEBEMOS DEFENDER Y RATIFICAR ESTA CONQUISTA HIST\u00d3RICA\u201d - Apuntes de San Luis","og_description":"As\u00ed se expres\u00f3 este viernes 22 el Rector de la UNViMe Marcelo Sosa, al conmemorarse...","og_url":"https:\/\/apuntesdesanluis.com\/index.php\/2024\/11\/22\/debemos-defender-y-ratificar-esta-conquista-historica\/","og_site_name":"Apuntes de San Luis","article_published_time":"2024-11-23T00:37:48+00:00","article_modified_time":"2024-11-23T01:22:10+00:00","og_image":[{"width":783,"height":578,"url":"https:\/\/apuntesdesanluis.com\/wp-content\/uploads\/2024\/11\/MARCELO-SOSA.jpg","type":"image\/jpeg"}],"author":"apuntesdesanluis.com","twitter_card":"summary_large_image","twitter_misc":{"Escrito por":"apuntesdesanluis.com","Tiempo de lectura":"4 minutos"},"schema":{"@context":"https:\/\/schema.org","@graph":[{"@type":"Article","@id":"https:\/\/apuntesdesanluis.com\/index.php\/2024\/11\/22\/debemos-defender-y-ratificar-esta-conquista-historica\/#article","isPartOf":{"@id":"https:\/\/apuntesdesanluis.com\/index.php\/2024\/11\/22\/debemos-defender-y-ratificar-esta-conquista-historica\/"},"author":{"name":"apuntesdesanluis.com","@id":"https:\/\/apuntesdesanluis.com\/#\/schema\/person\/b55151d52296fcce64d1a72538a70b90"},"headline":"\u201cDEBEMOS DEFENDER Y RATIFICAR ESTA CONQUISTA HIST\u00d3RICA\u201d","datePublished":"2024-11-23T00:37:48+00:00","dateModified":"2024-11-23T01:22:10+00:00","mainEntityOfPage":{"@id":"https:\/\/apuntesdesanluis.com\/index.php\/2024\/11\/22\/debemos-defender-y-ratificar-esta-conquista-historica\/"},"wordCount":634,"publisher":{"@id":"https:\/\/apuntesdesanluis.com\/#\/schema\/person\/b55151d52296fcce64d1a72538a70b90"},"image":{"@id":"https:\/\/apuntesdesanluis.com\/index.php\/2024\/11\/22\/debemos-defender-y-ratificar-esta-conquista-historica\/#primaryimage"},"thumbnailUrl":"https:\/\/apuntesdesanluis.com\/wp-content\/uploads\/2024\/11\/MARCELO-SOSA.jpg","articleSection":["Ciudad\/Provincia"],"inLanguage":"es-AR"},{"@type":"WebPage","@id":"https:\/\/apuntesdesanluis.com\/index.php\/2024\/11\/22\/debemos-defender-y-ratificar-esta-conquista-historica\/","url":"https:\/\/apuntesdesanluis.com\/index.php\/2024\/11\/22\/debemos-defender-y-ratificar-esta-conquista-historica\/","name":"\u201cDEBEMOS DEFENDER Y RATIFICAR ESTA CONQUISTA HIST\u00d3RICA\u201d - Apuntes de San Luis","isPartOf":{"@id":"https:\/\/apuntesdesanluis.com\/#website"},"primaryImageOfPage":{"@id":"https:\/\/apuntesdesanluis.com\/index.php\/2024\/11\/22\/debemos-defender-y-ratificar-esta-conquista-historica\/#primaryimage"},"image":{"@id":"https:\/\/apuntesdesanluis.com\/index.php\/2024\/11\/22\/debemos-defender-y-ratificar-esta-conquista-historica\/#primaryimage"},"thumbnailUrl":"https:\/\/apuntesdesanluis.com\/wp-content\/uploads\/2024\/11\/MARCELO-SOSA.jpg","datePublished":"2024-11-23T00:37:48+00:00","dateModified":"2024-11-23T01:22:10+00:00","breadcrumb":{"@id":"https:\/\/apuntesdesanluis.com\/index.php\/2024\/11\/22\/debemos-defender-y-ratificar-esta-conquista-historica\/#breadcrumb"},"inLanguage":"es-AR","potentialAction":[{"@type":"ReadAction","target":["https:\/\/apuntesdesanluis.com\/index.php\/2024\/11\/22\/debemos-defender-y-ratificar-esta-conquista-historica\/"]}]},{"@type":"ImageObject","inLanguage":"es-AR","@id":"https:\/\/apuntesdesanluis.com\/index.php\/2024\/11\/22\/debemos-defender-y-ratificar-esta-conquista-historica\/#primaryimage","url":"https:\/\/apuntesdesanluis.com\/wp-content\/uploads\/2024\/11\/MARCELO-SOSA.jpg","contentUrl":"https:\/\/apuntesdesanluis.com\/wp-content\/uploads\/2024\/11\/MARCELO-SOSA.jpg","width":783,"height":578},{"@type":"BreadcrumbList","@id":"https:\/\/apuntesdesanluis.com\/index.php\/2024\/11\/22\/debemos-defender-y-ratificar-esta-conquista-historica\/#breadcrumb","itemListElement":[{"@type":"ListItem","position":1,"name":"Inicio","item":"https:\/\/apuntesdesanluis.com\/"},{"@type":"ListItem","position":2,"name":"\u201cDEBEMOS DEFENDER Y RATIFICAR ESTA CONQUISTA HIST\u00d3RICA\u201d"}]},{"@type":"WebSite","@id":"https:\/\/apuntesdesanluis.com\/#website","url":"https:\/\/apuntesdesanluis.com\/","name":"Apuntes de San Luis","description":"","publisher":{"@id":"https:\/\/apuntesdesanluis.com\/#\/schema\/person\/b55151d52296fcce64d1a72538a70b90"},"potentialAction":[{"@type":"SearchAction","target":{"@type":"EntryPoint","urlTemplate":"https:\/\/apuntesdesanluis.com\/?s={search_term_string}"},"query-input":{"@type":"PropertyValueSpecification","valueRequired":true,"valueName":"search_term_string"}}],"inLanguage":"es-AR"},{"@type":["Person","Organization"],"@id":"https:\/\/apuntesdesanluis.com\/#\/schema\/person\/b55151d52296fcce64d1a72538a70b90","name":"apuntesdesanluis.com","image":{"@type":"ImageObject","inLanguage":"es-AR","@id":"https:\/\/apuntesdesanluis.com\/#\/schema\/person\/image\/","url":"https:\/\/apuntesdesanluis.com\/wp-content\/uploads\/2023\/07\/cropped-apuntesdesanluis.png","contentUrl":"https:\/\/apuntesdesanluis.com\/wp-content\/uploads\/2023\/07\/cropped-apuntesdesanluis.png","width":450,"height":112,"caption":"apuntesdesanluis.com"},"logo":{"@id":"https:\/\/apuntesdesanluis.com\/#\/schema\/person\/image\/"},"sameAs":["https:\/\/apuntesdesanluis.com"],"url":"https:\/\/apuntesdesanluis.com\/index.php\/author\/apuntesdesanluis-com\/"}]}},"featured_image_urls":{"full":["https:\/\/apuntesdesanluis.com\/wp-content\/uploads\/2024\/11\/MARCELO-SOSA.jpg",783,578,false],"thumbnail":["https:\/\/apuntesdesanluis.com\/wp-content\/uploads\/2024\/11\/MARCELO-SOSA-150x150.jpg",150,150,true],"medium":["https:\/\/apuntesdesanluis.com\/wp-content\/uploads\/2024\/11\/MARCELO-SOSA-300x221.jpg",300,221,true],"medium_large":["https:\/\/apuntesdesanluis.com\/wp-content\/uploads\/2024\/11\/MARCELO-SOSA-768x567.jpg",640,473,true],"large":["https:\/\/apuntesdesanluis.com\/wp-content\/uploads\/2024\/11\/MARCELO-SOSA.jpg",640,472,false],"1536x1536":["https:\/\/apuntesdesanluis.com\/wp-content\/uploads\/2024\/11\/MARCELO-SOSA.jpg",783,578,false],"2048x2048":["https:\/\/apuntesdesanluis.com\/wp-content\/uploads\/2024\/11\/MARCELO-SOSA.jpg",783,578,false],"newsever-slider-full":["https:\/\/apuntesdesanluis.com\/wp-content\/uploads\/2024\/11\/MARCELO-SOSA.jpg",783,578,false],"newsever-featured":["https:\/\/apuntesdesanluis.com\/wp-content\/uploads\/2024\/11\/MARCELO-SOSA.jpg",783,578,false],"newsever-medium":["https:\/\/apuntesdesanluis.com\/wp-content\/uploads\/2024\/11\/MARCELO-SOSA-720x475.jpg",720,475,true]},"author_info":{"display_name":"apuntesdesanluis.com","author_link":"https:\/\/apuntesdesanluis.com\/index.php\/author\/apuntesdesanluis-com\/"},"category_info":"<a href=\"https:\/\/apuntesdesanluis.com\/index.php\/category\/ciudad-provincia\/\" rel=\"category tag\">Ciudad\/Provincia<\/a>","tag_info":"Ciudad\/Provincia","comment_count":"0","_links":{"self":[{"href":"https:\/\/apuntesdesanluis.com\/index.php\/wp-json\/wp\/v2\/posts\/25607","targetHints":{"allow":["GET"]}}],"collection":[{"href":"https:\/\/apuntesdesanluis.com\/index.php\/wp-json\/wp\/v2\/posts"}],"about":[{"href":"https:\/\/apuntesdesanluis.com\/index.php\/wp-json\/wp\/v2\/types\/post"}],"author":[{"embeddable":true,"href":"https:\/\/apuntesdesanluis.com\/index.php\/wp-json\/wp\/v2\/users\/1"}],"replies":[{"embeddable":true,"href":"https:\/\/apuntesdesanluis.com\/index.php\/wp-json\/wp\/v2\/comments?post=25607"}],"version-history":[{"count":6,"href":"https:\/\/apuntesdesanluis.com\/index.php\/wp-json\/wp\/v2\/posts\/25607\/revisions"}],"predecessor-version":[{"id":25617,"href":"https:\/\/apuntesdesanluis.com\/index.php\/wp-json\/wp\/v2\/posts\/25607\/revisions\/25617"}],"wp:featuredmedia":[{"embeddable":true,"href":"https:\/\/apuntesdesanluis.com\/index.php\/wp-json\/wp\/v2\/media\/25612"}],"wp:attachment":[{"href":"https:\/\/apuntesdesanluis.com\/index.php\/wp-json\/wp\/v2\/media?parent=25607"}],"wp:term":[{"taxonomy":"category","embeddable":true,"href":"https:\/\/apuntesdesanluis.com\/index.php\/wp-json\/wp\/v2\/categories?post=25607"},{"taxonomy":"post_tag","embeddable":true,"href":"https:\/\/apuntesdesanluis.com\/index.php\/wp-json\/wp\/v2\/tags?post=25607"}],"curies":[{"name":"wp","href":"https:\/\/api.w.org\/{rel}","templated":true}]}}