{"id":25634,"date":"2024-11-22T23:18:50","date_gmt":"2024-11-23T02:18:50","guid":{"rendered":"https:\/\/apuntesdesanluis.com\/?p=25634"},"modified":"2024-11-22T23:21:53","modified_gmt":"2024-11-23T02:21:53","slug":"historico-por-primera-vez-se-realizo-en-san-luis-un-trasplante-de-organos","status":"publish","type":"post","link":"https:\/\/apuntesdesanluis.com\/index.php\/2024\/11\/22\/historico-por-primera-vez-se-realizo-en-san-luis-un-trasplante-de-organos\/","title":{"rendered":"HIST\u00d3RICO: POR PRIMERA VEZ SE REALIZ\u00d3 EN SAN LUIS UN TRASPLANTE DE \u00d3RGANOS"},"content":{"rendered":"<h3>El <strong>Hospital Central \u2018Dr. Ram\u00f3n Carrillo\u2019<\/strong> fue sede del <strong>primer trasplante de \u00f3rganos en la historia de la salud p\u00fablica de San Luis<\/strong>.<\/h3>\n<h3>Profesionales del sistema p\u00fablico de salud del Hospital Central \u2018Dr. Ram\u00f3n Carrillo\u2019 realizaron el primer trasplante de \u00f3rganos en la historia de San Luis.<\/h3>\n<h3>Fue de ri\u00f1\u00f3n, a un paciente en lista de espera de la provincia y a trav\u00e9s de un donante tambi\u00e9n local.<\/h3>\n<h3><strong>Parte m\u00e9dico oficial<\/strong><\/h3>\n<h3>La intervenci\u00f3n comenz\u00f3 a las 00:30 de este viernes y dur\u00f3 aproximadamente tres horas, sin que se presentaran complicaciones intraoperatorias.<\/h3>\n<h3>Los primeros controles por im\u00e1genes mostraron el correcto funcionamiento del \u00f3rgano, siendo los primeros d\u00edas postoperatorios cruciales por si se presenta alguna complicaci\u00f3n. El paciente est\u00e1 despierto y en su habitaci\u00f3n en sala de moderados.<\/h3>\n<h3>El procedimiento fue llevado a cabo por el equipo de ablaci\u00f3n e implante del hospital perteneciente a la salud p\u00fablica sanluise\u00f1a, y el seguimiento ser\u00e1 realizado por profesionales y t\u00e9cnicos del propio centro de salud.<\/h3>\n<h3>En las pr\u00f3ximas horas se brindar\u00e1 un nuevo comunicado para informar acerca de la evoluci\u00f3n del paciente.<\/h3>\n<p><img fetchpriority=\"high\" decoding=\"async\" class=\"wp-image-25636 aligncenter\" src=\"https:\/\/apuntesdesanluis.com\/wp-content\/uploads\/2024\/11\/comunicado-249x300.png\" alt=\"\" width=\"553\" height=\"666\" srcset=\"https:\/\/apuntesdesanluis.com\/wp-content\/uploads\/2024\/11\/comunicado-249x300.png 249w, https:\/\/apuntesdesanluis.com\/wp-content\/uploads\/2024\/11\/comunicado.png 581w\" sizes=\"(max-width: 553px) 100vw, 553px\" \/><\/p>\n<p>&nbsp;<\/p>\n<p>&nbsp;<\/p>\n<p>&nbsp;<\/p>\n<p>&nbsp;<\/p>\n<p>&nbsp;<\/p>\n<p>&nbsp;<\/p>\n<p>&nbsp;<\/p>\n<p>&nbsp;<\/p>\n<p>&nbsp;<\/p>\n<p>&nbsp;<\/p>\n<p>&nbsp;<\/p>\n<p>&nbsp;<\/p>\n<p>&nbsp;<\/p>\n","protected":false},"excerpt":{"rendered":"<p>El Hospital Central \u2018Dr. Ram\u00f3n Carrillo\u2019 fue sede del primer trasplante de \u00f3rganos en la&#8230;<\/p>\n","protected":false},"author":1,"featured_media":2441,"comment_status":"closed","ping_status":"closed","sticky":false,"template":"","format":"standard","meta":{"footnotes":""},"categories":[6],"tags":[],"class_list":["post-25634","post","type-post","status-publish","format-standard","has-post-thumbnail","hentry","category-ciudad-provincia"],"yoast_head":"<!-- This site is optimized with the Yoast SEO plugin v26.1.1 - https:\/\/yoast.com\/wordpress\/plugins\/seo\/ -->\n<title>HIST\u00d3RICO: POR PRIMERA VEZ SE REALIZ\u00d3 EN SAN LUIS UN TRASPLANTE DE \u00d3RGANOS - Apuntes de San Luis<\/title>\n<meta name=\"robots\" content=\"index, follow, max-snippet:-1, max-image-preview:large, max-video-preview:-1\" \/>\n<link rel=\"canonical\" href=\"https:\/\/apuntesdesanluis.com\/index.php\/2024\/11\/22\/historico-por-primera-vez-se-realizo-en-san-luis-un-trasplante-de-organos\/\" \/>\n<meta property=\"og:locale\" content=\"es_ES\" \/>\n<meta property=\"og:type\" content=\"article\" \/>\n<meta property=\"og:title\" content=\"HIST\u00d3RICO: POR PRIMERA VEZ SE REALIZ\u00d3 EN SAN LUIS UN TRASPLANTE DE \u00d3RGANOS - Apuntes de San Luis\" \/>\n<meta property=\"og:description\" content=\"El Hospital Central \u2018Dr. Ram\u00f3n Carrillo\u2019 fue sede del primer trasplante de \u00f3rganos en la...\" \/>\n<meta property=\"og:url\" content=\"https:\/\/apuntesdesanluis.com\/index.php\/2024\/11\/22\/historico-por-primera-vez-se-realizo-en-san-luis-un-trasplante-de-organos\/\" \/>\n<meta property=\"og:site_name\" content=\"Apuntes de San Luis\" \/>\n<meta property=\"article:published_time\" content=\"2024-11-23T02:18:50+00:00\" \/>\n<meta property=\"article:modified_time\" content=\"2024-11-23T02:21:53+00:00\" \/>\n<meta property=\"og:image\" content=\"https:\/\/apuntesdesanluis.com\/wp-content\/uploads\/2023\/08\/HOSPITAL-RAMON-CARRILLO.png\" \/>\n\t<meta property=\"og:image:width\" content=\"619\" \/>\n\t<meta property=\"og:image:height\" content=\"419\" \/>\n\t<meta property=\"og:image:type\" content=\"image\/png\" \/>\n<meta name=\"author\" content=\"apuntesdesanluis.com\" \/>\n<meta name=\"twitter:card\" content=\"summary_large_image\" \/>\n<meta name=\"twitter:label1\" content=\"Escrito por\" \/>\n\t<meta name=\"twitter:data1\" content=\"apuntesdesanluis.com\" \/>\n\t<meta name=\"twitter:label2\" content=\"Tiempo de lectura\" \/>\n\t<meta name=\"twitter:data2\" content=\"2 minutos\" \/>\n<script type=\"application\/ld+json\" class=\"yoast-schema-graph\">{\"@context\":\"https:\/\/schema.org\",\"@graph\":[{\"@type\":\"Article\",\"@id\":\"https:\/\/apuntesdesanluis.com\/index.php\/2024\/11\/22\/historico-por-primera-vez-se-realizo-en-san-luis-un-trasplante-de-organos\/#article\",\"isPartOf\":{\"@id\":\"https:\/\/apuntesdesanluis.com\/index.php\/2024\/11\/22\/historico-por-primera-vez-se-realizo-en-san-luis-un-trasplante-de-organos\/\"},\"author\":{\"name\":\"apuntesdesanluis.com\",\"@id\":\"https:\/\/apuntesdesanluis.com\/#\/schema\/person\/b55151d52296fcce64d1a72538a70b90\"},\"headline\":\"HIST\u00d3RICO: POR PRIMERA VEZ SE REALIZ\u00d3 EN SAN LUIS UN TRASPLANTE DE \u00d3RGANOS\",\"datePublished\":\"2024-11-23T02:18:50+00:00\",\"dateModified\":\"2024-11-23T02:21:53+00:00\",\"mainEntityOfPage\":{\"@id\":\"https:\/\/apuntesdesanluis.com\/index.php\/2024\/11\/22\/historico-por-primera-vez-se-realizo-en-san-luis-un-trasplante-de-organos\/\"},\"wordCount\":223,\"publisher\":{\"@id\":\"https:\/\/apuntesdesanluis.com\/#\/schema\/person\/b55151d52296fcce64d1a72538a70b90\"},\"image\":{\"@id\":\"https:\/\/apuntesdesanluis.com\/index.php\/2024\/11\/22\/historico-por-primera-vez-se-realizo-en-san-luis-un-trasplante-de-organos\/#primaryimage\"},\"thumbnailUrl\":\"https:\/\/apuntesdesanluis.com\/wp-content\/uploads\/2023\/08\/HOSPITAL-RAMON-CARRILLO.png\",\"articleSection\":[\"Ciudad\/Provincia\"],\"inLanguage\":\"es-AR\"},{\"@type\":\"WebPage\",\"@id\":\"https:\/\/apuntesdesanluis.com\/index.php\/2024\/11\/22\/historico-por-primera-vez-se-realizo-en-san-luis-un-trasplante-de-organos\/\",\"url\":\"https:\/\/apuntesdesanluis.com\/index.php\/2024\/11\/22\/historico-por-primera-vez-se-realizo-en-san-luis-un-trasplante-de-organos\/\",\"name\":\"HIST\u00d3RICO: POR PRIMERA VEZ SE REALIZ\u00d3 EN SAN LUIS UN TRASPLANTE DE \u00d3RGANOS - Apuntes de San Luis\",\"isPartOf\":{\"@id\":\"https:\/\/apuntesdesanluis.com\/#website\"},\"primaryImageOfPage\":{\"@id\":\"https:\/\/apuntesdesanluis.com\/index.php\/2024\/11\/22\/historico-por-primera-vez-se-realizo-en-san-luis-un-trasplante-de-organos\/#primaryimage\"},\"image\":{\"@id\":\"https:\/\/apuntesdesanluis.com\/index.php\/2024\/11\/22\/historico-por-primera-vez-se-realizo-en-san-luis-un-trasplante-de-organos\/#primaryimage\"},\"thumbnailUrl\":\"https:\/\/apuntesdesanluis.com\/wp-content\/uploads\/2023\/08\/HOSPITAL-RAMON-CARRILLO.png\",\"datePublished\":\"2024-11-23T02:18:50+00:00\",\"dateModified\":\"2024-11-23T02:21:53+00:00\",\"breadcrumb\":{\"@id\":\"https:\/\/apuntesdesanluis.com\/index.php\/2024\/11\/22\/historico-por-primera-vez-se-realizo-en-san-luis-un-trasplante-de-organos\/#breadcrumb\"},\"inLanguage\":\"es-AR\",\"potentialAction\":[{\"@type\":\"ReadAction\",\"target\":[\"https:\/\/apuntesdesanluis.com\/index.php\/2024\/11\/22\/historico-por-primera-vez-se-realizo-en-san-luis-un-trasplante-de-organos\/\"]}]},{\"@type\":\"ImageObject\",\"inLanguage\":\"es-AR\",\"@id\":\"https:\/\/apuntesdesanluis.com\/index.php\/2024\/11\/22\/historico-por-primera-vez-se-realizo-en-san-luis-un-trasplante-de-organos\/#primaryimage\",\"url\":\"https:\/\/apuntesdesanluis.com\/wp-content\/uploads\/2023\/08\/HOSPITAL-RAMON-CARRILLO.png\",\"contentUrl\":\"https:\/\/apuntesdesanluis.com\/wp-content\/uploads\/2023\/08\/HOSPITAL-RAMON-CARRILLO.png\",\"width\":619,\"height\":419},{\"@type\":\"BreadcrumbList\",\"@id\":\"https:\/\/apuntesdesanluis.com\/index.php\/2024\/11\/22\/historico-por-primera-vez-se-realizo-en-san-luis-un-trasplante-de-organos\/#breadcrumb\",\"itemListElement\":[{\"@type\":\"ListItem\",\"position\":1,\"name\":\"Inicio\",\"item\":\"https:\/\/apuntesdesanluis.com\/\"},{\"@type\":\"ListItem\",\"position\":2,\"name\":\"HIST\u00d3RICO: POR PRIMERA VEZ SE REALIZ\u00d3 EN SAN LUIS UN TRASPLANTE DE \u00d3RGANOS\"}]},{\"@type\":\"WebSite\",\"@id\":\"https:\/\/apuntesdesanluis.com\/#website\",\"url\":\"https:\/\/apuntesdesanluis.com\/\",\"name\":\"Apuntes de San Luis\",\"description\":\"\",\"publisher\":{\"@id\":\"https:\/\/apuntesdesanluis.com\/#\/schema\/person\/b55151d52296fcce64d1a72538a70b90\"},\"potentialAction\":[{\"@type\":\"SearchAction\",\"target\":{\"@type\":\"EntryPoint\",\"urlTemplate\":\"https:\/\/apuntesdesanluis.com\/?s={search_term_string}\"},\"query-input\":{\"@type\":\"PropertyValueSpecification\",\"valueRequired\":true,\"valueName\":\"search_term_string\"}}],\"inLanguage\":\"es-AR\"},{\"@type\":[\"Person\",\"Organization\"],\"@id\":\"https:\/\/apuntesdesanluis.com\/#\/schema\/person\/b55151d52296fcce64d1a72538a70b90\",\"name\":\"apuntesdesanluis.com\",\"image\":{\"@type\":\"ImageObject\",\"inLanguage\":\"es-AR\",\"@id\":\"https:\/\/apuntesdesanluis.com\/#\/schema\/person\/image\/\",\"url\":\"https:\/\/apuntesdesanluis.com\/wp-content\/uploads\/2023\/07\/cropped-apuntesdesanluis.png\",\"contentUrl\":\"https:\/\/apuntesdesanluis.com\/wp-content\/uploads\/2023\/07\/cropped-apuntesdesanluis.png\",\"width\":450,\"height\":112,\"caption\":\"apuntesdesanluis.com\"},\"logo\":{\"@id\":\"https:\/\/apuntesdesanluis.com\/#\/schema\/person\/image\/\"},\"sameAs\":[\"https:\/\/apuntesdesanluis.com\"],\"url\":\"https:\/\/apuntesdesanluis.com\/index.php\/author\/apuntesdesanluis-com\/\"}]}<\/script>\n<!-- \/ Yoast SEO plugin. -->","yoast_head_json":{"title":"HIST\u00d3RICO: POR PRIMERA VEZ SE REALIZ\u00d3 EN SAN LUIS UN TRASPLANTE DE \u00d3RGANOS - Apuntes de San Luis","robots":{"index":"index","follow":"follow","max-snippet":"max-snippet:-1","max-image-preview":"max-image-preview:large","max-video-preview":"max-video-preview:-1"},"canonical":"https:\/\/apuntesdesanluis.com\/index.php\/2024\/11\/22\/historico-por-primera-vez-se-realizo-en-san-luis-un-trasplante-de-organos\/","og_locale":"es_ES","og_type":"article","og_title":"HIST\u00d3RICO: POR PRIMERA VEZ SE REALIZ\u00d3 EN SAN LUIS UN TRASPLANTE DE \u00d3RGANOS - Apuntes de San Luis","og_description":"El Hospital Central \u2018Dr. Ram\u00f3n Carrillo\u2019 fue sede del primer trasplante de \u00f3rganos en la...","og_url":"https:\/\/apuntesdesanluis.com\/index.php\/2024\/11\/22\/historico-por-primera-vez-se-realizo-en-san-luis-un-trasplante-de-organos\/","og_site_name":"Apuntes de San Luis","article_published_time":"2024-11-23T02:18:50+00:00","article_modified_time":"2024-11-23T02:21:53+00:00","og_image":[{"width":619,"height":419,"url":"https:\/\/apuntesdesanluis.com\/wp-content\/uploads\/2023\/08\/HOSPITAL-RAMON-CARRILLO.png","type":"image\/png"}],"author":"apuntesdesanluis.com","twitter_card":"summary_large_image","twitter_misc":{"Escrito por":"apuntesdesanluis.com","Tiempo de lectura":"2 minutos"},"schema":{"@context":"https:\/\/schema.org","@graph":[{"@type":"Article","@id":"https:\/\/apuntesdesanluis.com\/index.php\/2024\/11\/22\/historico-por-primera-vez-se-realizo-en-san-luis-un-trasplante-de-organos\/#article","isPartOf":{"@id":"https:\/\/apuntesdesanluis.com\/index.php\/2024\/11\/22\/historico-por-primera-vez-se-realizo-en-san-luis-un-trasplante-de-organos\/"},"author":{"name":"apuntesdesanluis.com","@id":"https:\/\/apuntesdesanluis.com\/#\/schema\/person\/b55151d52296fcce64d1a72538a70b90"},"headline":"HIST\u00d3RICO: POR PRIMERA VEZ SE REALIZ\u00d3 EN SAN LUIS UN TRASPLANTE DE \u00d3RGANOS","datePublished":"2024-11-23T02:18:50+00:00","dateModified":"2024-11-23T02:21:53+00:00","mainEntityOfPage":{"@id":"https:\/\/apuntesdesanluis.com\/index.php\/2024\/11\/22\/historico-por-primera-vez-se-realizo-en-san-luis-un-trasplante-de-organos\/"},"wordCount":223,"publisher":{"@id":"https:\/\/apuntesdesanluis.com\/#\/schema\/person\/b55151d52296fcce64d1a72538a70b90"},"image":{"@id":"https:\/\/apuntesdesanluis.com\/index.php\/2024\/11\/22\/historico-por-primera-vez-se-realizo-en-san-luis-un-trasplante-de-organos\/#primaryimage"},"thumbnailUrl":"https:\/\/apuntesdesanluis.com\/wp-content\/uploads\/2023\/08\/HOSPITAL-RAMON-CARRILLO.png","articleSection":["Ciudad\/Provincia"],"inLanguage":"es-AR"},{"@type":"WebPage","@id":"https:\/\/apuntesdesanluis.com\/index.php\/2024\/11\/22\/historico-por-primera-vez-se-realizo-en-san-luis-un-trasplante-de-organos\/","url":"https:\/\/apuntesdesanluis.com\/index.php\/2024\/11\/22\/historico-por-primera-vez-se-realizo-en-san-luis-un-trasplante-de-organos\/","name":"HIST\u00d3RICO: POR PRIMERA VEZ SE REALIZ\u00d3 EN SAN LUIS UN TRASPLANTE DE \u00d3RGANOS - Apuntes de San Luis","isPartOf":{"@id":"https:\/\/apuntesdesanluis.com\/#website"},"primaryImageOfPage":{"@id":"https:\/\/apuntesdesanluis.com\/index.php\/2024\/11\/22\/historico-por-primera-vez-se-realizo-en-san-luis-un-trasplante-de-organos\/#primaryimage"},"image":{"@id":"https:\/\/apuntesdesanluis.com\/index.php\/2024\/11\/22\/historico-por-primera-vez-se-realizo-en-san-luis-un-trasplante-de-organos\/#primaryimage"},"thumbnailUrl":"https:\/\/apuntesdesanluis.com\/wp-content\/uploads\/2023\/08\/HOSPITAL-RAMON-CARRILLO.png","datePublished":"2024-11-23T02:18:50+00:00","dateModified":"2024-11-23T02:21:53+00:00","breadcrumb":{"@id":"https:\/\/apuntesdesanluis.com\/index.php\/2024\/11\/22\/historico-por-primera-vez-se-realizo-en-san-luis-un-trasplante-de-organos\/#breadcrumb"},"inLanguage":"es-AR","potentialAction":[{"@type":"ReadAction","target":["https:\/\/apuntesdesanluis.com\/index.php\/2024\/11\/22\/historico-por-primera-vez-se-realizo-en-san-luis-un-trasplante-de-organos\/"]}]},{"@type":"ImageObject","inLanguage":"es-AR","@id":"https:\/\/apuntesdesanluis.com\/index.php\/2024\/11\/22\/historico-por-primera-vez-se-realizo-en-san-luis-un-trasplante-de-organos\/#primaryimage","url":"https:\/\/apuntesdesanluis.com\/wp-content\/uploads\/2023\/08\/HOSPITAL-RAMON-CARRILLO.png","contentUrl":"https:\/\/apuntesdesanluis.com\/wp-content\/uploads\/2023\/08\/HOSPITAL-RAMON-CARRILLO.png","width":619,"height":419},{"@type":"BreadcrumbList","@id":"https:\/\/apuntesdesanluis.com\/index.php\/2024\/11\/22\/historico-por-primera-vez-se-realizo-en-san-luis-un-trasplante-de-organos\/#breadcrumb","itemListElement":[{"@type":"ListItem","position":1,"name":"Inicio","item":"https:\/\/apuntesdesanluis.com\/"},{"@type":"ListItem","position":2,"name":"HIST\u00d3RICO: POR PRIMERA VEZ SE REALIZ\u00d3 EN SAN LUIS UN TRASPLANTE DE \u00d3RGANOS"}]},{"@type":"WebSite","@id":"https:\/\/apuntesdesanluis.com\/#website","url":"https:\/\/apuntesdesanluis.com\/","name":"Apuntes de San Luis","description":"","publisher":{"@id":"https:\/\/apuntesdesanluis.com\/#\/schema\/person\/b55151d52296fcce64d1a72538a70b90"},"potentialAction":[{"@type":"SearchAction","target":{"@type":"EntryPoint","urlTemplate":"https:\/\/apuntesdesanluis.com\/?s={search_term_string}"},"query-input":{"@type":"PropertyValueSpecification","valueRequired":true,"valueName":"search_term_string"}}],"inLanguage":"es-AR"},{"@type":["Person","Organization"],"@id":"https:\/\/apuntesdesanluis.com\/#\/schema\/person\/b55151d52296fcce64d1a72538a70b90","name":"apuntesdesanluis.com","image":{"@type":"ImageObject","inLanguage":"es-AR","@id":"https:\/\/apuntesdesanluis.com\/#\/schema\/person\/image\/","url":"https:\/\/apuntesdesanluis.com\/wp-content\/uploads\/2023\/07\/cropped-apuntesdesanluis.png","contentUrl":"https:\/\/apuntesdesanluis.com\/wp-content\/uploads\/2023\/07\/cropped-apuntesdesanluis.png","width":450,"height":112,"caption":"apuntesdesanluis.com"},"logo":{"@id":"https:\/\/apuntesdesanluis.com\/#\/schema\/person\/image\/"},"sameAs":["https:\/\/apuntesdesanluis.com"],"url":"https:\/\/apuntesdesanluis.com\/index.php\/author\/apuntesdesanluis-com\/"}]}},"featured_image_urls":{"full":["https:\/\/apuntesdesanluis.com\/wp-content\/uploads\/2023\/08\/HOSPITAL-RAMON-CARRILLO.png",619,419,false],"thumbnail":["https:\/\/apuntesdesanluis.com\/wp-content\/uploads\/2023\/08\/HOSPITAL-RAMON-CARRILLO-150x150.png",150,150,true],"medium":["https:\/\/apuntesdesanluis.com\/wp-content\/uploads\/2023\/08\/HOSPITAL-RAMON-CARRILLO-300x203.png",300,203,true],"medium_large":["https:\/\/apuntesdesanluis.com\/wp-content\/uploads\/2023\/08\/HOSPITAL-RAMON-CARRILLO.png",619,419,false],"large":["https:\/\/apuntesdesanluis.com\/wp-content\/uploads\/2023\/08\/HOSPITAL-RAMON-CARRILLO.png",619,419,false],"1536x1536":["https:\/\/apuntesdesanluis.com\/wp-content\/uploads\/2023\/08\/HOSPITAL-RAMON-CARRILLO.png",619,419,false],"2048x2048":["https:\/\/apuntesdesanluis.com\/wp-content\/uploads\/2023\/08\/HOSPITAL-RAMON-CARRILLO.png",619,419,false],"newsever-slider-full":["https:\/\/apuntesdesanluis.com\/wp-content\/uploads\/2023\/08\/HOSPITAL-RAMON-CARRILLO.png",619,419,false],"newsever-featured":["https:\/\/apuntesdesanluis.com\/wp-content\/uploads\/2023\/08\/HOSPITAL-RAMON-CARRILLO.png",619,419,false],"newsever-medium":["https:\/\/apuntesdesanluis.com\/wp-content\/uploads\/2023\/08\/HOSPITAL-RAMON-CARRILLO.png",619,419,false]},"author_info":{"display_name":"apuntesdesanluis.com","author_link":"https:\/\/apuntesdesanluis.com\/index.php\/author\/apuntesdesanluis-com\/"},"category_info":"<a href=\"https:\/\/apuntesdesanluis.com\/index.php\/category\/ciudad-provincia\/\" rel=\"category tag\">Ciudad\/Provincia<\/a>","tag_info":"Ciudad\/Provincia","comment_count":"0","_links":{"self":[{"href":"https:\/\/apuntesdesanluis.com\/index.php\/wp-json\/wp\/v2\/posts\/25634","targetHints":{"allow":["GET"]}}],"collection":[{"href":"https:\/\/apuntesdesanluis.com\/index.php\/wp-json\/wp\/v2\/posts"}],"about":[{"href":"https:\/\/apuntesdesanluis.com\/index.php\/wp-json\/wp\/v2\/types\/post"}],"author":[{"embeddable":true,"href":"https:\/\/apuntesdesanluis.com\/index.php\/wp-json\/wp\/v2\/users\/1"}],"replies":[{"embeddable":true,"href":"https:\/\/apuntesdesanluis.com\/index.php\/wp-json\/wp\/v2\/comments?post=25634"}],"version-history":[{"count":2,"href":"https:\/\/apuntesdesanluis.com\/index.php\/wp-json\/wp\/v2\/posts\/25634\/revisions"}],"predecessor-version":[{"id":25637,"href":"https:\/\/apuntesdesanluis.com\/index.php\/wp-json\/wp\/v2\/posts\/25634\/revisions\/25637"}],"wp:featuredmedia":[{"embeddable":true,"href":"https:\/\/apuntesdesanluis.com\/index.php\/wp-json\/wp\/v2\/media\/2441"}],"wp:attachment":[{"href":"https:\/\/apuntesdesanluis.com\/index.php\/wp-json\/wp\/v2\/media?parent=25634"}],"wp:term":[{"taxonomy":"category","embeddable":true,"href":"https:\/\/apuntesdesanluis.com\/index.php\/wp-json\/wp\/v2\/categories?post=25634"},{"taxonomy":"post_tag","embeddable":true,"href":"https:\/\/apuntesdesanluis.com\/index.php\/wp-json\/wp\/v2\/tags?post=25634"}],"curies":[{"name":"wp","href":"https:\/\/api.w.org\/{rel}","templated":true}]}}