{"id":25638,"date":"2024-11-24T11:49:49","date_gmt":"2024-11-24T14:49:49","guid":{"rendered":"https:\/\/apuntesdesanluis.com\/?p=25638"},"modified":"2024-11-24T11:55:03","modified_gmt":"2024-11-24T14:55:03","slug":"causa-molino-fenix-entre-grabaciones-formulacion-de-cargos-y-desafuero","status":"publish","type":"post","link":"https:\/\/apuntesdesanluis.com\/index.php\/2024\/11\/24\/causa-molino-fenix-entre-grabaciones-formulacion-de-cargos-y-desafuero\/","title":{"rendered":"CAUSA MOLINO F\u00c9NIX: ENTRE GRABACIONES, FORMULACI\u00d3N DE CARGOS Y DESAFUERO"},"content":{"rendered":"<h3>Por <strong>Eduardo Gargiulo<\/strong><\/h3>\n<h3>La investigaci\u00f3n que se lleva adelante por el vaciamiento del Complejo Molino F\u00e9nix y la Casa de la M\u00fasica, est\u00e1 llamada a convertirse en la vedette de las causas de corrupci\u00f3n que involucran al anterior gobierno. Pero que tambi\u00e9n salpican a funcionarios del actual.<\/h3>\n<h3>Luego de los impactantes allanamientos que realiz\u00f3 la justicia en los domicilios de los principales sospechosos, entre ellos el anterior administrador <strong>Joaqu\u00edn Beltr\u00e1n<\/strong>, su pareja <strong>Anabela Lucero<\/strong>, su hermano <strong>Enzo Lucero<\/strong> (jefe de Eventos), <strong>Exequiel Alberto Scarel <\/strong>(coordinador de la Casa de la M\u00fasica) y <strong>Diego Emanuel Torres<\/strong> (coordinador de Teatro), los fiscales se encuentran analizando las pruebas y ordenar\u00edan nuevas medidas en los pr\u00f3ximos d\u00edas.<\/h3>\n<p><img fetchpriority=\"high\" decoding=\"async\" class=\"wp-image-25641 aligncenter\" src=\"https:\/\/apuntesdesanluis.com\/wp-content\/uploads\/2024\/11\/jose-olguin-300x201.png\" alt=\"\" width=\"566\" height=\"379\" srcset=\"https:\/\/apuntesdesanluis.com\/wp-content\/uploads\/2024\/11\/jose-olguin-300x201.png 300w, https:\/\/apuntesdesanluis.com\/wp-content\/uploads\/2024\/11\/jose-olguin.png 746w\" sizes=\"(max-width: 566px) 100vw, 566px\" \/><\/p>\n<h4 style=\"text-align: center;\"><em>Fiscal Jos\u00e9 Olgu\u00edn.<\/em><\/h4>\n<h3>Se supo que la defensa de los denunciados la ejercen dos dirigentes pol\u00edticos de vasta experiencia \u2013y ma\u00f1as-, como son los abogados <strong>Carlos Cobo<\/strong> y <strong>Gonzalo Estrada<\/strong>, que comparten afinidad con Alberto Rodr\u00edguez Sa\u00e1 y coinciden en sus diferencias tanto con Poggi como con Frontera. Su presencia y variedad de recursos, garantiza que en este culebr\u00f3n, cualquier cosa puede suceder.<\/h3>\n<h3>En este contexto, circul\u00f3 y se viraliz\u00f3 en redes sociales la grabaci\u00f3n de la charla telef\u00f3nica que mantuvieron el actual administrador del complejo, <strong>Pablo Fernando Gonz\u00e1lez<\/strong>, con el diputado provincial, <strong>Joaqu\u00edn Beltr\u00e1n<\/strong> (fotos de portada).<\/h3>\n<h3>Durante la conversaci\u00f3n Gonz\u00e1lez aparece como disculp\u00e1ndose y ataj\u00e1ndose de la denuncia que hizo oportunamente, \u201cpor dichos de otros\u201d. M\u00e1s preocupado por afirmar que el cargo no le interesa, porque \u00e9l se dedica a otros negocios m\u00e1s lucrativos, y que no tiene nada personal contra Beltr\u00e1n. Incluso asegura ins\u00f3litamente que todo lo arm\u00f3 Ricardo Bazla (Secretario de \u00c9tica P\u00fablica) por instrucciones de Frontera (\u00bf?).<\/h3>\n<h3>Como si fuera poco, asegura que lo obligaron a ratificar la denuncia y que no lo dejan renunciar, pero que lo suyo pasa por hacer negocios, \u201ccomo hac\u00eda con Gustavo Morales en (el boliche) Barrio Bajo\u2026\u201d, ejemplifica.<\/h3>\n<h3>Por lo que <strong>Apuntes de San Luis<\/strong> pudo averiguar, la grabaci\u00f3n fue incorporada a la causa por parte de la Defensa de los imputados, quedando claro que fue el propio Beltr\u00e1n el que la hizo y dejando como un pavo al actual Director del Molino F\u00e9nix, quien ahora tiembla cuando escucha el tel\u00e9fono.<\/h3>\n<p>&nbsp;<\/p>\n<!--[if lt IE 9]><script>document.createElement('audio');<\/script><![endif]-->\n<audio class=\"wp-audio-shortcode\" id=\"audio-25638-1\" preload=\"none\" style=\"width: 100%;\" controls=\"controls\"><source type=\"audio\/ogg\" src=\"https:\/\/apuntesdesanluis.com\/wp-content\/uploads\/2024\/11\/Charla-Gonzalez-con-Beltran.ogg?_=1\" \/><a href=\"https:\/\/apuntesdesanluis.com\/wp-content\/uploads\/2024\/11\/Charla-Gonzalez-con-Beltran.ogg\">https:\/\/apuntesdesanluis.com\/wp-content\/uploads\/2024\/11\/Charla-Gonzalez-con-Beltran.ogg<\/a><\/audio>\n<h3><\/h3>\n<h3>M\u00e1s all\u00e1 del escaso valor probatorio que pueda tener una grabaci\u00f3n efectuada sin intervenci\u00f3n judicial, pol\u00edticamente el di\u00e1logo intenta instalar la duda sobre el proceso y dejar entrever que hay una persecuci\u00f3n judicial, lo cual coincide con la defensa que hizo en redes la propia Anabela Lucero, tras ser allanada en su coqueta casa del barrio 1.000 Viviendas.<\/h3>\n<h3><strong>PR\u00d3XIMAS MEDIDAS<\/strong><\/h3>\n<h3>En lo que resta de noviembre y diciembre se tomar\u00e1n medidas que provocar\u00e1n fuertes cimbronazos, seg\u00fan trascendi\u00f3 de fuentes tribunalicias. Tanto para la suerte personal de los involucrados en este sonado caso, como tambi\u00e9n en t\u00e9rminos pol\u00edticos.\u00a0Por un lado, el fiscal <strong>Jos\u00e9 Olgu\u00edn<\/strong> y su adjunto <strong>Marcelo Palacios<\/strong>, tendr\u00edan en carpeta ordenar nuevas medidas, tras analizar cierta documentaci\u00f3n secuestrada en los allanamientos, que tienen que ver con contrataciones efectuadas en la anterior gesti\u00f3n del Complejo Molino F\u00e9nix.<\/h3>\n<h3>Tambi\u00e9n podr\u00edan disponer otros allanamientos y ampliaciones de testimoniales que ya se han tomado, y que sindican la \u201cintervenci\u00f3n directa\u201d en las \u00f3rdenes de <strong>Anabela Lucero, <\/strong>que asumir\u00e1 el 1\u00b0 de diciembre como consejera titular del Consejo Provincial Justicialista y que forma parte del estecho c\u00edrculo de amistad de Alberto padre e hijo.<\/h3>\n<h3><img decoding=\"async\" class=\"wp-image-25642 aligncenter\" src=\"https:\/\/apuntesdesanluis.com\/wp-content\/uploads\/2024\/11\/anabella-joaquin-albertito-300x211.png\" alt=\"\" width=\"616\" height=\"433\" srcset=\"https:\/\/apuntesdesanluis.com\/wp-content\/uploads\/2024\/11\/anabella-joaquin-albertito-300x211.png 300w, https:\/\/apuntesdesanluis.com\/wp-content\/uploads\/2024\/11\/anabella-joaquin-albertito.png 525w\" sizes=\"(max-width: 616px) 100vw, 616px\" \/><\/h3>\n<h3>Lo anterior es central, porque hasta ahora la ex administradora no hab\u00eda sido denunciada, dado que hasta diciembre de 2023 se desempe\u00f1\u00f3 como diputada provincial. Pero los empleados que declararon aseguran, no obstante, que junto con su pareja Joaqu\u00edn Beltr\u00e1n \u201ceran los que daban \u00f3rdenes y manejaban todo\u201d.<\/h3>\n<h3>Por otro lado, tambi\u00e9n se habr\u00eda recuperado de las computadoras informaci\u00f3n de los movimientos econ\u00f3micos, compras y contrataciones, en las que aparecen \u201cnumerosas empresas y monotributistas\u201d a los que se llamar\u00eda a declarar.<\/h3>\n<h3>Como si fuera poco, tambi\u00e9n habr\u00edan aparecido filmaciones de los \u00faltimos d\u00edas de la gesti\u00f3n de Beltr\u00e1n y sus colaboradores, cuando supuestamente se retiraban elementos en horas de la noche, tomadas de c\u00e1maras que no ser\u00edan las propias del Molino F\u00e9nix, cuyas grabaciones fueron borradas.<\/h3>\n<h3>Con este arsenal probatorio, la fiscal\u00eda estar\u00eda en condiciones de avanzar hacia la formulaci\u00f3n de cargos, con lo cual no hay que descartar que aparezcan nuevos acusados y que la imputaci\u00f3n sea por \u201casociaci\u00f3n il\u00edcita\u201d, seg\u00fan interpreta un penalista que algo sabe de estas cosas.<\/h3>\n<h3>En este orden, el pr\u00f3ximo paso remite a lo actuado en el caso del ex senador <strong>Ariel Rosendo<\/strong>, cuando fue procesado penalmente en setiembre de 2020, por cuestiones menos gravosas. Si como trascendi\u00f3, la contundencia de las pruebas lleva a un cambio de car\u00e1tula (originalmente es por \u201cIncumplimiento de los deberes de funcionario p\u00fablico, malversaci\u00f3n de caudales y peculado\u201d), la justicia podr\u00eda solicitar a la C\u00e1mara Baja el <strong>desafuero del diputado Joaqu\u00edn Beltr\u00e1n<\/strong>. Habr\u00e1 que ver si los plazos dan para que se produzca antes de la pr\u00f3xima Navidad o pasa para el pr\u00f3ximo per\u00edodo de sesiones ordinarias.<\/h3>\n<h3>Este ser\u00eda el paso previo para que la causa avance hacia un juicio oral y p\u00fablico, en el cual podr\u00edan ventilarse detalles escandalosos del manejo de este organismo p\u00fablico, que supo ostentar un millonario presupuesto y sin ning\u00fan control.\u00a0 Proceso que coincidir\u00eda, casualmente, con las elecciones de 2025.<\/h3>\n<h3>Por eso la afirmaci\u00f3n del principio, en torno de la relevancia que caracteriza a esta causa de corrupci\u00f3n que, incluso, podr\u00eda relegar a un segundo plano a la que tiene entre las cuerdas a la ex secretaria de Deportes, <strong>Cintia Ramirez<\/strong>.<\/h3>\n<p>&nbsp;<\/p>\n<p>&nbsp;<\/p>\n<p>&nbsp;<\/p>\n","protected":false},"excerpt":{"rendered":"<p>Por Eduardo Gargiulo La investigaci\u00f3n que se lleva adelante por el vaciamiento del Complejo Molino&#8230;<\/p>\n","protected":false},"author":1,"featured_media":25639,"comment_status":"closed","ping_status":"closed","sticky":false,"template":"","format":"standard","meta":{"footnotes":""},"categories":[9],"tags":[],"class_list":["post-25638","post","type-post","status-publish","format-standard","has-post-thumbnail","hentry","category-opinion"],"yoast_head":"<!-- This site is optimized with the Yoast SEO plugin v26.1.1 - https:\/\/yoast.com\/wordpress\/plugins\/seo\/ -->\n<title>CAUSA MOLINO F\u00c9NIX: ENTRE GRABACIONES, FORMULACI\u00d3N DE CARGOS Y DESAFUERO - Apuntes de San Luis<\/title>\n<meta name=\"robots\" content=\"index, follow, max-snippet:-1, max-image-preview:large, max-video-preview:-1\" \/>\n<link rel=\"canonical\" href=\"https:\/\/apuntesdesanluis.com\/index.php\/2024\/11\/24\/causa-molino-fenix-entre-grabaciones-formulacion-de-cargos-y-desafuero\/\" \/>\n<meta property=\"og:locale\" content=\"es_ES\" \/>\n<meta property=\"og:type\" content=\"article\" \/>\n<meta property=\"og:title\" content=\"CAUSA MOLINO F\u00c9NIX: ENTRE GRABACIONES, FORMULACI\u00d3N DE CARGOS Y DESAFUERO - Apuntes de San Luis\" \/>\n<meta property=\"og:description\" content=\"Por Eduardo Gargiulo La investigaci\u00f3n que se lleva adelante por el vaciamiento del Complejo Molino...\" \/>\n<meta property=\"og:url\" content=\"https:\/\/apuntesdesanluis.com\/index.php\/2024\/11\/24\/causa-molino-fenix-entre-grabaciones-formulacion-de-cargos-y-desafuero\/\" \/>\n<meta property=\"og:site_name\" content=\"Apuntes de San Luis\" \/>\n<meta property=\"article:published_time\" content=\"2024-11-24T14:49:49+00:00\" \/>\n<meta property=\"article:modified_time\" content=\"2024-11-24T14:55:03+00:00\" \/>\n<meta property=\"og:image\" content=\"https:\/\/apuntesdesanluis.com\/wp-content\/uploads\/2024\/11\/molino.png\" \/>\n\t<meta property=\"og:image:width\" content=\"740\" \/>\n\t<meta property=\"og:image:height\" content=\"472\" \/>\n\t<meta property=\"og:image:type\" content=\"image\/png\" \/>\n<meta name=\"author\" content=\"apuntesdesanluis.com\" \/>\n<meta name=\"twitter:card\" content=\"summary_large_image\" \/>\n<meta name=\"twitter:label1\" content=\"Escrito por\" \/>\n\t<meta name=\"twitter:data1\" content=\"apuntesdesanluis.com\" \/>\n\t<meta name=\"twitter:label2\" content=\"Tiempo de lectura\" \/>\n\t<meta name=\"twitter:data2\" content=\"5 minutos\" \/>\n<script type=\"application\/ld+json\" class=\"yoast-schema-graph\">{\"@context\":\"https:\/\/schema.org\",\"@graph\":[{\"@type\":\"Article\",\"@id\":\"https:\/\/apuntesdesanluis.com\/index.php\/2024\/11\/24\/causa-molino-fenix-entre-grabaciones-formulacion-de-cargos-y-desafuero\/#article\",\"isPartOf\":{\"@id\":\"https:\/\/apuntesdesanluis.com\/index.php\/2024\/11\/24\/causa-molino-fenix-entre-grabaciones-formulacion-de-cargos-y-desafuero\/\"},\"author\":{\"name\":\"apuntesdesanluis.com\",\"@id\":\"https:\/\/apuntesdesanluis.com\/#\/schema\/person\/b55151d52296fcce64d1a72538a70b90\"},\"headline\":\"CAUSA MOLINO F\u00c9NIX: ENTRE GRABACIONES, FORMULACI\u00d3N DE CARGOS Y DESAFUERO\",\"datePublished\":\"2024-11-24T14:49:49+00:00\",\"dateModified\":\"2024-11-24T14:55:03+00:00\",\"mainEntityOfPage\":{\"@id\":\"https:\/\/apuntesdesanluis.com\/index.php\/2024\/11\/24\/causa-molino-fenix-entre-grabaciones-formulacion-de-cargos-y-desafuero\/\"},\"wordCount\":1034,\"publisher\":{\"@id\":\"https:\/\/apuntesdesanluis.com\/#\/schema\/person\/b55151d52296fcce64d1a72538a70b90\"},\"image\":{\"@id\":\"https:\/\/apuntesdesanluis.com\/index.php\/2024\/11\/24\/causa-molino-fenix-entre-grabaciones-formulacion-de-cargos-y-desafuero\/#primaryimage\"},\"thumbnailUrl\":\"https:\/\/apuntesdesanluis.com\/wp-content\/uploads\/2024\/11\/molino.png\",\"articleSection\":[\"Opini\u00f3n\"],\"inLanguage\":\"es-AR\"},{\"@type\":\"WebPage\",\"@id\":\"https:\/\/apuntesdesanluis.com\/index.php\/2024\/11\/24\/causa-molino-fenix-entre-grabaciones-formulacion-de-cargos-y-desafuero\/\",\"url\":\"https:\/\/apuntesdesanluis.com\/index.php\/2024\/11\/24\/causa-molino-fenix-entre-grabaciones-formulacion-de-cargos-y-desafuero\/\",\"name\":\"CAUSA MOLINO F\u00c9NIX: ENTRE GRABACIONES, FORMULACI\u00d3N DE CARGOS Y DESAFUERO - Apuntes de San Luis\",\"isPartOf\":{\"@id\":\"https:\/\/apuntesdesanluis.com\/#website\"},\"primaryImageOfPage\":{\"@id\":\"https:\/\/apuntesdesanluis.com\/index.php\/2024\/11\/24\/causa-molino-fenix-entre-grabaciones-formulacion-de-cargos-y-desafuero\/#primaryimage\"},\"image\":{\"@id\":\"https:\/\/apuntesdesanluis.com\/index.php\/2024\/11\/24\/causa-molino-fenix-entre-grabaciones-formulacion-de-cargos-y-desafuero\/#primaryimage\"},\"thumbnailUrl\":\"https:\/\/apuntesdesanluis.com\/wp-content\/uploads\/2024\/11\/molino.png\",\"datePublished\":\"2024-11-24T14:49:49+00:00\",\"dateModified\":\"2024-11-24T14:55:03+00:00\",\"breadcrumb\":{\"@id\":\"https:\/\/apuntesdesanluis.com\/index.php\/2024\/11\/24\/causa-molino-fenix-entre-grabaciones-formulacion-de-cargos-y-desafuero\/#breadcrumb\"},\"inLanguage\":\"es-AR\",\"potentialAction\":[{\"@type\":\"ReadAction\",\"target\":[\"https:\/\/apuntesdesanluis.com\/index.php\/2024\/11\/24\/causa-molino-fenix-entre-grabaciones-formulacion-de-cargos-y-desafuero\/\"]}]},{\"@type\":\"ImageObject\",\"inLanguage\":\"es-AR\",\"@id\":\"https:\/\/apuntesdesanluis.com\/index.php\/2024\/11\/24\/causa-molino-fenix-entre-grabaciones-formulacion-de-cargos-y-desafuero\/#primaryimage\",\"url\":\"https:\/\/apuntesdesanluis.com\/wp-content\/uploads\/2024\/11\/molino.png\",\"contentUrl\":\"https:\/\/apuntesdesanluis.com\/wp-content\/uploads\/2024\/11\/molino.png\",\"width\":740,\"height\":472},{\"@type\":\"BreadcrumbList\",\"@id\":\"https:\/\/apuntesdesanluis.com\/index.php\/2024\/11\/24\/causa-molino-fenix-entre-grabaciones-formulacion-de-cargos-y-desafuero\/#breadcrumb\",\"itemListElement\":[{\"@type\":\"ListItem\",\"position\":1,\"name\":\"Inicio\",\"item\":\"https:\/\/apuntesdesanluis.com\/\"},{\"@type\":\"ListItem\",\"position\":2,\"name\":\"CAUSA MOLINO F\u00c9NIX: ENTRE GRABACIONES, FORMULACI\u00d3N DE CARGOS Y DESAFUERO\"}]},{\"@type\":\"WebSite\",\"@id\":\"https:\/\/apuntesdesanluis.com\/#website\",\"url\":\"https:\/\/apuntesdesanluis.com\/\",\"name\":\"Apuntes de San Luis\",\"description\":\"\",\"publisher\":{\"@id\":\"https:\/\/apuntesdesanluis.com\/#\/schema\/person\/b55151d52296fcce64d1a72538a70b90\"},\"potentialAction\":[{\"@type\":\"SearchAction\",\"target\":{\"@type\":\"EntryPoint\",\"urlTemplate\":\"https:\/\/apuntesdesanluis.com\/?s={search_term_string}\"},\"query-input\":{\"@type\":\"PropertyValueSpecification\",\"valueRequired\":true,\"valueName\":\"search_term_string\"}}],\"inLanguage\":\"es-AR\"},{\"@type\":[\"Person\",\"Organization\"],\"@id\":\"https:\/\/apuntesdesanluis.com\/#\/schema\/person\/b55151d52296fcce64d1a72538a70b90\",\"name\":\"apuntesdesanluis.com\",\"image\":{\"@type\":\"ImageObject\",\"inLanguage\":\"es-AR\",\"@id\":\"https:\/\/apuntesdesanluis.com\/#\/schema\/person\/image\/\",\"url\":\"https:\/\/apuntesdesanluis.com\/wp-content\/uploads\/2023\/07\/cropped-apuntesdesanluis.png\",\"contentUrl\":\"https:\/\/apuntesdesanluis.com\/wp-content\/uploads\/2023\/07\/cropped-apuntesdesanluis.png\",\"width\":450,\"height\":112,\"caption\":\"apuntesdesanluis.com\"},\"logo\":{\"@id\":\"https:\/\/apuntesdesanluis.com\/#\/schema\/person\/image\/\"},\"sameAs\":[\"https:\/\/apuntesdesanluis.com\"],\"url\":\"https:\/\/apuntesdesanluis.com\/index.php\/author\/apuntesdesanluis-com\/\"}]}<\/script>\n<!-- \/ Yoast SEO plugin. -->","yoast_head_json":{"title":"CAUSA MOLINO F\u00c9NIX: ENTRE GRABACIONES, FORMULACI\u00d3N DE CARGOS Y DESAFUERO - Apuntes de San Luis","robots":{"index":"index","follow":"follow","max-snippet":"max-snippet:-1","max-image-preview":"max-image-preview:large","max-video-preview":"max-video-preview:-1"},"canonical":"https:\/\/apuntesdesanluis.com\/index.php\/2024\/11\/24\/causa-molino-fenix-entre-grabaciones-formulacion-de-cargos-y-desafuero\/","og_locale":"es_ES","og_type":"article","og_title":"CAUSA MOLINO F\u00c9NIX: ENTRE GRABACIONES, FORMULACI\u00d3N DE CARGOS Y DESAFUERO - Apuntes de San Luis","og_description":"Por Eduardo Gargiulo La investigaci\u00f3n que se lleva adelante por el vaciamiento del Complejo Molino...","og_url":"https:\/\/apuntesdesanluis.com\/index.php\/2024\/11\/24\/causa-molino-fenix-entre-grabaciones-formulacion-de-cargos-y-desafuero\/","og_site_name":"Apuntes de San Luis","article_published_time":"2024-11-24T14:49:49+00:00","article_modified_time":"2024-11-24T14:55:03+00:00","og_image":[{"width":740,"height":472,"url":"https:\/\/apuntesdesanluis.com\/wp-content\/uploads\/2024\/11\/molino.png","type":"image\/png"}],"author":"apuntesdesanluis.com","twitter_card":"summary_large_image","twitter_misc":{"Escrito por":"apuntesdesanluis.com","Tiempo de lectura":"5 minutos"},"schema":{"@context":"https:\/\/schema.org","@graph":[{"@type":"Article","@id":"https:\/\/apuntesdesanluis.com\/index.php\/2024\/11\/24\/causa-molino-fenix-entre-grabaciones-formulacion-de-cargos-y-desafuero\/#article","isPartOf":{"@id":"https:\/\/apuntesdesanluis.com\/index.php\/2024\/11\/24\/causa-molino-fenix-entre-grabaciones-formulacion-de-cargos-y-desafuero\/"},"author":{"name":"apuntesdesanluis.com","@id":"https:\/\/apuntesdesanluis.com\/#\/schema\/person\/b55151d52296fcce64d1a72538a70b90"},"headline":"CAUSA MOLINO F\u00c9NIX: ENTRE GRABACIONES, FORMULACI\u00d3N DE CARGOS Y DESAFUERO","datePublished":"2024-11-24T14:49:49+00:00","dateModified":"2024-11-24T14:55:03+00:00","mainEntityOfPage":{"@id":"https:\/\/apuntesdesanluis.com\/index.php\/2024\/11\/24\/causa-molino-fenix-entre-grabaciones-formulacion-de-cargos-y-desafuero\/"},"wordCount":1034,"publisher":{"@id":"https:\/\/apuntesdesanluis.com\/#\/schema\/person\/b55151d52296fcce64d1a72538a70b90"},"image":{"@id":"https:\/\/apuntesdesanluis.com\/index.php\/2024\/11\/24\/causa-molino-fenix-entre-grabaciones-formulacion-de-cargos-y-desafuero\/#primaryimage"},"thumbnailUrl":"https:\/\/apuntesdesanluis.com\/wp-content\/uploads\/2024\/11\/molino.png","articleSection":["Opini\u00f3n"],"inLanguage":"es-AR"},{"@type":"WebPage","@id":"https:\/\/apuntesdesanluis.com\/index.php\/2024\/11\/24\/causa-molino-fenix-entre-grabaciones-formulacion-de-cargos-y-desafuero\/","url":"https:\/\/apuntesdesanluis.com\/index.php\/2024\/11\/24\/causa-molino-fenix-entre-grabaciones-formulacion-de-cargos-y-desafuero\/","name":"CAUSA MOLINO F\u00c9NIX: ENTRE GRABACIONES, FORMULACI\u00d3N DE CARGOS Y DESAFUERO - Apuntes de San Luis","isPartOf":{"@id":"https:\/\/apuntesdesanluis.com\/#website"},"primaryImageOfPage":{"@id":"https:\/\/apuntesdesanluis.com\/index.php\/2024\/11\/24\/causa-molino-fenix-entre-grabaciones-formulacion-de-cargos-y-desafuero\/#primaryimage"},"image":{"@id":"https:\/\/apuntesdesanluis.com\/index.php\/2024\/11\/24\/causa-molino-fenix-entre-grabaciones-formulacion-de-cargos-y-desafuero\/#primaryimage"},"thumbnailUrl":"https:\/\/apuntesdesanluis.com\/wp-content\/uploads\/2024\/11\/molino.png","datePublished":"2024-11-24T14:49:49+00:00","dateModified":"2024-11-24T14:55:03+00:00","breadcrumb":{"@id":"https:\/\/apuntesdesanluis.com\/index.php\/2024\/11\/24\/causa-molino-fenix-entre-grabaciones-formulacion-de-cargos-y-desafuero\/#breadcrumb"},"inLanguage":"es-AR","potentialAction":[{"@type":"ReadAction","target":["https:\/\/apuntesdesanluis.com\/index.php\/2024\/11\/24\/causa-molino-fenix-entre-grabaciones-formulacion-de-cargos-y-desafuero\/"]}]},{"@type":"ImageObject","inLanguage":"es-AR","@id":"https:\/\/apuntesdesanluis.com\/index.php\/2024\/11\/24\/causa-molino-fenix-entre-grabaciones-formulacion-de-cargos-y-desafuero\/#primaryimage","url":"https:\/\/apuntesdesanluis.com\/wp-content\/uploads\/2024\/11\/molino.png","contentUrl":"https:\/\/apuntesdesanluis.com\/wp-content\/uploads\/2024\/11\/molino.png","width":740,"height":472},{"@type":"BreadcrumbList","@id":"https:\/\/apuntesdesanluis.com\/index.php\/2024\/11\/24\/causa-molino-fenix-entre-grabaciones-formulacion-de-cargos-y-desafuero\/#breadcrumb","itemListElement":[{"@type":"ListItem","position":1,"name":"Inicio","item":"https:\/\/apuntesdesanluis.com\/"},{"@type":"ListItem","position":2,"name":"CAUSA MOLINO F\u00c9NIX: ENTRE GRABACIONES, FORMULACI\u00d3N DE CARGOS Y DESAFUERO"}]},{"@type":"WebSite","@id":"https:\/\/apuntesdesanluis.com\/#website","url":"https:\/\/apuntesdesanluis.com\/","name":"Apuntes de San Luis","description":"","publisher":{"@id":"https:\/\/apuntesdesanluis.com\/#\/schema\/person\/b55151d52296fcce64d1a72538a70b90"},"potentialAction":[{"@type":"SearchAction","target":{"@type":"EntryPoint","urlTemplate":"https:\/\/apuntesdesanluis.com\/?s={search_term_string}"},"query-input":{"@type":"PropertyValueSpecification","valueRequired":true,"valueName":"search_term_string"}}],"inLanguage":"es-AR"},{"@type":["Person","Organization"],"@id":"https:\/\/apuntesdesanluis.com\/#\/schema\/person\/b55151d52296fcce64d1a72538a70b90","name":"apuntesdesanluis.com","image":{"@type":"ImageObject","inLanguage":"es-AR","@id":"https:\/\/apuntesdesanluis.com\/#\/schema\/person\/image\/","url":"https:\/\/apuntesdesanluis.com\/wp-content\/uploads\/2023\/07\/cropped-apuntesdesanluis.png","contentUrl":"https:\/\/apuntesdesanluis.com\/wp-content\/uploads\/2023\/07\/cropped-apuntesdesanluis.png","width":450,"height":112,"caption":"apuntesdesanluis.com"},"logo":{"@id":"https:\/\/apuntesdesanluis.com\/#\/schema\/person\/image\/"},"sameAs":["https:\/\/apuntesdesanluis.com"],"url":"https:\/\/apuntesdesanluis.com\/index.php\/author\/apuntesdesanluis-com\/"}]}},"featured_image_urls":{"full":["https:\/\/apuntesdesanluis.com\/wp-content\/uploads\/2024\/11\/molino.png",740,472,false],"thumbnail":["https:\/\/apuntesdesanluis.com\/wp-content\/uploads\/2024\/11\/molino-150x150.png",150,150,true],"medium":["https:\/\/apuntesdesanluis.com\/wp-content\/uploads\/2024\/11\/molino-300x191.png",300,191,true],"medium_large":["https:\/\/apuntesdesanluis.com\/wp-content\/uploads\/2024\/11\/molino.png",640,408,false],"large":["https:\/\/apuntesdesanluis.com\/wp-content\/uploads\/2024\/11\/molino.png",640,408,false],"1536x1536":["https:\/\/apuntesdesanluis.com\/wp-content\/uploads\/2024\/11\/molino.png",740,472,false],"2048x2048":["https:\/\/apuntesdesanluis.com\/wp-content\/uploads\/2024\/11\/molino.png",740,472,false],"newsever-slider-full":["https:\/\/apuntesdesanluis.com\/wp-content\/uploads\/2024\/11\/molino.png",740,472,false],"newsever-featured":["https:\/\/apuntesdesanluis.com\/wp-content\/uploads\/2024\/11\/molino.png",740,472,false],"newsever-medium":["https:\/\/apuntesdesanluis.com\/wp-content\/uploads\/2024\/11\/molino-720x472.png",720,472,true]},"author_info":{"display_name":"apuntesdesanluis.com","author_link":"https:\/\/apuntesdesanluis.com\/index.php\/author\/apuntesdesanluis-com\/"},"category_info":"<a href=\"https:\/\/apuntesdesanluis.com\/index.php\/category\/opinion\/\" rel=\"category tag\">Opini\u00f3n<\/a>","tag_info":"Opini\u00f3n","comment_count":"0","_links":{"self":[{"href":"https:\/\/apuntesdesanluis.com\/index.php\/wp-json\/wp\/v2\/posts\/25638","targetHints":{"allow":["GET"]}}],"collection":[{"href":"https:\/\/apuntesdesanluis.com\/index.php\/wp-json\/wp\/v2\/posts"}],"about":[{"href":"https:\/\/apuntesdesanluis.com\/index.php\/wp-json\/wp\/v2\/types\/post"}],"author":[{"embeddable":true,"href":"https:\/\/apuntesdesanluis.com\/index.php\/wp-json\/wp\/v2\/users\/1"}],"replies":[{"embeddable":true,"href":"https:\/\/apuntesdesanluis.com\/index.php\/wp-json\/wp\/v2\/comments?post=25638"}],"version-history":[{"count":5,"href":"https:\/\/apuntesdesanluis.com\/index.php\/wp-json\/wp\/v2\/posts\/25638\/revisions"}],"predecessor-version":[{"id":25647,"href":"https:\/\/apuntesdesanluis.com\/index.php\/wp-json\/wp\/v2\/posts\/25638\/revisions\/25647"}],"wp:featuredmedia":[{"embeddable":true,"href":"https:\/\/apuntesdesanluis.com\/index.php\/wp-json\/wp\/v2\/media\/25639"}],"wp:attachment":[{"href":"https:\/\/apuntesdesanluis.com\/index.php\/wp-json\/wp\/v2\/media?parent=25638"}],"wp:term":[{"taxonomy":"category","embeddable":true,"href":"https:\/\/apuntesdesanluis.com\/index.php\/wp-json\/wp\/v2\/categories?post=25638"},{"taxonomy":"post_tag","embeddable":true,"href":"https:\/\/apuntesdesanluis.com\/index.php\/wp-json\/wp\/v2\/tags?post=25638"}],"curies":[{"name":"wp","href":"https:\/\/api.w.org\/{rel}","templated":true}]}}