{"id":25648,"date":"2024-11-24T17:17:01","date_gmt":"2024-11-24T20:17:01","guid":{"rendered":"https:\/\/apuntesdesanluis.com\/?p=25648"},"modified":"2024-11-24T17:20:16","modified_gmt":"2024-11-24T20:20:16","slug":"municipalidad-de-san-luis-bronca-de-empleados-porque-los-funcionarios-cobran-premio-anual","status":"publish","type":"post","link":"https:\/\/apuntesdesanluis.com\/index.php\/2024\/11\/24\/municipalidad-de-san-luis-bronca-de-empleados-porque-los-funcionarios-cobran-premio-anual\/","title":{"rendered":"MUNICIPALIDAD DE SAN LUIS: BRONCA DE EMPLEADOS PORQUE LOS FUNCIONARIOS COBRAN PREMIO ANUAL"},"content":{"rendered":"<h3>Una ola de indignaci\u00f3n sacude San Luis: los empleados municipales no ocultan su enojo tras descubrir que el premio anual, destinado a reconocer el esfuerzo del personal de planta permanente, ha terminado en manos de sindicalistas y funcionarios cercanos al intendente <strong>Gast\u00f3n Hissa<\/strong>. La denuncia de \u201cdesmanejos, persecuci\u00f3n y favoritismo\u201d ha encendido una mecha que amenaza con desencadenar un conflicto explosivo.<\/h3>\n<h3>\u201c\u00a1Sosa ni trabaja y cobra igual que nosotros!\u201d, lanz\u00f3 indignado un empleado municipal que prefiri\u00f3 el anonimato, refiri\u00e9ndose a <strong>Alejandro Sosa<\/strong>, secretario general del gremio. La inclusi\u00f3n de Sosa y otros miembros de su comisi\u00f3n directiva en la lista de beneficiarios ha desatado un aut\u00e9ntico hurac\u00e1n de cr\u00edticas.<\/h3>\n<h3>Pero el esc\u00e1ndalo no termina ah\u00ed: entre los beneficiados figuran funcionarios de \u00e1reas clave como Transporte y Servicios P\u00fablicos, adem\u00e1s de los prosecretarios del Concejo Deliberante, <strong>Mat\u00edas Mu\u00f1oz<\/strong> y <strong>Nadia Su\u00e1rez Gonz\u00e1lez<\/strong>. \u00bfEl criterio? Parece ser \u201cla lealtad pol\u00edtica al intendente y no el esfuerzo en el trabajo\u201d, seg\u00fan denuncian los empleados.<\/h3>\n<h3><img fetchpriority=\"high\" decoding=\"async\" class=\"wp-image-25650 aligncenter\" src=\"https:\/\/apuntesdesanluis.com\/wp-content\/uploads\/2024\/11\/reclamo-por-premio-anual-241x300.png\" alt=\"\" width=\"531\" height=\"661\" srcset=\"https:\/\/apuntesdesanluis.com\/wp-content\/uploads\/2024\/11\/reclamo-por-premio-anual-241x300.png 241w, https:\/\/apuntesdesanluis.com\/wp-content\/uploads\/2024\/11\/reclamo-por-premio-anual.png 593w\" sizes=\"(max-width: 531px) 100vw, 531px\" \/><\/h3>\n<h3>Desde ATE advirtieron que presentar\u00e1n un reclamo formal este lunes, para que se revisen todos los casos y se incluya a trabajadores que han quedado afuera de este beneficio. Pero la paciencia est\u00e1 al l\u00edmite: \u201cSi no hay respuestas concretas, habr\u00e1 medidas de fuerza\u201d, se\u00f1alaron desde el gremio. La tensi\u00f3n se respira en cada oficina municipal, donde la palabra \u201cpersecuci\u00f3n\u201d se repite como un eco entre quienes quedaron fuera del beneficio por no alinearse pol\u00edticamente con la gesti\u00f3n.<\/h3>\n<h3>Este episodio no solo pone bajo la lupa el uso de los fondos p\u00fablicos, sino que expone un clima laboral t\u00f3xico, dominado por pr\u00e1cticas que privilegian el amiguismo y castigan la independencia. Con los \u00e1nimos encendidos, la posibilidad de un paro general parece inminente.<\/h3>\n<h3><strong>BONO DE FIN DE A\u00d1O<\/strong><\/h3>\n<h3>Por otro lado, el El Consejo Directivo Provincial de la Asociaci\u00f3n de Trabajadores del Estado (ATE) San Luis indic\u00f3 que aun no ha recibido respuesta a la nota que envi\u00f3 una nota al gobernador <strong>Claudio Poggi,<\/strong> \u00a0solicitando un bono de fin de a\u00f1o para los empleados provinciales y municipales.<\/h3>\n<h3>En el documento, pidieron que se gestionen los medios necesarios para que el bono llegue a cada municipio de la provincia.<\/h3>\n<h3>El gremio record\u00f3 que la p\u00e9rdida del poder adquisito alcanza al 100%, por lo que contin\u00faa exigiendo una \u201curgente recomposici\u00f3n salarial\u201d, dado que la mayor\u00eda de las remuneraciones se encuentra por debajo de la l\u00ednea de pobreza.<\/h3>\n<h3>En este sentido, difundieron los b\u00e1sicos del Escalaf\u00f3n General de la Provincia de San Luis:<\/h3>\n<h3>A. 321.828,65<\/h3>\n<h3>B. 265.586,75<\/h3>\n<h3>C. 234.341,25<\/h3>\n<h3>D. 203.095,75<\/h3>\n<h3>E. 171.850,25<\/h3>\n<h3>F. 147.076,33<\/h3>\n<p><img decoding=\"async\" class=\"wp-image-25652 aligncenter\" src=\"https:\/\/apuntesdesanluis.com\/wp-content\/uploads\/2024\/11\/nota-a-poggi-176x300.png\" alt=\"\" width=\"405\" height=\"690\" srcset=\"https:\/\/apuntesdesanluis.com\/wp-content\/uploads\/2024\/11\/nota-a-poggi-176x300.png 176w, https:\/\/apuntesdesanluis.com\/wp-content\/uploads\/2024\/11\/nota-a-poggi.png 517w\" sizes=\"(max-width: 405px) 100vw, 405px\" \/><\/p>\n<p>&nbsp;<\/p>\n<p>&nbsp;<\/p>\n<p>&nbsp;<\/p>\n<p>&nbsp;<\/p>\n<p>&nbsp;<\/p>\n<p>&nbsp;<\/p>\n<p>&nbsp;<\/p>\n<p>&nbsp;<\/p>\n","protected":false},"excerpt":{"rendered":"<p>Una ola de indignaci\u00f3n sacude San Luis: los empleados municipales no ocultan su enojo tras&#8230;<\/p>\n","protected":false},"author":1,"featured_media":25649,"comment_status":"closed","ping_status":"closed","sticky":false,"template":"","format":"standard","meta":{"footnotes":""},"categories":[6],"tags":[],"class_list":["post-25648","post","type-post","status-publish","format-standard","has-post-thumbnail","hentry","category-ciudad-provincia"],"yoast_head":"<!-- This site is optimized with the Yoast SEO plugin v26.1.1 - https:\/\/yoast.com\/wordpress\/plugins\/seo\/ -->\n<title>MUNICIPALIDAD DE SAN LUIS: BRONCA DE EMPLEADOS PORQUE LOS FUNCIONARIOS COBRAN PREMIO ANUAL - Apuntes de San Luis<\/title>\n<meta name=\"robots\" content=\"index, follow, max-snippet:-1, max-image-preview:large, max-video-preview:-1\" \/>\n<link rel=\"canonical\" href=\"https:\/\/apuntesdesanluis.com\/index.php\/2024\/11\/24\/municipalidad-de-san-luis-bronca-de-empleados-porque-los-funcionarios-cobran-premio-anual\/\" \/>\n<meta property=\"og:locale\" content=\"es_ES\" \/>\n<meta property=\"og:type\" content=\"article\" \/>\n<meta property=\"og:title\" content=\"MUNICIPALIDAD DE SAN LUIS: BRONCA DE EMPLEADOS PORQUE LOS FUNCIONARIOS COBRAN PREMIO ANUAL - Apuntes de San Luis\" \/>\n<meta property=\"og:description\" content=\"Una ola de indignaci\u00f3n sacude San Luis: los empleados municipales no ocultan su enojo tras...\" \/>\n<meta property=\"og:url\" content=\"https:\/\/apuntesdesanluis.com\/index.php\/2024\/11\/24\/municipalidad-de-san-luis-bronca-de-empleados-porque-los-funcionarios-cobran-premio-anual\/\" \/>\n<meta property=\"og:site_name\" content=\"Apuntes de San Luis\" \/>\n<meta property=\"article:published_time\" content=\"2024-11-24T20:17:01+00:00\" \/>\n<meta property=\"article:modified_time\" content=\"2024-11-24T20:20:16+00:00\" \/>\n<meta property=\"og:image\" content=\"https:\/\/apuntesdesanluis.com\/wp-content\/uploads\/2024\/11\/HISSA-Y-MAGALLANES.png\" \/>\n\t<meta property=\"og:image:width\" content=\"674\" \/>\n\t<meta property=\"og:image:height\" content=\"407\" \/>\n\t<meta property=\"og:image:type\" content=\"image\/png\" \/>\n<meta name=\"author\" content=\"apuntesdesanluis.com\" \/>\n<meta name=\"twitter:card\" content=\"summary_large_image\" \/>\n<meta name=\"twitter:label1\" content=\"Escrito por\" \/>\n\t<meta name=\"twitter:data1\" content=\"apuntesdesanluis.com\" \/>\n\t<meta name=\"twitter:label2\" content=\"Tiempo de lectura\" \/>\n\t<meta name=\"twitter:data2\" content=\"3 minutos\" \/>\n<script type=\"application\/ld+json\" class=\"yoast-schema-graph\">{\"@context\":\"https:\/\/schema.org\",\"@graph\":[{\"@type\":\"Article\",\"@id\":\"https:\/\/apuntesdesanluis.com\/index.php\/2024\/11\/24\/municipalidad-de-san-luis-bronca-de-empleados-porque-los-funcionarios-cobran-premio-anual\/#article\",\"isPartOf\":{\"@id\":\"https:\/\/apuntesdesanluis.com\/index.php\/2024\/11\/24\/municipalidad-de-san-luis-bronca-de-empleados-porque-los-funcionarios-cobran-premio-anual\/\"},\"author\":{\"name\":\"apuntesdesanluis.com\",\"@id\":\"https:\/\/apuntesdesanluis.com\/#\/schema\/person\/b55151d52296fcce64d1a72538a70b90\"},\"headline\":\"MUNICIPALIDAD DE SAN LUIS: BRONCA DE EMPLEADOS PORQUE LOS FUNCIONARIOS COBRAN PREMIO ANUAL\",\"datePublished\":\"2024-11-24T20:17:01+00:00\",\"dateModified\":\"2024-11-24T20:20:16+00:00\",\"mainEntityOfPage\":{\"@id\":\"https:\/\/apuntesdesanluis.com\/index.php\/2024\/11\/24\/municipalidad-de-san-luis-bronca-de-empleados-porque-los-funcionarios-cobran-premio-anual\/\"},\"wordCount\":474,\"publisher\":{\"@id\":\"https:\/\/apuntesdesanluis.com\/#\/schema\/person\/b55151d52296fcce64d1a72538a70b90\"},\"image\":{\"@id\":\"https:\/\/apuntesdesanluis.com\/index.php\/2024\/11\/24\/municipalidad-de-san-luis-bronca-de-empleados-porque-los-funcionarios-cobran-premio-anual\/#primaryimage\"},\"thumbnailUrl\":\"https:\/\/apuntesdesanluis.com\/wp-content\/uploads\/2024\/11\/HISSA-Y-MAGALLANES.png\",\"articleSection\":[\"Ciudad\/Provincia\"],\"inLanguage\":\"es-AR\"},{\"@type\":\"WebPage\",\"@id\":\"https:\/\/apuntesdesanluis.com\/index.php\/2024\/11\/24\/municipalidad-de-san-luis-bronca-de-empleados-porque-los-funcionarios-cobran-premio-anual\/\",\"url\":\"https:\/\/apuntesdesanluis.com\/index.php\/2024\/11\/24\/municipalidad-de-san-luis-bronca-de-empleados-porque-los-funcionarios-cobran-premio-anual\/\",\"name\":\"MUNICIPALIDAD DE SAN LUIS: BRONCA DE EMPLEADOS PORQUE LOS FUNCIONARIOS COBRAN PREMIO ANUAL - Apuntes de San Luis\",\"isPartOf\":{\"@id\":\"https:\/\/apuntesdesanluis.com\/#website\"},\"primaryImageOfPage\":{\"@id\":\"https:\/\/apuntesdesanluis.com\/index.php\/2024\/11\/24\/municipalidad-de-san-luis-bronca-de-empleados-porque-los-funcionarios-cobran-premio-anual\/#primaryimage\"},\"image\":{\"@id\":\"https:\/\/apuntesdesanluis.com\/index.php\/2024\/11\/24\/municipalidad-de-san-luis-bronca-de-empleados-porque-los-funcionarios-cobran-premio-anual\/#primaryimage\"},\"thumbnailUrl\":\"https:\/\/apuntesdesanluis.com\/wp-content\/uploads\/2024\/11\/HISSA-Y-MAGALLANES.png\",\"datePublished\":\"2024-11-24T20:17:01+00:00\",\"dateModified\":\"2024-11-24T20:20:16+00:00\",\"breadcrumb\":{\"@id\":\"https:\/\/apuntesdesanluis.com\/index.php\/2024\/11\/24\/municipalidad-de-san-luis-bronca-de-empleados-porque-los-funcionarios-cobran-premio-anual\/#breadcrumb\"},\"inLanguage\":\"es-AR\",\"potentialAction\":[{\"@type\":\"ReadAction\",\"target\":[\"https:\/\/apuntesdesanluis.com\/index.php\/2024\/11\/24\/municipalidad-de-san-luis-bronca-de-empleados-porque-los-funcionarios-cobran-premio-anual\/\"]}]},{\"@type\":\"ImageObject\",\"inLanguage\":\"es-AR\",\"@id\":\"https:\/\/apuntesdesanluis.com\/index.php\/2024\/11\/24\/municipalidad-de-san-luis-bronca-de-empleados-porque-los-funcionarios-cobran-premio-anual\/#primaryimage\",\"url\":\"https:\/\/apuntesdesanluis.com\/wp-content\/uploads\/2024\/11\/HISSA-Y-MAGALLANES.png\",\"contentUrl\":\"https:\/\/apuntesdesanluis.com\/wp-content\/uploads\/2024\/11\/HISSA-Y-MAGALLANES.png\",\"width\":674,\"height\":407},{\"@type\":\"BreadcrumbList\",\"@id\":\"https:\/\/apuntesdesanluis.com\/index.php\/2024\/11\/24\/municipalidad-de-san-luis-bronca-de-empleados-porque-los-funcionarios-cobran-premio-anual\/#breadcrumb\",\"itemListElement\":[{\"@type\":\"ListItem\",\"position\":1,\"name\":\"Inicio\",\"item\":\"https:\/\/apuntesdesanluis.com\/\"},{\"@type\":\"ListItem\",\"position\":2,\"name\":\"MUNICIPALIDAD DE SAN LUIS: BRONCA DE EMPLEADOS PORQUE LOS FUNCIONARIOS COBRAN PREMIO ANUAL\"}]},{\"@type\":\"WebSite\",\"@id\":\"https:\/\/apuntesdesanluis.com\/#website\",\"url\":\"https:\/\/apuntesdesanluis.com\/\",\"name\":\"Apuntes de San Luis\",\"description\":\"\",\"publisher\":{\"@id\":\"https:\/\/apuntesdesanluis.com\/#\/schema\/person\/b55151d52296fcce64d1a72538a70b90\"},\"potentialAction\":[{\"@type\":\"SearchAction\",\"target\":{\"@type\":\"EntryPoint\",\"urlTemplate\":\"https:\/\/apuntesdesanluis.com\/?s={search_term_string}\"},\"query-input\":{\"@type\":\"PropertyValueSpecification\",\"valueRequired\":true,\"valueName\":\"search_term_string\"}}],\"inLanguage\":\"es-AR\"},{\"@type\":[\"Person\",\"Organization\"],\"@id\":\"https:\/\/apuntesdesanluis.com\/#\/schema\/person\/b55151d52296fcce64d1a72538a70b90\",\"name\":\"apuntesdesanluis.com\",\"image\":{\"@type\":\"ImageObject\",\"inLanguage\":\"es-AR\",\"@id\":\"https:\/\/apuntesdesanluis.com\/#\/schema\/person\/image\/\",\"url\":\"https:\/\/apuntesdesanluis.com\/wp-content\/uploads\/2023\/07\/cropped-apuntesdesanluis.png\",\"contentUrl\":\"https:\/\/apuntesdesanluis.com\/wp-content\/uploads\/2023\/07\/cropped-apuntesdesanluis.png\",\"width\":450,\"height\":112,\"caption\":\"apuntesdesanluis.com\"},\"logo\":{\"@id\":\"https:\/\/apuntesdesanluis.com\/#\/schema\/person\/image\/\"},\"sameAs\":[\"https:\/\/apuntesdesanluis.com\"],\"url\":\"https:\/\/apuntesdesanluis.com\/index.php\/author\/apuntesdesanluis-com\/\"}]}<\/script>\n<!-- \/ Yoast SEO plugin. -->","yoast_head_json":{"title":"MUNICIPALIDAD DE SAN LUIS: BRONCA DE EMPLEADOS PORQUE LOS FUNCIONARIOS COBRAN PREMIO ANUAL - Apuntes de San Luis","robots":{"index":"index","follow":"follow","max-snippet":"max-snippet:-1","max-image-preview":"max-image-preview:large","max-video-preview":"max-video-preview:-1"},"canonical":"https:\/\/apuntesdesanluis.com\/index.php\/2024\/11\/24\/municipalidad-de-san-luis-bronca-de-empleados-porque-los-funcionarios-cobran-premio-anual\/","og_locale":"es_ES","og_type":"article","og_title":"MUNICIPALIDAD DE SAN LUIS: BRONCA DE EMPLEADOS PORQUE LOS FUNCIONARIOS COBRAN PREMIO ANUAL - Apuntes de San Luis","og_description":"Una ola de indignaci\u00f3n sacude San Luis: los empleados municipales no ocultan su enojo tras...","og_url":"https:\/\/apuntesdesanluis.com\/index.php\/2024\/11\/24\/municipalidad-de-san-luis-bronca-de-empleados-porque-los-funcionarios-cobran-premio-anual\/","og_site_name":"Apuntes de San Luis","article_published_time":"2024-11-24T20:17:01+00:00","article_modified_time":"2024-11-24T20:20:16+00:00","og_image":[{"width":674,"height":407,"url":"https:\/\/apuntesdesanluis.com\/wp-content\/uploads\/2024\/11\/HISSA-Y-MAGALLANES.png","type":"image\/png"}],"author":"apuntesdesanluis.com","twitter_card":"summary_large_image","twitter_misc":{"Escrito por":"apuntesdesanluis.com","Tiempo de lectura":"3 minutos"},"schema":{"@context":"https:\/\/schema.org","@graph":[{"@type":"Article","@id":"https:\/\/apuntesdesanluis.com\/index.php\/2024\/11\/24\/municipalidad-de-san-luis-bronca-de-empleados-porque-los-funcionarios-cobran-premio-anual\/#article","isPartOf":{"@id":"https:\/\/apuntesdesanluis.com\/index.php\/2024\/11\/24\/municipalidad-de-san-luis-bronca-de-empleados-porque-los-funcionarios-cobran-premio-anual\/"},"author":{"name":"apuntesdesanluis.com","@id":"https:\/\/apuntesdesanluis.com\/#\/schema\/person\/b55151d52296fcce64d1a72538a70b90"},"headline":"MUNICIPALIDAD DE SAN LUIS: BRONCA DE EMPLEADOS PORQUE LOS FUNCIONARIOS COBRAN PREMIO ANUAL","datePublished":"2024-11-24T20:17:01+00:00","dateModified":"2024-11-24T20:20:16+00:00","mainEntityOfPage":{"@id":"https:\/\/apuntesdesanluis.com\/index.php\/2024\/11\/24\/municipalidad-de-san-luis-bronca-de-empleados-porque-los-funcionarios-cobran-premio-anual\/"},"wordCount":474,"publisher":{"@id":"https:\/\/apuntesdesanluis.com\/#\/schema\/person\/b55151d52296fcce64d1a72538a70b90"},"image":{"@id":"https:\/\/apuntesdesanluis.com\/index.php\/2024\/11\/24\/municipalidad-de-san-luis-bronca-de-empleados-porque-los-funcionarios-cobran-premio-anual\/#primaryimage"},"thumbnailUrl":"https:\/\/apuntesdesanluis.com\/wp-content\/uploads\/2024\/11\/HISSA-Y-MAGALLANES.png","articleSection":["Ciudad\/Provincia"],"inLanguage":"es-AR"},{"@type":"WebPage","@id":"https:\/\/apuntesdesanluis.com\/index.php\/2024\/11\/24\/municipalidad-de-san-luis-bronca-de-empleados-porque-los-funcionarios-cobran-premio-anual\/","url":"https:\/\/apuntesdesanluis.com\/index.php\/2024\/11\/24\/municipalidad-de-san-luis-bronca-de-empleados-porque-los-funcionarios-cobran-premio-anual\/","name":"MUNICIPALIDAD DE SAN LUIS: BRONCA DE EMPLEADOS PORQUE LOS FUNCIONARIOS COBRAN PREMIO ANUAL - Apuntes de San Luis","isPartOf":{"@id":"https:\/\/apuntesdesanluis.com\/#website"},"primaryImageOfPage":{"@id":"https:\/\/apuntesdesanluis.com\/index.php\/2024\/11\/24\/municipalidad-de-san-luis-bronca-de-empleados-porque-los-funcionarios-cobran-premio-anual\/#primaryimage"},"image":{"@id":"https:\/\/apuntesdesanluis.com\/index.php\/2024\/11\/24\/municipalidad-de-san-luis-bronca-de-empleados-porque-los-funcionarios-cobran-premio-anual\/#primaryimage"},"thumbnailUrl":"https:\/\/apuntesdesanluis.com\/wp-content\/uploads\/2024\/11\/HISSA-Y-MAGALLANES.png","datePublished":"2024-11-24T20:17:01+00:00","dateModified":"2024-11-24T20:20:16+00:00","breadcrumb":{"@id":"https:\/\/apuntesdesanluis.com\/index.php\/2024\/11\/24\/municipalidad-de-san-luis-bronca-de-empleados-porque-los-funcionarios-cobran-premio-anual\/#breadcrumb"},"inLanguage":"es-AR","potentialAction":[{"@type":"ReadAction","target":["https:\/\/apuntesdesanluis.com\/index.php\/2024\/11\/24\/municipalidad-de-san-luis-bronca-de-empleados-porque-los-funcionarios-cobran-premio-anual\/"]}]},{"@type":"ImageObject","inLanguage":"es-AR","@id":"https:\/\/apuntesdesanluis.com\/index.php\/2024\/11\/24\/municipalidad-de-san-luis-bronca-de-empleados-porque-los-funcionarios-cobran-premio-anual\/#primaryimage","url":"https:\/\/apuntesdesanluis.com\/wp-content\/uploads\/2024\/11\/HISSA-Y-MAGALLANES.png","contentUrl":"https:\/\/apuntesdesanluis.com\/wp-content\/uploads\/2024\/11\/HISSA-Y-MAGALLANES.png","width":674,"height":407},{"@type":"BreadcrumbList","@id":"https:\/\/apuntesdesanluis.com\/index.php\/2024\/11\/24\/municipalidad-de-san-luis-bronca-de-empleados-porque-los-funcionarios-cobran-premio-anual\/#breadcrumb","itemListElement":[{"@type":"ListItem","position":1,"name":"Inicio","item":"https:\/\/apuntesdesanluis.com\/"},{"@type":"ListItem","position":2,"name":"MUNICIPALIDAD DE SAN LUIS: BRONCA DE EMPLEADOS PORQUE LOS FUNCIONARIOS COBRAN PREMIO ANUAL"}]},{"@type":"WebSite","@id":"https:\/\/apuntesdesanluis.com\/#website","url":"https:\/\/apuntesdesanluis.com\/","name":"Apuntes de San Luis","description":"","publisher":{"@id":"https:\/\/apuntesdesanluis.com\/#\/schema\/person\/b55151d52296fcce64d1a72538a70b90"},"potentialAction":[{"@type":"SearchAction","target":{"@type":"EntryPoint","urlTemplate":"https:\/\/apuntesdesanluis.com\/?s={search_term_string}"},"query-input":{"@type":"PropertyValueSpecification","valueRequired":true,"valueName":"search_term_string"}}],"inLanguage":"es-AR"},{"@type":["Person","Organization"],"@id":"https:\/\/apuntesdesanluis.com\/#\/schema\/person\/b55151d52296fcce64d1a72538a70b90","name":"apuntesdesanluis.com","image":{"@type":"ImageObject","inLanguage":"es-AR","@id":"https:\/\/apuntesdesanluis.com\/#\/schema\/person\/image\/","url":"https:\/\/apuntesdesanluis.com\/wp-content\/uploads\/2023\/07\/cropped-apuntesdesanluis.png","contentUrl":"https:\/\/apuntesdesanluis.com\/wp-content\/uploads\/2023\/07\/cropped-apuntesdesanluis.png","width":450,"height":112,"caption":"apuntesdesanluis.com"},"logo":{"@id":"https:\/\/apuntesdesanluis.com\/#\/schema\/person\/image\/"},"sameAs":["https:\/\/apuntesdesanluis.com"],"url":"https:\/\/apuntesdesanluis.com\/index.php\/author\/apuntesdesanluis-com\/"}]}},"featured_image_urls":{"full":["https:\/\/apuntesdesanluis.com\/wp-content\/uploads\/2024\/11\/HISSA-Y-MAGALLANES.png",674,407,false],"thumbnail":["https:\/\/apuntesdesanluis.com\/wp-content\/uploads\/2024\/11\/HISSA-Y-MAGALLANES-150x150.png",150,150,true],"medium":["https:\/\/apuntesdesanluis.com\/wp-content\/uploads\/2024\/11\/HISSA-Y-MAGALLANES-300x181.png",300,181,true],"medium_large":["https:\/\/apuntesdesanluis.com\/wp-content\/uploads\/2024\/11\/HISSA-Y-MAGALLANES.png",640,386,false],"large":["https:\/\/apuntesdesanluis.com\/wp-content\/uploads\/2024\/11\/HISSA-Y-MAGALLANES.png",640,386,false],"1536x1536":["https:\/\/apuntesdesanluis.com\/wp-content\/uploads\/2024\/11\/HISSA-Y-MAGALLANES.png",674,407,false],"2048x2048":["https:\/\/apuntesdesanluis.com\/wp-content\/uploads\/2024\/11\/HISSA-Y-MAGALLANES.png",674,407,false],"newsever-slider-full":["https:\/\/apuntesdesanluis.com\/wp-content\/uploads\/2024\/11\/HISSA-Y-MAGALLANES.png",674,407,false],"newsever-featured":["https:\/\/apuntesdesanluis.com\/wp-content\/uploads\/2024\/11\/HISSA-Y-MAGALLANES.png",674,407,false],"newsever-medium":["https:\/\/apuntesdesanluis.com\/wp-content\/uploads\/2024\/11\/HISSA-Y-MAGALLANES.png",674,407,false]},"author_info":{"display_name":"apuntesdesanluis.com","author_link":"https:\/\/apuntesdesanluis.com\/index.php\/author\/apuntesdesanluis-com\/"},"category_info":"<a href=\"https:\/\/apuntesdesanluis.com\/index.php\/category\/ciudad-provincia\/\" rel=\"category tag\">Ciudad\/Provincia<\/a>","tag_info":"Ciudad\/Provincia","comment_count":"0","_links":{"self":[{"href":"https:\/\/apuntesdesanluis.com\/index.php\/wp-json\/wp\/v2\/posts\/25648","targetHints":{"allow":["GET"]}}],"collection":[{"href":"https:\/\/apuntesdesanluis.com\/index.php\/wp-json\/wp\/v2\/posts"}],"about":[{"href":"https:\/\/apuntesdesanluis.com\/index.php\/wp-json\/wp\/v2\/types\/post"}],"author":[{"embeddable":true,"href":"https:\/\/apuntesdesanluis.com\/index.php\/wp-json\/wp\/v2\/users\/1"}],"replies":[{"embeddable":true,"href":"https:\/\/apuntesdesanluis.com\/index.php\/wp-json\/wp\/v2\/comments?post=25648"}],"version-history":[{"count":6,"href":"https:\/\/apuntesdesanluis.com\/index.php\/wp-json\/wp\/v2\/posts\/25648\/revisions"}],"predecessor-version":[{"id":25657,"href":"https:\/\/apuntesdesanluis.com\/index.php\/wp-json\/wp\/v2\/posts\/25648\/revisions\/25657"}],"wp:featuredmedia":[{"embeddable":true,"href":"https:\/\/apuntesdesanluis.com\/index.php\/wp-json\/wp\/v2\/media\/25649"}],"wp:attachment":[{"href":"https:\/\/apuntesdesanluis.com\/index.php\/wp-json\/wp\/v2\/media?parent=25648"}],"wp:term":[{"taxonomy":"category","embeddable":true,"href":"https:\/\/apuntesdesanluis.com\/index.php\/wp-json\/wp\/v2\/categories?post=25648"},{"taxonomy":"post_tag","embeddable":true,"href":"https:\/\/apuntesdesanluis.com\/index.php\/wp-json\/wp\/v2\/tags?post=25648"}],"curies":[{"name":"wp","href":"https:\/\/api.w.org\/{rel}","templated":true}]}}