{"id":25658,"date":"2024-11-23T22:44:14","date_gmt":"2024-11-24T01:44:14","guid":{"rendered":"https:\/\/apuntesdesanluis.com\/?p=25658"},"modified":"2024-11-24T18:01:55","modified_gmt":"2024-11-24T21:01:55","slug":"concluyo-con-la-premiacion-el-sudamericano-de-trail-y-montana","status":"publish","type":"post","link":"https:\/\/apuntesdesanluis.com\/index.php\/2024\/11\/23\/concluyo-con-la-premiacion-el-sudamericano-de-trail-y-montana\/","title":{"rendered":"CONCLUY\u00d3 CON LA PREMIACI\u00d3N EL SUDAMERICANO DE TRAIL Y MONTA\u00d1A"},"content":{"rendered":"<h3>Con la participaci\u00f3n de alrededor de 3.000 corredores, la segunda edici\u00f3n de Merlo\u00a0Ultra Trail tuvo un gran nivel competitivo, celebraciones y compa\u00f1erismo, transform\u00e1ndose en la prueba m\u00e1s importante de la regi\u00f3n durante el fin de semana.<\/h3>\n<h3>Con la organizaci\u00f3n de <strong>Mountain Race Log\u00edstica<\/strong> y la <strong>Municipalidad de Merlo<\/strong> a trav\u00e9s de la <strong>Secretar\u00eda de Gobierno y Deportes<\/strong> con el apoyo del Gobierno de la Provincia de San Luis, se llev\u00f3 a cabo el segundo d\u00eda de competencias del Campeonato Sudameticano de Trail y Monta\u00f1a. All\u00ed una importante cantidad de vecinos, familiares y turistas se sumaron al sector del arco para esperar a los corredores y aplaudirlos tras cruzar la meta y superar sus propios l\u00edmites.<\/h3>\n<p><img fetchpriority=\"high\" decoding=\"async\" class=\"wp-image-25669 aligncenter\" src=\"https:\/\/apuntesdesanluis.com\/wp-content\/uploads\/2024\/11\/META-241x300.png\" alt=\"\" width=\"581\" height=\"723\" srcset=\"https:\/\/apuntesdesanluis.com\/wp-content\/uploads\/2024\/11\/META-241x300.png 241w, https:\/\/apuntesdesanluis.com\/wp-content\/uploads\/2024\/11\/META.png 592w\" sizes=\"(max-width: 581px) 100vw, 581px\" \/><\/p>\n<h3>Tras una intensa primera jornada con el <strong>Kil\u00f3metro Vertical <\/strong>donde los participantes de los distintos pa\u00edses recorrieron los senderos \u00fanicos que ofrece la Villa de Merlo, all\u00ed el boliviano Wilfredo Calatayud Jura y la argentina Camila Cioffi se llevaron los primeros puestos. Mientras que Laura Quiroga, se destac\u00f3 con su gran actuaci\u00f3n dejando a la delegaci\u00f3n merlina en lo m\u00e1s alto, con un tiempo de 1.07.17 logr\u00f3 el segundo puesto en femenino open de Kil\u00f3metro Vertical.<\/h3>\n<h3>En el segundo d\u00eda se realizaron las competencias de Ultra Distancia (15K, 30K, 42 K y 60K) y U20. Donde alrededor de 3.000 participantes de diferentes pa\u00edses se enfrentaron a los desafiantes circuitos merlinos.<\/h3>\n<h3>El <strong>Campeonato Sudamericano <\/strong>consagr\u00f3 en la ultra distancia al brasile\u00f1o Celio Augusto y a la argentina Ayel\u00e9n Liberal como los m\u00e1s veloces en el circuito de 60 kil\u00f3metros. Celio Augusto fue escoltado por el argentino Fernando Mendieta y el uruguayo Maximiliano V\u00e1zquez, mientras que Liberal fue secundada por Anabel Oviedo, de Argentina, y Susany, de Brasil.<\/h3>\n<p><img decoding=\"async\" class=\"wp-image-25660 aligncenter\" src=\"https:\/\/apuntesdesanluis.com\/wp-content\/uploads\/2024\/11\/PREMIO-2-300x232.png\" alt=\"\" width=\"590\" height=\"456\" srcset=\"https:\/\/apuntesdesanluis.com\/wp-content\/uploads\/2024\/11\/PREMIO-2-300x232.png 300w, https:\/\/apuntesdesanluis.com\/wp-content\/uploads\/2024\/11\/PREMIO-2-768x594.png 768w, https:\/\/apuntesdesanluis.com\/wp-content\/uploads\/2024\/11\/PREMIO-2.png 889w\" sizes=\"(max-width: 590px) 100vw, 590px\" \/><\/p>\n<p><img decoding=\"async\" class=\"wp-image-25661 aligncenter\" src=\"https:\/\/apuntesdesanluis.com\/wp-content\/uploads\/2024\/11\/PREMIO-3-300x193.png\" alt=\"\" width=\"592\" height=\"381\" srcset=\"https:\/\/apuntesdesanluis.com\/wp-content\/uploads\/2024\/11\/PREMIO-3-300x193.png 300w, https:\/\/apuntesdesanluis.com\/wp-content\/uploads\/2024\/11\/PREMIO-3-768x495.png 768w, https:\/\/apuntesdesanluis.com\/wp-content\/uploads\/2024\/11\/PREMIO-3.png 799w\" sizes=\"(max-width: 592px) 100vw, 592px\" \/><\/p>\n<h3>En cuanto a la <strong>competencia para atletas menores de 20 a\u00f1os<\/strong>, los mejores fueron el colombiano <strong>Carlos Acevedo Pulido<\/strong> y la argentina <strong>P\u00eda Bressan Carayol<\/strong>. El podio masculino se complet\u00f3 con Laureano Quiroga (Argentina) y Carlos Colque (Bolivia). Entre las damas, Bressan fue secundada por Tania Vallejo Triana (Ecuador) y M\u00eda Borrajo (Argentina ).<\/h3>\n<p><img loading=\"lazy\" decoding=\"async\" class=\"wp-image-25662 aligncenter\" src=\"https:\/\/apuntesdesanluis.com\/wp-content\/uploads\/2024\/11\/PREMIO-4-300x208.png\" alt=\"\" width=\"610\" height=\"423\" srcset=\"https:\/\/apuntesdesanluis.com\/wp-content\/uploads\/2024\/11\/PREMIO-4-300x208.png 300w, https:\/\/apuntesdesanluis.com\/wp-content\/uploads\/2024\/11\/PREMIO-4-768x533.png 768w, https:\/\/apuntesdesanluis.com\/wp-content\/uploads\/2024\/11\/PREMIO-4.png 1010w\" sizes=\"(max-width: 610px) 100vw, 610px\" \/><\/p>\n<h3><strong>Podio 60 k<\/strong><\/h3>\n<h3>Caballeros:<\/h3>\n<h3>1.- Celio Augusto (Bra) 5.58.00<\/h3>\n<h3>2.- Fernando Mendieta (Arg) 6.05.50<\/h3>\n<h3>3.- Maxi V\u00e1zquez (Uru) 6.15.18<\/h3>\n<h3>Damas:<\/h3>\n<h3>1.- Ayel\u00e9n Liberal (Arg) 6.54.43<\/h3>\n<h3>2.- Anabel Oviedo (Arg) 7.02.49<\/h3>\n<h3>3.- Susany Perardt (Bra) 7.20.43<\/h3>\n<p><img loading=\"lazy\" decoding=\"async\" class=\"wp-image-25663 aligncenter\" src=\"https:\/\/apuntesdesanluis.com\/wp-content\/uploads\/2024\/11\/PREMIO-5-300x203.png\" alt=\"\" width=\"600\" height=\"406\" srcset=\"https:\/\/apuntesdesanluis.com\/wp-content\/uploads\/2024\/11\/PREMIO-5-300x203.png 300w, https:\/\/apuntesdesanluis.com\/wp-content\/uploads\/2024\/11\/PREMIO-5-768x519.png 768w, https:\/\/apuntesdesanluis.com\/wp-content\/uploads\/2024\/11\/PREMIO-5.png 925w\" sizes=\"(max-width: 600px) 100vw, 600px\" \/><\/p>\n<h3><strong>Podio U20<\/strong><\/h3>\n<h3>Caballeros:<\/h3>\n<h3>1.- Carlos Acevedo Pulido (Col) 45.33<\/h3>\n<h3>2.- Laureano Quiroga (Arg) 45.59<\/h3>\n<h3>3.- Carlos Colque (Bol) 46.32<\/h3>\n<h3>Damas:<\/h3>\n<h3>1.- P\u00eda Bressan Carayol (Arg) 53.36<\/h3>\n<h3>2.- Tania Vallejo Triana (Ec) 1.05.10<\/h3>\n<h3>3.- M\u00eda Borrajo (Arg) 1.05.55<\/h3>\n<p><img loading=\"lazy\" decoding=\"async\" class=\"wp-image-25664 aligncenter\" src=\"https:\/\/apuntesdesanluis.com\/wp-content\/uploads\/2024\/11\/PREMIO-6-300x221.png\" alt=\"\" width=\"590\" height=\"435\" srcset=\"https:\/\/apuntesdesanluis.com\/wp-content\/uploads\/2024\/11\/PREMIO-6-300x221.png 300w, https:\/\/apuntesdesanluis.com\/wp-content\/uploads\/2024\/11\/PREMIO-6-768x566.png 768w, https:\/\/apuntesdesanluis.com\/wp-content\/uploads\/2024\/11\/PREMIO-6.png 926w\" sizes=\"(max-width: 590px) 100vw, 590px\" \/><\/p>\n<h3>Con el inicio del evento a las 4 de la ma\u00f1ana, <strong>Merlo Ultra Trail <\/strong>tuvo distancias de 60, 42, 30 y 15 kil\u00f3metros abierta para todos los corredores en general.<\/h3>\n<h3><strong>Ganadores:<\/strong><\/h3>\n<h3><strong>15k: <\/strong>Juan Esteban Las Pe\u00f1as y Rosa Godoy.<\/h3>\n<h3><strong>30k: <\/strong>Braian Palacios y Mar\u00eda Bel\u00e9n S\u00e1nchez Ruiz.<\/h3>\n<h3><strong>42k: <\/strong>Thomas Pati\u00f1o y Bianca Dom\u00ednguez.<\/h3>\n<h3><strong>60k: <\/strong>Julio C\u00e9sar Molina y Maira Mardones.<\/h3>\n<p><img loading=\"lazy\" decoding=\"async\" class=\"wp-image-25665 aligncenter\" src=\"https:\/\/apuntesdesanluis.com\/wp-content\/uploads\/2024\/11\/PREMIO-7-300x212.png\" alt=\"\" width=\"599\" height=\"423\" srcset=\"https:\/\/apuntesdesanluis.com\/wp-content\/uploads\/2024\/11\/PREMIO-7-300x212.png 300w, https:\/\/apuntesdesanluis.com\/wp-content\/uploads\/2024\/11\/PREMIO-7-768x543.png 768w, https:\/\/apuntesdesanluis.com\/wp-content\/uploads\/2024\/11\/PREMIO-7.png 944w\" sizes=\"(max-width: 599px) 100vw, 599px\" \/><\/p>\n<h3>En estos recorridos, los deportistas merlinos que forman parte de la delegaci\u00f3n se destacaron con sus grandes actuaciones, un logro que refleja el compromiso y respaldo que se brinda a los deportistas desde el Municipio.<\/h3>\n<p><img loading=\"lazy\" decoding=\"async\" class=\"wp-image-25666 aligncenter\" src=\"https:\/\/apuntesdesanluis.com\/wp-content\/uploads\/2024\/11\/ALVAREZ-300x246.png\" alt=\"\" width=\"613\" height=\"503\" srcset=\"https:\/\/apuntesdesanluis.com\/wp-content\/uploads\/2024\/11\/ALVAREZ-300x246.png 300w, https:\/\/apuntesdesanluis.com\/wp-content\/uploads\/2024\/11\/ALVAREZ-768x629.png 768w, https:\/\/apuntesdesanluis.com\/wp-content\/uploads\/2024\/11\/ALVAREZ.png 811w\" sizes=\"(max-width: 613px) 100vw, 613px\" \/><\/p>\n<h3>En los 60 KM OPEN, <strong>Diego Antun <\/strong>obtuvo el 5to puesto en la clasificaci\u00f3n general, mientras que en su categor\u00eda logr\u00f3 el podio llev\u00e1ndose el 3er Puesto con un tiempo de 06:38:28. Acompa\u00f1ado por <strong>Fern\u00e1ndez, Juan Pablo <\/strong>quien obtuvo el puesto N\u00b019 en la clasificaci\u00f3n general y con el N\u00b013 en su categor\u00eda, hizo un tiempo de 07:36:25<\/h3>\n<h3>En los 42KM, <strong>Daniela Medina <\/strong>se qued\u00f3 con el segundo puesto en un tiempo de 05:41:22, mientras que <strong>Mario Godoy <\/strong>se llev\u00f3 el 4to puesto en su categor\u00eda, clasificando 10mo en la general en un tiempo de 05:13:19.<\/h3>\n<p><img loading=\"lazy\" decoding=\"async\" class=\"wp-image-25667 aligncenter\" src=\"https:\/\/apuntesdesanluis.com\/wp-content\/uploads\/2024\/11\/PREMIO-8-300x197.png\" alt=\"\" width=\"602\" height=\"395\" srcset=\"https:\/\/apuntesdesanluis.com\/wp-content\/uploads\/2024\/11\/PREMIO-8-300x197.png 300w, https:\/\/apuntesdesanluis.com\/wp-content\/uploads\/2024\/11\/PREMIO-8.png 989w\" sizes=\"(max-width: 602px) 100vw, 602px\" \/><\/p>\n<h3>En los 30 KM; <strong>Franco Espeche <\/strong>logr\u00f3 el podio quedando en el 3er puesto de su categor\u00eda y sexto en la general con un tiempo de 03:27:24. Asimismo, <strong>Arias, Aldo <\/strong>se llev\u00f3 el puesto n\u00famero 11 en su categor\u00eda y 26 en la general en un tiempo de 04:06:46, mientras que <strong>Emanuel Mini <\/strong>qued\u00f3 35 en la general y 16 en su categor\u00eda, logrando un tiempo de 04:14:56.<\/h3>\n<h3>Y finalizando en los 15 KM Merlo fue representado por <strong>Aguirre, Joaqu\u00edn <\/strong>quien qued\u00f3 5to en su categor\u00eda y 33 en la general (01:34:53). <strong>Gonzalez, Gerardo Am\u00e9rico <\/strong>quedando 20 en su categor\u00eda y 37 en la general (01:35:43) y <strong>Facundo Chiarenza <\/strong>quedando 9no en su categor\u00eda y 57 en la general (01:46:18).<\/h3>\n<p><img loading=\"lazy\" decoding=\"async\" class=\"wp-image-25668 aligncenter\" src=\"https:\/\/apuntesdesanluis.com\/wp-content\/uploads\/2024\/11\/PREMIO-9-300x223.png\" alt=\"\" width=\"595\" height=\"442\" srcset=\"https:\/\/apuntesdesanluis.com\/wp-content\/uploads\/2024\/11\/PREMIO-9-300x223.png 300w, https:\/\/apuntesdesanluis.com\/wp-content\/uploads\/2024\/11\/PREMIO-9-768x572.png 768w, https:\/\/apuntesdesanluis.com\/wp-content\/uploads\/2024\/11\/PREMIO-9.png 866w\" sizes=\"(max-width: 595px) 100vw, 595px\" \/><\/p>\n<h3>Asimismo otros merlinos tambi\u00e9n nos han dejado en lo m\u00e1s alto, <strong>Nicol\u00e1s Jara <\/strong>corri\u00f3 los 15 KM quedando tercero en su categor\u00eda con un tiempo de 01:30:44 y <strong>Facundo<\/strong><\/h3>\n<h3><strong>Pollo <\/strong>recorri\u00f3 los 30 KM y qued\u00f3 tercero en su categor\u00eda con un tiempo de<\/h3>\n<h3>04:16:06.<\/h3>\n<h3>Desde el Municipio expresaron su reconocimiento a quienes los representaron \u201ccon orgullo y dedicaci\u00f3n. Este d\u00eda marca un hito especial ya que para muchos ha sido el emocionante debut, ese primer paso lleno de valent\u00eda y entusiasmo; para otros, una nueva experiencia que enriquece su camino y deja huella en su historia personal\u201d.<\/h3>\n<h3>Clasificaci\u00f3n completa AQU\u00cd: <a href=\"https:\/\/merlotrailultra.com.ar\/resultados\/\">https:\/\/merlotrailultra.com.ar\/resultados\/<\/a><\/h3>\n<h3><\/h3>\n<h3><\/h3>\n<h3><\/h3>\n","protected":false},"excerpt":{"rendered":"<p>Con la participaci\u00f3n de alrededor de 3.000 corredores, la segunda edici\u00f3n de Merlo\u00a0Ultra Trail tuvo&#8230;<\/p>\n","protected":false},"author":1,"featured_media":25659,"comment_status":"closed","ping_status":"closed","sticky":false,"template":"","format":"standard","meta":{"footnotes":""},"categories":[6],"tags":[],"class_list":["post-25658","post","type-post","status-publish","format-standard","has-post-thumbnail","hentry","category-ciudad-provincia"],"yoast_head":"<!-- This site is optimized with the Yoast SEO plugin v26.1.1 - https:\/\/yoast.com\/wordpress\/plugins\/seo\/ -->\n<title>CONCLUY\u00d3 CON LA PREMIACI\u00d3N EL SUDAMERICANO DE TRAIL Y MONTA\u00d1A - Apuntes de San Luis<\/title>\n<meta name=\"robots\" content=\"index, follow, max-snippet:-1, max-image-preview:large, max-video-preview:-1\" \/>\n<link rel=\"canonical\" href=\"https:\/\/apuntesdesanluis.com\/index.php\/2024\/11\/23\/concluyo-con-la-premiacion-el-sudamericano-de-trail-y-montana\/\" \/>\n<meta property=\"og:locale\" content=\"es_ES\" \/>\n<meta property=\"og:type\" content=\"article\" \/>\n<meta property=\"og:title\" content=\"CONCLUY\u00d3 CON LA PREMIACI\u00d3N EL SUDAMERICANO DE TRAIL Y MONTA\u00d1A - Apuntes de San Luis\" \/>\n<meta property=\"og:description\" content=\"Con la participaci\u00f3n de alrededor de 3.000 corredores, la segunda edici\u00f3n de Merlo\u00a0Ultra Trail tuvo...\" \/>\n<meta property=\"og:url\" content=\"https:\/\/apuntesdesanluis.com\/index.php\/2024\/11\/23\/concluyo-con-la-premiacion-el-sudamericano-de-trail-y-montana\/\" \/>\n<meta property=\"og:site_name\" content=\"Apuntes de San Luis\" \/>\n<meta property=\"article:published_time\" content=\"2024-11-24T01:44:14+00:00\" \/>\n<meta property=\"article:modified_time\" content=\"2024-11-24T21:01:55+00:00\" \/>\n<meta property=\"og:image\" content=\"https:\/\/apuntesdesanluis.com\/wp-content\/uploads\/2024\/11\/PREMIO-1.png\" \/>\n\t<meta property=\"og:image:width\" content=\"813\" \/>\n\t<meta property=\"og:image:height\" content=\"496\" \/>\n\t<meta property=\"og:image:type\" content=\"image\/png\" \/>\n<meta name=\"author\" content=\"apuntesdesanluis.com\" \/>\n<meta name=\"twitter:card\" content=\"summary_large_image\" \/>\n<meta name=\"twitter:label1\" content=\"Escrito por\" \/>\n\t<meta name=\"twitter:data1\" content=\"apuntesdesanluis.com\" \/>\n\t<meta name=\"twitter:label2\" content=\"Tiempo de lectura\" \/>\n\t<meta name=\"twitter:data2\" content=\"6 minutos\" \/>\n<script type=\"application\/ld+json\" class=\"yoast-schema-graph\">{\"@context\":\"https:\/\/schema.org\",\"@graph\":[{\"@type\":\"Article\",\"@id\":\"https:\/\/apuntesdesanluis.com\/index.php\/2024\/11\/23\/concluyo-con-la-premiacion-el-sudamericano-de-trail-y-montana\/#article\",\"isPartOf\":{\"@id\":\"https:\/\/apuntesdesanluis.com\/index.php\/2024\/11\/23\/concluyo-con-la-premiacion-el-sudamericano-de-trail-y-montana\/\"},\"author\":{\"name\":\"apuntesdesanluis.com\",\"@id\":\"https:\/\/apuntesdesanluis.com\/#\/schema\/person\/b55151d52296fcce64d1a72538a70b90\"},\"headline\":\"CONCLUY\u00d3 CON LA PREMIACI\u00d3N EL SUDAMERICANO DE TRAIL Y MONTA\u00d1A\",\"datePublished\":\"2024-11-24T01:44:14+00:00\",\"dateModified\":\"2024-11-24T21:01:55+00:00\",\"mainEntityOfPage\":{\"@id\":\"https:\/\/apuntesdesanluis.com\/index.php\/2024\/11\/23\/concluyo-con-la-premiacion-el-sudamericano-de-trail-y-montana\/\"},\"wordCount\":856,\"publisher\":{\"@id\":\"https:\/\/apuntesdesanluis.com\/#\/schema\/person\/b55151d52296fcce64d1a72538a70b90\"},\"image\":{\"@id\":\"https:\/\/apuntesdesanluis.com\/index.php\/2024\/11\/23\/concluyo-con-la-premiacion-el-sudamericano-de-trail-y-montana\/#primaryimage\"},\"thumbnailUrl\":\"https:\/\/apuntesdesanluis.com\/wp-content\/uploads\/2024\/11\/PREMIO-1.png\",\"articleSection\":[\"Ciudad\/Provincia\"],\"inLanguage\":\"es-AR\"},{\"@type\":\"WebPage\",\"@id\":\"https:\/\/apuntesdesanluis.com\/index.php\/2024\/11\/23\/concluyo-con-la-premiacion-el-sudamericano-de-trail-y-montana\/\",\"url\":\"https:\/\/apuntesdesanluis.com\/index.php\/2024\/11\/23\/concluyo-con-la-premiacion-el-sudamericano-de-trail-y-montana\/\",\"name\":\"CONCLUY\u00d3 CON LA PREMIACI\u00d3N EL SUDAMERICANO DE TRAIL Y MONTA\u00d1A - Apuntes de San Luis\",\"isPartOf\":{\"@id\":\"https:\/\/apuntesdesanluis.com\/#website\"},\"primaryImageOfPage\":{\"@id\":\"https:\/\/apuntesdesanluis.com\/index.php\/2024\/11\/23\/concluyo-con-la-premiacion-el-sudamericano-de-trail-y-montana\/#primaryimage\"},\"image\":{\"@id\":\"https:\/\/apuntesdesanluis.com\/index.php\/2024\/11\/23\/concluyo-con-la-premiacion-el-sudamericano-de-trail-y-montana\/#primaryimage\"},\"thumbnailUrl\":\"https:\/\/apuntesdesanluis.com\/wp-content\/uploads\/2024\/11\/PREMIO-1.png\",\"datePublished\":\"2024-11-24T01:44:14+00:00\",\"dateModified\":\"2024-11-24T21:01:55+00:00\",\"breadcrumb\":{\"@id\":\"https:\/\/apuntesdesanluis.com\/index.php\/2024\/11\/23\/concluyo-con-la-premiacion-el-sudamericano-de-trail-y-montana\/#breadcrumb\"},\"inLanguage\":\"es-AR\",\"potentialAction\":[{\"@type\":\"ReadAction\",\"target\":[\"https:\/\/apuntesdesanluis.com\/index.php\/2024\/11\/23\/concluyo-con-la-premiacion-el-sudamericano-de-trail-y-montana\/\"]}]},{\"@type\":\"ImageObject\",\"inLanguage\":\"es-AR\",\"@id\":\"https:\/\/apuntesdesanluis.com\/index.php\/2024\/11\/23\/concluyo-con-la-premiacion-el-sudamericano-de-trail-y-montana\/#primaryimage\",\"url\":\"https:\/\/apuntesdesanluis.com\/wp-content\/uploads\/2024\/11\/PREMIO-1.png\",\"contentUrl\":\"https:\/\/apuntesdesanluis.com\/wp-content\/uploads\/2024\/11\/PREMIO-1.png\",\"width\":813,\"height\":496},{\"@type\":\"BreadcrumbList\",\"@id\":\"https:\/\/apuntesdesanluis.com\/index.php\/2024\/11\/23\/concluyo-con-la-premiacion-el-sudamericano-de-trail-y-montana\/#breadcrumb\",\"itemListElement\":[{\"@type\":\"ListItem\",\"position\":1,\"name\":\"Inicio\",\"item\":\"https:\/\/apuntesdesanluis.com\/\"},{\"@type\":\"ListItem\",\"position\":2,\"name\":\"CONCLUY\u00d3 CON LA PREMIACI\u00d3N EL SUDAMERICANO DE TRAIL Y MONTA\u00d1A\"}]},{\"@type\":\"WebSite\",\"@id\":\"https:\/\/apuntesdesanluis.com\/#website\",\"url\":\"https:\/\/apuntesdesanluis.com\/\",\"name\":\"Apuntes de San Luis\",\"description\":\"\",\"publisher\":{\"@id\":\"https:\/\/apuntesdesanluis.com\/#\/schema\/person\/b55151d52296fcce64d1a72538a70b90\"},\"potentialAction\":[{\"@type\":\"SearchAction\",\"target\":{\"@type\":\"EntryPoint\",\"urlTemplate\":\"https:\/\/apuntesdesanluis.com\/?s={search_term_string}\"},\"query-input\":{\"@type\":\"PropertyValueSpecification\",\"valueRequired\":true,\"valueName\":\"search_term_string\"}}],\"inLanguage\":\"es-AR\"},{\"@type\":[\"Person\",\"Organization\"],\"@id\":\"https:\/\/apuntesdesanluis.com\/#\/schema\/person\/b55151d52296fcce64d1a72538a70b90\",\"name\":\"apuntesdesanluis.com\",\"image\":{\"@type\":\"ImageObject\",\"inLanguage\":\"es-AR\",\"@id\":\"https:\/\/apuntesdesanluis.com\/#\/schema\/person\/image\/\",\"url\":\"https:\/\/apuntesdesanluis.com\/wp-content\/uploads\/2023\/07\/cropped-apuntesdesanluis.png\",\"contentUrl\":\"https:\/\/apuntesdesanluis.com\/wp-content\/uploads\/2023\/07\/cropped-apuntesdesanluis.png\",\"width\":450,\"height\":112,\"caption\":\"apuntesdesanluis.com\"},\"logo\":{\"@id\":\"https:\/\/apuntesdesanluis.com\/#\/schema\/person\/image\/\"},\"sameAs\":[\"https:\/\/apuntesdesanluis.com\"],\"url\":\"https:\/\/apuntesdesanluis.com\/index.php\/author\/apuntesdesanluis-com\/\"}]}<\/script>\n<!-- \/ Yoast SEO plugin. -->","yoast_head_json":{"title":"CONCLUY\u00d3 CON LA PREMIACI\u00d3N EL SUDAMERICANO DE TRAIL Y MONTA\u00d1A - Apuntes de San Luis","robots":{"index":"index","follow":"follow","max-snippet":"max-snippet:-1","max-image-preview":"max-image-preview:large","max-video-preview":"max-video-preview:-1"},"canonical":"https:\/\/apuntesdesanluis.com\/index.php\/2024\/11\/23\/concluyo-con-la-premiacion-el-sudamericano-de-trail-y-montana\/","og_locale":"es_ES","og_type":"article","og_title":"CONCLUY\u00d3 CON LA PREMIACI\u00d3N EL SUDAMERICANO DE TRAIL Y MONTA\u00d1A - Apuntes de San Luis","og_description":"Con la participaci\u00f3n de alrededor de 3.000 corredores, la segunda edici\u00f3n de Merlo\u00a0Ultra Trail tuvo...","og_url":"https:\/\/apuntesdesanluis.com\/index.php\/2024\/11\/23\/concluyo-con-la-premiacion-el-sudamericano-de-trail-y-montana\/","og_site_name":"Apuntes de San Luis","article_published_time":"2024-11-24T01:44:14+00:00","article_modified_time":"2024-11-24T21:01:55+00:00","og_image":[{"width":813,"height":496,"url":"https:\/\/apuntesdesanluis.com\/wp-content\/uploads\/2024\/11\/PREMIO-1.png","type":"image\/png"}],"author":"apuntesdesanluis.com","twitter_card":"summary_large_image","twitter_misc":{"Escrito por":"apuntesdesanluis.com","Tiempo de lectura":"6 minutos"},"schema":{"@context":"https:\/\/schema.org","@graph":[{"@type":"Article","@id":"https:\/\/apuntesdesanluis.com\/index.php\/2024\/11\/23\/concluyo-con-la-premiacion-el-sudamericano-de-trail-y-montana\/#article","isPartOf":{"@id":"https:\/\/apuntesdesanluis.com\/index.php\/2024\/11\/23\/concluyo-con-la-premiacion-el-sudamericano-de-trail-y-montana\/"},"author":{"name":"apuntesdesanluis.com","@id":"https:\/\/apuntesdesanluis.com\/#\/schema\/person\/b55151d52296fcce64d1a72538a70b90"},"headline":"CONCLUY\u00d3 CON LA PREMIACI\u00d3N EL SUDAMERICANO DE TRAIL Y MONTA\u00d1A","datePublished":"2024-11-24T01:44:14+00:00","dateModified":"2024-11-24T21:01:55+00:00","mainEntityOfPage":{"@id":"https:\/\/apuntesdesanluis.com\/index.php\/2024\/11\/23\/concluyo-con-la-premiacion-el-sudamericano-de-trail-y-montana\/"},"wordCount":856,"publisher":{"@id":"https:\/\/apuntesdesanluis.com\/#\/schema\/person\/b55151d52296fcce64d1a72538a70b90"},"image":{"@id":"https:\/\/apuntesdesanluis.com\/index.php\/2024\/11\/23\/concluyo-con-la-premiacion-el-sudamericano-de-trail-y-montana\/#primaryimage"},"thumbnailUrl":"https:\/\/apuntesdesanluis.com\/wp-content\/uploads\/2024\/11\/PREMIO-1.png","articleSection":["Ciudad\/Provincia"],"inLanguage":"es-AR"},{"@type":"WebPage","@id":"https:\/\/apuntesdesanluis.com\/index.php\/2024\/11\/23\/concluyo-con-la-premiacion-el-sudamericano-de-trail-y-montana\/","url":"https:\/\/apuntesdesanluis.com\/index.php\/2024\/11\/23\/concluyo-con-la-premiacion-el-sudamericano-de-trail-y-montana\/","name":"CONCLUY\u00d3 CON LA PREMIACI\u00d3N EL SUDAMERICANO DE TRAIL Y MONTA\u00d1A - Apuntes de San Luis","isPartOf":{"@id":"https:\/\/apuntesdesanluis.com\/#website"},"primaryImageOfPage":{"@id":"https:\/\/apuntesdesanluis.com\/index.php\/2024\/11\/23\/concluyo-con-la-premiacion-el-sudamericano-de-trail-y-montana\/#primaryimage"},"image":{"@id":"https:\/\/apuntesdesanluis.com\/index.php\/2024\/11\/23\/concluyo-con-la-premiacion-el-sudamericano-de-trail-y-montana\/#primaryimage"},"thumbnailUrl":"https:\/\/apuntesdesanluis.com\/wp-content\/uploads\/2024\/11\/PREMIO-1.png","datePublished":"2024-11-24T01:44:14+00:00","dateModified":"2024-11-24T21:01:55+00:00","breadcrumb":{"@id":"https:\/\/apuntesdesanluis.com\/index.php\/2024\/11\/23\/concluyo-con-la-premiacion-el-sudamericano-de-trail-y-montana\/#breadcrumb"},"inLanguage":"es-AR","potentialAction":[{"@type":"ReadAction","target":["https:\/\/apuntesdesanluis.com\/index.php\/2024\/11\/23\/concluyo-con-la-premiacion-el-sudamericano-de-trail-y-montana\/"]}]},{"@type":"ImageObject","inLanguage":"es-AR","@id":"https:\/\/apuntesdesanluis.com\/index.php\/2024\/11\/23\/concluyo-con-la-premiacion-el-sudamericano-de-trail-y-montana\/#primaryimage","url":"https:\/\/apuntesdesanluis.com\/wp-content\/uploads\/2024\/11\/PREMIO-1.png","contentUrl":"https:\/\/apuntesdesanluis.com\/wp-content\/uploads\/2024\/11\/PREMIO-1.png","width":813,"height":496},{"@type":"BreadcrumbList","@id":"https:\/\/apuntesdesanluis.com\/index.php\/2024\/11\/23\/concluyo-con-la-premiacion-el-sudamericano-de-trail-y-montana\/#breadcrumb","itemListElement":[{"@type":"ListItem","position":1,"name":"Inicio","item":"https:\/\/apuntesdesanluis.com\/"},{"@type":"ListItem","position":2,"name":"CONCLUY\u00d3 CON LA PREMIACI\u00d3N EL SUDAMERICANO DE TRAIL Y MONTA\u00d1A"}]},{"@type":"WebSite","@id":"https:\/\/apuntesdesanluis.com\/#website","url":"https:\/\/apuntesdesanluis.com\/","name":"Apuntes de San Luis","description":"","publisher":{"@id":"https:\/\/apuntesdesanluis.com\/#\/schema\/person\/b55151d52296fcce64d1a72538a70b90"},"potentialAction":[{"@type":"SearchAction","target":{"@type":"EntryPoint","urlTemplate":"https:\/\/apuntesdesanluis.com\/?s={search_term_string}"},"query-input":{"@type":"PropertyValueSpecification","valueRequired":true,"valueName":"search_term_string"}}],"inLanguage":"es-AR"},{"@type":["Person","Organization"],"@id":"https:\/\/apuntesdesanluis.com\/#\/schema\/person\/b55151d52296fcce64d1a72538a70b90","name":"apuntesdesanluis.com","image":{"@type":"ImageObject","inLanguage":"es-AR","@id":"https:\/\/apuntesdesanluis.com\/#\/schema\/person\/image\/","url":"https:\/\/apuntesdesanluis.com\/wp-content\/uploads\/2023\/07\/cropped-apuntesdesanluis.png","contentUrl":"https:\/\/apuntesdesanluis.com\/wp-content\/uploads\/2023\/07\/cropped-apuntesdesanluis.png","width":450,"height":112,"caption":"apuntesdesanluis.com"},"logo":{"@id":"https:\/\/apuntesdesanluis.com\/#\/schema\/person\/image\/"},"sameAs":["https:\/\/apuntesdesanluis.com"],"url":"https:\/\/apuntesdesanluis.com\/index.php\/author\/apuntesdesanluis-com\/"}]}},"featured_image_urls":{"full":["https:\/\/apuntesdesanluis.com\/wp-content\/uploads\/2024\/11\/PREMIO-1.png",813,496,false],"thumbnail":["https:\/\/apuntesdesanluis.com\/wp-content\/uploads\/2024\/11\/PREMIO-1-150x150.png",150,150,true],"medium":["https:\/\/apuntesdesanluis.com\/wp-content\/uploads\/2024\/11\/PREMIO-1-300x183.png",300,183,true],"medium_large":["https:\/\/apuntesdesanluis.com\/wp-content\/uploads\/2024\/11\/PREMIO-1-768x469.png",640,391,true],"large":["https:\/\/apuntesdesanluis.com\/wp-content\/uploads\/2024\/11\/PREMIO-1.png",640,390,false],"1536x1536":["https:\/\/apuntesdesanluis.com\/wp-content\/uploads\/2024\/11\/PREMIO-1.png",813,496,false],"2048x2048":["https:\/\/apuntesdesanluis.com\/wp-content\/uploads\/2024\/11\/PREMIO-1.png",813,496,false],"newsever-slider-full":["https:\/\/apuntesdesanluis.com\/wp-content\/uploads\/2024\/11\/PREMIO-1.png",813,496,false],"newsever-featured":["https:\/\/apuntesdesanluis.com\/wp-content\/uploads\/2024\/11\/PREMIO-1.png",813,496,false],"newsever-medium":["https:\/\/apuntesdesanluis.com\/wp-content\/uploads\/2024\/11\/PREMIO-1-720x475.png",720,475,true]},"author_info":{"display_name":"apuntesdesanluis.com","author_link":"https:\/\/apuntesdesanluis.com\/index.php\/author\/apuntesdesanluis-com\/"},"category_info":"<a href=\"https:\/\/apuntesdesanluis.com\/index.php\/category\/ciudad-provincia\/\" rel=\"category tag\">Ciudad\/Provincia<\/a>","tag_info":"Ciudad\/Provincia","comment_count":"0","_links":{"self":[{"href":"https:\/\/apuntesdesanluis.com\/index.php\/wp-json\/wp\/v2\/posts\/25658","targetHints":{"allow":["GET"]}}],"collection":[{"href":"https:\/\/apuntesdesanluis.com\/index.php\/wp-json\/wp\/v2\/posts"}],"about":[{"href":"https:\/\/apuntesdesanluis.com\/index.php\/wp-json\/wp\/v2\/types\/post"}],"author":[{"embeddable":true,"href":"https:\/\/apuntesdesanluis.com\/index.php\/wp-json\/wp\/v2\/users\/1"}],"replies":[{"embeddable":true,"href":"https:\/\/apuntesdesanluis.com\/index.php\/wp-json\/wp\/v2\/comments?post=25658"}],"version-history":[{"count":3,"href":"https:\/\/apuntesdesanluis.com\/index.php\/wp-json\/wp\/v2\/posts\/25658\/revisions"}],"predecessor-version":[{"id":25672,"href":"https:\/\/apuntesdesanluis.com\/index.php\/wp-json\/wp\/v2\/posts\/25658\/revisions\/25672"}],"wp:featuredmedia":[{"embeddable":true,"href":"https:\/\/apuntesdesanluis.com\/index.php\/wp-json\/wp\/v2\/media\/25659"}],"wp:attachment":[{"href":"https:\/\/apuntesdesanluis.com\/index.php\/wp-json\/wp\/v2\/media?parent=25658"}],"wp:term":[{"taxonomy":"category","embeddable":true,"href":"https:\/\/apuntesdesanluis.com\/index.php\/wp-json\/wp\/v2\/categories?post=25658"},{"taxonomy":"post_tag","embeddable":true,"href":"https:\/\/apuntesdesanluis.com\/index.php\/wp-json\/wp\/v2\/tags?post=25658"}],"curies":[{"name":"wp","href":"https:\/\/api.w.org\/{rel}","templated":true}]}}