{"id":2567,"date":"2023-09-02T10:01:43","date_gmt":"2023-09-02T13:01:43","guid":{"rendered":"https:\/\/apuntesdesanluis.com\/?p=2567"},"modified":"2023-09-03T19:04:10","modified_gmt":"2023-09-03T22:04:10","slug":"obras-sanitarias-reparo-rotura-provocada-por-una-empresa-privada","status":"publish","type":"post","link":"https:\/\/apuntesdesanluis.com\/index.php\/2023\/09\/02\/obras-sanitarias-reparo-rotura-provocada-por-una-empresa-privada\/","title":{"rendered":"OBRAS SANITARIAS REPAR\u00d3 ROTURA PROVOCADA POR UNA EMPRESA PRIVADA"},"content":{"rendered":"<h3>La rotura tuvo lugar el pasado viernes en el barrio Las Mirandas de Villa Mercedes, en ocasi\u00f3n en que se encontraban trabajando operarios de una empresa privada y ocasionaron da\u00f1o a la red distribuidora cloacal.<\/h3>\n<h3>Tras darse aviso a la empresa, personal t\u00e9cnico se hizo presente y luego de efectuar una evaluaci\u00f3n de los da\u00f1os, comenzaron a trabajar para solucionar el inconveniente en la red colectora.<\/h3>\n<p><img fetchpriority=\"high\" decoding=\"async\" class=\"wp-image-2569 aligncenter\" src=\"https:\/\/apuntesdesanluis.com\/wp-content\/uploads\/2023\/09\/trabajos-manguera-300x289.png\" alt=\"\" width=\"736\" height=\"709\" srcset=\"https:\/\/apuntesdesanluis.com\/wp-content\/uploads\/2023\/09\/trabajos-manguera-300x289.png 300w, https:\/\/apuntesdesanluis.com\/wp-content\/uploads\/2023\/09\/trabajos-manguera.png 746w\" sizes=\"(max-width: 736px) 100vw, 736px\" \/><\/p>\n<h3>Un ingeniero de la empresa confirm\u00f3 que \u201cel da\u00f1o fue provocado por una empresa de construcci\u00f3n privada, en la ca\u00f1er\u00eda que est\u00e1 ubicada en Avenida 25 de Mayo esquina Gobernador Alric. Lamentablemente muchas veces sucede con la red distribuidora de agua y otras con la colectora, y entonces debemos intervenir\u201d, se lament\u00f3.<\/h3>\n<h3>Agreg\u00f3 que \u201cfelizmente pudimos reparar la ca\u00f1er\u00eda el mismo d\u00eda y no fue necesario interrumpir el servicio de los vecinos de la zona\u201d.<\/h3>\n<p>&nbsp;<\/p>\n<p>&nbsp;<\/p>\n<p>&nbsp;<\/p>\n","protected":false},"excerpt":{"rendered":"<p>La rotura tuvo lugar el pasado viernes en el barrio Las Mirandas de Villa Mercedes,&#8230;<\/p>\n","protected":false},"author":1,"featured_media":2568,"comment_status":"closed","ping_status":"closed","sticky":false,"template":"","format":"standard","meta":{"footnotes":""},"categories":[6],"tags":[],"class_list":["post-2567","post","type-post","status-publish","format-standard","has-post-thumbnail","hentry","category-ciudad-provincia"],"yoast_head":"<!-- This site is optimized with the Yoast SEO plugin v26.1.1 - https:\/\/yoast.com\/wordpress\/plugins\/seo\/ -->\n<title>OBRAS SANITARIAS REPAR\u00d3 ROTURA PROVOCADA POR UNA EMPRESA PRIVADA - Apuntes de San Luis<\/title>\n<meta name=\"robots\" content=\"index, follow, max-snippet:-1, max-image-preview:large, max-video-preview:-1\" \/>\n<link rel=\"canonical\" href=\"https:\/\/apuntesdesanluis.com\/index.php\/2023\/09\/02\/obras-sanitarias-reparo-rotura-provocada-por-una-empresa-privada\/\" \/>\n<meta property=\"og:locale\" content=\"es_ES\" \/>\n<meta property=\"og:type\" content=\"article\" \/>\n<meta property=\"og:title\" content=\"OBRAS SANITARIAS REPAR\u00d3 ROTURA PROVOCADA POR UNA EMPRESA PRIVADA - Apuntes de San Luis\" \/>\n<meta property=\"og:description\" content=\"La rotura tuvo lugar el pasado viernes en el barrio Las Mirandas de Villa Mercedes,...\" \/>\n<meta property=\"og:url\" content=\"https:\/\/apuntesdesanluis.com\/index.php\/2023\/09\/02\/obras-sanitarias-reparo-rotura-provocada-por-una-empresa-privada\/\" \/>\n<meta property=\"og:site_name\" content=\"Apuntes de San Luis\" \/>\n<meta property=\"article:published_time\" content=\"2023-09-02T13:01:43+00:00\" \/>\n<meta property=\"article:modified_time\" content=\"2023-09-03T22:04:10+00:00\" \/>\n<meta property=\"og:image\" content=\"https:\/\/apuntesdesanluis.com\/wp-content\/uploads\/2023\/09\/trabajos.png\" \/>\n\t<meta property=\"og:image:width\" content=\"743\" \/>\n\t<meta property=\"og:image:height\" content=\"513\" \/>\n\t<meta property=\"og:image:type\" content=\"image\/png\" \/>\n<meta name=\"author\" content=\"apuntesdesanluis.com\" \/>\n<meta name=\"twitter:card\" content=\"summary_large_image\" \/>\n<meta name=\"twitter:label1\" content=\"Escrito por\" \/>\n\t<meta name=\"twitter:data1\" content=\"apuntesdesanluis.com\" \/>\n\t<meta name=\"twitter:label2\" content=\"Tiempo de lectura\" \/>\n\t<meta name=\"twitter:data2\" content=\"1 minuto\" \/>\n<script type=\"application\/ld+json\" class=\"yoast-schema-graph\">{\"@context\":\"https:\/\/schema.org\",\"@graph\":[{\"@type\":\"Article\",\"@id\":\"https:\/\/apuntesdesanluis.com\/index.php\/2023\/09\/02\/obras-sanitarias-reparo-rotura-provocada-por-una-empresa-privada\/#article\",\"isPartOf\":{\"@id\":\"https:\/\/apuntesdesanluis.com\/index.php\/2023\/09\/02\/obras-sanitarias-reparo-rotura-provocada-por-una-empresa-privada\/\"},\"author\":{\"name\":\"apuntesdesanluis.com\",\"@id\":\"https:\/\/apuntesdesanluis.com\/#\/schema\/person\/b55151d52296fcce64d1a72538a70b90\"},\"headline\":\"OBRAS SANITARIAS REPAR\u00d3 ROTURA PROVOCADA POR UNA EMPRESA PRIVADA\",\"datePublished\":\"2023-09-02T13:01:43+00:00\",\"dateModified\":\"2023-09-03T22:04:10+00:00\",\"mainEntityOfPage\":{\"@id\":\"https:\/\/apuntesdesanluis.com\/index.php\/2023\/09\/02\/obras-sanitarias-reparo-rotura-provocada-por-una-empresa-privada\/\"},\"wordCount\":164,\"publisher\":{\"@id\":\"https:\/\/apuntesdesanluis.com\/#\/schema\/person\/b55151d52296fcce64d1a72538a70b90\"},\"image\":{\"@id\":\"https:\/\/apuntesdesanluis.com\/index.php\/2023\/09\/02\/obras-sanitarias-reparo-rotura-provocada-por-una-empresa-privada\/#primaryimage\"},\"thumbnailUrl\":\"https:\/\/apuntesdesanluis.com\/wp-content\/uploads\/2023\/09\/trabajos.png\",\"articleSection\":[\"Ciudad\/Provincia\"],\"inLanguage\":\"es-AR\"},{\"@type\":\"WebPage\",\"@id\":\"https:\/\/apuntesdesanluis.com\/index.php\/2023\/09\/02\/obras-sanitarias-reparo-rotura-provocada-por-una-empresa-privada\/\",\"url\":\"https:\/\/apuntesdesanluis.com\/index.php\/2023\/09\/02\/obras-sanitarias-reparo-rotura-provocada-por-una-empresa-privada\/\",\"name\":\"OBRAS SANITARIAS REPAR\u00d3 ROTURA PROVOCADA POR UNA EMPRESA PRIVADA - Apuntes de San Luis\",\"isPartOf\":{\"@id\":\"https:\/\/apuntesdesanluis.com\/#website\"},\"primaryImageOfPage\":{\"@id\":\"https:\/\/apuntesdesanluis.com\/index.php\/2023\/09\/02\/obras-sanitarias-reparo-rotura-provocada-por-una-empresa-privada\/#primaryimage\"},\"image\":{\"@id\":\"https:\/\/apuntesdesanluis.com\/index.php\/2023\/09\/02\/obras-sanitarias-reparo-rotura-provocada-por-una-empresa-privada\/#primaryimage\"},\"thumbnailUrl\":\"https:\/\/apuntesdesanluis.com\/wp-content\/uploads\/2023\/09\/trabajos.png\",\"datePublished\":\"2023-09-02T13:01:43+00:00\",\"dateModified\":\"2023-09-03T22:04:10+00:00\",\"breadcrumb\":{\"@id\":\"https:\/\/apuntesdesanluis.com\/index.php\/2023\/09\/02\/obras-sanitarias-reparo-rotura-provocada-por-una-empresa-privada\/#breadcrumb\"},\"inLanguage\":\"es-AR\",\"potentialAction\":[{\"@type\":\"ReadAction\",\"target\":[\"https:\/\/apuntesdesanluis.com\/index.php\/2023\/09\/02\/obras-sanitarias-reparo-rotura-provocada-por-una-empresa-privada\/\"]}]},{\"@type\":\"ImageObject\",\"inLanguage\":\"es-AR\",\"@id\":\"https:\/\/apuntesdesanluis.com\/index.php\/2023\/09\/02\/obras-sanitarias-reparo-rotura-provocada-por-una-empresa-privada\/#primaryimage\",\"url\":\"https:\/\/apuntesdesanluis.com\/wp-content\/uploads\/2023\/09\/trabajos.png\",\"contentUrl\":\"https:\/\/apuntesdesanluis.com\/wp-content\/uploads\/2023\/09\/trabajos.png\",\"width\":743,\"height\":513},{\"@type\":\"BreadcrumbList\",\"@id\":\"https:\/\/apuntesdesanluis.com\/index.php\/2023\/09\/02\/obras-sanitarias-reparo-rotura-provocada-por-una-empresa-privada\/#breadcrumb\",\"itemListElement\":[{\"@type\":\"ListItem\",\"position\":1,\"name\":\"Inicio\",\"item\":\"https:\/\/apuntesdesanluis.com\/\"},{\"@type\":\"ListItem\",\"position\":2,\"name\":\"OBRAS SANITARIAS REPAR\u00d3 ROTURA PROVOCADA POR UNA EMPRESA PRIVADA\"}]},{\"@type\":\"WebSite\",\"@id\":\"https:\/\/apuntesdesanluis.com\/#website\",\"url\":\"https:\/\/apuntesdesanluis.com\/\",\"name\":\"Apuntes de San Luis\",\"description\":\"\",\"publisher\":{\"@id\":\"https:\/\/apuntesdesanluis.com\/#\/schema\/person\/b55151d52296fcce64d1a72538a70b90\"},\"potentialAction\":[{\"@type\":\"SearchAction\",\"target\":{\"@type\":\"EntryPoint\",\"urlTemplate\":\"https:\/\/apuntesdesanluis.com\/?s={search_term_string}\"},\"query-input\":{\"@type\":\"PropertyValueSpecification\",\"valueRequired\":true,\"valueName\":\"search_term_string\"}}],\"inLanguage\":\"es-AR\"},{\"@type\":[\"Person\",\"Organization\"],\"@id\":\"https:\/\/apuntesdesanluis.com\/#\/schema\/person\/b55151d52296fcce64d1a72538a70b90\",\"name\":\"apuntesdesanluis.com\",\"image\":{\"@type\":\"ImageObject\",\"inLanguage\":\"es-AR\",\"@id\":\"https:\/\/apuntesdesanluis.com\/#\/schema\/person\/image\/\",\"url\":\"https:\/\/apuntesdesanluis.com\/wp-content\/uploads\/2023\/07\/cropped-apuntesdesanluis.png\",\"contentUrl\":\"https:\/\/apuntesdesanluis.com\/wp-content\/uploads\/2023\/07\/cropped-apuntesdesanluis.png\",\"width\":450,\"height\":112,\"caption\":\"apuntesdesanluis.com\"},\"logo\":{\"@id\":\"https:\/\/apuntesdesanluis.com\/#\/schema\/person\/image\/\"},\"sameAs\":[\"https:\/\/apuntesdesanluis.com\"],\"url\":\"https:\/\/apuntesdesanluis.com\/index.php\/author\/apuntesdesanluis-com\/\"}]}<\/script>\n<!-- \/ Yoast SEO plugin. -->","yoast_head_json":{"title":"OBRAS SANITARIAS REPAR\u00d3 ROTURA PROVOCADA POR UNA EMPRESA PRIVADA - Apuntes de San Luis","robots":{"index":"index","follow":"follow","max-snippet":"max-snippet:-1","max-image-preview":"max-image-preview:large","max-video-preview":"max-video-preview:-1"},"canonical":"https:\/\/apuntesdesanluis.com\/index.php\/2023\/09\/02\/obras-sanitarias-reparo-rotura-provocada-por-una-empresa-privada\/","og_locale":"es_ES","og_type":"article","og_title":"OBRAS SANITARIAS REPAR\u00d3 ROTURA PROVOCADA POR UNA EMPRESA PRIVADA - Apuntes de San Luis","og_description":"La rotura tuvo lugar el pasado viernes en el barrio Las Mirandas de Villa Mercedes,...","og_url":"https:\/\/apuntesdesanluis.com\/index.php\/2023\/09\/02\/obras-sanitarias-reparo-rotura-provocada-por-una-empresa-privada\/","og_site_name":"Apuntes de San Luis","article_published_time":"2023-09-02T13:01:43+00:00","article_modified_time":"2023-09-03T22:04:10+00:00","og_image":[{"width":743,"height":513,"url":"https:\/\/apuntesdesanluis.com\/wp-content\/uploads\/2023\/09\/trabajos.png","type":"image\/png"}],"author":"apuntesdesanluis.com","twitter_card":"summary_large_image","twitter_misc":{"Escrito por":"apuntesdesanluis.com","Tiempo de lectura":"1 minuto"},"schema":{"@context":"https:\/\/schema.org","@graph":[{"@type":"Article","@id":"https:\/\/apuntesdesanluis.com\/index.php\/2023\/09\/02\/obras-sanitarias-reparo-rotura-provocada-por-una-empresa-privada\/#article","isPartOf":{"@id":"https:\/\/apuntesdesanluis.com\/index.php\/2023\/09\/02\/obras-sanitarias-reparo-rotura-provocada-por-una-empresa-privada\/"},"author":{"name":"apuntesdesanluis.com","@id":"https:\/\/apuntesdesanluis.com\/#\/schema\/person\/b55151d52296fcce64d1a72538a70b90"},"headline":"OBRAS SANITARIAS REPAR\u00d3 ROTURA PROVOCADA POR UNA EMPRESA PRIVADA","datePublished":"2023-09-02T13:01:43+00:00","dateModified":"2023-09-03T22:04:10+00:00","mainEntityOfPage":{"@id":"https:\/\/apuntesdesanluis.com\/index.php\/2023\/09\/02\/obras-sanitarias-reparo-rotura-provocada-por-una-empresa-privada\/"},"wordCount":164,"publisher":{"@id":"https:\/\/apuntesdesanluis.com\/#\/schema\/person\/b55151d52296fcce64d1a72538a70b90"},"image":{"@id":"https:\/\/apuntesdesanluis.com\/index.php\/2023\/09\/02\/obras-sanitarias-reparo-rotura-provocada-por-una-empresa-privada\/#primaryimage"},"thumbnailUrl":"https:\/\/apuntesdesanluis.com\/wp-content\/uploads\/2023\/09\/trabajos.png","articleSection":["Ciudad\/Provincia"],"inLanguage":"es-AR"},{"@type":"WebPage","@id":"https:\/\/apuntesdesanluis.com\/index.php\/2023\/09\/02\/obras-sanitarias-reparo-rotura-provocada-por-una-empresa-privada\/","url":"https:\/\/apuntesdesanluis.com\/index.php\/2023\/09\/02\/obras-sanitarias-reparo-rotura-provocada-por-una-empresa-privada\/","name":"OBRAS SANITARIAS REPAR\u00d3 ROTURA PROVOCADA POR UNA EMPRESA PRIVADA - Apuntes de San Luis","isPartOf":{"@id":"https:\/\/apuntesdesanluis.com\/#website"},"primaryImageOfPage":{"@id":"https:\/\/apuntesdesanluis.com\/index.php\/2023\/09\/02\/obras-sanitarias-reparo-rotura-provocada-por-una-empresa-privada\/#primaryimage"},"image":{"@id":"https:\/\/apuntesdesanluis.com\/index.php\/2023\/09\/02\/obras-sanitarias-reparo-rotura-provocada-por-una-empresa-privada\/#primaryimage"},"thumbnailUrl":"https:\/\/apuntesdesanluis.com\/wp-content\/uploads\/2023\/09\/trabajos.png","datePublished":"2023-09-02T13:01:43+00:00","dateModified":"2023-09-03T22:04:10+00:00","breadcrumb":{"@id":"https:\/\/apuntesdesanluis.com\/index.php\/2023\/09\/02\/obras-sanitarias-reparo-rotura-provocada-por-una-empresa-privada\/#breadcrumb"},"inLanguage":"es-AR","potentialAction":[{"@type":"ReadAction","target":["https:\/\/apuntesdesanluis.com\/index.php\/2023\/09\/02\/obras-sanitarias-reparo-rotura-provocada-por-una-empresa-privada\/"]}]},{"@type":"ImageObject","inLanguage":"es-AR","@id":"https:\/\/apuntesdesanluis.com\/index.php\/2023\/09\/02\/obras-sanitarias-reparo-rotura-provocada-por-una-empresa-privada\/#primaryimage","url":"https:\/\/apuntesdesanluis.com\/wp-content\/uploads\/2023\/09\/trabajos.png","contentUrl":"https:\/\/apuntesdesanluis.com\/wp-content\/uploads\/2023\/09\/trabajos.png","width":743,"height":513},{"@type":"BreadcrumbList","@id":"https:\/\/apuntesdesanluis.com\/index.php\/2023\/09\/02\/obras-sanitarias-reparo-rotura-provocada-por-una-empresa-privada\/#breadcrumb","itemListElement":[{"@type":"ListItem","position":1,"name":"Inicio","item":"https:\/\/apuntesdesanluis.com\/"},{"@type":"ListItem","position":2,"name":"OBRAS SANITARIAS REPAR\u00d3 ROTURA PROVOCADA POR UNA EMPRESA PRIVADA"}]},{"@type":"WebSite","@id":"https:\/\/apuntesdesanluis.com\/#website","url":"https:\/\/apuntesdesanluis.com\/","name":"Apuntes de San Luis","description":"","publisher":{"@id":"https:\/\/apuntesdesanluis.com\/#\/schema\/person\/b55151d52296fcce64d1a72538a70b90"},"potentialAction":[{"@type":"SearchAction","target":{"@type":"EntryPoint","urlTemplate":"https:\/\/apuntesdesanluis.com\/?s={search_term_string}"},"query-input":{"@type":"PropertyValueSpecification","valueRequired":true,"valueName":"search_term_string"}}],"inLanguage":"es-AR"},{"@type":["Person","Organization"],"@id":"https:\/\/apuntesdesanluis.com\/#\/schema\/person\/b55151d52296fcce64d1a72538a70b90","name":"apuntesdesanluis.com","image":{"@type":"ImageObject","inLanguage":"es-AR","@id":"https:\/\/apuntesdesanluis.com\/#\/schema\/person\/image\/","url":"https:\/\/apuntesdesanluis.com\/wp-content\/uploads\/2023\/07\/cropped-apuntesdesanluis.png","contentUrl":"https:\/\/apuntesdesanluis.com\/wp-content\/uploads\/2023\/07\/cropped-apuntesdesanluis.png","width":450,"height":112,"caption":"apuntesdesanluis.com"},"logo":{"@id":"https:\/\/apuntesdesanluis.com\/#\/schema\/person\/image\/"},"sameAs":["https:\/\/apuntesdesanluis.com"],"url":"https:\/\/apuntesdesanluis.com\/index.php\/author\/apuntesdesanluis-com\/"}]}},"featured_image_urls":{"full":["https:\/\/apuntesdesanluis.com\/wp-content\/uploads\/2023\/09\/trabajos.png",743,513,false],"thumbnail":["https:\/\/apuntesdesanluis.com\/wp-content\/uploads\/2023\/09\/trabajos-150x150.png",150,150,true],"medium":["https:\/\/apuntesdesanluis.com\/wp-content\/uploads\/2023\/09\/trabajos-300x207.png",300,207,true],"medium_large":["https:\/\/apuntesdesanluis.com\/wp-content\/uploads\/2023\/09\/trabajos.png",640,442,false],"large":["https:\/\/apuntesdesanluis.com\/wp-content\/uploads\/2023\/09\/trabajos.png",640,442,false],"1536x1536":["https:\/\/apuntesdesanluis.com\/wp-content\/uploads\/2023\/09\/trabajos.png",743,513,false],"2048x2048":["https:\/\/apuntesdesanluis.com\/wp-content\/uploads\/2023\/09\/trabajos.png",743,513,false],"newsever-slider-full":["https:\/\/apuntesdesanluis.com\/wp-content\/uploads\/2023\/09\/trabajos.png",743,513,false],"newsever-featured":["https:\/\/apuntesdesanluis.com\/wp-content\/uploads\/2023\/09\/trabajos.png",743,513,false],"newsever-medium":["https:\/\/apuntesdesanluis.com\/wp-content\/uploads\/2023\/09\/trabajos-720x475.png",720,475,true]},"author_info":{"display_name":"apuntesdesanluis.com","author_link":"https:\/\/apuntesdesanluis.com\/index.php\/author\/apuntesdesanluis-com\/"},"category_info":"<a href=\"https:\/\/apuntesdesanluis.com\/index.php\/category\/ciudad-provincia\/\" rel=\"category tag\">Ciudad\/Provincia<\/a>","tag_info":"Ciudad\/Provincia","comment_count":"0","_links":{"self":[{"href":"https:\/\/apuntesdesanluis.com\/index.php\/wp-json\/wp\/v2\/posts\/2567","targetHints":{"allow":["GET"]}}],"collection":[{"href":"https:\/\/apuntesdesanluis.com\/index.php\/wp-json\/wp\/v2\/posts"}],"about":[{"href":"https:\/\/apuntesdesanluis.com\/index.php\/wp-json\/wp\/v2\/types\/post"}],"author":[{"embeddable":true,"href":"https:\/\/apuntesdesanluis.com\/index.php\/wp-json\/wp\/v2\/users\/1"}],"replies":[{"embeddable":true,"href":"https:\/\/apuntesdesanluis.com\/index.php\/wp-json\/wp\/v2\/comments?post=2567"}],"version-history":[{"count":2,"href":"https:\/\/apuntesdesanluis.com\/index.php\/wp-json\/wp\/v2\/posts\/2567\/revisions"}],"predecessor-version":[{"id":2571,"href":"https:\/\/apuntesdesanluis.com\/index.php\/wp-json\/wp\/v2\/posts\/2567\/revisions\/2571"}],"wp:featuredmedia":[{"embeddable":true,"href":"https:\/\/apuntesdesanluis.com\/index.php\/wp-json\/wp\/v2\/media\/2568"}],"wp:attachment":[{"href":"https:\/\/apuntesdesanluis.com\/index.php\/wp-json\/wp\/v2\/media?parent=2567"}],"wp:term":[{"taxonomy":"category","embeddable":true,"href":"https:\/\/apuntesdesanluis.com\/index.php\/wp-json\/wp\/v2\/categories?post=2567"},{"taxonomy":"post_tag","embeddable":true,"href":"https:\/\/apuntesdesanluis.com\/index.php\/wp-json\/wp\/v2\/tags?post=2567"}],"curies":[{"name":"wp","href":"https:\/\/api.w.org\/{rel}","templated":true}]}}