{"id":257,"date":"2023-07-23T17:39:17","date_gmt":"2023-07-23T20:39:17","guid":{"rendered":"https:\/\/apuntesdesanluis.com\/?p=257"},"modified":"2023-07-23T17:39:17","modified_gmt":"2023-07-23T20:39:17","slug":"extendieron-las-inscripciones-docentes-para-la-cobertura-de-cargos-del-ciclo-lectivo-2024","status":"publish","type":"post","link":"https:\/\/apuntesdesanluis.com\/index.php\/2023\/07\/23\/extendieron-las-inscripciones-docentes-para-la-cobertura-de-cargos-del-ciclo-lectivo-2024\/","title":{"rendered":"EXTENDIERON LAS INSCRIPCIONES DOCENTES PARA LA COBERTURA DE CARGOS DEL CICLO LECTIVO 2024"},"content":{"rendered":"<h3>Habr\u00e1 tiempo hasta el lunes 31 de julio. Los aspirantes a interinatos y suplencias que se inscriben por primera vez, como as\u00ed tambi\u00e9n quienes se reinscriben, pueden hacerlo de manera digital a trav\u00e9s del sitio web: <strong><a href=\"http:\/\/jcdocente.sanluis.edu.ar\">http:\/\/jcdocente.sanluis.edu.ar<\/a><\/strong><\/h3>\n<h3>Mediante la Resoluci\u00f3n N\u00ba06-2023-JCD- regiones I-II-III-IV-V-VI, el Ministerio de Educaci\u00f3n comunica que se extender\u00e1 el plazo de inscripci\u00f3n docente para la cobertura de cargos del Ciclo Lectivo 2024, hasta el lunes 31 de julio inclusive.<\/h3>\n<h3>La medida se tom\u00f3 para dar respuesta a muchos docentes que solicitaron m\u00e1s tiempo, al coincidir el cierre del plazo de inscripci\u00f3n con el receso invernal.<\/h3>\n<h3>El proceso es virtual a trav\u00e9s del sitio web http:\/\/jcdocente.sanluis.edu.ar, y est\u00e1 destinado a docentes que se inscriben por primera vez, como as\u00ed tambi\u00e9n para los que se reinscriben, y para docentes titulares que deban actualizar sus legajos.<\/h3>\n<h3>Vale recordar que quienes tengan inter\u00e9s deber\u00e1n ser ciudadanos argentinos, nativos o naturalizados; tener un m\u00ednimo de 2 a\u00f1os de residencia en la provincia de San Luis, acreditado en el DNI; y poseer t\u00edtulo para el cargo o espacio curricular seg\u00fan el nivel de educaci\u00f3n en el que aspira ejercer la ense\u00f1anza.<\/h3>\n<h3>Para quienes tengan consultas, se podr\u00e1n comunicar con las Juntas de Clasificaci\u00f3n Docente de cada Regi\u00f3n Educativa de la Provincia: sede San Luis: 0266-4452010 (Nivel Inicial y Primario: interno 1111 \u2013 1213 \/ Nivel Secundario: 1194 \u2013 1198); sede Villa Mercedes: 0266-4452010 (Nivel Inicial y Primario: interno 5772 \/ Nivel Secundario: 6930); o sede Concar\u00e1n: 0266-4452010 (Nivel Inicial y Primario: 8375 \/ Nivel Secundario: 4123 \u2013 6986).<\/h3>\n","protected":false},"excerpt":{"rendered":"<p>Habr\u00e1 tiempo hasta el lunes 31 de julio. Los aspirantes a interinatos y suplencias que&#8230;<\/p>\n","protected":false},"author":1,"featured_media":258,"comment_status":"closed","ping_status":"closed","sticky":false,"template":"","format":"standard","meta":{"footnotes":""},"categories":[6],"tags":[],"class_list":["post-257","post","type-post","status-publish","format-standard","has-post-thumbnail","hentry","category-ciudad-provincia"],"yoast_head":"<!-- This site is optimized with the Yoast SEO plugin v26.1.1 - https:\/\/yoast.com\/wordpress\/plugins\/seo\/ -->\n<title>EXTENDIERON LAS INSCRIPCIONES DOCENTES PARA LA COBERTURA DE CARGOS DEL CICLO LECTIVO 2024 - Apuntes de San Luis<\/title>\n<meta name=\"robots\" content=\"index, follow, max-snippet:-1, max-image-preview:large, max-video-preview:-1\" \/>\n<link rel=\"canonical\" href=\"https:\/\/apuntesdesanluis.com\/index.php\/2023\/07\/23\/extendieron-las-inscripciones-docentes-para-la-cobertura-de-cargos-del-ciclo-lectivo-2024\/\" \/>\n<meta property=\"og:locale\" content=\"es_ES\" \/>\n<meta property=\"og:type\" content=\"article\" \/>\n<meta property=\"og:title\" content=\"EXTENDIERON LAS INSCRIPCIONES DOCENTES PARA LA COBERTURA DE CARGOS DEL CICLO LECTIVO 2024 - Apuntes de San Luis\" \/>\n<meta property=\"og:description\" content=\"Habr\u00e1 tiempo hasta el lunes 31 de julio. Los aspirantes a interinatos y suplencias que...\" \/>\n<meta property=\"og:url\" content=\"https:\/\/apuntesdesanluis.com\/index.php\/2023\/07\/23\/extendieron-las-inscripciones-docentes-para-la-cobertura-de-cargos-del-ciclo-lectivo-2024\/\" \/>\n<meta property=\"og:site_name\" content=\"Apuntes de San Luis\" \/>\n<meta property=\"article:published_time\" content=\"2023-07-23T20:39:17+00:00\" \/>\n<meta property=\"og:image\" content=\"https:\/\/apuntesdesanluis.com\/wp-content\/uploads\/2023\/07\/ministerio-de-educacion.png\" \/>\n\t<meta property=\"og:image:width\" content=\"628\" \/>\n\t<meta property=\"og:image:height\" content=\"360\" \/>\n\t<meta property=\"og:image:type\" content=\"image\/png\" \/>\n<meta name=\"author\" content=\"apuntesdesanluis.com\" \/>\n<meta name=\"twitter:card\" content=\"summary_large_image\" \/>\n<meta name=\"twitter:label1\" content=\"Escrito por\" \/>\n\t<meta name=\"twitter:data1\" content=\"apuntesdesanluis.com\" \/>\n\t<meta name=\"twitter:label2\" content=\"Tiempo de lectura\" \/>\n\t<meta name=\"twitter:data2\" content=\"2 minutos\" \/>\n<script type=\"application\/ld+json\" class=\"yoast-schema-graph\">{\"@context\":\"https:\/\/schema.org\",\"@graph\":[{\"@type\":\"Article\",\"@id\":\"https:\/\/apuntesdesanluis.com\/index.php\/2023\/07\/23\/extendieron-las-inscripciones-docentes-para-la-cobertura-de-cargos-del-ciclo-lectivo-2024\/#article\",\"isPartOf\":{\"@id\":\"https:\/\/apuntesdesanluis.com\/index.php\/2023\/07\/23\/extendieron-las-inscripciones-docentes-para-la-cobertura-de-cargos-del-ciclo-lectivo-2024\/\"},\"author\":{\"name\":\"apuntesdesanluis.com\",\"@id\":\"https:\/\/apuntesdesanluis.com\/#\/schema\/person\/b55151d52296fcce64d1a72538a70b90\"},\"headline\":\"EXTENDIERON LAS INSCRIPCIONES DOCENTES PARA LA COBERTURA DE CARGOS DEL CICLO LECTIVO 2024\",\"datePublished\":\"2023-07-23T20:39:17+00:00\",\"mainEntityOfPage\":{\"@id\":\"https:\/\/apuntesdesanluis.com\/index.php\/2023\/07\/23\/extendieron-las-inscripciones-docentes-para-la-cobertura-de-cargos-del-ciclo-lectivo-2024\/\"},\"wordCount\":279,\"publisher\":{\"@id\":\"https:\/\/apuntesdesanluis.com\/#\/schema\/person\/b55151d52296fcce64d1a72538a70b90\"},\"image\":{\"@id\":\"https:\/\/apuntesdesanluis.com\/index.php\/2023\/07\/23\/extendieron-las-inscripciones-docentes-para-la-cobertura-de-cargos-del-ciclo-lectivo-2024\/#primaryimage\"},\"thumbnailUrl\":\"https:\/\/apuntesdesanluis.com\/wp-content\/uploads\/2023\/07\/ministerio-de-educacion.png\",\"articleSection\":[\"Ciudad\/Provincia\"],\"inLanguage\":\"es-AR\"},{\"@type\":\"WebPage\",\"@id\":\"https:\/\/apuntesdesanluis.com\/index.php\/2023\/07\/23\/extendieron-las-inscripciones-docentes-para-la-cobertura-de-cargos-del-ciclo-lectivo-2024\/\",\"url\":\"https:\/\/apuntesdesanluis.com\/index.php\/2023\/07\/23\/extendieron-las-inscripciones-docentes-para-la-cobertura-de-cargos-del-ciclo-lectivo-2024\/\",\"name\":\"EXTENDIERON LAS INSCRIPCIONES DOCENTES PARA LA COBERTURA DE CARGOS DEL CICLO LECTIVO 2024 - Apuntes de San Luis\",\"isPartOf\":{\"@id\":\"https:\/\/apuntesdesanluis.com\/#website\"},\"primaryImageOfPage\":{\"@id\":\"https:\/\/apuntesdesanluis.com\/index.php\/2023\/07\/23\/extendieron-las-inscripciones-docentes-para-la-cobertura-de-cargos-del-ciclo-lectivo-2024\/#primaryimage\"},\"image\":{\"@id\":\"https:\/\/apuntesdesanluis.com\/index.php\/2023\/07\/23\/extendieron-las-inscripciones-docentes-para-la-cobertura-de-cargos-del-ciclo-lectivo-2024\/#primaryimage\"},\"thumbnailUrl\":\"https:\/\/apuntesdesanluis.com\/wp-content\/uploads\/2023\/07\/ministerio-de-educacion.png\",\"datePublished\":\"2023-07-23T20:39:17+00:00\",\"breadcrumb\":{\"@id\":\"https:\/\/apuntesdesanluis.com\/index.php\/2023\/07\/23\/extendieron-las-inscripciones-docentes-para-la-cobertura-de-cargos-del-ciclo-lectivo-2024\/#breadcrumb\"},\"inLanguage\":\"es-AR\",\"potentialAction\":[{\"@type\":\"ReadAction\",\"target\":[\"https:\/\/apuntesdesanluis.com\/index.php\/2023\/07\/23\/extendieron-las-inscripciones-docentes-para-la-cobertura-de-cargos-del-ciclo-lectivo-2024\/\"]}]},{\"@type\":\"ImageObject\",\"inLanguage\":\"es-AR\",\"@id\":\"https:\/\/apuntesdesanluis.com\/index.php\/2023\/07\/23\/extendieron-las-inscripciones-docentes-para-la-cobertura-de-cargos-del-ciclo-lectivo-2024\/#primaryimage\",\"url\":\"https:\/\/apuntesdesanluis.com\/wp-content\/uploads\/2023\/07\/ministerio-de-educacion.png\",\"contentUrl\":\"https:\/\/apuntesdesanluis.com\/wp-content\/uploads\/2023\/07\/ministerio-de-educacion.png\",\"width\":628,\"height\":360},{\"@type\":\"BreadcrumbList\",\"@id\":\"https:\/\/apuntesdesanluis.com\/index.php\/2023\/07\/23\/extendieron-las-inscripciones-docentes-para-la-cobertura-de-cargos-del-ciclo-lectivo-2024\/#breadcrumb\",\"itemListElement\":[{\"@type\":\"ListItem\",\"position\":1,\"name\":\"Inicio\",\"item\":\"https:\/\/apuntesdesanluis.com\/\"},{\"@type\":\"ListItem\",\"position\":2,\"name\":\"EXTENDIERON LAS INSCRIPCIONES DOCENTES PARA LA COBERTURA DE CARGOS DEL CICLO LECTIVO 2024\"}]},{\"@type\":\"WebSite\",\"@id\":\"https:\/\/apuntesdesanluis.com\/#website\",\"url\":\"https:\/\/apuntesdesanluis.com\/\",\"name\":\"Apuntes de San Luis\",\"description\":\"\",\"publisher\":{\"@id\":\"https:\/\/apuntesdesanluis.com\/#\/schema\/person\/b55151d52296fcce64d1a72538a70b90\"},\"potentialAction\":[{\"@type\":\"SearchAction\",\"target\":{\"@type\":\"EntryPoint\",\"urlTemplate\":\"https:\/\/apuntesdesanluis.com\/?s={search_term_string}\"},\"query-input\":{\"@type\":\"PropertyValueSpecification\",\"valueRequired\":true,\"valueName\":\"search_term_string\"}}],\"inLanguage\":\"es-AR\"},{\"@type\":[\"Person\",\"Organization\"],\"@id\":\"https:\/\/apuntesdesanluis.com\/#\/schema\/person\/b55151d52296fcce64d1a72538a70b90\",\"name\":\"apuntesdesanluis.com\",\"image\":{\"@type\":\"ImageObject\",\"inLanguage\":\"es-AR\",\"@id\":\"https:\/\/apuntesdesanluis.com\/#\/schema\/person\/image\/\",\"url\":\"https:\/\/apuntesdesanluis.com\/wp-content\/uploads\/2023\/07\/cropped-apuntesdesanluis.png\",\"contentUrl\":\"https:\/\/apuntesdesanluis.com\/wp-content\/uploads\/2023\/07\/cropped-apuntesdesanluis.png\",\"width\":450,\"height\":112,\"caption\":\"apuntesdesanluis.com\"},\"logo\":{\"@id\":\"https:\/\/apuntesdesanluis.com\/#\/schema\/person\/image\/\"},\"sameAs\":[\"https:\/\/apuntesdesanluis.com\"],\"url\":\"https:\/\/apuntesdesanluis.com\/index.php\/author\/apuntesdesanluis-com\/\"}]}<\/script>\n<!-- \/ Yoast SEO plugin. -->","yoast_head_json":{"title":"EXTENDIERON LAS INSCRIPCIONES DOCENTES PARA LA COBERTURA DE CARGOS DEL CICLO LECTIVO 2024 - Apuntes de San Luis","robots":{"index":"index","follow":"follow","max-snippet":"max-snippet:-1","max-image-preview":"max-image-preview:large","max-video-preview":"max-video-preview:-1"},"canonical":"https:\/\/apuntesdesanluis.com\/index.php\/2023\/07\/23\/extendieron-las-inscripciones-docentes-para-la-cobertura-de-cargos-del-ciclo-lectivo-2024\/","og_locale":"es_ES","og_type":"article","og_title":"EXTENDIERON LAS INSCRIPCIONES DOCENTES PARA LA COBERTURA DE CARGOS DEL CICLO LECTIVO 2024 - Apuntes de San Luis","og_description":"Habr\u00e1 tiempo hasta el lunes 31 de julio. Los aspirantes a interinatos y suplencias que...","og_url":"https:\/\/apuntesdesanluis.com\/index.php\/2023\/07\/23\/extendieron-las-inscripciones-docentes-para-la-cobertura-de-cargos-del-ciclo-lectivo-2024\/","og_site_name":"Apuntes de San Luis","article_published_time":"2023-07-23T20:39:17+00:00","og_image":[{"width":628,"height":360,"url":"https:\/\/apuntesdesanluis.com\/wp-content\/uploads\/2023\/07\/ministerio-de-educacion.png","type":"image\/png"}],"author":"apuntesdesanluis.com","twitter_card":"summary_large_image","twitter_misc":{"Escrito por":"apuntesdesanluis.com","Tiempo de lectura":"2 minutos"},"schema":{"@context":"https:\/\/schema.org","@graph":[{"@type":"Article","@id":"https:\/\/apuntesdesanluis.com\/index.php\/2023\/07\/23\/extendieron-las-inscripciones-docentes-para-la-cobertura-de-cargos-del-ciclo-lectivo-2024\/#article","isPartOf":{"@id":"https:\/\/apuntesdesanluis.com\/index.php\/2023\/07\/23\/extendieron-las-inscripciones-docentes-para-la-cobertura-de-cargos-del-ciclo-lectivo-2024\/"},"author":{"name":"apuntesdesanluis.com","@id":"https:\/\/apuntesdesanluis.com\/#\/schema\/person\/b55151d52296fcce64d1a72538a70b90"},"headline":"EXTENDIERON LAS INSCRIPCIONES DOCENTES PARA LA COBERTURA DE CARGOS DEL CICLO LECTIVO 2024","datePublished":"2023-07-23T20:39:17+00:00","mainEntityOfPage":{"@id":"https:\/\/apuntesdesanluis.com\/index.php\/2023\/07\/23\/extendieron-las-inscripciones-docentes-para-la-cobertura-de-cargos-del-ciclo-lectivo-2024\/"},"wordCount":279,"publisher":{"@id":"https:\/\/apuntesdesanluis.com\/#\/schema\/person\/b55151d52296fcce64d1a72538a70b90"},"image":{"@id":"https:\/\/apuntesdesanluis.com\/index.php\/2023\/07\/23\/extendieron-las-inscripciones-docentes-para-la-cobertura-de-cargos-del-ciclo-lectivo-2024\/#primaryimage"},"thumbnailUrl":"https:\/\/apuntesdesanluis.com\/wp-content\/uploads\/2023\/07\/ministerio-de-educacion.png","articleSection":["Ciudad\/Provincia"],"inLanguage":"es-AR"},{"@type":"WebPage","@id":"https:\/\/apuntesdesanluis.com\/index.php\/2023\/07\/23\/extendieron-las-inscripciones-docentes-para-la-cobertura-de-cargos-del-ciclo-lectivo-2024\/","url":"https:\/\/apuntesdesanluis.com\/index.php\/2023\/07\/23\/extendieron-las-inscripciones-docentes-para-la-cobertura-de-cargos-del-ciclo-lectivo-2024\/","name":"EXTENDIERON LAS INSCRIPCIONES DOCENTES PARA LA COBERTURA DE CARGOS DEL CICLO LECTIVO 2024 - Apuntes de San Luis","isPartOf":{"@id":"https:\/\/apuntesdesanluis.com\/#website"},"primaryImageOfPage":{"@id":"https:\/\/apuntesdesanluis.com\/index.php\/2023\/07\/23\/extendieron-las-inscripciones-docentes-para-la-cobertura-de-cargos-del-ciclo-lectivo-2024\/#primaryimage"},"image":{"@id":"https:\/\/apuntesdesanluis.com\/index.php\/2023\/07\/23\/extendieron-las-inscripciones-docentes-para-la-cobertura-de-cargos-del-ciclo-lectivo-2024\/#primaryimage"},"thumbnailUrl":"https:\/\/apuntesdesanluis.com\/wp-content\/uploads\/2023\/07\/ministerio-de-educacion.png","datePublished":"2023-07-23T20:39:17+00:00","breadcrumb":{"@id":"https:\/\/apuntesdesanluis.com\/index.php\/2023\/07\/23\/extendieron-las-inscripciones-docentes-para-la-cobertura-de-cargos-del-ciclo-lectivo-2024\/#breadcrumb"},"inLanguage":"es-AR","potentialAction":[{"@type":"ReadAction","target":["https:\/\/apuntesdesanluis.com\/index.php\/2023\/07\/23\/extendieron-las-inscripciones-docentes-para-la-cobertura-de-cargos-del-ciclo-lectivo-2024\/"]}]},{"@type":"ImageObject","inLanguage":"es-AR","@id":"https:\/\/apuntesdesanluis.com\/index.php\/2023\/07\/23\/extendieron-las-inscripciones-docentes-para-la-cobertura-de-cargos-del-ciclo-lectivo-2024\/#primaryimage","url":"https:\/\/apuntesdesanluis.com\/wp-content\/uploads\/2023\/07\/ministerio-de-educacion.png","contentUrl":"https:\/\/apuntesdesanluis.com\/wp-content\/uploads\/2023\/07\/ministerio-de-educacion.png","width":628,"height":360},{"@type":"BreadcrumbList","@id":"https:\/\/apuntesdesanluis.com\/index.php\/2023\/07\/23\/extendieron-las-inscripciones-docentes-para-la-cobertura-de-cargos-del-ciclo-lectivo-2024\/#breadcrumb","itemListElement":[{"@type":"ListItem","position":1,"name":"Inicio","item":"https:\/\/apuntesdesanluis.com\/"},{"@type":"ListItem","position":2,"name":"EXTENDIERON LAS INSCRIPCIONES DOCENTES PARA LA COBERTURA DE CARGOS DEL CICLO LECTIVO 2024"}]},{"@type":"WebSite","@id":"https:\/\/apuntesdesanluis.com\/#website","url":"https:\/\/apuntesdesanluis.com\/","name":"Apuntes de San Luis","description":"","publisher":{"@id":"https:\/\/apuntesdesanluis.com\/#\/schema\/person\/b55151d52296fcce64d1a72538a70b90"},"potentialAction":[{"@type":"SearchAction","target":{"@type":"EntryPoint","urlTemplate":"https:\/\/apuntesdesanluis.com\/?s={search_term_string}"},"query-input":{"@type":"PropertyValueSpecification","valueRequired":true,"valueName":"search_term_string"}}],"inLanguage":"es-AR"},{"@type":["Person","Organization"],"@id":"https:\/\/apuntesdesanluis.com\/#\/schema\/person\/b55151d52296fcce64d1a72538a70b90","name":"apuntesdesanluis.com","image":{"@type":"ImageObject","inLanguage":"es-AR","@id":"https:\/\/apuntesdesanluis.com\/#\/schema\/person\/image\/","url":"https:\/\/apuntesdesanluis.com\/wp-content\/uploads\/2023\/07\/cropped-apuntesdesanluis.png","contentUrl":"https:\/\/apuntesdesanluis.com\/wp-content\/uploads\/2023\/07\/cropped-apuntesdesanluis.png","width":450,"height":112,"caption":"apuntesdesanluis.com"},"logo":{"@id":"https:\/\/apuntesdesanluis.com\/#\/schema\/person\/image\/"},"sameAs":["https:\/\/apuntesdesanluis.com"],"url":"https:\/\/apuntesdesanluis.com\/index.php\/author\/apuntesdesanluis-com\/"}]}},"featured_image_urls":{"full":["https:\/\/apuntesdesanluis.com\/wp-content\/uploads\/2023\/07\/ministerio-de-educacion.png",628,360,false],"thumbnail":["https:\/\/apuntesdesanluis.com\/wp-content\/uploads\/2023\/07\/ministerio-de-educacion-150x150.png",150,150,true],"medium":["https:\/\/apuntesdesanluis.com\/wp-content\/uploads\/2023\/07\/ministerio-de-educacion-300x172.png",300,172,true],"medium_large":["https:\/\/apuntesdesanluis.com\/wp-content\/uploads\/2023\/07\/ministerio-de-educacion.png",628,360,false],"large":["https:\/\/apuntesdesanluis.com\/wp-content\/uploads\/2023\/07\/ministerio-de-educacion.png",628,360,false],"1536x1536":["https:\/\/apuntesdesanluis.com\/wp-content\/uploads\/2023\/07\/ministerio-de-educacion.png",628,360,false],"2048x2048":["https:\/\/apuntesdesanluis.com\/wp-content\/uploads\/2023\/07\/ministerio-de-educacion.png",628,360,false],"newsever-slider-full":["https:\/\/apuntesdesanluis.com\/wp-content\/uploads\/2023\/07\/ministerio-de-educacion.png",628,360,false],"newsever-featured":["https:\/\/apuntesdesanluis.com\/wp-content\/uploads\/2023\/07\/ministerio-de-educacion.png",628,360,false],"newsever-medium":["https:\/\/apuntesdesanluis.com\/wp-content\/uploads\/2023\/07\/ministerio-de-educacion.png",628,360,false]},"author_info":{"display_name":"apuntesdesanluis.com","author_link":"https:\/\/apuntesdesanluis.com\/index.php\/author\/apuntesdesanluis-com\/"},"category_info":"<a href=\"https:\/\/apuntesdesanluis.com\/index.php\/category\/ciudad-provincia\/\" rel=\"category tag\">Ciudad\/Provincia<\/a>","tag_info":"Ciudad\/Provincia","comment_count":"0","_links":{"self":[{"href":"https:\/\/apuntesdesanluis.com\/index.php\/wp-json\/wp\/v2\/posts\/257","targetHints":{"allow":["GET"]}}],"collection":[{"href":"https:\/\/apuntesdesanluis.com\/index.php\/wp-json\/wp\/v2\/posts"}],"about":[{"href":"https:\/\/apuntesdesanluis.com\/index.php\/wp-json\/wp\/v2\/types\/post"}],"author":[{"embeddable":true,"href":"https:\/\/apuntesdesanluis.com\/index.php\/wp-json\/wp\/v2\/users\/1"}],"replies":[{"embeddable":true,"href":"https:\/\/apuntesdesanluis.com\/index.php\/wp-json\/wp\/v2\/comments?post=257"}],"version-history":[{"count":1,"href":"https:\/\/apuntesdesanluis.com\/index.php\/wp-json\/wp\/v2\/posts\/257\/revisions"}],"predecessor-version":[{"id":259,"href":"https:\/\/apuntesdesanluis.com\/index.php\/wp-json\/wp\/v2\/posts\/257\/revisions\/259"}],"wp:featuredmedia":[{"embeddable":true,"href":"https:\/\/apuntesdesanluis.com\/index.php\/wp-json\/wp\/v2\/media\/258"}],"wp:attachment":[{"href":"https:\/\/apuntesdesanluis.com\/index.php\/wp-json\/wp\/v2\/media?parent=257"}],"wp:term":[{"taxonomy":"category","embeddable":true,"href":"https:\/\/apuntesdesanluis.com\/index.php\/wp-json\/wp\/v2\/categories?post=257"},{"taxonomy":"post_tag","embeddable":true,"href":"https:\/\/apuntesdesanluis.com\/index.php\/wp-json\/wp\/v2\/tags?post=257"}],"curies":[{"name":"wp","href":"https:\/\/api.w.org\/{rel}","templated":true}]}}