{"id":25705,"date":"2024-11-24T22:15:53","date_gmt":"2024-11-25T01:15:53","guid":{"rendered":"https:\/\/apuntesdesanluis.com\/?p=25705"},"modified":"2024-11-25T01:11:00","modified_gmt":"2024-11-25T04:11:00","slug":"primicia-le-aceptaron-la-renuncia-al-director-del-complejo-molino-fenix","status":"publish","type":"post","link":"https:\/\/apuntesdesanluis.com\/index.php\/2024\/11\/24\/primicia-le-aceptaron-la-renuncia-al-director-del-complejo-molino-fenix\/","title":{"rendered":"PRIMICIA: LE ACEPTARON LA RENUNCIA AL DIRECTOR DEL COMPLEJO MOLINO F\u00c9NIX"},"content":{"rendered":"<h3>Se trata de <strong>Pablo Fernando Gonz\u00e1lez<\/strong>, el funcionario que gan\u00f3 triste notoriedad en las \u00faltimas horas, al ser grabado por el diputado <strong>Joaqu\u00edn Beltr\u00e1n<\/strong>, en el marco de la causa por el vaciamiento del Complejo Molino F\u00e9nix y la Casa de la M\u00fasica.<\/h3>\n<h3><strong>Apuntes de San Luis<\/strong> public\u00f3 este domingo al mediod\u00eda un informe especial, dando cuenta de las caracter\u00edsticas del di\u00e1logo mantenido la semana pasada entre el ahora ex funcionario y el legislador, que tuvo notable repercusi\u00f3n en \u00e1mbitos pol\u00edticos y judiciales.<\/h3>\n<p>&nbsp;<\/p>\n<h3>\u00a0<span style=\"color: #3366ff;\">VER:\u00a0 \u00a0<\/span> \u00a0 <a href=\"https:\/\/apuntesdesanluis.com\/index.php\/2024\/11\/24\/causa-molino-fenix-entre-grabaciones-formulacion-de-cargos-y-desafuero\/\" target=\"_blank\" rel=\"noopener\"><img fetchpriority=\"high\" decoding=\"async\" class=\"alignnone wp-image-25706\" src=\"https:\/\/apuntesdesanluis.com\/wp-content\/uploads\/2024\/11\/posteo-8-300x107.png\" alt=\"\" width=\"412\" height=\"147\" srcset=\"https:\/\/apuntesdesanluis.com\/wp-content\/uploads\/2024\/11\/posteo-8-300x107.png 300w, https:\/\/apuntesdesanluis.com\/wp-content\/uploads\/2024\/11\/posteo-8-1024x366.png 1024w, https:\/\/apuntesdesanluis.com\/wp-content\/uploads\/2024\/11\/posteo-8-768x274.png 768w, https:\/\/apuntesdesanluis.com\/wp-content\/uploads\/2024\/11\/posteo-8.png 1437w\" sizes=\"(max-width: 412px) 100vw, 412px\" \/><\/a><\/h3>\n<h3><\/h3>\n<h3>Ocurre que en la grabaci\u00f3n Gonz\u00e1lez aparece como queriendo disculparse con Beltr\u00e1n, diciendo que a \u00e9l lo obligan a ratificar la denuncia, pero que no tiene nada personal con su interlocutor. Tambi\u00e9n se desliga de todo lo actuado y refuerza que lo suyo son los negocios en el \u00e1mbito agropecuario.<\/h3>\n<h3>El audio provoc\u00f3 un estallido de furia en el seno del oficialismo, al instalar la sospecha de que la causa podr\u00eda responder a una persecuci\u00f3n pol\u00edtica.<\/h3>\n<h3>Tres fuentes diferentes confirmaron a este medio, luego de publicarse la nota, que el gobierno ya le acept\u00f3 la renuncia a Pablo Gonz\u00e1lez y su cargo por ahora permanece vacante.<\/h3>\n<h3>Este empresario de 33 a\u00f1os, nacido en R\u00edo Cuarto, podr\u00e1 de ahora en m\u00e1s destinar toda su energ\u00eda a la empresa que inaugur\u00f3 en 2015, El Sembrador, dedicada a la venta de maquinaria agr\u00edcola e insumos para el agro, con la que hace negocios mucho m\u00e1s rentables que el sueldo que percib\u00eda como funcionario p\u00fablico.<\/h3>\n<p><img decoding=\"async\" class=\"wp-image-25711 aligncenter\" src=\"https:\/\/apuntesdesanluis.com\/wp-content\/uploads\/2024\/11\/el-sembrador-1-300x191.png\" alt=\"\" width=\"664\" height=\"423\" srcset=\"https:\/\/apuntesdesanluis.com\/wp-content\/uploads\/2024\/11\/el-sembrador-1-300x191.png 300w, https:\/\/apuntesdesanluis.com\/wp-content\/uploads\/2024\/11\/el-sembrador-1-768x488.png 768w, https:\/\/apuntesdesanluis.com\/wp-content\/uploads\/2024\/11\/el-sembrador-1.png 816w\" sizes=\"(max-width: 664px) 100vw, 664px\" \/><\/p>\n<h3>Por estas horas, no se cansa de prometerle a sus amigos: <em>\u201cTe juro que nunca m\u00e1s me meto en pol\u00edtica, perd\u00ed plata y encima me quem\u00e9 como un boludo\u2026\u201d. <\/em><\/h3>\n<p>&nbsp;<\/p>\n<p>&nbsp;<\/p>\n<p>&nbsp;<\/p>\n","protected":false},"excerpt":{"rendered":"<p>Se trata de Pablo Fernando Gonz\u00e1lez, el funcionario que gan\u00f3 triste notoriedad en las \u00faltimas&#8230;<\/p>\n","protected":false},"author":1,"featured_media":25708,"comment_status":"closed","ping_status":"closed","sticky":false,"template":"","format":"standard","meta":{"footnotes":""},"categories":[6],"tags":[],"class_list":["post-25705","post","type-post","status-publish","format-standard","has-post-thumbnail","hentry","category-ciudad-provincia"],"yoast_head":"<!-- This site is optimized with the Yoast SEO plugin v26.1.1 - https:\/\/yoast.com\/wordpress\/plugins\/seo\/ -->\n<title>PRIMICIA: LE ACEPTARON LA RENUNCIA AL DIRECTOR DEL COMPLEJO MOLINO F\u00c9NIX - Apuntes de San Luis<\/title>\n<meta name=\"robots\" content=\"index, follow, max-snippet:-1, max-image-preview:large, max-video-preview:-1\" \/>\n<link rel=\"canonical\" href=\"https:\/\/apuntesdesanluis.com\/index.php\/2024\/11\/24\/primicia-le-aceptaron-la-renuncia-al-director-del-complejo-molino-fenix\/\" \/>\n<meta property=\"og:locale\" content=\"es_ES\" \/>\n<meta property=\"og:type\" content=\"article\" \/>\n<meta property=\"og:title\" content=\"PRIMICIA: LE ACEPTARON LA RENUNCIA AL DIRECTOR DEL COMPLEJO MOLINO F\u00c9NIX - Apuntes de San Luis\" \/>\n<meta property=\"og:description\" content=\"Se trata de Pablo Fernando Gonz\u00e1lez, el funcionario que gan\u00f3 triste notoriedad en las \u00faltimas...\" \/>\n<meta property=\"og:url\" content=\"https:\/\/apuntesdesanluis.com\/index.php\/2024\/11\/24\/primicia-le-aceptaron-la-renuncia-al-director-del-complejo-molino-fenix\/\" \/>\n<meta property=\"og:site_name\" content=\"Apuntes de San Luis\" \/>\n<meta property=\"article:published_time\" content=\"2024-11-25T01:15:53+00:00\" \/>\n<meta property=\"article:modified_time\" content=\"2024-11-25T04:11:00+00:00\" \/>\n<meta property=\"og:image\" content=\"https:\/\/apuntesdesanluis.com\/wp-content\/uploads\/2024\/11\/pablo-gonzalez.png\" \/>\n\t<meta property=\"og:image:width\" content=\"616\" \/>\n\t<meta property=\"og:image:height\" content=\"381\" \/>\n\t<meta property=\"og:image:type\" content=\"image\/png\" \/>\n<meta name=\"author\" content=\"apuntesdesanluis.com\" \/>\n<meta name=\"twitter:card\" content=\"summary_large_image\" \/>\n<meta name=\"twitter:label1\" content=\"Escrito por\" \/>\n\t<meta name=\"twitter:data1\" content=\"apuntesdesanluis.com\" \/>\n\t<meta name=\"twitter:label2\" content=\"Tiempo de lectura\" \/>\n\t<meta name=\"twitter:data2\" content=\"2 minutos\" \/>\n<script type=\"application\/ld+json\" class=\"yoast-schema-graph\">{\"@context\":\"https:\/\/schema.org\",\"@graph\":[{\"@type\":\"Article\",\"@id\":\"https:\/\/apuntesdesanluis.com\/index.php\/2024\/11\/24\/primicia-le-aceptaron-la-renuncia-al-director-del-complejo-molino-fenix\/#article\",\"isPartOf\":{\"@id\":\"https:\/\/apuntesdesanluis.com\/index.php\/2024\/11\/24\/primicia-le-aceptaron-la-renuncia-al-director-del-complejo-molino-fenix\/\"},\"author\":{\"name\":\"apuntesdesanluis.com\",\"@id\":\"https:\/\/apuntesdesanluis.com\/#\/schema\/person\/b55151d52296fcce64d1a72538a70b90\"},\"headline\":\"PRIMICIA: LE ACEPTARON LA RENUNCIA AL DIRECTOR DEL COMPLEJO MOLINO F\u00c9NIX\",\"datePublished\":\"2024-11-25T01:15:53+00:00\",\"dateModified\":\"2024-11-25T04:11:00+00:00\",\"mainEntityOfPage\":{\"@id\":\"https:\/\/apuntesdesanluis.com\/index.php\/2024\/11\/24\/primicia-le-aceptaron-la-renuncia-al-director-del-complejo-molino-fenix\/\"},\"wordCount\":316,\"publisher\":{\"@id\":\"https:\/\/apuntesdesanluis.com\/#\/schema\/person\/b55151d52296fcce64d1a72538a70b90\"},\"image\":{\"@id\":\"https:\/\/apuntesdesanluis.com\/index.php\/2024\/11\/24\/primicia-le-aceptaron-la-renuncia-al-director-del-complejo-molino-fenix\/#primaryimage\"},\"thumbnailUrl\":\"https:\/\/apuntesdesanluis.com\/wp-content\/uploads\/2024\/11\/pablo-gonzalez.png\",\"articleSection\":[\"Ciudad\/Provincia\"],\"inLanguage\":\"es-AR\"},{\"@type\":\"WebPage\",\"@id\":\"https:\/\/apuntesdesanluis.com\/index.php\/2024\/11\/24\/primicia-le-aceptaron-la-renuncia-al-director-del-complejo-molino-fenix\/\",\"url\":\"https:\/\/apuntesdesanluis.com\/index.php\/2024\/11\/24\/primicia-le-aceptaron-la-renuncia-al-director-del-complejo-molino-fenix\/\",\"name\":\"PRIMICIA: LE ACEPTARON LA RENUNCIA AL DIRECTOR DEL COMPLEJO MOLINO F\u00c9NIX - Apuntes de San Luis\",\"isPartOf\":{\"@id\":\"https:\/\/apuntesdesanluis.com\/#website\"},\"primaryImageOfPage\":{\"@id\":\"https:\/\/apuntesdesanluis.com\/index.php\/2024\/11\/24\/primicia-le-aceptaron-la-renuncia-al-director-del-complejo-molino-fenix\/#primaryimage\"},\"image\":{\"@id\":\"https:\/\/apuntesdesanluis.com\/index.php\/2024\/11\/24\/primicia-le-aceptaron-la-renuncia-al-director-del-complejo-molino-fenix\/#primaryimage\"},\"thumbnailUrl\":\"https:\/\/apuntesdesanluis.com\/wp-content\/uploads\/2024\/11\/pablo-gonzalez.png\",\"datePublished\":\"2024-11-25T01:15:53+00:00\",\"dateModified\":\"2024-11-25T04:11:00+00:00\",\"breadcrumb\":{\"@id\":\"https:\/\/apuntesdesanluis.com\/index.php\/2024\/11\/24\/primicia-le-aceptaron-la-renuncia-al-director-del-complejo-molino-fenix\/#breadcrumb\"},\"inLanguage\":\"es-AR\",\"potentialAction\":[{\"@type\":\"ReadAction\",\"target\":[\"https:\/\/apuntesdesanluis.com\/index.php\/2024\/11\/24\/primicia-le-aceptaron-la-renuncia-al-director-del-complejo-molino-fenix\/\"]}]},{\"@type\":\"ImageObject\",\"inLanguage\":\"es-AR\",\"@id\":\"https:\/\/apuntesdesanluis.com\/index.php\/2024\/11\/24\/primicia-le-aceptaron-la-renuncia-al-director-del-complejo-molino-fenix\/#primaryimage\",\"url\":\"https:\/\/apuntesdesanluis.com\/wp-content\/uploads\/2024\/11\/pablo-gonzalez.png\",\"contentUrl\":\"https:\/\/apuntesdesanluis.com\/wp-content\/uploads\/2024\/11\/pablo-gonzalez.png\",\"width\":616,\"height\":381},{\"@type\":\"BreadcrumbList\",\"@id\":\"https:\/\/apuntesdesanluis.com\/index.php\/2024\/11\/24\/primicia-le-aceptaron-la-renuncia-al-director-del-complejo-molino-fenix\/#breadcrumb\",\"itemListElement\":[{\"@type\":\"ListItem\",\"position\":1,\"name\":\"Inicio\",\"item\":\"https:\/\/apuntesdesanluis.com\/\"},{\"@type\":\"ListItem\",\"position\":2,\"name\":\"PRIMICIA: LE ACEPTARON LA RENUNCIA AL DIRECTOR DEL COMPLEJO MOLINO F\u00c9NIX\"}]},{\"@type\":\"WebSite\",\"@id\":\"https:\/\/apuntesdesanluis.com\/#website\",\"url\":\"https:\/\/apuntesdesanluis.com\/\",\"name\":\"Apuntes de San Luis\",\"description\":\"\",\"publisher\":{\"@id\":\"https:\/\/apuntesdesanluis.com\/#\/schema\/person\/b55151d52296fcce64d1a72538a70b90\"},\"potentialAction\":[{\"@type\":\"SearchAction\",\"target\":{\"@type\":\"EntryPoint\",\"urlTemplate\":\"https:\/\/apuntesdesanluis.com\/?s={search_term_string}\"},\"query-input\":{\"@type\":\"PropertyValueSpecification\",\"valueRequired\":true,\"valueName\":\"search_term_string\"}}],\"inLanguage\":\"es-AR\"},{\"@type\":[\"Person\",\"Organization\"],\"@id\":\"https:\/\/apuntesdesanluis.com\/#\/schema\/person\/b55151d52296fcce64d1a72538a70b90\",\"name\":\"apuntesdesanluis.com\",\"image\":{\"@type\":\"ImageObject\",\"inLanguage\":\"es-AR\",\"@id\":\"https:\/\/apuntesdesanluis.com\/#\/schema\/person\/image\/\",\"url\":\"https:\/\/apuntesdesanluis.com\/wp-content\/uploads\/2023\/07\/cropped-apuntesdesanluis.png\",\"contentUrl\":\"https:\/\/apuntesdesanluis.com\/wp-content\/uploads\/2023\/07\/cropped-apuntesdesanluis.png\",\"width\":450,\"height\":112,\"caption\":\"apuntesdesanluis.com\"},\"logo\":{\"@id\":\"https:\/\/apuntesdesanluis.com\/#\/schema\/person\/image\/\"},\"sameAs\":[\"https:\/\/apuntesdesanluis.com\"],\"url\":\"https:\/\/apuntesdesanluis.com\/index.php\/author\/apuntesdesanluis-com\/\"}]}<\/script>\n<!-- \/ Yoast SEO plugin. -->","yoast_head_json":{"title":"PRIMICIA: LE ACEPTARON LA RENUNCIA AL DIRECTOR DEL COMPLEJO MOLINO F\u00c9NIX - Apuntes de San Luis","robots":{"index":"index","follow":"follow","max-snippet":"max-snippet:-1","max-image-preview":"max-image-preview:large","max-video-preview":"max-video-preview:-1"},"canonical":"https:\/\/apuntesdesanluis.com\/index.php\/2024\/11\/24\/primicia-le-aceptaron-la-renuncia-al-director-del-complejo-molino-fenix\/","og_locale":"es_ES","og_type":"article","og_title":"PRIMICIA: LE ACEPTARON LA RENUNCIA AL DIRECTOR DEL COMPLEJO MOLINO F\u00c9NIX - Apuntes de San Luis","og_description":"Se trata de Pablo Fernando Gonz\u00e1lez, el funcionario que gan\u00f3 triste notoriedad en las \u00faltimas...","og_url":"https:\/\/apuntesdesanluis.com\/index.php\/2024\/11\/24\/primicia-le-aceptaron-la-renuncia-al-director-del-complejo-molino-fenix\/","og_site_name":"Apuntes de San Luis","article_published_time":"2024-11-25T01:15:53+00:00","article_modified_time":"2024-11-25T04:11:00+00:00","og_image":[{"width":616,"height":381,"url":"https:\/\/apuntesdesanluis.com\/wp-content\/uploads\/2024\/11\/pablo-gonzalez.png","type":"image\/png"}],"author":"apuntesdesanluis.com","twitter_card":"summary_large_image","twitter_misc":{"Escrito por":"apuntesdesanluis.com","Tiempo de lectura":"2 minutos"},"schema":{"@context":"https:\/\/schema.org","@graph":[{"@type":"Article","@id":"https:\/\/apuntesdesanluis.com\/index.php\/2024\/11\/24\/primicia-le-aceptaron-la-renuncia-al-director-del-complejo-molino-fenix\/#article","isPartOf":{"@id":"https:\/\/apuntesdesanluis.com\/index.php\/2024\/11\/24\/primicia-le-aceptaron-la-renuncia-al-director-del-complejo-molino-fenix\/"},"author":{"name":"apuntesdesanluis.com","@id":"https:\/\/apuntesdesanluis.com\/#\/schema\/person\/b55151d52296fcce64d1a72538a70b90"},"headline":"PRIMICIA: LE ACEPTARON LA RENUNCIA AL DIRECTOR DEL COMPLEJO MOLINO F\u00c9NIX","datePublished":"2024-11-25T01:15:53+00:00","dateModified":"2024-11-25T04:11:00+00:00","mainEntityOfPage":{"@id":"https:\/\/apuntesdesanluis.com\/index.php\/2024\/11\/24\/primicia-le-aceptaron-la-renuncia-al-director-del-complejo-molino-fenix\/"},"wordCount":316,"publisher":{"@id":"https:\/\/apuntesdesanluis.com\/#\/schema\/person\/b55151d52296fcce64d1a72538a70b90"},"image":{"@id":"https:\/\/apuntesdesanluis.com\/index.php\/2024\/11\/24\/primicia-le-aceptaron-la-renuncia-al-director-del-complejo-molino-fenix\/#primaryimage"},"thumbnailUrl":"https:\/\/apuntesdesanluis.com\/wp-content\/uploads\/2024\/11\/pablo-gonzalez.png","articleSection":["Ciudad\/Provincia"],"inLanguage":"es-AR"},{"@type":"WebPage","@id":"https:\/\/apuntesdesanluis.com\/index.php\/2024\/11\/24\/primicia-le-aceptaron-la-renuncia-al-director-del-complejo-molino-fenix\/","url":"https:\/\/apuntesdesanluis.com\/index.php\/2024\/11\/24\/primicia-le-aceptaron-la-renuncia-al-director-del-complejo-molino-fenix\/","name":"PRIMICIA: LE ACEPTARON LA RENUNCIA AL DIRECTOR DEL COMPLEJO MOLINO F\u00c9NIX - Apuntes de San Luis","isPartOf":{"@id":"https:\/\/apuntesdesanluis.com\/#website"},"primaryImageOfPage":{"@id":"https:\/\/apuntesdesanluis.com\/index.php\/2024\/11\/24\/primicia-le-aceptaron-la-renuncia-al-director-del-complejo-molino-fenix\/#primaryimage"},"image":{"@id":"https:\/\/apuntesdesanluis.com\/index.php\/2024\/11\/24\/primicia-le-aceptaron-la-renuncia-al-director-del-complejo-molino-fenix\/#primaryimage"},"thumbnailUrl":"https:\/\/apuntesdesanluis.com\/wp-content\/uploads\/2024\/11\/pablo-gonzalez.png","datePublished":"2024-11-25T01:15:53+00:00","dateModified":"2024-11-25T04:11:00+00:00","breadcrumb":{"@id":"https:\/\/apuntesdesanluis.com\/index.php\/2024\/11\/24\/primicia-le-aceptaron-la-renuncia-al-director-del-complejo-molino-fenix\/#breadcrumb"},"inLanguage":"es-AR","potentialAction":[{"@type":"ReadAction","target":["https:\/\/apuntesdesanluis.com\/index.php\/2024\/11\/24\/primicia-le-aceptaron-la-renuncia-al-director-del-complejo-molino-fenix\/"]}]},{"@type":"ImageObject","inLanguage":"es-AR","@id":"https:\/\/apuntesdesanluis.com\/index.php\/2024\/11\/24\/primicia-le-aceptaron-la-renuncia-al-director-del-complejo-molino-fenix\/#primaryimage","url":"https:\/\/apuntesdesanluis.com\/wp-content\/uploads\/2024\/11\/pablo-gonzalez.png","contentUrl":"https:\/\/apuntesdesanluis.com\/wp-content\/uploads\/2024\/11\/pablo-gonzalez.png","width":616,"height":381},{"@type":"BreadcrumbList","@id":"https:\/\/apuntesdesanluis.com\/index.php\/2024\/11\/24\/primicia-le-aceptaron-la-renuncia-al-director-del-complejo-molino-fenix\/#breadcrumb","itemListElement":[{"@type":"ListItem","position":1,"name":"Inicio","item":"https:\/\/apuntesdesanluis.com\/"},{"@type":"ListItem","position":2,"name":"PRIMICIA: LE ACEPTARON LA RENUNCIA AL DIRECTOR DEL COMPLEJO MOLINO F\u00c9NIX"}]},{"@type":"WebSite","@id":"https:\/\/apuntesdesanluis.com\/#website","url":"https:\/\/apuntesdesanluis.com\/","name":"Apuntes de San Luis","description":"","publisher":{"@id":"https:\/\/apuntesdesanluis.com\/#\/schema\/person\/b55151d52296fcce64d1a72538a70b90"},"potentialAction":[{"@type":"SearchAction","target":{"@type":"EntryPoint","urlTemplate":"https:\/\/apuntesdesanluis.com\/?s={search_term_string}"},"query-input":{"@type":"PropertyValueSpecification","valueRequired":true,"valueName":"search_term_string"}}],"inLanguage":"es-AR"},{"@type":["Person","Organization"],"@id":"https:\/\/apuntesdesanluis.com\/#\/schema\/person\/b55151d52296fcce64d1a72538a70b90","name":"apuntesdesanluis.com","image":{"@type":"ImageObject","inLanguage":"es-AR","@id":"https:\/\/apuntesdesanluis.com\/#\/schema\/person\/image\/","url":"https:\/\/apuntesdesanluis.com\/wp-content\/uploads\/2023\/07\/cropped-apuntesdesanluis.png","contentUrl":"https:\/\/apuntesdesanluis.com\/wp-content\/uploads\/2023\/07\/cropped-apuntesdesanluis.png","width":450,"height":112,"caption":"apuntesdesanluis.com"},"logo":{"@id":"https:\/\/apuntesdesanluis.com\/#\/schema\/person\/image\/"},"sameAs":["https:\/\/apuntesdesanluis.com"],"url":"https:\/\/apuntesdesanluis.com\/index.php\/author\/apuntesdesanluis-com\/"}]}},"featured_image_urls":{"full":["https:\/\/apuntesdesanluis.com\/wp-content\/uploads\/2024\/11\/pablo-gonzalez.png",616,381,false],"thumbnail":["https:\/\/apuntesdesanluis.com\/wp-content\/uploads\/2024\/11\/pablo-gonzalez-150x150.png",150,150,true],"medium":["https:\/\/apuntesdesanluis.com\/wp-content\/uploads\/2024\/11\/pablo-gonzalez-300x186.png",300,186,true],"medium_large":["https:\/\/apuntesdesanluis.com\/wp-content\/uploads\/2024\/11\/pablo-gonzalez.png",616,381,false],"large":["https:\/\/apuntesdesanluis.com\/wp-content\/uploads\/2024\/11\/pablo-gonzalez.png",616,381,false],"1536x1536":["https:\/\/apuntesdesanluis.com\/wp-content\/uploads\/2024\/11\/pablo-gonzalez.png",616,381,false],"2048x2048":["https:\/\/apuntesdesanluis.com\/wp-content\/uploads\/2024\/11\/pablo-gonzalez.png",616,381,false],"newsever-slider-full":["https:\/\/apuntesdesanluis.com\/wp-content\/uploads\/2024\/11\/pablo-gonzalez.png",616,381,false],"newsever-featured":["https:\/\/apuntesdesanluis.com\/wp-content\/uploads\/2024\/11\/pablo-gonzalez.png",616,381,false],"newsever-medium":["https:\/\/apuntesdesanluis.com\/wp-content\/uploads\/2024\/11\/pablo-gonzalez.png",616,381,false]},"author_info":{"display_name":"apuntesdesanluis.com","author_link":"https:\/\/apuntesdesanluis.com\/index.php\/author\/apuntesdesanluis-com\/"},"category_info":"<a href=\"https:\/\/apuntesdesanluis.com\/index.php\/category\/ciudad-provincia\/\" rel=\"category tag\">Ciudad\/Provincia<\/a>","tag_info":"Ciudad\/Provincia","comment_count":"0","_links":{"self":[{"href":"https:\/\/apuntesdesanluis.com\/index.php\/wp-json\/wp\/v2\/posts\/25705","targetHints":{"allow":["GET"]}}],"collection":[{"href":"https:\/\/apuntesdesanluis.com\/index.php\/wp-json\/wp\/v2\/posts"}],"about":[{"href":"https:\/\/apuntesdesanluis.com\/index.php\/wp-json\/wp\/v2\/types\/post"}],"author":[{"embeddable":true,"href":"https:\/\/apuntesdesanluis.com\/index.php\/wp-json\/wp\/v2\/users\/1"}],"replies":[{"embeddable":true,"href":"https:\/\/apuntesdesanluis.com\/index.php\/wp-json\/wp\/v2\/comments?post=25705"}],"version-history":[{"count":8,"href":"https:\/\/apuntesdesanluis.com\/index.php\/wp-json\/wp\/v2\/posts\/25705\/revisions"}],"predecessor-version":[{"id":25728,"href":"https:\/\/apuntesdesanluis.com\/index.php\/wp-json\/wp\/v2\/posts\/25705\/revisions\/25728"}],"wp:featuredmedia":[{"embeddable":true,"href":"https:\/\/apuntesdesanluis.com\/index.php\/wp-json\/wp\/v2\/media\/25708"}],"wp:attachment":[{"href":"https:\/\/apuntesdesanluis.com\/index.php\/wp-json\/wp\/v2\/media?parent=25705"}],"wp:term":[{"taxonomy":"category","embeddable":true,"href":"https:\/\/apuntesdesanluis.com\/index.php\/wp-json\/wp\/v2\/categories?post=25705"},{"taxonomy":"post_tag","embeddable":true,"href":"https:\/\/apuntesdesanluis.com\/index.php\/wp-json\/wp\/v2\/tags?post=25705"}],"curies":[{"name":"wp","href":"https:\/\/api.w.org\/{rel}","templated":true}]}}