{"id":25717,"date":"2024-11-24T22:57:58","date_gmt":"2024-11-25T01:57:58","guid":{"rendered":"https:\/\/apuntesdesanluis.com\/?p=25717"},"modified":"2024-11-24T22:58:24","modified_gmt":"2024-11-25T01:58:24","slug":"alerta-por-fuertes-tormentas-en-el-centro-y-norte-de-la-provincia","status":"publish","type":"post","link":"https:\/\/apuntesdesanluis.com\/index.php\/2024\/11\/24\/alerta-por-fuertes-tormentas-en-el-centro-y-norte-de-la-provincia\/","title":{"rendered":"ALERTA POR FUERTES TORMENTAS EN EL CENTRO Y NORTE DE LA PROVINCIA"},"content":{"rendered":"<h3>La <strong>Red de Estaciones Meteorol\u00f3gicas<\/strong> public\u00f3 a las 18:00 un alerta, con vigencia hasta las 8:00 del lunes 25, por tormentas en las regiones centro y norte de la provincia.<\/h3>\n<h3>El organismo indic\u00f3 que se pronostican tormentas aisladas de variada intensidad que afectar\u00e1n a los departamentos Pueyrred\u00f3n, Ayacucho, Jun\u00edn, San Mart\u00edn, Chacabuco y Pedernera.<\/h3>\n<h3>Se esperan precipitaciones intensas en cortos periodos, actividad el\u00e9ctrica severa, fuertes r\u00e1fagas de viento y posible ca\u00edda de granizo, por lo que se aconseja tomar los recaudos necesarios.<\/h3>\n<p><img fetchpriority=\"high\" decoding=\"async\" class=\"wp-image-25718 aligncenter\" src=\"https:\/\/apuntesdesanluis.com\/wp-content\/uploads\/2024\/11\/alerta-1-300x261.png\" alt=\"\" width=\"622\" height=\"541\" srcset=\"https:\/\/apuntesdesanluis.com\/wp-content\/uploads\/2024\/11\/alerta-1-300x261.png 300w, https:\/\/apuntesdesanluis.com\/wp-content\/uploads\/2024\/11\/alerta-1.png 662w\" sizes=\"(max-width: 622px) 100vw, 622px\" \/><\/p>\n<h3><strong>PRON\u00d3STICO<\/strong><\/h3>\n<h3>La REM inform\u00f3 el siguiente pron\u00f3stico para el comienzo de semana:<\/h3>\n<h3><strong>Lunes 25 <\/strong><\/h3>\n<h3>Jornada algo ventosa e inestable. El cielo estar\u00e1 de parcialmente nublado con lluvias y tormentas por la ma\u00f1ana en el noreste provincial, luego estara despejado. En promedio, se esperan m\u00ednimas de 18\u00b0C y m\u00e1ximas de 31\u00b0C. El viento ser\u00e1 del sector este con algunas r\u00e1fagas fuertes.<\/h3>\n<h3><strong>Martes 26 <\/strong><\/h3>\n<h3>Jornada inestable con descenso de las temperaturas. El cielo estar\u00e1 parcialmente nublado con lluvias y tormentas. En promedio, se esperan m\u00ednimas de 18\u00b0C y m\u00e1ximas de 29\u00b0C. El viento ser\u00e1 sector sureste con r\u00e1fagas fuertes por la noche.<\/h3>\n<h3><strong>Mi\u00e9rcoles 27 <\/strong><\/h3>\n<h3>Jornada donde contin\u00faa el descenso de las temperaturas y la inestabilidad. El cielo estar\u00e1 mayormente parcialmente nublado con posibles lluvias y tormentas. En promedio, se esperan m\u00ednimas de 17\u00b0C, m\u00e1ximas de 28\u00b0C. El viento ser\u00e1 del sector sureste con algunas r\u00e1fagas fuertes.<\/h3>\n<p>&nbsp;<\/p>\n<p>&nbsp;<\/p>\n<p>&nbsp;<\/p>\n<p>&nbsp;<\/p>\n<p>&nbsp;<\/p>\n<p>&nbsp;<\/p>\n","protected":false},"excerpt":{"rendered":"<p>La Red de Estaciones Meteorol\u00f3gicas public\u00f3 a las 18:00 un alerta, con vigencia hasta las&#8230;<\/p>\n","protected":false},"author":1,"featured_media":25719,"comment_status":"closed","ping_status":"closed","sticky":false,"template":"","format":"standard","meta":{"footnotes":""},"categories":[6],"tags":[],"class_list":["post-25717","post","type-post","status-publish","format-standard","has-post-thumbnail","hentry","category-ciudad-provincia"],"yoast_head":"<!-- This site is optimized with the Yoast SEO plugin v26.1.1 - https:\/\/yoast.com\/wordpress\/plugins\/seo\/ -->\n<title>ALERTA POR FUERTES TORMENTAS EN EL CENTRO Y NORTE DE LA PROVINCIA - Apuntes de San Luis<\/title>\n<meta name=\"robots\" content=\"index, follow, max-snippet:-1, max-image-preview:large, max-video-preview:-1\" \/>\n<link rel=\"canonical\" href=\"https:\/\/apuntesdesanluis.com\/index.php\/2024\/11\/24\/alerta-por-fuertes-tormentas-en-el-centro-y-norte-de-la-provincia\/\" \/>\n<meta property=\"og:locale\" content=\"es_ES\" \/>\n<meta property=\"og:type\" content=\"article\" \/>\n<meta property=\"og:title\" content=\"ALERTA POR FUERTES TORMENTAS EN EL CENTRO Y NORTE DE LA PROVINCIA - Apuntes de San Luis\" \/>\n<meta property=\"og:description\" content=\"La Red de Estaciones Meteorol\u00f3gicas public\u00f3 a las 18:00 un alerta, con vigencia hasta las...\" \/>\n<meta property=\"og:url\" content=\"https:\/\/apuntesdesanluis.com\/index.php\/2024\/11\/24\/alerta-por-fuertes-tormentas-en-el-centro-y-norte-de-la-provincia\/\" \/>\n<meta property=\"og:site_name\" content=\"Apuntes de San Luis\" \/>\n<meta property=\"article:published_time\" content=\"2024-11-25T01:57:58+00:00\" \/>\n<meta property=\"article:modified_time\" content=\"2024-11-25T01:58:24+00:00\" \/>\n<meta property=\"og:image\" content=\"https:\/\/apuntesdesanluis.com\/wp-content\/uploads\/2024\/11\/LLUVIA-Y-VIENTO.png\" \/>\n\t<meta property=\"og:image:width\" content=\"628\" \/>\n\t<meta property=\"og:image:height\" content=\"389\" \/>\n\t<meta property=\"og:image:type\" content=\"image\/png\" \/>\n<meta name=\"author\" content=\"apuntesdesanluis.com\" \/>\n<meta name=\"twitter:card\" content=\"summary_large_image\" \/>\n<meta name=\"twitter:label1\" content=\"Escrito por\" \/>\n\t<meta name=\"twitter:data1\" content=\"apuntesdesanluis.com\" \/>\n\t<meta name=\"twitter:label2\" content=\"Tiempo de lectura\" \/>\n\t<meta name=\"twitter:data2\" content=\"2 minutos\" \/>\n<script type=\"application\/ld+json\" class=\"yoast-schema-graph\">{\"@context\":\"https:\/\/schema.org\",\"@graph\":[{\"@type\":\"Article\",\"@id\":\"https:\/\/apuntesdesanluis.com\/index.php\/2024\/11\/24\/alerta-por-fuertes-tormentas-en-el-centro-y-norte-de-la-provincia\/#article\",\"isPartOf\":{\"@id\":\"https:\/\/apuntesdesanluis.com\/index.php\/2024\/11\/24\/alerta-por-fuertes-tormentas-en-el-centro-y-norte-de-la-provincia\/\"},\"author\":{\"name\":\"apuntesdesanluis.com\",\"@id\":\"https:\/\/apuntesdesanluis.com\/#\/schema\/person\/b55151d52296fcce64d1a72538a70b90\"},\"headline\":\"ALERTA POR FUERTES TORMENTAS EN EL CENTRO Y NORTE DE LA PROVINCIA\",\"datePublished\":\"2024-11-25T01:57:58+00:00\",\"dateModified\":\"2024-11-25T01:58:24+00:00\",\"mainEntityOfPage\":{\"@id\":\"https:\/\/apuntesdesanluis.com\/index.php\/2024\/11\/24\/alerta-por-fuertes-tormentas-en-el-centro-y-norte-de-la-provincia\/\"},\"wordCount\":260,\"publisher\":{\"@id\":\"https:\/\/apuntesdesanluis.com\/#\/schema\/person\/b55151d52296fcce64d1a72538a70b90\"},\"image\":{\"@id\":\"https:\/\/apuntesdesanluis.com\/index.php\/2024\/11\/24\/alerta-por-fuertes-tormentas-en-el-centro-y-norte-de-la-provincia\/#primaryimage\"},\"thumbnailUrl\":\"https:\/\/apuntesdesanluis.com\/wp-content\/uploads\/2024\/11\/LLUVIA-Y-VIENTO.png\",\"articleSection\":[\"Ciudad\/Provincia\"],\"inLanguage\":\"es-AR\"},{\"@type\":\"WebPage\",\"@id\":\"https:\/\/apuntesdesanluis.com\/index.php\/2024\/11\/24\/alerta-por-fuertes-tormentas-en-el-centro-y-norte-de-la-provincia\/\",\"url\":\"https:\/\/apuntesdesanluis.com\/index.php\/2024\/11\/24\/alerta-por-fuertes-tormentas-en-el-centro-y-norte-de-la-provincia\/\",\"name\":\"ALERTA POR FUERTES TORMENTAS EN EL CENTRO Y NORTE DE LA PROVINCIA - Apuntes de San Luis\",\"isPartOf\":{\"@id\":\"https:\/\/apuntesdesanluis.com\/#website\"},\"primaryImageOfPage\":{\"@id\":\"https:\/\/apuntesdesanluis.com\/index.php\/2024\/11\/24\/alerta-por-fuertes-tormentas-en-el-centro-y-norte-de-la-provincia\/#primaryimage\"},\"image\":{\"@id\":\"https:\/\/apuntesdesanluis.com\/index.php\/2024\/11\/24\/alerta-por-fuertes-tormentas-en-el-centro-y-norte-de-la-provincia\/#primaryimage\"},\"thumbnailUrl\":\"https:\/\/apuntesdesanluis.com\/wp-content\/uploads\/2024\/11\/LLUVIA-Y-VIENTO.png\",\"datePublished\":\"2024-11-25T01:57:58+00:00\",\"dateModified\":\"2024-11-25T01:58:24+00:00\",\"breadcrumb\":{\"@id\":\"https:\/\/apuntesdesanluis.com\/index.php\/2024\/11\/24\/alerta-por-fuertes-tormentas-en-el-centro-y-norte-de-la-provincia\/#breadcrumb\"},\"inLanguage\":\"es-AR\",\"potentialAction\":[{\"@type\":\"ReadAction\",\"target\":[\"https:\/\/apuntesdesanluis.com\/index.php\/2024\/11\/24\/alerta-por-fuertes-tormentas-en-el-centro-y-norte-de-la-provincia\/\"]}]},{\"@type\":\"ImageObject\",\"inLanguage\":\"es-AR\",\"@id\":\"https:\/\/apuntesdesanluis.com\/index.php\/2024\/11\/24\/alerta-por-fuertes-tormentas-en-el-centro-y-norte-de-la-provincia\/#primaryimage\",\"url\":\"https:\/\/apuntesdesanluis.com\/wp-content\/uploads\/2024\/11\/LLUVIA-Y-VIENTO.png\",\"contentUrl\":\"https:\/\/apuntesdesanluis.com\/wp-content\/uploads\/2024\/11\/LLUVIA-Y-VIENTO.png\",\"width\":628,\"height\":389},{\"@type\":\"BreadcrumbList\",\"@id\":\"https:\/\/apuntesdesanluis.com\/index.php\/2024\/11\/24\/alerta-por-fuertes-tormentas-en-el-centro-y-norte-de-la-provincia\/#breadcrumb\",\"itemListElement\":[{\"@type\":\"ListItem\",\"position\":1,\"name\":\"Inicio\",\"item\":\"https:\/\/apuntesdesanluis.com\/\"},{\"@type\":\"ListItem\",\"position\":2,\"name\":\"ALERTA POR FUERTES TORMENTAS EN EL CENTRO Y NORTE DE LA PROVINCIA\"}]},{\"@type\":\"WebSite\",\"@id\":\"https:\/\/apuntesdesanluis.com\/#website\",\"url\":\"https:\/\/apuntesdesanluis.com\/\",\"name\":\"Apuntes de San Luis\",\"description\":\"\",\"publisher\":{\"@id\":\"https:\/\/apuntesdesanluis.com\/#\/schema\/person\/b55151d52296fcce64d1a72538a70b90\"},\"potentialAction\":[{\"@type\":\"SearchAction\",\"target\":{\"@type\":\"EntryPoint\",\"urlTemplate\":\"https:\/\/apuntesdesanluis.com\/?s={search_term_string}\"},\"query-input\":{\"@type\":\"PropertyValueSpecification\",\"valueRequired\":true,\"valueName\":\"search_term_string\"}}],\"inLanguage\":\"es-AR\"},{\"@type\":[\"Person\",\"Organization\"],\"@id\":\"https:\/\/apuntesdesanluis.com\/#\/schema\/person\/b55151d52296fcce64d1a72538a70b90\",\"name\":\"apuntesdesanluis.com\",\"image\":{\"@type\":\"ImageObject\",\"inLanguage\":\"es-AR\",\"@id\":\"https:\/\/apuntesdesanluis.com\/#\/schema\/person\/image\/\",\"url\":\"https:\/\/apuntesdesanluis.com\/wp-content\/uploads\/2023\/07\/cropped-apuntesdesanluis.png\",\"contentUrl\":\"https:\/\/apuntesdesanluis.com\/wp-content\/uploads\/2023\/07\/cropped-apuntesdesanluis.png\",\"width\":450,\"height\":112,\"caption\":\"apuntesdesanluis.com\"},\"logo\":{\"@id\":\"https:\/\/apuntesdesanluis.com\/#\/schema\/person\/image\/\"},\"sameAs\":[\"https:\/\/apuntesdesanluis.com\"],\"url\":\"https:\/\/apuntesdesanluis.com\/index.php\/author\/apuntesdesanluis-com\/\"}]}<\/script>\n<!-- \/ Yoast SEO plugin. -->","yoast_head_json":{"title":"ALERTA POR FUERTES TORMENTAS EN EL CENTRO Y NORTE DE LA PROVINCIA - Apuntes de San Luis","robots":{"index":"index","follow":"follow","max-snippet":"max-snippet:-1","max-image-preview":"max-image-preview:large","max-video-preview":"max-video-preview:-1"},"canonical":"https:\/\/apuntesdesanluis.com\/index.php\/2024\/11\/24\/alerta-por-fuertes-tormentas-en-el-centro-y-norte-de-la-provincia\/","og_locale":"es_ES","og_type":"article","og_title":"ALERTA POR FUERTES TORMENTAS EN EL CENTRO Y NORTE DE LA PROVINCIA - Apuntes de San Luis","og_description":"La Red de Estaciones Meteorol\u00f3gicas public\u00f3 a las 18:00 un alerta, con vigencia hasta las...","og_url":"https:\/\/apuntesdesanluis.com\/index.php\/2024\/11\/24\/alerta-por-fuertes-tormentas-en-el-centro-y-norte-de-la-provincia\/","og_site_name":"Apuntes de San Luis","article_published_time":"2024-11-25T01:57:58+00:00","article_modified_time":"2024-11-25T01:58:24+00:00","og_image":[{"width":628,"height":389,"url":"https:\/\/apuntesdesanluis.com\/wp-content\/uploads\/2024\/11\/LLUVIA-Y-VIENTO.png","type":"image\/png"}],"author":"apuntesdesanluis.com","twitter_card":"summary_large_image","twitter_misc":{"Escrito por":"apuntesdesanluis.com","Tiempo de lectura":"2 minutos"},"schema":{"@context":"https:\/\/schema.org","@graph":[{"@type":"Article","@id":"https:\/\/apuntesdesanluis.com\/index.php\/2024\/11\/24\/alerta-por-fuertes-tormentas-en-el-centro-y-norte-de-la-provincia\/#article","isPartOf":{"@id":"https:\/\/apuntesdesanluis.com\/index.php\/2024\/11\/24\/alerta-por-fuertes-tormentas-en-el-centro-y-norte-de-la-provincia\/"},"author":{"name":"apuntesdesanluis.com","@id":"https:\/\/apuntesdesanluis.com\/#\/schema\/person\/b55151d52296fcce64d1a72538a70b90"},"headline":"ALERTA POR FUERTES TORMENTAS EN EL CENTRO Y NORTE DE LA PROVINCIA","datePublished":"2024-11-25T01:57:58+00:00","dateModified":"2024-11-25T01:58:24+00:00","mainEntityOfPage":{"@id":"https:\/\/apuntesdesanluis.com\/index.php\/2024\/11\/24\/alerta-por-fuertes-tormentas-en-el-centro-y-norte-de-la-provincia\/"},"wordCount":260,"publisher":{"@id":"https:\/\/apuntesdesanluis.com\/#\/schema\/person\/b55151d52296fcce64d1a72538a70b90"},"image":{"@id":"https:\/\/apuntesdesanluis.com\/index.php\/2024\/11\/24\/alerta-por-fuertes-tormentas-en-el-centro-y-norte-de-la-provincia\/#primaryimage"},"thumbnailUrl":"https:\/\/apuntesdesanluis.com\/wp-content\/uploads\/2024\/11\/LLUVIA-Y-VIENTO.png","articleSection":["Ciudad\/Provincia"],"inLanguage":"es-AR"},{"@type":"WebPage","@id":"https:\/\/apuntesdesanluis.com\/index.php\/2024\/11\/24\/alerta-por-fuertes-tormentas-en-el-centro-y-norte-de-la-provincia\/","url":"https:\/\/apuntesdesanluis.com\/index.php\/2024\/11\/24\/alerta-por-fuertes-tormentas-en-el-centro-y-norte-de-la-provincia\/","name":"ALERTA POR FUERTES TORMENTAS EN EL CENTRO Y NORTE DE LA PROVINCIA - Apuntes de San Luis","isPartOf":{"@id":"https:\/\/apuntesdesanluis.com\/#website"},"primaryImageOfPage":{"@id":"https:\/\/apuntesdesanluis.com\/index.php\/2024\/11\/24\/alerta-por-fuertes-tormentas-en-el-centro-y-norte-de-la-provincia\/#primaryimage"},"image":{"@id":"https:\/\/apuntesdesanluis.com\/index.php\/2024\/11\/24\/alerta-por-fuertes-tormentas-en-el-centro-y-norte-de-la-provincia\/#primaryimage"},"thumbnailUrl":"https:\/\/apuntesdesanluis.com\/wp-content\/uploads\/2024\/11\/LLUVIA-Y-VIENTO.png","datePublished":"2024-11-25T01:57:58+00:00","dateModified":"2024-11-25T01:58:24+00:00","breadcrumb":{"@id":"https:\/\/apuntesdesanluis.com\/index.php\/2024\/11\/24\/alerta-por-fuertes-tormentas-en-el-centro-y-norte-de-la-provincia\/#breadcrumb"},"inLanguage":"es-AR","potentialAction":[{"@type":"ReadAction","target":["https:\/\/apuntesdesanluis.com\/index.php\/2024\/11\/24\/alerta-por-fuertes-tormentas-en-el-centro-y-norte-de-la-provincia\/"]}]},{"@type":"ImageObject","inLanguage":"es-AR","@id":"https:\/\/apuntesdesanluis.com\/index.php\/2024\/11\/24\/alerta-por-fuertes-tormentas-en-el-centro-y-norte-de-la-provincia\/#primaryimage","url":"https:\/\/apuntesdesanluis.com\/wp-content\/uploads\/2024\/11\/LLUVIA-Y-VIENTO.png","contentUrl":"https:\/\/apuntesdesanluis.com\/wp-content\/uploads\/2024\/11\/LLUVIA-Y-VIENTO.png","width":628,"height":389},{"@type":"BreadcrumbList","@id":"https:\/\/apuntesdesanluis.com\/index.php\/2024\/11\/24\/alerta-por-fuertes-tormentas-en-el-centro-y-norte-de-la-provincia\/#breadcrumb","itemListElement":[{"@type":"ListItem","position":1,"name":"Inicio","item":"https:\/\/apuntesdesanluis.com\/"},{"@type":"ListItem","position":2,"name":"ALERTA POR FUERTES TORMENTAS EN EL CENTRO Y NORTE DE LA PROVINCIA"}]},{"@type":"WebSite","@id":"https:\/\/apuntesdesanluis.com\/#website","url":"https:\/\/apuntesdesanluis.com\/","name":"Apuntes de San Luis","description":"","publisher":{"@id":"https:\/\/apuntesdesanluis.com\/#\/schema\/person\/b55151d52296fcce64d1a72538a70b90"},"potentialAction":[{"@type":"SearchAction","target":{"@type":"EntryPoint","urlTemplate":"https:\/\/apuntesdesanluis.com\/?s={search_term_string}"},"query-input":{"@type":"PropertyValueSpecification","valueRequired":true,"valueName":"search_term_string"}}],"inLanguage":"es-AR"},{"@type":["Person","Organization"],"@id":"https:\/\/apuntesdesanluis.com\/#\/schema\/person\/b55151d52296fcce64d1a72538a70b90","name":"apuntesdesanluis.com","image":{"@type":"ImageObject","inLanguage":"es-AR","@id":"https:\/\/apuntesdesanluis.com\/#\/schema\/person\/image\/","url":"https:\/\/apuntesdesanluis.com\/wp-content\/uploads\/2023\/07\/cropped-apuntesdesanluis.png","contentUrl":"https:\/\/apuntesdesanluis.com\/wp-content\/uploads\/2023\/07\/cropped-apuntesdesanluis.png","width":450,"height":112,"caption":"apuntesdesanluis.com"},"logo":{"@id":"https:\/\/apuntesdesanluis.com\/#\/schema\/person\/image\/"},"sameAs":["https:\/\/apuntesdesanluis.com"],"url":"https:\/\/apuntesdesanluis.com\/index.php\/author\/apuntesdesanluis-com\/"}]}},"featured_image_urls":{"full":["https:\/\/apuntesdesanluis.com\/wp-content\/uploads\/2024\/11\/LLUVIA-Y-VIENTO.png",628,389,false],"thumbnail":["https:\/\/apuntesdesanluis.com\/wp-content\/uploads\/2024\/11\/LLUVIA-Y-VIENTO-150x150.png",150,150,true],"medium":["https:\/\/apuntesdesanluis.com\/wp-content\/uploads\/2024\/11\/LLUVIA-Y-VIENTO-300x186.png",300,186,true],"medium_large":["https:\/\/apuntesdesanluis.com\/wp-content\/uploads\/2024\/11\/LLUVIA-Y-VIENTO.png",628,389,false],"large":["https:\/\/apuntesdesanluis.com\/wp-content\/uploads\/2024\/11\/LLUVIA-Y-VIENTO.png",628,389,false],"1536x1536":["https:\/\/apuntesdesanluis.com\/wp-content\/uploads\/2024\/11\/LLUVIA-Y-VIENTO.png",628,389,false],"2048x2048":["https:\/\/apuntesdesanluis.com\/wp-content\/uploads\/2024\/11\/LLUVIA-Y-VIENTO.png",628,389,false],"newsever-slider-full":["https:\/\/apuntesdesanluis.com\/wp-content\/uploads\/2024\/11\/LLUVIA-Y-VIENTO.png",628,389,false],"newsever-featured":["https:\/\/apuntesdesanluis.com\/wp-content\/uploads\/2024\/11\/LLUVIA-Y-VIENTO.png",628,389,false],"newsever-medium":["https:\/\/apuntesdesanluis.com\/wp-content\/uploads\/2024\/11\/LLUVIA-Y-VIENTO.png",628,389,false]},"author_info":{"display_name":"apuntesdesanluis.com","author_link":"https:\/\/apuntesdesanluis.com\/index.php\/author\/apuntesdesanluis-com\/"},"category_info":"<a href=\"https:\/\/apuntesdesanluis.com\/index.php\/category\/ciudad-provincia\/\" rel=\"category tag\">Ciudad\/Provincia<\/a>","tag_info":"Ciudad\/Provincia","comment_count":"0","_links":{"self":[{"href":"https:\/\/apuntesdesanluis.com\/index.php\/wp-json\/wp\/v2\/posts\/25717","targetHints":{"allow":["GET"]}}],"collection":[{"href":"https:\/\/apuntesdesanluis.com\/index.php\/wp-json\/wp\/v2\/posts"}],"about":[{"href":"https:\/\/apuntesdesanluis.com\/index.php\/wp-json\/wp\/v2\/types\/post"}],"author":[{"embeddable":true,"href":"https:\/\/apuntesdesanluis.com\/index.php\/wp-json\/wp\/v2\/users\/1"}],"replies":[{"embeddable":true,"href":"https:\/\/apuntesdesanluis.com\/index.php\/wp-json\/wp\/v2\/comments?post=25717"}],"version-history":[{"count":2,"href":"https:\/\/apuntesdesanluis.com\/index.php\/wp-json\/wp\/v2\/posts\/25717\/revisions"}],"predecessor-version":[{"id":25721,"href":"https:\/\/apuntesdesanluis.com\/index.php\/wp-json\/wp\/v2\/posts\/25717\/revisions\/25721"}],"wp:featuredmedia":[{"embeddable":true,"href":"https:\/\/apuntesdesanluis.com\/index.php\/wp-json\/wp\/v2\/media\/25719"}],"wp:attachment":[{"href":"https:\/\/apuntesdesanluis.com\/index.php\/wp-json\/wp\/v2\/media?parent=25717"}],"wp:term":[{"taxonomy":"category","embeddable":true,"href":"https:\/\/apuntesdesanluis.com\/index.php\/wp-json\/wp\/v2\/categories?post=25717"},{"taxonomy":"post_tag","embeddable":true,"href":"https:\/\/apuntesdesanluis.com\/index.php\/wp-json\/wp\/v2\/tags?post=25717"}],"curies":[{"name":"wp","href":"https:\/\/api.w.org\/{rel}","templated":true}]}}