{"id":2572,"date":"2023-09-03T19:10:19","date_gmt":"2023-09-03T22:10:19","guid":{"rendered":"https:\/\/apuntesdesanluis.com\/?p=2572"},"modified":"2023-09-03T19:10:19","modified_gmt":"2023-09-03T22:10:19","slug":"crimen-del-ingeniero-en-palermo-arrancan-las-pericias-al-cuchillo-mientras-buscan-dar-con-el-sospechoso","status":"publish","type":"post","link":"https:\/\/apuntesdesanluis.com\/index.php\/2023\/09\/03\/crimen-del-ingeniero-en-palermo-arrancan-las-pericias-al-cuchillo-mientras-buscan-dar-con-el-sospechoso\/","title":{"rendered":"CRIMEN DEL INGENIERO EN PALERMO: ARRANCAN LAS PERICIAS AL CUCHILLO MIENTRAS BUSCAN DAR CON EL SOSPECHOSO"},"content":{"rendered":"<h3 class=\"yiv7409174924ydp6329976emsonormal\" style=\"text-align: justify; background: white;\"><span style=\"font-family: 'Arial','sans-serif'; color: #1d2228;\">Las pericias de ADN a los rastros hem\u00e1ticos hallados en el cuchillo y la ropa del ingeniero apu\u00f1alado en Palermo comenzar\u00e1n este lunes, mientras la Polic\u00eda acelera la investigaci\u00f3n para poder hallar al sospechoso de buzo rojo que pudo haber asesinado a <strong>Mariano Barbieri<\/strong>.<\/span><\/h3>\n<h3 class=\"yiv7409174924ydp6329976emsonormal\" style=\"text-align: justify; background: white;\"><span style=\"font-family: 'Arial','sans-serif'; color: #1d2228;\">Fuentes judiciales informaron que estos an\u00e1lisis se realizar\u00e1n a pedido de la Fiscal\u00eda Nacional en lo Criminal y Correccional n\u00famero b36 a cargo de Marcelo Munilla Lacasa.<\/span><\/h3>\n<h3 class=\"yiv7409174924ydp6329976emsonormal\" style=\"text-align: justify; background: white;\"><span style=\"font-family: 'Arial','sans-serif'; color: #1d2228;\">Este estudio se llevar\u00e1 a cabo de manera conjunta entre el Servicio de Huellas Digitales Gen\u00e9ticas de la Universidad de Buenos Aires con el equipo especialista en gen\u00e9tica de la Divisi\u00f3n An\u00e1lisis F\u00edsicos, Qu\u00edmicos e Industriales de la Polic\u00eda Cient\u00edfica de la Ciudad.<\/span><\/h3>\n<h3 class=\"yiv7409174924ydp6329976emsonormal\" style=\"text-align: justify; background: white;\"><span style=\"font-family: 'Arial','sans-serif'; color: #1d2228;\">Las primeras pericias realizadas por el Departamento de Escena de Crimen de la fuerza porte\u00f1a en el cuchillo hallado arrojaron una huella dactilar parcial que no dio resultados positivos con las bases de datos consultadas.<\/span><\/h3>\n<h3 class=\"yiv7409174924ydp6329976emsonormal\" style=\"text-align: justify; background: white;\"><span style=\"font-family: 'Arial','sans-serif'; color: #1d2228;\">Sin embargo, s\u00ed se hallaron rastros hem\u00e1ticos en \u00e9l por lo que se cotejaran con los existentes en la remera de Barbieri.<\/span><\/h3>\n<h3 class=\"yiv7409174924ydp6329976emsonormal\" style=\"text-align: justify; background: white;\"><span style=\"font-family: 'Arial','sans-serif'; color: #1d2228;\">En paralelo, los investigadores de la Divisi\u00f3n Homicidios de la Polic\u00eda de la Ciudad lograron individualizar a quien consideran que es el autor del hecho.<\/span><\/h3>\n<h3 class=\"yiv7409174924ydp6329976emsonormal\" style=\"text-align: justify; background: white;\"><span style=\"font-family: 'Arial','sans-serif'; color: #1d2228;\">Las caracter\u00edsticas de este sospechoso, un hombre de unos 30 a\u00f1os con un buzo rojo y un pantal\u00f3n de jean, coinciden con lo declarado ante el personal de Homicidios por el testigo que llam\u00f3 al 911 en un primer momento denunciando un robo entre las avenidas Adolfo Berro y Carlos Casares y por lo visto en las c\u00e1maras p\u00fablicas y privadas.<\/span><\/h3>\n<h3 class=\"yiv7409174924ydp6329976emsonormal\" style=\"text-align: justify; background: white;\"><span style=\"font-family: 'Arial','sans-serif'; color: #1d2228;\">&#8220;Gracias al trabajo de c\u00e1maras, tambi\u00e9n pudo establecerse el lugar desde donde proven\u00eda, por lo que se est\u00e1n realizando averiguaciones en esa zona donde fue visto con anterioridad a fin de dar con \u00e9l o conseguir mayores datos que puedan permitir una identificaci\u00f3n&#8221;, revelaron fuentes policiales a NA. Por lo tanto, en las pr\u00f3ximas horas podr\u00eda haber novedades en relaci\u00f3n al presunto homicida del ingeniero.<\/span><\/h3>\n<h3 class=\"yiv7409174924ydp6329976emsonormal\" style=\"text-align: justify; background: white;\"><span style=\"font-family: 'Arial','sans-serif'; color: #1d2228;\">El crimen de Barbieri ocurri\u00f3 en la noche del mi\u00e9rcoles cuando caminaba por el interior de la Plaza Sicilia en Palermo.<\/span><\/h3>\n<h3 class=\"yiv7409174924ydp6329976emsonormal\" style=\"text-align: justify; background: white;\"><span style=\"font-family: 'Arial','sans-serif'; color: #1d2228;\">Despu\u00e9s de ser atacado recorri\u00f3 300 metros y se derrumb\u00f3 en el piso de una helader\u00eda donde pidi\u00f3 ayuda, antes de ser llevado a un hospital, donde finalmente falleci\u00f3.<\/span><\/h3>\n<h3 class=\"yiv7409174924ydp6329976emsonormal\" style=\"text-align: justify; background: white;\"><span style=\"font-family: 'Arial','sans-serif'; color: #1d2228;\">El asesinato del ingeniero gener\u00f3 una gran conmoci\u00f3n en la ciudad de Buenos Aires, cuyo jefe de Gobierno porte\u00f1o, Horacio Rodr\u00edguez Larreta, decidi\u00f3 modificar la c\u00fapula del Ministerio de Justicia y Seguridad, con el reemplazo de Eugenio Burzaco por Gustavo Coria, cuya designaci\u00f3n se anunci\u00f3 el pasado viernes.<\/span><\/h3>\n","protected":false},"excerpt":{"rendered":"<p>Las pericias de ADN a los rastros hem\u00e1ticos hallados en el cuchillo y la ropa&#8230;<\/p>\n","protected":false},"author":1,"featured_media":2573,"comment_status":"closed","ping_status":"closed","sticky":false,"template":"","format":"standard","meta":{"footnotes":""},"categories":[5],"tags":[],"class_list":["post-2572","post","type-post","status-publish","format-standard","has-post-thumbnail","hentry","category-nacionales-internacionales"],"yoast_head":"<!-- This site is optimized with the Yoast SEO plugin v26.1.1 - https:\/\/yoast.com\/wordpress\/plugins\/seo\/ -->\n<title>CRIMEN DEL INGENIERO EN PALERMO: ARRANCAN LAS PERICIAS AL CUCHILLO MIENTRAS BUSCAN DAR CON EL SOSPECHOSO - Apuntes de San Luis<\/title>\n<meta name=\"robots\" content=\"index, follow, max-snippet:-1, max-image-preview:large, max-video-preview:-1\" \/>\n<link rel=\"canonical\" href=\"https:\/\/apuntesdesanluis.com\/index.php\/2023\/09\/03\/crimen-del-ingeniero-en-palermo-arrancan-las-pericias-al-cuchillo-mientras-buscan-dar-con-el-sospechoso\/\" \/>\n<meta property=\"og:locale\" content=\"es_ES\" \/>\n<meta property=\"og:type\" content=\"article\" \/>\n<meta property=\"og:title\" content=\"CRIMEN DEL INGENIERO EN PALERMO: ARRANCAN LAS PERICIAS AL CUCHILLO MIENTRAS BUSCAN DAR CON EL SOSPECHOSO - Apuntes de San Luis\" \/>\n<meta property=\"og:description\" content=\"Las pericias de ADN a los rastros hem\u00e1ticos hallados en el cuchillo y la ropa...\" \/>\n<meta property=\"og:url\" content=\"https:\/\/apuntesdesanluis.com\/index.php\/2023\/09\/03\/crimen-del-ingeniero-en-palermo-arrancan-las-pericias-al-cuchillo-mientras-buscan-dar-con-el-sospechoso\/\" \/>\n<meta property=\"og:site_name\" content=\"Apuntes de San Luis\" \/>\n<meta property=\"article:published_time\" content=\"2023-09-03T22:10:19+00:00\" \/>\n<meta property=\"og:image\" content=\"https:\/\/apuntesdesanluis.com\/wp-content\/uploads\/2023\/09\/mariano-barbieri.png\" \/>\n\t<meta property=\"og:image:width\" content=\"700\" \/>\n\t<meta property=\"og:image:height\" content=\"417\" \/>\n\t<meta property=\"og:image:type\" content=\"image\/png\" \/>\n<meta name=\"author\" content=\"apuntesdesanluis.com\" \/>\n<meta name=\"twitter:card\" content=\"summary_large_image\" \/>\n<meta name=\"twitter:label1\" content=\"Escrito por\" \/>\n\t<meta name=\"twitter:data1\" content=\"apuntesdesanluis.com\" \/>\n\t<meta name=\"twitter:label2\" content=\"Tiempo de lectura\" \/>\n\t<meta name=\"twitter:data2\" content=\"2 minutos\" \/>\n<script type=\"application\/ld+json\" class=\"yoast-schema-graph\">{\"@context\":\"https:\/\/schema.org\",\"@graph\":[{\"@type\":\"Article\",\"@id\":\"https:\/\/apuntesdesanluis.com\/index.php\/2023\/09\/03\/crimen-del-ingeniero-en-palermo-arrancan-las-pericias-al-cuchillo-mientras-buscan-dar-con-el-sospechoso\/#article\",\"isPartOf\":{\"@id\":\"https:\/\/apuntesdesanluis.com\/index.php\/2023\/09\/03\/crimen-del-ingeniero-en-palermo-arrancan-las-pericias-al-cuchillo-mientras-buscan-dar-con-el-sospechoso\/\"},\"author\":{\"name\":\"apuntesdesanluis.com\",\"@id\":\"https:\/\/apuntesdesanluis.com\/#\/schema\/person\/b55151d52296fcce64d1a72538a70b90\"},\"headline\":\"CRIMEN DEL INGENIERO EN PALERMO: ARRANCAN LAS PERICIAS AL CUCHILLO MIENTRAS BUSCAN DAR CON EL SOSPECHOSO\",\"datePublished\":\"2023-09-03T22:10:19+00:00\",\"mainEntityOfPage\":{\"@id\":\"https:\/\/apuntesdesanluis.com\/index.php\/2023\/09\/03\/crimen-del-ingeniero-en-palermo-arrancan-las-pericias-al-cuchillo-mientras-buscan-dar-con-el-sospechoso\/\"},\"wordCount\":475,\"publisher\":{\"@id\":\"https:\/\/apuntesdesanluis.com\/#\/schema\/person\/b55151d52296fcce64d1a72538a70b90\"},\"image\":{\"@id\":\"https:\/\/apuntesdesanluis.com\/index.php\/2023\/09\/03\/crimen-del-ingeniero-en-palermo-arrancan-las-pericias-al-cuchillo-mientras-buscan-dar-con-el-sospechoso\/#primaryimage\"},\"thumbnailUrl\":\"https:\/\/apuntesdesanluis.com\/wp-content\/uploads\/2023\/09\/mariano-barbieri.png\",\"articleSection\":[\"Nacionales\/Internacionales\"],\"inLanguage\":\"es-AR\"},{\"@type\":\"WebPage\",\"@id\":\"https:\/\/apuntesdesanluis.com\/index.php\/2023\/09\/03\/crimen-del-ingeniero-en-palermo-arrancan-las-pericias-al-cuchillo-mientras-buscan-dar-con-el-sospechoso\/\",\"url\":\"https:\/\/apuntesdesanluis.com\/index.php\/2023\/09\/03\/crimen-del-ingeniero-en-palermo-arrancan-las-pericias-al-cuchillo-mientras-buscan-dar-con-el-sospechoso\/\",\"name\":\"CRIMEN DEL INGENIERO EN PALERMO: ARRANCAN LAS PERICIAS AL CUCHILLO MIENTRAS BUSCAN DAR CON EL SOSPECHOSO - Apuntes de San Luis\",\"isPartOf\":{\"@id\":\"https:\/\/apuntesdesanluis.com\/#website\"},\"primaryImageOfPage\":{\"@id\":\"https:\/\/apuntesdesanluis.com\/index.php\/2023\/09\/03\/crimen-del-ingeniero-en-palermo-arrancan-las-pericias-al-cuchillo-mientras-buscan-dar-con-el-sospechoso\/#primaryimage\"},\"image\":{\"@id\":\"https:\/\/apuntesdesanluis.com\/index.php\/2023\/09\/03\/crimen-del-ingeniero-en-palermo-arrancan-las-pericias-al-cuchillo-mientras-buscan-dar-con-el-sospechoso\/#primaryimage\"},\"thumbnailUrl\":\"https:\/\/apuntesdesanluis.com\/wp-content\/uploads\/2023\/09\/mariano-barbieri.png\",\"datePublished\":\"2023-09-03T22:10:19+00:00\",\"breadcrumb\":{\"@id\":\"https:\/\/apuntesdesanluis.com\/index.php\/2023\/09\/03\/crimen-del-ingeniero-en-palermo-arrancan-las-pericias-al-cuchillo-mientras-buscan-dar-con-el-sospechoso\/#breadcrumb\"},\"inLanguage\":\"es-AR\",\"potentialAction\":[{\"@type\":\"ReadAction\",\"target\":[\"https:\/\/apuntesdesanluis.com\/index.php\/2023\/09\/03\/crimen-del-ingeniero-en-palermo-arrancan-las-pericias-al-cuchillo-mientras-buscan-dar-con-el-sospechoso\/\"]}]},{\"@type\":\"ImageObject\",\"inLanguage\":\"es-AR\",\"@id\":\"https:\/\/apuntesdesanluis.com\/index.php\/2023\/09\/03\/crimen-del-ingeniero-en-palermo-arrancan-las-pericias-al-cuchillo-mientras-buscan-dar-con-el-sospechoso\/#primaryimage\",\"url\":\"https:\/\/apuntesdesanluis.com\/wp-content\/uploads\/2023\/09\/mariano-barbieri.png\",\"contentUrl\":\"https:\/\/apuntesdesanluis.com\/wp-content\/uploads\/2023\/09\/mariano-barbieri.png\",\"width\":700,\"height\":417},{\"@type\":\"BreadcrumbList\",\"@id\":\"https:\/\/apuntesdesanluis.com\/index.php\/2023\/09\/03\/crimen-del-ingeniero-en-palermo-arrancan-las-pericias-al-cuchillo-mientras-buscan-dar-con-el-sospechoso\/#breadcrumb\",\"itemListElement\":[{\"@type\":\"ListItem\",\"position\":1,\"name\":\"Inicio\",\"item\":\"https:\/\/apuntesdesanluis.com\/\"},{\"@type\":\"ListItem\",\"position\":2,\"name\":\"CRIMEN DEL INGENIERO EN PALERMO: ARRANCAN LAS PERICIAS AL CUCHILLO MIENTRAS BUSCAN DAR CON EL SOSPECHOSO\"}]},{\"@type\":\"WebSite\",\"@id\":\"https:\/\/apuntesdesanluis.com\/#website\",\"url\":\"https:\/\/apuntesdesanluis.com\/\",\"name\":\"Apuntes de San Luis\",\"description\":\"\",\"publisher\":{\"@id\":\"https:\/\/apuntesdesanluis.com\/#\/schema\/person\/b55151d52296fcce64d1a72538a70b90\"},\"potentialAction\":[{\"@type\":\"SearchAction\",\"target\":{\"@type\":\"EntryPoint\",\"urlTemplate\":\"https:\/\/apuntesdesanluis.com\/?s={search_term_string}\"},\"query-input\":{\"@type\":\"PropertyValueSpecification\",\"valueRequired\":true,\"valueName\":\"search_term_string\"}}],\"inLanguage\":\"es-AR\"},{\"@type\":[\"Person\",\"Organization\"],\"@id\":\"https:\/\/apuntesdesanluis.com\/#\/schema\/person\/b55151d52296fcce64d1a72538a70b90\",\"name\":\"apuntesdesanluis.com\",\"image\":{\"@type\":\"ImageObject\",\"inLanguage\":\"es-AR\",\"@id\":\"https:\/\/apuntesdesanluis.com\/#\/schema\/person\/image\/\",\"url\":\"https:\/\/apuntesdesanluis.com\/wp-content\/uploads\/2023\/07\/cropped-apuntesdesanluis.png\",\"contentUrl\":\"https:\/\/apuntesdesanluis.com\/wp-content\/uploads\/2023\/07\/cropped-apuntesdesanluis.png\",\"width\":450,\"height\":112,\"caption\":\"apuntesdesanluis.com\"},\"logo\":{\"@id\":\"https:\/\/apuntesdesanluis.com\/#\/schema\/person\/image\/\"},\"sameAs\":[\"https:\/\/apuntesdesanluis.com\"],\"url\":\"https:\/\/apuntesdesanluis.com\/index.php\/author\/apuntesdesanluis-com\/\"}]}<\/script>\n<!-- \/ Yoast SEO plugin. -->","yoast_head_json":{"title":"CRIMEN DEL INGENIERO EN PALERMO: ARRANCAN LAS PERICIAS AL CUCHILLO MIENTRAS BUSCAN DAR CON EL SOSPECHOSO - Apuntes de San Luis","robots":{"index":"index","follow":"follow","max-snippet":"max-snippet:-1","max-image-preview":"max-image-preview:large","max-video-preview":"max-video-preview:-1"},"canonical":"https:\/\/apuntesdesanluis.com\/index.php\/2023\/09\/03\/crimen-del-ingeniero-en-palermo-arrancan-las-pericias-al-cuchillo-mientras-buscan-dar-con-el-sospechoso\/","og_locale":"es_ES","og_type":"article","og_title":"CRIMEN DEL INGENIERO EN PALERMO: ARRANCAN LAS PERICIAS AL CUCHILLO MIENTRAS BUSCAN DAR CON EL SOSPECHOSO - Apuntes de San Luis","og_description":"Las pericias de ADN a los rastros hem\u00e1ticos hallados en el cuchillo y la ropa...","og_url":"https:\/\/apuntesdesanluis.com\/index.php\/2023\/09\/03\/crimen-del-ingeniero-en-palermo-arrancan-las-pericias-al-cuchillo-mientras-buscan-dar-con-el-sospechoso\/","og_site_name":"Apuntes de San Luis","article_published_time":"2023-09-03T22:10:19+00:00","og_image":[{"width":700,"height":417,"url":"https:\/\/apuntesdesanluis.com\/wp-content\/uploads\/2023\/09\/mariano-barbieri.png","type":"image\/png"}],"author":"apuntesdesanluis.com","twitter_card":"summary_large_image","twitter_misc":{"Escrito por":"apuntesdesanluis.com","Tiempo de lectura":"2 minutos"},"schema":{"@context":"https:\/\/schema.org","@graph":[{"@type":"Article","@id":"https:\/\/apuntesdesanluis.com\/index.php\/2023\/09\/03\/crimen-del-ingeniero-en-palermo-arrancan-las-pericias-al-cuchillo-mientras-buscan-dar-con-el-sospechoso\/#article","isPartOf":{"@id":"https:\/\/apuntesdesanluis.com\/index.php\/2023\/09\/03\/crimen-del-ingeniero-en-palermo-arrancan-las-pericias-al-cuchillo-mientras-buscan-dar-con-el-sospechoso\/"},"author":{"name":"apuntesdesanluis.com","@id":"https:\/\/apuntesdesanluis.com\/#\/schema\/person\/b55151d52296fcce64d1a72538a70b90"},"headline":"CRIMEN DEL INGENIERO EN PALERMO: ARRANCAN LAS PERICIAS AL CUCHILLO MIENTRAS BUSCAN DAR CON EL SOSPECHOSO","datePublished":"2023-09-03T22:10:19+00:00","mainEntityOfPage":{"@id":"https:\/\/apuntesdesanluis.com\/index.php\/2023\/09\/03\/crimen-del-ingeniero-en-palermo-arrancan-las-pericias-al-cuchillo-mientras-buscan-dar-con-el-sospechoso\/"},"wordCount":475,"publisher":{"@id":"https:\/\/apuntesdesanluis.com\/#\/schema\/person\/b55151d52296fcce64d1a72538a70b90"},"image":{"@id":"https:\/\/apuntesdesanluis.com\/index.php\/2023\/09\/03\/crimen-del-ingeniero-en-palermo-arrancan-las-pericias-al-cuchillo-mientras-buscan-dar-con-el-sospechoso\/#primaryimage"},"thumbnailUrl":"https:\/\/apuntesdesanluis.com\/wp-content\/uploads\/2023\/09\/mariano-barbieri.png","articleSection":["Nacionales\/Internacionales"],"inLanguage":"es-AR"},{"@type":"WebPage","@id":"https:\/\/apuntesdesanluis.com\/index.php\/2023\/09\/03\/crimen-del-ingeniero-en-palermo-arrancan-las-pericias-al-cuchillo-mientras-buscan-dar-con-el-sospechoso\/","url":"https:\/\/apuntesdesanluis.com\/index.php\/2023\/09\/03\/crimen-del-ingeniero-en-palermo-arrancan-las-pericias-al-cuchillo-mientras-buscan-dar-con-el-sospechoso\/","name":"CRIMEN DEL INGENIERO EN PALERMO: ARRANCAN LAS PERICIAS AL CUCHILLO MIENTRAS BUSCAN DAR CON EL SOSPECHOSO - Apuntes de San Luis","isPartOf":{"@id":"https:\/\/apuntesdesanluis.com\/#website"},"primaryImageOfPage":{"@id":"https:\/\/apuntesdesanluis.com\/index.php\/2023\/09\/03\/crimen-del-ingeniero-en-palermo-arrancan-las-pericias-al-cuchillo-mientras-buscan-dar-con-el-sospechoso\/#primaryimage"},"image":{"@id":"https:\/\/apuntesdesanluis.com\/index.php\/2023\/09\/03\/crimen-del-ingeniero-en-palermo-arrancan-las-pericias-al-cuchillo-mientras-buscan-dar-con-el-sospechoso\/#primaryimage"},"thumbnailUrl":"https:\/\/apuntesdesanluis.com\/wp-content\/uploads\/2023\/09\/mariano-barbieri.png","datePublished":"2023-09-03T22:10:19+00:00","breadcrumb":{"@id":"https:\/\/apuntesdesanluis.com\/index.php\/2023\/09\/03\/crimen-del-ingeniero-en-palermo-arrancan-las-pericias-al-cuchillo-mientras-buscan-dar-con-el-sospechoso\/#breadcrumb"},"inLanguage":"es-AR","potentialAction":[{"@type":"ReadAction","target":["https:\/\/apuntesdesanluis.com\/index.php\/2023\/09\/03\/crimen-del-ingeniero-en-palermo-arrancan-las-pericias-al-cuchillo-mientras-buscan-dar-con-el-sospechoso\/"]}]},{"@type":"ImageObject","inLanguage":"es-AR","@id":"https:\/\/apuntesdesanluis.com\/index.php\/2023\/09\/03\/crimen-del-ingeniero-en-palermo-arrancan-las-pericias-al-cuchillo-mientras-buscan-dar-con-el-sospechoso\/#primaryimage","url":"https:\/\/apuntesdesanluis.com\/wp-content\/uploads\/2023\/09\/mariano-barbieri.png","contentUrl":"https:\/\/apuntesdesanluis.com\/wp-content\/uploads\/2023\/09\/mariano-barbieri.png","width":700,"height":417},{"@type":"BreadcrumbList","@id":"https:\/\/apuntesdesanluis.com\/index.php\/2023\/09\/03\/crimen-del-ingeniero-en-palermo-arrancan-las-pericias-al-cuchillo-mientras-buscan-dar-con-el-sospechoso\/#breadcrumb","itemListElement":[{"@type":"ListItem","position":1,"name":"Inicio","item":"https:\/\/apuntesdesanluis.com\/"},{"@type":"ListItem","position":2,"name":"CRIMEN DEL INGENIERO EN PALERMO: ARRANCAN LAS PERICIAS AL CUCHILLO MIENTRAS BUSCAN DAR CON EL SOSPECHOSO"}]},{"@type":"WebSite","@id":"https:\/\/apuntesdesanluis.com\/#website","url":"https:\/\/apuntesdesanluis.com\/","name":"Apuntes de San Luis","description":"","publisher":{"@id":"https:\/\/apuntesdesanluis.com\/#\/schema\/person\/b55151d52296fcce64d1a72538a70b90"},"potentialAction":[{"@type":"SearchAction","target":{"@type":"EntryPoint","urlTemplate":"https:\/\/apuntesdesanluis.com\/?s={search_term_string}"},"query-input":{"@type":"PropertyValueSpecification","valueRequired":true,"valueName":"search_term_string"}}],"inLanguage":"es-AR"},{"@type":["Person","Organization"],"@id":"https:\/\/apuntesdesanluis.com\/#\/schema\/person\/b55151d52296fcce64d1a72538a70b90","name":"apuntesdesanluis.com","image":{"@type":"ImageObject","inLanguage":"es-AR","@id":"https:\/\/apuntesdesanluis.com\/#\/schema\/person\/image\/","url":"https:\/\/apuntesdesanluis.com\/wp-content\/uploads\/2023\/07\/cropped-apuntesdesanluis.png","contentUrl":"https:\/\/apuntesdesanluis.com\/wp-content\/uploads\/2023\/07\/cropped-apuntesdesanluis.png","width":450,"height":112,"caption":"apuntesdesanluis.com"},"logo":{"@id":"https:\/\/apuntesdesanluis.com\/#\/schema\/person\/image\/"},"sameAs":["https:\/\/apuntesdesanluis.com"],"url":"https:\/\/apuntesdesanluis.com\/index.php\/author\/apuntesdesanluis-com\/"}]}},"featured_image_urls":{"full":["https:\/\/apuntesdesanluis.com\/wp-content\/uploads\/2023\/09\/mariano-barbieri.png",700,417,false],"thumbnail":["https:\/\/apuntesdesanluis.com\/wp-content\/uploads\/2023\/09\/mariano-barbieri-150x150.png",150,150,true],"medium":["https:\/\/apuntesdesanluis.com\/wp-content\/uploads\/2023\/09\/mariano-barbieri-300x179.png",300,179,true],"medium_large":["https:\/\/apuntesdesanluis.com\/wp-content\/uploads\/2023\/09\/mariano-barbieri.png",640,381,false],"large":["https:\/\/apuntesdesanluis.com\/wp-content\/uploads\/2023\/09\/mariano-barbieri.png",640,381,false],"1536x1536":["https:\/\/apuntesdesanluis.com\/wp-content\/uploads\/2023\/09\/mariano-barbieri.png",700,417,false],"2048x2048":["https:\/\/apuntesdesanluis.com\/wp-content\/uploads\/2023\/09\/mariano-barbieri.png",700,417,false],"newsever-slider-full":["https:\/\/apuntesdesanluis.com\/wp-content\/uploads\/2023\/09\/mariano-barbieri.png",700,417,false],"newsever-featured":["https:\/\/apuntesdesanluis.com\/wp-content\/uploads\/2023\/09\/mariano-barbieri.png",700,417,false],"newsever-medium":["https:\/\/apuntesdesanluis.com\/wp-content\/uploads\/2023\/09\/mariano-barbieri.png",700,417,false]},"author_info":{"display_name":"apuntesdesanluis.com","author_link":"https:\/\/apuntesdesanluis.com\/index.php\/author\/apuntesdesanluis-com\/"},"category_info":"<a href=\"https:\/\/apuntesdesanluis.com\/index.php\/category\/nacionales-internacionales\/\" rel=\"category tag\">Nacionales\/Internacionales<\/a>","tag_info":"Nacionales\/Internacionales","comment_count":"0","_links":{"self":[{"href":"https:\/\/apuntesdesanluis.com\/index.php\/wp-json\/wp\/v2\/posts\/2572","targetHints":{"allow":["GET"]}}],"collection":[{"href":"https:\/\/apuntesdesanluis.com\/index.php\/wp-json\/wp\/v2\/posts"}],"about":[{"href":"https:\/\/apuntesdesanluis.com\/index.php\/wp-json\/wp\/v2\/types\/post"}],"author":[{"embeddable":true,"href":"https:\/\/apuntesdesanluis.com\/index.php\/wp-json\/wp\/v2\/users\/1"}],"replies":[{"embeddable":true,"href":"https:\/\/apuntesdesanluis.com\/index.php\/wp-json\/wp\/v2\/comments?post=2572"}],"version-history":[{"count":1,"href":"https:\/\/apuntesdesanluis.com\/index.php\/wp-json\/wp\/v2\/posts\/2572\/revisions"}],"predecessor-version":[{"id":2574,"href":"https:\/\/apuntesdesanluis.com\/index.php\/wp-json\/wp\/v2\/posts\/2572\/revisions\/2574"}],"wp:featuredmedia":[{"embeddable":true,"href":"https:\/\/apuntesdesanluis.com\/index.php\/wp-json\/wp\/v2\/media\/2573"}],"wp:attachment":[{"href":"https:\/\/apuntesdesanluis.com\/index.php\/wp-json\/wp\/v2\/media?parent=2572"}],"wp:term":[{"taxonomy":"category","embeddable":true,"href":"https:\/\/apuntesdesanluis.com\/index.php\/wp-json\/wp\/v2\/categories?post=2572"},{"taxonomy":"post_tag","embeddable":true,"href":"https:\/\/apuntesdesanluis.com\/index.php\/wp-json\/wp\/v2\/tags?post=2572"}],"curies":[{"name":"wp","href":"https:\/\/api.w.org\/{rel}","templated":true}]}}