{"id":25722,"date":"2024-11-25T00:08:30","date_gmt":"2024-11-25T03:08:30","guid":{"rendered":"https:\/\/apuntesdesanluis.com\/?p=25722"},"modified":"2024-11-25T00:09:01","modified_gmt":"2024-11-25T03:09:01","slug":"yamandu-orsi-sera-el-nuevo-presidente-de-uruguay","status":"publish","type":"post","link":"https:\/\/apuntesdesanluis.com\/index.php\/2024\/11\/25\/yamandu-orsi-sera-el-nuevo-presidente-de-uruguay\/","title":{"rendered":"YAMAND\u00da ORSI SER\u00c1 EL NUEVO PRESIDENTE DE URUGUAY"},"content":{"rendered":"<h3>El candidato a presidente de Uruguay por el Frente Amplio, <strong>Yamand\u00fa Orsi<\/strong>, derrot\u00f3 al postulante del oficialismo, \u00c1lvaro Delgado, y se convirti\u00f3 en el presidente electo de Uruguay. Su victoria significa el regreso al poder de la coalici\u00f3n de izquierda, que hab\u00eda gobernado entre 2005 y 2020 con Tabar\u00e9 V\u00e1zquez (en dos per\u00edodos) y Jos\u00e9 Mujica.<\/h3>\n<h3>&#8220;Voy a ser el presidente que convoque al di\u00e1logo nacional&#8221;, subray\u00f3 el ex intendente de Canelones en su primer discurso tras el triunfo.\u00a0En su b\u00fanker junto a referentes del Frente Amplio y militantes, Orsi expres\u00f3: \u201cLarga vida a nuestro sistema republicano y democr\u00e1tico\u201d.<\/h3>\n<h3>El frenteamplista, un hijo de almaceneros del departamento de Canelones y profesor de historia, llega a la Presidencia con el principal respaldo pol\u00edtico de Mujica, el l\u00edder del Movimiento de Participaci\u00f3n Popular (MPP) y uno de los dirigentes pol\u00edticos m\u00e1s populares del pa\u00eds. Antes de ser candidato a presidente, fue intendente de Canelones durante dos per\u00edodos (2015-2024) y, previamente, secretario general del gobierno departamental.<\/h3>\n<h3>De esta manera, derrot\u00f3 al delf\u00edn pol\u00edtico del presidente Luis Lacalle Pou. Durante buena parte de la administraci\u00f3n del actual mandatario, Delgado fue su secretario de la Presidencia \u2013un cargo similar al del jefe de gabinete\u2013 y hombre de confianza del jefe de Estado.<\/h3>\n<p><img fetchpriority=\"high\" decoding=\"async\" class=\"wp-image-25724 aligncenter\" src=\"https:\/\/apuntesdesanluis.com\/wp-content\/uploads\/2024\/11\/orsi-300x209.png\" alt=\"\" width=\"646\" height=\"450\" srcset=\"https:\/\/apuntesdesanluis.com\/wp-content\/uploads\/2024\/11\/orsi-300x209.png 300w, https:\/\/apuntesdesanluis.com\/wp-content\/uploads\/2024\/11\/orsi-768x535.png 768w, https:\/\/apuntesdesanluis.com\/wp-content\/uploads\/2024\/11\/orsi.png 774w\" sizes=\"(max-width: 646px) 100vw, 646px\" \/><\/p>\n<h3>En las elecciones de octubre, el Frente Amplio fue el partido m\u00e1s votado con el 44% sobre el 27% que tuvo su contrincante en el balotaje, \u00c1lvaro Delgado. Sin embargo, la suma de los partidos que conforman el bloque oficialista fue del 47%, una cifra que mostr\u00f3 que el pa\u00eds estaba dividido en dos mitades casi perfectas. Las semanas previas al balotaje, por tanto, el clima era de total incertidumbre sobre el resultado.<\/h3>\n<h3>Las tres veces que el Frente Amplio gobern\u00f3 Uruguay, lo hizo con mayor\u00edas parlamentarias. Sin embargo, por primera vez esto no suceder\u00e1. La coalici\u00f3n de izquierda cuenta con 16 senadores (17, si se suma a la vicepresidenta Carolina Cosse), pero tiene 48 diputados y necesita 50 para lograr que los proyectos de ley que promueve sean aprobados.<\/h3>\n<h3>Los resultados de octubre, por tanto, dejan a Orsi ante un gobierno desafiante: deber\u00e1 convencer a al menos dos diputados por fuera del bloque frenteamplista para que sus propuestas tengan \u00e9xito en el Parlamento.<\/h3>\n<h3>Es por esto que buena parte de la campa\u00f1a electoral hacia el balotaje se bas\u00f3 en la capacidad de negociadores de ambos candidatos. Y esto se repiti\u00f3 durante la jornada electoral. \u201cLa esencia de la pol\u00edtica son los acuerdos\u201d, dijo Orsi despu\u00e9s de votar en la ciudad de Canelones. A la hora de almorzar, el candidato se junt\u00f3 con otro ex intendente de Canelones, el frenteamplista Marcos Car\u00e1mbula. \u00c9l, uno de sus referentes pol\u00edticos, destac\u00f3 la \u201ccapacidad de di\u00e1logo y de acuerdos\u201d del candidato.<\/h3>\n<p><img decoding=\"async\" class=\"wp-image-25725 aligncenter\" src=\"https:\/\/apuntesdesanluis.com\/wp-content\/uploads\/2024\/11\/con-mujica-300x187.png\" alt=\"\" width=\"695\" height=\"433\" srcset=\"https:\/\/apuntesdesanluis.com\/wp-content\/uploads\/2024\/11\/con-mujica-300x187.png 300w, https:\/\/apuntesdesanluis.com\/wp-content\/uploads\/2024\/11\/con-mujica.png 720w\" sizes=\"(max-width: 695px) 100vw, 695px\" \/><\/p>\n<h4 style=\"text-align: center;\"><em>Durante la campa\u00f1a, Yamand\u00fa Orsi recibi\u00f3 el respaldo del ex presidente Jos\u00e9 &#8220;Pepe&#8221; Mujica.<\/em><\/h4>\n<h3>Antes de las elecciones de octubre, Orsi hab\u00eda anunciado a Gabriel Oddone como su ministro de Econom\u00eda en caso de llegar al gobierno. Y algunas declaraciones del designado secretario de Estado lo pusieron en una situaci\u00f3n inc\u00f3moda. Uno de sus comentarios fue el de evitar decir que la izquierda no aumentar\u00eda impuestos si llega al gobierno. Esta discusi\u00f3n fue saldada, en parte, por el candidato durante el debate presidencial. All\u00ed descart\u00f3 de plano que haya un aumento de los tributos en su pr\u00f3ximo gobierno.<\/h3>\n<h3>Para el gobierno que empieza el pr\u00f3ximo 1 de marzo, Orsi impulsar\u00e1 instalar un sistema contra el narcotr\u00e1fico, incorporar 2.000 nuevos polic\u00edas y que se adapten los impuestos al nuevo contexto tributario mundial. Adem\u00e1s, su gesti\u00f3n promover\u00e1 un di\u00e1logo social para establecer una nueva reforma de la seguridad social, con la que se buscar\u00e1 que la edad de retiro se vuelva a establecer en los 60 a\u00f1os (el gobierno de Luis Lacalle Pou la llev\u00f3 a los 65).<\/h3>\n<p>&nbsp;<\/p>\n<p>&nbsp;<\/p>\n<p>&nbsp;<\/p>\n<p>&nbsp;<\/p>\n<p>&nbsp;<\/p>\n<p>&nbsp;<\/p>\n","protected":false},"excerpt":{"rendered":"<p>El candidato a presidente de Uruguay por el Frente Amplio, Yamand\u00fa Orsi, derrot\u00f3 al postulante&#8230;<\/p>\n","protected":false},"author":1,"featured_media":25723,"comment_status":"closed","ping_status":"closed","sticky":false,"template":"","format":"standard","meta":{"footnotes":""},"categories":[5],"tags":[],"class_list":["post-25722","post","type-post","status-publish","format-standard","has-post-thumbnail","hentry","category-nacionales-internacionales"],"yoast_head":"<!-- This site is optimized with the Yoast SEO plugin v26.1.1 - https:\/\/yoast.com\/wordpress\/plugins\/seo\/ -->\n<title>YAMAND\u00da ORSI SER\u00c1 EL NUEVO PRESIDENTE DE URUGUAY - Apuntes de San Luis<\/title>\n<meta name=\"robots\" content=\"index, follow, max-snippet:-1, max-image-preview:large, max-video-preview:-1\" \/>\n<link rel=\"canonical\" href=\"https:\/\/apuntesdesanluis.com\/index.php\/2024\/11\/25\/yamandu-orsi-sera-el-nuevo-presidente-de-uruguay\/\" \/>\n<meta property=\"og:locale\" content=\"es_ES\" \/>\n<meta property=\"og:type\" content=\"article\" \/>\n<meta property=\"og:title\" content=\"YAMAND\u00da ORSI SER\u00c1 EL NUEVO PRESIDENTE DE URUGUAY - Apuntes de San Luis\" \/>\n<meta property=\"og:description\" content=\"El candidato a presidente de Uruguay por el Frente Amplio, Yamand\u00fa Orsi, derrot\u00f3 al postulante...\" \/>\n<meta property=\"og:url\" content=\"https:\/\/apuntesdesanluis.com\/index.php\/2024\/11\/25\/yamandu-orsi-sera-el-nuevo-presidente-de-uruguay\/\" \/>\n<meta property=\"og:site_name\" content=\"Apuntes de San Luis\" \/>\n<meta property=\"article:published_time\" content=\"2024-11-25T03:08:30+00:00\" \/>\n<meta property=\"article:modified_time\" content=\"2024-11-25T03:09:01+00:00\" \/>\n<meta property=\"og:image\" content=\"https:\/\/apuntesdesanluis.com\/wp-content\/uploads\/2024\/11\/yamandu-orsi.png\" \/>\n\t<meta property=\"og:image:width\" content=\"713\" \/>\n\t<meta property=\"og:image:height\" content=\"462\" \/>\n\t<meta property=\"og:image:type\" content=\"image\/png\" \/>\n<meta name=\"author\" content=\"apuntesdesanluis.com\" \/>\n<meta name=\"twitter:card\" content=\"summary_large_image\" \/>\n<meta name=\"twitter:label1\" content=\"Escrito por\" \/>\n\t<meta name=\"twitter:data1\" content=\"apuntesdesanluis.com\" \/>\n\t<meta name=\"twitter:label2\" content=\"Tiempo de lectura\" \/>\n\t<meta name=\"twitter:data2\" content=\"4 minutos\" \/>\n<script type=\"application\/ld+json\" class=\"yoast-schema-graph\">{\"@context\":\"https:\/\/schema.org\",\"@graph\":[{\"@type\":\"Article\",\"@id\":\"https:\/\/apuntesdesanluis.com\/index.php\/2024\/11\/25\/yamandu-orsi-sera-el-nuevo-presidente-de-uruguay\/#article\",\"isPartOf\":{\"@id\":\"https:\/\/apuntesdesanluis.com\/index.php\/2024\/11\/25\/yamandu-orsi-sera-el-nuevo-presidente-de-uruguay\/\"},\"author\":{\"name\":\"apuntesdesanluis.com\",\"@id\":\"https:\/\/apuntesdesanluis.com\/#\/schema\/person\/b55151d52296fcce64d1a72538a70b90\"},\"headline\":\"YAMAND\u00da ORSI SER\u00c1 EL NUEVO PRESIDENTE DE URUGUAY\",\"datePublished\":\"2024-11-25T03:08:30+00:00\",\"dateModified\":\"2024-11-25T03:09:01+00:00\",\"mainEntityOfPage\":{\"@id\":\"https:\/\/apuntesdesanluis.com\/index.php\/2024\/11\/25\/yamandu-orsi-sera-el-nuevo-presidente-de-uruguay\/\"},\"wordCount\":675,\"publisher\":{\"@id\":\"https:\/\/apuntesdesanluis.com\/#\/schema\/person\/b55151d52296fcce64d1a72538a70b90\"},\"image\":{\"@id\":\"https:\/\/apuntesdesanluis.com\/index.php\/2024\/11\/25\/yamandu-orsi-sera-el-nuevo-presidente-de-uruguay\/#primaryimage\"},\"thumbnailUrl\":\"https:\/\/apuntesdesanluis.com\/wp-content\/uploads\/2024\/11\/yamandu-orsi.png\",\"articleSection\":[\"Nacionales\/Internacionales\"],\"inLanguage\":\"es-AR\"},{\"@type\":\"WebPage\",\"@id\":\"https:\/\/apuntesdesanluis.com\/index.php\/2024\/11\/25\/yamandu-orsi-sera-el-nuevo-presidente-de-uruguay\/\",\"url\":\"https:\/\/apuntesdesanluis.com\/index.php\/2024\/11\/25\/yamandu-orsi-sera-el-nuevo-presidente-de-uruguay\/\",\"name\":\"YAMAND\u00da ORSI SER\u00c1 EL NUEVO PRESIDENTE DE URUGUAY - Apuntes de San Luis\",\"isPartOf\":{\"@id\":\"https:\/\/apuntesdesanluis.com\/#website\"},\"primaryImageOfPage\":{\"@id\":\"https:\/\/apuntesdesanluis.com\/index.php\/2024\/11\/25\/yamandu-orsi-sera-el-nuevo-presidente-de-uruguay\/#primaryimage\"},\"image\":{\"@id\":\"https:\/\/apuntesdesanluis.com\/index.php\/2024\/11\/25\/yamandu-orsi-sera-el-nuevo-presidente-de-uruguay\/#primaryimage\"},\"thumbnailUrl\":\"https:\/\/apuntesdesanluis.com\/wp-content\/uploads\/2024\/11\/yamandu-orsi.png\",\"datePublished\":\"2024-11-25T03:08:30+00:00\",\"dateModified\":\"2024-11-25T03:09:01+00:00\",\"breadcrumb\":{\"@id\":\"https:\/\/apuntesdesanluis.com\/index.php\/2024\/11\/25\/yamandu-orsi-sera-el-nuevo-presidente-de-uruguay\/#breadcrumb\"},\"inLanguage\":\"es-AR\",\"potentialAction\":[{\"@type\":\"ReadAction\",\"target\":[\"https:\/\/apuntesdesanluis.com\/index.php\/2024\/11\/25\/yamandu-orsi-sera-el-nuevo-presidente-de-uruguay\/\"]}]},{\"@type\":\"ImageObject\",\"inLanguage\":\"es-AR\",\"@id\":\"https:\/\/apuntesdesanluis.com\/index.php\/2024\/11\/25\/yamandu-orsi-sera-el-nuevo-presidente-de-uruguay\/#primaryimage\",\"url\":\"https:\/\/apuntesdesanluis.com\/wp-content\/uploads\/2024\/11\/yamandu-orsi.png\",\"contentUrl\":\"https:\/\/apuntesdesanluis.com\/wp-content\/uploads\/2024\/11\/yamandu-orsi.png\",\"width\":713,\"height\":462},{\"@type\":\"BreadcrumbList\",\"@id\":\"https:\/\/apuntesdesanluis.com\/index.php\/2024\/11\/25\/yamandu-orsi-sera-el-nuevo-presidente-de-uruguay\/#breadcrumb\",\"itemListElement\":[{\"@type\":\"ListItem\",\"position\":1,\"name\":\"Inicio\",\"item\":\"https:\/\/apuntesdesanluis.com\/\"},{\"@type\":\"ListItem\",\"position\":2,\"name\":\"YAMAND\u00da ORSI SER\u00c1 EL NUEVO PRESIDENTE DE URUGUAY\"}]},{\"@type\":\"WebSite\",\"@id\":\"https:\/\/apuntesdesanluis.com\/#website\",\"url\":\"https:\/\/apuntesdesanluis.com\/\",\"name\":\"Apuntes de San Luis\",\"description\":\"\",\"publisher\":{\"@id\":\"https:\/\/apuntesdesanluis.com\/#\/schema\/person\/b55151d52296fcce64d1a72538a70b90\"},\"potentialAction\":[{\"@type\":\"SearchAction\",\"target\":{\"@type\":\"EntryPoint\",\"urlTemplate\":\"https:\/\/apuntesdesanluis.com\/?s={search_term_string}\"},\"query-input\":{\"@type\":\"PropertyValueSpecification\",\"valueRequired\":true,\"valueName\":\"search_term_string\"}}],\"inLanguage\":\"es-AR\"},{\"@type\":[\"Person\",\"Organization\"],\"@id\":\"https:\/\/apuntesdesanluis.com\/#\/schema\/person\/b55151d52296fcce64d1a72538a70b90\",\"name\":\"apuntesdesanluis.com\",\"image\":{\"@type\":\"ImageObject\",\"inLanguage\":\"es-AR\",\"@id\":\"https:\/\/apuntesdesanluis.com\/#\/schema\/person\/image\/\",\"url\":\"https:\/\/apuntesdesanluis.com\/wp-content\/uploads\/2023\/07\/cropped-apuntesdesanluis.png\",\"contentUrl\":\"https:\/\/apuntesdesanluis.com\/wp-content\/uploads\/2023\/07\/cropped-apuntesdesanluis.png\",\"width\":450,\"height\":112,\"caption\":\"apuntesdesanluis.com\"},\"logo\":{\"@id\":\"https:\/\/apuntesdesanluis.com\/#\/schema\/person\/image\/\"},\"sameAs\":[\"https:\/\/apuntesdesanluis.com\"],\"url\":\"https:\/\/apuntesdesanluis.com\/index.php\/author\/apuntesdesanluis-com\/\"}]}<\/script>\n<!-- \/ Yoast SEO plugin. -->","yoast_head_json":{"title":"YAMAND\u00da ORSI SER\u00c1 EL NUEVO PRESIDENTE DE URUGUAY - Apuntes de San Luis","robots":{"index":"index","follow":"follow","max-snippet":"max-snippet:-1","max-image-preview":"max-image-preview:large","max-video-preview":"max-video-preview:-1"},"canonical":"https:\/\/apuntesdesanluis.com\/index.php\/2024\/11\/25\/yamandu-orsi-sera-el-nuevo-presidente-de-uruguay\/","og_locale":"es_ES","og_type":"article","og_title":"YAMAND\u00da ORSI SER\u00c1 EL NUEVO PRESIDENTE DE URUGUAY - Apuntes de San Luis","og_description":"El candidato a presidente de Uruguay por el Frente Amplio, Yamand\u00fa Orsi, derrot\u00f3 al postulante...","og_url":"https:\/\/apuntesdesanluis.com\/index.php\/2024\/11\/25\/yamandu-orsi-sera-el-nuevo-presidente-de-uruguay\/","og_site_name":"Apuntes de San Luis","article_published_time":"2024-11-25T03:08:30+00:00","article_modified_time":"2024-11-25T03:09:01+00:00","og_image":[{"width":713,"height":462,"url":"https:\/\/apuntesdesanluis.com\/wp-content\/uploads\/2024\/11\/yamandu-orsi.png","type":"image\/png"}],"author":"apuntesdesanluis.com","twitter_card":"summary_large_image","twitter_misc":{"Escrito por":"apuntesdesanluis.com","Tiempo de lectura":"4 minutos"},"schema":{"@context":"https:\/\/schema.org","@graph":[{"@type":"Article","@id":"https:\/\/apuntesdesanluis.com\/index.php\/2024\/11\/25\/yamandu-orsi-sera-el-nuevo-presidente-de-uruguay\/#article","isPartOf":{"@id":"https:\/\/apuntesdesanluis.com\/index.php\/2024\/11\/25\/yamandu-orsi-sera-el-nuevo-presidente-de-uruguay\/"},"author":{"name":"apuntesdesanluis.com","@id":"https:\/\/apuntesdesanluis.com\/#\/schema\/person\/b55151d52296fcce64d1a72538a70b90"},"headline":"YAMAND\u00da ORSI SER\u00c1 EL NUEVO PRESIDENTE DE URUGUAY","datePublished":"2024-11-25T03:08:30+00:00","dateModified":"2024-11-25T03:09:01+00:00","mainEntityOfPage":{"@id":"https:\/\/apuntesdesanluis.com\/index.php\/2024\/11\/25\/yamandu-orsi-sera-el-nuevo-presidente-de-uruguay\/"},"wordCount":675,"publisher":{"@id":"https:\/\/apuntesdesanluis.com\/#\/schema\/person\/b55151d52296fcce64d1a72538a70b90"},"image":{"@id":"https:\/\/apuntesdesanluis.com\/index.php\/2024\/11\/25\/yamandu-orsi-sera-el-nuevo-presidente-de-uruguay\/#primaryimage"},"thumbnailUrl":"https:\/\/apuntesdesanluis.com\/wp-content\/uploads\/2024\/11\/yamandu-orsi.png","articleSection":["Nacionales\/Internacionales"],"inLanguage":"es-AR"},{"@type":"WebPage","@id":"https:\/\/apuntesdesanluis.com\/index.php\/2024\/11\/25\/yamandu-orsi-sera-el-nuevo-presidente-de-uruguay\/","url":"https:\/\/apuntesdesanluis.com\/index.php\/2024\/11\/25\/yamandu-orsi-sera-el-nuevo-presidente-de-uruguay\/","name":"YAMAND\u00da ORSI SER\u00c1 EL NUEVO PRESIDENTE DE URUGUAY - Apuntes de San Luis","isPartOf":{"@id":"https:\/\/apuntesdesanluis.com\/#website"},"primaryImageOfPage":{"@id":"https:\/\/apuntesdesanluis.com\/index.php\/2024\/11\/25\/yamandu-orsi-sera-el-nuevo-presidente-de-uruguay\/#primaryimage"},"image":{"@id":"https:\/\/apuntesdesanluis.com\/index.php\/2024\/11\/25\/yamandu-orsi-sera-el-nuevo-presidente-de-uruguay\/#primaryimage"},"thumbnailUrl":"https:\/\/apuntesdesanluis.com\/wp-content\/uploads\/2024\/11\/yamandu-orsi.png","datePublished":"2024-11-25T03:08:30+00:00","dateModified":"2024-11-25T03:09:01+00:00","breadcrumb":{"@id":"https:\/\/apuntesdesanluis.com\/index.php\/2024\/11\/25\/yamandu-orsi-sera-el-nuevo-presidente-de-uruguay\/#breadcrumb"},"inLanguage":"es-AR","potentialAction":[{"@type":"ReadAction","target":["https:\/\/apuntesdesanluis.com\/index.php\/2024\/11\/25\/yamandu-orsi-sera-el-nuevo-presidente-de-uruguay\/"]}]},{"@type":"ImageObject","inLanguage":"es-AR","@id":"https:\/\/apuntesdesanluis.com\/index.php\/2024\/11\/25\/yamandu-orsi-sera-el-nuevo-presidente-de-uruguay\/#primaryimage","url":"https:\/\/apuntesdesanluis.com\/wp-content\/uploads\/2024\/11\/yamandu-orsi.png","contentUrl":"https:\/\/apuntesdesanluis.com\/wp-content\/uploads\/2024\/11\/yamandu-orsi.png","width":713,"height":462},{"@type":"BreadcrumbList","@id":"https:\/\/apuntesdesanluis.com\/index.php\/2024\/11\/25\/yamandu-orsi-sera-el-nuevo-presidente-de-uruguay\/#breadcrumb","itemListElement":[{"@type":"ListItem","position":1,"name":"Inicio","item":"https:\/\/apuntesdesanluis.com\/"},{"@type":"ListItem","position":2,"name":"YAMAND\u00da ORSI SER\u00c1 EL NUEVO PRESIDENTE DE URUGUAY"}]},{"@type":"WebSite","@id":"https:\/\/apuntesdesanluis.com\/#website","url":"https:\/\/apuntesdesanluis.com\/","name":"Apuntes de San Luis","description":"","publisher":{"@id":"https:\/\/apuntesdesanluis.com\/#\/schema\/person\/b55151d52296fcce64d1a72538a70b90"},"potentialAction":[{"@type":"SearchAction","target":{"@type":"EntryPoint","urlTemplate":"https:\/\/apuntesdesanluis.com\/?s={search_term_string}"},"query-input":{"@type":"PropertyValueSpecification","valueRequired":true,"valueName":"search_term_string"}}],"inLanguage":"es-AR"},{"@type":["Person","Organization"],"@id":"https:\/\/apuntesdesanluis.com\/#\/schema\/person\/b55151d52296fcce64d1a72538a70b90","name":"apuntesdesanluis.com","image":{"@type":"ImageObject","inLanguage":"es-AR","@id":"https:\/\/apuntesdesanluis.com\/#\/schema\/person\/image\/","url":"https:\/\/apuntesdesanluis.com\/wp-content\/uploads\/2023\/07\/cropped-apuntesdesanluis.png","contentUrl":"https:\/\/apuntesdesanluis.com\/wp-content\/uploads\/2023\/07\/cropped-apuntesdesanluis.png","width":450,"height":112,"caption":"apuntesdesanluis.com"},"logo":{"@id":"https:\/\/apuntesdesanluis.com\/#\/schema\/person\/image\/"},"sameAs":["https:\/\/apuntesdesanluis.com"],"url":"https:\/\/apuntesdesanluis.com\/index.php\/author\/apuntesdesanluis-com\/"}]}},"featured_image_urls":{"full":["https:\/\/apuntesdesanluis.com\/wp-content\/uploads\/2024\/11\/yamandu-orsi.png",713,462,false],"thumbnail":["https:\/\/apuntesdesanluis.com\/wp-content\/uploads\/2024\/11\/yamandu-orsi-150x150.png",150,150,true],"medium":["https:\/\/apuntesdesanluis.com\/wp-content\/uploads\/2024\/11\/yamandu-orsi-300x194.png",300,194,true],"medium_large":["https:\/\/apuntesdesanluis.com\/wp-content\/uploads\/2024\/11\/yamandu-orsi.png",640,415,false],"large":["https:\/\/apuntesdesanluis.com\/wp-content\/uploads\/2024\/11\/yamandu-orsi.png",640,415,false],"1536x1536":["https:\/\/apuntesdesanluis.com\/wp-content\/uploads\/2024\/11\/yamandu-orsi.png",713,462,false],"2048x2048":["https:\/\/apuntesdesanluis.com\/wp-content\/uploads\/2024\/11\/yamandu-orsi.png",713,462,false],"newsever-slider-full":["https:\/\/apuntesdesanluis.com\/wp-content\/uploads\/2024\/11\/yamandu-orsi.png",713,462,false],"newsever-featured":["https:\/\/apuntesdesanluis.com\/wp-content\/uploads\/2024\/11\/yamandu-orsi.png",713,462,false],"newsever-medium":["https:\/\/apuntesdesanluis.com\/wp-content\/uploads\/2024\/11\/yamandu-orsi.png",713,462,false]},"author_info":{"display_name":"apuntesdesanluis.com","author_link":"https:\/\/apuntesdesanluis.com\/index.php\/author\/apuntesdesanluis-com\/"},"category_info":"<a href=\"https:\/\/apuntesdesanluis.com\/index.php\/category\/nacionales-internacionales\/\" rel=\"category tag\">Nacionales\/Internacionales<\/a>","tag_info":"Nacionales\/Internacionales","comment_count":"0","_links":{"self":[{"href":"https:\/\/apuntesdesanluis.com\/index.php\/wp-json\/wp\/v2\/posts\/25722","targetHints":{"allow":["GET"]}}],"collection":[{"href":"https:\/\/apuntesdesanluis.com\/index.php\/wp-json\/wp\/v2\/posts"}],"about":[{"href":"https:\/\/apuntesdesanluis.com\/index.php\/wp-json\/wp\/v2\/types\/post"}],"author":[{"embeddable":true,"href":"https:\/\/apuntesdesanluis.com\/index.php\/wp-json\/wp\/v2\/users\/1"}],"replies":[{"embeddable":true,"href":"https:\/\/apuntesdesanluis.com\/index.php\/wp-json\/wp\/v2\/comments?post=25722"}],"version-history":[{"count":2,"href":"https:\/\/apuntesdesanluis.com\/index.php\/wp-json\/wp\/v2\/posts\/25722\/revisions"}],"predecessor-version":[{"id":25727,"href":"https:\/\/apuntesdesanluis.com\/index.php\/wp-json\/wp\/v2\/posts\/25722\/revisions\/25727"}],"wp:featuredmedia":[{"embeddable":true,"href":"https:\/\/apuntesdesanluis.com\/index.php\/wp-json\/wp\/v2\/media\/25723"}],"wp:attachment":[{"href":"https:\/\/apuntesdesanluis.com\/index.php\/wp-json\/wp\/v2\/media?parent=25722"}],"wp:term":[{"taxonomy":"category","embeddable":true,"href":"https:\/\/apuntesdesanluis.com\/index.php\/wp-json\/wp\/v2\/categories?post=25722"},{"taxonomy":"post_tag","embeddable":true,"href":"https:\/\/apuntesdesanluis.com\/index.php\/wp-json\/wp\/v2\/tags?post=25722"}],"curies":[{"name":"wp","href":"https:\/\/api.w.org\/{rel}","templated":true}]}}