{"id":25729,"date":"2024-11-25T07:25:12","date_gmt":"2024-11-25T10:25:12","guid":{"rendered":"https:\/\/apuntesdesanluis.com\/?p=25729"},"modified":"2024-11-25T07:28:12","modified_gmt":"2024-11-25T10:28:12","slug":"la-fuerte-tormenta-provoco-caida-de-arboles-cortes-de-luz-y-danos-en-viviendas","status":"publish","type":"post","link":"https:\/\/apuntesdesanluis.com\/index.php\/2024\/11\/25\/la-fuerte-tormenta-provoco-caida-de-arboles-cortes-de-luz-y-danos-en-viviendas\/","title":{"rendered":"LA FUERTE TORMENTA PROVOC\u00d3 CAIDA DE \u00c1RBOLES, CORTES DE LUZ Y DA\u00d1OS EN VIVIENDAS"},"content":{"rendered":"<h3>Algunos sectores de la ciudad de Villa Mercedes sufrieron en la tarde del domingo las consecuencias de los fuertes vientos que se desataron, con caida de abundante agua.<\/h3>\n<p><img fetchpriority=\"high\" decoding=\"async\" class=\"wp-image-25731 aligncenter\" src=\"https:\/\/apuntesdesanluis.com\/wp-content\/uploads\/2024\/11\/arbol-caido-1-300x190.png\" alt=\"\" width=\"586\" height=\"371\" srcset=\"https:\/\/apuntesdesanluis.com\/wp-content\/uploads\/2024\/11\/arbol-caido-1-300x190.png 300w, https:\/\/apuntesdesanluis.com\/wp-content\/uploads\/2024\/11\/arbol-caido-1-768x486.png 768w, https:\/\/apuntesdesanluis.com\/wp-content\/uploads\/2024\/11\/arbol-caido-1.png 843w\" sizes=\"(max-width: 586px) 100vw, 586px\" \/><\/p>\n<h3>Distintas \u00e1reas de la municipalidad debieron ser afectadas para socorrer a vecinos que sufrieron la caida de \u00e1rboles o ramas sobre sus viviendas o voladuras de techos.<\/h3>\n<p><img decoding=\"async\" class=\"wp-image-25737 aligncenter\" src=\"https:\/\/apuntesdesanluis.com\/wp-content\/uploads\/2024\/11\/poste-caido-300x240.png\" alt=\"\" width=\"588\" height=\"470\" srcset=\"https:\/\/apuntesdesanluis.com\/wp-content\/uploads\/2024\/11\/poste-caido-300x240.png 300w, https:\/\/apuntesdesanluis.com\/wp-content\/uploads\/2024\/11\/poste-caido-768x615.png 768w, https:\/\/apuntesdesanluis.com\/wp-content\/uploads\/2024\/11\/poste-caido.png 858w\" sizes=\"(max-width: 588px) 100vw, 588px\" \/><\/p>\n<h3>Producto de ello, tambi\u00e9n cayeron postes de luz y se interrumpi\u00f3 el suministro el\u00e9ctrico en algunos barrios, por lo que debieron salir a la calle cuadrillas de Edesal para restablecer el servicio.<\/h3>\n<p><img decoding=\"async\" class=\"wp-image-25732 aligncenter\" src=\"https:\/\/apuntesdesanluis.com\/wp-content\/uploads\/2024\/11\/arbol-caido-2-300x171.png\" alt=\"\" width=\"589\" height=\"336\" srcset=\"https:\/\/apuntesdesanluis.com\/wp-content\/uploads\/2024\/11\/arbol-caido-2-300x171.png 300w, https:\/\/apuntesdesanluis.com\/wp-content\/uploads\/2024\/11\/arbol-caido-2-768x437.png 768w, https:\/\/apuntesdesanluis.com\/wp-content\/uploads\/2024\/11\/arbol-caido-2.png 911w\" sizes=\"(max-width: 589px) 100vw, 589px\" \/><\/p>\n<h3>Un intenso trabajo debieron desplegar, y continuar\u00e1n este lunes, los equipos de la Secretar\u00eda de Producci\u00f3n, Medio Ambiente y Tecnolog\u00eda y Subsecretar\u00eda de Espacios Verdes, para despejar calles y rutas bloqueadas por grandes especies que se derrumbaron por las fuertes r\u00e1fagas de viento.<\/h3>\n<p><img loading=\"lazy\" decoding=\"async\" class=\"wp-image-25733 aligncenter\" src=\"https:\/\/apuntesdesanluis.com\/wp-content\/uploads\/2024\/11\/arbol-caido-3-300x199.png\" alt=\"\" width=\"591\" height=\"392\" srcset=\"https:\/\/apuntesdesanluis.com\/wp-content\/uploads\/2024\/11\/arbol-caido-3-300x199.png 300w, https:\/\/apuntesdesanluis.com\/wp-content\/uploads\/2024\/11\/arbol-caido-3.png 766w\" sizes=\"(max-width: 591px) 100vw, 591px\" \/><\/p>\n<h3>Ante el fen\u00f3meno meteorol\u00f3gico, la Municipalidad dispuso la suspensi\u00f3n de actividades como Calle Angosta Adultos. Por el momento no se informaron v\u00edctimas fatales ni heridos.<\/h3>\n<p><img loading=\"lazy\" decoding=\"async\" class=\"wp-image-25734 aligncenter\" src=\"https:\/\/apuntesdesanluis.com\/wp-content\/uploads\/2024\/11\/arbol-caido-5-300x184.png\" alt=\"\" width=\"592\" height=\"363\" srcset=\"https:\/\/apuntesdesanluis.com\/wp-content\/uploads\/2024\/11\/arbol-caido-5-300x184.png 300w, https:\/\/apuntesdesanluis.com\/wp-content\/uploads\/2024\/11\/arbol-caido-5-768x471.png 768w, https:\/\/apuntesdesanluis.com\/wp-content\/uploads\/2024\/11\/arbol-caido-5.png 868w\" sizes=\"(max-width: 592px) 100vw, 592px\" \/><\/p>\n<h3>Personal de Servicios P\u00fablicos, Tr\u00e1nsito y Defensa Civil, entre otras \u00e1reas, estuvieron abocados a recorrer la ciudad y prestar su colaboraci\u00f3n.<\/h3>\n<h3>Se recuerda a los vecinos estos n\u00fameros de utilidad: <strong>Emergencias 911<\/strong> &#8211; Sistema <strong>\u00danico de Reclamos de la Muni 147<\/strong>.<\/h3>\n<p><img loading=\"lazy\" decoding=\"async\" class=\"wp-image-25736 aligncenter\" src=\"https:\/\/apuntesdesanluis.com\/wp-content\/uploads\/2024\/11\/arbol-caido-6-300x183.png\" alt=\"\" width=\"593\" height=\"362\" srcset=\"https:\/\/apuntesdesanluis.com\/wp-content\/uploads\/2024\/11\/arbol-caido-6-300x183.png 300w, https:\/\/apuntesdesanluis.com\/wp-content\/uploads\/2024\/11\/arbol-caido-6-768x468.png 768w, https:\/\/apuntesdesanluis.com\/wp-content\/uploads\/2024\/11\/arbol-caido-6.png 818w\" sizes=\"(max-width: 593px) 100vw, 593px\" \/><\/p>\n<p>&nbsp;<\/p>\n<p><img loading=\"lazy\" decoding=\"async\" class=\"wp-image-25738 aligncenter\" src=\"https:\/\/apuntesdesanluis.com\/wp-content\/uploads\/2024\/11\/arbol-caido-300x205.png\" alt=\"\" width=\"594\" height=\"406\" srcset=\"https:\/\/apuntesdesanluis.com\/wp-content\/uploads\/2024\/11\/arbol-caido-300x205.png 300w, https:\/\/apuntesdesanluis.com\/wp-content\/uploads\/2024\/11\/arbol-caido-768x525.png 768w, https:\/\/apuntesdesanluis.com\/wp-content\/uploads\/2024\/11\/arbol-caido.png 838w\" sizes=\"(max-width: 594px) 100vw, 594px\" \/><\/p>\n<p>&nbsp;<\/p>\n<p>&nbsp;<\/p>\n<p>&nbsp;<\/p>\n<p>&nbsp;<\/p>\n<p>&nbsp;<\/p>\n<p>&nbsp;<\/p>\n<p>&nbsp;<\/p>\n<p>&nbsp;<\/p>\n","protected":false},"excerpt":{"rendered":"<p>Algunos sectores de la ciudad de Villa Mercedes sufrieron en la tarde del domingo las&#8230;<\/p>\n","protected":false},"author":1,"featured_media":25730,"comment_status":"closed","ping_status":"closed","sticky":false,"template":"","format":"standard","meta":{"footnotes":""},"categories":[6],"tags":[],"class_list":["post-25729","post","type-post","status-publish","format-standard","has-post-thumbnail","hentry","category-ciudad-provincia"],"yoast_head":"<!-- This site is optimized with the Yoast SEO plugin v26.1.1 - https:\/\/yoast.com\/wordpress\/plugins\/seo\/ -->\n<title>LA FUERTE TORMENTA PROVOC\u00d3 CAIDA DE \u00c1RBOLES, CORTES DE LUZ Y DA\u00d1OS EN VIVIENDAS - Apuntes de San Luis<\/title>\n<meta name=\"robots\" content=\"index, follow, max-snippet:-1, max-image-preview:large, max-video-preview:-1\" \/>\n<link rel=\"canonical\" href=\"https:\/\/apuntesdesanluis.com\/index.php\/2024\/11\/25\/la-fuerte-tormenta-provoco-caida-de-arboles-cortes-de-luz-y-danos-en-viviendas\/\" \/>\n<meta property=\"og:locale\" content=\"es_ES\" \/>\n<meta property=\"og:type\" content=\"article\" \/>\n<meta property=\"og:title\" content=\"LA FUERTE TORMENTA PROVOC\u00d3 CAIDA DE \u00c1RBOLES, CORTES DE LUZ Y DA\u00d1OS EN VIVIENDAS - Apuntes de San Luis\" \/>\n<meta property=\"og:description\" content=\"Algunos sectores de la ciudad de Villa Mercedes sufrieron en la tarde del domingo las...\" \/>\n<meta property=\"og:url\" content=\"https:\/\/apuntesdesanluis.com\/index.php\/2024\/11\/25\/la-fuerte-tormenta-provoco-caida-de-arboles-cortes-de-luz-y-danos-en-viviendas\/\" \/>\n<meta property=\"og:site_name\" content=\"Apuntes de San Luis\" \/>\n<meta property=\"article:published_time\" content=\"2024-11-25T10:25:12+00:00\" \/>\n<meta property=\"article:modified_time\" content=\"2024-11-25T10:28:12+00:00\" \/>\n<meta property=\"og:image\" content=\"https:\/\/apuntesdesanluis.com\/wp-content\/uploads\/2024\/11\/arbol-caido-4.png\" \/>\n\t<meta property=\"og:image:width\" content=\"794\" \/>\n\t<meta property=\"og:image:height\" content=\"542\" \/>\n\t<meta property=\"og:image:type\" content=\"image\/png\" \/>\n<meta name=\"author\" content=\"apuntesdesanluis.com\" \/>\n<meta name=\"twitter:card\" content=\"summary_large_image\" \/>\n<meta name=\"twitter:label1\" content=\"Escrito por\" \/>\n\t<meta name=\"twitter:data1\" content=\"apuntesdesanluis.com\" \/>\n\t<meta name=\"twitter:label2\" content=\"Tiempo de lectura\" \/>\n\t<meta name=\"twitter:data2\" content=\"3 minutos\" \/>\n<script type=\"application\/ld+json\" class=\"yoast-schema-graph\">{\"@context\":\"https:\/\/schema.org\",\"@graph\":[{\"@type\":\"Article\",\"@id\":\"https:\/\/apuntesdesanluis.com\/index.php\/2024\/11\/25\/la-fuerte-tormenta-provoco-caida-de-arboles-cortes-de-luz-y-danos-en-viviendas\/#article\",\"isPartOf\":{\"@id\":\"https:\/\/apuntesdesanluis.com\/index.php\/2024\/11\/25\/la-fuerte-tormenta-provoco-caida-de-arboles-cortes-de-luz-y-danos-en-viviendas\/\"},\"author\":{\"name\":\"apuntesdesanluis.com\",\"@id\":\"https:\/\/apuntesdesanluis.com\/#\/schema\/person\/b55151d52296fcce64d1a72538a70b90\"},\"headline\":\"LA FUERTE TORMENTA PROVOC\u00d3 CAIDA DE \u00c1RBOLES, CORTES DE LUZ Y DA\u00d1OS EN VIVIENDAS\",\"datePublished\":\"2024-11-25T10:25:12+00:00\",\"dateModified\":\"2024-11-25T10:28:12+00:00\",\"mainEntityOfPage\":{\"@id\":\"https:\/\/apuntesdesanluis.com\/index.php\/2024\/11\/25\/la-fuerte-tormenta-provoco-caida-de-arboles-cortes-de-luz-y-danos-en-viviendas\/\"},\"wordCount\":234,\"publisher\":{\"@id\":\"https:\/\/apuntesdesanluis.com\/#\/schema\/person\/b55151d52296fcce64d1a72538a70b90\"},\"image\":{\"@id\":\"https:\/\/apuntesdesanluis.com\/index.php\/2024\/11\/25\/la-fuerte-tormenta-provoco-caida-de-arboles-cortes-de-luz-y-danos-en-viviendas\/#primaryimage\"},\"thumbnailUrl\":\"https:\/\/apuntesdesanluis.com\/wp-content\/uploads\/2024\/11\/arbol-caido-4.png\",\"articleSection\":[\"Ciudad\/Provincia\"],\"inLanguage\":\"es-AR\"},{\"@type\":\"WebPage\",\"@id\":\"https:\/\/apuntesdesanluis.com\/index.php\/2024\/11\/25\/la-fuerte-tormenta-provoco-caida-de-arboles-cortes-de-luz-y-danos-en-viviendas\/\",\"url\":\"https:\/\/apuntesdesanluis.com\/index.php\/2024\/11\/25\/la-fuerte-tormenta-provoco-caida-de-arboles-cortes-de-luz-y-danos-en-viviendas\/\",\"name\":\"LA FUERTE TORMENTA PROVOC\u00d3 CAIDA DE \u00c1RBOLES, CORTES DE LUZ Y DA\u00d1OS EN VIVIENDAS - Apuntes de San Luis\",\"isPartOf\":{\"@id\":\"https:\/\/apuntesdesanluis.com\/#website\"},\"primaryImageOfPage\":{\"@id\":\"https:\/\/apuntesdesanluis.com\/index.php\/2024\/11\/25\/la-fuerte-tormenta-provoco-caida-de-arboles-cortes-de-luz-y-danos-en-viviendas\/#primaryimage\"},\"image\":{\"@id\":\"https:\/\/apuntesdesanluis.com\/index.php\/2024\/11\/25\/la-fuerte-tormenta-provoco-caida-de-arboles-cortes-de-luz-y-danos-en-viviendas\/#primaryimage\"},\"thumbnailUrl\":\"https:\/\/apuntesdesanluis.com\/wp-content\/uploads\/2024\/11\/arbol-caido-4.png\",\"datePublished\":\"2024-11-25T10:25:12+00:00\",\"dateModified\":\"2024-11-25T10:28:12+00:00\",\"breadcrumb\":{\"@id\":\"https:\/\/apuntesdesanluis.com\/index.php\/2024\/11\/25\/la-fuerte-tormenta-provoco-caida-de-arboles-cortes-de-luz-y-danos-en-viviendas\/#breadcrumb\"},\"inLanguage\":\"es-AR\",\"potentialAction\":[{\"@type\":\"ReadAction\",\"target\":[\"https:\/\/apuntesdesanluis.com\/index.php\/2024\/11\/25\/la-fuerte-tormenta-provoco-caida-de-arboles-cortes-de-luz-y-danos-en-viviendas\/\"]}]},{\"@type\":\"ImageObject\",\"inLanguage\":\"es-AR\",\"@id\":\"https:\/\/apuntesdesanluis.com\/index.php\/2024\/11\/25\/la-fuerte-tormenta-provoco-caida-de-arboles-cortes-de-luz-y-danos-en-viviendas\/#primaryimage\",\"url\":\"https:\/\/apuntesdesanluis.com\/wp-content\/uploads\/2024\/11\/arbol-caido-4.png\",\"contentUrl\":\"https:\/\/apuntesdesanluis.com\/wp-content\/uploads\/2024\/11\/arbol-caido-4.png\",\"width\":794,\"height\":542},{\"@type\":\"BreadcrumbList\",\"@id\":\"https:\/\/apuntesdesanluis.com\/index.php\/2024\/11\/25\/la-fuerte-tormenta-provoco-caida-de-arboles-cortes-de-luz-y-danos-en-viviendas\/#breadcrumb\",\"itemListElement\":[{\"@type\":\"ListItem\",\"position\":1,\"name\":\"Inicio\",\"item\":\"https:\/\/apuntesdesanluis.com\/\"},{\"@type\":\"ListItem\",\"position\":2,\"name\":\"LA FUERTE TORMENTA PROVOC\u00d3 CAIDA DE \u00c1RBOLES, CORTES DE LUZ Y DA\u00d1OS EN VIVIENDAS\"}]},{\"@type\":\"WebSite\",\"@id\":\"https:\/\/apuntesdesanluis.com\/#website\",\"url\":\"https:\/\/apuntesdesanluis.com\/\",\"name\":\"Apuntes de San Luis\",\"description\":\"\",\"publisher\":{\"@id\":\"https:\/\/apuntesdesanluis.com\/#\/schema\/person\/b55151d52296fcce64d1a72538a70b90\"},\"potentialAction\":[{\"@type\":\"SearchAction\",\"target\":{\"@type\":\"EntryPoint\",\"urlTemplate\":\"https:\/\/apuntesdesanluis.com\/?s={search_term_string}\"},\"query-input\":{\"@type\":\"PropertyValueSpecification\",\"valueRequired\":true,\"valueName\":\"search_term_string\"}}],\"inLanguage\":\"es-AR\"},{\"@type\":[\"Person\",\"Organization\"],\"@id\":\"https:\/\/apuntesdesanluis.com\/#\/schema\/person\/b55151d52296fcce64d1a72538a70b90\",\"name\":\"apuntesdesanluis.com\",\"image\":{\"@type\":\"ImageObject\",\"inLanguage\":\"es-AR\",\"@id\":\"https:\/\/apuntesdesanluis.com\/#\/schema\/person\/image\/\",\"url\":\"https:\/\/apuntesdesanluis.com\/wp-content\/uploads\/2023\/07\/cropped-apuntesdesanluis.png\",\"contentUrl\":\"https:\/\/apuntesdesanluis.com\/wp-content\/uploads\/2023\/07\/cropped-apuntesdesanluis.png\",\"width\":450,\"height\":112,\"caption\":\"apuntesdesanluis.com\"},\"logo\":{\"@id\":\"https:\/\/apuntesdesanluis.com\/#\/schema\/person\/image\/\"},\"sameAs\":[\"https:\/\/apuntesdesanluis.com\"],\"url\":\"https:\/\/apuntesdesanluis.com\/index.php\/author\/apuntesdesanluis-com\/\"}]}<\/script>\n<!-- \/ Yoast SEO plugin. -->","yoast_head_json":{"title":"LA FUERTE TORMENTA PROVOC\u00d3 CAIDA DE \u00c1RBOLES, CORTES DE LUZ Y DA\u00d1OS EN VIVIENDAS - Apuntes de San Luis","robots":{"index":"index","follow":"follow","max-snippet":"max-snippet:-1","max-image-preview":"max-image-preview:large","max-video-preview":"max-video-preview:-1"},"canonical":"https:\/\/apuntesdesanluis.com\/index.php\/2024\/11\/25\/la-fuerte-tormenta-provoco-caida-de-arboles-cortes-de-luz-y-danos-en-viviendas\/","og_locale":"es_ES","og_type":"article","og_title":"LA FUERTE TORMENTA PROVOC\u00d3 CAIDA DE \u00c1RBOLES, CORTES DE LUZ Y DA\u00d1OS EN VIVIENDAS - Apuntes de San Luis","og_description":"Algunos sectores de la ciudad de Villa Mercedes sufrieron en la tarde del domingo las...","og_url":"https:\/\/apuntesdesanluis.com\/index.php\/2024\/11\/25\/la-fuerte-tormenta-provoco-caida-de-arboles-cortes-de-luz-y-danos-en-viviendas\/","og_site_name":"Apuntes de San Luis","article_published_time":"2024-11-25T10:25:12+00:00","article_modified_time":"2024-11-25T10:28:12+00:00","og_image":[{"width":794,"height":542,"url":"https:\/\/apuntesdesanluis.com\/wp-content\/uploads\/2024\/11\/arbol-caido-4.png","type":"image\/png"}],"author":"apuntesdesanluis.com","twitter_card":"summary_large_image","twitter_misc":{"Escrito por":"apuntesdesanluis.com","Tiempo de lectura":"3 minutos"},"schema":{"@context":"https:\/\/schema.org","@graph":[{"@type":"Article","@id":"https:\/\/apuntesdesanluis.com\/index.php\/2024\/11\/25\/la-fuerte-tormenta-provoco-caida-de-arboles-cortes-de-luz-y-danos-en-viviendas\/#article","isPartOf":{"@id":"https:\/\/apuntesdesanluis.com\/index.php\/2024\/11\/25\/la-fuerte-tormenta-provoco-caida-de-arboles-cortes-de-luz-y-danos-en-viviendas\/"},"author":{"name":"apuntesdesanluis.com","@id":"https:\/\/apuntesdesanluis.com\/#\/schema\/person\/b55151d52296fcce64d1a72538a70b90"},"headline":"LA FUERTE TORMENTA PROVOC\u00d3 CAIDA DE \u00c1RBOLES, CORTES DE LUZ Y DA\u00d1OS EN VIVIENDAS","datePublished":"2024-11-25T10:25:12+00:00","dateModified":"2024-11-25T10:28:12+00:00","mainEntityOfPage":{"@id":"https:\/\/apuntesdesanluis.com\/index.php\/2024\/11\/25\/la-fuerte-tormenta-provoco-caida-de-arboles-cortes-de-luz-y-danos-en-viviendas\/"},"wordCount":234,"publisher":{"@id":"https:\/\/apuntesdesanluis.com\/#\/schema\/person\/b55151d52296fcce64d1a72538a70b90"},"image":{"@id":"https:\/\/apuntesdesanluis.com\/index.php\/2024\/11\/25\/la-fuerte-tormenta-provoco-caida-de-arboles-cortes-de-luz-y-danos-en-viviendas\/#primaryimage"},"thumbnailUrl":"https:\/\/apuntesdesanluis.com\/wp-content\/uploads\/2024\/11\/arbol-caido-4.png","articleSection":["Ciudad\/Provincia"],"inLanguage":"es-AR"},{"@type":"WebPage","@id":"https:\/\/apuntesdesanluis.com\/index.php\/2024\/11\/25\/la-fuerte-tormenta-provoco-caida-de-arboles-cortes-de-luz-y-danos-en-viviendas\/","url":"https:\/\/apuntesdesanluis.com\/index.php\/2024\/11\/25\/la-fuerte-tormenta-provoco-caida-de-arboles-cortes-de-luz-y-danos-en-viviendas\/","name":"LA FUERTE TORMENTA PROVOC\u00d3 CAIDA DE \u00c1RBOLES, CORTES DE LUZ Y DA\u00d1OS EN VIVIENDAS - Apuntes de San Luis","isPartOf":{"@id":"https:\/\/apuntesdesanluis.com\/#website"},"primaryImageOfPage":{"@id":"https:\/\/apuntesdesanluis.com\/index.php\/2024\/11\/25\/la-fuerte-tormenta-provoco-caida-de-arboles-cortes-de-luz-y-danos-en-viviendas\/#primaryimage"},"image":{"@id":"https:\/\/apuntesdesanluis.com\/index.php\/2024\/11\/25\/la-fuerte-tormenta-provoco-caida-de-arboles-cortes-de-luz-y-danos-en-viviendas\/#primaryimage"},"thumbnailUrl":"https:\/\/apuntesdesanluis.com\/wp-content\/uploads\/2024\/11\/arbol-caido-4.png","datePublished":"2024-11-25T10:25:12+00:00","dateModified":"2024-11-25T10:28:12+00:00","breadcrumb":{"@id":"https:\/\/apuntesdesanluis.com\/index.php\/2024\/11\/25\/la-fuerte-tormenta-provoco-caida-de-arboles-cortes-de-luz-y-danos-en-viviendas\/#breadcrumb"},"inLanguage":"es-AR","potentialAction":[{"@type":"ReadAction","target":["https:\/\/apuntesdesanluis.com\/index.php\/2024\/11\/25\/la-fuerte-tormenta-provoco-caida-de-arboles-cortes-de-luz-y-danos-en-viviendas\/"]}]},{"@type":"ImageObject","inLanguage":"es-AR","@id":"https:\/\/apuntesdesanluis.com\/index.php\/2024\/11\/25\/la-fuerte-tormenta-provoco-caida-de-arboles-cortes-de-luz-y-danos-en-viviendas\/#primaryimage","url":"https:\/\/apuntesdesanluis.com\/wp-content\/uploads\/2024\/11\/arbol-caido-4.png","contentUrl":"https:\/\/apuntesdesanluis.com\/wp-content\/uploads\/2024\/11\/arbol-caido-4.png","width":794,"height":542},{"@type":"BreadcrumbList","@id":"https:\/\/apuntesdesanluis.com\/index.php\/2024\/11\/25\/la-fuerte-tormenta-provoco-caida-de-arboles-cortes-de-luz-y-danos-en-viviendas\/#breadcrumb","itemListElement":[{"@type":"ListItem","position":1,"name":"Inicio","item":"https:\/\/apuntesdesanluis.com\/"},{"@type":"ListItem","position":2,"name":"LA FUERTE TORMENTA PROVOC\u00d3 CAIDA DE \u00c1RBOLES, CORTES DE LUZ Y DA\u00d1OS EN VIVIENDAS"}]},{"@type":"WebSite","@id":"https:\/\/apuntesdesanluis.com\/#website","url":"https:\/\/apuntesdesanluis.com\/","name":"Apuntes de San Luis","description":"","publisher":{"@id":"https:\/\/apuntesdesanluis.com\/#\/schema\/person\/b55151d52296fcce64d1a72538a70b90"},"potentialAction":[{"@type":"SearchAction","target":{"@type":"EntryPoint","urlTemplate":"https:\/\/apuntesdesanluis.com\/?s={search_term_string}"},"query-input":{"@type":"PropertyValueSpecification","valueRequired":true,"valueName":"search_term_string"}}],"inLanguage":"es-AR"},{"@type":["Person","Organization"],"@id":"https:\/\/apuntesdesanluis.com\/#\/schema\/person\/b55151d52296fcce64d1a72538a70b90","name":"apuntesdesanluis.com","image":{"@type":"ImageObject","inLanguage":"es-AR","@id":"https:\/\/apuntesdesanluis.com\/#\/schema\/person\/image\/","url":"https:\/\/apuntesdesanluis.com\/wp-content\/uploads\/2023\/07\/cropped-apuntesdesanluis.png","contentUrl":"https:\/\/apuntesdesanluis.com\/wp-content\/uploads\/2023\/07\/cropped-apuntesdesanluis.png","width":450,"height":112,"caption":"apuntesdesanluis.com"},"logo":{"@id":"https:\/\/apuntesdesanluis.com\/#\/schema\/person\/image\/"},"sameAs":["https:\/\/apuntesdesanluis.com"],"url":"https:\/\/apuntesdesanluis.com\/index.php\/author\/apuntesdesanluis-com\/"}]}},"featured_image_urls":{"full":["https:\/\/apuntesdesanluis.com\/wp-content\/uploads\/2024\/11\/arbol-caido-4.png",794,542,false],"thumbnail":["https:\/\/apuntesdesanluis.com\/wp-content\/uploads\/2024\/11\/arbol-caido-4-150x150.png",150,150,true],"medium":["https:\/\/apuntesdesanluis.com\/wp-content\/uploads\/2024\/11\/arbol-caido-4-300x205.png",300,205,true],"medium_large":["https:\/\/apuntesdesanluis.com\/wp-content\/uploads\/2024\/11\/arbol-caido-4-768x524.png",640,437,true],"large":["https:\/\/apuntesdesanluis.com\/wp-content\/uploads\/2024\/11\/arbol-caido-4.png",640,437,false],"1536x1536":["https:\/\/apuntesdesanluis.com\/wp-content\/uploads\/2024\/11\/arbol-caido-4.png",794,542,false],"2048x2048":["https:\/\/apuntesdesanluis.com\/wp-content\/uploads\/2024\/11\/arbol-caido-4.png",794,542,false],"newsever-slider-full":["https:\/\/apuntesdesanluis.com\/wp-content\/uploads\/2024\/11\/arbol-caido-4.png",794,542,false],"newsever-featured":["https:\/\/apuntesdesanluis.com\/wp-content\/uploads\/2024\/11\/arbol-caido-4.png",794,542,false],"newsever-medium":["https:\/\/apuntesdesanluis.com\/wp-content\/uploads\/2024\/11\/arbol-caido-4-720x475.png",720,475,true]},"author_info":{"display_name":"apuntesdesanluis.com","author_link":"https:\/\/apuntesdesanluis.com\/index.php\/author\/apuntesdesanluis-com\/"},"category_info":"<a href=\"https:\/\/apuntesdesanluis.com\/index.php\/category\/ciudad-provincia\/\" rel=\"category tag\">Ciudad\/Provincia<\/a>","tag_info":"Ciudad\/Provincia","comment_count":"0","_links":{"self":[{"href":"https:\/\/apuntesdesanluis.com\/index.php\/wp-json\/wp\/v2\/posts\/25729","targetHints":{"allow":["GET"]}}],"collection":[{"href":"https:\/\/apuntesdesanluis.com\/index.php\/wp-json\/wp\/v2\/posts"}],"about":[{"href":"https:\/\/apuntesdesanluis.com\/index.php\/wp-json\/wp\/v2\/types\/post"}],"author":[{"embeddable":true,"href":"https:\/\/apuntesdesanluis.com\/index.php\/wp-json\/wp\/v2\/users\/1"}],"replies":[{"embeddable":true,"href":"https:\/\/apuntesdesanluis.com\/index.php\/wp-json\/wp\/v2\/comments?post=25729"}],"version-history":[{"count":3,"href":"https:\/\/apuntesdesanluis.com\/index.php\/wp-json\/wp\/v2\/posts\/25729\/revisions"}],"predecessor-version":[{"id":25741,"href":"https:\/\/apuntesdesanluis.com\/index.php\/wp-json\/wp\/v2\/posts\/25729\/revisions\/25741"}],"wp:featuredmedia":[{"embeddable":true,"href":"https:\/\/apuntesdesanluis.com\/index.php\/wp-json\/wp\/v2\/media\/25730"}],"wp:attachment":[{"href":"https:\/\/apuntesdesanluis.com\/index.php\/wp-json\/wp\/v2\/media?parent=25729"}],"wp:term":[{"taxonomy":"category","embeddable":true,"href":"https:\/\/apuntesdesanluis.com\/index.php\/wp-json\/wp\/v2\/categories?post=25729"},{"taxonomy":"post_tag","embeddable":true,"href":"https:\/\/apuntesdesanluis.com\/index.php\/wp-json\/wp\/v2\/tags?post=25729"}],"curies":[{"name":"wp","href":"https:\/\/api.w.org\/{rel}","templated":true}]}}