{"id":25742,"date":"2024-11-25T14:32:01","date_gmt":"2024-11-25T17:32:01","guid":{"rendered":"https:\/\/apuntesdesanluis.com\/?p=25742"},"modified":"2024-11-25T14:37:05","modified_gmt":"2024-11-25T17:37:05","slug":"el-ex-director-del-molino-fenix-se-retracto-y-dice-sentirse-amenazado-por-beltran","status":"publish","type":"post","link":"https:\/\/apuntesdesanluis.com\/index.php\/2024\/11\/25\/el-ex-director-del-molino-fenix-se-retracto-y-dice-sentirse-amenazado-por-beltran\/","title":{"rendered":"EL EX DIRECTOR DEL MOLINO F\u00c9NIX SE RETRACT\u00d3 Y DICE SENTIRSE AMENAZADO POR BELTR\u00c1N"},"content":{"rendered":"<h3><strong>Pablo Fernando Gonz\u00e1lez<\/strong>, quien recientemente renunciara al Complejo Molinos F\u00e9nix, hizo llegar a <strong>Apuntes de San Luis<\/strong> un descargo, en el que ratifica su denuncia por irregularidades de la anterior gesti\u00f3n y rese\u00f1a las circunstancias en que fue grabado por el diputado <strong>Joaqu\u00edn Beltr\u00e1n<\/strong>, quien lo abord\u00f3 en la calle, \u201ccon una actitud sumamente intimidante\u201d.<\/h3>\n<h3>Asimismo, se retracta de los conceptos vertidos sobre las personas que menciona, las cuales no representan sus \u201cconvicciones ni lo que piensa\u201d, y que fueron dichos \u201cen un intento por calmar la tensi\u00f3n y evitar una escalada\u201d.<\/h3>\n<h3>El descargo textual es el siguiente:<\/h3>\n<h3>\u201dA ra\u00edz de los hechos de p\u00fablico conocimiento, en los cuales se me grab\u00f3 sin mi consentimiento, deseo informar y esclarecer lo sucedido.<\/h3>\n<h3>El 5 de noviembre, aproximadamente a las 22 horas, en la intersecci\u00f3n de las calles Salta y San Mart\u00edn, mientras me encontraba estacionado esperando a mi pareja, fui abordado de manera intempestiva por el Sr. Joaqu\u00edn Beltr\u00e1n. Quien se acerc\u00f3 con una actitud sumamente intimidante, con las manos en los bolsillos, y acompa\u00f1ado por un veh\u00edculo en marcha, lo que me hizo sospechar que podr\u00eda haber otras personas involucradas.<\/h3>\n<h3>En un estado de total desconcierto y preocupaci\u00f3n por mi seguridad y la de mis seres queridos, interpret\u00e9 esta situaci\u00f3n como una amenaza directa, dada la investigaci\u00f3n en curso que lo involucra. En un intento por calmar la tensi\u00f3n y evitar una escalada, respond\u00ed de manera inexperta y expres\u00e9 lo que, en ese momento, consider\u00e9 que \u00e9l deseaba escuchar, con el objetivo de que todo terminara lo m\u00e1s r\u00e1pido posible.<\/h3>\n<h3>Lamento profundamente mis declaraciones durante este incidente, las cuales no representan mis convicciones ni lo que realmente pienso. Quiero aclarar que lo dicho en el audio no es verdad. Yo fui quien realiz\u00f3 la denuncia, y los Dres. Bazla y Oviedo colaboraron en la investigaci\u00f3n brindando su visto jur\u00eddico.<\/h3>\n<h3>Respecto al Dr. Federico Fonzar, es necesario aclarar que dej\u00f3 su cargo en el Molino pocos d\u00edas despu\u00e9s de asumir, en enero de este a\u00f1o, debido a problemas de salud de un familiar. Por este motivo, pido disculpas si se sinti\u00f3 agraviado y me retracto completamente de los dichos hacia su persona.<\/h3>\n<h3>Asimismo, ofrezco mis disculpas al intendente de la ciudad, Dr. Maximiliano Frontera, por los comentarios fuera de contexto vertidos en la grabaci\u00f3n. Me retracto plenamente de los mismos, ya que no son reales. Del mismo modo, extiendo mis disculpas al Fiscal Dr. Palacios, quien lleva adelante una investigaci\u00f3n transparente, y especialmente al Gobernador de la Provincia, retract\u00e1ndome totalmente de cualquier dicho malintencionado presente en ese audio.<\/h3>\n<h3>Es importante destacar que el encuentro con el Sr. Beltr\u00e1n fue premeditado por \u00e9l, lo cual queda evidenciado por el hecho de que me sigui\u00f3 hasta la ubicaci\u00f3n donde tuvo lugar el incidente.<\/h3>\n<h3>Estos acontecimientos me hacen sentir vulnerable, temiendo tanto por mi seguridad personal como por la de mi familia, ya que han sido meses de seguimientos constantes desde que inici\u00e9 la denuncia.<\/h3>\n<h3>Finalmente, reitero mi compromiso con la justicia. Seguir\u00e9 luchando hasta el final para que los responsables de los hechos denunciados enfrenten las consecuencias que corresponden.<\/h3>\n<h3>Agradezco a quienes han confiado en m\u00ed y les aseguro que continuar\u00e9 apoyando los valores de la verdad y la justicia\u201d.<\/h3>\n<p>&nbsp;<\/p>\n<h3><span style=\"color: #3366ff;\">NOTICIA RELACIONADA:<\/span><\/h3>\n<p><a href=\"https:\/\/apuntesdesanluis.com\/index.php\/2024\/11\/24\/causa-molino-fenix-entre-grabaciones-formulacion-de-cargos-y-desafuero\/\" target=\"_blank\" rel=\"noopener\"><img fetchpriority=\"high\" decoding=\"async\" class=\"alignnone  wp-image-25706\" src=\"https:\/\/apuntesdesanluis.com\/wp-content\/uploads\/2024\/11\/posteo-8-300x107.png\" alt=\"\" width=\"460\" height=\"164\" srcset=\"https:\/\/apuntesdesanluis.com\/wp-content\/uploads\/2024\/11\/posteo-8-300x107.png 300w, https:\/\/apuntesdesanluis.com\/wp-content\/uploads\/2024\/11\/posteo-8-1024x366.png 1024w, https:\/\/apuntesdesanluis.com\/wp-content\/uploads\/2024\/11\/posteo-8-768x274.png 768w, https:\/\/apuntesdesanluis.com\/wp-content\/uploads\/2024\/11\/posteo-8.png 1437w\" sizes=\"(max-width: 460px) 100vw, 460px\" \/><\/a><\/p>\n<p>&nbsp;<\/p>\n<p>&nbsp;<\/p>\n<p>&nbsp;<\/p>\n<p>&nbsp;<\/p>\n<p>&nbsp;<\/p>\n<p>&nbsp;<\/p>\n<p>&nbsp;<\/p>\n<p>&nbsp;<\/p>\n<p>&nbsp;<\/p>\n","protected":false},"excerpt":{"rendered":"<p>Pablo Fernando Gonz\u00e1lez, quien recientemente renunciara al Complejo Molinos F\u00e9nix, hizo llegar a Apuntes de&#8230;<\/p>\n","protected":false},"author":1,"featured_media":25743,"comment_status":"closed","ping_status":"closed","sticky":false,"template":"","format":"standard","meta":{"footnotes":""},"categories":[6],"tags":[],"class_list":["post-25742","post","type-post","status-publish","format-standard","has-post-thumbnail","hentry","category-ciudad-provincia"],"yoast_head":"<!-- This site is optimized with the Yoast SEO plugin v26.1.1 - https:\/\/yoast.com\/wordpress\/plugins\/seo\/ -->\n<title>EL EX DIRECTOR DEL MOLINO F\u00c9NIX SE RETRACT\u00d3 Y DICE SENTIRSE AMENAZADO POR BELTR\u00c1N - Apuntes de San Luis<\/title>\n<meta name=\"robots\" content=\"index, follow, max-snippet:-1, max-image-preview:large, max-video-preview:-1\" \/>\n<link rel=\"canonical\" href=\"https:\/\/apuntesdesanluis.com\/index.php\/2024\/11\/25\/el-ex-director-del-molino-fenix-se-retracto-y-dice-sentirse-amenazado-por-beltran\/\" \/>\n<meta property=\"og:locale\" content=\"es_ES\" \/>\n<meta property=\"og:type\" content=\"article\" \/>\n<meta property=\"og:title\" content=\"EL EX DIRECTOR DEL MOLINO F\u00c9NIX SE RETRACT\u00d3 Y DICE SENTIRSE AMENAZADO POR BELTR\u00c1N - Apuntes de San Luis\" \/>\n<meta property=\"og:description\" content=\"Pablo Fernando Gonz\u00e1lez, quien recientemente renunciara al Complejo Molinos F\u00e9nix, hizo llegar a Apuntes de...\" \/>\n<meta property=\"og:url\" content=\"https:\/\/apuntesdesanluis.com\/index.php\/2024\/11\/25\/el-ex-director-del-molino-fenix-se-retracto-y-dice-sentirse-amenazado-por-beltran\/\" \/>\n<meta property=\"og:site_name\" content=\"Apuntes de San Luis\" \/>\n<meta property=\"article:published_time\" content=\"2024-11-25T17:32:01+00:00\" \/>\n<meta property=\"article:modified_time\" content=\"2024-11-25T17:37:05+00:00\" \/>\n<meta property=\"og:image\" content=\"https:\/\/apuntesdesanluis.com\/wp-content\/uploads\/2024\/11\/COMPLEJO.png\" \/>\n\t<meta property=\"og:image:width\" content=\"661\" \/>\n\t<meta property=\"og:image:height\" content=\"437\" \/>\n\t<meta property=\"og:image:type\" content=\"image\/png\" \/>\n<meta name=\"author\" content=\"apuntesdesanluis.com\" \/>\n<meta name=\"twitter:card\" content=\"summary_large_image\" \/>\n<meta name=\"twitter:label1\" content=\"Escrito por\" \/>\n\t<meta name=\"twitter:data1\" content=\"apuntesdesanluis.com\" \/>\n\t<meta name=\"twitter:label2\" content=\"Tiempo de lectura\" \/>\n\t<meta name=\"twitter:data2\" content=\"3 minutos\" \/>\n<script type=\"application\/ld+json\" class=\"yoast-schema-graph\">{\"@context\":\"https:\/\/schema.org\",\"@graph\":[{\"@type\":\"Article\",\"@id\":\"https:\/\/apuntesdesanluis.com\/index.php\/2024\/11\/25\/el-ex-director-del-molino-fenix-se-retracto-y-dice-sentirse-amenazado-por-beltran\/#article\",\"isPartOf\":{\"@id\":\"https:\/\/apuntesdesanluis.com\/index.php\/2024\/11\/25\/el-ex-director-del-molino-fenix-se-retracto-y-dice-sentirse-amenazado-por-beltran\/\"},\"author\":{\"name\":\"apuntesdesanluis.com\",\"@id\":\"https:\/\/apuntesdesanluis.com\/#\/schema\/person\/b55151d52296fcce64d1a72538a70b90\"},\"headline\":\"EL EX DIRECTOR DEL MOLINO F\u00c9NIX SE RETRACT\u00d3 Y DICE SENTIRSE AMENAZADO POR BELTR\u00c1N\",\"datePublished\":\"2024-11-25T17:32:01+00:00\",\"dateModified\":\"2024-11-25T17:37:05+00:00\",\"mainEntityOfPage\":{\"@id\":\"https:\/\/apuntesdesanluis.com\/index.php\/2024\/11\/25\/el-ex-director-del-molino-fenix-se-retracto-y-dice-sentirse-amenazado-por-beltran\/\"},\"wordCount\":595,\"publisher\":{\"@id\":\"https:\/\/apuntesdesanluis.com\/#\/schema\/person\/b55151d52296fcce64d1a72538a70b90\"},\"image\":{\"@id\":\"https:\/\/apuntesdesanluis.com\/index.php\/2024\/11\/25\/el-ex-director-del-molino-fenix-se-retracto-y-dice-sentirse-amenazado-por-beltran\/#primaryimage\"},\"thumbnailUrl\":\"https:\/\/apuntesdesanluis.com\/wp-content\/uploads\/2024\/11\/COMPLEJO.png\",\"articleSection\":[\"Ciudad\/Provincia\"],\"inLanguage\":\"es-AR\"},{\"@type\":\"WebPage\",\"@id\":\"https:\/\/apuntesdesanluis.com\/index.php\/2024\/11\/25\/el-ex-director-del-molino-fenix-se-retracto-y-dice-sentirse-amenazado-por-beltran\/\",\"url\":\"https:\/\/apuntesdesanluis.com\/index.php\/2024\/11\/25\/el-ex-director-del-molino-fenix-se-retracto-y-dice-sentirse-amenazado-por-beltran\/\",\"name\":\"EL EX DIRECTOR DEL MOLINO F\u00c9NIX SE RETRACT\u00d3 Y DICE SENTIRSE AMENAZADO POR BELTR\u00c1N - Apuntes de San Luis\",\"isPartOf\":{\"@id\":\"https:\/\/apuntesdesanluis.com\/#website\"},\"primaryImageOfPage\":{\"@id\":\"https:\/\/apuntesdesanluis.com\/index.php\/2024\/11\/25\/el-ex-director-del-molino-fenix-se-retracto-y-dice-sentirse-amenazado-por-beltran\/#primaryimage\"},\"image\":{\"@id\":\"https:\/\/apuntesdesanluis.com\/index.php\/2024\/11\/25\/el-ex-director-del-molino-fenix-se-retracto-y-dice-sentirse-amenazado-por-beltran\/#primaryimage\"},\"thumbnailUrl\":\"https:\/\/apuntesdesanluis.com\/wp-content\/uploads\/2024\/11\/COMPLEJO.png\",\"datePublished\":\"2024-11-25T17:32:01+00:00\",\"dateModified\":\"2024-11-25T17:37:05+00:00\",\"breadcrumb\":{\"@id\":\"https:\/\/apuntesdesanluis.com\/index.php\/2024\/11\/25\/el-ex-director-del-molino-fenix-se-retracto-y-dice-sentirse-amenazado-por-beltran\/#breadcrumb\"},\"inLanguage\":\"es-AR\",\"potentialAction\":[{\"@type\":\"ReadAction\",\"target\":[\"https:\/\/apuntesdesanluis.com\/index.php\/2024\/11\/25\/el-ex-director-del-molino-fenix-se-retracto-y-dice-sentirse-amenazado-por-beltran\/\"]}]},{\"@type\":\"ImageObject\",\"inLanguage\":\"es-AR\",\"@id\":\"https:\/\/apuntesdesanluis.com\/index.php\/2024\/11\/25\/el-ex-director-del-molino-fenix-se-retracto-y-dice-sentirse-amenazado-por-beltran\/#primaryimage\",\"url\":\"https:\/\/apuntesdesanluis.com\/wp-content\/uploads\/2024\/11\/COMPLEJO.png\",\"contentUrl\":\"https:\/\/apuntesdesanluis.com\/wp-content\/uploads\/2024\/11\/COMPLEJO.png\",\"width\":661,\"height\":437},{\"@type\":\"BreadcrumbList\",\"@id\":\"https:\/\/apuntesdesanluis.com\/index.php\/2024\/11\/25\/el-ex-director-del-molino-fenix-se-retracto-y-dice-sentirse-amenazado-por-beltran\/#breadcrumb\",\"itemListElement\":[{\"@type\":\"ListItem\",\"position\":1,\"name\":\"Inicio\",\"item\":\"https:\/\/apuntesdesanluis.com\/\"},{\"@type\":\"ListItem\",\"position\":2,\"name\":\"EL EX DIRECTOR DEL MOLINO F\u00c9NIX SE RETRACT\u00d3 Y DICE SENTIRSE AMENAZADO POR BELTR\u00c1N\"}]},{\"@type\":\"WebSite\",\"@id\":\"https:\/\/apuntesdesanluis.com\/#website\",\"url\":\"https:\/\/apuntesdesanluis.com\/\",\"name\":\"Apuntes de San Luis\",\"description\":\"\",\"publisher\":{\"@id\":\"https:\/\/apuntesdesanluis.com\/#\/schema\/person\/b55151d52296fcce64d1a72538a70b90\"},\"potentialAction\":[{\"@type\":\"SearchAction\",\"target\":{\"@type\":\"EntryPoint\",\"urlTemplate\":\"https:\/\/apuntesdesanluis.com\/?s={search_term_string}\"},\"query-input\":{\"@type\":\"PropertyValueSpecification\",\"valueRequired\":true,\"valueName\":\"search_term_string\"}}],\"inLanguage\":\"es-AR\"},{\"@type\":[\"Person\",\"Organization\"],\"@id\":\"https:\/\/apuntesdesanluis.com\/#\/schema\/person\/b55151d52296fcce64d1a72538a70b90\",\"name\":\"apuntesdesanluis.com\",\"image\":{\"@type\":\"ImageObject\",\"inLanguage\":\"es-AR\",\"@id\":\"https:\/\/apuntesdesanluis.com\/#\/schema\/person\/image\/\",\"url\":\"https:\/\/apuntesdesanluis.com\/wp-content\/uploads\/2023\/07\/cropped-apuntesdesanluis.png\",\"contentUrl\":\"https:\/\/apuntesdesanluis.com\/wp-content\/uploads\/2023\/07\/cropped-apuntesdesanluis.png\",\"width\":450,\"height\":112,\"caption\":\"apuntesdesanluis.com\"},\"logo\":{\"@id\":\"https:\/\/apuntesdesanluis.com\/#\/schema\/person\/image\/\"},\"sameAs\":[\"https:\/\/apuntesdesanluis.com\"],\"url\":\"https:\/\/apuntesdesanluis.com\/index.php\/author\/apuntesdesanluis-com\/\"}]}<\/script>\n<!-- \/ Yoast SEO plugin. -->","yoast_head_json":{"title":"EL EX DIRECTOR DEL MOLINO F\u00c9NIX SE RETRACT\u00d3 Y DICE SENTIRSE AMENAZADO POR BELTR\u00c1N - Apuntes de San Luis","robots":{"index":"index","follow":"follow","max-snippet":"max-snippet:-1","max-image-preview":"max-image-preview:large","max-video-preview":"max-video-preview:-1"},"canonical":"https:\/\/apuntesdesanluis.com\/index.php\/2024\/11\/25\/el-ex-director-del-molino-fenix-se-retracto-y-dice-sentirse-amenazado-por-beltran\/","og_locale":"es_ES","og_type":"article","og_title":"EL EX DIRECTOR DEL MOLINO F\u00c9NIX SE RETRACT\u00d3 Y DICE SENTIRSE AMENAZADO POR BELTR\u00c1N - Apuntes de San Luis","og_description":"Pablo Fernando Gonz\u00e1lez, quien recientemente renunciara al Complejo Molinos F\u00e9nix, hizo llegar a Apuntes de...","og_url":"https:\/\/apuntesdesanluis.com\/index.php\/2024\/11\/25\/el-ex-director-del-molino-fenix-se-retracto-y-dice-sentirse-amenazado-por-beltran\/","og_site_name":"Apuntes de San Luis","article_published_time":"2024-11-25T17:32:01+00:00","article_modified_time":"2024-11-25T17:37:05+00:00","og_image":[{"width":661,"height":437,"url":"https:\/\/apuntesdesanluis.com\/wp-content\/uploads\/2024\/11\/COMPLEJO.png","type":"image\/png"}],"author":"apuntesdesanluis.com","twitter_card":"summary_large_image","twitter_misc":{"Escrito por":"apuntesdesanluis.com","Tiempo de lectura":"3 minutos"},"schema":{"@context":"https:\/\/schema.org","@graph":[{"@type":"Article","@id":"https:\/\/apuntesdesanluis.com\/index.php\/2024\/11\/25\/el-ex-director-del-molino-fenix-se-retracto-y-dice-sentirse-amenazado-por-beltran\/#article","isPartOf":{"@id":"https:\/\/apuntesdesanluis.com\/index.php\/2024\/11\/25\/el-ex-director-del-molino-fenix-se-retracto-y-dice-sentirse-amenazado-por-beltran\/"},"author":{"name":"apuntesdesanluis.com","@id":"https:\/\/apuntesdesanluis.com\/#\/schema\/person\/b55151d52296fcce64d1a72538a70b90"},"headline":"EL EX DIRECTOR DEL MOLINO F\u00c9NIX SE RETRACT\u00d3 Y DICE SENTIRSE AMENAZADO POR BELTR\u00c1N","datePublished":"2024-11-25T17:32:01+00:00","dateModified":"2024-11-25T17:37:05+00:00","mainEntityOfPage":{"@id":"https:\/\/apuntesdesanluis.com\/index.php\/2024\/11\/25\/el-ex-director-del-molino-fenix-se-retracto-y-dice-sentirse-amenazado-por-beltran\/"},"wordCount":595,"publisher":{"@id":"https:\/\/apuntesdesanluis.com\/#\/schema\/person\/b55151d52296fcce64d1a72538a70b90"},"image":{"@id":"https:\/\/apuntesdesanluis.com\/index.php\/2024\/11\/25\/el-ex-director-del-molino-fenix-se-retracto-y-dice-sentirse-amenazado-por-beltran\/#primaryimage"},"thumbnailUrl":"https:\/\/apuntesdesanluis.com\/wp-content\/uploads\/2024\/11\/COMPLEJO.png","articleSection":["Ciudad\/Provincia"],"inLanguage":"es-AR"},{"@type":"WebPage","@id":"https:\/\/apuntesdesanluis.com\/index.php\/2024\/11\/25\/el-ex-director-del-molino-fenix-se-retracto-y-dice-sentirse-amenazado-por-beltran\/","url":"https:\/\/apuntesdesanluis.com\/index.php\/2024\/11\/25\/el-ex-director-del-molino-fenix-se-retracto-y-dice-sentirse-amenazado-por-beltran\/","name":"EL EX DIRECTOR DEL MOLINO F\u00c9NIX SE RETRACT\u00d3 Y DICE SENTIRSE AMENAZADO POR BELTR\u00c1N - Apuntes de San Luis","isPartOf":{"@id":"https:\/\/apuntesdesanluis.com\/#website"},"primaryImageOfPage":{"@id":"https:\/\/apuntesdesanluis.com\/index.php\/2024\/11\/25\/el-ex-director-del-molino-fenix-se-retracto-y-dice-sentirse-amenazado-por-beltran\/#primaryimage"},"image":{"@id":"https:\/\/apuntesdesanluis.com\/index.php\/2024\/11\/25\/el-ex-director-del-molino-fenix-se-retracto-y-dice-sentirse-amenazado-por-beltran\/#primaryimage"},"thumbnailUrl":"https:\/\/apuntesdesanluis.com\/wp-content\/uploads\/2024\/11\/COMPLEJO.png","datePublished":"2024-11-25T17:32:01+00:00","dateModified":"2024-11-25T17:37:05+00:00","breadcrumb":{"@id":"https:\/\/apuntesdesanluis.com\/index.php\/2024\/11\/25\/el-ex-director-del-molino-fenix-se-retracto-y-dice-sentirse-amenazado-por-beltran\/#breadcrumb"},"inLanguage":"es-AR","potentialAction":[{"@type":"ReadAction","target":["https:\/\/apuntesdesanluis.com\/index.php\/2024\/11\/25\/el-ex-director-del-molino-fenix-se-retracto-y-dice-sentirse-amenazado-por-beltran\/"]}]},{"@type":"ImageObject","inLanguage":"es-AR","@id":"https:\/\/apuntesdesanluis.com\/index.php\/2024\/11\/25\/el-ex-director-del-molino-fenix-se-retracto-y-dice-sentirse-amenazado-por-beltran\/#primaryimage","url":"https:\/\/apuntesdesanluis.com\/wp-content\/uploads\/2024\/11\/COMPLEJO.png","contentUrl":"https:\/\/apuntesdesanluis.com\/wp-content\/uploads\/2024\/11\/COMPLEJO.png","width":661,"height":437},{"@type":"BreadcrumbList","@id":"https:\/\/apuntesdesanluis.com\/index.php\/2024\/11\/25\/el-ex-director-del-molino-fenix-se-retracto-y-dice-sentirse-amenazado-por-beltran\/#breadcrumb","itemListElement":[{"@type":"ListItem","position":1,"name":"Inicio","item":"https:\/\/apuntesdesanluis.com\/"},{"@type":"ListItem","position":2,"name":"EL EX DIRECTOR DEL MOLINO F\u00c9NIX SE RETRACT\u00d3 Y DICE SENTIRSE AMENAZADO POR BELTR\u00c1N"}]},{"@type":"WebSite","@id":"https:\/\/apuntesdesanluis.com\/#website","url":"https:\/\/apuntesdesanluis.com\/","name":"Apuntes de San Luis","description":"","publisher":{"@id":"https:\/\/apuntesdesanluis.com\/#\/schema\/person\/b55151d52296fcce64d1a72538a70b90"},"potentialAction":[{"@type":"SearchAction","target":{"@type":"EntryPoint","urlTemplate":"https:\/\/apuntesdesanluis.com\/?s={search_term_string}"},"query-input":{"@type":"PropertyValueSpecification","valueRequired":true,"valueName":"search_term_string"}}],"inLanguage":"es-AR"},{"@type":["Person","Organization"],"@id":"https:\/\/apuntesdesanluis.com\/#\/schema\/person\/b55151d52296fcce64d1a72538a70b90","name":"apuntesdesanluis.com","image":{"@type":"ImageObject","inLanguage":"es-AR","@id":"https:\/\/apuntesdesanluis.com\/#\/schema\/person\/image\/","url":"https:\/\/apuntesdesanluis.com\/wp-content\/uploads\/2023\/07\/cropped-apuntesdesanluis.png","contentUrl":"https:\/\/apuntesdesanluis.com\/wp-content\/uploads\/2023\/07\/cropped-apuntesdesanluis.png","width":450,"height":112,"caption":"apuntesdesanluis.com"},"logo":{"@id":"https:\/\/apuntesdesanluis.com\/#\/schema\/person\/image\/"},"sameAs":["https:\/\/apuntesdesanluis.com"],"url":"https:\/\/apuntesdesanluis.com\/index.php\/author\/apuntesdesanluis-com\/"}]}},"featured_image_urls":{"full":["https:\/\/apuntesdesanluis.com\/wp-content\/uploads\/2024\/11\/COMPLEJO.png",661,437,false],"thumbnail":["https:\/\/apuntesdesanluis.com\/wp-content\/uploads\/2024\/11\/COMPLEJO-150x150.png",150,150,true],"medium":["https:\/\/apuntesdesanluis.com\/wp-content\/uploads\/2024\/11\/COMPLEJO-300x198.png",300,198,true],"medium_large":["https:\/\/apuntesdesanluis.com\/wp-content\/uploads\/2024\/11\/COMPLEJO.png",640,423,false],"large":["https:\/\/apuntesdesanluis.com\/wp-content\/uploads\/2024\/11\/COMPLEJO.png",640,423,false],"1536x1536":["https:\/\/apuntesdesanluis.com\/wp-content\/uploads\/2024\/11\/COMPLEJO.png",661,437,false],"2048x2048":["https:\/\/apuntesdesanluis.com\/wp-content\/uploads\/2024\/11\/COMPLEJO.png",661,437,false],"newsever-slider-full":["https:\/\/apuntesdesanluis.com\/wp-content\/uploads\/2024\/11\/COMPLEJO.png",661,437,false],"newsever-featured":["https:\/\/apuntesdesanluis.com\/wp-content\/uploads\/2024\/11\/COMPLEJO.png",661,437,false],"newsever-medium":["https:\/\/apuntesdesanluis.com\/wp-content\/uploads\/2024\/11\/COMPLEJO.png",661,437,false]},"author_info":{"display_name":"apuntesdesanluis.com","author_link":"https:\/\/apuntesdesanluis.com\/index.php\/author\/apuntesdesanluis-com\/"},"category_info":"<a href=\"https:\/\/apuntesdesanluis.com\/index.php\/category\/ciudad-provincia\/\" rel=\"category tag\">Ciudad\/Provincia<\/a>","tag_info":"Ciudad\/Provincia","comment_count":"0","_links":{"self":[{"href":"https:\/\/apuntesdesanluis.com\/index.php\/wp-json\/wp\/v2\/posts\/25742","targetHints":{"allow":["GET"]}}],"collection":[{"href":"https:\/\/apuntesdesanluis.com\/index.php\/wp-json\/wp\/v2\/posts"}],"about":[{"href":"https:\/\/apuntesdesanluis.com\/index.php\/wp-json\/wp\/v2\/types\/post"}],"author":[{"embeddable":true,"href":"https:\/\/apuntesdesanluis.com\/index.php\/wp-json\/wp\/v2\/users\/1"}],"replies":[{"embeddable":true,"href":"https:\/\/apuntesdesanluis.com\/index.php\/wp-json\/wp\/v2\/comments?post=25742"}],"version-history":[{"count":3,"href":"https:\/\/apuntesdesanluis.com\/index.php\/wp-json\/wp\/v2\/posts\/25742\/revisions"}],"predecessor-version":[{"id":25746,"href":"https:\/\/apuntesdesanluis.com\/index.php\/wp-json\/wp\/v2\/posts\/25742\/revisions\/25746"}],"wp:featuredmedia":[{"embeddable":true,"href":"https:\/\/apuntesdesanluis.com\/index.php\/wp-json\/wp\/v2\/media\/25743"}],"wp:attachment":[{"href":"https:\/\/apuntesdesanluis.com\/index.php\/wp-json\/wp\/v2\/media?parent=25742"}],"wp:term":[{"taxonomy":"category","embeddable":true,"href":"https:\/\/apuntesdesanluis.com\/index.php\/wp-json\/wp\/v2\/categories?post=25742"},{"taxonomy":"post_tag","embeddable":true,"href":"https:\/\/apuntesdesanluis.com\/index.php\/wp-json\/wp\/v2\/tags?post=25742"}],"curies":[{"name":"wp","href":"https:\/\/api.w.org\/{rel}","templated":true}]}}