{"id":2575,"date":"2023-09-02T19:14:58","date_gmt":"2023-09-02T22:14:58","guid":{"rendered":"https:\/\/apuntesdesanluis.com\/?p=2575"},"modified":"2023-09-03T19:16:53","modified_gmt":"2023-09-03T22:16:53","slug":"defensoria-del-pueblo-ulp-y-ministerio-de-ciencia-firmaron-convenio-de-colaboracion","status":"publish","type":"post","link":"https:\/\/apuntesdesanluis.com\/index.php\/2023\/09\/02\/defensoria-del-pueblo-ulp-y-ministerio-de-ciencia-firmaron-convenio-de-colaboracion\/","title":{"rendered":"DEFENSOR\u00cdA DEL PUEBLO, ULP Y MINISTERIO DE CIENCIA FIRMARON CONVENIO DE COLABORACI\u00d3N"},"content":{"rendered":"<h3 class=\"yiv7409174924ydp6329976emsonormal\" style=\"text-align: justify; background: white;\"><span style=\"font-family: 'Arial','sans-serif'; color: #1d2228;\">El Defensor del Pueblo<strong> Enrique Ponce<\/strong> firm\u00f3 un convenio de colaboraci\u00f3n con el Ministerio de Ciencia y Tecnolog\u00eda (MCyT) y con la Universidad de La Punta (ULP), destinado a optimizar la atenci\u00f3n del organismo que representa, a trav\u00e9s de la aplicaci\u00f3n de herramientas tecnol\u00f3gicas.<\/span><\/h3>\n<h3 class=\"yiv7409174924ydp6329976emsonormal\" style=\"text-align: justify; background: white;\"><span style=\"font-family: 'Arial','sans-serif'; color: #1d2228;\">El convenio rubricado con la ministra y rectora, <strong>Alicia Ba\u00f1uelos<\/strong>, sostiene, entre otras cl\u00e1usulas, que las partes \u201cacuerdan cooperar institucionalmente en temas de inter\u00e9s com\u00fan, que involucren intercambios de experiencias, formaci\u00f3n de recursos humanos, asistencia t\u00e9cnica, investigaci\u00f3n, pasant\u00edas, promoci\u00f3n social y toda otra iniciativa referente a sus finalidades e intereses\u201d.<\/span><\/h3>\n<h3 class=\"yiv7409174924ydp6329976emsonormal\" style=\"text-align: justify; background: white;\"><span style=\"font-family: 'Arial','sans-serif'; color: #1d2228;\">El acuerdo entre la Defensor\u00eda, la ULP y el Ministerio de Ciencia y Tecnolog\u00eda se concret\u00f3 este jueves, a solo un mes del nombramiento de Ponce en su puesto y ante la necesidad de organizar tecnol\u00f3gicamente las demandas de las personas. Y es que, al poder actuar de forma independiente y aut\u00f3noma, frente a reclamos o denuncias realizadas por los ciudadanos que se ven afectados en sus derechos por la administraci\u00f3n p\u00fablica o entidades privadas, la Defensor\u00eda comenz\u00f3 a ser muy solicitada por la gente. <\/span><\/h3>\n<h3 class=\"yiv7409174924ydp6329976emsonormal\" style=\"text-align: justify; background: white;\"><span style=\"font-family: 'Arial','sans-serif'; color: #1d2228;\">\u201cA trav\u00e9s de esta gesti\u00f3n hemos podido materializar herramientas digitales concretas para el beneficio de la comunidad. Vamos a tener una p\u00e1gina web que va facilitar el acceso a la informaci\u00f3n p\u00fablica, tambi\u00e9n la posibilidad de que los vecinos de cada localidad puedan tener la inmediatez, es decir que puedan comunicarse con la Defensor\u00eda para que los podamos ayudar\u201d, coment\u00f3 Ponce.<\/span><\/h3>\n<h3 class=\"yiv7409174924ydp6329976emsonormal\" style=\"text-align: justify; background: white;\"><span style=\"font-family: 'Arial','sans-serif'; color: #1d2228;\">La inmediatez de la que habla Ponce, ser\u00e1 posible, porque incluir\u00e1n a la Defensor\u00eda en la aplicaci\u00f3n Portal Puntano, as\u00ed lo explic\u00f3 Ba\u00f1uelos. De esa manera, todos tendr\u00e1n acceso desde el celular. La ministra agreg\u00f3: \u201cNos pidieron digitalizar toda la gesti\u00f3n, por ello tomamos diferentes puntos, que incluyen el uso de sistema expedientes, como sitio web y redes. Estamos trabajando de forma ininterrumpida, para que las personas puedan llevar a adelante sus gestiones lo antes posible\u201d, destac\u00f3.<\/span><\/h3>\n<p><iframe title=\"Defensor\u00eda del Pueblo, ULP y Ministerio de Ciencia y Tecnolog\u00eda firmaron un convenio de colaboraci\u00f3n\" width=\"640\" height=\"360\" src=\"https:\/\/www.youtube.com\/embed\/UC4vLE9X50o?feature=oembed\" frameborder=\"0\" allow=\"accelerometer; autoplay; clipboard-write; encrypted-media; gyroscope; picture-in-picture; web-share\" referrerpolicy=\"strict-origin-when-cross-origin\" allowfullscreen><\/iframe><\/p>\n","protected":false},"excerpt":{"rendered":"<p>El Defensor del Pueblo Enrique Ponce firm\u00f3 un convenio de colaboraci\u00f3n con el Ministerio de&#8230;<\/p>\n","protected":false},"author":1,"featured_media":2576,"comment_status":"closed","ping_status":"closed","sticky":false,"template":"","format":"standard","meta":{"footnotes":""},"categories":[6],"tags":[],"class_list":["post-2575","post","type-post","status-publish","format-standard","has-post-thumbnail","hentry","category-ciudad-provincia"],"yoast_head":"<!-- This site is optimized with the Yoast SEO plugin v26.1.1 - https:\/\/yoast.com\/wordpress\/plugins\/seo\/ -->\n<title>DEFENSOR\u00cdA DEL PUEBLO, ULP Y MINISTERIO DE CIENCIA FIRMARON CONVENIO DE COLABORACI\u00d3N - Apuntes de San Luis<\/title>\n<meta name=\"robots\" content=\"index, follow, max-snippet:-1, max-image-preview:large, max-video-preview:-1\" \/>\n<link rel=\"canonical\" href=\"https:\/\/apuntesdesanluis.com\/index.php\/2023\/09\/02\/defensoria-del-pueblo-ulp-y-ministerio-de-ciencia-firmaron-convenio-de-colaboracion\/\" \/>\n<meta property=\"og:locale\" content=\"es_ES\" \/>\n<meta property=\"og:type\" content=\"article\" \/>\n<meta property=\"og:title\" content=\"DEFENSOR\u00cdA DEL PUEBLO, ULP Y MINISTERIO DE CIENCIA FIRMARON CONVENIO DE COLABORACI\u00d3N - Apuntes de San Luis\" \/>\n<meta property=\"og:description\" content=\"El Defensor del Pueblo Enrique Ponce firm\u00f3 un convenio de colaboraci\u00f3n con el Ministerio de...\" \/>\n<meta property=\"og:url\" content=\"https:\/\/apuntesdesanluis.com\/index.php\/2023\/09\/02\/defensoria-del-pueblo-ulp-y-ministerio-de-ciencia-firmaron-convenio-de-colaboracion\/\" \/>\n<meta property=\"og:site_name\" content=\"Apuntes de San Luis\" \/>\n<meta property=\"article:published_time\" content=\"2023-09-02T22:14:58+00:00\" \/>\n<meta property=\"article:modified_time\" content=\"2023-09-03T22:16:53+00:00\" \/>\n<meta property=\"og:image\" content=\"https:\/\/apuntesdesanluis.com\/wp-content\/uploads\/2023\/09\/banuelos-y-ponce.png\" \/>\n\t<meta property=\"og:image:width\" content=\"859\" \/>\n\t<meta property=\"og:image:height\" content=\"519\" \/>\n\t<meta property=\"og:image:type\" content=\"image\/png\" \/>\n<meta name=\"author\" content=\"apuntesdesanluis.com\" \/>\n<meta name=\"twitter:card\" content=\"summary_large_image\" \/>\n<meta name=\"twitter:label1\" content=\"Escrito por\" \/>\n\t<meta name=\"twitter:data1\" content=\"apuntesdesanluis.com\" \/>\n\t<meta name=\"twitter:label2\" content=\"Tiempo de lectura\" \/>\n\t<meta name=\"twitter:data2\" content=\"2 minutos\" \/>\n<script type=\"application\/ld+json\" class=\"yoast-schema-graph\">{\"@context\":\"https:\/\/schema.org\",\"@graph\":[{\"@type\":\"Article\",\"@id\":\"https:\/\/apuntesdesanluis.com\/index.php\/2023\/09\/02\/defensoria-del-pueblo-ulp-y-ministerio-de-ciencia-firmaron-convenio-de-colaboracion\/#article\",\"isPartOf\":{\"@id\":\"https:\/\/apuntesdesanluis.com\/index.php\/2023\/09\/02\/defensoria-del-pueblo-ulp-y-ministerio-de-ciencia-firmaron-convenio-de-colaboracion\/\"},\"author\":{\"name\":\"apuntesdesanluis.com\",\"@id\":\"https:\/\/apuntesdesanluis.com\/#\/schema\/person\/b55151d52296fcce64d1a72538a70b90\"},\"headline\":\"DEFENSOR\u00cdA DEL PUEBLO, ULP Y MINISTERIO DE CIENCIA FIRMARON CONVENIO DE COLABORACI\u00d3N\",\"datePublished\":\"2023-09-02T22:14:58+00:00\",\"dateModified\":\"2023-09-03T22:16:53+00:00\",\"mainEntityOfPage\":{\"@id\":\"https:\/\/apuntesdesanluis.com\/index.php\/2023\/09\/02\/defensoria-del-pueblo-ulp-y-ministerio-de-ciencia-firmaron-convenio-de-colaboracion\/\"},\"wordCount\":375,\"publisher\":{\"@id\":\"https:\/\/apuntesdesanluis.com\/#\/schema\/person\/b55151d52296fcce64d1a72538a70b90\"},\"image\":{\"@id\":\"https:\/\/apuntesdesanluis.com\/index.php\/2023\/09\/02\/defensoria-del-pueblo-ulp-y-ministerio-de-ciencia-firmaron-convenio-de-colaboracion\/#primaryimage\"},\"thumbnailUrl\":\"https:\/\/apuntesdesanluis.com\/wp-content\/uploads\/2023\/09\/banuelos-y-ponce.png\",\"articleSection\":[\"Ciudad\/Provincia\"],\"inLanguage\":\"es-AR\"},{\"@type\":\"WebPage\",\"@id\":\"https:\/\/apuntesdesanluis.com\/index.php\/2023\/09\/02\/defensoria-del-pueblo-ulp-y-ministerio-de-ciencia-firmaron-convenio-de-colaboracion\/\",\"url\":\"https:\/\/apuntesdesanluis.com\/index.php\/2023\/09\/02\/defensoria-del-pueblo-ulp-y-ministerio-de-ciencia-firmaron-convenio-de-colaboracion\/\",\"name\":\"DEFENSOR\u00cdA DEL PUEBLO, ULP Y MINISTERIO DE CIENCIA FIRMARON CONVENIO DE COLABORACI\u00d3N - Apuntes de San Luis\",\"isPartOf\":{\"@id\":\"https:\/\/apuntesdesanluis.com\/#website\"},\"primaryImageOfPage\":{\"@id\":\"https:\/\/apuntesdesanluis.com\/index.php\/2023\/09\/02\/defensoria-del-pueblo-ulp-y-ministerio-de-ciencia-firmaron-convenio-de-colaboracion\/#primaryimage\"},\"image\":{\"@id\":\"https:\/\/apuntesdesanluis.com\/index.php\/2023\/09\/02\/defensoria-del-pueblo-ulp-y-ministerio-de-ciencia-firmaron-convenio-de-colaboracion\/#primaryimage\"},\"thumbnailUrl\":\"https:\/\/apuntesdesanluis.com\/wp-content\/uploads\/2023\/09\/banuelos-y-ponce.png\",\"datePublished\":\"2023-09-02T22:14:58+00:00\",\"dateModified\":\"2023-09-03T22:16:53+00:00\",\"breadcrumb\":{\"@id\":\"https:\/\/apuntesdesanluis.com\/index.php\/2023\/09\/02\/defensoria-del-pueblo-ulp-y-ministerio-de-ciencia-firmaron-convenio-de-colaboracion\/#breadcrumb\"},\"inLanguage\":\"es-AR\",\"potentialAction\":[{\"@type\":\"ReadAction\",\"target\":[\"https:\/\/apuntesdesanluis.com\/index.php\/2023\/09\/02\/defensoria-del-pueblo-ulp-y-ministerio-de-ciencia-firmaron-convenio-de-colaboracion\/\"]}]},{\"@type\":\"ImageObject\",\"inLanguage\":\"es-AR\",\"@id\":\"https:\/\/apuntesdesanluis.com\/index.php\/2023\/09\/02\/defensoria-del-pueblo-ulp-y-ministerio-de-ciencia-firmaron-convenio-de-colaboracion\/#primaryimage\",\"url\":\"https:\/\/apuntesdesanluis.com\/wp-content\/uploads\/2023\/09\/banuelos-y-ponce.png\",\"contentUrl\":\"https:\/\/apuntesdesanluis.com\/wp-content\/uploads\/2023\/09\/banuelos-y-ponce.png\",\"width\":859,\"height\":519},{\"@type\":\"BreadcrumbList\",\"@id\":\"https:\/\/apuntesdesanluis.com\/index.php\/2023\/09\/02\/defensoria-del-pueblo-ulp-y-ministerio-de-ciencia-firmaron-convenio-de-colaboracion\/#breadcrumb\",\"itemListElement\":[{\"@type\":\"ListItem\",\"position\":1,\"name\":\"Inicio\",\"item\":\"https:\/\/apuntesdesanluis.com\/\"},{\"@type\":\"ListItem\",\"position\":2,\"name\":\"DEFENSOR\u00cdA DEL PUEBLO, ULP Y MINISTERIO DE CIENCIA FIRMARON CONVENIO DE COLABORACI\u00d3N\"}]},{\"@type\":\"WebSite\",\"@id\":\"https:\/\/apuntesdesanluis.com\/#website\",\"url\":\"https:\/\/apuntesdesanluis.com\/\",\"name\":\"Apuntes de San Luis\",\"description\":\"\",\"publisher\":{\"@id\":\"https:\/\/apuntesdesanluis.com\/#\/schema\/person\/b55151d52296fcce64d1a72538a70b90\"},\"potentialAction\":[{\"@type\":\"SearchAction\",\"target\":{\"@type\":\"EntryPoint\",\"urlTemplate\":\"https:\/\/apuntesdesanluis.com\/?s={search_term_string}\"},\"query-input\":{\"@type\":\"PropertyValueSpecification\",\"valueRequired\":true,\"valueName\":\"search_term_string\"}}],\"inLanguage\":\"es-AR\"},{\"@type\":[\"Person\",\"Organization\"],\"@id\":\"https:\/\/apuntesdesanluis.com\/#\/schema\/person\/b55151d52296fcce64d1a72538a70b90\",\"name\":\"apuntesdesanluis.com\",\"image\":{\"@type\":\"ImageObject\",\"inLanguage\":\"es-AR\",\"@id\":\"https:\/\/apuntesdesanluis.com\/#\/schema\/person\/image\/\",\"url\":\"https:\/\/apuntesdesanluis.com\/wp-content\/uploads\/2023\/07\/cropped-apuntesdesanluis.png\",\"contentUrl\":\"https:\/\/apuntesdesanluis.com\/wp-content\/uploads\/2023\/07\/cropped-apuntesdesanluis.png\",\"width\":450,\"height\":112,\"caption\":\"apuntesdesanluis.com\"},\"logo\":{\"@id\":\"https:\/\/apuntesdesanluis.com\/#\/schema\/person\/image\/\"},\"sameAs\":[\"https:\/\/apuntesdesanluis.com\"],\"url\":\"https:\/\/apuntesdesanluis.com\/index.php\/author\/apuntesdesanluis-com\/\"}]}<\/script>\n<!-- \/ Yoast SEO plugin. -->","yoast_head_json":{"title":"DEFENSOR\u00cdA DEL PUEBLO, ULP Y MINISTERIO DE CIENCIA FIRMARON CONVENIO DE COLABORACI\u00d3N - Apuntes de San Luis","robots":{"index":"index","follow":"follow","max-snippet":"max-snippet:-1","max-image-preview":"max-image-preview:large","max-video-preview":"max-video-preview:-1"},"canonical":"https:\/\/apuntesdesanluis.com\/index.php\/2023\/09\/02\/defensoria-del-pueblo-ulp-y-ministerio-de-ciencia-firmaron-convenio-de-colaboracion\/","og_locale":"es_ES","og_type":"article","og_title":"DEFENSOR\u00cdA DEL PUEBLO, ULP Y MINISTERIO DE CIENCIA FIRMARON CONVENIO DE COLABORACI\u00d3N - Apuntes de San Luis","og_description":"El Defensor del Pueblo Enrique Ponce firm\u00f3 un convenio de colaboraci\u00f3n con el Ministerio de...","og_url":"https:\/\/apuntesdesanluis.com\/index.php\/2023\/09\/02\/defensoria-del-pueblo-ulp-y-ministerio-de-ciencia-firmaron-convenio-de-colaboracion\/","og_site_name":"Apuntes de San Luis","article_published_time":"2023-09-02T22:14:58+00:00","article_modified_time":"2023-09-03T22:16:53+00:00","og_image":[{"width":859,"height":519,"url":"https:\/\/apuntesdesanluis.com\/wp-content\/uploads\/2023\/09\/banuelos-y-ponce.png","type":"image\/png"}],"author":"apuntesdesanluis.com","twitter_card":"summary_large_image","twitter_misc":{"Escrito por":"apuntesdesanluis.com","Tiempo de lectura":"2 minutos"},"schema":{"@context":"https:\/\/schema.org","@graph":[{"@type":"Article","@id":"https:\/\/apuntesdesanluis.com\/index.php\/2023\/09\/02\/defensoria-del-pueblo-ulp-y-ministerio-de-ciencia-firmaron-convenio-de-colaboracion\/#article","isPartOf":{"@id":"https:\/\/apuntesdesanluis.com\/index.php\/2023\/09\/02\/defensoria-del-pueblo-ulp-y-ministerio-de-ciencia-firmaron-convenio-de-colaboracion\/"},"author":{"name":"apuntesdesanluis.com","@id":"https:\/\/apuntesdesanluis.com\/#\/schema\/person\/b55151d52296fcce64d1a72538a70b90"},"headline":"DEFENSOR\u00cdA DEL PUEBLO, ULP Y MINISTERIO DE CIENCIA FIRMARON CONVENIO DE COLABORACI\u00d3N","datePublished":"2023-09-02T22:14:58+00:00","dateModified":"2023-09-03T22:16:53+00:00","mainEntityOfPage":{"@id":"https:\/\/apuntesdesanluis.com\/index.php\/2023\/09\/02\/defensoria-del-pueblo-ulp-y-ministerio-de-ciencia-firmaron-convenio-de-colaboracion\/"},"wordCount":375,"publisher":{"@id":"https:\/\/apuntesdesanluis.com\/#\/schema\/person\/b55151d52296fcce64d1a72538a70b90"},"image":{"@id":"https:\/\/apuntesdesanluis.com\/index.php\/2023\/09\/02\/defensoria-del-pueblo-ulp-y-ministerio-de-ciencia-firmaron-convenio-de-colaboracion\/#primaryimage"},"thumbnailUrl":"https:\/\/apuntesdesanluis.com\/wp-content\/uploads\/2023\/09\/banuelos-y-ponce.png","articleSection":["Ciudad\/Provincia"],"inLanguage":"es-AR"},{"@type":"WebPage","@id":"https:\/\/apuntesdesanluis.com\/index.php\/2023\/09\/02\/defensoria-del-pueblo-ulp-y-ministerio-de-ciencia-firmaron-convenio-de-colaboracion\/","url":"https:\/\/apuntesdesanluis.com\/index.php\/2023\/09\/02\/defensoria-del-pueblo-ulp-y-ministerio-de-ciencia-firmaron-convenio-de-colaboracion\/","name":"DEFENSOR\u00cdA DEL PUEBLO, ULP Y MINISTERIO DE CIENCIA FIRMARON CONVENIO DE COLABORACI\u00d3N - Apuntes de San Luis","isPartOf":{"@id":"https:\/\/apuntesdesanluis.com\/#website"},"primaryImageOfPage":{"@id":"https:\/\/apuntesdesanluis.com\/index.php\/2023\/09\/02\/defensoria-del-pueblo-ulp-y-ministerio-de-ciencia-firmaron-convenio-de-colaboracion\/#primaryimage"},"image":{"@id":"https:\/\/apuntesdesanluis.com\/index.php\/2023\/09\/02\/defensoria-del-pueblo-ulp-y-ministerio-de-ciencia-firmaron-convenio-de-colaboracion\/#primaryimage"},"thumbnailUrl":"https:\/\/apuntesdesanluis.com\/wp-content\/uploads\/2023\/09\/banuelos-y-ponce.png","datePublished":"2023-09-02T22:14:58+00:00","dateModified":"2023-09-03T22:16:53+00:00","breadcrumb":{"@id":"https:\/\/apuntesdesanluis.com\/index.php\/2023\/09\/02\/defensoria-del-pueblo-ulp-y-ministerio-de-ciencia-firmaron-convenio-de-colaboracion\/#breadcrumb"},"inLanguage":"es-AR","potentialAction":[{"@type":"ReadAction","target":["https:\/\/apuntesdesanluis.com\/index.php\/2023\/09\/02\/defensoria-del-pueblo-ulp-y-ministerio-de-ciencia-firmaron-convenio-de-colaboracion\/"]}]},{"@type":"ImageObject","inLanguage":"es-AR","@id":"https:\/\/apuntesdesanluis.com\/index.php\/2023\/09\/02\/defensoria-del-pueblo-ulp-y-ministerio-de-ciencia-firmaron-convenio-de-colaboracion\/#primaryimage","url":"https:\/\/apuntesdesanluis.com\/wp-content\/uploads\/2023\/09\/banuelos-y-ponce.png","contentUrl":"https:\/\/apuntesdesanluis.com\/wp-content\/uploads\/2023\/09\/banuelos-y-ponce.png","width":859,"height":519},{"@type":"BreadcrumbList","@id":"https:\/\/apuntesdesanluis.com\/index.php\/2023\/09\/02\/defensoria-del-pueblo-ulp-y-ministerio-de-ciencia-firmaron-convenio-de-colaboracion\/#breadcrumb","itemListElement":[{"@type":"ListItem","position":1,"name":"Inicio","item":"https:\/\/apuntesdesanluis.com\/"},{"@type":"ListItem","position":2,"name":"DEFENSOR\u00cdA DEL PUEBLO, ULP Y MINISTERIO DE CIENCIA FIRMARON CONVENIO DE COLABORACI\u00d3N"}]},{"@type":"WebSite","@id":"https:\/\/apuntesdesanluis.com\/#website","url":"https:\/\/apuntesdesanluis.com\/","name":"Apuntes de San Luis","description":"","publisher":{"@id":"https:\/\/apuntesdesanluis.com\/#\/schema\/person\/b55151d52296fcce64d1a72538a70b90"},"potentialAction":[{"@type":"SearchAction","target":{"@type":"EntryPoint","urlTemplate":"https:\/\/apuntesdesanluis.com\/?s={search_term_string}"},"query-input":{"@type":"PropertyValueSpecification","valueRequired":true,"valueName":"search_term_string"}}],"inLanguage":"es-AR"},{"@type":["Person","Organization"],"@id":"https:\/\/apuntesdesanluis.com\/#\/schema\/person\/b55151d52296fcce64d1a72538a70b90","name":"apuntesdesanluis.com","image":{"@type":"ImageObject","inLanguage":"es-AR","@id":"https:\/\/apuntesdesanluis.com\/#\/schema\/person\/image\/","url":"https:\/\/apuntesdesanluis.com\/wp-content\/uploads\/2023\/07\/cropped-apuntesdesanluis.png","contentUrl":"https:\/\/apuntesdesanluis.com\/wp-content\/uploads\/2023\/07\/cropped-apuntesdesanluis.png","width":450,"height":112,"caption":"apuntesdesanluis.com"},"logo":{"@id":"https:\/\/apuntesdesanluis.com\/#\/schema\/person\/image\/"},"sameAs":["https:\/\/apuntesdesanluis.com"],"url":"https:\/\/apuntesdesanluis.com\/index.php\/author\/apuntesdesanluis-com\/"}]}},"featured_image_urls":{"full":["https:\/\/apuntesdesanluis.com\/wp-content\/uploads\/2023\/09\/banuelos-y-ponce.png",859,519,false],"thumbnail":["https:\/\/apuntesdesanluis.com\/wp-content\/uploads\/2023\/09\/banuelos-y-ponce-150x150.png",150,150,true],"medium":["https:\/\/apuntesdesanluis.com\/wp-content\/uploads\/2023\/09\/banuelos-y-ponce-300x181.png",300,181,true],"medium_large":["https:\/\/apuntesdesanluis.com\/wp-content\/uploads\/2023\/09\/banuelos-y-ponce-768x464.png",640,387,true],"large":["https:\/\/apuntesdesanluis.com\/wp-content\/uploads\/2023\/09\/banuelos-y-ponce.png",640,387,false],"1536x1536":["https:\/\/apuntesdesanluis.com\/wp-content\/uploads\/2023\/09\/banuelos-y-ponce.png",859,519,false],"2048x2048":["https:\/\/apuntesdesanluis.com\/wp-content\/uploads\/2023\/09\/banuelos-y-ponce.png",859,519,false],"newsever-slider-full":["https:\/\/apuntesdesanluis.com\/wp-content\/uploads\/2023\/09\/banuelos-y-ponce.png",859,519,false],"newsever-featured":["https:\/\/apuntesdesanluis.com\/wp-content\/uploads\/2023\/09\/banuelos-y-ponce.png",859,519,false],"newsever-medium":["https:\/\/apuntesdesanluis.com\/wp-content\/uploads\/2023\/09\/banuelos-y-ponce-720x475.png",720,475,true]},"author_info":{"display_name":"apuntesdesanluis.com","author_link":"https:\/\/apuntesdesanluis.com\/index.php\/author\/apuntesdesanluis-com\/"},"category_info":"<a href=\"https:\/\/apuntesdesanluis.com\/index.php\/category\/ciudad-provincia\/\" rel=\"category tag\">Ciudad\/Provincia<\/a>","tag_info":"Ciudad\/Provincia","comment_count":"0","_links":{"self":[{"href":"https:\/\/apuntesdesanluis.com\/index.php\/wp-json\/wp\/v2\/posts\/2575","targetHints":{"allow":["GET"]}}],"collection":[{"href":"https:\/\/apuntesdesanluis.com\/index.php\/wp-json\/wp\/v2\/posts"}],"about":[{"href":"https:\/\/apuntesdesanluis.com\/index.php\/wp-json\/wp\/v2\/types\/post"}],"author":[{"embeddable":true,"href":"https:\/\/apuntesdesanluis.com\/index.php\/wp-json\/wp\/v2\/users\/1"}],"replies":[{"embeddable":true,"href":"https:\/\/apuntesdesanluis.com\/index.php\/wp-json\/wp\/v2\/comments?post=2575"}],"version-history":[{"count":1,"href":"https:\/\/apuntesdesanluis.com\/index.php\/wp-json\/wp\/v2\/posts\/2575\/revisions"}],"predecessor-version":[{"id":2577,"href":"https:\/\/apuntesdesanluis.com\/index.php\/wp-json\/wp\/v2\/posts\/2575\/revisions\/2577"}],"wp:featuredmedia":[{"embeddable":true,"href":"https:\/\/apuntesdesanluis.com\/index.php\/wp-json\/wp\/v2\/media\/2576"}],"wp:attachment":[{"href":"https:\/\/apuntesdesanluis.com\/index.php\/wp-json\/wp\/v2\/media?parent=2575"}],"wp:term":[{"taxonomy":"category","embeddable":true,"href":"https:\/\/apuntesdesanluis.com\/index.php\/wp-json\/wp\/v2\/categories?post=2575"},{"taxonomy":"post_tag","embeddable":true,"href":"https:\/\/apuntesdesanluis.com\/index.php\/wp-json\/wp\/v2\/tags?post=2575"}],"curies":[{"name":"wp","href":"https:\/\/api.w.org\/{rel}","templated":true}]}}