{"id":25756,"date":"2024-11-25T16:00:23","date_gmt":"2024-11-25T19:00:23","guid":{"rendered":"https:\/\/apuntesdesanluis.com\/?p=25756"},"modified":"2024-11-25T16:00:23","modified_gmt":"2024-11-25T19:00:23","slug":"el-gobierno-recuperara-15-vagones-abandonados-que-pertenecen-a-la-provincia","status":"publish","type":"post","link":"https:\/\/apuntesdesanluis.com\/index.php\/2024\/11\/25\/el-gobierno-recuperara-15-vagones-abandonados-que-pertenecen-a-la-provincia\/","title":{"rendered":"EL GOBIERNO RECUPERAR\u00c1 15 VAGONES ABANDONADOS QUE PERTENECEN A LA PROVINCIA"},"content":{"rendered":"<h3>Este lunes, el gobernador <strong>Claudio Poggi<\/strong> particip\u00f3 de la firma de un contrato con la empresa <strong>Ferroindustria S.A<\/strong>, para reacondicionar los 15 vagones de carga que pertenecen a la provincia y que, a ra\u00edz del abandono por parte de la administraci\u00f3n anterior, quedaron inactivos. Esta iniciativa, adem\u00e1s de impulsar la industria sanluise\u00f1a, forma parte de una fuerte pol\u00edtica de Estado que lleva adelante el Gobierno para creaci\u00f3n de m\u00e1s puestos de trabajo y activar la econom\u00eda local.<\/h3>\n<h3>El secretario de Actividades Log\u00edsticas, <strong>Walter Vogt<\/strong>, se\u00f1al\u00f3 que la recuperaci\u00f3n, que se realizar\u00e1 en el taller ubicado en Justo Daract, ser\u00e1 de dos por mes.<\/h3>\n<h3>La construcci\u00f3n de estos furgones se realiz\u00f3 durante la gesti\u00f3n de Poggi como Gobernador entre el 2011 y el 2015. Al dejar su mandato, los vagones quedaron inactivos y actualmente no tienen el permiso de circulaci\u00f3n correspondiente. Tambi\u00e9n necesitan el mantenimiento correspondiente producto de los a\u00f1os en desuso y algunos su reparaci\u00f3n.<\/h3>\n<h3><img fetchpriority=\"high\" decoding=\"async\" class=\"wp-image-25757 aligncenter\" src=\"https:\/\/apuntesdesanluis.com\/wp-content\/uploads\/2024\/11\/poggi-vagones-300x218.png\" alt=\"\" width=\"599\" height=\"435\" srcset=\"https:\/\/apuntesdesanluis.com\/wp-content\/uploads\/2024\/11\/poggi-vagones-300x218.png 300w, https:\/\/apuntesdesanluis.com\/wp-content\/uploads\/2024\/11\/poggi-vagones-768x558.png 768w, https:\/\/apuntesdesanluis.com\/wp-content\/uploads\/2024\/11\/poggi-vagones.png 800w\" sizes=\"(max-width: 599px) 100vw, 599px\" \/><\/h3>\n<h3>\u201cEsto empez\u00f3 hace dos meses, cuando el Gobernador me pidi\u00f3 que me encargara de ver si pod\u00edamos poner en funcionamiento nuestros vagones que estaban inactivos. Hoy, pr\u00e1cticamente es un sue\u00f1o porque firmamos el contrato para que empiecen a trabajar en la activaci\u00f3n de esos vagones y el mantenimiento de ellos durante estos a\u00f1os que nos quedan\u201d, explic\u00f3 Vogt.<\/h3>\n<h3>El funcionario tambi\u00e9n adelant\u00f3 que esta iniciativa ser\u00e1 el inicio de varios proyectos relacionados a la ferroindustria de San Luis, entre ellos continuar en un futuro con la construcci\u00f3n de m\u00e1s furgones de carga.<\/h3>\n<h3>\u201cTenemos iniciativas muy ambiciosas como por ejemplo hablar sobre vagones para contenedores, que es lo que hoy Argentina est\u00e1 demandando y lo que ayuda con la importaci\u00f3n y exportaci\u00f3n. Tambi\u00e9n hablamos con el Gobernador sobre un sue\u00f1o de poder comenzar con la construcci\u00f3n de m\u00e1s vagones, solo estamos esperando que se acomoden los n\u00fameros de la provincia y seremos cautelosos. Pero la idea es que empecemos a construir vagones contenedores\u201d, asegur\u00f3 Vogt.<\/h3>\n<h3>El presidente de Ferroindustria S.A, Maximiliano Quattrocchio, destac\u00f3 el compromiso del Gobernador y celebr\u00f3 esta iniciativa que crear\u00e1 m\u00e1s puestos de trabajo. \u201cSabemos que el Gobernador Poggi entiende la importancia que tiene el ferrocarril para la provincia, entonces nosotros estamos alineados con ese concepto. Quedamos expectantes por todo lo que pueda surgir a partir de ahora con los planes de log\u00edstica, que son interesantes y que entendemos que van a traer mucho m\u00e1s trabajo para el taller\u201d, dijo.<\/h3>\n<h3>Actualmente, el taller ferroviario trabaja para el operador ferroviario de cargas m\u00e1s importantes del pa\u00eds. \u201cAh\u00ed hacemos el mantenimiento de sus vagones de carga. Ahora el Gobierno de San Luis es un cliente y eso es muy importante\u201d, dijo y con respecto al comienzo del trabajo de mantenimiento de los furgones de la provincia, se\u00f1al\u00f3: \u201cCalculo que luego de gestionar la cuesti\u00f3n administrativa, el mes que viene empezaremos a trabajar para sacar un promedio de dos vagones por mes, como est\u00e1 pactado en el contrato\u201d.<\/h3>\n<p><img decoding=\"async\" class=\"wp-image-25758 aligncenter\" src=\"https:\/\/apuntesdesanluis.com\/wp-content\/uploads\/2024\/11\/poggi-verges-300x196.png\" alt=\"\" width=\"647\" height=\"423\" srcset=\"https:\/\/apuntesdesanluis.com\/wp-content\/uploads\/2024\/11\/poggi-verges-300x196.png 300w, https:\/\/apuntesdesanluis.com\/wp-content\/uploads\/2024\/11\/poggi-verges-768x503.png 768w, https:\/\/apuntesdesanluis.com\/wp-content\/uploads\/2024\/11\/poggi-verges.png 834w\" sizes=\"(max-width: 647px) 100vw, 647px\" \/><\/p>\n<h3>El responsable del Taller de Ferroindustria S.A. Justo Daract, Juan Jos\u00e9 Carreras, particip\u00f3 del encuentro junto a sus compa\u00f1eros y expres\u00f3 su alegr\u00eda por esta firma de contrato, ya que suma trabajo.<\/h3>\n<h3>\u201cTenemos 15 vagones para hacer el mantenimiento, que se hab\u00edan fabricado en Justo Daract y estaban parados desde hace algunos a\u00f1os y hay que hacer una revisi\u00f3n t\u00e9cnica general, todo el tren de rodaje, frenos, timoner\u00eda, para que el vag\u00f3n vuelva a circular en la v\u00eda\u201d, explic\u00f3.<\/h3>\n<h3>Actualmente, hay 22 empleados, distribuidos en dos turnos. \u201cEstamos trabajando para otras empresas, pero esta firma es de San Luis. El Gobernador nos alienta a seguir adelante, y habr\u00e1 que tomar gente en un futuro\u201d, estim\u00f3 el capataz y razon\u00f3 que, al haber m\u00e1s trabajo, habr\u00e1 m\u00e1s movimiento econ\u00f3mico y comercial en la zona.<\/h3>\n<h3>\u201cVe\u00edamos los vagones abandonados, algunos los hab\u00edamos fabricado nosotros. Daba pena. Ahora tenemos la alegr\u00eda de verlos de vuelta andar en la v\u00eda. En su momento, en la gesti\u00f3n anterior del Gobernador Poggi se iban a fabricar 30, e hicimos 15. Cambi\u00f3 el Gobierno y no se fabricaron m\u00e1s\u201d, dijo.<\/h3>\n<h3>Reacondicionar\u00e1n dos vagones por mes. Al procedimiento \u201clo conocemos de memoria, porque lo fabricamos nosotros de cero, as\u00ed que sabemos todo. Conocemos cada bul\u00f3n, cada cosa, todo de memoria. Aparte tengo los planos\u201d, dijo Carreras, que hace 12 a\u00f1os est\u00e1 en la empresa.<\/h3>\n<h3>Al finalizar la reuni\u00f3n de la que tambi\u00e9n particip\u00f3 el ministro de Ciencia y Tecnolog\u00eda, Alfonso Verges y el ministro de Desarrollo Productivo, Federico Trombotto, el Gobernador salud\u00f3 a cada uno de los trabajadores de las \u00e1reas de la secretar\u00eda de Actividades Log\u00edsticas.<\/h3>\n<p>&nbsp;<\/p>\n<p>&nbsp;<\/p>\n<p>&nbsp;<\/p>\n<p>&nbsp;<\/p>\n<p>&nbsp;<\/p>\n<p>&nbsp;<\/p>\n","protected":false},"excerpt":{"rendered":"<p>Este lunes, el gobernador Claudio Poggi particip\u00f3 de la firma de un contrato con la&#8230;<\/p>\n","protected":false},"author":1,"featured_media":25759,"comment_status":"closed","ping_status":"closed","sticky":false,"template":"","format":"standard","meta":{"footnotes":""},"categories":[6],"tags":[],"class_list":["post-25756","post","type-post","status-publish","format-standard","has-post-thumbnail","hentry","category-ciudad-provincia"],"yoast_head":"<!-- This site is optimized with the Yoast SEO plugin v26.1.1 - https:\/\/yoast.com\/wordpress\/plugins\/seo\/ -->\n<title>EL GOBIERNO RECUPERAR\u00c1 15 VAGONES ABANDONADOS QUE PERTENECEN A LA PROVINCIA - Apuntes de San Luis<\/title>\n<meta name=\"robots\" content=\"index, follow, max-snippet:-1, max-image-preview:large, max-video-preview:-1\" \/>\n<link rel=\"canonical\" href=\"https:\/\/apuntesdesanluis.com\/index.php\/2024\/11\/25\/el-gobierno-recuperara-15-vagones-abandonados-que-pertenecen-a-la-provincia\/\" \/>\n<meta property=\"og:locale\" content=\"es_ES\" \/>\n<meta property=\"og:type\" content=\"article\" \/>\n<meta property=\"og:title\" content=\"EL GOBIERNO RECUPERAR\u00c1 15 VAGONES ABANDONADOS QUE PERTENECEN A LA PROVINCIA - Apuntes de San Luis\" \/>\n<meta property=\"og:description\" content=\"Este lunes, el gobernador Claudio Poggi particip\u00f3 de la firma de un contrato con la...\" \/>\n<meta property=\"og:url\" content=\"https:\/\/apuntesdesanluis.com\/index.php\/2024\/11\/25\/el-gobierno-recuperara-15-vagones-abandonados-que-pertenecen-a-la-provincia\/\" \/>\n<meta property=\"og:site_name\" content=\"Apuntes de San Luis\" \/>\n<meta property=\"article:published_time\" content=\"2024-11-25T19:00:23+00:00\" \/>\n<meta property=\"og:image\" content=\"https:\/\/apuntesdesanluis.com\/wp-content\/uploads\/2024\/11\/firma-vagones.png\" \/>\n\t<meta property=\"og:image:width\" content=\"800\" \/>\n\t<meta property=\"og:image:height\" content=\"423\" \/>\n\t<meta property=\"og:image:type\" content=\"image\/png\" \/>\n<meta name=\"author\" content=\"apuntesdesanluis.com\" \/>\n<meta name=\"twitter:card\" content=\"summary_large_image\" \/>\n<meta name=\"twitter:label1\" content=\"Escrito por\" \/>\n\t<meta name=\"twitter:data1\" content=\"apuntesdesanluis.com\" \/>\n\t<meta name=\"twitter:label2\" content=\"Tiempo de lectura\" \/>\n\t<meta name=\"twitter:data2\" content=\"5 minutos\" \/>\n<script type=\"application\/ld+json\" class=\"yoast-schema-graph\">{\"@context\":\"https:\/\/schema.org\",\"@graph\":[{\"@type\":\"Article\",\"@id\":\"https:\/\/apuntesdesanluis.com\/index.php\/2024\/11\/25\/el-gobierno-recuperara-15-vagones-abandonados-que-pertenecen-a-la-provincia\/#article\",\"isPartOf\":{\"@id\":\"https:\/\/apuntesdesanluis.com\/index.php\/2024\/11\/25\/el-gobierno-recuperara-15-vagones-abandonados-que-pertenecen-a-la-provincia\/\"},\"author\":{\"name\":\"apuntesdesanluis.com\",\"@id\":\"https:\/\/apuntesdesanluis.com\/#\/schema\/person\/b55151d52296fcce64d1a72538a70b90\"},\"headline\":\"EL GOBIERNO RECUPERAR\u00c1 15 VAGONES ABANDONADOS QUE PERTENECEN A LA PROVINCIA\",\"datePublished\":\"2024-11-25T19:00:23+00:00\",\"mainEntityOfPage\":{\"@id\":\"https:\/\/apuntesdesanluis.com\/index.php\/2024\/11\/25\/el-gobierno-recuperara-15-vagones-abandonados-que-pertenecen-a-la-provincia\/\"},\"wordCount\":827,\"publisher\":{\"@id\":\"https:\/\/apuntesdesanluis.com\/#\/schema\/person\/b55151d52296fcce64d1a72538a70b90\"},\"image\":{\"@id\":\"https:\/\/apuntesdesanluis.com\/index.php\/2024\/11\/25\/el-gobierno-recuperara-15-vagones-abandonados-que-pertenecen-a-la-provincia\/#primaryimage\"},\"thumbnailUrl\":\"https:\/\/apuntesdesanluis.com\/wp-content\/uploads\/2024\/11\/firma-vagones.png\",\"articleSection\":[\"Ciudad\/Provincia\"],\"inLanguage\":\"es-AR\"},{\"@type\":\"WebPage\",\"@id\":\"https:\/\/apuntesdesanluis.com\/index.php\/2024\/11\/25\/el-gobierno-recuperara-15-vagones-abandonados-que-pertenecen-a-la-provincia\/\",\"url\":\"https:\/\/apuntesdesanluis.com\/index.php\/2024\/11\/25\/el-gobierno-recuperara-15-vagones-abandonados-que-pertenecen-a-la-provincia\/\",\"name\":\"EL GOBIERNO RECUPERAR\u00c1 15 VAGONES ABANDONADOS QUE PERTENECEN A LA PROVINCIA - Apuntes de San Luis\",\"isPartOf\":{\"@id\":\"https:\/\/apuntesdesanluis.com\/#website\"},\"primaryImageOfPage\":{\"@id\":\"https:\/\/apuntesdesanluis.com\/index.php\/2024\/11\/25\/el-gobierno-recuperara-15-vagones-abandonados-que-pertenecen-a-la-provincia\/#primaryimage\"},\"image\":{\"@id\":\"https:\/\/apuntesdesanluis.com\/index.php\/2024\/11\/25\/el-gobierno-recuperara-15-vagones-abandonados-que-pertenecen-a-la-provincia\/#primaryimage\"},\"thumbnailUrl\":\"https:\/\/apuntesdesanluis.com\/wp-content\/uploads\/2024\/11\/firma-vagones.png\",\"datePublished\":\"2024-11-25T19:00:23+00:00\",\"breadcrumb\":{\"@id\":\"https:\/\/apuntesdesanluis.com\/index.php\/2024\/11\/25\/el-gobierno-recuperara-15-vagones-abandonados-que-pertenecen-a-la-provincia\/#breadcrumb\"},\"inLanguage\":\"es-AR\",\"potentialAction\":[{\"@type\":\"ReadAction\",\"target\":[\"https:\/\/apuntesdesanluis.com\/index.php\/2024\/11\/25\/el-gobierno-recuperara-15-vagones-abandonados-que-pertenecen-a-la-provincia\/\"]}]},{\"@type\":\"ImageObject\",\"inLanguage\":\"es-AR\",\"@id\":\"https:\/\/apuntesdesanluis.com\/index.php\/2024\/11\/25\/el-gobierno-recuperara-15-vagones-abandonados-que-pertenecen-a-la-provincia\/#primaryimage\",\"url\":\"https:\/\/apuntesdesanluis.com\/wp-content\/uploads\/2024\/11\/firma-vagones.png\",\"contentUrl\":\"https:\/\/apuntesdesanluis.com\/wp-content\/uploads\/2024\/11\/firma-vagones.png\",\"width\":800,\"height\":423},{\"@type\":\"BreadcrumbList\",\"@id\":\"https:\/\/apuntesdesanluis.com\/index.php\/2024\/11\/25\/el-gobierno-recuperara-15-vagones-abandonados-que-pertenecen-a-la-provincia\/#breadcrumb\",\"itemListElement\":[{\"@type\":\"ListItem\",\"position\":1,\"name\":\"Inicio\",\"item\":\"https:\/\/apuntesdesanluis.com\/\"},{\"@type\":\"ListItem\",\"position\":2,\"name\":\"EL GOBIERNO RECUPERAR\u00c1 15 VAGONES ABANDONADOS QUE PERTENECEN A LA PROVINCIA\"}]},{\"@type\":\"WebSite\",\"@id\":\"https:\/\/apuntesdesanluis.com\/#website\",\"url\":\"https:\/\/apuntesdesanluis.com\/\",\"name\":\"Apuntes de San Luis\",\"description\":\"\",\"publisher\":{\"@id\":\"https:\/\/apuntesdesanluis.com\/#\/schema\/person\/b55151d52296fcce64d1a72538a70b90\"},\"potentialAction\":[{\"@type\":\"SearchAction\",\"target\":{\"@type\":\"EntryPoint\",\"urlTemplate\":\"https:\/\/apuntesdesanluis.com\/?s={search_term_string}\"},\"query-input\":{\"@type\":\"PropertyValueSpecification\",\"valueRequired\":true,\"valueName\":\"search_term_string\"}}],\"inLanguage\":\"es-AR\"},{\"@type\":[\"Person\",\"Organization\"],\"@id\":\"https:\/\/apuntesdesanluis.com\/#\/schema\/person\/b55151d52296fcce64d1a72538a70b90\",\"name\":\"apuntesdesanluis.com\",\"image\":{\"@type\":\"ImageObject\",\"inLanguage\":\"es-AR\",\"@id\":\"https:\/\/apuntesdesanluis.com\/#\/schema\/person\/image\/\",\"url\":\"https:\/\/apuntesdesanluis.com\/wp-content\/uploads\/2023\/07\/cropped-apuntesdesanluis.png\",\"contentUrl\":\"https:\/\/apuntesdesanluis.com\/wp-content\/uploads\/2023\/07\/cropped-apuntesdesanluis.png\",\"width\":450,\"height\":112,\"caption\":\"apuntesdesanluis.com\"},\"logo\":{\"@id\":\"https:\/\/apuntesdesanluis.com\/#\/schema\/person\/image\/\"},\"sameAs\":[\"https:\/\/apuntesdesanluis.com\"],\"url\":\"https:\/\/apuntesdesanluis.com\/index.php\/author\/apuntesdesanluis-com\/\"}]}<\/script>\n<!-- \/ Yoast SEO plugin. -->","yoast_head_json":{"title":"EL GOBIERNO RECUPERAR\u00c1 15 VAGONES ABANDONADOS QUE PERTENECEN A LA PROVINCIA - Apuntes de San Luis","robots":{"index":"index","follow":"follow","max-snippet":"max-snippet:-1","max-image-preview":"max-image-preview:large","max-video-preview":"max-video-preview:-1"},"canonical":"https:\/\/apuntesdesanluis.com\/index.php\/2024\/11\/25\/el-gobierno-recuperara-15-vagones-abandonados-que-pertenecen-a-la-provincia\/","og_locale":"es_ES","og_type":"article","og_title":"EL GOBIERNO RECUPERAR\u00c1 15 VAGONES ABANDONADOS QUE PERTENECEN A LA PROVINCIA - Apuntes de San Luis","og_description":"Este lunes, el gobernador Claudio Poggi particip\u00f3 de la firma de un contrato con la...","og_url":"https:\/\/apuntesdesanluis.com\/index.php\/2024\/11\/25\/el-gobierno-recuperara-15-vagones-abandonados-que-pertenecen-a-la-provincia\/","og_site_name":"Apuntes de San Luis","article_published_time":"2024-11-25T19:00:23+00:00","og_image":[{"width":800,"height":423,"url":"https:\/\/apuntesdesanluis.com\/wp-content\/uploads\/2024\/11\/firma-vagones.png","type":"image\/png"}],"author":"apuntesdesanluis.com","twitter_card":"summary_large_image","twitter_misc":{"Escrito por":"apuntesdesanluis.com","Tiempo de lectura":"5 minutos"},"schema":{"@context":"https:\/\/schema.org","@graph":[{"@type":"Article","@id":"https:\/\/apuntesdesanluis.com\/index.php\/2024\/11\/25\/el-gobierno-recuperara-15-vagones-abandonados-que-pertenecen-a-la-provincia\/#article","isPartOf":{"@id":"https:\/\/apuntesdesanluis.com\/index.php\/2024\/11\/25\/el-gobierno-recuperara-15-vagones-abandonados-que-pertenecen-a-la-provincia\/"},"author":{"name":"apuntesdesanluis.com","@id":"https:\/\/apuntesdesanluis.com\/#\/schema\/person\/b55151d52296fcce64d1a72538a70b90"},"headline":"EL GOBIERNO RECUPERAR\u00c1 15 VAGONES ABANDONADOS QUE PERTENECEN A LA PROVINCIA","datePublished":"2024-11-25T19:00:23+00:00","mainEntityOfPage":{"@id":"https:\/\/apuntesdesanluis.com\/index.php\/2024\/11\/25\/el-gobierno-recuperara-15-vagones-abandonados-que-pertenecen-a-la-provincia\/"},"wordCount":827,"publisher":{"@id":"https:\/\/apuntesdesanluis.com\/#\/schema\/person\/b55151d52296fcce64d1a72538a70b90"},"image":{"@id":"https:\/\/apuntesdesanluis.com\/index.php\/2024\/11\/25\/el-gobierno-recuperara-15-vagones-abandonados-que-pertenecen-a-la-provincia\/#primaryimage"},"thumbnailUrl":"https:\/\/apuntesdesanluis.com\/wp-content\/uploads\/2024\/11\/firma-vagones.png","articleSection":["Ciudad\/Provincia"],"inLanguage":"es-AR"},{"@type":"WebPage","@id":"https:\/\/apuntesdesanluis.com\/index.php\/2024\/11\/25\/el-gobierno-recuperara-15-vagones-abandonados-que-pertenecen-a-la-provincia\/","url":"https:\/\/apuntesdesanluis.com\/index.php\/2024\/11\/25\/el-gobierno-recuperara-15-vagones-abandonados-que-pertenecen-a-la-provincia\/","name":"EL GOBIERNO RECUPERAR\u00c1 15 VAGONES ABANDONADOS QUE PERTENECEN A LA PROVINCIA - Apuntes de San Luis","isPartOf":{"@id":"https:\/\/apuntesdesanluis.com\/#website"},"primaryImageOfPage":{"@id":"https:\/\/apuntesdesanluis.com\/index.php\/2024\/11\/25\/el-gobierno-recuperara-15-vagones-abandonados-que-pertenecen-a-la-provincia\/#primaryimage"},"image":{"@id":"https:\/\/apuntesdesanluis.com\/index.php\/2024\/11\/25\/el-gobierno-recuperara-15-vagones-abandonados-que-pertenecen-a-la-provincia\/#primaryimage"},"thumbnailUrl":"https:\/\/apuntesdesanluis.com\/wp-content\/uploads\/2024\/11\/firma-vagones.png","datePublished":"2024-11-25T19:00:23+00:00","breadcrumb":{"@id":"https:\/\/apuntesdesanluis.com\/index.php\/2024\/11\/25\/el-gobierno-recuperara-15-vagones-abandonados-que-pertenecen-a-la-provincia\/#breadcrumb"},"inLanguage":"es-AR","potentialAction":[{"@type":"ReadAction","target":["https:\/\/apuntesdesanluis.com\/index.php\/2024\/11\/25\/el-gobierno-recuperara-15-vagones-abandonados-que-pertenecen-a-la-provincia\/"]}]},{"@type":"ImageObject","inLanguage":"es-AR","@id":"https:\/\/apuntesdesanluis.com\/index.php\/2024\/11\/25\/el-gobierno-recuperara-15-vagones-abandonados-que-pertenecen-a-la-provincia\/#primaryimage","url":"https:\/\/apuntesdesanluis.com\/wp-content\/uploads\/2024\/11\/firma-vagones.png","contentUrl":"https:\/\/apuntesdesanluis.com\/wp-content\/uploads\/2024\/11\/firma-vagones.png","width":800,"height":423},{"@type":"BreadcrumbList","@id":"https:\/\/apuntesdesanluis.com\/index.php\/2024\/11\/25\/el-gobierno-recuperara-15-vagones-abandonados-que-pertenecen-a-la-provincia\/#breadcrumb","itemListElement":[{"@type":"ListItem","position":1,"name":"Inicio","item":"https:\/\/apuntesdesanluis.com\/"},{"@type":"ListItem","position":2,"name":"EL GOBIERNO RECUPERAR\u00c1 15 VAGONES ABANDONADOS QUE PERTENECEN A LA PROVINCIA"}]},{"@type":"WebSite","@id":"https:\/\/apuntesdesanluis.com\/#website","url":"https:\/\/apuntesdesanluis.com\/","name":"Apuntes de San Luis","description":"","publisher":{"@id":"https:\/\/apuntesdesanluis.com\/#\/schema\/person\/b55151d52296fcce64d1a72538a70b90"},"potentialAction":[{"@type":"SearchAction","target":{"@type":"EntryPoint","urlTemplate":"https:\/\/apuntesdesanluis.com\/?s={search_term_string}"},"query-input":{"@type":"PropertyValueSpecification","valueRequired":true,"valueName":"search_term_string"}}],"inLanguage":"es-AR"},{"@type":["Person","Organization"],"@id":"https:\/\/apuntesdesanluis.com\/#\/schema\/person\/b55151d52296fcce64d1a72538a70b90","name":"apuntesdesanluis.com","image":{"@type":"ImageObject","inLanguage":"es-AR","@id":"https:\/\/apuntesdesanluis.com\/#\/schema\/person\/image\/","url":"https:\/\/apuntesdesanluis.com\/wp-content\/uploads\/2023\/07\/cropped-apuntesdesanluis.png","contentUrl":"https:\/\/apuntesdesanluis.com\/wp-content\/uploads\/2023\/07\/cropped-apuntesdesanluis.png","width":450,"height":112,"caption":"apuntesdesanluis.com"},"logo":{"@id":"https:\/\/apuntesdesanluis.com\/#\/schema\/person\/image\/"},"sameAs":["https:\/\/apuntesdesanluis.com"],"url":"https:\/\/apuntesdesanluis.com\/index.php\/author\/apuntesdesanluis-com\/"}]}},"featured_image_urls":{"full":["https:\/\/apuntesdesanluis.com\/wp-content\/uploads\/2024\/11\/firma-vagones.png",800,423,false],"thumbnail":["https:\/\/apuntesdesanluis.com\/wp-content\/uploads\/2024\/11\/firma-vagones-150x150.png",150,150,true],"medium":["https:\/\/apuntesdesanluis.com\/wp-content\/uploads\/2024\/11\/firma-vagones-300x159.png",300,159,true],"medium_large":["https:\/\/apuntesdesanluis.com\/wp-content\/uploads\/2024\/11\/firma-vagones-768x406.png",640,338,true],"large":["https:\/\/apuntesdesanluis.com\/wp-content\/uploads\/2024\/11\/firma-vagones.png",640,338,false],"1536x1536":["https:\/\/apuntesdesanluis.com\/wp-content\/uploads\/2024\/11\/firma-vagones.png",800,423,false],"2048x2048":["https:\/\/apuntesdesanluis.com\/wp-content\/uploads\/2024\/11\/firma-vagones.png",800,423,false],"newsever-slider-full":["https:\/\/apuntesdesanluis.com\/wp-content\/uploads\/2024\/11\/firma-vagones.png",800,423,false],"newsever-featured":["https:\/\/apuntesdesanluis.com\/wp-content\/uploads\/2024\/11\/firma-vagones.png",800,423,false],"newsever-medium":["https:\/\/apuntesdesanluis.com\/wp-content\/uploads\/2024\/11\/firma-vagones-720x423.png",720,423,true]},"author_info":{"display_name":"apuntesdesanluis.com","author_link":"https:\/\/apuntesdesanluis.com\/index.php\/author\/apuntesdesanluis-com\/"},"category_info":"<a href=\"https:\/\/apuntesdesanluis.com\/index.php\/category\/ciudad-provincia\/\" rel=\"category tag\">Ciudad\/Provincia<\/a>","tag_info":"Ciudad\/Provincia","comment_count":"0","_links":{"self":[{"href":"https:\/\/apuntesdesanluis.com\/index.php\/wp-json\/wp\/v2\/posts\/25756","targetHints":{"allow":["GET"]}}],"collection":[{"href":"https:\/\/apuntesdesanluis.com\/index.php\/wp-json\/wp\/v2\/posts"}],"about":[{"href":"https:\/\/apuntesdesanluis.com\/index.php\/wp-json\/wp\/v2\/types\/post"}],"author":[{"embeddable":true,"href":"https:\/\/apuntesdesanluis.com\/index.php\/wp-json\/wp\/v2\/users\/1"}],"replies":[{"embeddable":true,"href":"https:\/\/apuntesdesanluis.com\/index.php\/wp-json\/wp\/v2\/comments?post=25756"}],"version-history":[{"count":1,"href":"https:\/\/apuntesdesanluis.com\/index.php\/wp-json\/wp\/v2\/posts\/25756\/revisions"}],"predecessor-version":[{"id":25760,"href":"https:\/\/apuntesdesanluis.com\/index.php\/wp-json\/wp\/v2\/posts\/25756\/revisions\/25760"}],"wp:featuredmedia":[{"embeddable":true,"href":"https:\/\/apuntesdesanluis.com\/index.php\/wp-json\/wp\/v2\/media\/25759"}],"wp:attachment":[{"href":"https:\/\/apuntesdesanluis.com\/index.php\/wp-json\/wp\/v2\/media?parent=25756"}],"wp:term":[{"taxonomy":"category","embeddable":true,"href":"https:\/\/apuntesdesanluis.com\/index.php\/wp-json\/wp\/v2\/categories?post=25756"},{"taxonomy":"post_tag","embeddable":true,"href":"https:\/\/apuntesdesanluis.com\/index.php\/wp-json\/wp\/v2\/tags?post=25756"}],"curies":[{"name":"wp","href":"https:\/\/api.w.org\/{rel}","templated":true}]}}