{"id":25764,"date":"2024-11-25T16:54:37","date_gmt":"2024-11-25T19:54:37","guid":{"rendered":"https:\/\/apuntesdesanluis.com\/?p=25764"},"modified":"2024-11-25T16:54:37","modified_gmt":"2024-11-25T19:54:37","slug":"cositorto-no-tiene-cara-en-el-juicio-en-su-contra-declaro-que-hubo-infiltrados-en-su-organizacion","status":"publish","type":"post","link":"https:\/\/apuntesdesanluis.com\/index.php\/2024\/11\/25\/cositorto-no-tiene-cara-en-el-juicio-en-su-contra-declaro-que-hubo-infiltrados-en-su-organizacion\/","title":{"rendered":"COSITORTO NO TIENE CARA: EN EL JUICIO EN SU CONTRA, DECLAR\u00d3 QUE \u201cHUBO INFILTRADOS\u201d EN SU ORGANIZACI\u00d3N"},"content":{"rendered":"<h3>En el marco de una nueva audiencia p\u00fablica por el juicio en Goya por la supuesta megaestafa piramidal de Generaci\u00f3n Zoe, <strong>Leonardo Cositorto<\/strong>, principal acusado y cara visible de dicha asociaci\u00f3n il\u00edcita, declar\u00f3 hoy ante el Tribunal de Justicia de la ciudad correntina. All\u00ed, insisti\u00f3 en su inocencia. Consider\u00f3 que el proceso en su contra es \u201cnulo e ilegal\u201d y asegur\u00f3 que \u201cse infiltraron personas\u201d dentro de su organizaci\u00f3n.<\/h3>\n<h3>Cositorto, vestido con una remera blanca y pantal\u00f3n negro, brind\u00f3 su declaraci\u00f3n desde las 8.30 de la ma\u00f1ana ante el Tribunal presidido por el doctor Ricardo Carbajal, e integrado por los vocales Jorge Carbone y Julio Duarte.<\/h3>\n<h3>\u201cQuisiera manifestar mi decepci\u00f3n y desacuerdo con la justicia y aqu\u00ed en un juicio que considero nulo e ilegal\u201d, dijo en primer lugar. En esa l\u00ednea, afirm\u00f3: \u201cMe declaro totalmente inocente, nunca jam\u00e1s en mi vida constru\u00ed una asociaci\u00f3n il\u00edcita\u201d.<\/h3>\n<h3>De cara a los presentes en la sala, el l\u00edder de Generaci\u00f3n Zoe sostuvo que \u00e9l no fue art\u00edfice de ning\u00fan tipo de estafa, y en cuanto a la actividad que desarroll\u00f3 en la ciudad de Goya, coment\u00f3: \u201cVine solamente a dar un curso de coaching ontol\u00f3gico\u201d.<\/h3>\n<p><img fetchpriority=\"high\" decoding=\"async\" class=\"wp-image-23764 aligncenter\" src=\"https:\/\/apuntesdesanluis.com\/wp-content\/uploads\/2024\/10\/cositorto-generacion-zoe-300x199.png\" alt=\"\" width=\"608\" height=\"403\" srcset=\"https:\/\/apuntesdesanluis.com\/wp-content\/uploads\/2024\/10\/cositorto-generacion-zoe-300x199.png 300w, https:\/\/apuntesdesanluis.com\/wp-content\/uploads\/2024\/10\/cositorto-generacion-zoe.png 600w\" sizes=\"(max-width: 608px) 100vw, 608px\" \/><\/p>\n<h3>Si bien en su declaraci\u00f3n subray\u00f3 que todas las empresas y sus emprendimientos \u201cse construyeron en forma legal y llevados adelante bajo supervisi\u00f3n jur\u00eddica y contable\u201d, Cositorto denunci\u00f3 que hubo una infiltraci\u00f3n de personas en su organizaci\u00f3n.<\/h3>\n<h3>\u201cLa empresa es una empresa de coaching, la acusaci\u00f3n dice que todo era una pantalla y ten\u00edamos el aval de la Universidad Colombia. Tambi\u00e9n dicen que el trading (actividad de comprar y vender activos financieros electr\u00f3nicos) era una pantalla y hasta yo hac\u00eda trading\u201d, argument\u00f3.<\/h3>\n<h3>En cuanto al primer juicio en su contra, lament\u00f3 que no lo dejen aportar pruebas al expediente. \u201cMe suben al ring atado de manos y el resto de los abogados muestran pruebas mentirosas\u201d, sentenci\u00f3.<\/h3>\n<h3>Durante otro tramo de la audiencia, que tuvo un cuarto intermedio de 15 minutos por un sorpresivo corte de luz, Cositorto mencion\u00f3 que sufri\u00f3 situaciones de agresi\u00f3n y maltrato en C\u00f3rdoba, donde se encuentra detenido en el penal de Bouwer. \u201cNo me dejaron hacer huelga de hambre y cuando quise pesarme, el m\u00e9dico del penal se neg\u00f3 hacerlo, me maltrataron y me pegaron\u201d, denunci\u00f3, y adelant\u00f3: \u201cPor eso tambi\u00e9n voy a iniciar acciones legales\u201d.<\/h3>\n<h3>\u201cNo hay dolo, no hay delito, no se dise\u00f1\u00f3 ninguna organizaci\u00f3n fraudulenta. Nos obligaron a incumplir un contrato firmado por todas las personas. Yo soy el primero que le quiere pagar a la gente, pero nos embargaron todo, no nos dejan trabajar. Lo \u00fanico que pido es que me dejen trabajar\u201d, concluy\u00f3.<\/h3>\n<p><img decoding=\"async\" class=\"wp-image-25766 aligncenter\" src=\"https:\/\/apuntesdesanluis.com\/wp-content\/uploads\/2024\/11\/leonardo-cositorto-300x172.png\" alt=\"\" width=\"663\" height=\"380\" srcset=\"https:\/\/apuntesdesanluis.com\/wp-content\/uploads\/2024\/11\/leonardo-cositorto-300x172.png 300w, https:\/\/apuntesdesanluis.com\/wp-content\/uploads\/2024\/11\/leonardo-cositorto-768x441.png 768w, https:\/\/apuntesdesanluis.com\/wp-content\/uploads\/2024\/11\/leonardo-cositorto.png 873w\" sizes=\"(max-width: 663px) 100vw, 663px\" \/><\/p>\n<h3>La de este lunes se considera una jornada clave porque se espera que brinde su testimonio Jonathan Vargas, ex cu\u00f1ado (tiene una hija con la hermana) de los imputados Lucas Dami\u00e1n Camellino, Nicol\u00e1s Ismael Medina y Javier Sebasti\u00e1n Medina, y quien habr\u00eda sido presentado en su momento por Cositorto como el encargado de Generaci\u00f3n Zoe en Goya. Adem\u00e1s, brindar\u00e1 su versi\u00f3n de los hechos Adri\u00e1n Cosentino, ex presidente de la Comisi\u00f3n Nacional de Valores (CNV).<\/h3>\n<h3>La causa tambi\u00e9n tiene como imputados a Miguel \u00c1ngel Echegaray y Maximiliano Javier Batista, quienes junto a Cositorto est\u00e1n acusados de realizar 163 hechos de estafa reiterada.<\/h3>\n<h3>Los tres se encuentran detenidos en el penal de Bouwer, en la provincia de C\u00f3rdoba, y fueron trasladados para el juicio a la ciudad correntina de Goya; mientras el resto de los implicados llegaron al juicio en libertad. El caso, que cuenta adem\u00e1s con una serie en la plataforma Netflix, est\u00e1 atravesando el primer juicio oral en la ciudad correntina de Goya, una de las localidades donde se registraron denuncias por estafa en contra de la entidad.<\/h3>\n<h3>Recientemente, el l\u00edder de Generaci\u00f3n Zoe les ofreci\u00f3 a los fiscales un acuerdo econ\u00f3mico para compensar a las v\u00edctimas. Sin embargo, todo fue rechazado por los letrados Guillermo Barry y Juan Carlos Castillo, luego de que no se cumpla con la revisi\u00f3n de la Fiscal\u00eda General de Corrientes, a cargo de C\u00e9sar Sotelo.<\/h3>\n<h3>El juicio en la ciudad correntina de Goya comenz\u00f3 el pasado 16 de octubre y se extender\u00e1, al menos, hasta el 11 de diciembre.<\/h3>\n<p>&nbsp;<\/p>\n<p>&nbsp;<\/p>\n<p>&nbsp;<\/p>\n<p>&nbsp;<\/p>\n<p>&nbsp;<\/p>\n<p>&nbsp;<\/p>\n","protected":false},"excerpt":{"rendered":"<p>En el marco de una nueva audiencia p\u00fablica por el juicio en Goya por la&#8230;<\/p>\n","protected":false},"author":1,"featured_media":25765,"comment_status":"closed","ping_status":"closed","sticky":false,"template":"","format":"standard","meta":{"footnotes":""},"categories":[5],"tags":[],"class_list":["post-25764","post","type-post","status-publish","format-standard","has-post-thumbnail","hentry","category-nacionales-internacionales"],"yoast_head":"<!-- This site is optimized with the Yoast SEO plugin v26.1.1 - https:\/\/yoast.com\/wordpress\/plugins\/seo\/ -->\n<title>COSITORTO NO TIENE CARA: EN EL JUICIO EN SU CONTRA, DECLAR\u00d3 QUE \u201cHUBO INFILTRADOS\u201d EN SU ORGANIZACI\u00d3N - Apuntes de San Luis<\/title>\n<meta name=\"robots\" content=\"index, follow, max-snippet:-1, max-image-preview:large, max-video-preview:-1\" \/>\n<link rel=\"canonical\" href=\"https:\/\/apuntesdesanluis.com\/index.php\/2024\/11\/25\/cositorto-no-tiene-cara-en-el-juicio-en-su-contra-declaro-que-hubo-infiltrados-en-su-organizacion\/\" \/>\n<meta property=\"og:locale\" content=\"es_ES\" \/>\n<meta property=\"og:type\" content=\"article\" \/>\n<meta property=\"og:title\" content=\"COSITORTO NO TIENE CARA: EN EL JUICIO EN SU CONTRA, DECLAR\u00d3 QUE \u201cHUBO INFILTRADOS\u201d EN SU ORGANIZACI\u00d3N - Apuntes de San Luis\" \/>\n<meta property=\"og:description\" content=\"En el marco de una nueva audiencia p\u00fablica por el juicio en Goya por la...\" \/>\n<meta property=\"og:url\" content=\"https:\/\/apuntesdesanluis.com\/index.php\/2024\/11\/25\/cositorto-no-tiene-cara-en-el-juicio-en-su-contra-declaro-que-hubo-infiltrados-en-su-organizacion\/\" \/>\n<meta property=\"og:site_name\" content=\"Apuntes de San Luis\" \/>\n<meta property=\"article:published_time\" content=\"2024-11-25T19:54:37+00:00\" \/>\n<meta property=\"og:image\" content=\"https:\/\/apuntesdesanluis.com\/wp-content\/uploads\/2024\/11\/cositorto.png\" \/>\n\t<meta property=\"og:image:width\" content=\"756\" \/>\n\t<meta property=\"og:image:height\" content=\"548\" \/>\n\t<meta property=\"og:image:type\" content=\"image\/png\" \/>\n<meta name=\"author\" content=\"apuntesdesanluis.com\" \/>\n<meta name=\"twitter:card\" content=\"summary_large_image\" \/>\n<meta name=\"twitter:label1\" content=\"Escrito por\" \/>\n\t<meta name=\"twitter:data1\" content=\"apuntesdesanluis.com\" \/>\n\t<meta name=\"twitter:label2\" content=\"Tiempo de lectura\" \/>\n\t<meta name=\"twitter:data2\" content=\"4 minutos\" \/>\n<script type=\"application\/ld+json\" class=\"yoast-schema-graph\">{\"@context\":\"https:\/\/schema.org\",\"@graph\":[{\"@type\":\"Article\",\"@id\":\"https:\/\/apuntesdesanluis.com\/index.php\/2024\/11\/25\/cositorto-no-tiene-cara-en-el-juicio-en-su-contra-declaro-que-hubo-infiltrados-en-su-organizacion\/#article\",\"isPartOf\":{\"@id\":\"https:\/\/apuntesdesanluis.com\/index.php\/2024\/11\/25\/cositorto-no-tiene-cara-en-el-juicio-en-su-contra-declaro-que-hubo-infiltrados-en-su-organizacion\/\"},\"author\":{\"name\":\"apuntesdesanluis.com\",\"@id\":\"https:\/\/apuntesdesanluis.com\/#\/schema\/person\/b55151d52296fcce64d1a72538a70b90\"},\"headline\":\"COSITORTO NO TIENE CARA: EN EL JUICIO EN SU CONTRA, DECLAR\u00d3 QUE \u201cHUBO INFILTRADOS\u201d EN SU ORGANIZACI\u00d3N\",\"datePublished\":\"2024-11-25T19:54:37+00:00\",\"mainEntityOfPage\":{\"@id\":\"https:\/\/apuntesdesanluis.com\/index.php\/2024\/11\/25\/cositorto-no-tiene-cara-en-el-juicio-en-su-contra-declaro-que-hubo-infiltrados-en-su-organizacion\/\"},\"wordCount\":764,\"publisher\":{\"@id\":\"https:\/\/apuntesdesanluis.com\/#\/schema\/person\/b55151d52296fcce64d1a72538a70b90\"},\"image\":{\"@id\":\"https:\/\/apuntesdesanluis.com\/index.php\/2024\/11\/25\/cositorto-no-tiene-cara-en-el-juicio-en-su-contra-declaro-que-hubo-infiltrados-en-su-organizacion\/#primaryimage\"},\"thumbnailUrl\":\"https:\/\/apuntesdesanluis.com\/wp-content\/uploads\/2024\/11\/cositorto.png\",\"articleSection\":[\"Nacionales\/Internacionales\"],\"inLanguage\":\"es-AR\"},{\"@type\":\"WebPage\",\"@id\":\"https:\/\/apuntesdesanluis.com\/index.php\/2024\/11\/25\/cositorto-no-tiene-cara-en-el-juicio-en-su-contra-declaro-que-hubo-infiltrados-en-su-organizacion\/\",\"url\":\"https:\/\/apuntesdesanluis.com\/index.php\/2024\/11\/25\/cositorto-no-tiene-cara-en-el-juicio-en-su-contra-declaro-que-hubo-infiltrados-en-su-organizacion\/\",\"name\":\"COSITORTO NO TIENE CARA: EN EL JUICIO EN SU CONTRA, DECLAR\u00d3 QUE \u201cHUBO INFILTRADOS\u201d EN SU ORGANIZACI\u00d3N - Apuntes de San Luis\",\"isPartOf\":{\"@id\":\"https:\/\/apuntesdesanluis.com\/#website\"},\"primaryImageOfPage\":{\"@id\":\"https:\/\/apuntesdesanluis.com\/index.php\/2024\/11\/25\/cositorto-no-tiene-cara-en-el-juicio-en-su-contra-declaro-que-hubo-infiltrados-en-su-organizacion\/#primaryimage\"},\"image\":{\"@id\":\"https:\/\/apuntesdesanluis.com\/index.php\/2024\/11\/25\/cositorto-no-tiene-cara-en-el-juicio-en-su-contra-declaro-que-hubo-infiltrados-en-su-organizacion\/#primaryimage\"},\"thumbnailUrl\":\"https:\/\/apuntesdesanluis.com\/wp-content\/uploads\/2024\/11\/cositorto.png\",\"datePublished\":\"2024-11-25T19:54:37+00:00\",\"breadcrumb\":{\"@id\":\"https:\/\/apuntesdesanluis.com\/index.php\/2024\/11\/25\/cositorto-no-tiene-cara-en-el-juicio-en-su-contra-declaro-que-hubo-infiltrados-en-su-organizacion\/#breadcrumb\"},\"inLanguage\":\"es-AR\",\"potentialAction\":[{\"@type\":\"ReadAction\",\"target\":[\"https:\/\/apuntesdesanluis.com\/index.php\/2024\/11\/25\/cositorto-no-tiene-cara-en-el-juicio-en-su-contra-declaro-que-hubo-infiltrados-en-su-organizacion\/\"]}]},{\"@type\":\"ImageObject\",\"inLanguage\":\"es-AR\",\"@id\":\"https:\/\/apuntesdesanluis.com\/index.php\/2024\/11\/25\/cositorto-no-tiene-cara-en-el-juicio-en-su-contra-declaro-que-hubo-infiltrados-en-su-organizacion\/#primaryimage\",\"url\":\"https:\/\/apuntesdesanluis.com\/wp-content\/uploads\/2024\/11\/cositorto.png\",\"contentUrl\":\"https:\/\/apuntesdesanluis.com\/wp-content\/uploads\/2024\/11\/cositorto.png\",\"width\":756,\"height\":548},{\"@type\":\"BreadcrumbList\",\"@id\":\"https:\/\/apuntesdesanluis.com\/index.php\/2024\/11\/25\/cositorto-no-tiene-cara-en-el-juicio-en-su-contra-declaro-que-hubo-infiltrados-en-su-organizacion\/#breadcrumb\",\"itemListElement\":[{\"@type\":\"ListItem\",\"position\":1,\"name\":\"Inicio\",\"item\":\"https:\/\/apuntesdesanluis.com\/\"},{\"@type\":\"ListItem\",\"position\":2,\"name\":\"COSITORTO NO TIENE CARA: EN EL JUICIO EN SU CONTRA, DECLAR\u00d3 QUE \u201cHUBO INFILTRADOS\u201d EN SU ORGANIZACI\u00d3N\"}]},{\"@type\":\"WebSite\",\"@id\":\"https:\/\/apuntesdesanluis.com\/#website\",\"url\":\"https:\/\/apuntesdesanluis.com\/\",\"name\":\"Apuntes de San Luis\",\"description\":\"\",\"publisher\":{\"@id\":\"https:\/\/apuntesdesanluis.com\/#\/schema\/person\/b55151d52296fcce64d1a72538a70b90\"},\"potentialAction\":[{\"@type\":\"SearchAction\",\"target\":{\"@type\":\"EntryPoint\",\"urlTemplate\":\"https:\/\/apuntesdesanluis.com\/?s={search_term_string}\"},\"query-input\":{\"@type\":\"PropertyValueSpecification\",\"valueRequired\":true,\"valueName\":\"search_term_string\"}}],\"inLanguage\":\"es-AR\"},{\"@type\":[\"Person\",\"Organization\"],\"@id\":\"https:\/\/apuntesdesanluis.com\/#\/schema\/person\/b55151d52296fcce64d1a72538a70b90\",\"name\":\"apuntesdesanluis.com\",\"image\":{\"@type\":\"ImageObject\",\"inLanguage\":\"es-AR\",\"@id\":\"https:\/\/apuntesdesanluis.com\/#\/schema\/person\/image\/\",\"url\":\"https:\/\/apuntesdesanluis.com\/wp-content\/uploads\/2023\/07\/cropped-apuntesdesanluis.png\",\"contentUrl\":\"https:\/\/apuntesdesanluis.com\/wp-content\/uploads\/2023\/07\/cropped-apuntesdesanluis.png\",\"width\":450,\"height\":112,\"caption\":\"apuntesdesanluis.com\"},\"logo\":{\"@id\":\"https:\/\/apuntesdesanluis.com\/#\/schema\/person\/image\/\"},\"sameAs\":[\"https:\/\/apuntesdesanluis.com\"],\"url\":\"https:\/\/apuntesdesanluis.com\/index.php\/author\/apuntesdesanluis-com\/\"}]}<\/script>\n<!-- \/ Yoast SEO plugin. -->","yoast_head_json":{"title":"COSITORTO NO TIENE CARA: EN EL JUICIO EN SU CONTRA, DECLAR\u00d3 QUE \u201cHUBO INFILTRADOS\u201d EN SU ORGANIZACI\u00d3N - Apuntes de San Luis","robots":{"index":"index","follow":"follow","max-snippet":"max-snippet:-1","max-image-preview":"max-image-preview:large","max-video-preview":"max-video-preview:-1"},"canonical":"https:\/\/apuntesdesanluis.com\/index.php\/2024\/11\/25\/cositorto-no-tiene-cara-en-el-juicio-en-su-contra-declaro-que-hubo-infiltrados-en-su-organizacion\/","og_locale":"es_ES","og_type":"article","og_title":"COSITORTO NO TIENE CARA: EN EL JUICIO EN SU CONTRA, DECLAR\u00d3 QUE \u201cHUBO INFILTRADOS\u201d EN SU ORGANIZACI\u00d3N - Apuntes de San Luis","og_description":"En el marco de una nueva audiencia p\u00fablica por el juicio en Goya por la...","og_url":"https:\/\/apuntesdesanluis.com\/index.php\/2024\/11\/25\/cositorto-no-tiene-cara-en-el-juicio-en-su-contra-declaro-que-hubo-infiltrados-en-su-organizacion\/","og_site_name":"Apuntes de San Luis","article_published_time":"2024-11-25T19:54:37+00:00","og_image":[{"width":756,"height":548,"url":"https:\/\/apuntesdesanluis.com\/wp-content\/uploads\/2024\/11\/cositorto.png","type":"image\/png"}],"author":"apuntesdesanluis.com","twitter_card":"summary_large_image","twitter_misc":{"Escrito por":"apuntesdesanluis.com","Tiempo de lectura":"4 minutos"},"schema":{"@context":"https:\/\/schema.org","@graph":[{"@type":"Article","@id":"https:\/\/apuntesdesanluis.com\/index.php\/2024\/11\/25\/cositorto-no-tiene-cara-en-el-juicio-en-su-contra-declaro-que-hubo-infiltrados-en-su-organizacion\/#article","isPartOf":{"@id":"https:\/\/apuntesdesanluis.com\/index.php\/2024\/11\/25\/cositorto-no-tiene-cara-en-el-juicio-en-su-contra-declaro-que-hubo-infiltrados-en-su-organizacion\/"},"author":{"name":"apuntesdesanluis.com","@id":"https:\/\/apuntesdesanluis.com\/#\/schema\/person\/b55151d52296fcce64d1a72538a70b90"},"headline":"COSITORTO NO TIENE CARA: EN EL JUICIO EN SU CONTRA, DECLAR\u00d3 QUE \u201cHUBO INFILTRADOS\u201d EN SU ORGANIZACI\u00d3N","datePublished":"2024-11-25T19:54:37+00:00","mainEntityOfPage":{"@id":"https:\/\/apuntesdesanluis.com\/index.php\/2024\/11\/25\/cositorto-no-tiene-cara-en-el-juicio-en-su-contra-declaro-que-hubo-infiltrados-en-su-organizacion\/"},"wordCount":764,"publisher":{"@id":"https:\/\/apuntesdesanluis.com\/#\/schema\/person\/b55151d52296fcce64d1a72538a70b90"},"image":{"@id":"https:\/\/apuntesdesanluis.com\/index.php\/2024\/11\/25\/cositorto-no-tiene-cara-en-el-juicio-en-su-contra-declaro-que-hubo-infiltrados-en-su-organizacion\/#primaryimage"},"thumbnailUrl":"https:\/\/apuntesdesanluis.com\/wp-content\/uploads\/2024\/11\/cositorto.png","articleSection":["Nacionales\/Internacionales"],"inLanguage":"es-AR"},{"@type":"WebPage","@id":"https:\/\/apuntesdesanluis.com\/index.php\/2024\/11\/25\/cositorto-no-tiene-cara-en-el-juicio-en-su-contra-declaro-que-hubo-infiltrados-en-su-organizacion\/","url":"https:\/\/apuntesdesanluis.com\/index.php\/2024\/11\/25\/cositorto-no-tiene-cara-en-el-juicio-en-su-contra-declaro-que-hubo-infiltrados-en-su-organizacion\/","name":"COSITORTO NO TIENE CARA: EN EL JUICIO EN SU CONTRA, DECLAR\u00d3 QUE \u201cHUBO INFILTRADOS\u201d EN SU ORGANIZACI\u00d3N - Apuntes de San Luis","isPartOf":{"@id":"https:\/\/apuntesdesanluis.com\/#website"},"primaryImageOfPage":{"@id":"https:\/\/apuntesdesanluis.com\/index.php\/2024\/11\/25\/cositorto-no-tiene-cara-en-el-juicio-en-su-contra-declaro-que-hubo-infiltrados-en-su-organizacion\/#primaryimage"},"image":{"@id":"https:\/\/apuntesdesanluis.com\/index.php\/2024\/11\/25\/cositorto-no-tiene-cara-en-el-juicio-en-su-contra-declaro-que-hubo-infiltrados-en-su-organizacion\/#primaryimage"},"thumbnailUrl":"https:\/\/apuntesdesanluis.com\/wp-content\/uploads\/2024\/11\/cositorto.png","datePublished":"2024-11-25T19:54:37+00:00","breadcrumb":{"@id":"https:\/\/apuntesdesanluis.com\/index.php\/2024\/11\/25\/cositorto-no-tiene-cara-en-el-juicio-en-su-contra-declaro-que-hubo-infiltrados-en-su-organizacion\/#breadcrumb"},"inLanguage":"es-AR","potentialAction":[{"@type":"ReadAction","target":["https:\/\/apuntesdesanluis.com\/index.php\/2024\/11\/25\/cositorto-no-tiene-cara-en-el-juicio-en-su-contra-declaro-que-hubo-infiltrados-en-su-organizacion\/"]}]},{"@type":"ImageObject","inLanguage":"es-AR","@id":"https:\/\/apuntesdesanluis.com\/index.php\/2024\/11\/25\/cositorto-no-tiene-cara-en-el-juicio-en-su-contra-declaro-que-hubo-infiltrados-en-su-organizacion\/#primaryimage","url":"https:\/\/apuntesdesanluis.com\/wp-content\/uploads\/2024\/11\/cositorto.png","contentUrl":"https:\/\/apuntesdesanluis.com\/wp-content\/uploads\/2024\/11\/cositorto.png","width":756,"height":548},{"@type":"BreadcrumbList","@id":"https:\/\/apuntesdesanluis.com\/index.php\/2024\/11\/25\/cositorto-no-tiene-cara-en-el-juicio-en-su-contra-declaro-que-hubo-infiltrados-en-su-organizacion\/#breadcrumb","itemListElement":[{"@type":"ListItem","position":1,"name":"Inicio","item":"https:\/\/apuntesdesanluis.com\/"},{"@type":"ListItem","position":2,"name":"COSITORTO NO TIENE CARA: EN EL JUICIO EN SU CONTRA, DECLAR\u00d3 QUE \u201cHUBO INFILTRADOS\u201d EN SU ORGANIZACI\u00d3N"}]},{"@type":"WebSite","@id":"https:\/\/apuntesdesanluis.com\/#website","url":"https:\/\/apuntesdesanluis.com\/","name":"Apuntes de San Luis","description":"","publisher":{"@id":"https:\/\/apuntesdesanluis.com\/#\/schema\/person\/b55151d52296fcce64d1a72538a70b90"},"potentialAction":[{"@type":"SearchAction","target":{"@type":"EntryPoint","urlTemplate":"https:\/\/apuntesdesanluis.com\/?s={search_term_string}"},"query-input":{"@type":"PropertyValueSpecification","valueRequired":true,"valueName":"search_term_string"}}],"inLanguage":"es-AR"},{"@type":["Person","Organization"],"@id":"https:\/\/apuntesdesanluis.com\/#\/schema\/person\/b55151d52296fcce64d1a72538a70b90","name":"apuntesdesanluis.com","image":{"@type":"ImageObject","inLanguage":"es-AR","@id":"https:\/\/apuntesdesanluis.com\/#\/schema\/person\/image\/","url":"https:\/\/apuntesdesanluis.com\/wp-content\/uploads\/2023\/07\/cropped-apuntesdesanluis.png","contentUrl":"https:\/\/apuntesdesanluis.com\/wp-content\/uploads\/2023\/07\/cropped-apuntesdesanluis.png","width":450,"height":112,"caption":"apuntesdesanluis.com"},"logo":{"@id":"https:\/\/apuntesdesanluis.com\/#\/schema\/person\/image\/"},"sameAs":["https:\/\/apuntesdesanluis.com"],"url":"https:\/\/apuntesdesanluis.com\/index.php\/author\/apuntesdesanluis-com\/"}]}},"featured_image_urls":{"full":["https:\/\/apuntesdesanluis.com\/wp-content\/uploads\/2024\/11\/cositorto.png",756,548,false],"thumbnail":["https:\/\/apuntesdesanluis.com\/wp-content\/uploads\/2024\/11\/cositorto-150x150.png",150,150,true],"medium":["https:\/\/apuntesdesanluis.com\/wp-content\/uploads\/2024\/11\/cositorto-300x217.png",300,217,true],"medium_large":["https:\/\/apuntesdesanluis.com\/wp-content\/uploads\/2024\/11\/cositorto.png",640,464,false],"large":["https:\/\/apuntesdesanluis.com\/wp-content\/uploads\/2024\/11\/cositorto.png",640,464,false],"1536x1536":["https:\/\/apuntesdesanluis.com\/wp-content\/uploads\/2024\/11\/cositorto.png",756,548,false],"2048x2048":["https:\/\/apuntesdesanluis.com\/wp-content\/uploads\/2024\/11\/cositorto.png",756,548,false],"newsever-slider-full":["https:\/\/apuntesdesanluis.com\/wp-content\/uploads\/2024\/11\/cositorto.png",756,548,false],"newsever-featured":["https:\/\/apuntesdesanluis.com\/wp-content\/uploads\/2024\/11\/cositorto.png",756,548,false],"newsever-medium":["https:\/\/apuntesdesanluis.com\/wp-content\/uploads\/2024\/11\/cositorto-720x475.png",720,475,true]},"author_info":{"display_name":"apuntesdesanluis.com","author_link":"https:\/\/apuntesdesanluis.com\/index.php\/author\/apuntesdesanluis-com\/"},"category_info":"<a href=\"https:\/\/apuntesdesanluis.com\/index.php\/category\/nacionales-internacionales\/\" rel=\"category tag\">Nacionales\/Internacionales<\/a>","tag_info":"Nacionales\/Internacionales","comment_count":"0","_links":{"self":[{"href":"https:\/\/apuntesdesanluis.com\/index.php\/wp-json\/wp\/v2\/posts\/25764","targetHints":{"allow":["GET"]}}],"collection":[{"href":"https:\/\/apuntesdesanluis.com\/index.php\/wp-json\/wp\/v2\/posts"}],"about":[{"href":"https:\/\/apuntesdesanluis.com\/index.php\/wp-json\/wp\/v2\/types\/post"}],"author":[{"embeddable":true,"href":"https:\/\/apuntesdesanluis.com\/index.php\/wp-json\/wp\/v2\/users\/1"}],"replies":[{"embeddable":true,"href":"https:\/\/apuntesdesanluis.com\/index.php\/wp-json\/wp\/v2\/comments?post=25764"}],"version-history":[{"count":1,"href":"https:\/\/apuntesdesanluis.com\/index.php\/wp-json\/wp\/v2\/posts\/25764\/revisions"}],"predecessor-version":[{"id":25767,"href":"https:\/\/apuntesdesanluis.com\/index.php\/wp-json\/wp\/v2\/posts\/25764\/revisions\/25767"}],"wp:featuredmedia":[{"embeddable":true,"href":"https:\/\/apuntesdesanluis.com\/index.php\/wp-json\/wp\/v2\/media\/25765"}],"wp:attachment":[{"href":"https:\/\/apuntesdesanluis.com\/index.php\/wp-json\/wp\/v2\/media?parent=25764"}],"wp:term":[{"taxonomy":"category","embeddable":true,"href":"https:\/\/apuntesdesanluis.com\/index.php\/wp-json\/wp\/v2\/categories?post=25764"},{"taxonomy":"post_tag","embeddable":true,"href":"https:\/\/apuntesdesanluis.com\/index.php\/wp-json\/wp\/v2\/tags?post=25764"}],"curies":[{"name":"wp","href":"https:\/\/api.w.org\/{rel}","templated":true}]}}