{"id":25778,"date":"2024-11-25T19:31:51","date_gmt":"2024-11-25T22:31:51","guid":{"rendered":"https:\/\/apuntesdesanluis.com\/?p=25778"},"modified":"2024-11-25T19:31:51","modified_gmt":"2024-11-25T22:31:51","slug":"perspectiva-de-genero-la-corte-anulo-una-condena-a-una-mujer-que-mato-su-ex-pareja","status":"publish","type":"post","link":"https:\/\/apuntesdesanluis.com\/index.php\/2024\/11\/25\/perspectiva-de-genero-la-corte-anulo-una-condena-a-una-mujer-que-mato-su-ex-pareja\/","title":{"rendered":"PERSPECTIVA DE G\u00c9NERO: LA CORTE ANUL\u00d3 UNA CONDENA A UNA MUJER QUE MAT\u00d3 SU EX PAREJA"},"content":{"rendered":"<h3>La <strong>Corte Suprema de Justicia<\/strong> de la Naci\u00f3n anul\u00f3 la condena de ocho a\u00f1os de prisi\u00f3n impuesta a <strong>Daiana Elizabeth Fern\u00e1ndez<\/strong> por el homicidio de su expareja, <strong>Facundo Saucedo<\/strong>. En una decisi\u00f3n clave, el tribunal orden\u00f3 dictar una nueva sentencia que contemple los momentos previos y posteriores al hecho, bajo el prisma de la perspectiva de g\u00e9nero.<\/h3>\n<h3>El 16 de octubre de 2011, Fern\u00e1ndez, de 19 a\u00f1os, se encontraba en su casa luego de asistir a un evento con amigos. Seg\u00fan su relato, hab\u00eda terminado su relaci\u00f3n con Saucedo dos semanas antes tras sufrir durante un a\u00f1o y medio violencia f\u00edsica y amenazas de muerte constantes, incluso con un arma de fuego. Adem\u00e1s, supo que Saucedo ten\u00eda denuncias previas por violencia dom\u00e9stica.<\/h3>\n<h3>Aquella madrugada, Saucedo ingres\u00f3 a la vivienda de Fern\u00e1ndez, la tom\u00f3 del cabello, la golpe\u00f3 y trat\u00f3 de llevarla por la fuerza a una habitaci\u00f3n. En un intento de defenderse, Fern\u00e1ndez, que estaba manipulando un cuchillo para picar hielo, hiri\u00f3 a Saucedo en el cuello, caus\u00e1ndole la muerte dos horas despu\u00e9s en el hospital.<\/h3>\n<h3><strong>EL PROCESO JUDICIAL <\/strong><\/h3>\n<h3>En 2013, el Tribunal Oral en lo Criminal N\u00b0 3 de Lomas de Zamora conden\u00f3 a Fern\u00e1ndez a 3 a\u00f1os y medio de prisi\u00f3n por homicidio preterintencional, tras considerar que el hecho ocurri\u00f3 en un contexto de violencia. Sin embargo, tanto la defensa como la fiscal\u00eda apelaron el fallo.<\/h3>\n<h3>Posteriormente, la Sala IV del Tribunal de Casaci\u00f3n Penal bonaerense desestim\u00f3 el planteo de la defensa y accedi\u00f3 al pedido de la fiscal\u00eda, incrementando la condena a ocho a\u00f1os de prisi\u00f3n. Este tribunal consider\u00f3 que no exist\u00edan circunstancias atenuantes o justificantes en el caso.<\/h3>\n<h3>La defensa llev\u00f3 el caso ante la Corte Suprema, que anul\u00f3 la sentencia de casaci\u00f3n. Con la firma de los jueces Horacio Rosatti, Carlos Rosenkrantz, Juan Carlos Maqueda y Ricardo Lorenzetti, el m\u00e1ximo tribunal orden\u00f3 que el caso regrese al tribunal de origen para dictar un nuevo fallo.<\/h3>\n<h3>As\u00ed la Corte bas\u00f3 su decisi\u00f3n en el precedente &#8220;Casal&#8221; (Fallos: 328:3399), que exige a los tribunales de casaci\u00f3n una revisi\u00f3n exhaustiva de las sentencias, superando la tradicional divisi\u00f3n entre hechos y derecho. Asimismo, enfatiz\u00f3 la necesidad de incorporar la perspectiva de g\u00e9nero al analizar casos que involucran violencia contra las mujeres.<\/h3>\n<h3>El fallo representa un paso significativo en la aplicaci\u00f3n de la perspectiva de g\u00e9nero en el sistema judicial argentino, al considerar el contexto de violencia que enfrent\u00f3 Fern\u00e1ndez antes y durante el incidente.<\/h3>\n<h3>La resoluci\u00f3n subraya la obligaci\u00f3n de los tribunales de evaluar exhaustivamente las circunstancias particulares de cada caso, especialmente cuando se trata de mujeres v\u00edctimas de violencia de g\u00e9nero. La revisi\u00f3n del caso sienta un precedente importante para garantizar que la justicia contemple las desigualdades estructurales que afectan a las mujeres en situaciones de violencia<\/h3>\n<p>&nbsp;<\/p>\n<p>&nbsp;<\/p>\n<p>&nbsp;<\/p>\n","protected":false},"excerpt":{"rendered":"<p>La Corte Suprema de Justicia de la Naci\u00f3n anul\u00f3 la condena de ocho a\u00f1os de&#8230;<\/p>\n","protected":false},"author":1,"featured_media":25779,"comment_status":"closed","ping_status":"closed","sticky":false,"template":"","format":"standard","meta":{"footnotes":""},"categories":[5],"tags":[],"class_list":["post-25778","post","type-post","status-publish","format-standard","has-post-thumbnail","hentry","category-nacionales-internacionales"],"yoast_head":"<!-- This site is optimized with the Yoast SEO plugin v26.1.1 - https:\/\/yoast.com\/wordpress\/plugins\/seo\/ -->\n<title>PERSPECTIVA DE G\u00c9NERO: LA CORTE ANUL\u00d3 UNA CONDENA A UNA MUJER QUE MAT\u00d3 SU EX PAREJA - Apuntes de San Luis<\/title>\n<meta name=\"robots\" content=\"index, follow, max-snippet:-1, max-image-preview:large, max-video-preview:-1\" \/>\n<link rel=\"canonical\" href=\"https:\/\/apuntesdesanluis.com\/index.php\/2024\/11\/25\/perspectiva-de-genero-la-corte-anulo-una-condena-a-una-mujer-que-mato-su-ex-pareja\/\" \/>\n<meta property=\"og:locale\" content=\"es_ES\" \/>\n<meta property=\"og:type\" content=\"article\" \/>\n<meta property=\"og:title\" content=\"PERSPECTIVA DE G\u00c9NERO: LA CORTE ANUL\u00d3 UNA CONDENA A UNA MUJER QUE MAT\u00d3 SU EX PAREJA - Apuntes de San Luis\" \/>\n<meta property=\"og:description\" content=\"La Corte Suprema de Justicia de la Naci\u00f3n anul\u00f3 la condena de ocho a\u00f1os de...\" \/>\n<meta property=\"og:url\" content=\"https:\/\/apuntesdesanluis.com\/index.php\/2024\/11\/25\/perspectiva-de-genero-la-corte-anulo-una-condena-a-una-mujer-que-mato-su-ex-pareja\/\" \/>\n<meta property=\"og:site_name\" content=\"Apuntes de San Luis\" \/>\n<meta property=\"article:published_time\" content=\"2024-11-25T22:31:51+00:00\" \/>\n<meta property=\"og:image\" content=\"https:\/\/apuntesdesanluis.com\/wp-content\/uploads\/2024\/11\/perspectiva-de-genero.png\" \/>\n\t<meta property=\"og:image:width\" content=\"701\" \/>\n\t<meta property=\"og:image:height\" content=\"460\" \/>\n\t<meta property=\"og:image:type\" content=\"image\/png\" \/>\n<meta name=\"author\" content=\"apuntesdesanluis.com\" \/>\n<meta name=\"twitter:card\" content=\"summary_large_image\" \/>\n<meta name=\"twitter:label1\" content=\"Escrito por\" \/>\n\t<meta name=\"twitter:data1\" content=\"apuntesdesanluis.com\" \/>\n\t<meta name=\"twitter:label2\" content=\"Tiempo de lectura\" \/>\n\t<meta name=\"twitter:data2\" content=\"3 minutos\" \/>\n<script type=\"application\/ld+json\" class=\"yoast-schema-graph\">{\"@context\":\"https:\/\/schema.org\",\"@graph\":[{\"@type\":\"Article\",\"@id\":\"https:\/\/apuntesdesanluis.com\/index.php\/2024\/11\/25\/perspectiva-de-genero-la-corte-anulo-una-condena-a-una-mujer-que-mato-su-ex-pareja\/#article\",\"isPartOf\":{\"@id\":\"https:\/\/apuntesdesanluis.com\/index.php\/2024\/11\/25\/perspectiva-de-genero-la-corte-anulo-una-condena-a-una-mujer-que-mato-su-ex-pareja\/\"},\"author\":{\"name\":\"apuntesdesanluis.com\",\"@id\":\"https:\/\/apuntesdesanluis.com\/#\/schema\/person\/b55151d52296fcce64d1a72538a70b90\"},\"headline\":\"PERSPECTIVA DE G\u00c9NERO: LA CORTE ANUL\u00d3 UNA CONDENA A UNA MUJER QUE MAT\u00d3 SU EX PAREJA\",\"datePublished\":\"2024-11-25T22:31:51+00:00\",\"mainEntityOfPage\":{\"@id\":\"https:\/\/apuntesdesanluis.com\/index.php\/2024\/11\/25\/perspectiva-de-genero-la-corte-anulo-una-condena-a-una-mujer-que-mato-su-ex-pareja\/\"},\"wordCount\":517,\"publisher\":{\"@id\":\"https:\/\/apuntesdesanluis.com\/#\/schema\/person\/b55151d52296fcce64d1a72538a70b90\"},\"image\":{\"@id\":\"https:\/\/apuntesdesanluis.com\/index.php\/2024\/11\/25\/perspectiva-de-genero-la-corte-anulo-una-condena-a-una-mujer-que-mato-su-ex-pareja\/#primaryimage\"},\"thumbnailUrl\":\"https:\/\/apuntesdesanluis.com\/wp-content\/uploads\/2024\/11\/perspectiva-de-genero.png\",\"articleSection\":[\"Nacionales\/Internacionales\"],\"inLanguage\":\"es-AR\"},{\"@type\":\"WebPage\",\"@id\":\"https:\/\/apuntesdesanluis.com\/index.php\/2024\/11\/25\/perspectiva-de-genero-la-corte-anulo-una-condena-a-una-mujer-que-mato-su-ex-pareja\/\",\"url\":\"https:\/\/apuntesdesanluis.com\/index.php\/2024\/11\/25\/perspectiva-de-genero-la-corte-anulo-una-condena-a-una-mujer-que-mato-su-ex-pareja\/\",\"name\":\"PERSPECTIVA DE G\u00c9NERO: LA CORTE ANUL\u00d3 UNA CONDENA A UNA MUJER QUE MAT\u00d3 SU EX PAREJA - Apuntes de San Luis\",\"isPartOf\":{\"@id\":\"https:\/\/apuntesdesanluis.com\/#website\"},\"primaryImageOfPage\":{\"@id\":\"https:\/\/apuntesdesanluis.com\/index.php\/2024\/11\/25\/perspectiva-de-genero-la-corte-anulo-una-condena-a-una-mujer-que-mato-su-ex-pareja\/#primaryimage\"},\"image\":{\"@id\":\"https:\/\/apuntesdesanluis.com\/index.php\/2024\/11\/25\/perspectiva-de-genero-la-corte-anulo-una-condena-a-una-mujer-que-mato-su-ex-pareja\/#primaryimage\"},\"thumbnailUrl\":\"https:\/\/apuntesdesanluis.com\/wp-content\/uploads\/2024\/11\/perspectiva-de-genero.png\",\"datePublished\":\"2024-11-25T22:31:51+00:00\",\"breadcrumb\":{\"@id\":\"https:\/\/apuntesdesanluis.com\/index.php\/2024\/11\/25\/perspectiva-de-genero-la-corte-anulo-una-condena-a-una-mujer-que-mato-su-ex-pareja\/#breadcrumb\"},\"inLanguage\":\"es-AR\",\"potentialAction\":[{\"@type\":\"ReadAction\",\"target\":[\"https:\/\/apuntesdesanluis.com\/index.php\/2024\/11\/25\/perspectiva-de-genero-la-corte-anulo-una-condena-a-una-mujer-que-mato-su-ex-pareja\/\"]}]},{\"@type\":\"ImageObject\",\"inLanguage\":\"es-AR\",\"@id\":\"https:\/\/apuntesdesanluis.com\/index.php\/2024\/11\/25\/perspectiva-de-genero-la-corte-anulo-una-condena-a-una-mujer-que-mato-su-ex-pareja\/#primaryimage\",\"url\":\"https:\/\/apuntesdesanluis.com\/wp-content\/uploads\/2024\/11\/perspectiva-de-genero.png\",\"contentUrl\":\"https:\/\/apuntesdesanluis.com\/wp-content\/uploads\/2024\/11\/perspectiva-de-genero.png\",\"width\":701,\"height\":460},{\"@type\":\"BreadcrumbList\",\"@id\":\"https:\/\/apuntesdesanluis.com\/index.php\/2024\/11\/25\/perspectiva-de-genero-la-corte-anulo-una-condena-a-una-mujer-que-mato-su-ex-pareja\/#breadcrumb\",\"itemListElement\":[{\"@type\":\"ListItem\",\"position\":1,\"name\":\"Inicio\",\"item\":\"https:\/\/apuntesdesanluis.com\/\"},{\"@type\":\"ListItem\",\"position\":2,\"name\":\"PERSPECTIVA DE G\u00c9NERO: LA CORTE ANUL\u00d3 UNA CONDENA A UNA MUJER QUE MAT\u00d3 SU EX PAREJA\"}]},{\"@type\":\"WebSite\",\"@id\":\"https:\/\/apuntesdesanluis.com\/#website\",\"url\":\"https:\/\/apuntesdesanluis.com\/\",\"name\":\"Apuntes de San Luis\",\"description\":\"\",\"publisher\":{\"@id\":\"https:\/\/apuntesdesanluis.com\/#\/schema\/person\/b55151d52296fcce64d1a72538a70b90\"},\"potentialAction\":[{\"@type\":\"SearchAction\",\"target\":{\"@type\":\"EntryPoint\",\"urlTemplate\":\"https:\/\/apuntesdesanluis.com\/?s={search_term_string}\"},\"query-input\":{\"@type\":\"PropertyValueSpecification\",\"valueRequired\":true,\"valueName\":\"search_term_string\"}}],\"inLanguage\":\"es-AR\"},{\"@type\":[\"Person\",\"Organization\"],\"@id\":\"https:\/\/apuntesdesanluis.com\/#\/schema\/person\/b55151d52296fcce64d1a72538a70b90\",\"name\":\"apuntesdesanluis.com\",\"image\":{\"@type\":\"ImageObject\",\"inLanguage\":\"es-AR\",\"@id\":\"https:\/\/apuntesdesanluis.com\/#\/schema\/person\/image\/\",\"url\":\"https:\/\/apuntesdesanluis.com\/wp-content\/uploads\/2023\/07\/cropped-apuntesdesanluis.png\",\"contentUrl\":\"https:\/\/apuntesdesanluis.com\/wp-content\/uploads\/2023\/07\/cropped-apuntesdesanluis.png\",\"width\":450,\"height\":112,\"caption\":\"apuntesdesanluis.com\"},\"logo\":{\"@id\":\"https:\/\/apuntesdesanluis.com\/#\/schema\/person\/image\/\"},\"sameAs\":[\"https:\/\/apuntesdesanluis.com\"],\"url\":\"https:\/\/apuntesdesanluis.com\/index.php\/author\/apuntesdesanluis-com\/\"}]}<\/script>\n<!-- \/ Yoast SEO plugin. -->","yoast_head_json":{"title":"PERSPECTIVA DE G\u00c9NERO: LA CORTE ANUL\u00d3 UNA CONDENA A UNA MUJER QUE MAT\u00d3 SU EX PAREJA - Apuntes de San Luis","robots":{"index":"index","follow":"follow","max-snippet":"max-snippet:-1","max-image-preview":"max-image-preview:large","max-video-preview":"max-video-preview:-1"},"canonical":"https:\/\/apuntesdesanluis.com\/index.php\/2024\/11\/25\/perspectiva-de-genero-la-corte-anulo-una-condena-a-una-mujer-que-mato-su-ex-pareja\/","og_locale":"es_ES","og_type":"article","og_title":"PERSPECTIVA DE G\u00c9NERO: LA CORTE ANUL\u00d3 UNA CONDENA A UNA MUJER QUE MAT\u00d3 SU EX PAREJA - Apuntes de San Luis","og_description":"La Corte Suprema de Justicia de la Naci\u00f3n anul\u00f3 la condena de ocho a\u00f1os de...","og_url":"https:\/\/apuntesdesanluis.com\/index.php\/2024\/11\/25\/perspectiva-de-genero-la-corte-anulo-una-condena-a-una-mujer-que-mato-su-ex-pareja\/","og_site_name":"Apuntes de San Luis","article_published_time":"2024-11-25T22:31:51+00:00","og_image":[{"width":701,"height":460,"url":"https:\/\/apuntesdesanluis.com\/wp-content\/uploads\/2024\/11\/perspectiva-de-genero.png","type":"image\/png"}],"author":"apuntesdesanluis.com","twitter_card":"summary_large_image","twitter_misc":{"Escrito por":"apuntesdesanluis.com","Tiempo de lectura":"3 minutos"},"schema":{"@context":"https:\/\/schema.org","@graph":[{"@type":"Article","@id":"https:\/\/apuntesdesanluis.com\/index.php\/2024\/11\/25\/perspectiva-de-genero-la-corte-anulo-una-condena-a-una-mujer-que-mato-su-ex-pareja\/#article","isPartOf":{"@id":"https:\/\/apuntesdesanluis.com\/index.php\/2024\/11\/25\/perspectiva-de-genero-la-corte-anulo-una-condena-a-una-mujer-que-mato-su-ex-pareja\/"},"author":{"name":"apuntesdesanluis.com","@id":"https:\/\/apuntesdesanluis.com\/#\/schema\/person\/b55151d52296fcce64d1a72538a70b90"},"headline":"PERSPECTIVA DE G\u00c9NERO: LA CORTE ANUL\u00d3 UNA CONDENA A UNA MUJER QUE MAT\u00d3 SU EX PAREJA","datePublished":"2024-11-25T22:31:51+00:00","mainEntityOfPage":{"@id":"https:\/\/apuntesdesanluis.com\/index.php\/2024\/11\/25\/perspectiva-de-genero-la-corte-anulo-una-condena-a-una-mujer-que-mato-su-ex-pareja\/"},"wordCount":517,"publisher":{"@id":"https:\/\/apuntesdesanluis.com\/#\/schema\/person\/b55151d52296fcce64d1a72538a70b90"},"image":{"@id":"https:\/\/apuntesdesanluis.com\/index.php\/2024\/11\/25\/perspectiva-de-genero-la-corte-anulo-una-condena-a-una-mujer-que-mato-su-ex-pareja\/#primaryimage"},"thumbnailUrl":"https:\/\/apuntesdesanluis.com\/wp-content\/uploads\/2024\/11\/perspectiva-de-genero.png","articleSection":["Nacionales\/Internacionales"],"inLanguage":"es-AR"},{"@type":"WebPage","@id":"https:\/\/apuntesdesanluis.com\/index.php\/2024\/11\/25\/perspectiva-de-genero-la-corte-anulo-una-condena-a-una-mujer-que-mato-su-ex-pareja\/","url":"https:\/\/apuntesdesanluis.com\/index.php\/2024\/11\/25\/perspectiva-de-genero-la-corte-anulo-una-condena-a-una-mujer-que-mato-su-ex-pareja\/","name":"PERSPECTIVA DE G\u00c9NERO: LA CORTE ANUL\u00d3 UNA CONDENA A UNA MUJER QUE MAT\u00d3 SU EX PAREJA - Apuntes de San Luis","isPartOf":{"@id":"https:\/\/apuntesdesanluis.com\/#website"},"primaryImageOfPage":{"@id":"https:\/\/apuntesdesanluis.com\/index.php\/2024\/11\/25\/perspectiva-de-genero-la-corte-anulo-una-condena-a-una-mujer-que-mato-su-ex-pareja\/#primaryimage"},"image":{"@id":"https:\/\/apuntesdesanluis.com\/index.php\/2024\/11\/25\/perspectiva-de-genero-la-corte-anulo-una-condena-a-una-mujer-que-mato-su-ex-pareja\/#primaryimage"},"thumbnailUrl":"https:\/\/apuntesdesanluis.com\/wp-content\/uploads\/2024\/11\/perspectiva-de-genero.png","datePublished":"2024-11-25T22:31:51+00:00","breadcrumb":{"@id":"https:\/\/apuntesdesanluis.com\/index.php\/2024\/11\/25\/perspectiva-de-genero-la-corte-anulo-una-condena-a-una-mujer-que-mato-su-ex-pareja\/#breadcrumb"},"inLanguage":"es-AR","potentialAction":[{"@type":"ReadAction","target":["https:\/\/apuntesdesanluis.com\/index.php\/2024\/11\/25\/perspectiva-de-genero-la-corte-anulo-una-condena-a-una-mujer-que-mato-su-ex-pareja\/"]}]},{"@type":"ImageObject","inLanguage":"es-AR","@id":"https:\/\/apuntesdesanluis.com\/index.php\/2024\/11\/25\/perspectiva-de-genero-la-corte-anulo-una-condena-a-una-mujer-que-mato-su-ex-pareja\/#primaryimage","url":"https:\/\/apuntesdesanluis.com\/wp-content\/uploads\/2024\/11\/perspectiva-de-genero.png","contentUrl":"https:\/\/apuntesdesanluis.com\/wp-content\/uploads\/2024\/11\/perspectiva-de-genero.png","width":701,"height":460},{"@type":"BreadcrumbList","@id":"https:\/\/apuntesdesanluis.com\/index.php\/2024\/11\/25\/perspectiva-de-genero-la-corte-anulo-una-condena-a-una-mujer-que-mato-su-ex-pareja\/#breadcrumb","itemListElement":[{"@type":"ListItem","position":1,"name":"Inicio","item":"https:\/\/apuntesdesanluis.com\/"},{"@type":"ListItem","position":2,"name":"PERSPECTIVA DE G\u00c9NERO: LA CORTE ANUL\u00d3 UNA CONDENA A UNA MUJER QUE MAT\u00d3 SU EX PAREJA"}]},{"@type":"WebSite","@id":"https:\/\/apuntesdesanluis.com\/#website","url":"https:\/\/apuntesdesanluis.com\/","name":"Apuntes de San Luis","description":"","publisher":{"@id":"https:\/\/apuntesdesanluis.com\/#\/schema\/person\/b55151d52296fcce64d1a72538a70b90"},"potentialAction":[{"@type":"SearchAction","target":{"@type":"EntryPoint","urlTemplate":"https:\/\/apuntesdesanluis.com\/?s={search_term_string}"},"query-input":{"@type":"PropertyValueSpecification","valueRequired":true,"valueName":"search_term_string"}}],"inLanguage":"es-AR"},{"@type":["Person","Organization"],"@id":"https:\/\/apuntesdesanluis.com\/#\/schema\/person\/b55151d52296fcce64d1a72538a70b90","name":"apuntesdesanluis.com","image":{"@type":"ImageObject","inLanguage":"es-AR","@id":"https:\/\/apuntesdesanluis.com\/#\/schema\/person\/image\/","url":"https:\/\/apuntesdesanluis.com\/wp-content\/uploads\/2023\/07\/cropped-apuntesdesanluis.png","contentUrl":"https:\/\/apuntesdesanluis.com\/wp-content\/uploads\/2023\/07\/cropped-apuntesdesanluis.png","width":450,"height":112,"caption":"apuntesdesanluis.com"},"logo":{"@id":"https:\/\/apuntesdesanluis.com\/#\/schema\/person\/image\/"},"sameAs":["https:\/\/apuntesdesanluis.com"],"url":"https:\/\/apuntesdesanluis.com\/index.php\/author\/apuntesdesanluis-com\/"}]}},"featured_image_urls":{"full":["https:\/\/apuntesdesanluis.com\/wp-content\/uploads\/2024\/11\/perspectiva-de-genero.png",701,460,false],"thumbnail":["https:\/\/apuntesdesanluis.com\/wp-content\/uploads\/2024\/11\/perspectiva-de-genero-150x150.png",150,150,true],"medium":["https:\/\/apuntesdesanluis.com\/wp-content\/uploads\/2024\/11\/perspectiva-de-genero-300x197.png",300,197,true],"medium_large":["https:\/\/apuntesdesanluis.com\/wp-content\/uploads\/2024\/11\/perspectiva-de-genero.png",640,420,false],"large":["https:\/\/apuntesdesanluis.com\/wp-content\/uploads\/2024\/11\/perspectiva-de-genero.png",640,420,false],"1536x1536":["https:\/\/apuntesdesanluis.com\/wp-content\/uploads\/2024\/11\/perspectiva-de-genero.png",701,460,false],"2048x2048":["https:\/\/apuntesdesanluis.com\/wp-content\/uploads\/2024\/11\/perspectiva-de-genero.png",701,460,false],"newsever-slider-full":["https:\/\/apuntesdesanluis.com\/wp-content\/uploads\/2024\/11\/perspectiva-de-genero.png",701,460,false],"newsever-featured":["https:\/\/apuntesdesanluis.com\/wp-content\/uploads\/2024\/11\/perspectiva-de-genero.png",701,460,false],"newsever-medium":["https:\/\/apuntesdesanluis.com\/wp-content\/uploads\/2024\/11\/perspectiva-de-genero.png",701,460,false]},"author_info":{"display_name":"apuntesdesanluis.com","author_link":"https:\/\/apuntesdesanluis.com\/index.php\/author\/apuntesdesanluis-com\/"},"category_info":"<a href=\"https:\/\/apuntesdesanluis.com\/index.php\/category\/nacionales-internacionales\/\" rel=\"category tag\">Nacionales\/Internacionales<\/a>","tag_info":"Nacionales\/Internacionales","comment_count":"0","_links":{"self":[{"href":"https:\/\/apuntesdesanluis.com\/index.php\/wp-json\/wp\/v2\/posts\/25778","targetHints":{"allow":["GET"]}}],"collection":[{"href":"https:\/\/apuntesdesanluis.com\/index.php\/wp-json\/wp\/v2\/posts"}],"about":[{"href":"https:\/\/apuntesdesanluis.com\/index.php\/wp-json\/wp\/v2\/types\/post"}],"author":[{"embeddable":true,"href":"https:\/\/apuntesdesanluis.com\/index.php\/wp-json\/wp\/v2\/users\/1"}],"replies":[{"embeddable":true,"href":"https:\/\/apuntesdesanluis.com\/index.php\/wp-json\/wp\/v2\/comments?post=25778"}],"version-history":[{"count":1,"href":"https:\/\/apuntesdesanluis.com\/index.php\/wp-json\/wp\/v2\/posts\/25778\/revisions"}],"predecessor-version":[{"id":25780,"href":"https:\/\/apuntesdesanluis.com\/index.php\/wp-json\/wp\/v2\/posts\/25778\/revisions\/25780"}],"wp:featuredmedia":[{"embeddable":true,"href":"https:\/\/apuntesdesanluis.com\/index.php\/wp-json\/wp\/v2\/media\/25779"}],"wp:attachment":[{"href":"https:\/\/apuntesdesanluis.com\/index.php\/wp-json\/wp\/v2\/media?parent=25778"}],"wp:term":[{"taxonomy":"category","embeddable":true,"href":"https:\/\/apuntesdesanluis.com\/index.php\/wp-json\/wp\/v2\/categories?post=25778"},{"taxonomy":"post_tag","embeddable":true,"href":"https:\/\/apuntesdesanluis.com\/index.php\/wp-json\/wp\/v2\/tags?post=25778"}],"curies":[{"name":"wp","href":"https:\/\/api.w.org\/{rel}","templated":true}]}}