{"id":25781,"date":"2024-11-25T19:51:25","date_gmt":"2024-11-25T22:51:25","guid":{"rendered":"https:\/\/apuntesdesanluis.com\/?p=25781"},"modified":"2024-11-25T19:53:35","modified_gmt":"2024-11-25T22:53:35","slug":"el-poder-judicial-nego-haber-ejercido-censura-sobre-el-diario-todo-un-pais","status":"publish","type":"post","link":"https:\/\/apuntesdesanluis.com\/index.php\/2024\/11\/25\/el-poder-judicial-nego-haber-ejercido-censura-sobre-el-diario-todo-un-pais\/","title":{"rendered":"EL PODER JUDICIAL NEG\u00d3 HABER EJERCIDO CENSURA SOBRE EL DIARIO TODO UN PA\u00cdS"},"content":{"rendered":"<h3>Ante la manifestaci\u00f3n del medio local <strong>\u201cTodo un Pa\u00eds\u201d,<\/strong> publicada en el sitio digital \u201cEl Chorrillero\u201d, donde se denuncia un supuesto acto de censura de libertad de prensa por parte del Poder Judicial de San Luis, el Superior Tribunal de Justicia aclar\u00f3 que \u201cno han existido, ni existir\u00e1n jam\u00e1s instrucciones de prohibici\u00f3n de ingreso de un medio de comunicaci\u00f3n a las sedes judiciales\u201d.<\/h3>\n<h3>As\u00ed lo afirma el comunicado dado a conocer este lunes por la tarde por el sitio web del Poder Judicial, luego del esc\u00e1ndalo que se gener\u00f3 cuando la edici\u00f3n impresa de este medio no se pudo distribuir esta ma\u00f1ana en los tribunales puntanos.<\/h3>\n<h3>\u201cIns\u00f3litamente nos fue prohibido el ingreso al edificio de Tribunales para entregar el diario en su edici\u00f3n papel, tarea que normalmente pod\u00edamos hacer sin ninguna restricci\u00f3n\u201d, comunic\u00f3 este lunes Todo Un Pa\u00eds.<\/h3>\n<h3>El medio expres\u00f3 su \u201crepudio a este acto de censura\u201d y dijo que \u201cesperamos que las autoridades del Superior Tribunal de Justicia intercedan frente a este claro atropello a la libertad de prensa, aseguren y garanticen el libre ejercicio de informarse del que goza cada uno de los habitantes de la provincia de San Luis\u201d.<\/h3>\n<h3>La edici\u00f3n censurada tiene como t\u00edtulo principal la designaci\u00f3n de un fiscal adjunto, Fernando Salas, denunciado por violencia de g\u00e9nero y parad\u00f3jicamente nombrado como fiscal de G\u00e9nero.<\/h3>\n<h3><a href=\"https:\/\/todounpais.com\/?p=11621\" target=\"_blank\" rel=\"noopener\"><img fetchpriority=\"high\" decoding=\"async\" class=\"wp-image-25782 aligncenter\" src=\"https:\/\/apuntesdesanluis.com\/wp-content\/uploads\/2024\/11\/diario-271x300.png\" alt=\"\" width=\"587\" height=\"650\" srcset=\"https:\/\/apuntesdesanluis.com\/wp-content\/uploads\/2024\/11\/diario-271x300.png 271w, https:\/\/apuntesdesanluis.com\/wp-content\/uploads\/2024\/11\/diario.png 666w\" sizes=\"(max-width: 587px) 100vw, 587px\" \/><\/a><\/h3>\n<h3><strong>COMUNICADO DEL STJ<\/strong><\/h3>\n<h3>\u201cEl hecho denunciado habr\u00eda sucedido en el d\u00eda de la fecha, cuando personal del medio -encargado de repartir los diarios impresos Todo Un Pa\u00eds-, no pudo ingresar al edificio sito por calle Rivadavia, por prohibici\u00f3n expresa de efectivos de la guardia policial.<\/h3>\n<h3>Habiendo tomado conocimiento de este incidente, el Presidente del Superior Tribunal de Justicia ha desmentido la existencia de \u00f3rdenes de autoridades judiciales a la guardia policial, que hubieran prohibido\u00a0 el ingreso de los diarios, repudiando el accionar del efectivo policial, manifestando su expreso rechazo a cualquier medida que pudiere afectar la libertad de prensa y solicitando a las autoridades correspondientes que se tomen las medidas disciplinarias del caso.<\/h3>\n<h3>En virtud de lo sucedido, desde la Oficina de Prensa dependiente de la Presidencia del Superior Tribunal de Justicia, se ha solicitado informe a la Jefa de la Guardia Policial, a fin de esclarecer este incidente fundado en la decisi\u00f3n arbitraria y aparentemente personal del funcionario policial.<\/h3>\n<h3>El Poder Judicial de San Luis ratifica su compromiso por la libertad de prensa en todas sus formas de expresi\u00f3n, tal como lo establece la Constituci\u00f3n Argentina en su art. 14 y como lo consagra la Convenci\u00f3n Americana de Derechos Humanos que reza:<\/h3>\n<h3>\u201cToda persona tiene derecho a la libertad de pensamiento y de expresi\u00f3n.Este derecho comprende la libertad de buscar recibir y difundir informaciones e ideas de toda \u00edndole, sin consideraci\u00f3n de fronteras, ya sea oralmente por escrito o en forma impresa o art\u00edstica o cualquier otro procedimiento de su elecci\u00f3n\u2026El ejercicio del derecho previsto en el inciso precedente no puede estar sujeto a previa censura sino a responsabilidades ulteriores,\u00a0 las que deben estar expresamente fijadas por la ley y ser necesarias para asegurar:a) el respeto a los derechos o a la reputaci\u00f3n de los dem\u00e1s, ob) la protecci\u00f3n de la seguridad nacional, el orden p\u00fablico o la salud o la moral p\u00fablicas\u201d.<\/h3>\n<h3><\/h3>\n<h3><span style=\"color: #3366ff;\"><strong>NOTA DE LA POL\u00c9MICA<\/strong><\/span><\/h3>\n<h3><span style=\"color: #ff0000;\"><a style=\"color: #ff0000;\" href=\"https:\/\/todounpais.com\/?p=11621\" target=\"_blank\" rel=\"noopener\"><strong>Un fiscal adjunto denunciado por violencia de g\u00e9nero atiende casos en la Fiscal\u00eda de G\u00e9nero<\/strong><\/a><\/span><\/h3>\n<p>&nbsp;<\/p>\n<p>&nbsp;<\/p>\n<p>&nbsp;<\/p>\n","protected":false},"excerpt":{"rendered":"<p>Ante la manifestaci\u00f3n del medio local \u201cTodo un Pa\u00eds\u201d, publicada en el sitio digital \u201cEl&#8230;<\/p>\n","protected":false},"author":1,"featured_media":580,"comment_status":"closed","ping_status":"closed","sticky":false,"template":"","format":"standard","meta":{"footnotes":""},"categories":[6],"tags":[],"class_list":["post-25781","post","type-post","status-publish","format-standard","has-post-thumbnail","hentry","category-ciudad-provincia"],"yoast_head":"<!-- This site is optimized with the Yoast SEO plugin v26.1.1 - https:\/\/yoast.com\/wordpress\/plugins\/seo\/ -->\n<title>EL PODER JUDICIAL NEG\u00d3 HABER EJERCIDO CENSURA SOBRE EL DIARIO TODO UN PA\u00cdS - Apuntes de San Luis<\/title>\n<meta name=\"robots\" content=\"index, follow, max-snippet:-1, max-image-preview:large, max-video-preview:-1\" \/>\n<link rel=\"canonical\" href=\"https:\/\/apuntesdesanluis.com\/index.php\/2024\/11\/25\/el-poder-judicial-nego-haber-ejercido-censura-sobre-el-diario-todo-un-pais\/\" \/>\n<meta property=\"og:locale\" content=\"es_ES\" \/>\n<meta property=\"og:type\" content=\"article\" \/>\n<meta property=\"og:title\" content=\"EL PODER JUDICIAL NEG\u00d3 HABER EJERCIDO CENSURA SOBRE EL DIARIO TODO UN PA\u00cdS - Apuntes de San Luis\" \/>\n<meta property=\"og:description\" content=\"Ante la manifestaci\u00f3n del medio local \u201cTodo un Pa\u00eds\u201d, publicada en el sitio digital \u201cEl...\" \/>\n<meta property=\"og:url\" content=\"https:\/\/apuntesdesanluis.com\/index.php\/2024\/11\/25\/el-poder-judicial-nego-haber-ejercido-censura-sobre-el-diario-todo-un-pais\/\" \/>\n<meta property=\"og:site_name\" content=\"Apuntes de San Luis\" \/>\n<meta property=\"article:published_time\" content=\"2024-11-25T22:51:25+00:00\" \/>\n<meta property=\"article:modified_time\" content=\"2024-11-25T22:53:35+00:00\" \/>\n<meta property=\"og:image\" content=\"https:\/\/apuntesdesanluis.com\/wp-content\/uploads\/2023\/07\/tribunales-puntanos.png\" \/>\n\t<meta property=\"og:image:width\" content=\"788\" \/>\n\t<meta property=\"og:image:height\" content=\"480\" \/>\n\t<meta property=\"og:image:type\" content=\"image\/png\" \/>\n<meta name=\"author\" content=\"apuntesdesanluis.com\" \/>\n<meta name=\"twitter:card\" content=\"summary_large_image\" \/>\n<meta name=\"twitter:label1\" content=\"Escrito por\" \/>\n\t<meta name=\"twitter:data1\" content=\"apuntesdesanluis.com\" \/>\n\t<meta name=\"twitter:label2\" content=\"Tiempo de lectura\" \/>\n\t<meta name=\"twitter:data2\" content=\"3 minutos\" \/>\n<script type=\"application\/ld+json\" class=\"yoast-schema-graph\">{\"@context\":\"https:\/\/schema.org\",\"@graph\":[{\"@type\":\"Article\",\"@id\":\"https:\/\/apuntesdesanluis.com\/index.php\/2024\/11\/25\/el-poder-judicial-nego-haber-ejercido-censura-sobre-el-diario-todo-un-pais\/#article\",\"isPartOf\":{\"@id\":\"https:\/\/apuntesdesanluis.com\/index.php\/2024\/11\/25\/el-poder-judicial-nego-haber-ejercido-censura-sobre-el-diario-todo-un-pais\/\"},\"author\":{\"name\":\"apuntesdesanluis.com\",\"@id\":\"https:\/\/apuntesdesanluis.com\/#\/schema\/person\/b55151d52296fcce64d1a72538a70b90\"},\"headline\":\"EL PODER JUDICIAL NEG\u00d3 HABER EJERCIDO CENSURA SOBRE EL DIARIO TODO UN PA\u00cdS\",\"datePublished\":\"2024-11-25T22:51:25+00:00\",\"dateModified\":\"2024-11-25T22:53:35+00:00\",\"mainEntityOfPage\":{\"@id\":\"https:\/\/apuntesdesanluis.com\/index.php\/2024\/11\/25\/el-poder-judicial-nego-haber-ejercido-censura-sobre-el-diario-todo-un-pais\/\"},\"wordCount\":613,\"publisher\":{\"@id\":\"https:\/\/apuntesdesanluis.com\/#\/schema\/person\/b55151d52296fcce64d1a72538a70b90\"},\"image\":{\"@id\":\"https:\/\/apuntesdesanluis.com\/index.php\/2024\/11\/25\/el-poder-judicial-nego-haber-ejercido-censura-sobre-el-diario-todo-un-pais\/#primaryimage\"},\"thumbnailUrl\":\"https:\/\/apuntesdesanluis.com\/wp-content\/uploads\/2023\/07\/tribunales-puntanos.png\",\"articleSection\":[\"Ciudad\/Provincia\"],\"inLanguage\":\"es-AR\"},{\"@type\":\"WebPage\",\"@id\":\"https:\/\/apuntesdesanluis.com\/index.php\/2024\/11\/25\/el-poder-judicial-nego-haber-ejercido-censura-sobre-el-diario-todo-un-pais\/\",\"url\":\"https:\/\/apuntesdesanluis.com\/index.php\/2024\/11\/25\/el-poder-judicial-nego-haber-ejercido-censura-sobre-el-diario-todo-un-pais\/\",\"name\":\"EL PODER JUDICIAL NEG\u00d3 HABER EJERCIDO CENSURA SOBRE EL DIARIO TODO UN PA\u00cdS - Apuntes de San Luis\",\"isPartOf\":{\"@id\":\"https:\/\/apuntesdesanluis.com\/#website\"},\"primaryImageOfPage\":{\"@id\":\"https:\/\/apuntesdesanluis.com\/index.php\/2024\/11\/25\/el-poder-judicial-nego-haber-ejercido-censura-sobre-el-diario-todo-un-pais\/#primaryimage\"},\"image\":{\"@id\":\"https:\/\/apuntesdesanluis.com\/index.php\/2024\/11\/25\/el-poder-judicial-nego-haber-ejercido-censura-sobre-el-diario-todo-un-pais\/#primaryimage\"},\"thumbnailUrl\":\"https:\/\/apuntesdesanluis.com\/wp-content\/uploads\/2023\/07\/tribunales-puntanos.png\",\"datePublished\":\"2024-11-25T22:51:25+00:00\",\"dateModified\":\"2024-11-25T22:53:35+00:00\",\"breadcrumb\":{\"@id\":\"https:\/\/apuntesdesanluis.com\/index.php\/2024\/11\/25\/el-poder-judicial-nego-haber-ejercido-censura-sobre-el-diario-todo-un-pais\/#breadcrumb\"},\"inLanguage\":\"es-AR\",\"potentialAction\":[{\"@type\":\"ReadAction\",\"target\":[\"https:\/\/apuntesdesanluis.com\/index.php\/2024\/11\/25\/el-poder-judicial-nego-haber-ejercido-censura-sobre-el-diario-todo-un-pais\/\"]}]},{\"@type\":\"ImageObject\",\"inLanguage\":\"es-AR\",\"@id\":\"https:\/\/apuntesdesanluis.com\/index.php\/2024\/11\/25\/el-poder-judicial-nego-haber-ejercido-censura-sobre-el-diario-todo-un-pais\/#primaryimage\",\"url\":\"https:\/\/apuntesdesanluis.com\/wp-content\/uploads\/2023\/07\/tribunales-puntanos.png\",\"contentUrl\":\"https:\/\/apuntesdesanluis.com\/wp-content\/uploads\/2023\/07\/tribunales-puntanos.png\",\"width\":788,\"height\":480},{\"@type\":\"BreadcrumbList\",\"@id\":\"https:\/\/apuntesdesanluis.com\/index.php\/2024\/11\/25\/el-poder-judicial-nego-haber-ejercido-censura-sobre-el-diario-todo-un-pais\/#breadcrumb\",\"itemListElement\":[{\"@type\":\"ListItem\",\"position\":1,\"name\":\"Inicio\",\"item\":\"https:\/\/apuntesdesanluis.com\/\"},{\"@type\":\"ListItem\",\"position\":2,\"name\":\"EL PODER JUDICIAL NEG\u00d3 HABER EJERCIDO CENSURA SOBRE EL DIARIO TODO UN PA\u00cdS\"}]},{\"@type\":\"WebSite\",\"@id\":\"https:\/\/apuntesdesanluis.com\/#website\",\"url\":\"https:\/\/apuntesdesanluis.com\/\",\"name\":\"Apuntes de San Luis\",\"description\":\"\",\"publisher\":{\"@id\":\"https:\/\/apuntesdesanluis.com\/#\/schema\/person\/b55151d52296fcce64d1a72538a70b90\"},\"potentialAction\":[{\"@type\":\"SearchAction\",\"target\":{\"@type\":\"EntryPoint\",\"urlTemplate\":\"https:\/\/apuntesdesanluis.com\/?s={search_term_string}\"},\"query-input\":{\"@type\":\"PropertyValueSpecification\",\"valueRequired\":true,\"valueName\":\"search_term_string\"}}],\"inLanguage\":\"es-AR\"},{\"@type\":[\"Person\",\"Organization\"],\"@id\":\"https:\/\/apuntesdesanluis.com\/#\/schema\/person\/b55151d52296fcce64d1a72538a70b90\",\"name\":\"apuntesdesanluis.com\",\"image\":{\"@type\":\"ImageObject\",\"inLanguage\":\"es-AR\",\"@id\":\"https:\/\/apuntesdesanluis.com\/#\/schema\/person\/image\/\",\"url\":\"https:\/\/apuntesdesanluis.com\/wp-content\/uploads\/2023\/07\/cropped-apuntesdesanluis.png\",\"contentUrl\":\"https:\/\/apuntesdesanluis.com\/wp-content\/uploads\/2023\/07\/cropped-apuntesdesanluis.png\",\"width\":450,\"height\":112,\"caption\":\"apuntesdesanluis.com\"},\"logo\":{\"@id\":\"https:\/\/apuntesdesanluis.com\/#\/schema\/person\/image\/\"},\"sameAs\":[\"https:\/\/apuntesdesanluis.com\"],\"url\":\"https:\/\/apuntesdesanluis.com\/index.php\/author\/apuntesdesanluis-com\/\"}]}<\/script>\n<!-- \/ Yoast SEO plugin. -->","yoast_head_json":{"title":"EL PODER JUDICIAL NEG\u00d3 HABER EJERCIDO CENSURA SOBRE EL DIARIO TODO UN PA\u00cdS - Apuntes de San Luis","robots":{"index":"index","follow":"follow","max-snippet":"max-snippet:-1","max-image-preview":"max-image-preview:large","max-video-preview":"max-video-preview:-1"},"canonical":"https:\/\/apuntesdesanluis.com\/index.php\/2024\/11\/25\/el-poder-judicial-nego-haber-ejercido-censura-sobre-el-diario-todo-un-pais\/","og_locale":"es_ES","og_type":"article","og_title":"EL PODER JUDICIAL NEG\u00d3 HABER EJERCIDO CENSURA SOBRE EL DIARIO TODO UN PA\u00cdS - Apuntes de San Luis","og_description":"Ante la manifestaci\u00f3n del medio local \u201cTodo un Pa\u00eds\u201d, publicada en el sitio digital \u201cEl...","og_url":"https:\/\/apuntesdesanluis.com\/index.php\/2024\/11\/25\/el-poder-judicial-nego-haber-ejercido-censura-sobre-el-diario-todo-un-pais\/","og_site_name":"Apuntes de San Luis","article_published_time":"2024-11-25T22:51:25+00:00","article_modified_time":"2024-11-25T22:53:35+00:00","og_image":[{"width":788,"height":480,"url":"https:\/\/apuntesdesanluis.com\/wp-content\/uploads\/2023\/07\/tribunales-puntanos.png","type":"image\/png"}],"author":"apuntesdesanluis.com","twitter_card":"summary_large_image","twitter_misc":{"Escrito por":"apuntesdesanluis.com","Tiempo de lectura":"3 minutos"},"schema":{"@context":"https:\/\/schema.org","@graph":[{"@type":"Article","@id":"https:\/\/apuntesdesanluis.com\/index.php\/2024\/11\/25\/el-poder-judicial-nego-haber-ejercido-censura-sobre-el-diario-todo-un-pais\/#article","isPartOf":{"@id":"https:\/\/apuntesdesanluis.com\/index.php\/2024\/11\/25\/el-poder-judicial-nego-haber-ejercido-censura-sobre-el-diario-todo-un-pais\/"},"author":{"name":"apuntesdesanluis.com","@id":"https:\/\/apuntesdesanluis.com\/#\/schema\/person\/b55151d52296fcce64d1a72538a70b90"},"headline":"EL PODER JUDICIAL NEG\u00d3 HABER EJERCIDO CENSURA SOBRE EL DIARIO TODO UN PA\u00cdS","datePublished":"2024-11-25T22:51:25+00:00","dateModified":"2024-11-25T22:53:35+00:00","mainEntityOfPage":{"@id":"https:\/\/apuntesdesanluis.com\/index.php\/2024\/11\/25\/el-poder-judicial-nego-haber-ejercido-censura-sobre-el-diario-todo-un-pais\/"},"wordCount":613,"publisher":{"@id":"https:\/\/apuntesdesanluis.com\/#\/schema\/person\/b55151d52296fcce64d1a72538a70b90"},"image":{"@id":"https:\/\/apuntesdesanluis.com\/index.php\/2024\/11\/25\/el-poder-judicial-nego-haber-ejercido-censura-sobre-el-diario-todo-un-pais\/#primaryimage"},"thumbnailUrl":"https:\/\/apuntesdesanluis.com\/wp-content\/uploads\/2023\/07\/tribunales-puntanos.png","articleSection":["Ciudad\/Provincia"],"inLanguage":"es-AR"},{"@type":"WebPage","@id":"https:\/\/apuntesdesanluis.com\/index.php\/2024\/11\/25\/el-poder-judicial-nego-haber-ejercido-censura-sobre-el-diario-todo-un-pais\/","url":"https:\/\/apuntesdesanluis.com\/index.php\/2024\/11\/25\/el-poder-judicial-nego-haber-ejercido-censura-sobre-el-diario-todo-un-pais\/","name":"EL PODER JUDICIAL NEG\u00d3 HABER EJERCIDO CENSURA SOBRE EL DIARIO TODO UN PA\u00cdS - Apuntes de San Luis","isPartOf":{"@id":"https:\/\/apuntesdesanluis.com\/#website"},"primaryImageOfPage":{"@id":"https:\/\/apuntesdesanluis.com\/index.php\/2024\/11\/25\/el-poder-judicial-nego-haber-ejercido-censura-sobre-el-diario-todo-un-pais\/#primaryimage"},"image":{"@id":"https:\/\/apuntesdesanluis.com\/index.php\/2024\/11\/25\/el-poder-judicial-nego-haber-ejercido-censura-sobre-el-diario-todo-un-pais\/#primaryimage"},"thumbnailUrl":"https:\/\/apuntesdesanluis.com\/wp-content\/uploads\/2023\/07\/tribunales-puntanos.png","datePublished":"2024-11-25T22:51:25+00:00","dateModified":"2024-11-25T22:53:35+00:00","breadcrumb":{"@id":"https:\/\/apuntesdesanluis.com\/index.php\/2024\/11\/25\/el-poder-judicial-nego-haber-ejercido-censura-sobre-el-diario-todo-un-pais\/#breadcrumb"},"inLanguage":"es-AR","potentialAction":[{"@type":"ReadAction","target":["https:\/\/apuntesdesanluis.com\/index.php\/2024\/11\/25\/el-poder-judicial-nego-haber-ejercido-censura-sobre-el-diario-todo-un-pais\/"]}]},{"@type":"ImageObject","inLanguage":"es-AR","@id":"https:\/\/apuntesdesanluis.com\/index.php\/2024\/11\/25\/el-poder-judicial-nego-haber-ejercido-censura-sobre-el-diario-todo-un-pais\/#primaryimage","url":"https:\/\/apuntesdesanluis.com\/wp-content\/uploads\/2023\/07\/tribunales-puntanos.png","contentUrl":"https:\/\/apuntesdesanluis.com\/wp-content\/uploads\/2023\/07\/tribunales-puntanos.png","width":788,"height":480},{"@type":"BreadcrumbList","@id":"https:\/\/apuntesdesanluis.com\/index.php\/2024\/11\/25\/el-poder-judicial-nego-haber-ejercido-censura-sobre-el-diario-todo-un-pais\/#breadcrumb","itemListElement":[{"@type":"ListItem","position":1,"name":"Inicio","item":"https:\/\/apuntesdesanluis.com\/"},{"@type":"ListItem","position":2,"name":"EL PODER JUDICIAL NEG\u00d3 HABER EJERCIDO CENSURA SOBRE EL DIARIO TODO UN PA\u00cdS"}]},{"@type":"WebSite","@id":"https:\/\/apuntesdesanluis.com\/#website","url":"https:\/\/apuntesdesanluis.com\/","name":"Apuntes de San Luis","description":"","publisher":{"@id":"https:\/\/apuntesdesanluis.com\/#\/schema\/person\/b55151d52296fcce64d1a72538a70b90"},"potentialAction":[{"@type":"SearchAction","target":{"@type":"EntryPoint","urlTemplate":"https:\/\/apuntesdesanluis.com\/?s={search_term_string}"},"query-input":{"@type":"PropertyValueSpecification","valueRequired":true,"valueName":"search_term_string"}}],"inLanguage":"es-AR"},{"@type":["Person","Organization"],"@id":"https:\/\/apuntesdesanluis.com\/#\/schema\/person\/b55151d52296fcce64d1a72538a70b90","name":"apuntesdesanluis.com","image":{"@type":"ImageObject","inLanguage":"es-AR","@id":"https:\/\/apuntesdesanluis.com\/#\/schema\/person\/image\/","url":"https:\/\/apuntesdesanluis.com\/wp-content\/uploads\/2023\/07\/cropped-apuntesdesanluis.png","contentUrl":"https:\/\/apuntesdesanluis.com\/wp-content\/uploads\/2023\/07\/cropped-apuntesdesanluis.png","width":450,"height":112,"caption":"apuntesdesanluis.com"},"logo":{"@id":"https:\/\/apuntesdesanluis.com\/#\/schema\/person\/image\/"},"sameAs":["https:\/\/apuntesdesanluis.com"],"url":"https:\/\/apuntesdesanluis.com\/index.php\/author\/apuntesdesanluis-com\/"}]}},"featured_image_urls":{"full":["https:\/\/apuntesdesanluis.com\/wp-content\/uploads\/2023\/07\/tribunales-puntanos.png",788,480,false],"thumbnail":["https:\/\/apuntesdesanluis.com\/wp-content\/uploads\/2023\/07\/tribunales-puntanos-150x150.png",150,150,true],"medium":["https:\/\/apuntesdesanluis.com\/wp-content\/uploads\/2023\/07\/tribunales-puntanos-300x183.png",300,183,true],"medium_large":["https:\/\/apuntesdesanluis.com\/wp-content\/uploads\/2023\/07\/tribunales-puntanos-768x468.png",640,390,true],"large":["https:\/\/apuntesdesanluis.com\/wp-content\/uploads\/2023\/07\/tribunales-puntanos.png",640,390,false],"1536x1536":["https:\/\/apuntesdesanluis.com\/wp-content\/uploads\/2023\/07\/tribunales-puntanos.png",788,480,false],"2048x2048":["https:\/\/apuntesdesanluis.com\/wp-content\/uploads\/2023\/07\/tribunales-puntanos.png",788,480,false],"newsever-slider-full":["https:\/\/apuntesdesanluis.com\/wp-content\/uploads\/2023\/07\/tribunales-puntanos.png",788,480,false],"newsever-featured":["https:\/\/apuntesdesanluis.com\/wp-content\/uploads\/2023\/07\/tribunales-puntanos.png",788,480,false],"newsever-medium":["https:\/\/apuntesdesanluis.com\/wp-content\/uploads\/2023\/07\/tribunales-puntanos-720x475.png",720,475,true]},"author_info":{"display_name":"apuntesdesanluis.com","author_link":"https:\/\/apuntesdesanluis.com\/index.php\/author\/apuntesdesanluis-com\/"},"category_info":"<a href=\"https:\/\/apuntesdesanluis.com\/index.php\/category\/ciudad-provincia\/\" rel=\"category tag\">Ciudad\/Provincia<\/a>","tag_info":"Ciudad\/Provincia","comment_count":"0","_links":{"self":[{"href":"https:\/\/apuntesdesanluis.com\/index.php\/wp-json\/wp\/v2\/posts\/25781","targetHints":{"allow":["GET"]}}],"collection":[{"href":"https:\/\/apuntesdesanluis.com\/index.php\/wp-json\/wp\/v2\/posts"}],"about":[{"href":"https:\/\/apuntesdesanluis.com\/index.php\/wp-json\/wp\/v2\/types\/post"}],"author":[{"embeddable":true,"href":"https:\/\/apuntesdesanluis.com\/index.php\/wp-json\/wp\/v2\/users\/1"}],"replies":[{"embeddable":true,"href":"https:\/\/apuntesdesanluis.com\/index.php\/wp-json\/wp\/v2\/comments?post=25781"}],"version-history":[{"count":4,"href":"https:\/\/apuntesdesanluis.com\/index.php\/wp-json\/wp\/v2\/posts\/25781\/revisions"}],"predecessor-version":[{"id":25786,"href":"https:\/\/apuntesdesanluis.com\/index.php\/wp-json\/wp\/v2\/posts\/25781\/revisions\/25786"}],"wp:featuredmedia":[{"embeddable":true,"href":"https:\/\/apuntesdesanluis.com\/index.php\/wp-json\/wp\/v2\/media\/580"}],"wp:attachment":[{"href":"https:\/\/apuntesdesanluis.com\/index.php\/wp-json\/wp\/v2\/media?parent=25781"}],"wp:term":[{"taxonomy":"category","embeddable":true,"href":"https:\/\/apuntesdesanluis.com\/index.php\/wp-json\/wp\/v2\/categories?post=25781"},{"taxonomy":"post_tag","embeddable":true,"href":"https:\/\/apuntesdesanluis.com\/index.php\/wp-json\/wp\/v2\/tags?post=25781"}],"curies":[{"name":"wp","href":"https:\/\/api.w.org\/{rel}","templated":true}]}}