{"id":25787,"date":"2024-11-25T20:33:39","date_gmt":"2024-11-25T23:33:39","guid":{"rendered":"https:\/\/apuntesdesanluis.com\/?p=25787"},"modified":"2024-11-25T20:33:39","modified_gmt":"2024-11-25T23:33:39","slug":"javier-milei-viajara-a-montevideo-para-participar-por-primera-vez-de-una-cumbre-del-mercosur","status":"publish","type":"post","link":"https:\/\/apuntesdesanluis.com\/index.php\/2024\/11\/25\/javier-milei-viajara-a-montevideo-para-participar-por-primera-vez-de-una-cumbre-del-mercosur\/","title":{"rendered":"JAVIER MILEI VIAJAR\u00c1 A MONTEVIDEO PARA PARTICIPAR POR PRIMERA VEZ DE UNA CUMBRE DEL MERCOSUR"},"content":{"rendered":"<h3>La cumbre de l\u00edderes del <strong>Mercosur<\/strong>, que se celebrar\u00e1 la primera semana de diciembre en Montevideo, ser\u00e1 el escenario para que <strong>Javier Milei<\/strong> asuma la presidencia pro tempore del bloque regional. Este evento tiene un peso simb\u00f3lico y pol\u00edtico considerable, dado que marca la primera participaci\u00f3n del presidente argentino en este tipo de reuniones, tras la controversia por su ausencia en la cumbre de Asunci\u00f3n en julio de este 2024. En ese entonces, la Argentina fue representada por la ex canciller <strong>Diana Mondino<\/strong>, mientras que la falta de Milei fue notoriamente destacada, generando tensiones con el presidente uruguayo, <strong>Luis Lacalle Pou<\/strong>.<\/h3>\n<h3>Ahora, con la cumbre en puerta, el viaje de Milei se perfila como una oportunidad para que el mandatario argentino afronte de lleno las dificultades que el Mercosur enfrenta en su gesti\u00f3n actual. En este contexto, uno de los temas que promete centrar la atenci\u00f3n es la viabilidad de un acuerdo de libre comercio con la Uni\u00f3n Europea, que podr\u00eda tener implicaciones profundas para la relaci\u00f3n entre los pa\u00edses miembros del bloque y Europa.<\/h3>\n<h3>La regi\u00f3n est\u00e1 en b\u00fasqueda de un nuevo equilibrio pol\u00edtico, con el ascenso de Yamand\u00fa Orsi, presidente electo de Uruguay, marcando el retorno de la centroizquierda al poder en su pa\u00eds. Un panorama algo inc\u00f3modo para Milei, referente de la nueva derecha mundial, entre figuras como el brasile\u00f1o Lula Da Silva y el paraguayo Santiago Pe\u00f1a. En este marco y con el antecedente del G20 en Brasil, donde se vio un Milei m\u00e1s pragm\u00e1tico que de costumbre (firm\u00f3 el pacto global contra el hambre y particip\u00f3 de una reuni\u00f3n bilateral con Xi Jinping), la cumbre del Mercosur en Montevideo despierta nuevas expectativas sobre el comportamiento del presidente argentino. Se espera que critique el funcionamiento actual del bloque y exponga su perspectiva geopol\u00edtica, 100% alineada a Estados Unidos e Israel.<\/h3>\n<h3>A pesar de la ideolog\u00eda liberal del Presidente, no est\u00e1 claro que Milei apoye abiertamente el acuerdo con la Uni\u00f3n Europea. Durante la visita a Buenos Aires de Emmanuel Macron, Milei y el mandatario franc\u00e9s intercambiaron visiones sobre este posible tratado de libre comercio. Francia, de hecho, ha sido uno de los cr\u00edticos m\u00e1s f\u00e9rreos del acuerdo, especialmente por la presi\u00f3n de sus agricultores, quienes temen que el pacto les suponga desventajas competitivas frente a los productos sudamericanos.<\/h3>\n<h3>Pa\u00edses como Espa\u00f1a, Alemania e Italia han apoyado la firma del tratado, aunque dentro de Italia tambi\u00e9n surgen resistencias. La primera ministra, Giorgia Meloni, por ejemplo, sostuvo conversaciones con Milei, pero en su pa\u00eds algunos sectores, como el ministro de Agricultura Francesco Lollobrigida, han mostrado preocupaci\u00f3n por las implicancias del pacto para los productores locales.<\/h3>\n<h3>El acuerdo entre el Mercosur y la Uni\u00f3n Europea ha sido un proyecto que se ha extendido a lo largo de tres d\u00e9cadas, con m\u00faltiples intentos fallidos de concretarse. Desde su inicio en 1995, con la firma de un acuerdo marco de cooperaci\u00f3n interregional, las negociaciones han atravesado per\u00edodos de estancamiento y reactivaci\u00f3n. El tratado fue tomado con m\u00e1s seriedad en 2004, pero las diferencias entre los miembros del bloque y la falta de consenso con Europa impidieron su firma. El proceso se enfri\u00f3 hasta que en 2019, un acuerdo preliminar despert\u00f3 nuevas esperanzas, aunque los desaf\u00edos, como las preocupaciones sobre la deforestaci\u00f3n en el Amazonas y el Pacto Verde Europeo, reavivaron las dudas.<\/h3>\n<h3>La invasi\u00f3n de Rusia a Ucrania en 2022, que gener\u00f3 crisis en la seguridad alimentaria y energ\u00e9tica de Europa, fue un factor que impuls\u00f3 el inter\u00e9s renovado por acelerar las negociaciones. Sin embargo, los desacuerdos entre los pa\u00edses europeos y sudamericanos contin\u00faan, especialmente por las implicancias pol\u00edticas y comerciales del tratado.<\/h3>\n<h3>Adem\u00e1s de su postura frente al Mercosur, Milei tambi\u00e9n se enfrenta a la necesidad de definir su alineamiento geopol\u00edtico. Con el regreso de Donald Trump a la Casa Blanca, el presidente argentino ha mostrado una inclinaci\u00f3n a fortalecer su relaci\u00f3n con Estados Unidos e Israel, lo que podr\u00eda llevarlo a tomar decisiones dif\u00edciles respecto a su pertenencia al bloque regional. De hecho, las negociaciones con Washington para establecer un Tratado de Libre Comercio podr\u00edan chocar con las normas del Mercosur, que exige consultas previas para acuerdos bilaterales. Sin embargo, algunos sostienen que el giro pragm\u00e1tico de Milei hacia la regi\u00f3n tambi\u00e9n pudo deberse a una pol\u00edtica norteamericana: el intento de que Milei sea una suerte de \u201ccabeza de playa\u201d de los intereses estadounidenses en la regi\u00f3n.<\/h3>\n<p>&nbsp;<\/p>\n<p>&nbsp;<\/p>\n<p>&nbsp;<\/p>\n<p>&nbsp;<\/p>\n","protected":false},"excerpt":{"rendered":"<p>La cumbre de l\u00edderes del Mercosur, que se celebrar\u00e1 la primera semana de diciembre en&#8230;<\/p>\n","protected":false},"author":1,"featured_media":25239,"comment_status":"closed","ping_status":"closed","sticky":false,"template":"","format":"standard","meta":{"footnotes":""},"categories":[5],"tags":[],"class_list":["post-25787","post","type-post","status-publish","format-standard","has-post-thumbnail","hentry","category-nacionales-internacionales"],"yoast_head":"<!-- This site is optimized with the Yoast SEO plugin v26.1.1 - https:\/\/yoast.com\/wordpress\/plugins\/seo\/ -->\n<title>JAVIER MILEI VIAJAR\u00c1 A MONTEVIDEO PARA PARTICIPAR POR PRIMERA VEZ DE UNA CUMBRE DEL MERCOSUR - Apuntes de San Luis<\/title>\n<meta name=\"robots\" content=\"index, follow, max-snippet:-1, max-image-preview:large, max-video-preview:-1\" \/>\n<link rel=\"canonical\" href=\"https:\/\/apuntesdesanluis.com\/index.php\/2024\/11\/25\/javier-milei-viajara-a-montevideo-para-participar-por-primera-vez-de-una-cumbre-del-mercosur\/\" \/>\n<meta property=\"og:locale\" content=\"es_ES\" \/>\n<meta property=\"og:type\" content=\"article\" \/>\n<meta property=\"og:title\" content=\"JAVIER MILEI VIAJAR\u00c1 A MONTEVIDEO PARA PARTICIPAR POR PRIMERA VEZ DE UNA CUMBRE DEL MERCOSUR - Apuntes de San Luis\" \/>\n<meta property=\"og:description\" content=\"La cumbre de l\u00edderes del Mercosur, que se celebrar\u00e1 la primera semana de diciembre en...\" \/>\n<meta property=\"og:url\" content=\"https:\/\/apuntesdesanluis.com\/index.php\/2024\/11\/25\/javier-milei-viajara-a-montevideo-para-participar-por-primera-vez-de-una-cumbre-del-mercosur\/\" \/>\n<meta property=\"og:site_name\" content=\"Apuntes de San Luis\" \/>\n<meta property=\"article:published_time\" content=\"2024-11-25T23:33:39+00:00\" \/>\n<meta property=\"og:image\" content=\"https:\/\/apuntesdesanluis.com\/wp-content\/uploads\/2024\/11\/MILEI-2.png\" \/>\n\t<meta property=\"og:image:width\" content=\"780\" \/>\n\t<meta property=\"og:image:height\" content=\"523\" \/>\n\t<meta property=\"og:image:type\" content=\"image\/png\" \/>\n<meta name=\"author\" content=\"apuntesdesanluis.com\" \/>\n<meta name=\"twitter:card\" content=\"summary_large_image\" \/>\n<meta name=\"twitter:label1\" content=\"Escrito por\" \/>\n\t<meta name=\"twitter:data1\" content=\"apuntesdesanluis.com\" \/>\n\t<meta name=\"twitter:label2\" content=\"Tiempo de lectura\" \/>\n\t<meta name=\"twitter:data2\" content=\"4 minutos\" \/>\n<script type=\"application\/ld+json\" class=\"yoast-schema-graph\">{\"@context\":\"https:\/\/schema.org\",\"@graph\":[{\"@type\":\"Article\",\"@id\":\"https:\/\/apuntesdesanluis.com\/index.php\/2024\/11\/25\/javier-milei-viajara-a-montevideo-para-participar-por-primera-vez-de-una-cumbre-del-mercosur\/#article\",\"isPartOf\":{\"@id\":\"https:\/\/apuntesdesanluis.com\/index.php\/2024\/11\/25\/javier-milei-viajara-a-montevideo-para-participar-por-primera-vez-de-una-cumbre-del-mercosur\/\"},\"author\":{\"name\":\"apuntesdesanluis.com\",\"@id\":\"https:\/\/apuntesdesanluis.com\/#\/schema\/person\/b55151d52296fcce64d1a72538a70b90\"},\"headline\":\"JAVIER MILEI VIAJAR\u00c1 A MONTEVIDEO PARA PARTICIPAR POR PRIMERA VEZ DE UNA CUMBRE DEL MERCOSUR\",\"datePublished\":\"2024-11-25T23:33:39+00:00\",\"mainEntityOfPage\":{\"@id\":\"https:\/\/apuntesdesanluis.com\/index.php\/2024\/11\/25\/javier-milei-viajara-a-montevideo-para-participar-por-primera-vez-de-una-cumbre-del-mercosur\/\"},\"wordCount\":803,\"publisher\":{\"@id\":\"https:\/\/apuntesdesanluis.com\/#\/schema\/person\/b55151d52296fcce64d1a72538a70b90\"},\"image\":{\"@id\":\"https:\/\/apuntesdesanluis.com\/index.php\/2024\/11\/25\/javier-milei-viajara-a-montevideo-para-participar-por-primera-vez-de-una-cumbre-del-mercosur\/#primaryimage\"},\"thumbnailUrl\":\"https:\/\/apuntesdesanluis.com\/wp-content\/uploads\/2024\/11\/MILEI-2.png\",\"articleSection\":[\"Nacionales\/Internacionales\"],\"inLanguage\":\"es-AR\"},{\"@type\":\"WebPage\",\"@id\":\"https:\/\/apuntesdesanluis.com\/index.php\/2024\/11\/25\/javier-milei-viajara-a-montevideo-para-participar-por-primera-vez-de-una-cumbre-del-mercosur\/\",\"url\":\"https:\/\/apuntesdesanluis.com\/index.php\/2024\/11\/25\/javier-milei-viajara-a-montevideo-para-participar-por-primera-vez-de-una-cumbre-del-mercosur\/\",\"name\":\"JAVIER MILEI VIAJAR\u00c1 A MONTEVIDEO PARA PARTICIPAR POR PRIMERA VEZ DE UNA CUMBRE DEL MERCOSUR - Apuntes de San Luis\",\"isPartOf\":{\"@id\":\"https:\/\/apuntesdesanluis.com\/#website\"},\"primaryImageOfPage\":{\"@id\":\"https:\/\/apuntesdesanluis.com\/index.php\/2024\/11\/25\/javier-milei-viajara-a-montevideo-para-participar-por-primera-vez-de-una-cumbre-del-mercosur\/#primaryimage\"},\"image\":{\"@id\":\"https:\/\/apuntesdesanluis.com\/index.php\/2024\/11\/25\/javier-milei-viajara-a-montevideo-para-participar-por-primera-vez-de-una-cumbre-del-mercosur\/#primaryimage\"},\"thumbnailUrl\":\"https:\/\/apuntesdesanluis.com\/wp-content\/uploads\/2024\/11\/MILEI-2.png\",\"datePublished\":\"2024-11-25T23:33:39+00:00\",\"breadcrumb\":{\"@id\":\"https:\/\/apuntesdesanluis.com\/index.php\/2024\/11\/25\/javier-milei-viajara-a-montevideo-para-participar-por-primera-vez-de-una-cumbre-del-mercosur\/#breadcrumb\"},\"inLanguage\":\"es-AR\",\"potentialAction\":[{\"@type\":\"ReadAction\",\"target\":[\"https:\/\/apuntesdesanluis.com\/index.php\/2024\/11\/25\/javier-milei-viajara-a-montevideo-para-participar-por-primera-vez-de-una-cumbre-del-mercosur\/\"]}]},{\"@type\":\"ImageObject\",\"inLanguage\":\"es-AR\",\"@id\":\"https:\/\/apuntesdesanluis.com\/index.php\/2024\/11\/25\/javier-milei-viajara-a-montevideo-para-participar-por-primera-vez-de-una-cumbre-del-mercosur\/#primaryimage\",\"url\":\"https:\/\/apuntesdesanluis.com\/wp-content\/uploads\/2024\/11\/MILEI-2.png\",\"contentUrl\":\"https:\/\/apuntesdesanluis.com\/wp-content\/uploads\/2024\/11\/MILEI-2.png\",\"width\":780,\"height\":523},{\"@type\":\"BreadcrumbList\",\"@id\":\"https:\/\/apuntesdesanluis.com\/index.php\/2024\/11\/25\/javier-milei-viajara-a-montevideo-para-participar-por-primera-vez-de-una-cumbre-del-mercosur\/#breadcrumb\",\"itemListElement\":[{\"@type\":\"ListItem\",\"position\":1,\"name\":\"Inicio\",\"item\":\"https:\/\/apuntesdesanluis.com\/\"},{\"@type\":\"ListItem\",\"position\":2,\"name\":\"JAVIER MILEI VIAJAR\u00c1 A MONTEVIDEO PARA PARTICIPAR POR PRIMERA VEZ DE UNA CUMBRE DEL MERCOSUR\"}]},{\"@type\":\"WebSite\",\"@id\":\"https:\/\/apuntesdesanluis.com\/#website\",\"url\":\"https:\/\/apuntesdesanluis.com\/\",\"name\":\"Apuntes de San Luis\",\"description\":\"\",\"publisher\":{\"@id\":\"https:\/\/apuntesdesanluis.com\/#\/schema\/person\/b55151d52296fcce64d1a72538a70b90\"},\"potentialAction\":[{\"@type\":\"SearchAction\",\"target\":{\"@type\":\"EntryPoint\",\"urlTemplate\":\"https:\/\/apuntesdesanluis.com\/?s={search_term_string}\"},\"query-input\":{\"@type\":\"PropertyValueSpecification\",\"valueRequired\":true,\"valueName\":\"search_term_string\"}}],\"inLanguage\":\"es-AR\"},{\"@type\":[\"Person\",\"Organization\"],\"@id\":\"https:\/\/apuntesdesanluis.com\/#\/schema\/person\/b55151d52296fcce64d1a72538a70b90\",\"name\":\"apuntesdesanluis.com\",\"image\":{\"@type\":\"ImageObject\",\"inLanguage\":\"es-AR\",\"@id\":\"https:\/\/apuntesdesanluis.com\/#\/schema\/person\/image\/\",\"url\":\"https:\/\/apuntesdesanluis.com\/wp-content\/uploads\/2023\/07\/cropped-apuntesdesanluis.png\",\"contentUrl\":\"https:\/\/apuntesdesanluis.com\/wp-content\/uploads\/2023\/07\/cropped-apuntesdesanluis.png\",\"width\":450,\"height\":112,\"caption\":\"apuntesdesanluis.com\"},\"logo\":{\"@id\":\"https:\/\/apuntesdesanluis.com\/#\/schema\/person\/image\/\"},\"sameAs\":[\"https:\/\/apuntesdesanluis.com\"],\"url\":\"https:\/\/apuntesdesanluis.com\/index.php\/author\/apuntesdesanluis-com\/\"}]}<\/script>\n<!-- \/ Yoast SEO plugin. -->","yoast_head_json":{"title":"JAVIER MILEI VIAJAR\u00c1 A MONTEVIDEO PARA PARTICIPAR POR PRIMERA VEZ DE UNA CUMBRE DEL MERCOSUR - Apuntes de San Luis","robots":{"index":"index","follow":"follow","max-snippet":"max-snippet:-1","max-image-preview":"max-image-preview:large","max-video-preview":"max-video-preview:-1"},"canonical":"https:\/\/apuntesdesanluis.com\/index.php\/2024\/11\/25\/javier-milei-viajara-a-montevideo-para-participar-por-primera-vez-de-una-cumbre-del-mercosur\/","og_locale":"es_ES","og_type":"article","og_title":"JAVIER MILEI VIAJAR\u00c1 A MONTEVIDEO PARA PARTICIPAR POR PRIMERA VEZ DE UNA CUMBRE DEL MERCOSUR - Apuntes de San Luis","og_description":"La cumbre de l\u00edderes del Mercosur, que se celebrar\u00e1 la primera semana de diciembre en...","og_url":"https:\/\/apuntesdesanluis.com\/index.php\/2024\/11\/25\/javier-milei-viajara-a-montevideo-para-participar-por-primera-vez-de-una-cumbre-del-mercosur\/","og_site_name":"Apuntes de San Luis","article_published_time":"2024-11-25T23:33:39+00:00","og_image":[{"width":780,"height":523,"url":"https:\/\/apuntesdesanluis.com\/wp-content\/uploads\/2024\/11\/MILEI-2.png","type":"image\/png"}],"author":"apuntesdesanluis.com","twitter_card":"summary_large_image","twitter_misc":{"Escrito por":"apuntesdesanluis.com","Tiempo de lectura":"4 minutos"},"schema":{"@context":"https:\/\/schema.org","@graph":[{"@type":"Article","@id":"https:\/\/apuntesdesanluis.com\/index.php\/2024\/11\/25\/javier-milei-viajara-a-montevideo-para-participar-por-primera-vez-de-una-cumbre-del-mercosur\/#article","isPartOf":{"@id":"https:\/\/apuntesdesanluis.com\/index.php\/2024\/11\/25\/javier-milei-viajara-a-montevideo-para-participar-por-primera-vez-de-una-cumbre-del-mercosur\/"},"author":{"name":"apuntesdesanluis.com","@id":"https:\/\/apuntesdesanluis.com\/#\/schema\/person\/b55151d52296fcce64d1a72538a70b90"},"headline":"JAVIER MILEI VIAJAR\u00c1 A MONTEVIDEO PARA PARTICIPAR POR PRIMERA VEZ DE UNA CUMBRE DEL MERCOSUR","datePublished":"2024-11-25T23:33:39+00:00","mainEntityOfPage":{"@id":"https:\/\/apuntesdesanluis.com\/index.php\/2024\/11\/25\/javier-milei-viajara-a-montevideo-para-participar-por-primera-vez-de-una-cumbre-del-mercosur\/"},"wordCount":803,"publisher":{"@id":"https:\/\/apuntesdesanluis.com\/#\/schema\/person\/b55151d52296fcce64d1a72538a70b90"},"image":{"@id":"https:\/\/apuntesdesanluis.com\/index.php\/2024\/11\/25\/javier-milei-viajara-a-montevideo-para-participar-por-primera-vez-de-una-cumbre-del-mercosur\/#primaryimage"},"thumbnailUrl":"https:\/\/apuntesdesanluis.com\/wp-content\/uploads\/2024\/11\/MILEI-2.png","articleSection":["Nacionales\/Internacionales"],"inLanguage":"es-AR"},{"@type":"WebPage","@id":"https:\/\/apuntesdesanluis.com\/index.php\/2024\/11\/25\/javier-milei-viajara-a-montevideo-para-participar-por-primera-vez-de-una-cumbre-del-mercosur\/","url":"https:\/\/apuntesdesanluis.com\/index.php\/2024\/11\/25\/javier-milei-viajara-a-montevideo-para-participar-por-primera-vez-de-una-cumbre-del-mercosur\/","name":"JAVIER MILEI VIAJAR\u00c1 A MONTEVIDEO PARA PARTICIPAR POR PRIMERA VEZ DE UNA CUMBRE DEL MERCOSUR - Apuntes de San Luis","isPartOf":{"@id":"https:\/\/apuntesdesanluis.com\/#website"},"primaryImageOfPage":{"@id":"https:\/\/apuntesdesanluis.com\/index.php\/2024\/11\/25\/javier-milei-viajara-a-montevideo-para-participar-por-primera-vez-de-una-cumbre-del-mercosur\/#primaryimage"},"image":{"@id":"https:\/\/apuntesdesanluis.com\/index.php\/2024\/11\/25\/javier-milei-viajara-a-montevideo-para-participar-por-primera-vez-de-una-cumbre-del-mercosur\/#primaryimage"},"thumbnailUrl":"https:\/\/apuntesdesanluis.com\/wp-content\/uploads\/2024\/11\/MILEI-2.png","datePublished":"2024-11-25T23:33:39+00:00","breadcrumb":{"@id":"https:\/\/apuntesdesanluis.com\/index.php\/2024\/11\/25\/javier-milei-viajara-a-montevideo-para-participar-por-primera-vez-de-una-cumbre-del-mercosur\/#breadcrumb"},"inLanguage":"es-AR","potentialAction":[{"@type":"ReadAction","target":["https:\/\/apuntesdesanluis.com\/index.php\/2024\/11\/25\/javier-milei-viajara-a-montevideo-para-participar-por-primera-vez-de-una-cumbre-del-mercosur\/"]}]},{"@type":"ImageObject","inLanguage":"es-AR","@id":"https:\/\/apuntesdesanluis.com\/index.php\/2024\/11\/25\/javier-milei-viajara-a-montevideo-para-participar-por-primera-vez-de-una-cumbre-del-mercosur\/#primaryimage","url":"https:\/\/apuntesdesanluis.com\/wp-content\/uploads\/2024\/11\/MILEI-2.png","contentUrl":"https:\/\/apuntesdesanluis.com\/wp-content\/uploads\/2024\/11\/MILEI-2.png","width":780,"height":523},{"@type":"BreadcrumbList","@id":"https:\/\/apuntesdesanluis.com\/index.php\/2024\/11\/25\/javier-milei-viajara-a-montevideo-para-participar-por-primera-vez-de-una-cumbre-del-mercosur\/#breadcrumb","itemListElement":[{"@type":"ListItem","position":1,"name":"Inicio","item":"https:\/\/apuntesdesanluis.com\/"},{"@type":"ListItem","position":2,"name":"JAVIER MILEI VIAJAR\u00c1 A MONTEVIDEO PARA PARTICIPAR POR PRIMERA VEZ DE UNA CUMBRE DEL MERCOSUR"}]},{"@type":"WebSite","@id":"https:\/\/apuntesdesanluis.com\/#website","url":"https:\/\/apuntesdesanluis.com\/","name":"Apuntes de San Luis","description":"","publisher":{"@id":"https:\/\/apuntesdesanluis.com\/#\/schema\/person\/b55151d52296fcce64d1a72538a70b90"},"potentialAction":[{"@type":"SearchAction","target":{"@type":"EntryPoint","urlTemplate":"https:\/\/apuntesdesanluis.com\/?s={search_term_string}"},"query-input":{"@type":"PropertyValueSpecification","valueRequired":true,"valueName":"search_term_string"}}],"inLanguage":"es-AR"},{"@type":["Person","Organization"],"@id":"https:\/\/apuntesdesanluis.com\/#\/schema\/person\/b55151d52296fcce64d1a72538a70b90","name":"apuntesdesanluis.com","image":{"@type":"ImageObject","inLanguage":"es-AR","@id":"https:\/\/apuntesdesanluis.com\/#\/schema\/person\/image\/","url":"https:\/\/apuntesdesanluis.com\/wp-content\/uploads\/2023\/07\/cropped-apuntesdesanluis.png","contentUrl":"https:\/\/apuntesdesanluis.com\/wp-content\/uploads\/2023\/07\/cropped-apuntesdesanluis.png","width":450,"height":112,"caption":"apuntesdesanluis.com"},"logo":{"@id":"https:\/\/apuntesdesanluis.com\/#\/schema\/person\/image\/"},"sameAs":["https:\/\/apuntesdesanluis.com"],"url":"https:\/\/apuntesdesanluis.com\/index.php\/author\/apuntesdesanluis-com\/"}]}},"featured_image_urls":{"full":["https:\/\/apuntesdesanluis.com\/wp-content\/uploads\/2024\/11\/MILEI-2.png",780,523,false],"thumbnail":["https:\/\/apuntesdesanluis.com\/wp-content\/uploads\/2024\/11\/MILEI-2-150x150.png",150,150,true],"medium":["https:\/\/apuntesdesanluis.com\/wp-content\/uploads\/2024\/11\/MILEI-2-300x201.png",300,201,true],"medium_large":["https:\/\/apuntesdesanluis.com\/wp-content\/uploads\/2024\/11\/MILEI-2-768x515.png",640,429,true],"large":["https:\/\/apuntesdesanluis.com\/wp-content\/uploads\/2024\/11\/MILEI-2.png",640,429,false],"1536x1536":["https:\/\/apuntesdesanluis.com\/wp-content\/uploads\/2024\/11\/MILEI-2.png",780,523,false],"2048x2048":["https:\/\/apuntesdesanluis.com\/wp-content\/uploads\/2024\/11\/MILEI-2.png",780,523,false],"newsever-slider-full":["https:\/\/apuntesdesanluis.com\/wp-content\/uploads\/2024\/11\/MILEI-2.png",780,523,false],"newsever-featured":["https:\/\/apuntesdesanluis.com\/wp-content\/uploads\/2024\/11\/MILEI-2.png",780,523,false],"newsever-medium":["https:\/\/apuntesdesanluis.com\/wp-content\/uploads\/2024\/11\/MILEI-2-720x475.png",720,475,true]},"author_info":{"display_name":"apuntesdesanluis.com","author_link":"https:\/\/apuntesdesanluis.com\/index.php\/author\/apuntesdesanluis-com\/"},"category_info":"<a href=\"https:\/\/apuntesdesanluis.com\/index.php\/category\/nacionales-internacionales\/\" rel=\"category tag\">Nacionales\/Internacionales<\/a>","tag_info":"Nacionales\/Internacionales","comment_count":"0","_links":{"self":[{"href":"https:\/\/apuntesdesanluis.com\/index.php\/wp-json\/wp\/v2\/posts\/25787","targetHints":{"allow":["GET"]}}],"collection":[{"href":"https:\/\/apuntesdesanluis.com\/index.php\/wp-json\/wp\/v2\/posts"}],"about":[{"href":"https:\/\/apuntesdesanluis.com\/index.php\/wp-json\/wp\/v2\/types\/post"}],"author":[{"embeddable":true,"href":"https:\/\/apuntesdesanluis.com\/index.php\/wp-json\/wp\/v2\/users\/1"}],"replies":[{"embeddable":true,"href":"https:\/\/apuntesdesanluis.com\/index.php\/wp-json\/wp\/v2\/comments?post=25787"}],"version-history":[{"count":1,"href":"https:\/\/apuntesdesanluis.com\/index.php\/wp-json\/wp\/v2\/posts\/25787\/revisions"}],"predecessor-version":[{"id":25788,"href":"https:\/\/apuntesdesanluis.com\/index.php\/wp-json\/wp\/v2\/posts\/25787\/revisions\/25788"}],"wp:featuredmedia":[{"embeddable":true,"href":"https:\/\/apuntesdesanluis.com\/index.php\/wp-json\/wp\/v2\/media\/25239"}],"wp:attachment":[{"href":"https:\/\/apuntesdesanluis.com\/index.php\/wp-json\/wp\/v2\/media?parent=25787"}],"wp:term":[{"taxonomy":"category","embeddable":true,"href":"https:\/\/apuntesdesanluis.com\/index.php\/wp-json\/wp\/v2\/categories?post=25787"},{"taxonomy":"post_tag","embeddable":true,"href":"https:\/\/apuntesdesanluis.com\/index.php\/wp-json\/wp\/v2\/tags?post=25787"}],"curies":[{"name":"wp","href":"https:\/\/api.w.org\/{rel}","templated":true}]}}