{"id":25806,"date":"2024-11-26T18:15:00","date_gmt":"2024-11-26T21:15:00","guid":{"rendered":"https:\/\/apuntesdesanluis.com\/?p=25806"},"modified":"2024-11-26T18:15:00","modified_gmt":"2024-11-26T21:15:00","slug":"seguira-detenido-un-violento-que-quiso-matar-a-su-esposa-frente-a-sus-hijos","status":"publish","type":"post","link":"https:\/\/apuntesdesanluis.com\/index.php\/2024\/11\/26\/seguira-detenido-un-violento-que-quiso-matar-a-su-esposa-frente-a-sus-hijos\/","title":{"rendered":"SEGUIR\u00c1 DETENIDO UN VIOLENTO QUE QUISO MATAR A SU ESPOSA FRENTE A SUS HIJOS"},"content":{"rendered":"<h3>La audiencia de formulaci\u00f3n de cargos\u00a0 se desarroll\u00f3 en el Juzgado de Garant\u00edas N\u00ba 3 de la Segunda Circunscripci\u00f3n Judicial. El hecho ocurri\u00f3 el pasado 24 de noviembre en el barrio <strong>365 Viviendas de Villa Mercedes<\/strong>, el cual se habr\u00eda cometido en un contexto de violencia de g\u00e9nero.<\/h3>\n<h3>El Ministerio P\u00fablico Fiscal relat\u00f3 que, aproximadamente a las 17:30 horas,\u00a0 el imputado se dirigi\u00f3\u00a0 a la vivienda en la cual reside la mam\u00e1 de sus hijos y propin\u00f3 amenazas a la mujer, para luego retirarse del lugar. Salt\u00f3 una pared, ingres\u00f3 al patio. La mujer solicit\u00f3 auxilio a la Polic\u00eda, pero cuando el personal arrib\u00f3 el imputado ya se hab\u00eda retirado del lugar.<\/h3>\n<p><img fetchpriority=\"high\" decoding=\"async\" class=\"wp-image-25808 aligncenter\" src=\"https:\/\/apuntesdesanluis.com\/wp-content\/uploads\/2024\/11\/audiencia-1-300x189.png\" alt=\"\" width=\"594\" height=\"374\" srcset=\"https:\/\/apuntesdesanluis.com\/wp-content\/uploads\/2024\/11\/audiencia-1-300x189.png 300w, https:\/\/apuntesdesanluis.com\/wp-content\/uploads\/2024\/11\/audiencia-1.png 624w\" sizes=\"(max-width: 594px) 100vw, 594px\" \/><\/p>\n<h3>Aproximadamente una hora y media despu\u00e9s, el imputado regres\u00f3 al domicilio portando un cuchillo y una tijera\u00a0 y\u00a0 volvi\u00f3 a ejercer amenazas y adem\u00e1s, provoc\u00f3 da\u00f1os en toda la vivienda. Asimismo, se trenz\u00f3 en lucha con la denunciante, ante la presencia de los ni\u00f1os, relat\u00f3 la Fiscal Adjunta, Dra. Julieta Moyano. En esta oportunidad, el personal policial logr\u00f3 la aprehensi\u00f3n, como as\u00ed tambi\u00e9n del secuestro de un cuchillo tipo carnicero con mango blanco.<\/h3>\n<h3>La Dra. Moyano solicit\u00f3 se formulen cargos como autor del delito de amenazas agravadas por el uso de arma y da\u00f1os, en contexto de violencia de g\u00e9nero. Mencion\u00f3 evidencias y anticip\u00f3 que solicitar\u00eda cuatro meses de prisi\u00f3n preventiva como medida de coerci\u00f3n.<\/h3>\n<h3>Asimismo, se refiri\u00f3 a causas que tramitan en el fuero familia por el conflicto existente entre el imputado y la denunciante.<\/h3>\n<h3>En tanto la Defensa\u00a0 del imputado \u2013 ejercida por la Dra. Cecilia Mithiaux y por la Dra. Noelia P\u00e1ez \u2013 se refiri\u00f3 al conflicto existente entre la pareja y en ese sentido, solicit\u00f3 se de intervenci\u00f3n de manera urgente al fuero familia a fin de poder abordarlo, como as\u00ed tambi\u00e9n para resguardar la integridad f\u00edsica y psicol\u00f3gica de los ni\u00f1os \u2013 hijos del imputado y de la denunciante-.<\/h3>\n<h3>Adem\u00e1s, solicitaron la pr\u00f3rroga de detenci\u00f3n seg\u00fan lo previsto en la Constituci\u00f3n de la Provincia de San Luis (Art. 40).<\/h3>\n<h3>Luego de escuchar a las partes, la Dra. Mirta Ucelay de Garciarena tuvo por admitida la formulaci\u00f3n de cargos en los t\u00e9rminos solicitados por el Ministerio P\u00fablico Fiscal y concedi\u00f3 la pr\u00f3rroga de detenci\u00f3n. Asimismo, orden\u00f3 se oficie con habilitaci\u00f3n de d\u00eda y hora al fuero familia a fin de que tome las medidas pertinentes a fin de proteger la integridad de los ni\u00f1os. Adem\u00e1s, dispuso que medicina forense revise al imputado a fin de conocer su estado de salud y que, en caso de ser necesario, se realice su derivaci\u00f3n a fin de recibir tratamiento.<\/h3>\n<p>&nbsp;<\/p>\n<p>&nbsp;<\/p>\n<p>&nbsp;<\/p>\n<p>&nbsp;<\/p>\n<p>&nbsp;<\/p>\n","protected":false},"excerpt":{"rendered":"<p>La audiencia de formulaci\u00f3n de cargos\u00a0 se desarroll\u00f3 en el Juzgado de Garant\u00edas N\u00ba 3&#8230;<\/p>\n","protected":false},"author":1,"featured_media":25807,"comment_status":"closed","ping_status":"closed","sticky":false,"template":"","format":"standard","meta":{"footnotes":""},"categories":[6],"tags":[],"class_list":["post-25806","post","type-post","status-publish","format-standard","has-post-thumbnail","hentry","category-ciudad-provincia"],"yoast_head":"<!-- This site is optimized with the Yoast SEO plugin v26.1.1 - https:\/\/yoast.com\/wordpress\/plugins\/seo\/ -->\n<title>SEGUIR\u00c1 DETENIDO UN VIOLENTO QUE QUISO MATAR A SU ESPOSA FRENTE A SUS HIJOS - Apuntes de San Luis<\/title>\n<meta name=\"robots\" content=\"index, follow, max-snippet:-1, max-image-preview:large, max-video-preview:-1\" \/>\n<link rel=\"canonical\" href=\"https:\/\/apuntesdesanluis.com\/index.php\/2024\/11\/26\/seguira-detenido-un-violento-que-quiso-matar-a-su-esposa-frente-a-sus-hijos\/\" \/>\n<meta property=\"og:locale\" content=\"es_ES\" \/>\n<meta property=\"og:type\" content=\"article\" \/>\n<meta property=\"og:title\" content=\"SEGUIR\u00c1 DETENIDO UN VIOLENTO QUE QUISO MATAR A SU ESPOSA FRENTE A SUS HIJOS - Apuntes de San Luis\" \/>\n<meta property=\"og:description\" content=\"La audiencia de formulaci\u00f3n de cargos\u00a0 se desarroll\u00f3 en el Juzgado de Garant\u00edas N\u00ba 3...\" \/>\n<meta property=\"og:url\" content=\"https:\/\/apuntesdesanluis.com\/index.php\/2024\/11\/26\/seguira-detenido-un-violento-que-quiso-matar-a-su-esposa-frente-a-sus-hijos\/\" \/>\n<meta property=\"og:site_name\" content=\"Apuntes de San Luis\" \/>\n<meta property=\"article:published_time\" content=\"2024-11-26T21:15:00+00:00\" \/>\n<meta property=\"og:image\" content=\"https:\/\/apuntesdesanluis.com\/wp-content\/uploads\/2024\/11\/barrio-365-viviendas.png\" \/>\n\t<meta property=\"og:image:width\" content=\"526\" \/>\n\t<meta property=\"og:image:height\" content=\"291\" \/>\n\t<meta property=\"og:image:type\" content=\"image\/png\" \/>\n<meta name=\"author\" content=\"apuntesdesanluis.com\" \/>\n<meta name=\"twitter:card\" content=\"summary_large_image\" \/>\n<meta name=\"twitter:label1\" content=\"Escrito por\" \/>\n\t<meta name=\"twitter:data1\" content=\"apuntesdesanluis.com\" \/>\n\t<meta name=\"twitter:label2\" content=\"Tiempo de lectura\" \/>\n\t<meta name=\"twitter:data2\" content=\"3 minutos\" \/>\n<script type=\"application\/ld+json\" class=\"yoast-schema-graph\">{\"@context\":\"https:\/\/schema.org\",\"@graph\":[{\"@type\":\"Article\",\"@id\":\"https:\/\/apuntesdesanluis.com\/index.php\/2024\/11\/26\/seguira-detenido-un-violento-que-quiso-matar-a-su-esposa-frente-a-sus-hijos\/#article\",\"isPartOf\":{\"@id\":\"https:\/\/apuntesdesanluis.com\/index.php\/2024\/11\/26\/seguira-detenido-un-violento-que-quiso-matar-a-su-esposa-frente-a-sus-hijos\/\"},\"author\":{\"name\":\"apuntesdesanluis.com\",\"@id\":\"https:\/\/apuntesdesanluis.com\/#\/schema\/person\/b55151d52296fcce64d1a72538a70b90\"},\"headline\":\"SEGUIR\u00c1 DETENIDO UN VIOLENTO QUE QUISO MATAR A SU ESPOSA FRENTE A SUS HIJOS\",\"datePublished\":\"2024-11-26T21:15:00+00:00\",\"mainEntityOfPage\":{\"@id\":\"https:\/\/apuntesdesanluis.com\/index.php\/2024\/11\/26\/seguira-detenido-un-violento-que-quiso-matar-a-su-esposa-frente-a-sus-hijos\/\"},\"wordCount\":483,\"publisher\":{\"@id\":\"https:\/\/apuntesdesanluis.com\/#\/schema\/person\/b55151d52296fcce64d1a72538a70b90\"},\"image\":{\"@id\":\"https:\/\/apuntesdesanluis.com\/index.php\/2024\/11\/26\/seguira-detenido-un-violento-que-quiso-matar-a-su-esposa-frente-a-sus-hijos\/#primaryimage\"},\"thumbnailUrl\":\"https:\/\/apuntesdesanluis.com\/wp-content\/uploads\/2024\/11\/barrio-365-viviendas.png\",\"articleSection\":[\"Ciudad\/Provincia\"],\"inLanguage\":\"es-AR\"},{\"@type\":\"WebPage\",\"@id\":\"https:\/\/apuntesdesanluis.com\/index.php\/2024\/11\/26\/seguira-detenido-un-violento-que-quiso-matar-a-su-esposa-frente-a-sus-hijos\/\",\"url\":\"https:\/\/apuntesdesanluis.com\/index.php\/2024\/11\/26\/seguira-detenido-un-violento-que-quiso-matar-a-su-esposa-frente-a-sus-hijos\/\",\"name\":\"SEGUIR\u00c1 DETENIDO UN VIOLENTO QUE QUISO MATAR A SU ESPOSA FRENTE A SUS HIJOS - Apuntes de San Luis\",\"isPartOf\":{\"@id\":\"https:\/\/apuntesdesanluis.com\/#website\"},\"primaryImageOfPage\":{\"@id\":\"https:\/\/apuntesdesanluis.com\/index.php\/2024\/11\/26\/seguira-detenido-un-violento-que-quiso-matar-a-su-esposa-frente-a-sus-hijos\/#primaryimage\"},\"image\":{\"@id\":\"https:\/\/apuntesdesanluis.com\/index.php\/2024\/11\/26\/seguira-detenido-un-violento-que-quiso-matar-a-su-esposa-frente-a-sus-hijos\/#primaryimage\"},\"thumbnailUrl\":\"https:\/\/apuntesdesanluis.com\/wp-content\/uploads\/2024\/11\/barrio-365-viviendas.png\",\"datePublished\":\"2024-11-26T21:15:00+00:00\",\"breadcrumb\":{\"@id\":\"https:\/\/apuntesdesanluis.com\/index.php\/2024\/11\/26\/seguira-detenido-un-violento-que-quiso-matar-a-su-esposa-frente-a-sus-hijos\/#breadcrumb\"},\"inLanguage\":\"es-AR\",\"potentialAction\":[{\"@type\":\"ReadAction\",\"target\":[\"https:\/\/apuntesdesanluis.com\/index.php\/2024\/11\/26\/seguira-detenido-un-violento-que-quiso-matar-a-su-esposa-frente-a-sus-hijos\/\"]}]},{\"@type\":\"ImageObject\",\"inLanguage\":\"es-AR\",\"@id\":\"https:\/\/apuntesdesanluis.com\/index.php\/2024\/11\/26\/seguira-detenido-un-violento-que-quiso-matar-a-su-esposa-frente-a-sus-hijos\/#primaryimage\",\"url\":\"https:\/\/apuntesdesanluis.com\/wp-content\/uploads\/2024\/11\/barrio-365-viviendas.png\",\"contentUrl\":\"https:\/\/apuntesdesanluis.com\/wp-content\/uploads\/2024\/11\/barrio-365-viviendas.png\",\"width\":526,\"height\":291},{\"@type\":\"BreadcrumbList\",\"@id\":\"https:\/\/apuntesdesanluis.com\/index.php\/2024\/11\/26\/seguira-detenido-un-violento-que-quiso-matar-a-su-esposa-frente-a-sus-hijos\/#breadcrumb\",\"itemListElement\":[{\"@type\":\"ListItem\",\"position\":1,\"name\":\"Inicio\",\"item\":\"https:\/\/apuntesdesanluis.com\/\"},{\"@type\":\"ListItem\",\"position\":2,\"name\":\"SEGUIR\u00c1 DETENIDO UN VIOLENTO QUE QUISO MATAR A SU ESPOSA FRENTE A SUS HIJOS\"}]},{\"@type\":\"WebSite\",\"@id\":\"https:\/\/apuntesdesanluis.com\/#website\",\"url\":\"https:\/\/apuntesdesanluis.com\/\",\"name\":\"Apuntes de San Luis\",\"description\":\"\",\"publisher\":{\"@id\":\"https:\/\/apuntesdesanluis.com\/#\/schema\/person\/b55151d52296fcce64d1a72538a70b90\"},\"potentialAction\":[{\"@type\":\"SearchAction\",\"target\":{\"@type\":\"EntryPoint\",\"urlTemplate\":\"https:\/\/apuntesdesanluis.com\/?s={search_term_string}\"},\"query-input\":{\"@type\":\"PropertyValueSpecification\",\"valueRequired\":true,\"valueName\":\"search_term_string\"}}],\"inLanguage\":\"es-AR\"},{\"@type\":[\"Person\",\"Organization\"],\"@id\":\"https:\/\/apuntesdesanluis.com\/#\/schema\/person\/b55151d52296fcce64d1a72538a70b90\",\"name\":\"apuntesdesanluis.com\",\"image\":{\"@type\":\"ImageObject\",\"inLanguage\":\"es-AR\",\"@id\":\"https:\/\/apuntesdesanluis.com\/#\/schema\/person\/image\/\",\"url\":\"https:\/\/apuntesdesanluis.com\/wp-content\/uploads\/2023\/07\/cropped-apuntesdesanluis.png\",\"contentUrl\":\"https:\/\/apuntesdesanluis.com\/wp-content\/uploads\/2023\/07\/cropped-apuntesdesanluis.png\",\"width\":450,\"height\":112,\"caption\":\"apuntesdesanluis.com\"},\"logo\":{\"@id\":\"https:\/\/apuntesdesanluis.com\/#\/schema\/person\/image\/\"},\"sameAs\":[\"https:\/\/apuntesdesanluis.com\"],\"url\":\"https:\/\/apuntesdesanluis.com\/index.php\/author\/apuntesdesanluis-com\/\"}]}<\/script>\n<!-- \/ Yoast SEO plugin. -->","yoast_head_json":{"title":"SEGUIR\u00c1 DETENIDO UN VIOLENTO QUE QUISO MATAR A SU ESPOSA FRENTE A SUS HIJOS - Apuntes de San Luis","robots":{"index":"index","follow":"follow","max-snippet":"max-snippet:-1","max-image-preview":"max-image-preview:large","max-video-preview":"max-video-preview:-1"},"canonical":"https:\/\/apuntesdesanluis.com\/index.php\/2024\/11\/26\/seguira-detenido-un-violento-que-quiso-matar-a-su-esposa-frente-a-sus-hijos\/","og_locale":"es_ES","og_type":"article","og_title":"SEGUIR\u00c1 DETENIDO UN VIOLENTO QUE QUISO MATAR A SU ESPOSA FRENTE A SUS HIJOS - Apuntes de San Luis","og_description":"La audiencia de formulaci\u00f3n de cargos\u00a0 se desarroll\u00f3 en el Juzgado de Garant\u00edas N\u00ba 3...","og_url":"https:\/\/apuntesdesanluis.com\/index.php\/2024\/11\/26\/seguira-detenido-un-violento-que-quiso-matar-a-su-esposa-frente-a-sus-hijos\/","og_site_name":"Apuntes de San Luis","article_published_time":"2024-11-26T21:15:00+00:00","og_image":[{"width":526,"height":291,"url":"https:\/\/apuntesdesanluis.com\/wp-content\/uploads\/2024\/11\/barrio-365-viviendas.png","type":"image\/png"}],"author":"apuntesdesanluis.com","twitter_card":"summary_large_image","twitter_misc":{"Escrito por":"apuntesdesanluis.com","Tiempo de lectura":"3 minutos"},"schema":{"@context":"https:\/\/schema.org","@graph":[{"@type":"Article","@id":"https:\/\/apuntesdesanluis.com\/index.php\/2024\/11\/26\/seguira-detenido-un-violento-que-quiso-matar-a-su-esposa-frente-a-sus-hijos\/#article","isPartOf":{"@id":"https:\/\/apuntesdesanluis.com\/index.php\/2024\/11\/26\/seguira-detenido-un-violento-que-quiso-matar-a-su-esposa-frente-a-sus-hijos\/"},"author":{"name":"apuntesdesanluis.com","@id":"https:\/\/apuntesdesanluis.com\/#\/schema\/person\/b55151d52296fcce64d1a72538a70b90"},"headline":"SEGUIR\u00c1 DETENIDO UN VIOLENTO QUE QUISO MATAR A SU ESPOSA FRENTE A SUS HIJOS","datePublished":"2024-11-26T21:15:00+00:00","mainEntityOfPage":{"@id":"https:\/\/apuntesdesanluis.com\/index.php\/2024\/11\/26\/seguira-detenido-un-violento-que-quiso-matar-a-su-esposa-frente-a-sus-hijos\/"},"wordCount":483,"publisher":{"@id":"https:\/\/apuntesdesanluis.com\/#\/schema\/person\/b55151d52296fcce64d1a72538a70b90"},"image":{"@id":"https:\/\/apuntesdesanluis.com\/index.php\/2024\/11\/26\/seguira-detenido-un-violento-que-quiso-matar-a-su-esposa-frente-a-sus-hijos\/#primaryimage"},"thumbnailUrl":"https:\/\/apuntesdesanluis.com\/wp-content\/uploads\/2024\/11\/barrio-365-viviendas.png","articleSection":["Ciudad\/Provincia"],"inLanguage":"es-AR"},{"@type":"WebPage","@id":"https:\/\/apuntesdesanluis.com\/index.php\/2024\/11\/26\/seguira-detenido-un-violento-que-quiso-matar-a-su-esposa-frente-a-sus-hijos\/","url":"https:\/\/apuntesdesanluis.com\/index.php\/2024\/11\/26\/seguira-detenido-un-violento-que-quiso-matar-a-su-esposa-frente-a-sus-hijos\/","name":"SEGUIR\u00c1 DETENIDO UN VIOLENTO QUE QUISO MATAR A SU ESPOSA FRENTE A SUS HIJOS - Apuntes de San Luis","isPartOf":{"@id":"https:\/\/apuntesdesanluis.com\/#website"},"primaryImageOfPage":{"@id":"https:\/\/apuntesdesanluis.com\/index.php\/2024\/11\/26\/seguira-detenido-un-violento-que-quiso-matar-a-su-esposa-frente-a-sus-hijos\/#primaryimage"},"image":{"@id":"https:\/\/apuntesdesanluis.com\/index.php\/2024\/11\/26\/seguira-detenido-un-violento-que-quiso-matar-a-su-esposa-frente-a-sus-hijos\/#primaryimage"},"thumbnailUrl":"https:\/\/apuntesdesanluis.com\/wp-content\/uploads\/2024\/11\/barrio-365-viviendas.png","datePublished":"2024-11-26T21:15:00+00:00","breadcrumb":{"@id":"https:\/\/apuntesdesanluis.com\/index.php\/2024\/11\/26\/seguira-detenido-un-violento-que-quiso-matar-a-su-esposa-frente-a-sus-hijos\/#breadcrumb"},"inLanguage":"es-AR","potentialAction":[{"@type":"ReadAction","target":["https:\/\/apuntesdesanluis.com\/index.php\/2024\/11\/26\/seguira-detenido-un-violento-que-quiso-matar-a-su-esposa-frente-a-sus-hijos\/"]}]},{"@type":"ImageObject","inLanguage":"es-AR","@id":"https:\/\/apuntesdesanluis.com\/index.php\/2024\/11\/26\/seguira-detenido-un-violento-que-quiso-matar-a-su-esposa-frente-a-sus-hijos\/#primaryimage","url":"https:\/\/apuntesdesanluis.com\/wp-content\/uploads\/2024\/11\/barrio-365-viviendas.png","contentUrl":"https:\/\/apuntesdesanluis.com\/wp-content\/uploads\/2024\/11\/barrio-365-viviendas.png","width":526,"height":291},{"@type":"BreadcrumbList","@id":"https:\/\/apuntesdesanluis.com\/index.php\/2024\/11\/26\/seguira-detenido-un-violento-que-quiso-matar-a-su-esposa-frente-a-sus-hijos\/#breadcrumb","itemListElement":[{"@type":"ListItem","position":1,"name":"Inicio","item":"https:\/\/apuntesdesanluis.com\/"},{"@type":"ListItem","position":2,"name":"SEGUIR\u00c1 DETENIDO UN VIOLENTO QUE QUISO MATAR A SU ESPOSA FRENTE A SUS HIJOS"}]},{"@type":"WebSite","@id":"https:\/\/apuntesdesanluis.com\/#website","url":"https:\/\/apuntesdesanluis.com\/","name":"Apuntes de San Luis","description":"","publisher":{"@id":"https:\/\/apuntesdesanluis.com\/#\/schema\/person\/b55151d52296fcce64d1a72538a70b90"},"potentialAction":[{"@type":"SearchAction","target":{"@type":"EntryPoint","urlTemplate":"https:\/\/apuntesdesanluis.com\/?s={search_term_string}"},"query-input":{"@type":"PropertyValueSpecification","valueRequired":true,"valueName":"search_term_string"}}],"inLanguage":"es-AR"},{"@type":["Person","Organization"],"@id":"https:\/\/apuntesdesanluis.com\/#\/schema\/person\/b55151d52296fcce64d1a72538a70b90","name":"apuntesdesanluis.com","image":{"@type":"ImageObject","inLanguage":"es-AR","@id":"https:\/\/apuntesdesanluis.com\/#\/schema\/person\/image\/","url":"https:\/\/apuntesdesanluis.com\/wp-content\/uploads\/2023\/07\/cropped-apuntesdesanluis.png","contentUrl":"https:\/\/apuntesdesanluis.com\/wp-content\/uploads\/2023\/07\/cropped-apuntesdesanluis.png","width":450,"height":112,"caption":"apuntesdesanluis.com"},"logo":{"@id":"https:\/\/apuntesdesanluis.com\/#\/schema\/person\/image\/"},"sameAs":["https:\/\/apuntesdesanluis.com"],"url":"https:\/\/apuntesdesanluis.com\/index.php\/author\/apuntesdesanluis-com\/"}]}},"featured_image_urls":{"full":["https:\/\/apuntesdesanluis.com\/wp-content\/uploads\/2024\/11\/barrio-365-viviendas.png",526,291,false],"thumbnail":["https:\/\/apuntesdesanluis.com\/wp-content\/uploads\/2024\/11\/barrio-365-viviendas-150x150.png",150,150,true],"medium":["https:\/\/apuntesdesanluis.com\/wp-content\/uploads\/2024\/11\/barrio-365-viviendas-300x166.png",300,166,true],"medium_large":["https:\/\/apuntesdesanluis.com\/wp-content\/uploads\/2024\/11\/barrio-365-viviendas.png",526,291,false],"large":["https:\/\/apuntesdesanluis.com\/wp-content\/uploads\/2024\/11\/barrio-365-viviendas.png",526,291,false],"1536x1536":["https:\/\/apuntesdesanluis.com\/wp-content\/uploads\/2024\/11\/barrio-365-viviendas.png",526,291,false],"2048x2048":["https:\/\/apuntesdesanluis.com\/wp-content\/uploads\/2024\/11\/barrio-365-viviendas.png",526,291,false],"newsever-slider-full":["https:\/\/apuntesdesanluis.com\/wp-content\/uploads\/2024\/11\/barrio-365-viviendas.png",526,291,false],"newsever-featured":["https:\/\/apuntesdesanluis.com\/wp-content\/uploads\/2024\/11\/barrio-365-viviendas.png",526,291,false],"newsever-medium":["https:\/\/apuntesdesanluis.com\/wp-content\/uploads\/2024\/11\/barrio-365-viviendas.png",526,291,false]},"author_info":{"display_name":"apuntesdesanluis.com","author_link":"https:\/\/apuntesdesanluis.com\/index.php\/author\/apuntesdesanluis-com\/"},"category_info":"<a href=\"https:\/\/apuntesdesanluis.com\/index.php\/category\/ciudad-provincia\/\" rel=\"category tag\">Ciudad\/Provincia<\/a>","tag_info":"Ciudad\/Provincia","comment_count":"0","_links":{"self":[{"href":"https:\/\/apuntesdesanluis.com\/index.php\/wp-json\/wp\/v2\/posts\/25806","targetHints":{"allow":["GET"]}}],"collection":[{"href":"https:\/\/apuntesdesanluis.com\/index.php\/wp-json\/wp\/v2\/posts"}],"about":[{"href":"https:\/\/apuntesdesanluis.com\/index.php\/wp-json\/wp\/v2\/types\/post"}],"author":[{"embeddable":true,"href":"https:\/\/apuntesdesanluis.com\/index.php\/wp-json\/wp\/v2\/users\/1"}],"replies":[{"embeddable":true,"href":"https:\/\/apuntesdesanluis.com\/index.php\/wp-json\/wp\/v2\/comments?post=25806"}],"version-history":[{"count":1,"href":"https:\/\/apuntesdesanluis.com\/index.php\/wp-json\/wp\/v2\/posts\/25806\/revisions"}],"predecessor-version":[{"id":25809,"href":"https:\/\/apuntesdesanluis.com\/index.php\/wp-json\/wp\/v2\/posts\/25806\/revisions\/25809"}],"wp:featuredmedia":[{"embeddable":true,"href":"https:\/\/apuntesdesanluis.com\/index.php\/wp-json\/wp\/v2\/media\/25807"}],"wp:attachment":[{"href":"https:\/\/apuntesdesanluis.com\/index.php\/wp-json\/wp\/v2\/media?parent=25806"}],"wp:term":[{"taxonomy":"category","embeddable":true,"href":"https:\/\/apuntesdesanluis.com\/index.php\/wp-json\/wp\/v2\/categories?post=25806"},{"taxonomy":"post_tag","embeddable":true,"href":"https:\/\/apuntesdesanluis.com\/index.php\/wp-json\/wp\/v2\/tags?post=25806"}],"curies":[{"name":"wp","href":"https:\/\/api.w.org\/{rel}","templated":true}]}}