{"id":25810,"date":"2024-11-26T18:22:12","date_gmt":"2024-11-26T21:22:12","guid":{"rendered":"https:\/\/apuntesdesanluis.com\/?p=25810"},"modified":"2024-11-26T18:22:12","modified_gmt":"2024-11-26T21:22:12","slug":"absuelven-a-acusado-de-homicidio-y-ordenan-su-inmediata-libertad","status":"publish","type":"post","link":"https:\/\/apuntesdesanluis.com\/index.php\/2024\/11\/26\/absuelven-a-acusado-de-homicidio-y-ordenan-su-inmediata-libertad\/","title":{"rendered":"ABSUELVEN A ACUSADO DE HOMICIDIO Y ORDENAN SU INMEDIATA LIBERTAD"},"content":{"rendered":"<h3>Un tribunal integrado por jueces del Colegio de la Primera Circunscripci\u00f3n absolvi\u00f3 a <strong>Luis Alberto Far\u00edas<\/strong> por el retiro de la acusaci\u00f3n fiscal (en los t\u00e9rminos de los art\u00edculos 15 y 197 del C\u00f3digo Procesal Penal y del 120 de la Constituci\u00f3n Nacional). Luego de escuchar la decisi\u00f3n de los jueces, el pe\u00f3n rural de 34 a\u00f1os recuper\u00f3 su libertad.<\/h3>\n<h3>Far\u00edas lleg\u00f3 a juicio acusado del delito de homicidio criminis causa, una figura penal que contempla la muerte de una persona con el prop\u00f3sito de facilitar la comisi\u00f3n de otro delito o para asegurar la impunidad del autor. Sin embargo, la prueba presentada durante el proceso no logr\u00f3 alcanzar la certeza requerida para una condena en el marco de un estado de derecho.<\/h3>\n<h3>La causa tra\u00edda a debate se inici\u00f3 el 28 de diciembre de 2022 a partir de un llamado al Centro de Emergencias por un fuerte olor nauseabundo proveniente de la vivienda en la que resid\u00eda <strong>Ram\u00f3n L\u00f3pez<\/strong>, de 70 a\u00f1os, y que se compon\u00eda de una precaria construcci\u00f3n sobre la margen sur de la Ruta 147 de la capital puntana, en el barrio Juan Gilberto Funes. La denuncia fue realizada por un vecino del lugar, quien adem\u00e1s dijo que hac\u00eda varios d\u00edas que no ve\u00eda al propietario del domicilio.<\/h3>\n<h3>El tribunal a cargo del debate estuvo integrado por Adriana Lucero Alfonso, Ariel Parrillis y Julio Fernando De Viana. Como fiscal de Juicio actu\u00f3 Virginia Palacios y la defensa de Far\u00edas fue representada por Dami\u00e1n Aguilera, Adolfo Cafieri y Mar\u00eda Alejandra Zunini.<\/h3>\n<h3>En la etapa de alegatos, la fiscal Virginia Palacios dijo que no pod\u00eda sostener la acusaci\u00f3n contra el acusado porque no ten\u00eda certezas sobre c\u00f3mo y cuando ocurrieron los hechos. \u201cTenemos un hecho grave, con una fecha que no la s\u00e9 y con una investigaci\u00f3n deficiente. No puedo sostener la acusaci\u00f3n ni decir que mi teor\u00eda del caso es sustentable y tampoco he podido construir la certeza de que Far\u00edas mat\u00f3 a la v\u00edctima\u201d, expres\u00f3 la fiscal de Juicio N\u00b0 1.<\/h3>\n<h3>Seg\u00fan las pericias realizadas por el Departamento de Homicidios, el cad\u00e1ver estaba en avanzado estado de descomposici\u00f3n, atado de pies y manos con nudos caracter\u00edsticos, y con el rostro tapado. La autopsia, realizada por la Doctora Marcela G\u00f3mez, concluy\u00f3 que la causa de muerte fue asfixia por sofocaci\u00f3n y situ\u00f3 el deceso entre el 14 y el 21 de diciembre de 2022.<\/h3>\n<h3>\u201cHay testigos que ubican a L\u00f3pez vivo el 18 de diciembre. \u00c9l ten\u00eda una vida social muy activa y mucha gente pas\u00f3 por la casa. La certeza que tenemos es que el 17 de diciembre Far\u00edas se encontraba en Monte Com\u00e1n\u201d, abund\u00f3 la fiscal.<\/h3>\n<h3>El celular de la v\u00edctima fue rastreado el 16 de diciembre de 2022 en Beazley y un d\u00eda despu\u00e9s en Monte Com\u00e1n. A trav\u00e9s del Departamento de Investigaci\u00f3n de Delitos Complejos del Poder Judicial, se pudo determinar que el tel\u00e9fono estaba en poder de N\u00e9stor Zubeld\u00eda, qui\u00e9n inform\u00f3 que se lo hab\u00eda comprado a Far\u00edas, a fines de diciembre, por $6000.<\/h3>\n<h3>La defensa de Far\u00edas, representada por Adolfo Cafieri y Mar\u00eda Alejandra Zunini, valor\u00f3 la \u201clealtad procesal de la Fiscal\u00eda\u201d y celebr\u00f3 que no haya \u201cforzado la acusaci\u00f3n\u201d. \u201cLa investigaci\u00f3n fue ineficiente e insuficiente por lo que pedimos la absoluci\u00f3n e inmediata libertad de nuestro defendido\u201d, dijo Zunini en su alegato.<\/h3>\n<h3 style=\"text-align: center;\">\u2026\u2026\u2026\u2026\u2026\u2026..<\/h3>\n<h3><strong><em>El principio de objetividad y el rol del Ministerio P\u00fablico Fiscal.<\/em><\/strong><\/h3>\n<h3>El art\u00edculo 120 de la Constituci\u00f3n Nacional establece la autonom\u00eda funcional del Ministerio P\u00fablico Fiscal, cuya misi\u00f3n es promover la actuaci\u00f3n de la justicia en defensa de la legalidad y los intereses generales de la sociedad. Este principio implica que los fiscales deben actuar con objetividad, valorando tanto las pruebas que sustentan la acusaci\u00f3n como aquellas que podr\u00edan exonerar al imputado. En este marco, el retiro de una acusaci\u00f3n refleja el cumplimiento del deber de objetividad, evitando continuar con procesos judiciales cuando las pruebas disponibles no resulten suficientes o concluyentes para sostener la imputaci\u00f3n.<\/h3>\n<p>&nbsp;<\/p>\n<p>&nbsp;<\/p>\n<p>&nbsp;<\/p>\n","protected":false},"excerpt":{"rendered":"<p>Un tribunal integrado por jueces del Colegio de la Primera Circunscripci\u00f3n absolvi\u00f3 a Luis Alberto&#8230;<\/p>\n","protected":false},"author":1,"featured_media":25811,"comment_status":"closed","ping_status":"closed","sticky":false,"template":"","format":"standard","meta":{"footnotes":""},"categories":[6],"tags":[],"class_list":["post-25810","post","type-post","status-publish","format-standard","has-post-thumbnail","hentry","category-ciudad-provincia"],"yoast_head":"<!-- This site is optimized with the Yoast SEO plugin v26.1.1 - https:\/\/yoast.com\/wordpress\/plugins\/seo\/ -->\n<title>ABSUELVEN A ACUSADO DE HOMICIDIO Y ORDENAN SU INMEDIATA LIBERTAD - Apuntes de San Luis<\/title>\n<meta name=\"robots\" content=\"index, follow, max-snippet:-1, max-image-preview:large, max-video-preview:-1\" \/>\n<link rel=\"canonical\" href=\"https:\/\/apuntesdesanluis.com\/index.php\/2024\/11\/26\/absuelven-a-acusado-de-homicidio-y-ordenan-su-inmediata-libertad\/\" \/>\n<meta property=\"og:locale\" content=\"es_ES\" \/>\n<meta property=\"og:type\" content=\"article\" \/>\n<meta property=\"og:title\" content=\"ABSUELVEN A ACUSADO DE HOMICIDIO Y ORDENAN SU INMEDIATA LIBERTAD - Apuntes de San Luis\" \/>\n<meta property=\"og:description\" content=\"Un tribunal integrado por jueces del Colegio de la Primera Circunscripci\u00f3n absolvi\u00f3 a Luis Alberto...\" \/>\n<meta property=\"og:url\" content=\"https:\/\/apuntesdesanluis.com\/index.php\/2024\/11\/26\/absuelven-a-acusado-de-homicidio-y-ordenan-su-inmediata-libertad\/\" \/>\n<meta property=\"og:site_name\" content=\"Apuntes de San Luis\" \/>\n<meta property=\"article:published_time\" content=\"2024-11-26T21:22:12+00:00\" \/>\n<meta property=\"og:image\" content=\"https:\/\/apuntesdesanluis.com\/wp-content\/uploads\/2024\/11\/ACUSADO.png\" \/>\n\t<meta property=\"og:image:width\" content=\"795\" \/>\n\t<meta property=\"og:image:height\" content=\"442\" \/>\n\t<meta property=\"og:image:type\" content=\"image\/png\" \/>\n<meta name=\"author\" content=\"apuntesdesanluis.com\" \/>\n<meta name=\"twitter:card\" content=\"summary_large_image\" \/>\n<meta name=\"twitter:label1\" content=\"Escrito por\" \/>\n\t<meta name=\"twitter:data1\" content=\"apuntesdesanluis.com\" \/>\n\t<meta name=\"twitter:label2\" content=\"Tiempo de lectura\" \/>\n\t<meta name=\"twitter:data2\" content=\"4 minutos\" \/>\n<script type=\"application\/ld+json\" class=\"yoast-schema-graph\">{\"@context\":\"https:\/\/schema.org\",\"@graph\":[{\"@type\":\"Article\",\"@id\":\"https:\/\/apuntesdesanluis.com\/index.php\/2024\/11\/26\/absuelven-a-acusado-de-homicidio-y-ordenan-su-inmediata-libertad\/#article\",\"isPartOf\":{\"@id\":\"https:\/\/apuntesdesanluis.com\/index.php\/2024\/11\/26\/absuelven-a-acusado-de-homicidio-y-ordenan-su-inmediata-libertad\/\"},\"author\":{\"name\":\"apuntesdesanluis.com\",\"@id\":\"https:\/\/apuntesdesanluis.com\/#\/schema\/person\/b55151d52296fcce64d1a72538a70b90\"},\"headline\":\"ABSUELVEN A ACUSADO DE HOMICIDIO Y ORDENAN SU INMEDIATA LIBERTAD\",\"datePublished\":\"2024-11-26T21:22:12+00:00\",\"mainEntityOfPage\":{\"@id\":\"https:\/\/apuntesdesanluis.com\/index.php\/2024\/11\/26\/absuelven-a-acusado-de-homicidio-y-ordenan-su-inmediata-libertad\/\"},\"wordCount\":727,\"publisher\":{\"@id\":\"https:\/\/apuntesdesanluis.com\/#\/schema\/person\/b55151d52296fcce64d1a72538a70b90\"},\"image\":{\"@id\":\"https:\/\/apuntesdesanluis.com\/index.php\/2024\/11\/26\/absuelven-a-acusado-de-homicidio-y-ordenan-su-inmediata-libertad\/#primaryimage\"},\"thumbnailUrl\":\"https:\/\/apuntesdesanluis.com\/wp-content\/uploads\/2024\/11\/ACUSADO.png\",\"articleSection\":[\"Ciudad\/Provincia\"],\"inLanguage\":\"es-AR\"},{\"@type\":\"WebPage\",\"@id\":\"https:\/\/apuntesdesanluis.com\/index.php\/2024\/11\/26\/absuelven-a-acusado-de-homicidio-y-ordenan-su-inmediata-libertad\/\",\"url\":\"https:\/\/apuntesdesanluis.com\/index.php\/2024\/11\/26\/absuelven-a-acusado-de-homicidio-y-ordenan-su-inmediata-libertad\/\",\"name\":\"ABSUELVEN A ACUSADO DE HOMICIDIO Y ORDENAN SU INMEDIATA LIBERTAD - Apuntes de San Luis\",\"isPartOf\":{\"@id\":\"https:\/\/apuntesdesanluis.com\/#website\"},\"primaryImageOfPage\":{\"@id\":\"https:\/\/apuntesdesanluis.com\/index.php\/2024\/11\/26\/absuelven-a-acusado-de-homicidio-y-ordenan-su-inmediata-libertad\/#primaryimage\"},\"image\":{\"@id\":\"https:\/\/apuntesdesanluis.com\/index.php\/2024\/11\/26\/absuelven-a-acusado-de-homicidio-y-ordenan-su-inmediata-libertad\/#primaryimage\"},\"thumbnailUrl\":\"https:\/\/apuntesdesanluis.com\/wp-content\/uploads\/2024\/11\/ACUSADO.png\",\"datePublished\":\"2024-11-26T21:22:12+00:00\",\"breadcrumb\":{\"@id\":\"https:\/\/apuntesdesanluis.com\/index.php\/2024\/11\/26\/absuelven-a-acusado-de-homicidio-y-ordenan-su-inmediata-libertad\/#breadcrumb\"},\"inLanguage\":\"es-AR\",\"potentialAction\":[{\"@type\":\"ReadAction\",\"target\":[\"https:\/\/apuntesdesanluis.com\/index.php\/2024\/11\/26\/absuelven-a-acusado-de-homicidio-y-ordenan-su-inmediata-libertad\/\"]}]},{\"@type\":\"ImageObject\",\"inLanguage\":\"es-AR\",\"@id\":\"https:\/\/apuntesdesanluis.com\/index.php\/2024\/11\/26\/absuelven-a-acusado-de-homicidio-y-ordenan-su-inmediata-libertad\/#primaryimage\",\"url\":\"https:\/\/apuntesdesanluis.com\/wp-content\/uploads\/2024\/11\/ACUSADO.png\",\"contentUrl\":\"https:\/\/apuntesdesanluis.com\/wp-content\/uploads\/2024\/11\/ACUSADO.png\",\"width\":795,\"height\":442},{\"@type\":\"BreadcrumbList\",\"@id\":\"https:\/\/apuntesdesanluis.com\/index.php\/2024\/11\/26\/absuelven-a-acusado-de-homicidio-y-ordenan-su-inmediata-libertad\/#breadcrumb\",\"itemListElement\":[{\"@type\":\"ListItem\",\"position\":1,\"name\":\"Inicio\",\"item\":\"https:\/\/apuntesdesanluis.com\/\"},{\"@type\":\"ListItem\",\"position\":2,\"name\":\"ABSUELVEN A ACUSADO DE HOMICIDIO Y ORDENAN SU INMEDIATA LIBERTAD\"}]},{\"@type\":\"WebSite\",\"@id\":\"https:\/\/apuntesdesanluis.com\/#website\",\"url\":\"https:\/\/apuntesdesanluis.com\/\",\"name\":\"Apuntes de San Luis\",\"description\":\"\",\"publisher\":{\"@id\":\"https:\/\/apuntesdesanluis.com\/#\/schema\/person\/b55151d52296fcce64d1a72538a70b90\"},\"potentialAction\":[{\"@type\":\"SearchAction\",\"target\":{\"@type\":\"EntryPoint\",\"urlTemplate\":\"https:\/\/apuntesdesanluis.com\/?s={search_term_string}\"},\"query-input\":{\"@type\":\"PropertyValueSpecification\",\"valueRequired\":true,\"valueName\":\"search_term_string\"}}],\"inLanguage\":\"es-AR\"},{\"@type\":[\"Person\",\"Organization\"],\"@id\":\"https:\/\/apuntesdesanluis.com\/#\/schema\/person\/b55151d52296fcce64d1a72538a70b90\",\"name\":\"apuntesdesanluis.com\",\"image\":{\"@type\":\"ImageObject\",\"inLanguage\":\"es-AR\",\"@id\":\"https:\/\/apuntesdesanluis.com\/#\/schema\/person\/image\/\",\"url\":\"https:\/\/apuntesdesanluis.com\/wp-content\/uploads\/2023\/07\/cropped-apuntesdesanluis.png\",\"contentUrl\":\"https:\/\/apuntesdesanluis.com\/wp-content\/uploads\/2023\/07\/cropped-apuntesdesanluis.png\",\"width\":450,\"height\":112,\"caption\":\"apuntesdesanluis.com\"},\"logo\":{\"@id\":\"https:\/\/apuntesdesanluis.com\/#\/schema\/person\/image\/\"},\"sameAs\":[\"https:\/\/apuntesdesanluis.com\"],\"url\":\"https:\/\/apuntesdesanluis.com\/index.php\/author\/apuntesdesanluis-com\/\"}]}<\/script>\n<!-- \/ Yoast SEO plugin. -->","yoast_head_json":{"title":"ABSUELVEN A ACUSADO DE HOMICIDIO Y ORDENAN SU INMEDIATA LIBERTAD - Apuntes de San Luis","robots":{"index":"index","follow":"follow","max-snippet":"max-snippet:-1","max-image-preview":"max-image-preview:large","max-video-preview":"max-video-preview:-1"},"canonical":"https:\/\/apuntesdesanluis.com\/index.php\/2024\/11\/26\/absuelven-a-acusado-de-homicidio-y-ordenan-su-inmediata-libertad\/","og_locale":"es_ES","og_type":"article","og_title":"ABSUELVEN A ACUSADO DE HOMICIDIO Y ORDENAN SU INMEDIATA LIBERTAD - Apuntes de San Luis","og_description":"Un tribunal integrado por jueces del Colegio de la Primera Circunscripci\u00f3n absolvi\u00f3 a Luis Alberto...","og_url":"https:\/\/apuntesdesanluis.com\/index.php\/2024\/11\/26\/absuelven-a-acusado-de-homicidio-y-ordenan-su-inmediata-libertad\/","og_site_name":"Apuntes de San Luis","article_published_time":"2024-11-26T21:22:12+00:00","og_image":[{"width":795,"height":442,"url":"https:\/\/apuntesdesanluis.com\/wp-content\/uploads\/2024\/11\/ACUSADO.png","type":"image\/png"}],"author":"apuntesdesanluis.com","twitter_card":"summary_large_image","twitter_misc":{"Escrito por":"apuntesdesanluis.com","Tiempo de lectura":"4 minutos"},"schema":{"@context":"https:\/\/schema.org","@graph":[{"@type":"Article","@id":"https:\/\/apuntesdesanluis.com\/index.php\/2024\/11\/26\/absuelven-a-acusado-de-homicidio-y-ordenan-su-inmediata-libertad\/#article","isPartOf":{"@id":"https:\/\/apuntesdesanluis.com\/index.php\/2024\/11\/26\/absuelven-a-acusado-de-homicidio-y-ordenan-su-inmediata-libertad\/"},"author":{"name":"apuntesdesanluis.com","@id":"https:\/\/apuntesdesanluis.com\/#\/schema\/person\/b55151d52296fcce64d1a72538a70b90"},"headline":"ABSUELVEN A ACUSADO DE HOMICIDIO Y ORDENAN SU INMEDIATA LIBERTAD","datePublished":"2024-11-26T21:22:12+00:00","mainEntityOfPage":{"@id":"https:\/\/apuntesdesanluis.com\/index.php\/2024\/11\/26\/absuelven-a-acusado-de-homicidio-y-ordenan-su-inmediata-libertad\/"},"wordCount":727,"publisher":{"@id":"https:\/\/apuntesdesanluis.com\/#\/schema\/person\/b55151d52296fcce64d1a72538a70b90"},"image":{"@id":"https:\/\/apuntesdesanluis.com\/index.php\/2024\/11\/26\/absuelven-a-acusado-de-homicidio-y-ordenan-su-inmediata-libertad\/#primaryimage"},"thumbnailUrl":"https:\/\/apuntesdesanluis.com\/wp-content\/uploads\/2024\/11\/ACUSADO.png","articleSection":["Ciudad\/Provincia"],"inLanguage":"es-AR"},{"@type":"WebPage","@id":"https:\/\/apuntesdesanluis.com\/index.php\/2024\/11\/26\/absuelven-a-acusado-de-homicidio-y-ordenan-su-inmediata-libertad\/","url":"https:\/\/apuntesdesanluis.com\/index.php\/2024\/11\/26\/absuelven-a-acusado-de-homicidio-y-ordenan-su-inmediata-libertad\/","name":"ABSUELVEN A ACUSADO DE HOMICIDIO Y ORDENAN SU INMEDIATA LIBERTAD - Apuntes de San Luis","isPartOf":{"@id":"https:\/\/apuntesdesanluis.com\/#website"},"primaryImageOfPage":{"@id":"https:\/\/apuntesdesanluis.com\/index.php\/2024\/11\/26\/absuelven-a-acusado-de-homicidio-y-ordenan-su-inmediata-libertad\/#primaryimage"},"image":{"@id":"https:\/\/apuntesdesanluis.com\/index.php\/2024\/11\/26\/absuelven-a-acusado-de-homicidio-y-ordenan-su-inmediata-libertad\/#primaryimage"},"thumbnailUrl":"https:\/\/apuntesdesanluis.com\/wp-content\/uploads\/2024\/11\/ACUSADO.png","datePublished":"2024-11-26T21:22:12+00:00","breadcrumb":{"@id":"https:\/\/apuntesdesanluis.com\/index.php\/2024\/11\/26\/absuelven-a-acusado-de-homicidio-y-ordenan-su-inmediata-libertad\/#breadcrumb"},"inLanguage":"es-AR","potentialAction":[{"@type":"ReadAction","target":["https:\/\/apuntesdesanluis.com\/index.php\/2024\/11\/26\/absuelven-a-acusado-de-homicidio-y-ordenan-su-inmediata-libertad\/"]}]},{"@type":"ImageObject","inLanguage":"es-AR","@id":"https:\/\/apuntesdesanluis.com\/index.php\/2024\/11\/26\/absuelven-a-acusado-de-homicidio-y-ordenan-su-inmediata-libertad\/#primaryimage","url":"https:\/\/apuntesdesanluis.com\/wp-content\/uploads\/2024\/11\/ACUSADO.png","contentUrl":"https:\/\/apuntesdesanluis.com\/wp-content\/uploads\/2024\/11\/ACUSADO.png","width":795,"height":442},{"@type":"BreadcrumbList","@id":"https:\/\/apuntesdesanluis.com\/index.php\/2024\/11\/26\/absuelven-a-acusado-de-homicidio-y-ordenan-su-inmediata-libertad\/#breadcrumb","itemListElement":[{"@type":"ListItem","position":1,"name":"Inicio","item":"https:\/\/apuntesdesanluis.com\/"},{"@type":"ListItem","position":2,"name":"ABSUELVEN A ACUSADO DE HOMICIDIO Y ORDENAN SU INMEDIATA LIBERTAD"}]},{"@type":"WebSite","@id":"https:\/\/apuntesdesanluis.com\/#website","url":"https:\/\/apuntesdesanluis.com\/","name":"Apuntes de San Luis","description":"","publisher":{"@id":"https:\/\/apuntesdesanluis.com\/#\/schema\/person\/b55151d52296fcce64d1a72538a70b90"},"potentialAction":[{"@type":"SearchAction","target":{"@type":"EntryPoint","urlTemplate":"https:\/\/apuntesdesanluis.com\/?s={search_term_string}"},"query-input":{"@type":"PropertyValueSpecification","valueRequired":true,"valueName":"search_term_string"}}],"inLanguage":"es-AR"},{"@type":["Person","Organization"],"@id":"https:\/\/apuntesdesanluis.com\/#\/schema\/person\/b55151d52296fcce64d1a72538a70b90","name":"apuntesdesanluis.com","image":{"@type":"ImageObject","inLanguage":"es-AR","@id":"https:\/\/apuntesdesanluis.com\/#\/schema\/person\/image\/","url":"https:\/\/apuntesdesanluis.com\/wp-content\/uploads\/2023\/07\/cropped-apuntesdesanluis.png","contentUrl":"https:\/\/apuntesdesanluis.com\/wp-content\/uploads\/2023\/07\/cropped-apuntesdesanluis.png","width":450,"height":112,"caption":"apuntesdesanluis.com"},"logo":{"@id":"https:\/\/apuntesdesanluis.com\/#\/schema\/person\/image\/"},"sameAs":["https:\/\/apuntesdesanluis.com"],"url":"https:\/\/apuntesdesanluis.com\/index.php\/author\/apuntesdesanluis-com\/"}]}},"featured_image_urls":{"full":["https:\/\/apuntesdesanluis.com\/wp-content\/uploads\/2024\/11\/ACUSADO.png",795,442,false],"thumbnail":["https:\/\/apuntesdesanluis.com\/wp-content\/uploads\/2024\/11\/ACUSADO-150x150.png",150,150,true],"medium":["https:\/\/apuntesdesanluis.com\/wp-content\/uploads\/2024\/11\/ACUSADO-300x167.png",300,167,true],"medium_large":["https:\/\/apuntesdesanluis.com\/wp-content\/uploads\/2024\/11\/ACUSADO-768x427.png",640,356,true],"large":["https:\/\/apuntesdesanluis.com\/wp-content\/uploads\/2024\/11\/ACUSADO.png",640,356,false],"1536x1536":["https:\/\/apuntesdesanluis.com\/wp-content\/uploads\/2024\/11\/ACUSADO.png",795,442,false],"2048x2048":["https:\/\/apuntesdesanluis.com\/wp-content\/uploads\/2024\/11\/ACUSADO.png",795,442,false],"newsever-slider-full":["https:\/\/apuntesdesanluis.com\/wp-content\/uploads\/2024\/11\/ACUSADO.png",795,442,false],"newsever-featured":["https:\/\/apuntesdesanluis.com\/wp-content\/uploads\/2024\/11\/ACUSADO.png",795,442,false],"newsever-medium":["https:\/\/apuntesdesanluis.com\/wp-content\/uploads\/2024\/11\/ACUSADO-720x442.png",720,442,true]},"author_info":{"display_name":"apuntesdesanluis.com","author_link":"https:\/\/apuntesdesanluis.com\/index.php\/author\/apuntesdesanluis-com\/"},"category_info":"<a href=\"https:\/\/apuntesdesanluis.com\/index.php\/category\/ciudad-provincia\/\" rel=\"category tag\">Ciudad\/Provincia<\/a>","tag_info":"Ciudad\/Provincia","comment_count":"0","_links":{"self":[{"href":"https:\/\/apuntesdesanluis.com\/index.php\/wp-json\/wp\/v2\/posts\/25810","targetHints":{"allow":["GET"]}}],"collection":[{"href":"https:\/\/apuntesdesanluis.com\/index.php\/wp-json\/wp\/v2\/posts"}],"about":[{"href":"https:\/\/apuntesdesanluis.com\/index.php\/wp-json\/wp\/v2\/types\/post"}],"author":[{"embeddable":true,"href":"https:\/\/apuntesdesanluis.com\/index.php\/wp-json\/wp\/v2\/users\/1"}],"replies":[{"embeddable":true,"href":"https:\/\/apuntesdesanluis.com\/index.php\/wp-json\/wp\/v2\/comments?post=25810"}],"version-history":[{"count":1,"href":"https:\/\/apuntesdesanluis.com\/index.php\/wp-json\/wp\/v2\/posts\/25810\/revisions"}],"predecessor-version":[{"id":25812,"href":"https:\/\/apuntesdesanluis.com\/index.php\/wp-json\/wp\/v2\/posts\/25810\/revisions\/25812"}],"wp:featuredmedia":[{"embeddable":true,"href":"https:\/\/apuntesdesanluis.com\/index.php\/wp-json\/wp\/v2\/media\/25811"}],"wp:attachment":[{"href":"https:\/\/apuntesdesanluis.com\/index.php\/wp-json\/wp\/v2\/media?parent=25810"}],"wp:term":[{"taxonomy":"category","embeddable":true,"href":"https:\/\/apuntesdesanluis.com\/index.php\/wp-json\/wp\/v2\/categories?post=25810"},{"taxonomy":"post_tag","embeddable":true,"href":"https:\/\/apuntesdesanluis.com\/index.php\/wp-json\/wp\/v2\/tags?post=25810"}],"curies":[{"name":"wp","href":"https:\/\/api.w.org\/{rel}","templated":true}]}}