{"id":25827,"date":"2024-11-26T19:56:23","date_gmt":"2024-11-26T22:56:23","guid":{"rendered":"https:\/\/apuntesdesanluis.com\/?p=25827"},"modified":"2024-11-26T19:56:23","modified_gmt":"2024-11-26T22:56:23","slug":"barrabrava-de-boca-se-metio-con-su-camioneta-al-hospital-de-boulogne-porque-tardaban-en-atenderlo","status":"publish","type":"post","link":"https:\/\/apuntesdesanluis.com\/index.php\/2024\/11\/26\/barrabrava-de-boca-se-metio-con-su-camioneta-al-hospital-de-boulogne-porque-tardaban-en-atenderlo\/","title":{"rendered":"BARRABRAVA DE BOCA SE METI\u00d3 CON SU CAMIONETA AL HOSPITAL DE BOULOGNE PORQUE TARDABAN EN ATENDERLO"},"content":{"rendered":"<h3>Eran las primeras horas de la ma\u00f1ana del lunes en la guardia del <strong>Hospital Municipal Ciudad de Boulogne<\/strong>. Tres personas aguardaban, en el comienzo de la semana, ser atendidas en los bancos de la sala de espera. Minutos antes, un hombre, en aparente estado de ebriedad y consumo de drogas, hab\u00eda alterado la calma del lugar, exigiendo ser atendido con urgencia. Lo que no esperaba ninguno de los presentes en el centro de salud fue que salvar\u00edan sus vidas de milagro, porque <strong>Rub\u00e9n Dar\u00edo Mangoni<\/strong>, el enfurecido paciente que se hab\u00eda retirado, volvi\u00f3, pero a bordo de su camioneta y tirando abajo las puertas de vidrio.<\/h3>\n<p><img fetchpriority=\"high\" decoding=\"async\" class=\"wp-image-25829 aligncenter\" src=\"https:\/\/apuntesdesanluis.com\/wp-content\/uploads\/2024\/11\/CAMIONETA-AMAROK-300x188.png\" alt=\"\" width=\"640\" height=\"401\" srcset=\"https:\/\/apuntesdesanluis.com\/wp-content\/uploads\/2024\/11\/CAMIONETA-AMAROK-300x188.png 300w, https:\/\/apuntesdesanluis.com\/wp-content\/uploads\/2024\/11\/CAMIONETA-AMAROK.png 739w\" sizes=\"(max-width: 640px) 100vw, 640px\" \/><\/p>\n<h3>El violento hecho ocurri\u00f3 exactamente a las 6.16 en el nosocomio ubicado en la avenida Avelino Rol\u00f3n al 1200 de la mencionada localidad del partido de San Isidro. Tras la colisi\u00f3n, Mangoni, de 39 a\u00f1os, baj\u00f3 del veh\u00edculo con una botella de agua en sus manos que se negaba a soltar. Al revisar sus antecedentes, los investigadores descubrieron que se trata de un barrabrava de Boca Juniors sobre quien ya pesaron fallos condenatorios por robo agravado por arma de fuego, estafas y robos.<\/h3>\n<h3>En las im\u00e1genes captadas por una c\u00e1mara de seguridad del hospital, se observa el exacto momento en que los tres pacientes que aguardaban su turno giran sus cabezas, alertados por el sonido de la aceleraci\u00f3n de la camioneta. Inmediatamente, el veh\u00edculo se estrella contra la entrada de la guardia y tan solo por un milagro no atropella a nadie.<\/h3>\n<p><iframe title=\"Fuera de control: barra de Boca choc\u00f3 contra la guardia del hospital\" width=\"640\" height=\"360\" src=\"https:\/\/www.youtube.com\/embed\/dyohEbeqt1Q?start=74&#038;feature=oembed\" frameborder=\"0\" allow=\"accelerometer; autoplay; clipboard-write; encrypted-media; gyroscope; picture-in-picture; web-share\" referrerpolicy=\"strict-origin-when-cross-origin\" allowfullscreen><\/iframe><\/p>\n<h3>Apenas concretada la locura, se ve a Mangoni bajando de la Volkswagen Amarok con una botella en sus manos, pero enseguida aparecen dos polic\u00edas para controlar la situaci\u00f3n. Todo ante la angustiada mirada de los otros pacientes y algunos empleados del centro de salud que se acercaron al escuchar el ruido del choque.<\/h3>\n<h3>Antes de su decisi\u00f3n de destruir el hospital a bordo de su camioneta, el alterado hombre hab\u00eda ingresado pidiendo atenci\u00f3n a los gritos. Una vez concretado el ataque al edificio, tras su arranque de furia, la recibi\u00f3: presentaba un cuadro de excitaci\u00f3n psicomotriz, seg\u00fan le revelaron a este medio fuentes de la Municipalidad de San Isidro.<\/h3>\n<h3>Pocas horas m\u00e1s tarde, la fiscal Mar\u00eda Paula Hertrig, de la Fiscal\u00eda Descentralizada de Boulogne, solicit\u00f3 la detenci\u00f3n de Mangoni ante el Juzgado de Garant\u00edas N\u00ba 3, interviniente en la causa. Al barra se lo imput\u00f3 por da\u00f1o agravado por ser ejecutado en bienes de uso p\u00fablico.<\/h3>\n<p><img decoding=\"async\" class=\"wp-image-25830 aligncenter\" src=\"https:\/\/apuntesdesanluis.com\/wp-content\/uploads\/2024\/11\/CAMIONETA-300x154.png\" alt=\"\" width=\"592\" height=\"304\" srcset=\"https:\/\/apuntesdesanluis.com\/wp-content\/uploads\/2024\/11\/CAMIONETA-300x154.png 300w, https:\/\/apuntesdesanluis.com\/wp-content\/uploads\/2024\/11\/CAMIONETA.png 735w\" sizes=\"(max-width: 592px) 100vw, 592px\" \/><\/p>\n<h3>El atacante permanece detenido en la Comisar\u00eda 3ra de Boulogne. Si bien no se le realiz\u00f3 un narcotest en el momento, le tomaron muestras de sangre y orina que est\u00e1n siendo analizadas. Este martes fue indagado.<\/h3>\n<p>&nbsp;<\/p>\n<p>&nbsp;<\/p>\n<p>&nbsp;<\/p>\n","protected":false},"excerpt":{"rendered":"<p>Eran las primeras horas de la ma\u00f1ana del lunes en la guardia del Hospital Municipal&#8230;<\/p>\n","protected":false},"author":1,"featured_media":25828,"comment_status":"closed","ping_status":"closed","sticky":false,"template":"","format":"standard","meta":{"footnotes":""},"categories":[5],"tags":[],"class_list":["post-25827","post","type-post","status-publish","format-standard","has-post-thumbnail","hentry","category-nacionales-internacionales"],"yoast_head":"<!-- This site is optimized with the Yoast SEO plugin v26.1.1 - https:\/\/yoast.com\/wordpress\/plugins\/seo\/ -->\n<title>BARRABRAVA DE BOCA SE METI\u00d3 CON SU CAMIONETA AL HOSPITAL DE BOULOGNE PORQUE TARDABAN EN ATENDERLO - Apuntes de San Luis<\/title>\n<meta name=\"robots\" content=\"index, follow, max-snippet:-1, max-image-preview:large, max-video-preview:-1\" \/>\n<link rel=\"canonical\" href=\"https:\/\/apuntesdesanluis.com\/index.php\/2024\/11\/26\/barrabrava-de-boca-se-metio-con-su-camioneta-al-hospital-de-boulogne-porque-tardaban-en-atenderlo\/\" \/>\n<meta property=\"og:locale\" content=\"es_ES\" \/>\n<meta property=\"og:type\" content=\"article\" \/>\n<meta property=\"og:title\" content=\"BARRABRAVA DE BOCA SE METI\u00d3 CON SU CAMIONETA AL HOSPITAL DE BOULOGNE PORQUE TARDABAN EN ATENDERLO - Apuntes de San Luis\" \/>\n<meta property=\"og:description\" content=\"Eran las primeras horas de la ma\u00f1ana del lunes en la guardia del Hospital Municipal...\" \/>\n<meta property=\"og:url\" content=\"https:\/\/apuntesdesanluis.com\/index.php\/2024\/11\/26\/barrabrava-de-boca-se-metio-con-su-camioneta-al-hospital-de-boulogne-porque-tardaban-en-atenderlo\/\" \/>\n<meta property=\"og:site_name\" content=\"Apuntes de San Luis\" \/>\n<meta property=\"article:published_time\" content=\"2024-11-26T22:56:23+00:00\" \/>\n<meta property=\"og:image\" content=\"https:\/\/apuntesdesanluis.com\/wp-content\/uploads\/2024\/11\/TARADO.png\" \/>\n\t<meta property=\"og:image:width\" content=\"663\" \/>\n\t<meta property=\"og:image:height\" content=\"353\" \/>\n\t<meta property=\"og:image:type\" content=\"image\/png\" \/>\n<meta name=\"author\" content=\"apuntesdesanluis.com\" \/>\n<meta name=\"twitter:card\" content=\"summary_large_image\" \/>\n<meta name=\"twitter:label1\" content=\"Escrito por\" \/>\n\t<meta name=\"twitter:data1\" content=\"apuntesdesanluis.com\" \/>\n\t<meta name=\"twitter:label2\" content=\"Tiempo de lectura\" \/>\n\t<meta name=\"twitter:data2\" content=\"3 minutos\" \/>\n<script type=\"application\/ld+json\" class=\"yoast-schema-graph\">{\"@context\":\"https:\/\/schema.org\",\"@graph\":[{\"@type\":\"Article\",\"@id\":\"https:\/\/apuntesdesanluis.com\/index.php\/2024\/11\/26\/barrabrava-de-boca-se-metio-con-su-camioneta-al-hospital-de-boulogne-porque-tardaban-en-atenderlo\/#article\",\"isPartOf\":{\"@id\":\"https:\/\/apuntesdesanluis.com\/index.php\/2024\/11\/26\/barrabrava-de-boca-se-metio-con-su-camioneta-al-hospital-de-boulogne-porque-tardaban-en-atenderlo\/\"},\"author\":{\"name\":\"apuntesdesanluis.com\",\"@id\":\"https:\/\/apuntesdesanluis.com\/#\/schema\/person\/b55151d52296fcce64d1a72538a70b90\"},\"headline\":\"BARRABRAVA DE BOCA SE METI\u00d3 CON SU CAMIONETA AL HOSPITAL DE BOULOGNE PORQUE TARDABAN EN ATENDERLO\",\"datePublished\":\"2024-11-26T22:56:23+00:00\",\"mainEntityOfPage\":{\"@id\":\"https:\/\/apuntesdesanluis.com\/index.php\/2024\/11\/26\/barrabrava-de-boca-se-metio-con-su-camioneta-al-hospital-de-boulogne-porque-tardaban-en-atenderlo\/\"},\"wordCount\":493,\"publisher\":{\"@id\":\"https:\/\/apuntesdesanluis.com\/#\/schema\/person\/b55151d52296fcce64d1a72538a70b90\"},\"image\":{\"@id\":\"https:\/\/apuntesdesanluis.com\/index.php\/2024\/11\/26\/barrabrava-de-boca-se-metio-con-su-camioneta-al-hospital-de-boulogne-porque-tardaban-en-atenderlo\/#primaryimage\"},\"thumbnailUrl\":\"https:\/\/apuntesdesanluis.com\/wp-content\/uploads\/2024\/11\/TARADO.png\",\"articleSection\":[\"Nacionales\/Internacionales\"],\"inLanguage\":\"es-AR\"},{\"@type\":\"WebPage\",\"@id\":\"https:\/\/apuntesdesanluis.com\/index.php\/2024\/11\/26\/barrabrava-de-boca-se-metio-con-su-camioneta-al-hospital-de-boulogne-porque-tardaban-en-atenderlo\/\",\"url\":\"https:\/\/apuntesdesanluis.com\/index.php\/2024\/11\/26\/barrabrava-de-boca-se-metio-con-su-camioneta-al-hospital-de-boulogne-porque-tardaban-en-atenderlo\/\",\"name\":\"BARRABRAVA DE BOCA SE METI\u00d3 CON SU CAMIONETA AL HOSPITAL DE BOULOGNE PORQUE TARDABAN EN ATENDERLO - Apuntes de San Luis\",\"isPartOf\":{\"@id\":\"https:\/\/apuntesdesanluis.com\/#website\"},\"primaryImageOfPage\":{\"@id\":\"https:\/\/apuntesdesanluis.com\/index.php\/2024\/11\/26\/barrabrava-de-boca-se-metio-con-su-camioneta-al-hospital-de-boulogne-porque-tardaban-en-atenderlo\/#primaryimage\"},\"image\":{\"@id\":\"https:\/\/apuntesdesanluis.com\/index.php\/2024\/11\/26\/barrabrava-de-boca-se-metio-con-su-camioneta-al-hospital-de-boulogne-porque-tardaban-en-atenderlo\/#primaryimage\"},\"thumbnailUrl\":\"https:\/\/apuntesdesanluis.com\/wp-content\/uploads\/2024\/11\/TARADO.png\",\"datePublished\":\"2024-11-26T22:56:23+00:00\",\"breadcrumb\":{\"@id\":\"https:\/\/apuntesdesanluis.com\/index.php\/2024\/11\/26\/barrabrava-de-boca-se-metio-con-su-camioneta-al-hospital-de-boulogne-porque-tardaban-en-atenderlo\/#breadcrumb\"},\"inLanguage\":\"es-AR\",\"potentialAction\":[{\"@type\":\"ReadAction\",\"target\":[\"https:\/\/apuntesdesanluis.com\/index.php\/2024\/11\/26\/barrabrava-de-boca-se-metio-con-su-camioneta-al-hospital-de-boulogne-porque-tardaban-en-atenderlo\/\"]}]},{\"@type\":\"ImageObject\",\"inLanguage\":\"es-AR\",\"@id\":\"https:\/\/apuntesdesanluis.com\/index.php\/2024\/11\/26\/barrabrava-de-boca-se-metio-con-su-camioneta-al-hospital-de-boulogne-porque-tardaban-en-atenderlo\/#primaryimage\",\"url\":\"https:\/\/apuntesdesanluis.com\/wp-content\/uploads\/2024\/11\/TARADO.png\",\"contentUrl\":\"https:\/\/apuntesdesanluis.com\/wp-content\/uploads\/2024\/11\/TARADO.png\",\"width\":663,\"height\":353},{\"@type\":\"BreadcrumbList\",\"@id\":\"https:\/\/apuntesdesanluis.com\/index.php\/2024\/11\/26\/barrabrava-de-boca-se-metio-con-su-camioneta-al-hospital-de-boulogne-porque-tardaban-en-atenderlo\/#breadcrumb\",\"itemListElement\":[{\"@type\":\"ListItem\",\"position\":1,\"name\":\"Inicio\",\"item\":\"https:\/\/apuntesdesanluis.com\/\"},{\"@type\":\"ListItem\",\"position\":2,\"name\":\"BARRABRAVA DE BOCA SE METI\u00d3 CON SU CAMIONETA AL HOSPITAL DE BOULOGNE PORQUE TARDABAN EN ATENDERLO\"}]},{\"@type\":\"WebSite\",\"@id\":\"https:\/\/apuntesdesanluis.com\/#website\",\"url\":\"https:\/\/apuntesdesanluis.com\/\",\"name\":\"Apuntes de San Luis\",\"description\":\"\",\"publisher\":{\"@id\":\"https:\/\/apuntesdesanluis.com\/#\/schema\/person\/b55151d52296fcce64d1a72538a70b90\"},\"potentialAction\":[{\"@type\":\"SearchAction\",\"target\":{\"@type\":\"EntryPoint\",\"urlTemplate\":\"https:\/\/apuntesdesanluis.com\/?s={search_term_string}\"},\"query-input\":{\"@type\":\"PropertyValueSpecification\",\"valueRequired\":true,\"valueName\":\"search_term_string\"}}],\"inLanguage\":\"es-AR\"},{\"@type\":[\"Person\",\"Organization\"],\"@id\":\"https:\/\/apuntesdesanluis.com\/#\/schema\/person\/b55151d52296fcce64d1a72538a70b90\",\"name\":\"apuntesdesanluis.com\",\"image\":{\"@type\":\"ImageObject\",\"inLanguage\":\"es-AR\",\"@id\":\"https:\/\/apuntesdesanluis.com\/#\/schema\/person\/image\/\",\"url\":\"https:\/\/apuntesdesanluis.com\/wp-content\/uploads\/2023\/07\/cropped-apuntesdesanluis.png\",\"contentUrl\":\"https:\/\/apuntesdesanluis.com\/wp-content\/uploads\/2023\/07\/cropped-apuntesdesanluis.png\",\"width\":450,\"height\":112,\"caption\":\"apuntesdesanluis.com\"},\"logo\":{\"@id\":\"https:\/\/apuntesdesanluis.com\/#\/schema\/person\/image\/\"},\"sameAs\":[\"https:\/\/apuntesdesanluis.com\"],\"url\":\"https:\/\/apuntesdesanluis.com\/index.php\/author\/apuntesdesanluis-com\/\"}]}<\/script>\n<!-- \/ Yoast SEO plugin. -->","yoast_head_json":{"title":"BARRABRAVA DE BOCA SE METI\u00d3 CON SU CAMIONETA AL HOSPITAL DE BOULOGNE PORQUE TARDABAN EN ATENDERLO - Apuntes de San Luis","robots":{"index":"index","follow":"follow","max-snippet":"max-snippet:-1","max-image-preview":"max-image-preview:large","max-video-preview":"max-video-preview:-1"},"canonical":"https:\/\/apuntesdesanluis.com\/index.php\/2024\/11\/26\/barrabrava-de-boca-se-metio-con-su-camioneta-al-hospital-de-boulogne-porque-tardaban-en-atenderlo\/","og_locale":"es_ES","og_type":"article","og_title":"BARRABRAVA DE BOCA SE METI\u00d3 CON SU CAMIONETA AL HOSPITAL DE BOULOGNE PORQUE TARDABAN EN ATENDERLO - Apuntes de San Luis","og_description":"Eran las primeras horas de la ma\u00f1ana del lunes en la guardia del Hospital Municipal...","og_url":"https:\/\/apuntesdesanluis.com\/index.php\/2024\/11\/26\/barrabrava-de-boca-se-metio-con-su-camioneta-al-hospital-de-boulogne-porque-tardaban-en-atenderlo\/","og_site_name":"Apuntes de San Luis","article_published_time":"2024-11-26T22:56:23+00:00","og_image":[{"width":663,"height":353,"url":"https:\/\/apuntesdesanluis.com\/wp-content\/uploads\/2024\/11\/TARADO.png","type":"image\/png"}],"author":"apuntesdesanluis.com","twitter_card":"summary_large_image","twitter_misc":{"Escrito por":"apuntesdesanluis.com","Tiempo de lectura":"3 minutos"},"schema":{"@context":"https:\/\/schema.org","@graph":[{"@type":"Article","@id":"https:\/\/apuntesdesanluis.com\/index.php\/2024\/11\/26\/barrabrava-de-boca-se-metio-con-su-camioneta-al-hospital-de-boulogne-porque-tardaban-en-atenderlo\/#article","isPartOf":{"@id":"https:\/\/apuntesdesanluis.com\/index.php\/2024\/11\/26\/barrabrava-de-boca-se-metio-con-su-camioneta-al-hospital-de-boulogne-porque-tardaban-en-atenderlo\/"},"author":{"name":"apuntesdesanluis.com","@id":"https:\/\/apuntesdesanluis.com\/#\/schema\/person\/b55151d52296fcce64d1a72538a70b90"},"headline":"BARRABRAVA DE BOCA SE METI\u00d3 CON SU CAMIONETA AL HOSPITAL DE BOULOGNE PORQUE TARDABAN EN ATENDERLO","datePublished":"2024-11-26T22:56:23+00:00","mainEntityOfPage":{"@id":"https:\/\/apuntesdesanluis.com\/index.php\/2024\/11\/26\/barrabrava-de-boca-se-metio-con-su-camioneta-al-hospital-de-boulogne-porque-tardaban-en-atenderlo\/"},"wordCount":493,"publisher":{"@id":"https:\/\/apuntesdesanluis.com\/#\/schema\/person\/b55151d52296fcce64d1a72538a70b90"},"image":{"@id":"https:\/\/apuntesdesanluis.com\/index.php\/2024\/11\/26\/barrabrava-de-boca-se-metio-con-su-camioneta-al-hospital-de-boulogne-porque-tardaban-en-atenderlo\/#primaryimage"},"thumbnailUrl":"https:\/\/apuntesdesanluis.com\/wp-content\/uploads\/2024\/11\/TARADO.png","articleSection":["Nacionales\/Internacionales"],"inLanguage":"es-AR"},{"@type":"WebPage","@id":"https:\/\/apuntesdesanluis.com\/index.php\/2024\/11\/26\/barrabrava-de-boca-se-metio-con-su-camioneta-al-hospital-de-boulogne-porque-tardaban-en-atenderlo\/","url":"https:\/\/apuntesdesanluis.com\/index.php\/2024\/11\/26\/barrabrava-de-boca-se-metio-con-su-camioneta-al-hospital-de-boulogne-porque-tardaban-en-atenderlo\/","name":"BARRABRAVA DE BOCA SE METI\u00d3 CON SU CAMIONETA AL HOSPITAL DE BOULOGNE PORQUE TARDABAN EN ATENDERLO - Apuntes de San Luis","isPartOf":{"@id":"https:\/\/apuntesdesanluis.com\/#website"},"primaryImageOfPage":{"@id":"https:\/\/apuntesdesanluis.com\/index.php\/2024\/11\/26\/barrabrava-de-boca-se-metio-con-su-camioneta-al-hospital-de-boulogne-porque-tardaban-en-atenderlo\/#primaryimage"},"image":{"@id":"https:\/\/apuntesdesanluis.com\/index.php\/2024\/11\/26\/barrabrava-de-boca-se-metio-con-su-camioneta-al-hospital-de-boulogne-porque-tardaban-en-atenderlo\/#primaryimage"},"thumbnailUrl":"https:\/\/apuntesdesanluis.com\/wp-content\/uploads\/2024\/11\/TARADO.png","datePublished":"2024-11-26T22:56:23+00:00","breadcrumb":{"@id":"https:\/\/apuntesdesanluis.com\/index.php\/2024\/11\/26\/barrabrava-de-boca-se-metio-con-su-camioneta-al-hospital-de-boulogne-porque-tardaban-en-atenderlo\/#breadcrumb"},"inLanguage":"es-AR","potentialAction":[{"@type":"ReadAction","target":["https:\/\/apuntesdesanluis.com\/index.php\/2024\/11\/26\/barrabrava-de-boca-se-metio-con-su-camioneta-al-hospital-de-boulogne-porque-tardaban-en-atenderlo\/"]}]},{"@type":"ImageObject","inLanguage":"es-AR","@id":"https:\/\/apuntesdesanluis.com\/index.php\/2024\/11\/26\/barrabrava-de-boca-se-metio-con-su-camioneta-al-hospital-de-boulogne-porque-tardaban-en-atenderlo\/#primaryimage","url":"https:\/\/apuntesdesanluis.com\/wp-content\/uploads\/2024\/11\/TARADO.png","contentUrl":"https:\/\/apuntesdesanluis.com\/wp-content\/uploads\/2024\/11\/TARADO.png","width":663,"height":353},{"@type":"BreadcrumbList","@id":"https:\/\/apuntesdesanluis.com\/index.php\/2024\/11\/26\/barrabrava-de-boca-se-metio-con-su-camioneta-al-hospital-de-boulogne-porque-tardaban-en-atenderlo\/#breadcrumb","itemListElement":[{"@type":"ListItem","position":1,"name":"Inicio","item":"https:\/\/apuntesdesanluis.com\/"},{"@type":"ListItem","position":2,"name":"BARRABRAVA DE BOCA SE METI\u00d3 CON SU CAMIONETA AL HOSPITAL DE BOULOGNE PORQUE TARDABAN EN ATENDERLO"}]},{"@type":"WebSite","@id":"https:\/\/apuntesdesanluis.com\/#website","url":"https:\/\/apuntesdesanluis.com\/","name":"Apuntes de San Luis","description":"","publisher":{"@id":"https:\/\/apuntesdesanluis.com\/#\/schema\/person\/b55151d52296fcce64d1a72538a70b90"},"potentialAction":[{"@type":"SearchAction","target":{"@type":"EntryPoint","urlTemplate":"https:\/\/apuntesdesanluis.com\/?s={search_term_string}"},"query-input":{"@type":"PropertyValueSpecification","valueRequired":true,"valueName":"search_term_string"}}],"inLanguage":"es-AR"},{"@type":["Person","Organization"],"@id":"https:\/\/apuntesdesanluis.com\/#\/schema\/person\/b55151d52296fcce64d1a72538a70b90","name":"apuntesdesanluis.com","image":{"@type":"ImageObject","inLanguage":"es-AR","@id":"https:\/\/apuntesdesanluis.com\/#\/schema\/person\/image\/","url":"https:\/\/apuntesdesanluis.com\/wp-content\/uploads\/2023\/07\/cropped-apuntesdesanluis.png","contentUrl":"https:\/\/apuntesdesanluis.com\/wp-content\/uploads\/2023\/07\/cropped-apuntesdesanluis.png","width":450,"height":112,"caption":"apuntesdesanluis.com"},"logo":{"@id":"https:\/\/apuntesdesanluis.com\/#\/schema\/person\/image\/"},"sameAs":["https:\/\/apuntesdesanluis.com"],"url":"https:\/\/apuntesdesanluis.com\/index.php\/author\/apuntesdesanluis-com\/"}]}},"featured_image_urls":{"full":["https:\/\/apuntesdesanluis.com\/wp-content\/uploads\/2024\/11\/TARADO.png",663,353,false],"thumbnail":["https:\/\/apuntesdesanluis.com\/wp-content\/uploads\/2024\/11\/TARADO-150x150.png",150,150,true],"medium":["https:\/\/apuntesdesanluis.com\/wp-content\/uploads\/2024\/11\/TARADO-300x160.png",300,160,true],"medium_large":["https:\/\/apuntesdesanluis.com\/wp-content\/uploads\/2024\/11\/TARADO.png",640,341,false],"large":["https:\/\/apuntesdesanluis.com\/wp-content\/uploads\/2024\/11\/TARADO.png",640,341,false],"1536x1536":["https:\/\/apuntesdesanluis.com\/wp-content\/uploads\/2024\/11\/TARADO.png",663,353,false],"2048x2048":["https:\/\/apuntesdesanluis.com\/wp-content\/uploads\/2024\/11\/TARADO.png",663,353,false],"newsever-slider-full":["https:\/\/apuntesdesanluis.com\/wp-content\/uploads\/2024\/11\/TARADO.png",663,353,false],"newsever-featured":["https:\/\/apuntesdesanluis.com\/wp-content\/uploads\/2024\/11\/TARADO.png",663,353,false],"newsever-medium":["https:\/\/apuntesdesanluis.com\/wp-content\/uploads\/2024\/11\/TARADO.png",663,353,false]},"author_info":{"display_name":"apuntesdesanluis.com","author_link":"https:\/\/apuntesdesanluis.com\/index.php\/author\/apuntesdesanluis-com\/"},"category_info":"<a href=\"https:\/\/apuntesdesanluis.com\/index.php\/category\/nacionales-internacionales\/\" rel=\"category tag\">Nacionales\/Internacionales<\/a>","tag_info":"Nacionales\/Internacionales","comment_count":"0","_links":{"self":[{"href":"https:\/\/apuntesdesanluis.com\/index.php\/wp-json\/wp\/v2\/posts\/25827","targetHints":{"allow":["GET"]}}],"collection":[{"href":"https:\/\/apuntesdesanluis.com\/index.php\/wp-json\/wp\/v2\/posts"}],"about":[{"href":"https:\/\/apuntesdesanluis.com\/index.php\/wp-json\/wp\/v2\/types\/post"}],"author":[{"embeddable":true,"href":"https:\/\/apuntesdesanluis.com\/index.php\/wp-json\/wp\/v2\/users\/1"}],"replies":[{"embeddable":true,"href":"https:\/\/apuntesdesanluis.com\/index.php\/wp-json\/wp\/v2\/comments?post=25827"}],"version-history":[{"count":1,"href":"https:\/\/apuntesdesanluis.com\/index.php\/wp-json\/wp\/v2\/posts\/25827\/revisions"}],"predecessor-version":[{"id":25831,"href":"https:\/\/apuntesdesanluis.com\/index.php\/wp-json\/wp\/v2\/posts\/25827\/revisions\/25831"}],"wp:featuredmedia":[{"embeddable":true,"href":"https:\/\/apuntesdesanluis.com\/index.php\/wp-json\/wp\/v2\/media\/25828"}],"wp:attachment":[{"href":"https:\/\/apuntesdesanluis.com\/index.php\/wp-json\/wp\/v2\/media?parent=25827"}],"wp:term":[{"taxonomy":"category","embeddable":true,"href":"https:\/\/apuntesdesanluis.com\/index.php\/wp-json\/wp\/v2\/categories?post=25827"},{"taxonomy":"post_tag","embeddable":true,"href":"https:\/\/apuntesdesanluis.com\/index.php\/wp-json\/wp\/v2\/tags?post=25827"}],"curies":[{"name":"wp","href":"https:\/\/api.w.org\/{rel}","templated":true}]}}