{"id":25832,"date":"2024-11-26T20:14:27","date_gmt":"2024-11-26T23:14:27","guid":{"rendered":"https:\/\/apuntesdesanluis.com\/?p=25832"},"modified":"2024-11-26T20:14:27","modified_gmt":"2024-11-26T23:14:27","slug":"presion-de-los-gobernadores-dialoguistas-para-aprobar-el-presupuesto","status":"publish","type":"post","link":"https:\/\/apuntesdesanluis.com\/index.php\/2024\/11\/26\/presion-de-los-gobernadores-dialoguistas-para-aprobar-el-presupuesto\/","title":{"rendered":"PRESI\u00d3N DE LOS GOBERNADORES DIALOGUISTAS PARA APROBAR EL PRESUPUESTO"},"content":{"rendered":"<h3>En medio de la discusi\u00f3n entre la Casa Rosada y las provincias, los gobernadores \u201cdialoguistas\u201d instaron al Gobierno de Javier Milei mediante un comunicado a habilitar el debate por el Presupuesto Nacional 2025. \u201cLos argentinos no quieren regresar al pasado\u201d, se\u00f1al\u00f3 el documento de tres p\u00e1ginas que suscriben los jefes territoriales de la Uni\u00f3n C\u00edvica Radical y el PRO. El texto enfatiza que la sanci\u00f3n de la ley de leyes es crucial para \u201cconsolidar la creciente confianza de los mercados, seguir avanzando en la lucha contra la inflaci\u00f3n, generar confianza en los inversores\u201d. Adem\u00e1s, critica las asimetr\u00edas en la distribuci\u00f3n de recursos, recordando que \u201cno pedimos discrecionalidad, sino respeto, di\u00e1logo y cumplimiento de la ley\u201d.<\/h3>\n<h3>Quienes motorizaron el comunicado son los gobernadores de la liga del ex Juntos por el Cambio, Rogelio Frigerio (Entre R\u00edos), Nacho Torres (Chubut), Jorge Macri (CABA), Alfredo Cornejo (Mendoza), Gustavo Vald\u00e9s (Corrientes), Carlos Sadir (Jujuy), Leandro Zdero (Chaco), Marcelo Orrego (San Juan), Maximiliano Pullaro (Santa Fe), y <strong>Claudio Poggi (San Luis).<\/strong><\/h3>\n<h3>All\u00ed, destacan la importancia de garantizar en el Presupuesto el equilibrio fiscal y promover el desarrollo econ\u00f3mico. Adem\u00e1s, subraya la necesidad de corregir inequidades y asegurar que se respeten las leyes vigentes en materia de recursos federales.<\/h3>\n<h3>Sin embargo, los mandatarios insisten en que el Gobierno haga lugar a las modificaciones y pedidos que realizan. Como cont\u00f3 Infobae, la semana pasa le hab\u00edan reclamado a Guillermo Francos, jefe de Gabinete de la Naci\u00f3n, y a Luis Caputo, ministro de Econom\u00eda, para concretar esta semana una reuni\u00f3n en Balcarce 50. Buscaban acordar puntos de consenso para incluir en el Presupuesto y dar su apoyo en el Congreso al proyecto del oficialismo.<\/h3>\n<h3>Entre los reclamos puntuales, los gobernadores exigen la compensaci\u00f3n adecuada del Consenso Fiscal, el financiamiento de las cajas previsionales no transferidas, y una redistribuci\u00f3n m\u00e1s clara de los fondos recaudados por el impuesto a los combustibles. Esas demandan representan, seg\u00fan los n\u00fameros que elaboraron los mandatarios con sus equipos econ\u00f3micos, solo el 0,3% del PBI y son \u201ccompensables\u201d.<\/h3>\n<h3>Adem\u00e1s, los l\u00edderes provinciales resaltan han hecho un \u201cfuerte ajuste fiscal\u201d en sus distritos. \u201cEsta es una batalla cultural que dimos y damos entre todos, y que merece ser destacada ya que no hay antecedentes en la historia reciente donde el gobierno nacional y gran parte de los gobiernos provinciales avanzan en la misma direcci\u00f3n por convicci\u00f3n\u201d, se\u00f1alan los gobernadores.<\/h3>\n<h3>El Gobierno insiste en sostener el dictamen tal cual los par\u00e1metros del proyecto que envi\u00f3 Milei al parlamento. El eje es el d\u00e9ficit cero. Ante los reclamos de las provincias, responden con una pregunta fija: \u201c\u00bfDe d\u00f3nde vamos a sacar los recursos que piden para determinada partida?\u201d. La oposici\u00f3n dialoguista presiona para habilitar el debate, cuando restan apenas tres d\u00edas para que finalice el per\u00edodo de sesiones ordinarias del Congreso.<\/h3>\n<h3>\u201cSon cuestiones que hemos conversado con el Gobierno desde el inicio de nuestras gestiones, sin \u00e9xito por el momento. El equilibrio fiscal es innegociable, tanto como el cumplimiento de la ley. No dejemos pasar esta oportunidad, la mayor\u00eda de los argentinos no quiere regresar al pasado, y asumimos nuestra responsabilidad y compromiso para seguir acompa\u00f1ando en este camino\u201d, se\u00f1alan los gobernadores al final del comunicado.<\/h3>\n<h3>Los cuatro puntos que piden los mandatarios de JxC al Gobierno:<\/h3>\n<h3>1. Compensaci\u00f3n del Consenso Fiscal. Desde el primer trimestre del 2023 y durante todo el 2024, el gobierno nacional ha actualizado las transferencias de la compensaci\u00f3n en un porcentaje inferior al determinado por ley, generando una deuda para las jurisdicciones beneficiarias que se incrementa mes a mes.<\/h3>\n<h3>2. Cajas de Jubilaciones no transferidas. Las provincias que conservan sus cajas previsionales aportan recursos a la ANSES, pero el gobierno nacional ha incumplido con la normativa que lo obliga a financiar las cajas deficitarias. Esto genera una situaci\u00f3n de inequidad fiscal entre las distintas provincias, afectando los sistemas previsionales, y generando un fuerte pasivo para los Tesoros Provinciales.<\/h3>\n<h3>3. Impuesto a los Combustibles L\u00edquidos. El gobierno nacional recauda un impuesto coparticipable que tiene una serie de asignaciones espec\u00edficas para destinos que han sido discontinuados (subsidios al transporte urbano) o cuya ejecuci\u00f3n es poco clara. En este marco, dichas asignaciones espec\u00edficas deber\u00edan eliminarse para que se ejecuten en obras prioritarias de infraestructura o en subsidios provinciales al transporte p\u00fablico de pasajeros.<\/h3>\n<h3>4. Reducci\u00f3n del aporte de la coparticipaci\u00f3n a la AFIP. Con la eliminaci\u00f3n de los cargos jer\u00e1rquicos de la AFIP, solicitamos al gobierno nacional que se reduzca el aporte que realizan las provincias con sus recursos a los salarios y financiamiento de esa mega estructura ahora disuelta. Salvo a las provincias que no hayan convenido tal deducci\u00f3n o cuenten con fallo favorable.<\/h3>\n<h3>Quien tambi\u00e9n se sum\u00f3 a la presi\u00f3n de los gobernadores es Mauricio Macri. Est\u00e1 de acuerdo con exigir a la Casa Rosada los puntos de la ley de leyes en favor de los distritos amarillos y de provincias aliadas. Sin el respaldo de los mandatarios y los bloques amigos en el Congreso, Milei no tiene n\u00famero para aprobar su proyecto de ley.<\/h3>\n<h3>El Gobierno, en tanto, busca quebrar la concertaci\u00f3n de los \u201cdialoguistas\u201d y avanza en un di\u00e1logo radial, uno a uno, que facilite una negociaci\u00f3n bilateral. Ante la debilidad parlamentaria de Milei, ese escenario es el m\u00e1s favorable: evita una presi\u00f3n conjunta que pueda desgajar el Presupuesto tal como lo dise\u00f1o el Presidente y su equipo econ\u00f3mico.<\/h3>\n<p>&nbsp;<\/p>\n<p>&nbsp;<\/p>\n<p>&nbsp;<\/p>\n<p>&nbsp;<\/p>\n<p>&nbsp;<\/p>\n<p>&nbsp;<\/p>\n","protected":false},"excerpt":{"rendered":"<p>En medio de la discusi\u00f3n entre la Casa Rosada y las provincias, los gobernadores \u201cdialoguistas\u201d&#8230;<\/p>\n","protected":false},"author":1,"featured_media":25833,"comment_status":"closed","ping_status":"closed","sticky":false,"template":"","format":"standard","meta":{"footnotes":""},"categories":[5],"tags":[],"class_list":["post-25832","post","type-post","status-publish","format-standard","has-post-thumbnail","hentry","category-nacionales-internacionales"],"yoast_head":"<!-- This site is optimized with the Yoast SEO plugin v26.1.1 - https:\/\/yoast.com\/wordpress\/plugins\/seo\/ -->\n<title>PRESI\u00d3N DE LOS GOBERNADORES DIALOGUISTAS PARA APROBAR EL PRESUPUESTO - Apuntes de San Luis<\/title>\n<meta name=\"robots\" content=\"index, follow, max-snippet:-1, max-image-preview:large, max-video-preview:-1\" \/>\n<link rel=\"canonical\" href=\"https:\/\/apuntesdesanluis.com\/index.php\/2024\/11\/26\/presion-de-los-gobernadores-dialoguistas-para-aprobar-el-presupuesto\/\" \/>\n<meta property=\"og:locale\" content=\"es_ES\" \/>\n<meta property=\"og:type\" content=\"article\" \/>\n<meta property=\"og:title\" content=\"PRESI\u00d3N DE LOS GOBERNADORES DIALOGUISTAS PARA APROBAR EL PRESUPUESTO - Apuntes de San Luis\" \/>\n<meta property=\"og:description\" content=\"En medio de la discusi\u00f3n entre la Casa Rosada y las provincias, los gobernadores \u201cdialoguistas\u201d...\" \/>\n<meta property=\"og:url\" content=\"https:\/\/apuntesdesanluis.com\/index.php\/2024\/11\/26\/presion-de-los-gobernadores-dialoguistas-para-aprobar-el-presupuesto\/\" \/>\n<meta property=\"og:site_name\" content=\"Apuntes de San Luis\" \/>\n<meta property=\"article:published_time\" content=\"2024-11-26T23:14:27+00:00\" \/>\n<meta property=\"og:image\" content=\"https:\/\/apuntesdesanluis.com\/wp-content\/uploads\/2024\/11\/gobernadores-2.png\" \/>\n\t<meta property=\"og:image:width\" content=\"754\" \/>\n\t<meta property=\"og:image:height\" content=\"532\" \/>\n\t<meta property=\"og:image:type\" content=\"image\/png\" \/>\n<meta name=\"author\" content=\"apuntesdesanluis.com\" \/>\n<meta name=\"twitter:card\" content=\"summary_large_image\" \/>\n<meta name=\"twitter:label1\" content=\"Escrito por\" \/>\n\t<meta name=\"twitter:data1\" content=\"apuntesdesanluis.com\" \/>\n\t<meta name=\"twitter:label2\" content=\"Tiempo de lectura\" \/>\n\t<meta name=\"twitter:data2\" content=\"5 minutos\" \/>\n<script type=\"application\/ld+json\" class=\"yoast-schema-graph\">{\"@context\":\"https:\/\/schema.org\",\"@graph\":[{\"@type\":\"Article\",\"@id\":\"https:\/\/apuntesdesanluis.com\/index.php\/2024\/11\/26\/presion-de-los-gobernadores-dialoguistas-para-aprobar-el-presupuesto\/#article\",\"isPartOf\":{\"@id\":\"https:\/\/apuntesdesanluis.com\/index.php\/2024\/11\/26\/presion-de-los-gobernadores-dialoguistas-para-aprobar-el-presupuesto\/\"},\"author\":{\"name\":\"apuntesdesanluis.com\",\"@id\":\"https:\/\/apuntesdesanluis.com\/#\/schema\/person\/b55151d52296fcce64d1a72538a70b90\"},\"headline\":\"PRESI\u00d3N DE LOS GOBERNADORES DIALOGUISTAS PARA APROBAR EL PRESUPUESTO\",\"datePublished\":\"2024-11-26T23:14:27+00:00\",\"mainEntityOfPage\":{\"@id\":\"https:\/\/apuntesdesanluis.com\/index.php\/2024\/11\/26\/presion-de-los-gobernadores-dialoguistas-para-aprobar-el-presupuesto\/\"},\"wordCount\":958,\"publisher\":{\"@id\":\"https:\/\/apuntesdesanluis.com\/#\/schema\/person\/b55151d52296fcce64d1a72538a70b90\"},\"image\":{\"@id\":\"https:\/\/apuntesdesanluis.com\/index.php\/2024\/11\/26\/presion-de-los-gobernadores-dialoguistas-para-aprobar-el-presupuesto\/#primaryimage\"},\"thumbnailUrl\":\"https:\/\/apuntesdesanluis.com\/wp-content\/uploads\/2024\/11\/gobernadores-2.png\",\"articleSection\":[\"Nacionales\/Internacionales\"],\"inLanguage\":\"es-AR\"},{\"@type\":\"WebPage\",\"@id\":\"https:\/\/apuntesdesanluis.com\/index.php\/2024\/11\/26\/presion-de-los-gobernadores-dialoguistas-para-aprobar-el-presupuesto\/\",\"url\":\"https:\/\/apuntesdesanluis.com\/index.php\/2024\/11\/26\/presion-de-los-gobernadores-dialoguistas-para-aprobar-el-presupuesto\/\",\"name\":\"PRESI\u00d3N DE LOS GOBERNADORES DIALOGUISTAS PARA APROBAR EL PRESUPUESTO - Apuntes de San Luis\",\"isPartOf\":{\"@id\":\"https:\/\/apuntesdesanluis.com\/#website\"},\"primaryImageOfPage\":{\"@id\":\"https:\/\/apuntesdesanluis.com\/index.php\/2024\/11\/26\/presion-de-los-gobernadores-dialoguistas-para-aprobar-el-presupuesto\/#primaryimage\"},\"image\":{\"@id\":\"https:\/\/apuntesdesanluis.com\/index.php\/2024\/11\/26\/presion-de-los-gobernadores-dialoguistas-para-aprobar-el-presupuesto\/#primaryimage\"},\"thumbnailUrl\":\"https:\/\/apuntesdesanluis.com\/wp-content\/uploads\/2024\/11\/gobernadores-2.png\",\"datePublished\":\"2024-11-26T23:14:27+00:00\",\"breadcrumb\":{\"@id\":\"https:\/\/apuntesdesanluis.com\/index.php\/2024\/11\/26\/presion-de-los-gobernadores-dialoguistas-para-aprobar-el-presupuesto\/#breadcrumb\"},\"inLanguage\":\"es-AR\",\"potentialAction\":[{\"@type\":\"ReadAction\",\"target\":[\"https:\/\/apuntesdesanluis.com\/index.php\/2024\/11\/26\/presion-de-los-gobernadores-dialoguistas-para-aprobar-el-presupuesto\/\"]}]},{\"@type\":\"ImageObject\",\"inLanguage\":\"es-AR\",\"@id\":\"https:\/\/apuntesdesanluis.com\/index.php\/2024\/11\/26\/presion-de-los-gobernadores-dialoguistas-para-aprobar-el-presupuesto\/#primaryimage\",\"url\":\"https:\/\/apuntesdesanluis.com\/wp-content\/uploads\/2024\/11\/gobernadores-2.png\",\"contentUrl\":\"https:\/\/apuntesdesanluis.com\/wp-content\/uploads\/2024\/11\/gobernadores-2.png\",\"width\":754,\"height\":532},{\"@type\":\"BreadcrumbList\",\"@id\":\"https:\/\/apuntesdesanluis.com\/index.php\/2024\/11\/26\/presion-de-los-gobernadores-dialoguistas-para-aprobar-el-presupuesto\/#breadcrumb\",\"itemListElement\":[{\"@type\":\"ListItem\",\"position\":1,\"name\":\"Inicio\",\"item\":\"https:\/\/apuntesdesanluis.com\/\"},{\"@type\":\"ListItem\",\"position\":2,\"name\":\"PRESI\u00d3N DE LOS GOBERNADORES DIALOGUISTAS PARA APROBAR EL PRESUPUESTO\"}]},{\"@type\":\"WebSite\",\"@id\":\"https:\/\/apuntesdesanluis.com\/#website\",\"url\":\"https:\/\/apuntesdesanluis.com\/\",\"name\":\"Apuntes de San Luis\",\"description\":\"\",\"publisher\":{\"@id\":\"https:\/\/apuntesdesanluis.com\/#\/schema\/person\/b55151d52296fcce64d1a72538a70b90\"},\"potentialAction\":[{\"@type\":\"SearchAction\",\"target\":{\"@type\":\"EntryPoint\",\"urlTemplate\":\"https:\/\/apuntesdesanluis.com\/?s={search_term_string}\"},\"query-input\":{\"@type\":\"PropertyValueSpecification\",\"valueRequired\":true,\"valueName\":\"search_term_string\"}}],\"inLanguage\":\"es-AR\"},{\"@type\":[\"Person\",\"Organization\"],\"@id\":\"https:\/\/apuntesdesanluis.com\/#\/schema\/person\/b55151d52296fcce64d1a72538a70b90\",\"name\":\"apuntesdesanluis.com\",\"image\":{\"@type\":\"ImageObject\",\"inLanguage\":\"es-AR\",\"@id\":\"https:\/\/apuntesdesanluis.com\/#\/schema\/person\/image\/\",\"url\":\"https:\/\/apuntesdesanluis.com\/wp-content\/uploads\/2023\/07\/cropped-apuntesdesanluis.png\",\"contentUrl\":\"https:\/\/apuntesdesanluis.com\/wp-content\/uploads\/2023\/07\/cropped-apuntesdesanluis.png\",\"width\":450,\"height\":112,\"caption\":\"apuntesdesanluis.com\"},\"logo\":{\"@id\":\"https:\/\/apuntesdesanluis.com\/#\/schema\/person\/image\/\"},\"sameAs\":[\"https:\/\/apuntesdesanluis.com\"],\"url\":\"https:\/\/apuntesdesanluis.com\/index.php\/author\/apuntesdesanluis-com\/\"}]}<\/script>\n<!-- \/ Yoast SEO plugin. -->","yoast_head_json":{"title":"PRESI\u00d3N DE LOS GOBERNADORES DIALOGUISTAS PARA APROBAR EL PRESUPUESTO - Apuntes de San Luis","robots":{"index":"index","follow":"follow","max-snippet":"max-snippet:-1","max-image-preview":"max-image-preview:large","max-video-preview":"max-video-preview:-1"},"canonical":"https:\/\/apuntesdesanluis.com\/index.php\/2024\/11\/26\/presion-de-los-gobernadores-dialoguistas-para-aprobar-el-presupuesto\/","og_locale":"es_ES","og_type":"article","og_title":"PRESI\u00d3N DE LOS GOBERNADORES DIALOGUISTAS PARA APROBAR EL PRESUPUESTO - Apuntes de San Luis","og_description":"En medio de la discusi\u00f3n entre la Casa Rosada y las provincias, los gobernadores \u201cdialoguistas\u201d...","og_url":"https:\/\/apuntesdesanluis.com\/index.php\/2024\/11\/26\/presion-de-los-gobernadores-dialoguistas-para-aprobar-el-presupuesto\/","og_site_name":"Apuntes de San Luis","article_published_time":"2024-11-26T23:14:27+00:00","og_image":[{"width":754,"height":532,"url":"https:\/\/apuntesdesanluis.com\/wp-content\/uploads\/2024\/11\/gobernadores-2.png","type":"image\/png"}],"author":"apuntesdesanluis.com","twitter_card":"summary_large_image","twitter_misc":{"Escrito por":"apuntesdesanluis.com","Tiempo de lectura":"5 minutos"},"schema":{"@context":"https:\/\/schema.org","@graph":[{"@type":"Article","@id":"https:\/\/apuntesdesanluis.com\/index.php\/2024\/11\/26\/presion-de-los-gobernadores-dialoguistas-para-aprobar-el-presupuesto\/#article","isPartOf":{"@id":"https:\/\/apuntesdesanluis.com\/index.php\/2024\/11\/26\/presion-de-los-gobernadores-dialoguistas-para-aprobar-el-presupuesto\/"},"author":{"name":"apuntesdesanluis.com","@id":"https:\/\/apuntesdesanluis.com\/#\/schema\/person\/b55151d52296fcce64d1a72538a70b90"},"headline":"PRESI\u00d3N DE LOS GOBERNADORES DIALOGUISTAS PARA APROBAR EL PRESUPUESTO","datePublished":"2024-11-26T23:14:27+00:00","mainEntityOfPage":{"@id":"https:\/\/apuntesdesanluis.com\/index.php\/2024\/11\/26\/presion-de-los-gobernadores-dialoguistas-para-aprobar-el-presupuesto\/"},"wordCount":958,"publisher":{"@id":"https:\/\/apuntesdesanluis.com\/#\/schema\/person\/b55151d52296fcce64d1a72538a70b90"},"image":{"@id":"https:\/\/apuntesdesanluis.com\/index.php\/2024\/11\/26\/presion-de-los-gobernadores-dialoguistas-para-aprobar-el-presupuesto\/#primaryimage"},"thumbnailUrl":"https:\/\/apuntesdesanluis.com\/wp-content\/uploads\/2024\/11\/gobernadores-2.png","articleSection":["Nacionales\/Internacionales"],"inLanguage":"es-AR"},{"@type":"WebPage","@id":"https:\/\/apuntesdesanluis.com\/index.php\/2024\/11\/26\/presion-de-los-gobernadores-dialoguistas-para-aprobar-el-presupuesto\/","url":"https:\/\/apuntesdesanluis.com\/index.php\/2024\/11\/26\/presion-de-los-gobernadores-dialoguistas-para-aprobar-el-presupuesto\/","name":"PRESI\u00d3N DE LOS GOBERNADORES DIALOGUISTAS PARA APROBAR EL PRESUPUESTO - Apuntes de San Luis","isPartOf":{"@id":"https:\/\/apuntesdesanluis.com\/#website"},"primaryImageOfPage":{"@id":"https:\/\/apuntesdesanluis.com\/index.php\/2024\/11\/26\/presion-de-los-gobernadores-dialoguistas-para-aprobar-el-presupuesto\/#primaryimage"},"image":{"@id":"https:\/\/apuntesdesanluis.com\/index.php\/2024\/11\/26\/presion-de-los-gobernadores-dialoguistas-para-aprobar-el-presupuesto\/#primaryimage"},"thumbnailUrl":"https:\/\/apuntesdesanluis.com\/wp-content\/uploads\/2024\/11\/gobernadores-2.png","datePublished":"2024-11-26T23:14:27+00:00","breadcrumb":{"@id":"https:\/\/apuntesdesanluis.com\/index.php\/2024\/11\/26\/presion-de-los-gobernadores-dialoguistas-para-aprobar-el-presupuesto\/#breadcrumb"},"inLanguage":"es-AR","potentialAction":[{"@type":"ReadAction","target":["https:\/\/apuntesdesanluis.com\/index.php\/2024\/11\/26\/presion-de-los-gobernadores-dialoguistas-para-aprobar-el-presupuesto\/"]}]},{"@type":"ImageObject","inLanguage":"es-AR","@id":"https:\/\/apuntesdesanluis.com\/index.php\/2024\/11\/26\/presion-de-los-gobernadores-dialoguistas-para-aprobar-el-presupuesto\/#primaryimage","url":"https:\/\/apuntesdesanluis.com\/wp-content\/uploads\/2024\/11\/gobernadores-2.png","contentUrl":"https:\/\/apuntesdesanluis.com\/wp-content\/uploads\/2024\/11\/gobernadores-2.png","width":754,"height":532},{"@type":"BreadcrumbList","@id":"https:\/\/apuntesdesanluis.com\/index.php\/2024\/11\/26\/presion-de-los-gobernadores-dialoguistas-para-aprobar-el-presupuesto\/#breadcrumb","itemListElement":[{"@type":"ListItem","position":1,"name":"Inicio","item":"https:\/\/apuntesdesanluis.com\/"},{"@type":"ListItem","position":2,"name":"PRESI\u00d3N DE LOS GOBERNADORES DIALOGUISTAS PARA APROBAR EL PRESUPUESTO"}]},{"@type":"WebSite","@id":"https:\/\/apuntesdesanluis.com\/#website","url":"https:\/\/apuntesdesanluis.com\/","name":"Apuntes de San Luis","description":"","publisher":{"@id":"https:\/\/apuntesdesanluis.com\/#\/schema\/person\/b55151d52296fcce64d1a72538a70b90"},"potentialAction":[{"@type":"SearchAction","target":{"@type":"EntryPoint","urlTemplate":"https:\/\/apuntesdesanluis.com\/?s={search_term_string}"},"query-input":{"@type":"PropertyValueSpecification","valueRequired":true,"valueName":"search_term_string"}}],"inLanguage":"es-AR"},{"@type":["Person","Organization"],"@id":"https:\/\/apuntesdesanluis.com\/#\/schema\/person\/b55151d52296fcce64d1a72538a70b90","name":"apuntesdesanluis.com","image":{"@type":"ImageObject","inLanguage":"es-AR","@id":"https:\/\/apuntesdesanluis.com\/#\/schema\/person\/image\/","url":"https:\/\/apuntesdesanluis.com\/wp-content\/uploads\/2023\/07\/cropped-apuntesdesanluis.png","contentUrl":"https:\/\/apuntesdesanluis.com\/wp-content\/uploads\/2023\/07\/cropped-apuntesdesanluis.png","width":450,"height":112,"caption":"apuntesdesanluis.com"},"logo":{"@id":"https:\/\/apuntesdesanluis.com\/#\/schema\/person\/image\/"},"sameAs":["https:\/\/apuntesdesanluis.com"],"url":"https:\/\/apuntesdesanluis.com\/index.php\/author\/apuntesdesanluis-com\/"}]}},"featured_image_urls":{"full":["https:\/\/apuntesdesanluis.com\/wp-content\/uploads\/2024\/11\/gobernadores-2.png",754,532,false],"thumbnail":["https:\/\/apuntesdesanluis.com\/wp-content\/uploads\/2024\/11\/gobernadores-2-150x150.png",150,150,true],"medium":["https:\/\/apuntesdesanluis.com\/wp-content\/uploads\/2024\/11\/gobernadores-2-300x212.png",300,212,true],"medium_large":["https:\/\/apuntesdesanluis.com\/wp-content\/uploads\/2024\/11\/gobernadores-2.png",640,452,false],"large":["https:\/\/apuntesdesanluis.com\/wp-content\/uploads\/2024\/11\/gobernadores-2.png",640,452,false],"1536x1536":["https:\/\/apuntesdesanluis.com\/wp-content\/uploads\/2024\/11\/gobernadores-2.png",754,532,false],"2048x2048":["https:\/\/apuntesdesanluis.com\/wp-content\/uploads\/2024\/11\/gobernadores-2.png",754,532,false],"newsever-slider-full":["https:\/\/apuntesdesanluis.com\/wp-content\/uploads\/2024\/11\/gobernadores-2.png",754,532,false],"newsever-featured":["https:\/\/apuntesdesanluis.com\/wp-content\/uploads\/2024\/11\/gobernadores-2.png",754,532,false],"newsever-medium":["https:\/\/apuntesdesanluis.com\/wp-content\/uploads\/2024\/11\/gobernadores-2-720x475.png",720,475,true]},"author_info":{"display_name":"apuntesdesanluis.com","author_link":"https:\/\/apuntesdesanluis.com\/index.php\/author\/apuntesdesanluis-com\/"},"category_info":"<a href=\"https:\/\/apuntesdesanluis.com\/index.php\/category\/nacionales-internacionales\/\" rel=\"category tag\">Nacionales\/Internacionales<\/a>","tag_info":"Nacionales\/Internacionales","comment_count":"0","_links":{"self":[{"href":"https:\/\/apuntesdesanluis.com\/index.php\/wp-json\/wp\/v2\/posts\/25832","targetHints":{"allow":["GET"]}}],"collection":[{"href":"https:\/\/apuntesdesanluis.com\/index.php\/wp-json\/wp\/v2\/posts"}],"about":[{"href":"https:\/\/apuntesdesanluis.com\/index.php\/wp-json\/wp\/v2\/types\/post"}],"author":[{"embeddable":true,"href":"https:\/\/apuntesdesanluis.com\/index.php\/wp-json\/wp\/v2\/users\/1"}],"replies":[{"embeddable":true,"href":"https:\/\/apuntesdesanluis.com\/index.php\/wp-json\/wp\/v2\/comments?post=25832"}],"version-history":[{"count":2,"href":"https:\/\/apuntesdesanluis.com\/index.php\/wp-json\/wp\/v2\/posts\/25832\/revisions"}],"predecessor-version":[{"id":25835,"href":"https:\/\/apuntesdesanluis.com\/index.php\/wp-json\/wp\/v2\/posts\/25832\/revisions\/25835"}],"wp:featuredmedia":[{"embeddable":true,"href":"https:\/\/apuntesdesanluis.com\/index.php\/wp-json\/wp\/v2\/media\/25833"}],"wp:attachment":[{"href":"https:\/\/apuntesdesanluis.com\/index.php\/wp-json\/wp\/v2\/media?parent=25832"}],"wp:term":[{"taxonomy":"category","embeddable":true,"href":"https:\/\/apuntesdesanluis.com\/index.php\/wp-json\/wp\/v2\/categories?post=25832"},{"taxonomy":"post_tag","embeddable":true,"href":"https:\/\/apuntesdesanluis.com\/index.php\/wp-json\/wp\/v2\/tags?post=25832"}],"curies":[{"name":"wp","href":"https:\/\/api.w.org\/{rel}","templated":true}]}}