{"id":25836,"date":"2024-11-26T20:32:27","date_gmt":"2024-11-26T23:32:27","guid":{"rendered":"https:\/\/apuntesdesanluis.com\/?p=25836"},"modified":"2024-11-26T20:32:27","modified_gmt":"2024-11-26T23:32:27","slug":"victoria-2027-el-proyecto-presidencial-de-villarruel-que-enloquecio-a-milei","status":"publish","type":"post","link":"https:\/\/apuntesdesanluis.com\/index.php\/2024\/11\/26\/victoria-2027-el-proyecto-presidencial-de-villarruel-que-enloquecio-a-milei\/","title":{"rendered":"&#8220;VICTORIA 2027&#8221;, EL PROYECTO PRESIDENCIAL DE VILLARRUEL QUE ENLOQUECI\u00d3 A MILEI"},"content":{"rendered":"<h3>Mide igual o un poco m\u00e1s que el Presidente, por eso la furia de la Rosada. El senador Paoltroni empez\u00f3 el armado en el interior. Planean su lanzamiento despu\u00e9s de las elecciones de 2025.<\/h3>\n<h3>Victoria Villarruel desat\u00f3 la ira de <strong>Javier Milei<\/strong> cuando en la Casa Rosada se enteraron que analizaba lanzar su candidatura presidencial despu\u00e9s de las elecciones de 2025. &#8220;Mide lo mismo que Milei y no va a sufrir desgaste ante cualquier cosa que pase con la econom\u00eda de ac\u00e1 al final del mandato&#8221;, confirm\u00f3 a LPO un dirigente que convers\u00f3 con la vicepresidenta en las \u00faltimas semanas.<\/h3>\n<h3>Uno de los legisladores que la frecuenta admiti\u00f3 ante LPO que el plan de Villarruel fue lo que provoc\u00f3 la virulencia del Jefe de Estado en su contra, cuando afirm\u00f3 en una entrevista por LN+ que &#8220;<strong>Victoria Villarruel<\/strong> est\u00e1 m\u00e1s cerca de la casta&#8221; que del gobierno de LLA. &#8220;Villarruel no tiene ning\u00fan tipo de injerencia en la toma de decisiones. No participa de las reuniones de Gabinete. Decidi\u00f3 no participar. Hace mucho tiempo que decide no participar en las reuniones de Gabinete&#8221;, sostuvo Milei en ese reportaje televisivo.<\/h3>\n<h3>El entorno de la compa\u00f1era de f\u00f3rmula de Milei discuti\u00f3 desde el jueves sobre la conveniencia de contestarle o no al Presidente. Un allegado a la vicepresidenta afirm\u00f3 a LPO que Villarruel analiza difundir una respuesta que responda punto por punto las imputaciones de Milei: &#8220;Va a decir que no es verdad que decidi\u00f3 dejar de participar de las reuniones de gabinete y va a contar que no la invitan y que fue Karina quien la rale\u00f3 del espacio&#8221;, apunt\u00f3.<\/h3>\n<h3>M\u00e1s inquietante todav\u00eda es el recuerdo que aport\u00f3 un memorioso sobre la ocasi\u00f3n en que se desarrollaba una reuni\u00f3n de gabinete en Balcarce 50 pero, enterado de la presencia de su compa\u00f1era de f\u00f3rmula, Milei regres\u00f3 a Olivos. &#8220;Ella va a quedarse donde est\u00e1 y va a decir que no se va, si no que la quieren echar&#8221;, agreg\u00f3 un libertario que sigue con la vice.<\/h3>\n<h3>Pero en rigor, el fondo del conflicto no obedece a temas personales, sino al riesgo importante que representa para Milei, Karina y Santiago Caputo, una emancipaci\u00f3n pol\u00edtica de la vice que se traduzca en un armado electoral propio, que podr\u00eda dividir la base electoral libertaria. De hecho, es notable como el ej\u00e9rcito de trolls que maneja el asesor presidencial viene perdiendo la batalla en las redes cada vez que ataca a la vice, confirmando en ese territorio lo que revelan las encuestas: la vice goza de una amplia adhesi\u00f3n entre los votantes libertarios.<\/h3>\n<p><img fetchpriority=\"high\" decoding=\"async\" class=\"wp-image-25838 aligncenter\" src=\"https:\/\/apuntesdesanluis.com\/wp-content\/uploads\/2024\/11\/dos-locos-300x174.png\" alt=\"\" width=\"666\" height=\"386\" srcset=\"https:\/\/apuntesdesanluis.com\/wp-content\/uploads\/2024\/11\/dos-locos-300x174.png 300w, https:\/\/apuntesdesanluis.com\/wp-content\/uploads\/2024\/11\/dos-locos.png 584w\" sizes=\"(max-width: 666px) 100vw, 666px\" \/><\/p>\n<h3>Como sea, la vice sinti\u00f3 el golpe de las declaraciones de Milei, pero no le afloja a su proyecto. El senador Francisco Paoltroni, expulsado de la bancada libertaria en medio de una guerra feroz con Santiago Caputo, est\u00e1 recorriendo el pa\u00eds haciendo los primeros contactos para darle territorialidad al proyecto nacional de la vice. La semana pasada estuvo en San Juan. Mientras que en la provincia, otro libertario expulsado por Karina, el senador provincial Carlos Kikuchi, tambi\u00e9n trabaja en el incipiente proyecto &#8220;Victoria 2027&#8221;.<\/h3>\n<h3>Si bien en los pasillos del Congreso niegan que la titular del Senado participe de la iniciativa de Paoltroni, Kikuchi y otros heridos que dejan las incursiones de Karina Milei, Lule Menem y Sebasti\u00e1n Pareja, reconocen que lo que se organice bajo el signo libertario pero no responda al Jefe de Estado se acumular\u00e1 inevitablemente alrededor de Villarruel.<\/h3>\n<h3>Otro motivo de preocupaci\u00f3n del gobierno es la cercan\u00eda de la Vice con Mauricio Macri, revelada por una serie de notas exclusivas de LPO, y su llegada al c\u00edrculo rojo, el selecto n\u00facleo de empresarios que conforma el poder econ\u00f3mico en Argentina. No obstante, cerca de Villarruel alegaron que hace tiempo no se encuentra con el l\u00edder del PRO porque su lectura es que Macri &#8220;est\u00e1 debilitado&#8221;.<\/h3>\n<h3>Sin embargo, la coincidencia entre Macri y Villarruel en temas &#8220;institucionales&#8221;, sensibles para el circulo rojo, es evidente. Por ejemplo, ambos rechazan la designaci\u00f3n del juez Ariel Lijo en la Corte Suprema.<\/h3>\n<h3>Por eso, un grupo de senadores deliberaba este lunes en la C\u00e1mara Alta sobre la posibilidad de crear un escenario alrededor de la sanci\u00f3n del Presupuesto que sit\u00fae a Villarruel como un v\u00e9rtice fundamental del gobierno, como cuando desempat\u00f3 a favor de la Ley Bases en la madrugada del 13 de junio.<\/h3>\n<h3>El problema es que ese tipo de escenarios reaniman los peores fantasmas para Milei, que acaso vive como una amenaza la imagen incombustible de la Vice aunque su entorno carezca de volumen pol\u00edtico y sus aliados adviertan que permanece aislada. &#8220;Hoy la Casa est\u00e1 vac\u00eda, no fueron ni los villarruelines&#8221;, deslizaron en un despacho sin techo en referencia a la agrupaci\u00f3n juvenil que responde al director de Atenci\u00f3n Ciudadana, Juan Mart\u00edn Donato.<\/h3>\n<h3>Hasta los empresarios que visitan a la Vice habr\u00edan manifestado su preocupaci\u00f3n y le habr\u00edan preguntado por las chances de que se recomponga el v\u00ednculo con Milei.<\/h3>\n<h3>El malestar se extiende hacia los legisladores que hab\u00edan mostrado predisposici\u00f3n a contribuir con Villarruel y el gobierno hasta ahora pero el clima cambi\u00f3: mientras que algunos ya encontraron una ventanilla de atenci\u00f3n directa de Santiago Caputo, otros temen quedar &#8220;entrampados&#8221; en una pelea ajena.<\/h3>\n<h3>De hecho, una senadora que mantuvo un altercado con Villarruel meses atr\u00e1s observa a sus pares con suficiencia por estos d\u00edas. &#8220;Yo avis\u00e9&#8221;, es la frase que le atribuyen cuando la incluyen en los cabildeos.<\/h3>\n<h3>Como sea, un diputado libertario desencantado con Milei indic\u00f3 a LPO que hasta los empresarios que visitan a la Vice habr\u00edan manifestado su preocupaci\u00f3n y le habr\u00edan preguntado por las chances de que se recomponga el v\u00ednculo. &#8220;No hay retorno&#8221;, dicen que fue la respuesta, en espejo con lo que se repite en Casa Rosada.<\/h3>\n<h3>La interpretaci\u00f3n de uno de los armadores de Villarruel es que &#8220;Milei esper\u00f3 el veranito financiero para liquidarla pero capaz que la termina fortaleciendo&#8221;. <a href=\"https:\/\/www.lapoliticaonline.com\/politica\/villarruel-apuesta-a-su-candidatura-presidencial-en-2027-y-detona-la-relacion-con-milei\/\" target=\"_blank\" rel=\"noopener\"><strong>(LPO)<\/strong><\/a><\/h3>\n<p>&nbsp;<\/p>\n<p>&nbsp;<\/p>\n<p>&nbsp;<\/p>\n<p>&nbsp;<\/p>\n<p>&nbsp;<\/p>\n<p>&nbsp;<\/p>\n<p>&nbsp;<\/p>\n","protected":false},"excerpt":{"rendered":"<p>Mide igual o un poco m\u00e1s que el Presidente, por eso la furia de la&#8230;<\/p>\n","protected":false},"author":1,"featured_media":25837,"comment_status":"closed","ping_status":"closed","sticky":false,"template":"","format":"standard","meta":{"footnotes":""},"categories":[5],"tags":[],"class_list":["post-25836","post","type-post","status-publish","format-standard","has-post-thumbnail","hentry","category-nacionales-internacionales"],"yoast_head":"<!-- This site is optimized with the Yoast SEO plugin v26.1.1 - https:\/\/yoast.com\/wordpress\/plugins\/seo\/ -->\n<title>&quot;VICTORIA 2027&quot;, EL PROYECTO PRESIDENCIAL DE VILLARRUEL QUE ENLOQUECI\u00d3 A MILEI - Apuntes de San Luis<\/title>\n<meta name=\"robots\" content=\"index, follow, max-snippet:-1, max-image-preview:large, max-video-preview:-1\" \/>\n<link rel=\"canonical\" href=\"https:\/\/apuntesdesanluis.com\/index.php\/2024\/11\/26\/victoria-2027-el-proyecto-presidencial-de-villarruel-que-enloquecio-a-milei\/\" \/>\n<meta property=\"og:locale\" content=\"es_ES\" \/>\n<meta property=\"og:type\" content=\"article\" \/>\n<meta property=\"og:title\" content=\"&quot;VICTORIA 2027&quot;, EL PROYECTO PRESIDENCIAL DE VILLARRUEL QUE ENLOQUECI\u00d3 A MILEI - Apuntes de San Luis\" \/>\n<meta property=\"og:description\" content=\"Mide igual o un poco m\u00e1s que el Presidente, por eso la furia de la...\" \/>\n<meta property=\"og:url\" content=\"https:\/\/apuntesdesanluis.com\/index.php\/2024\/11\/26\/victoria-2027-el-proyecto-presidencial-de-villarruel-que-enloquecio-a-milei\/\" \/>\n<meta property=\"og:site_name\" content=\"Apuntes de San Luis\" \/>\n<meta property=\"article:published_time\" content=\"2024-11-26T23:32:27+00:00\" \/>\n<meta property=\"og:image\" content=\"https:\/\/apuntesdesanluis.com\/wp-content\/uploads\/2024\/11\/victoria-2027.png\" \/>\n\t<meta property=\"og:image:width\" content=\"766\" \/>\n\t<meta property=\"og:image:height\" content=\"452\" \/>\n\t<meta property=\"og:image:type\" content=\"image\/png\" \/>\n<meta name=\"author\" content=\"apuntesdesanluis.com\" \/>\n<meta name=\"twitter:card\" content=\"summary_large_image\" \/>\n<meta name=\"twitter:label1\" content=\"Escrito por\" \/>\n\t<meta name=\"twitter:data1\" content=\"apuntesdesanluis.com\" \/>\n\t<meta name=\"twitter:label2\" content=\"Tiempo de lectura\" \/>\n\t<meta name=\"twitter:data2\" content=\"5 minutos\" \/>\n<script type=\"application\/ld+json\" class=\"yoast-schema-graph\">{\"@context\":\"https:\/\/schema.org\",\"@graph\":[{\"@type\":\"Article\",\"@id\":\"https:\/\/apuntesdesanluis.com\/index.php\/2024\/11\/26\/victoria-2027-el-proyecto-presidencial-de-villarruel-que-enloquecio-a-milei\/#article\",\"isPartOf\":{\"@id\":\"https:\/\/apuntesdesanluis.com\/index.php\/2024\/11\/26\/victoria-2027-el-proyecto-presidencial-de-villarruel-que-enloquecio-a-milei\/\"},\"author\":{\"name\":\"apuntesdesanluis.com\",\"@id\":\"https:\/\/apuntesdesanluis.com\/#\/schema\/person\/b55151d52296fcce64d1a72538a70b90\"},\"headline\":\"&#8220;VICTORIA 2027&#8221;, EL PROYECTO PRESIDENCIAL DE VILLARRUEL QUE ENLOQUECI\u00d3 A MILEI\",\"datePublished\":\"2024-11-26T23:32:27+00:00\",\"mainEntityOfPage\":{\"@id\":\"https:\/\/apuntesdesanluis.com\/index.php\/2024\/11\/26\/victoria-2027-el-proyecto-presidencial-de-villarruel-que-enloquecio-a-milei\/\"},\"wordCount\":1044,\"publisher\":{\"@id\":\"https:\/\/apuntesdesanluis.com\/#\/schema\/person\/b55151d52296fcce64d1a72538a70b90\"},\"image\":{\"@id\":\"https:\/\/apuntesdesanluis.com\/index.php\/2024\/11\/26\/victoria-2027-el-proyecto-presidencial-de-villarruel-que-enloquecio-a-milei\/#primaryimage\"},\"thumbnailUrl\":\"https:\/\/apuntesdesanluis.com\/wp-content\/uploads\/2024\/11\/victoria-2027.png\",\"articleSection\":[\"Nacionales\/Internacionales\"],\"inLanguage\":\"es-AR\"},{\"@type\":\"WebPage\",\"@id\":\"https:\/\/apuntesdesanluis.com\/index.php\/2024\/11\/26\/victoria-2027-el-proyecto-presidencial-de-villarruel-que-enloquecio-a-milei\/\",\"url\":\"https:\/\/apuntesdesanluis.com\/index.php\/2024\/11\/26\/victoria-2027-el-proyecto-presidencial-de-villarruel-que-enloquecio-a-milei\/\",\"name\":\"\\\"VICTORIA 2027\\\", EL PROYECTO PRESIDENCIAL DE VILLARRUEL QUE ENLOQUECI\u00d3 A MILEI - Apuntes de San Luis\",\"isPartOf\":{\"@id\":\"https:\/\/apuntesdesanluis.com\/#website\"},\"primaryImageOfPage\":{\"@id\":\"https:\/\/apuntesdesanluis.com\/index.php\/2024\/11\/26\/victoria-2027-el-proyecto-presidencial-de-villarruel-que-enloquecio-a-milei\/#primaryimage\"},\"image\":{\"@id\":\"https:\/\/apuntesdesanluis.com\/index.php\/2024\/11\/26\/victoria-2027-el-proyecto-presidencial-de-villarruel-que-enloquecio-a-milei\/#primaryimage\"},\"thumbnailUrl\":\"https:\/\/apuntesdesanluis.com\/wp-content\/uploads\/2024\/11\/victoria-2027.png\",\"datePublished\":\"2024-11-26T23:32:27+00:00\",\"breadcrumb\":{\"@id\":\"https:\/\/apuntesdesanluis.com\/index.php\/2024\/11\/26\/victoria-2027-el-proyecto-presidencial-de-villarruel-que-enloquecio-a-milei\/#breadcrumb\"},\"inLanguage\":\"es-AR\",\"potentialAction\":[{\"@type\":\"ReadAction\",\"target\":[\"https:\/\/apuntesdesanluis.com\/index.php\/2024\/11\/26\/victoria-2027-el-proyecto-presidencial-de-villarruel-que-enloquecio-a-milei\/\"]}]},{\"@type\":\"ImageObject\",\"inLanguage\":\"es-AR\",\"@id\":\"https:\/\/apuntesdesanluis.com\/index.php\/2024\/11\/26\/victoria-2027-el-proyecto-presidencial-de-villarruel-que-enloquecio-a-milei\/#primaryimage\",\"url\":\"https:\/\/apuntesdesanluis.com\/wp-content\/uploads\/2024\/11\/victoria-2027.png\",\"contentUrl\":\"https:\/\/apuntesdesanluis.com\/wp-content\/uploads\/2024\/11\/victoria-2027.png\",\"width\":766,\"height\":452},{\"@type\":\"BreadcrumbList\",\"@id\":\"https:\/\/apuntesdesanluis.com\/index.php\/2024\/11\/26\/victoria-2027-el-proyecto-presidencial-de-villarruel-que-enloquecio-a-milei\/#breadcrumb\",\"itemListElement\":[{\"@type\":\"ListItem\",\"position\":1,\"name\":\"Inicio\",\"item\":\"https:\/\/apuntesdesanluis.com\/\"},{\"@type\":\"ListItem\",\"position\":2,\"name\":\"&#8220;VICTORIA 2027&#8221;, EL PROYECTO PRESIDENCIAL DE VILLARRUEL QUE ENLOQUECI\u00d3 A MILEI\"}]},{\"@type\":\"WebSite\",\"@id\":\"https:\/\/apuntesdesanluis.com\/#website\",\"url\":\"https:\/\/apuntesdesanluis.com\/\",\"name\":\"Apuntes de San Luis\",\"description\":\"\",\"publisher\":{\"@id\":\"https:\/\/apuntesdesanluis.com\/#\/schema\/person\/b55151d52296fcce64d1a72538a70b90\"},\"potentialAction\":[{\"@type\":\"SearchAction\",\"target\":{\"@type\":\"EntryPoint\",\"urlTemplate\":\"https:\/\/apuntesdesanluis.com\/?s={search_term_string}\"},\"query-input\":{\"@type\":\"PropertyValueSpecification\",\"valueRequired\":true,\"valueName\":\"search_term_string\"}}],\"inLanguage\":\"es-AR\"},{\"@type\":[\"Person\",\"Organization\"],\"@id\":\"https:\/\/apuntesdesanluis.com\/#\/schema\/person\/b55151d52296fcce64d1a72538a70b90\",\"name\":\"apuntesdesanluis.com\",\"image\":{\"@type\":\"ImageObject\",\"inLanguage\":\"es-AR\",\"@id\":\"https:\/\/apuntesdesanluis.com\/#\/schema\/person\/image\/\",\"url\":\"https:\/\/apuntesdesanluis.com\/wp-content\/uploads\/2023\/07\/cropped-apuntesdesanluis.png\",\"contentUrl\":\"https:\/\/apuntesdesanluis.com\/wp-content\/uploads\/2023\/07\/cropped-apuntesdesanluis.png\",\"width\":450,\"height\":112,\"caption\":\"apuntesdesanluis.com\"},\"logo\":{\"@id\":\"https:\/\/apuntesdesanluis.com\/#\/schema\/person\/image\/\"},\"sameAs\":[\"https:\/\/apuntesdesanluis.com\"],\"url\":\"https:\/\/apuntesdesanluis.com\/index.php\/author\/apuntesdesanluis-com\/\"}]}<\/script>\n<!-- \/ Yoast SEO plugin. -->","yoast_head_json":{"title":"\"VICTORIA 2027\", EL PROYECTO PRESIDENCIAL DE VILLARRUEL QUE ENLOQUECI\u00d3 A MILEI - Apuntes de San Luis","robots":{"index":"index","follow":"follow","max-snippet":"max-snippet:-1","max-image-preview":"max-image-preview:large","max-video-preview":"max-video-preview:-1"},"canonical":"https:\/\/apuntesdesanluis.com\/index.php\/2024\/11\/26\/victoria-2027-el-proyecto-presidencial-de-villarruel-que-enloquecio-a-milei\/","og_locale":"es_ES","og_type":"article","og_title":"\"VICTORIA 2027\", EL PROYECTO PRESIDENCIAL DE VILLARRUEL QUE ENLOQUECI\u00d3 A MILEI - Apuntes de San Luis","og_description":"Mide igual o un poco m\u00e1s que el Presidente, por eso la furia de la...","og_url":"https:\/\/apuntesdesanluis.com\/index.php\/2024\/11\/26\/victoria-2027-el-proyecto-presidencial-de-villarruel-que-enloquecio-a-milei\/","og_site_name":"Apuntes de San Luis","article_published_time":"2024-11-26T23:32:27+00:00","og_image":[{"width":766,"height":452,"url":"https:\/\/apuntesdesanluis.com\/wp-content\/uploads\/2024\/11\/victoria-2027.png","type":"image\/png"}],"author":"apuntesdesanluis.com","twitter_card":"summary_large_image","twitter_misc":{"Escrito por":"apuntesdesanluis.com","Tiempo de lectura":"5 minutos"},"schema":{"@context":"https:\/\/schema.org","@graph":[{"@type":"Article","@id":"https:\/\/apuntesdesanluis.com\/index.php\/2024\/11\/26\/victoria-2027-el-proyecto-presidencial-de-villarruel-que-enloquecio-a-milei\/#article","isPartOf":{"@id":"https:\/\/apuntesdesanluis.com\/index.php\/2024\/11\/26\/victoria-2027-el-proyecto-presidencial-de-villarruel-que-enloquecio-a-milei\/"},"author":{"name":"apuntesdesanluis.com","@id":"https:\/\/apuntesdesanluis.com\/#\/schema\/person\/b55151d52296fcce64d1a72538a70b90"},"headline":"&#8220;VICTORIA 2027&#8221;, EL PROYECTO PRESIDENCIAL DE VILLARRUEL QUE ENLOQUECI\u00d3 A MILEI","datePublished":"2024-11-26T23:32:27+00:00","mainEntityOfPage":{"@id":"https:\/\/apuntesdesanluis.com\/index.php\/2024\/11\/26\/victoria-2027-el-proyecto-presidencial-de-villarruel-que-enloquecio-a-milei\/"},"wordCount":1044,"publisher":{"@id":"https:\/\/apuntesdesanluis.com\/#\/schema\/person\/b55151d52296fcce64d1a72538a70b90"},"image":{"@id":"https:\/\/apuntesdesanluis.com\/index.php\/2024\/11\/26\/victoria-2027-el-proyecto-presidencial-de-villarruel-que-enloquecio-a-milei\/#primaryimage"},"thumbnailUrl":"https:\/\/apuntesdesanluis.com\/wp-content\/uploads\/2024\/11\/victoria-2027.png","articleSection":["Nacionales\/Internacionales"],"inLanguage":"es-AR"},{"@type":"WebPage","@id":"https:\/\/apuntesdesanluis.com\/index.php\/2024\/11\/26\/victoria-2027-el-proyecto-presidencial-de-villarruel-que-enloquecio-a-milei\/","url":"https:\/\/apuntesdesanluis.com\/index.php\/2024\/11\/26\/victoria-2027-el-proyecto-presidencial-de-villarruel-que-enloquecio-a-milei\/","name":"\"VICTORIA 2027\", EL PROYECTO PRESIDENCIAL DE VILLARRUEL QUE ENLOQUECI\u00d3 A MILEI - Apuntes de San Luis","isPartOf":{"@id":"https:\/\/apuntesdesanluis.com\/#website"},"primaryImageOfPage":{"@id":"https:\/\/apuntesdesanluis.com\/index.php\/2024\/11\/26\/victoria-2027-el-proyecto-presidencial-de-villarruel-que-enloquecio-a-milei\/#primaryimage"},"image":{"@id":"https:\/\/apuntesdesanluis.com\/index.php\/2024\/11\/26\/victoria-2027-el-proyecto-presidencial-de-villarruel-que-enloquecio-a-milei\/#primaryimage"},"thumbnailUrl":"https:\/\/apuntesdesanluis.com\/wp-content\/uploads\/2024\/11\/victoria-2027.png","datePublished":"2024-11-26T23:32:27+00:00","breadcrumb":{"@id":"https:\/\/apuntesdesanluis.com\/index.php\/2024\/11\/26\/victoria-2027-el-proyecto-presidencial-de-villarruel-que-enloquecio-a-milei\/#breadcrumb"},"inLanguage":"es-AR","potentialAction":[{"@type":"ReadAction","target":["https:\/\/apuntesdesanluis.com\/index.php\/2024\/11\/26\/victoria-2027-el-proyecto-presidencial-de-villarruel-que-enloquecio-a-milei\/"]}]},{"@type":"ImageObject","inLanguage":"es-AR","@id":"https:\/\/apuntesdesanluis.com\/index.php\/2024\/11\/26\/victoria-2027-el-proyecto-presidencial-de-villarruel-que-enloquecio-a-milei\/#primaryimage","url":"https:\/\/apuntesdesanluis.com\/wp-content\/uploads\/2024\/11\/victoria-2027.png","contentUrl":"https:\/\/apuntesdesanluis.com\/wp-content\/uploads\/2024\/11\/victoria-2027.png","width":766,"height":452},{"@type":"BreadcrumbList","@id":"https:\/\/apuntesdesanluis.com\/index.php\/2024\/11\/26\/victoria-2027-el-proyecto-presidencial-de-villarruel-que-enloquecio-a-milei\/#breadcrumb","itemListElement":[{"@type":"ListItem","position":1,"name":"Inicio","item":"https:\/\/apuntesdesanluis.com\/"},{"@type":"ListItem","position":2,"name":"&#8220;VICTORIA 2027&#8221;, EL PROYECTO PRESIDENCIAL DE VILLARRUEL QUE ENLOQUECI\u00d3 A MILEI"}]},{"@type":"WebSite","@id":"https:\/\/apuntesdesanluis.com\/#website","url":"https:\/\/apuntesdesanluis.com\/","name":"Apuntes de San Luis","description":"","publisher":{"@id":"https:\/\/apuntesdesanluis.com\/#\/schema\/person\/b55151d52296fcce64d1a72538a70b90"},"potentialAction":[{"@type":"SearchAction","target":{"@type":"EntryPoint","urlTemplate":"https:\/\/apuntesdesanluis.com\/?s={search_term_string}"},"query-input":{"@type":"PropertyValueSpecification","valueRequired":true,"valueName":"search_term_string"}}],"inLanguage":"es-AR"},{"@type":["Person","Organization"],"@id":"https:\/\/apuntesdesanluis.com\/#\/schema\/person\/b55151d52296fcce64d1a72538a70b90","name":"apuntesdesanluis.com","image":{"@type":"ImageObject","inLanguage":"es-AR","@id":"https:\/\/apuntesdesanluis.com\/#\/schema\/person\/image\/","url":"https:\/\/apuntesdesanluis.com\/wp-content\/uploads\/2023\/07\/cropped-apuntesdesanluis.png","contentUrl":"https:\/\/apuntesdesanluis.com\/wp-content\/uploads\/2023\/07\/cropped-apuntesdesanluis.png","width":450,"height":112,"caption":"apuntesdesanluis.com"},"logo":{"@id":"https:\/\/apuntesdesanluis.com\/#\/schema\/person\/image\/"},"sameAs":["https:\/\/apuntesdesanluis.com"],"url":"https:\/\/apuntesdesanluis.com\/index.php\/author\/apuntesdesanluis-com\/"}]}},"featured_image_urls":{"full":["https:\/\/apuntesdesanluis.com\/wp-content\/uploads\/2024\/11\/victoria-2027.png",766,452,false],"thumbnail":["https:\/\/apuntesdesanluis.com\/wp-content\/uploads\/2024\/11\/victoria-2027-150x150.png",150,150,true],"medium":["https:\/\/apuntesdesanluis.com\/wp-content\/uploads\/2024\/11\/victoria-2027-300x177.png",300,177,true],"medium_large":["https:\/\/apuntesdesanluis.com\/wp-content\/uploads\/2024\/11\/victoria-2027.png",640,378,false],"large":["https:\/\/apuntesdesanluis.com\/wp-content\/uploads\/2024\/11\/victoria-2027.png",640,378,false],"1536x1536":["https:\/\/apuntesdesanluis.com\/wp-content\/uploads\/2024\/11\/victoria-2027.png",766,452,false],"2048x2048":["https:\/\/apuntesdesanluis.com\/wp-content\/uploads\/2024\/11\/victoria-2027.png",766,452,false],"newsever-slider-full":["https:\/\/apuntesdesanluis.com\/wp-content\/uploads\/2024\/11\/victoria-2027.png",766,452,false],"newsever-featured":["https:\/\/apuntesdesanluis.com\/wp-content\/uploads\/2024\/11\/victoria-2027.png",766,452,false],"newsever-medium":["https:\/\/apuntesdesanluis.com\/wp-content\/uploads\/2024\/11\/victoria-2027-720x452.png",720,452,true]},"author_info":{"display_name":"apuntesdesanluis.com","author_link":"https:\/\/apuntesdesanluis.com\/index.php\/author\/apuntesdesanluis-com\/"},"category_info":"<a href=\"https:\/\/apuntesdesanluis.com\/index.php\/category\/nacionales-internacionales\/\" rel=\"category tag\">Nacionales\/Internacionales<\/a>","tag_info":"Nacionales\/Internacionales","comment_count":"0","_links":{"self":[{"href":"https:\/\/apuntesdesanluis.com\/index.php\/wp-json\/wp\/v2\/posts\/25836","targetHints":{"allow":["GET"]}}],"collection":[{"href":"https:\/\/apuntesdesanluis.com\/index.php\/wp-json\/wp\/v2\/posts"}],"about":[{"href":"https:\/\/apuntesdesanluis.com\/index.php\/wp-json\/wp\/v2\/types\/post"}],"author":[{"embeddable":true,"href":"https:\/\/apuntesdesanluis.com\/index.php\/wp-json\/wp\/v2\/users\/1"}],"replies":[{"embeddable":true,"href":"https:\/\/apuntesdesanluis.com\/index.php\/wp-json\/wp\/v2\/comments?post=25836"}],"version-history":[{"count":1,"href":"https:\/\/apuntesdesanluis.com\/index.php\/wp-json\/wp\/v2\/posts\/25836\/revisions"}],"predecessor-version":[{"id":25839,"href":"https:\/\/apuntesdesanluis.com\/index.php\/wp-json\/wp\/v2\/posts\/25836\/revisions\/25839"}],"wp:featuredmedia":[{"embeddable":true,"href":"https:\/\/apuntesdesanluis.com\/index.php\/wp-json\/wp\/v2\/media\/25837"}],"wp:attachment":[{"href":"https:\/\/apuntesdesanluis.com\/index.php\/wp-json\/wp\/v2\/media?parent=25836"}],"wp:term":[{"taxonomy":"category","embeddable":true,"href":"https:\/\/apuntesdesanluis.com\/index.php\/wp-json\/wp\/v2\/categories?post=25836"},{"taxonomy":"post_tag","embeddable":true,"href":"https:\/\/apuntesdesanluis.com\/index.php\/wp-json\/wp\/v2\/tags?post=25836"}],"curies":[{"name":"wp","href":"https:\/\/api.w.org\/{rel}","templated":true}]}}