{"id":25846,"date":"2024-11-26T22:58:31","date_gmt":"2024-11-27T01:58:31","guid":{"rendered":"https:\/\/apuntesdesanluis.com\/?p=25846"},"modified":"2024-11-26T22:58:31","modified_gmt":"2024-11-27T01:58:31","slug":"el-gobierno-se-reunio-con-bicicleteros-y-avanza-en-el-plan-tubi-2025","status":"publish","type":"post","link":"https:\/\/apuntesdesanluis.com\/index.php\/2024\/11\/26\/el-gobierno-se-reunio-con-bicicleteros-y-avanza-en-el-plan-tubi-2025\/","title":{"rendered":"EL GOBIERNO SE REUNI\u00d3 CON BICICLETEROS Y AVANZA EN EL \u201cPLAN TUBI 2025\u201d"},"content":{"rendered":"<h3>Este martes, en el Sal\u00f3n Blanco de la Casa de Gobierno, el gobernador <strong>Claudio Poggi<\/strong> recibi\u00f3 a empresarios del ciclismo para comenzar a trabajar en el lanzamiento del Plan Tubi 2025. Esta nueva edici\u00f3n, adem\u00e1s de buscar fomentar la actividad f\u00edsica en los estudiantes, tambi\u00e9n ser\u00e1 una oportunidad para que los proveedores generen m\u00e1s puestos de trabajo y reactiven la econom\u00eda local.<\/h3>\n<h3>Durante el encuentro, los empresarios dialogaron e intercambiaron ideas sobre el futuro dise\u00f1o de las bicicletas que ser\u00e1n para uso urbano y\/o recreativo. \u201cLo que nos ha pedido el Gobernador es armar esta mesa de trabajo donde escuchemos a todos los bicicleteros de la provincia de San Luis. La idea es escucharlos a ellos, que son los que conocen sobre cu\u00e1l es el modelo necesario para poder avanzar en esta implementaci\u00f3n de lo que va a ser el Plan Tubi 2025\u201d, explic\u00f3 el secretario de Transporte V\u00edctor Cianchino.<\/h3>\n<h3>Tambi\u00e9n, el Secretario invit\u00f3 a los proveedores a que se sumen a trabajar en conjunto. \u201cA partir de ma\u00f1ana estar\u00e1 en la p\u00e1gina web oficial del Gobierno de la Provincia el link para inscribirse y que se pueda convocar a todos los bicicleteros de la provincia, para empezar a trabajar en las primeras reuniones y dise\u00f1ando lo que va a ser el Plan. Solamente tener en cuenta que los requisitos son que residan en la provincia y que tengan dos a\u00f1os en el rubro\u201c, dijo.<\/h3>\n<p><img fetchpriority=\"high\" decoding=\"async\" class=\"wp-image-25847 aligncenter\" src=\"https:\/\/apuntesdesanluis.com\/wp-content\/uploads\/2024\/11\/BICICLETEROS-300x168.png\" alt=\"\" width=\"696\" height=\"390\" srcset=\"https:\/\/apuntesdesanluis.com\/wp-content\/uploads\/2024\/11\/BICICLETEROS-300x168.png 300w, https:\/\/apuntesdesanluis.com\/wp-content\/uploads\/2024\/11\/BICICLETEROS.png 677w\" sizes=\"(max-width: 696px) 100vw, 696px\" \/><\/p>\n<h3>El Plan Tubi es una pol\u00edtica de estado que el gobernador Claudio Poggi lanz\u00f3 durante su gesti\u00f3n anterior. En esta nueva edici\u00f3n, Cianchino anticip\u00f3 que \u201cvan a estar destinadas a aquellos alumnos del quinto a\u00f1o de la secundaria y se las iremos entregando entre los primeros meses del a\u00f1o que viene hasta agosto o septiembre\u201c.<\/h3>\n<h3>Tambi\u00e9n, el Secretario asegur\u00f3 que esta iniciativa \u201ces para que los bicicleteros tengan otra fuente de ingreso, los chicos hagan deporte, que es fundamental sacarlos del sedentarismo, y tengan un medio de transporte que sea econ\u00f3mico y sustentable. Es decir, es un plan que no consiste solamente en la entrega de rodados, sino que tambi\u00e9n al bicicletero lo va a ayudar a reactivar un poco m\u00e1s la econom\u00eda\u201c, concluy\u00f3.<\/h3>\n<p>&nbsp;<\/p>\n<p>&nbsp;<\/p>\n<p>&nbsp;<\/p>\n","protected":false},"excerpt":{"rendered":"<p>Este martes, en el Sal\u00f3n Blanco de la Casa de Gobierno, el gobernador Claudio Poggi&#8230;<\/p>\n","protected":false},"author":1,"featured_media":25848,"comment_status":"closed","ping_status":"closed","sticky":false,"template":"","format":"standard","meta":{"footnotes":""},"categories":[6],"tags":[],"class_list":["post-25846","post","type-post","status-publish","format-standard","has-post-thumbnail","hentry","category-ciudad-provincia"],"yoast_head":"<!-- This site is optimized with the Yoast SEO plugin v26.1.1 - https:\/\/yoast.com\/wordpress\/plugins\/seo\/ -->\n<title>EL GOBIERNO SE REUNI\u00d3 CON BICICLETEROS Y AVANZA EN EL \u201cPLAN TUBI 2025\u201d - Apuntes de San Luis<\/title>\n<meta name=\"robots\" content=\"index, follow, max-snippet:-1, max-image-preview:large, max-video-preview:-1\" \/>\n<link rel=\"canonical\" href=\"https:\/\/apuntesdesanluis.com\/index.php\/2024\/11\/26\/el-gobierno-se-reunio-con-bicicleteros-y-avanza-en-el-plan-tubi-2025\/\" \/>\n<meta property=\"og:locale\" content=\"es_ES\" \/>\n<meta property=\"og:type\" content=\"article\" \/>\n<meta property=\"og:title\" content=\"EL GOBIERNO SE REUNI\u00d3 CON BICICLETEROS Y AVANZA EN EL \u201cPLAN TUBI 2025\u201d - Apuntes de San Luis\" \/>\n<meta property=\"og:description\" content=\"Este martes, en el Sal\u00f3n Blanco de la Casa de Gobierno, el gobernador Claudio Poggi...\" \/>\n<meta property=\"og:url\" content=\"https:\/\/apuntesdesanluis.com\/index.php\/2024\/11\/26\/el-gobierno-se-reunio-con-bicicleteros-y-avanza-en-el-plan-tubi-2025\/\" \/>\n<meta property=\"og:site_name\" content=\"Apuntes de San Luis\" \/>\n<meta property=\"article:published_time\" content=\"2024-11-27T01:58:31+00:00\" \/>\n<meta property=\"og:image\" content=\"https:\/\/apuntesdesanluis.com\/wp-content\/uploads\/2024\/11\/POGGI-3.png\" \/>\n\t<meta property=\"og:image:width\" content=\"667\" \/>\n\t<meta property=\"og:image:height\" content=\"431\" \/>\n\t<meta property=\"og:image:type\" content=\"image\/png\" \/>\n<meta name=\"author\" content=\"apuntesdesanluis.com\" \/>\n<meta name=\"twitter:card\" content=\"summary_large_image\" \/>\n<meta name=\"twitter:label1\" content=\"Escrito por\" \/>\n\t<meta name=\"twitter:data1\" content=\"apuntesdesanluis.com\" \/>\n\t<meta name=\"twitter:label2\" content=\"Tiempo de lectura\" \/>\n\t<meta name=\"twitter:data2\" content=\"3 minutos\" \/>\n<script type=\"application\/ld+json\" class=\"yoast-schema-graph\">{\"@context\":\"https:\/\/schema.org\",\"@graph\":[{\"@type\":\"Article\",\"@id\":\"https:\/\/apuntesdesanluis.com\/index.php\/2024\/11\/26\/el-gobierno-se-reunio-con-bicicleteros-y-avanza-en-el-plan-tubi-2025\/#article\",\"isPartOf\":{\"@id\":\"https:\/\/apuntesdesanluis.com\/index.php\/2024\/11\/26\/el-gobierno-se-reunio-con-bicicleteros-y-avanza-en-el-plan-tubi-2025\/\"},\"author\":{\"name\":\"apuntesdesanluis.com\",\"@id\":\"https:\/\/apuntesdesanluis.com\/#\/schema\/person\/b55151d52296fcce64d1a72538a70b90\"},\"headline\":\"EL GOBIERNO SE REUNI\u00d3 CON BICICLETEROS Y AVANZA EN EL \u201cPLAN TUBI 2025\u201d\",\"datePublished\":\"2024-11-27T01:58:31+00:00\",\"mainEntityOfPage\":{\"@id\":\"https:\/\/apuntesdesanluis.com\/index.php\/2024\/11\/26\/el-gobierno-se-reunio-con-bicicleteros-y-avanza-en-el-plan-tubi-2025\/\"},\"wordCount\":400,\"publisher\":{\"@id\":\"https:\/\/apuntesdesanluis.com\/#\/schema\/person\/b55151d52296fcce64d1a72538a70b90\"},\"image\":{\"@id\":\"https:\/\/apuntesdesanluis.com\/index.php\/2024\/11\/26\/el-gobierno-se-reunio-con-bicicleteros-y-avanza-en-el-plan-tubi-2025\/#primaryimage\"},\"thumbnailUrl\":\"https:\/\/apuntesdesanluis.com\/wp-content\/uploads\/2024\/11\/POGGI-3.png\",\"articleSection\":[\"Ciudad\/Provincia\"],\"inLanguage\":\"es-AR\"},{\"@type\":\"WebPage\",\"@id\":\"https:\/\/apuntesdesanluis.com\/index.php\/2024\/11\/26\/el-gobierno-se-reunio-con-bicicleteros-y-avanza-en-el-plan-tubi-2025\/\",\"url\":\"https:\/\/apuntesdesanluis.com\/index.php\/2024\/11\/26\/el-gobierno-se-reunio-con-bicicleteros-y-avanza-en-el-plan-tubi-2025\/\",\"name\":\"EL GOBIERNO SE REUNI\u00d3 CON BICICLETEROS Y AVANZA EN EL \u201cPLAN TUBI 2025\u201d - Apuntes de San Luis\",\"isPartOf\":{\"@id\":\"https:\/\/apuntesdesanluis.com\/#website\"},\"primaryImageOfPage\":{\"@id\":\"https:\/\/apuntesdesanluis.com\/index.php\/2024\/11\/26\/el-gobierno-se-reunio-con-bicicleteros-y-avanza-en-el-plan-tubi-2025\/#primaryimage\"},\"image\":{\"@id\":\"https:\/\/apuntesdesanluis.com\/index.php\/2024\/11\/26\/el-gobierno-se-reunio-con-bicicleteros-y-avanza-en-el-plan-tubi-2025\/#primaryimage\"},\"thumbnailUrl\":\"https:\/\/apuntesdesanluis.com\/wp-content\/uploads\/2024\/11\/POGGI-3.png\",\"datePublished\":\"2024-11-27T01:58:31+00:00\",\"breadcrumb\":{\"@id\":\"https:\/\/apuntesdesanluis.com\/index.php\/2024\/11\/26\/el-gobierno-se-reunio-con-bicicleteros-y-avanza-en-el-plan-tubi-2025\/#breadcrumb\"},\"inLanguage\":\"es-AR\",\"potentialAction\":[{\"@type\":\"ReadAction\",\"target\":[\"https:\/\/apuntesdesanluis.com\/index.php\/2024\/11\/26\/el-gobierno-se-reunio-con-bicicleteros-y-avanza-en-el-plan-tubi-2025\/\"]}]},{\"@type\":\"ImageObject\",\"inLanguage\":\"es-AR\",\"@id\":\"https:\/\/apuntesdesanluis.com\/index.php\/2024\/11\/26\/el-gobierno-se-reunio-con-bicicleteros-y-avanza-en-el-plan-tubi-2025\/#primaryimage\",\"url\":\"https:\/\/apuntesdesanluis.com\/wp-content\/uploads\/2024\/11\/POGGI-3.png\",\"contentUrl\":\"https:\/\/apuntesdesanluis.com\/wp-content\/uploads\/2024\/11\/POGGI-3.png\",\"width\":667,\"height\":431},{\"@type\":\"BreadcrumbList\",\"@id\":\"https:\/\/apuntesdesanluis.com\/index.php\/2024\/11\/26\/el-gobierno-se-reunio-con-bicicleteros-y-avanza-en-el-plan-tubi-2025\/#breadcrumb\",\"itemListElement\":[{\"@type\":\"ListItem\",\"position\":1,\"name\":\"Inicio\",\"item\":\"https:\/\/apuntesdesanluis.com\/\"},{\"@type\":\"ListItem\",\"position\":2,\"name\":\"EL GOBIERNO SE REUNI\u00d3 CON BICICLETEROS Y AVANZA EN EL \u201cPLAN TUBI 2025\u201d\"}]},{\"@type\":\"WebSite\",\"@id\":\"https:\/\/apuntesdesanluis.com\/#website\",\"url\":\"https:\/\/apuntesdesanluis.com\/\",\"name\":\"Apuntes de San Luis\",\"description\":\"\",\"publisher\":{\"@id\":\"https:\/\/apuntesdesanluis.com\/#\/schema\/person\/b55151d52296fcce64d1a72538a70b90\"},\"potentialAction\":[{\"@type\":\"SearchAction\",\"target\":{\"@type\":\"EntryPoint\",\"urlTemplate\":\"https:\/\/apuntesdesanluis.com\/?s={search_term_string}\"},\"query-input\":{\"@type\":\"PropertyValueSpecification\",\"valueRequired\":true,\"valueName\":\"search_term_string\"}}],\"inLanguage\":\"es-AR\"},{\"@type\":[\"Person\",\"Organization\"],\"@id\":\"https:\/\/apuntesdesanluis.com\/#\/schema\/person\/b55151d52296fcce64d1a72538a70b90\",\"name\":\"apuntesdesanluis.com\",\"image\":{\"@type\":\"ImageObject\",\"inLanguage\":\"es-AR\",\"@id\":\"https:\/\/apuntesdesanluis.com\/#\/schema\/person\/image\/\",\"url\":\"https:\/\/apuntesdesanluis.com\/wp-content\/uploads\/2023\/07\/cropped-apuntesdesanluis.png\",\"contentUrl\":\"https:\/\/apuntesdesanluis.com\/wp-content\/uploads\/2023\/07\/cropped-apuntesdesanluis.png\",\"width\":450,\"height\":112,\"caption\":\"apuntesdesanluis.com\"},\"logo\":{\"@id\":\"https:\/\/apuntesdesanluis.com\/#\/schema\/person\/image\/\"},\"sameAs\":[\"https:\/\/apuntesdesanluis.com\"],\"url\":\"https:\/\/apuntesdesanluis.com\/index.php\/author\/apuntesdesanluis-com\/\"}]}<\/script>\n<!-- \/ Yoast SEO plugin. -->","yoast_head_json":{"title":"EL GOBIERNO SE REUNI\u00d3 CON BICICLETEROS Y AVANZA EN EL \u201cPLAN TUBI 2025\u201d - Apuntes de San Luis","robots":{"index":"index","follow":"follow","max-snippet":"max-snippet:-1","max-image-preview":"max-image-preview:large","max-video-preview":"max-video-preview:-1"},"canonical":"https:\/\/apuntesdesanluis.com\/index.php\/2024\/11\/26\/el-gobierno-se-reunio-con-bicicleteros-y-avanza-en-el-plan-tubi-2025\/","og_locale":"es_ES","og_type":"article","og_title":"EL GOBIERNO SE REUNI\u00d3 CON BICICLETEROS Y AVANZA EN EL \u201cPLAN TUBI 2025\u201d - Apuntes de San Luis","og_description":"Este martes, en el Sal\u00f3n Blanco de la Casa de Gobierno, el gobernador Claudio Poggi...","og_url":"https:\/\/apuntesdesanluis.com\/index.php\/2024\/11\/26\/el-gobierno-se-reunio-con-bicicleteros-y-avanza-en-el-plan-tubi-2025\/","og_site_name":"Apuntes de San Luis","article_published_time":"2024-11-27T01:58:31+00:00","og_image":[{"width":667,"height":431,"url":"https:\/\/apuntesdesanluis.com\/wp-content\/uploads\/2024\/11\/POGGI-3.png","type":"image\/png"}],"author":"apuntesdesanluis.com","twitter_card":"summary_large_image","twitter_misc":{"Escrito por":"apuntesdesanluis.com","Tiempo de lectura":"3 minutos"},"schema":{"@context":"https:\/\/schema.org","@graph":[{"@type":"Article","@id":"https:\/\/apuntesdesanluis.com\/index.php\/2024\/11\/26\/el-gobierno-se-reunio-con-bicicleteros-y-avanza-en-el-plan-tubi-2025\/#article","isPartOf":{"@id":"https:\/\/apuntesdesanluis.com\/index.php\/2024\/11\/26\/el-gobierno-se-reunio-con-bicicleteros-y-avanza-en-el-plan-tubi-2025\/"},"author":{"name":"apuntesdesanluis.com","@id":"https:\/\/apuntesdesanluis.com\/#\/schema\/person\/b55151d52296fcce64d1a72538a70b90"},"headline":"EL GOBIERNO SE REUNI\u00d3 CON BICICLETEROS Y AVANZA EN EL \u201cPLAN TUBI 2025\u201d","datePublished":"2024-11-27T01:58:31+00:00","mainEntityOfPage":{"@id":"https:\/\/apuntesdesanluis.com\/index.php\/2024\/11\/26\/el-gobierno-se-reunio-con-bicicleteros-y-avanza-en-el-plan-tubi-2025\/"},"wordCount":400,"publisher":{"@id":"https:\/\/apuntesdesanluis.com\/#\/schema\/person\/b55151d52296fcce64d1a72538a70b90"},"image":{"@id":"https:\/\/apuntesdesanluis.com\/index.php\/2024\/11\/26\/el-gobierno-se-reunio-con-bicicleteros-y-avanza-en-el-plan-tubi-2025\/#primaryimage"},"thumbnailUrl":"https:\/\/apuntesdesanluis.com\/wp-content\/uploads\/2024\/11\/POGGI-3.png","articleSection":["Ciudad\/Provincia"],"inLanguage":"es-AR"},{"@type":"WebPage","@id":"https:\/\/apuntesdesanluis.com\/index.php\/2024\/11\/26\/el-gobierno-se-reunio-con-bicicleteros-y-avanza-en-el-plan-tubi-2025\/","url":"https:\/\/apuntesdesanluis.com\/index.php\/2024\/11\/26\/el-gobierno-se-reunio-con-bicicleteros-y-avanza-en-el-plan-tubi-2025\/","name":"EL GOBIERNO SE REUNI\u00d3 CON BICICLETEROS Y AVANZA EN EL \u201cPLAN TUBI 2025\u201d - Apuntes de San Luis","isPartOf":{"@id":"https:\/\/apuntesdesanluis.com\/#website"},"primaryImageOfPage":{"@id":"https:\/\/apuntesdesanluis.com\/index.php\/2024\/11\/26\/el-gobierno-se-reunio-con-bicicleteros-y-avanza-en-el-plan-tubi-2025\/#primaryimage"},"image":{"@id":"https:\/\/apuntesdesanluis.com\/index.php\/2024\/11\/26\/el-gobierno-se-reunio-con-bicicleteros-y-avanza-en-el-plan-tubi-2025\/#primaryimage"},"thumbnailUrl":"https:\/\/apuntesdesanluis.com\/wp-content\/uploads\/2024\/11\/POGGI-3.png","datePublished":"2024-11-27T01:58:31+00:00","breadcrumb":{"@id":"https:\/\/apuntesdesanluis.com\/index.php\/2024\/11\/26\/el-gobierno-se-reunio-con-bicicleteros-y-avanza-en-el-plan-tubi-2025\/#breadcrumb"},"inLanguage":"es-AR","potentialAction":[{"@type":"ReadAction","target":["https:\/\/apuntesdesanluis.com\/index.php\/2024\/11\/26\/el-gobierno-se-reunio-con-bicicleteros-y-avanza-en-el-plan-tubi-2025\/"]}]},{"@type":"ImageObject","inLanguage":"es-AR","@id":"https:\/\/apuntesdesanluis.com\/index.php\/2024\/11\/26\/el-gobierno-se-reunio-con-bicicleteros-y-avanza-en-el-plan-tubi-2025\/#primaryimage","url":"https:\/\/apuntesdesanluis.com\/wp-content\/uploads\/2024\/11\/POGGI-3.png","contentUrl":"https:\/\/apuntesdesanluis.com\/wp-content\/uploads\/2024\/11\/POGGI-3.png","width":667,"height":431},{"@type":"BreadcrumbList","@id":"https:\/\/apuntesdesanluis.com\/index.php\/2024\/11\/26\/el-gobierno-se-reunio-con-bicicleteros-y-avanza-en-el-plan-tubi-2025\/#breadcrumb","itemListElement":[{"@type":"ListItem","position":1,"name":"Inicio","item":"https:\/\/apuntesdesanluis.com\/"},{"@type":"ListItem","position":2,"name":"EL GOBIERNO SE REUNI\u00d3 CON BICICLETEROS Y AVANZA EN EL \u201cPLAN TUBI 2025\u201d"}]},{"@type":"WebSite","@id":"https:\/\/apuntesdesanluis.com\/#website","url":"https:\/\/apuntesdesanluis.com\/","name":"Apuntes de San Luis","description":"","publisher":{"@id":"https:\/\/apuntesdesanluis.com\/#\/schema\/person\/b55151d52296fcce64d1a72538a70b90"},"potentialAction":[{"@type":"SearchAction","target":{"@type":"EntryPoint","urlTemplate":"https:\/\/apuntesdesanluis.com\/?s={search_term_string}"},"query-input":{"@type":"PropertyValueSpecification","valueRequired":true,"valueName":"search_term_string"}}],"inLanguage":"es-AR"},{"@type":["Person","Organization"],"@id":"https:\/\/apuntesdesanluis.com\/#\/schema\/person\/b55151d52296fcce64d1a72538a70b90","name":"apuntesdesanluis.com","image":{"@type":"ImageObject","inLanguage":"es-AR","@id":"https:\/\/apuntesdesanluis.com\/#\/schema\/person\/image\/","url":"https:\/\/apuntesdesanluis.com\/wp-content\/uploads\/2023\/07\/cropped-apuntesdesanluis.png","contentUrl":"https:\/\/apuntesdesanluis.com\/wp-content\/uploads\/2023\/07\/cropped-apuntesdesanluis.png","width":450,"height":112,"caption":"apuntesdesanluis.com"},"logo":{"@id":"https:\/\/apuntesdesanluis.com\/#\/schema\/person\/image\/"},"sameAs":["https:\/\/apuntesdesanluis.com"],"url":"https:\/\/apuntesdesanluis.com\/index.php\/author\/apuntesdesanluis-com\/"}]}},"featured_image_urls":{"full":["https:\/\/apuntesdesanluis.com\/wp-content\/uploads\/2024\/11\/POGGI-3.png",667,431,false],"thumbnail":["https:\/\/apuntesdesanluis.com\/wp-content\/uploads\/2024\/11\/POGGI-3-150x150.png",150,150,true],"medium":["https:\/\/apuntesdesanluis.com\/wp-content\/uploads\/2024\/11\/POGGI-3-300x194.png",300,194,true],"medium_large":["https:\/\/apuntesdesanluis.com\/wp-content\/uploads\/2024\/11\/POGGI-3.png",640,414,false],"large":["https:\/\/apuntesdesanluis.com\/wp-content\/uploads\/2024\/11\/POGGI-3.png",640,414,false],"1536x1536":["https:\/\/apuntesdesanluis.com\/wp-content\/uploads\/2024\/11\/POGGI-3.png",667,431,false],"2048x2048":["https:\/\/apuntesdesanluis.com\/wp-content\/uploads\/2024\/11\/POGGI-3.png",667,431,false],"newsever-slider-full":["https:\/\/apuntesdesanluis.com\/wp-content\/uploads\/2024\/11\/POGGI-3.png",667,431,false],"newsever-featured":["https:\/\/apuntesdesanluis.com\/wp-content\/uploads\/2024\/11\/POGGI-3.png",667,431,false],"newsever-medium":["https:\/\/apuntesdesanluis.com\/wp-content\/uploads\/2024\/11\/POGGI-3.png",667,431,false]},"author_info":{"display_name":"apuntesdesanluis.com","author_link":"https:\/\/apuntesdesanluis.com\/index.php\/author\/apuntesdesanluis-com\/"},"category_info":"<a href=\"https:\/\/apuntesdesanluis.com\/index.php\/category\/ciudad-provincia\/\" rel=\"category tag\">Ciudad\/Provincia<\/a>","tag_info":"Ciudad\/Provincia","comment_count":"0","_links":{"self":[{"href":"https:\/\/apuntesdesanluis.com\/index.php\/wp-json\/wp\/v2\/posts\/25846","targetHints":{"allow":["GET"]}}],"collection":[{"href":"https:\/\/apuntesdesanluis.com\/index.php\/wp-json\/wp\/v2\/posts"}],"about":[{"href":"https:\/\/apuntesdesanluis.com\/index.php\/wp-json\/wp\/v2\/types\/post"}],"author":[{"embeddable":true,"href":"https:\/\/apuntesdesanluis.com\/index.php\/wp-json\/wp\/v2\/users\/1"}],"replies":[{"embeddable":true,"href":"https:\/\/apuntesdesanluis.com\/index.php\/wp-json\/wp\/v2\/comments?post=25846"}],"version-history":[{"count":1,"href":"https:\/\/apuntesdesanluis.com\/index.php\/wp-json\/wp\/v2\/posts\/25846\/revisions"}],"predecessor-version":[{"id":25849,"href":"https:\/\/apuntesdesanluis.com\/index.php\/wp-json\/wp\/v2\/posts\/25846\/revisions\/25849"}],"wp:featuredmedia":[{"embeddable":true,"href":"https:\/\/apuntesdesanluis.com\/index.php\/wp-json\/wp\/v2\/media\/25848"}],"wp:attachment":[{"href":"https:\/\/apuntesdesanluis.com\/index.php\/wp-json\/wp\/v2\/media?parent=25846"}],"wp:term":[{"taxonomy":"category","embeddable":true,"href":"https:\/\/apuntesdesanluis.com\/index.php\/wp-json\/wp\/v2\/categories?post=25846"},{"taxonomy":"post_tag","embeddable":true,"href":"https:\/\/apuntesdesanluis.com\/index.php\/wp-json\/wp\/v2\/tags?post=25846"}],"curies":[{"name":"wp","href":"https:\/\/api.w.org\/{rel}","templated":true}]}}