{"id":25850,"date":"2024-11-26T23:40:24","date_gmt":"2024-11-27T02:40:24","guid":{"rendered":"https:\/\/apuntesdesanluis.com\/?p=25850"},"modified":"2024-11-26T23:48:51","modified_gmt":"2024-11-27T02:48:51","slug":"la-abu-se-fue-a-timbear-y-su-nietita-se-perdio-en-el-centro-de-san-luis","status":"publish","type":"post","link":"https:\/\/apuntesdesanluis.com\/index.php\/2024\/11\/26\/la-abu-se-fue-a-timbear-y-su-nietita-se-perdio-en-el-centro-de-san-luis\/","title":{"rendered":"LA ABU SE FUE A TIMBEAR Y SU NIETITA SE PERDI\u00d3 EN EL CENTRO DE SAN LUIS"},"content":{"rendered":"<h3>Esa es la conclusi\u00f3n que se desprende de lo ocurrido este martes, cuando la polic\u00eda dio a conocer que hab\u00eda encontrado a una nena de entre 2 y 4 a\u00f1os, sola y perdida, caminando por el centro de la ciudad de San Luis.<\/h3>\n<h3>Efectivos policiales fueron advertidos por algunos transeuntes sobre la nena, que circulaba por la peatonal Rivadavia, aproximadamente a las 13 horas. Ante esa situaci\u00f3n fue retenida y puesta a disposici\u00f3n de la CANAF para el resguardo de la menor, cumpliendo los protocolos correspondientes.<\/h3>\n<h3>Lo extra\u00f1o es que no se hab\u00eda recibido ninguna solicitud en dependencia policial de la provincia sobre la b\u00fasqueda de la menor. Tampoco existi\u00f3 dentro del cerrojo que realiz\u00f3 la polic\u00eda en el momento de encontrar a la ni\u00f1a alguien que reclamara por ella.<\/h3>\n<h3>Por esa raz\u00f3n la polic\u00eda dio a conocer que la menor vest\u00eda una remera musculosa rosa con el personaje de la Gatita Kitty con un mo\u00f1o rosa, una calza gris estampada con colores verdes, zapatilla con abrojos blanca. Es de tez trigue\u00f1a, pelo color negro, largo y con flequillo. Aproximadamente tiene entre 3 a 4 a\u00f1os. Con esos datos, se esperaba que alguien pudiera dar alguna informaci\u00f3n para ent regarla a sus familiares.<\/h3>\n<h3><img fetchpriority=\"high\" decoding=\"async\" class=\"wp-image-25851 aligncenter\" src=\"https:\/\/apuntesdesanluis.com\/wp-content\/uploads\/2024\/11\/Imagen-de-WhatsApp-2024-11-26-a-las-17.35.53_b40bf8a1-169x300.jpg\" alt=\"\" width=\"447\" height=\"793\" srcset=\"https:\/\/apuntesdesanluis.com\/wp-content\/uploads\/2024\/11\/Imagen-de-WhatsApp-2024-11-26-a-las-17.35.53_b40bf8a1-169x300.jpg 169w, https:\/\/apuntesdesanluis.com\/wp-content\/uploads\/2024\/11\/Imagen-de-WhatsApp-2024-11-26-a-las-17.35.53_b40bf8a1-577x1024.jpg 577w, https:\/\/apuntesdesanluis.com\/wp-content\/uploads\/2024\/11\/Imagen-de-WhatsApp-2024-11-26-a-las-17.35.53_b40bf8a1.jpg 700w\" sizes=\"(max-width: 447px) 100vw, 447px\" \/><\/h3>\n<h3>La polic\u00eda, en ese momento, se resist\u00eda \u2013 por protocolo \u2013 a dar a conocer la imagen del rostro de la nena.<\/h3>\n<h3>Paralelamente, desde la CANAF se inform\u00f3 que se encontraba bien, contenida y que la menor solo pudo expresar cuando consultaron su nombre llamarse Tizi.<\/h3>\n<h3>Desde la Jefatura Central informaron que se llevaba adelante una investigaci\u00f3n junto con c\u00e1maras de seguridad y que pudieron observar a una mujer mayor a los 60 a\u00f1os de edad que caminaba con dificultad y que guiaba a la menor pero no se pudo dar con ella.<\/h3>\n<h3>Por esas horas, se movilizaba a una gran cantidad de efectivos policiales, los medios replicaban la noticia y las redes ard\u00edan, todos intentando colaborar con la b\u00fasqueda de los familiares de la nena.<\/h3>\n<h3>Tomaba intervenci\u00f3n en el hecho el Juzgado de Familia, Ni\u00f1ez, Adolescencia y Violencia N\u00b0 4, a cargo de la Dra. <strong>Alejandra Ponce Navelino<\/strong>, quien con buen tino autoriz\u00f3 que se difundiera la imagen del rostro de la menor.<\/h3>\n<h3><img decoding=\"async\" class=\"wp-image-25852 aligncenter\" src=\"https:\/\/apuntesdesanluis.com\/wp-content\/uploads\/2024\/11\/Imagen-de-WhatsApp-2024-11-26-a-las-18.33.37_acecc7b2-188x300.jpg\" alt=\"\" width=\"457\" height=\"729\" srcset=\"https:\/\/apuntesdesanluis.com\/wp-content\/uploads\/2024\/11\/Imagen-de-WhatsApp-2024-11-26-a-las-18.33.37_acecc7b2-188x300.jpg 188w, https:\/\/apuntesdesanluis.com\/wp-content\/uploads\/2024\/11\/Imagen-de-WhatsApp-2024-11-26-a-las-18.33.37_acecc7b2-643x1024.jpg 643w, https:\/\/apuntesdesanluis.com\/wp-content\/uploads\/2024\/11\/Imagen-de-WhatsApp-2024-11-26-a-las-18.33.37_acecc7b2.jpg 700w\" sizes=\"(max-width: 457px) 100vw, 457px\" \/><\/h3>\n<h3><strong>ALIVIO<\/strong><\/h3>\n<h3>Seis horas despu\u00e9s, reci\u00e9n a las 19:00 h, se inform\u00f3 que personal policial de CANAF pudo dar con una mujer que se encontraba dentro de un local de juegos varios, entre ellos de apuestas, ubicado entre las calles Belgrano y Ayacucho sobre peatonal Rivadavia.<\/h3>\n<h3>La misma tendr\u00eda similitud a la mujer que se pudo observar en las c\u00e1maras de seguridad que caminaba por la zona c\u00e9ntrica con la menor que fue encontrada y resguardada por la polic\u00eda desde la hora 13 aproximadamente.<\/h3>\n<h3>Al ser interrogada, la mujer mayor de edad dijo ser la abuela paterna de la menor, que estaba bajo su &#8220;cuidado&#8221;, aunque no pudo acreditar esa relaci\u00f3n.<\/h3>\n<h3>\u201cCANAF espera en dependencia policial a quienes ser\u00edan los progenitores, en un primer momento, la madre de la menor, con el fin de ponerla en conocimiento de lo sucedido y ponerla a disposici\u00f3n del Juzgado del Menor interviniente\u201d, cerr\u00f3 la informaci\u00f3n policial, dando a entender la poca confianza que les dispensaba la abuela, supuesta cuidadora de la menor.<\/h3>\n<h3><strong>CONFERENCIA<\/strong><\/h3>\n<h3>En horas de la noche, se inform\u00f3 que este mi\u00e9rcoles 27 a las 9.10 horas se realizar\u00e1 en el hall de ingreso de la Jefatura Central una conferencia de prensa a cargo de la Directora de la Direcci\u00f3n General de Ni\u00f1ez Adolescencia y Familia, Crio Mayor Anal\u00eda Lucero.<\/h3>\n<h3>El motivo ser\u00e1 brindar detalles de la intervenci\u00f3n realizada por la Polic\u00eda respecto al caso de la menor que fue fue encontrada sola y perdida en la zona c\u00e9ntrica de la ciudad de San Luis.<\/h3>\n<p>&nbsp;<\/p>\n<p>&nbsp;<\/p>\n<p>&nbsp;<\/p>\n<p>&nbsp;<\/p>\n<p>&nbsp;<\/p>\n<p>&nbsp;<\/p>\n","protected":false},"excerpt":{"rendered":"<p>Esa es la conclusi\u00f3n que se desprende de lo ocurrido este martes, cuando la polic\u00eda&#8230;<\/p>\n","protected":false},"author":1,"featured_media":25855,"comment_status":"closed","ping_status":"closed","sticky":false,"template":"","format":"standard","meta":{"footnotes":""},"categories":[6],"tags":[],"class_list":["post-25850","post","type-post","status-publish","format-standard","has-post-thumbnail","hentry","category-ciudad-provincia"],"yoast_head":"<!-- This site is optimized with the Yoast SEO plugin v26.1.1 - https:\/\/yoast.com\/wordpress\/plugins\/seo\/ -->\n<title>LA ABU SE FUE A TIMBEAR Y SU NIETITA SE PERDI\u00d3 EN EL CENTRO DE SAN LUIS - Apuntes de San Luis<\/title>\n<meta name=\"robots\" content=\"index, follow, max-snippet:-1, max-image-preview:large, max-video-preview:-1\" \/>\n<link rel=\"canonical\" href=\"https:\/\/apuntesdesanluis.com\/index.php\/2024\/11\/26\/la-abu-se-fue-a-timbear-y-su-nietita-se-perdio-en-el-centro-de-san-luis\/\" \/>\n<meta property=\"og:locale\" content=\"es_ES\" \/>\n<meta property=\"og:type\" content=\"article\" \/>\n<meta property=\"og:title\" content=\"LA ABU SE FUE A TIMBEAR Y SU NIETITA SE PERDI\u00d3 EN EL CENTRO DE SAN LUIS - Apuntes de San Luis\" \/>\n<meta property=\"og:description\" content=\"Esa es la conclusi\u00f3n que se desprende de lo ocurrido este martes, cuando la polic\u00eda...\" \/>\n<meta property=\"og:url\" content=\"https:\/\/apuntesdesanluis.com\/index.php\/2024\/11\/26\/la-abu-se-fue-a-timbear-y-su-nietita-se-perdio-en-el-centro-de-san-luis\/\" \/>\n<meta property=\"og:site_name\" content=\"Apuntes de San Luis\" \/>\n<meta property=\"article:published_time\" content=\"2024-11-27T02:40:24+00:00\" \/>\n<meta property=\"article:modified_time\" content=\"2024-11-27T02:48:51+00:00\" \/>\n<meta property=\"og:image\" content=\"https:\/\/apuntesdesanluis.com\/wp-content\/uploads\/2024\/11\/peatonal.png\" \/>\n\t<meta property=\"og:image:width\" content=\"800\" \/>\n\t<meta property=\"og:image:height\" content=\"428\" \/>\n\t<meta property=\"og:image:type\" content=\"image\/png\" \/>\n<meta name=\"author\" content=\"apuntesdesanluis.com\" \/>\n<meta name=\"twitter:card\" content=\"summary_large_image\" \/>\n<meta name=\"twitter:label1\" content=\"Escrito por\" \/>\n\t<meta name=\"twitter:data1\" content=\"apuntesdesanluis.com\" \/>\n\t<meta name=\"twitter:label2\" content=\"Tiempo de lectura\" \/>\n\t<meta name=\"twitter:data2\" content=\"4 minutos\" \/>\n<script type=\"application\/ld+json\" class=\"yoast-schema-graph\">{\"@context\":\"https:\/\/schema.org\",\"@graph\":[{\"@type\":\"Article\",\"@id\":\"https:\/\/apuntesdesanluis.com\/index.php\/2024\/11\/26\/la-abu-se-fue-a-timbear-y-su-nietita-se-perdio-en-el-centro-de-san-luis\/#article\",\"isPartOf\":{\"@id\":\"https:\/\/apuntesdesanluis.com\/index.php\/2024\/11\/26\/la-abu-se-fue-a-timbear-y-su-nietita-se-perdio-en-el-centro-de-san-luis\/\"},\"author\":{\"name\":\"apuntesdesanluis.com\",\"@id\":\"https:\/\/apuntesdesanluis.com\/#\/schema\/person\/b55151d52296fcce64d1a72538a70b90\"},\"headline\":\"LA ABU SE FUE A TIMBEAR Y SU NIETITA SE PERDI\u00d3 EN EL CENTRO DE SAN LUIS\",\"datePublished\":\"2024-11-27T02:40:24+00:00\",\"dateModified\":\"2024-11-27T02:48:51+00:00\",\"mainEntityOfPage\":{\"@id\":\"https:\/\/apuntesdesanluis.com\/index.php\/2024\/11\/26\/la-abu-se-fue-a-timbear-y-su-nietita-se-perdio-en-el-centro-de-san-luis\/\"},\"wordCount\":673,\"publisher\":{\"@id\":\"https:\/\/apuntesdesanluis.com\/#\/schema\/person\/b55151d52296fcce64d1a72538a70b90\"},\"image\":{\"@id\":\"https:\/\/apuntesdesanluis.com\/index.php\/2024\/11\/26\/la-abu-se-fue-a-timbear-y-su-nietita-se-perdio-en-el-centro-de-san-luis\/#primaryimage\"},\"thumbnailUrl\":\"https:\/\/apuntesdesanluis.com\/wp-content\/uploads\/2024\/11\/peatonal.png\",\"articleSection\":[\"Ciudad\/Provincia\"],\"inLanguage\":\"es-AR\"},{\"@type\":\"WebPage\",\"@id\":\"https:\/\/apuntesdesanluis.com\/index.php\/2024\/11\/26\/la-abu-se-fue-a-timbear-y-su-nietita-se-perdio-en-el-centro-de-san-luis\/\",\"url\":\"https:\/\/apuntesdesanluis.com\/index.php\/2024\/11\/26\/la-abu-se-fue-a-timbear-y-su-nietita-se-perdio-en-el-centro-de-san-luis\/\",\"name\":\"LA ABU SE FUE A TIMBEAR Y SU NIETITA SE PERDI\u00d3 EN EL CENTRO DE SAN LUIS - Apuntes de San Luis\",\"isPartOf\":{\"@id\":\"https:\/\/apuntesdesanluis.com\/#website\"},\"primaryImageOfPage\":{\"@id\":\"https:\/\/apuntesdesanluis.com\/index.php\/2024\/11\/26\/la-abu-se-fue-a-timbear-y-su-nietita-se-perdio-en-el-centro-de-san-luis\/#primaryimage\"},\"image\":{\"@id\":\"https:\/\/apuntesdesanluis.com\/index.php\/2024\/11\/26\/la-abu-se-fue-a-timbear-y-su-nietita-se-perdio-en-el-centro-de-san-luis\/#primaryimage\"},\"thumbnailUrl\":\"https:\/\/apuntesdesanluis.com\/wp-content\/uploads\/2024\/11\/peatonal.png\",\"datePublished\":\"2024-11-27T02:40:24+00:00\",\"dateModified\":\"2024-11-27T02:48:51+00:00\",\"breadcrumb\":{\"@id\":\"https:\/\/apuntesdesanluis.com\/index.php\/2024\/11\/26\/la-abu-se-fue-a-timbear-y-su-nietita-se-perdio-en-el-centro-de-san-luis\/#breadcrumb\"},\"inLanguage\":\"es-AR\",\"potentialAction\":[{\"@type\":\"ReadAction\",\"target\":[\"https:\/\/apuntesdesanluis.com\/index.php\/2024\/11\/26\/la-abu-se-fue-a-timbear-y-su-nietita-se-perdio-en-el-centro-de-san-luis\/\"]}]},{\"@type\":\"ImageObject\",\"inLanguage\":\"es-AR\",\"@id\":\"https:\/\/apuntesdesanluis.com\/index.php\/2024\/11\/26\/la-abu-se-fue-a-timbear-y-su-nietita-se-perdio-en-el-centro-de-san-luis\/#primaryimage\",\"url\":\"https:\/\/apuntesdesanluis.com\/wp-content\/uploads\/2024\/11\/peatonal.png\",\"contentUrl\":\"https:\/\/apuntesdesanluis.com\/wp-content\/uploads\/2024\/11\/peatonal.png\",\"width\":800,\"height\":428},{\"@type\":\"BreadcrumbList\",\"@id\":\"https:\/\/apuntesdesanluis.com\/index.php\/2024\/11\/26\/la-abu-se-fue-a-timbear-y-su-nietita-se-perdio-en-el-centro-de-san-luis\/#breadcrumb\",\"itemListElement\":[{\"@type\":\"ListItem\",\"position\":1,\"name\":\"Inicio\",\"item\":\"https:\/\/apuntesdesanluis.com\/\"},{\"@type\":\"ListItem\",\"position\":2,\"name\":\"LA ABU SE FUE A TIMBEAR Y SU NIETITA SE PERDI\u00d3 EN EL CENTRO DE SAN LUIS\"}]},{\"@type\":\"WebSite\",\"@id\":\"https:\/\/apuntesdesanluis.com\/#website\",\"url\":\"https:\/\/apuntesdesanluis.com\/\",\"name\":\"Apuntes de San Luis\",\"description\":\"\",\"publisher\":{\"@id\":\"https:\/\/apuntesdesanluis.com\/#\/schema\/person\/b55151d52296fcce64d1a72538a70b90\"},\"potentialAction\":[{\"@type\":\"SearchAction\",\"target\":{\"@type\":\"EntryPoint\",\"urlTemplate\":\"https:\/\/apuntesdesanluis.com\/?s={search_term_string}\"},\"query-input\":{\"@type\":\"PropertyValueSpecification\",\"valueRequired\":true,\"valueName\":\"search_term_string\"}}],\"inLanguage\":\"es-AR\"},{\"@type\":[\"Person\",\"Organization\"],\"@id\":\"https:\/\/apuntesdesanluis.com\/#\/schema\/person\/b55151d52296fcce64d1a72538a70b90\",\"name\":\"apuntesdesanluis.com\",\"image\":{\"@type\":\"ImageObject\",\"inLanguage\":\"es-AR\",\"@id\":\"https:\/\/apuntesdesanluis.com\/#\/schema\/person\/image\/\",\"url\":\"https:\/\/apuntesdesanluis.com\/wp-content\/uploads\/2023\/07\/cropped-apuntesdesanluis.png\",\"contentUrl\":\"https:\/\/apuntesdesanluis.com\/wp-content\/uploads\/2023\/07\/cropped-apuntesdesanluis.png\",\"width\":450,\"height\":112,\"caption\":\"apuntesdesanluis.com\"},\"logo\":{\"@id\":\"https:\/\/apuntesdesanluis.com\/#\/schema\/person\/image\/\"},\"sameAs\":[\"https:\/\/apuntesdesanluis.com\"],\"url\":\"https:\/\/apuntesdesanluis.com\/index.php\/author\/apuntesdesanluis-com\/\"}]}<\/script>\n<!-- \/ Yoast SEO plugin. -->","yoast_head_json":{"title":"LA ABU SE FUE A TIMBEAR Y SU NIETITA SE PERDI\u00d3 EN EL CENTRO DE SAN LUIS - Apuntes de San Luis","robots":{"index":"index","follow":"follow","max-snippet":"max-snippet:-1","max-image-preview":"max-image-preview:large","max-video-preview":"max-video-preview:-1"},"canonical":"https:\/\/apuntesdesanluis.com\/index.php\/2024\/11\/26\/la-abu-se-fue-a-timbear-y-su-nietita-se-perdio-en-el-centro-de-san-luis\/","og_locale":"es_ES","og_type":"article","og_title":"LA ABU SE FUE A TIMBEAR Y SU NIETITA SE PERDI\u00d3 EN EL CENTRO DE SAN LUIS - Apuntes de San Luis","og_description":"Esa es la conclusi\u00f3n que se desprende de lo ocurrido este martes, cuando la polic\u00eda...","og_url":"https:\/\/apuntesdesanluis.com\/index.php\/2024\/11\/26\/la-abu-se-fue-a-timbear-y-su-nietita-se-perdio-en-el-centro-de-san-luis\/","og_site_name":"Apuntes de San Luis","article_published_time":"2024-11-27T02:40:24+00:00","article_modified_time":"2024-11-27T02:48:51+00:00","og_image":[{"width":800,"height":428,"url":"https:\/\/apuntesdesanluis.com\/wp-content\/uploads\/2024\/11\/peatonal.png","type":"image\/png"}],"author":"apuntesdesanluis.com","twitter_card":"summary_large_image","twitter_misc":{"Escrito por":"apuntesdesanluis.com","Tiempo de lectura":"4 minutos"},"schema":{"@context":"https:\/\/schema.org","@graph":[{"@type":"Article","@id":"https:\/\/apuntesdesanluis.com\/index.php\/2024\/11\/26\/la-abu-se-fue-a-timbear-y-su-nietita-se-perdio-en-el-centro-de-san-luis\/#article","isPartOf":{"@id":"https:\/\/apuntesdesanluis.com\/index.php\/2024\/11\/26\/la-abu-se-fue-a-timbear-y-su-nietita-se-perdio-en-el-centro-de-san-luis\/"},"author":{"name":"apuntesdesanluis.com","@id":"https:\/\/apuntesdesanluis.com\/#\/schema\/person\/b55151d52296fcce64d1a72538a70b90"},"headline":"LA ABU SE FUE A TIMBEAR Y SU NIETITA SE PERDI\u00d3 EN EL CENTRO DE SAN LUIS","datePublished":"2024-11-27T02:40:24+00:00","dateModified":"2024-11-27T02:48:51+00:00","mainEntityOfPage":{"@id":"https:\/\/apuntesdesanluis.com\/index.php\/2024\/11\/26\/la-abu-se-fue-a-timbear-y-su-nietita-se-perdio-en-el-centro-de-san-luis\/"},"wordCount":673,"publisher":{"@id":"https:\/\/apuntesdesanluis.com\/#\/schema\/person\/b55151d52296fcce64d1a72538a70b90"},"image":{"@id":"https:\/\/apuntesdesanluis.com\/index.php\/2024\/11\/26\/la-abu-se-fue-a-timbear-y-su-nietita-se-perdio-en-el-centro-de-san-luis\/#primaryimage"},"thumbnailUrl":"https:\/\/apuntesdesanluis.com\/wp-content\/uploads\/2024\/11\/peatonal.png","articleSection":["Ciudad\/Provincia"],"inLanguage":"es-AR"},{"@type":"WebPage","@id":"https:\/\/apuntesdesanluis.com\/index.php\/2024\/11\/26\/la-abu-se-fue-a-timbear-y-su-nietita-se-perdio-en-el-centro-de-san-luis\/","url":"https:\/\/apuntesdesanluis.com\/index.php\/2024\/11\/26\/la-abu-se-fue-a-timbear-y-su-nietita-se-perdio-en-el-centro-de-san-luis\/","name":"LA ABU SE FUE A TIMBEAR Y SU NIETITA SE PERDI\u00d3 EN EL CENTRO DE SAN LUIS - Apuntes de San Luis","isPartOf":{"@id":"https:\/\/apuntesdesanluis.com\/#website"},"primaryImageOfPage":{"@id":"https:\/\/apuntesdesanluis.com\/index.php\/2024\/11\/26\/la-abu-se-fue-a-timbear-y-su-nietita-se-perdio-en-el-centro-de-san-luis\/#primaryimage"},"image":{"@id":"https:\/\/apuntesdesanluis.com\/index.php\/2024\/11\/26\/la-abu-se-fue-a-timbear-y-su-nietita-se-perdio-en-el-centro-de-san-luis\/#primaryimage"},"thumbnailUrl":"https:\/\/apuntesdesanluis.com\/wp-content\/uploads\/2024\/11\/peatonal.png","datePublished":"2024-11-27T02:40:24+00:00","dateModified":"2024-11-27T02:48:51+00:00","breadcrumb":{"@id":"https:\/\/apuntesdesanluis.com\/index.php\/2024\/11\/26\/la-abu-se-fue-a-timbear-y-su-nietita-se-perdio-en-el-centro-de-san-luis\/#breadcrumb"},"inLanguage":"es-AR","potentialAction":[{"@type":"ReadAction","target":["https:\/\/apuntesdesanluis.com\/index.php\/2024\/11\/26\/la-abu-se-fue-a-timbear-y-su-nietita-se-perdio-en-el-centro-de-san-luis\/"]}]},{"@type":"ImageObject","inLanguage":"es-AR","@id":"https:\/\/apuntesdesanluis.com\/index.php\/2024\/11\/26\/la-abu-se-fue-a-timbear-y-su-nietita-se-perdio-en-el-centro-de-san-luis\/#primaryimage","url":"https:\/\/apuntesdesanluis.com\/wp-content\/uploads\/2024\/11\/peatonal.png","contentUrl":"https:\/\/apuntesdesanluis.com\/wp-content\/uploads\/2024\/11\/peatonal.png","width":800,"height":428},{"@type":"BreadcrumbList","@id":"https:\/\/apuntesdesanluis.com\/index.php\/2024\/11\/26\/la-abu-se-fue-a-timbear-y-su-nietita-se-perdio-en-el-centro-de-san-luis\/#breadcrumb","itemListElement":[{"@type":"ListItem","position":1,"name":"Inicio","item":"https:\/\/apuntesdesanluis.com\/"},{"@type":"ListItem","position":2,"name":"LA ABU SE FUE A TIMBEAR Y SU NIETITA SE PERDI\u00d3 EN EL CENTRO DE SAN LUIS"}]},{"@type":"WebSite","@id":"https:\/\/apuntesdesanluis.com\/#website","url":"https:\/\/apuntesdesanluis.com\/","name":"Apuntes de San Luis","description":"","publisher":{"@id":"https:\/\/apuntesdesanluis.com\/#\/schema\/person\/b55151d52296fcce64d1a72538a70b90"},"potentialAction":[{"@type":"SearchAction","target":{"@type":"EntryPoint","urlTemplate":"https:\/\/apuntesdesanluis.com\/?s={search_term_string}"},"query-input":{"@type":"PropertyValueSpecification","valueRequired":true,"valueName":"search_term_string"}}],"inLanguage":"es-AR"},{"@type":["Person","Organization"],"@id":"https:\/\/apuntesdesanluis.com\/#\/schema\/person\/b55151d52296fcce64d1a72538a70b90","name":"apuntesdesanluis.com","image":{"@type":"ImageObject","inLanguage":"es-AR","@id":"https:\/\/apuntesdesanluis.com\/#\/schema\/person\/image\/","url":"https:\/\/apuntesdesanluis.com\/wp-content\/uploads\/2023\/07\/cropped-apuntesdesanluis.png","contentUrl":"https:\/\/apuntesdesanluis.com\/wp-content\/uploads\/2023\/07\/cropped-apuntesdesanluis.png","width":450,"height":112,"caption":"apuntesdesanluis.com"},"logo":{"@id":"https:\/\/apuntesdesanluis.com\/#\/schema\/person\/image\/"},"sameAs":["https:\/\/apuntesdesanluis.com"],"url":"https:\/\/apuntesdesanluis.com\/index.php\/author\/apuntesdesanluis-com\/"}]}},"featured_image_urls":{"full":["https:\/\/apuntesdesanluis.com\/wp-content\/uploads\/2024\/11\/peatonal.png",800,428,false],"thumbnail":["https:\/\/apuntesdesanluis.com\/wp-content\/uploads\/2024\/11\/peatonal-150x150.png",150,150,true],"medium":["https:\/\/apuntesdesanluis.com\/wp-content\/uploads\/2024\/11\/peatonal-300x161.png",300,161,true],"medium_large":["https:\/\/apuntesdesanluis.com\/wp-content\/uploads\/2024\/11\/peatonal-768x411.png",640,343,true],"large":["https:\/\/apuntesdesanluis.com\/wp-content\/uploads\/2024\/11\/peatonal.png",640,342,false],"1536x1536":["https:\/\/apuntesdesanluis.com\/wp-content\/uploads\/2024\/11\/peatonal.png",800,428,false],"2048x2048":["https:\/\/apuntesdesanluis.com\/wp-content\/uploads\/2024\/11\/peatonal.png",800,428,false],"newsever-slider-full":["https:\/\/apuntesdesanluis.com\/wp-content\/uploads\/2024\/11\/peatonal.png",800,428,false],"newsever-featured":["https:\/\/apuntesdesanluis.com\/wp-content\/uploads\/2024\/11\/peatonal.png",800,428,false],"newsever-medium":["https:\/\/apuntesdesanluis.com\/wp-content\/uploads\/2024\/11\/peatonal-720x428.png",720,428,true]},"author_info":{"display_name":"apuntesdesanluis.com","author_link":"https:\/\/apuntesdesanluis.com\/index.php\/author\/apuntesdesanluis-com\/"},"category_info":"<a href=\"https:\/\/apuntesdesanluis.com\/index.php\/category\/ciudad-provincia\/\" rel=\"category tag\">Ciudad\/Provincia<\/a>","tag_info":"Ciudad\/Provincia","comment_count":"0","_links":{"self":[{"href":"https:\/\/apuntesdesanluis.com\/index.php\/wp-json\/wp\/v2\/posts\/25850","targetHints":{"allow":["GET"]}}],"collection":[{"href":"https:\/\/apuntesdesanluis.com\/index.php\/wp-json\/wp\/v2\/posts"}],"about":[{"href":"https:\/\/apuntesdesanluis.com\/index.php\/wp-json\/wp\/v2\/types\/post"}],"author":[{"embeddable":true,"href":"https:\/\/apuntesdesanluis.com\/index.php\/wp-json\/wp\/v2\/users\/1"}],"replies":[{"embeddable":true,"href":"https:\/\/apuntesdesanluis.com\/index.php\/wp-json\/wp\/v2\/comments?post=25850"}],"version-history":[{"count":6,"href":"https:\/\/apuntesdesanluis.com\/index.php\/wp-json\/wp\/v2\/posts\/25850\/revisions"}],"predecessor-version":[{"id":25859,"href":"https:\/\/apuntesdesanluis.com\/index.php\/wp-json\/wp\/v2\/posts\/25850\/revisions\/25859"}],"wp:featuredmedia":[{"embeddable":true,"href":"https:\/\/apuntesdesanluis.com\/index.php\/wp-json\/wp\/v2\/media\/25855"}],"wp:attachment":[{"href":"https:\/\/apuntesdesanluis.com\/index.php\/wp-json\/wp\/v2\/media?parent=25850"}],"wp:term":[{"taxonomy":"category","embeddable":true,"href":"https:\/\/apuntesdesanluis.com\/index.php\/wp-json\/wp\/v2\/categories?post=25850"},{"taxonomy":"post_tag","embeddable":true,"href":"https:\/\/apuntesdesanluis.com\/index.php\/wp-json\/wp\/v2\/tags?post=25850"}],"curies":[{"name":"wp","href":"https:\/\/api.w.org\/{rel}","templated":true}]}}