{"id":25860,"date":"2024-11-27T18:18:04","date_gmt":"2024-11-27T21:18:04","guid":{"rendered":"https:\/\/apuntesdesanluis.com\/?p=25860"},"modified":"2024-11-27T18:18:18","modified_gmt":"2024-11-27T21:18:18","slug":"quedo-detenido-por-intentar-robar-en-dos-casas-y-provocar-danos-a-movil-policial","status":"publish","type":"post","link":"https:\/\/apuntesdesanluis.com\/index.php\/2024\/11\/27\/quedo-detenido-por-intentar-robar-en-dos-casas-y-provocar-danos-a-movil-policial\/","title":{"rendered":"QUED\u00d3 DETENIDO POR INTENTAR ROBAR EN DOS CASAS Y PROVOCAR DA\u00d1OS A M\u00d3VIL POLICIAL"},"content":{"rendered":"<h3>En la ma\u00f1ana de este mi\u00e9rcoles se desarroll\u00f3 la audiencia de formulaci\u00f3n de cargos en el Juzgado de Garant\u00edas N\u00ba 4.<\/h3>\n<h3>Este viernes, se realiz\u00f3 una audiencia en donde formularon cargos\u00a0 a un hombre por un\u00a0 hecho ocurrido el 26 de noviembre, en Villa Mercedes.<\/h3>\n<h3>El Ministerio P\u00fablico Fiscal\u00a0 \u2013 representado por la Dra. Julieta Moyano, Fiscal Adjunta \u2013 relat\u00f3 que, aproximadamente a las 4:10 A.M., en un domicilio de la calle Italia al 2000, el propietario se encontraba descansando cuando escuch\u00f3 un ruido extra\u00f1o dentro de la vivienda. En esa oportunidad, se levant\u00f3 y encontr\u00f3 al imputado, quien se dio a la fuga. Al salir al patio de la vivienda, not\u00f3 que se encontraba un televisor listo para ser llevado, explic\u00f3 la Fiscal. El damnificado lo persigui\u00f3 a lo largo de unas cuadras.<\/h3>\n<h3>Fue en esa oportunidad que el imputado ingres\u00f3 en otro domicilio, desde donde tambi\u00e9n fue perseguido por la propietaria, hasta finalmente ser aprehendido por personal policial.<\/h3>\n<h3>Cabe destacar que ambos damnificados describieron a la polic\u00eda las caracter\u00edsticas del hombre que hab\u00eda ingresado a las viviendas.<\/h3>\n<h3>Luego de haber sido aprehendido por personal policial el hombre fue trasladado al Policl\u00ednico donde le realizaron la revisaci\u00f3n medica habitual y al salir de all\u00ed, cuando era trasladado en el patrullero a la dependencia policial, rompi\u00f3 uno de los vidrios traseros del m\u00f3vil.<\/h3>\n<h3>Fiscal\u00eda mencion\u00f3 la evidencia incorporada al legajo y formul\u00f3 cargos por\u00a0 los delitos de hurto simple en grado de tentativa, violaci\u00f3n de domicilio y da\u00f1os a bienes del estado, en concurso real.<\/h3>\n<h3>En tanto la Defensa \u2013 ejercida por las Dras. Cecilia Mithiaux y Noelia Paez \u2013 solicit\u00f3 la pr\u00f3rroga de la detenci\u00f3n prevista en el Art. 40 de la Constituci\u00f3n Provincial, a los fines de presentar su teor\u00eda del caso y de evaluar una forma alternativa de resoluci\u00f3n del conflicto.<\/h3>\n<h3>Luego de escuchar a las partes, el Dr. Santiago Ortiz \u2013 Juez de Garant\u00eda N\u00ba 4 de la Segunda Circunscripci\u00f3n Judicial \u2013 tuvo por admitida la formulaci\u00f3n de cargos en los t\u00e9rminos solicitados por el Ministerio P\u00fablico Fiscal y concedi\u00f3 la pr\u00f3rroga de detenci\u00f3n solicitada por la Defensa, fijando una nueva audiencia para el pr\u00f3ximo 5 de diciembre cuando se definir\u00e1 la situaci\u00f3n procesal del imputado.<\/h3>\n<h3>Asimismo, atento lo manifestado por el imputado durante la audiencia, orden\u00f3 que el mismo reciba atenci\u00f3n m\u00e9dica a los fines de administrarle la medicaci\u00f3n que los profesionales estimaran pertinente\u00a0 en atenci\u00f3n al referido estado de salud.<\/h3>\n<p>&nbsp;<\/p>\n<p>&nbsp;<\/p>\n<p>&nbsp;<\/p>\n","protected":false},"excerpt":{"rendered":"<p>En la ma\u00f1ana de este mi\u00e9rcoles se desarroll\u00f3 la audiencia de formulaci\u00f3n de cargos en&#8230;<\/p>\n","protected":false},"author":1,"featured_media":25861,"comment_status":"closed","ping_status":"closed","sticky":false,"template":"","format":"standard","meta":{"footnotes":""},"categories":[6],"tags":[],"class_list":["post-25860","post","type-post","status-publish","format-standard","has-post-thumbnail","hentry","category-ciudad-provincia"],"yoast_head":"<!-- This site is optimized with the Yoast SEO plugin v26.1.1 - https:\/\/yoast.com\/wordpress\/plugins\/seo\/ -->\n<title>QUED\u00d3 DETENIDO POR INTENTAR ROBAR EN DOS CASAS Y PROVOCAR DA\u00d1OS A M\u00d3VIL POLICIAL - Apuntes de San Luis<\/title>\n<meta name=\"robots\" content=\"index, follow, max-snippet:-1, max-image-preview:large, max-video-preview:-1\" \/>\n<link rel=\"canonical\" href=\"https:\/\/apuntesdesanluis.com\/index.php\/2024\/11\/27\/quedo-detenido-por-intentar-robar-en-dos-casas-y-provocar-danos-a-movil-policial\/\" \/>\n<meta property=\"og:locale\" content=\"es_ES\" \/>\n<meta property=\"og:type\" content=\"article\" \/>\n<meta property=\"og:title\" content=\"QUED\u00d3 DETENIDO POR INTENTAR ROBAR EN DOS CASAS Y PROVOCAR DA\u00d1OS A M\u00d3VIL POLICIAL - Apuntes de San Luis\" \/>\n<meta property=\"og:description\" content=\"En la ma\u00f1ana de este mi\u00e9rcoles se desarroll\u00f3 la audiencia de formulaci\u00f3n de cargos en...\" \/>\n<meta property=\"og:url\" content=\"https:\/\/apuntesdesanluis.com\/index.php\/2024\/11\/27\/quedo-detenido-por-intentar-robar-en-dos-casas-y-provocar-danos-a-movil-policial\/\" \/>\n<meta property=\"og:site_name\" content=\"Apuntes de San Luis\" \/>\n<meta property=\"article:published_time\" content=\"2024-11-27T21:18:04+00:00\" \/>\n<meta property=\"article:modified_time\" content=\"2024-11-27T21:18:18+00:00\" \/>\n<meta property=\"og:image\" content=\"https:\/\/apuntesdesanluis.com\/wp-content\/uploads\/2024\/11\/DETENIDO-1.png\" \/>\n\t<meta property=\"og:image:width\" content=\"557\" \/>\n\t<meta property=\"og:image:height\" content=\"330\" \/>\n\t<meta property=\"og:image:type\" content=\"image\/png\" \/>\n<meta name=\"author\" content=\"apuntesdesanluis.com\" \/>\n<meta name=\"twitter:card\" content=\"summary_large_image\" \/>\n<meta name=\"twitter:label1\" content=\"Escrito por\" \/>\n\t<meta name=\"twitter:data1\" content=\"apuntesdesanluis.com\" \/>\n\t<meta name=\"twitter:label2\" content=\"Tiempo de lectura\" \/>\n\t<meta name=\"twitter:data2\" content=\"3 minutos\" \/>\n<script type=\"application\/ld+json\" class=\"yoast-schema-graph\">{\"@context\":\"https:\/\/schema.org\",\"@graph\":[{\"@type\":\"Article\",\"@id\":\"https:\/\/apuntesdesanluis.com\/index.php\/2024\/11\/27\/quedo-detenido-por-intentar-robar-en-dos-casas-y-provocar-danos-a-movil-policial\/#article\",\"isPartOf\":{\"@id\":\"https:\/\/apuntesdesanluis.com\/index.php\/2024\/11\/27\/quedo-detenido-por-intentar-robar-en-dos-casas-y-provocar-danos-a-movil-policial\/\"},\"author\":{\"name\":\"apuntesdesanluis.com\",\"@id\":\"https:\/\/apuntesdesanluis.com\/#\/schema\/person\/b55151d52296fcce64d1a72538a70b90\"},\"headline\":\"QUED\u00d3 DETENIDO POR INTENTAR ROBAR EN DOS CASAS Y PROVOCAR DA\u00d1OS A M\u00d3VIL POLICIAL\",\"datePublished\":\"2024-11-27T21:18:04+00:00\",\"dateModified\":\"2024-11-27T21:18:18+00:00\",\"mainEntityOfPage\":{\"@id\":\"https:\/\/apuntesdesanluis.com\/index.php\/2024\/11\/27\/quedo-detenido-por-intentar-robar-en-dos-casas-y-provocar-danos-a-movil-policial\/\"},\"wordCount\":447,\"publisher\":{\"@id\":\"https:\/\/apuntesdesanluis.com\/#\/schema\/person\/b55151d52296fcce64d1a72538a70b90\"},\"image\":{\"@id\":\"https:\/\/apuntesdesanluis.com\/index.php\/2024\/11\/27\/quedo-detenido-por-intentar-robar-en-dos-casas-y-provocar-danos-a-movil-policial\/#primaryimage\"},\"thumbnailUrl\":\"https:\/\/apuntesdesanluis.com\/wp-content\/uploads\/2024\/11\/DETENIDO-1.png\",\"articleSection\":[\"Ciudad\/Provincia\"],\"inLanguage\":\"es-AR\"},{\"@type\":\"WebPage\",\"@id\":\"https:\/\/apuntesdesanluis.com\/index.php\/2024\/11\/27\/quedo-detenido-por-intentar-robar-en-dos-casas-y-provocar-danos-a-movil-policial\/\",\"url\":\"https:\/\/apuntesdesanluis.com\/index.php\/2024\/11\/27\/quedo-detenido-por-intentar-robar-en-dos-casas-y-provocar-danos-a-movil-policial\/\",\"name\":\"QUED\u00d3 DETENIDO POR INTENTAR ROBAR EN DOS CASAS Y PROVOCAR DA\u00d1OS A M\u00d3VIL POLICIAL - Apuntes de San Luis\",\"isPartOf\":{\"@id\":\"https:\/\/apuntesdesanluis.com\/#website\"},\"primaryImageOfPage\":{\"@id\":\"https:\/\/apuntesdesanluis.com\/index.php\/2024\/11\/27\/quedo-detenido-por-intentar-robar-en-dos-casas-y-provocar-danos-a-movil-policial\/#primaryimage\"},\"image\":{\"@id\":\"https:\/\/apuntesdesanluis.com\/index.php\/2024\/11\/27\/quedo-detenido-por-intentar-robar-en-dos-casas-y-provocar-danos-a-movil-policial\/#primaryimage\"},\"thumbnailUrl\":\"https:\/\/apuntesdesanluis.com\/wp-content\/uploads\/2024\/11\/DETENIDO-1.png\",\"datePublished\":\"2024-11-27T21:18:04+00:00\",\"dateModified\":\"2024-11-27T21:18:18+00:00\",\"breadcrumb\":{\"@id\":\"https:\/\/apuntesdesanluis.com\/index.php\/2024\/11\/27\/quedo-detenido-por-intentar-robar-en-dos-casas-y-provocar-danos-a-movil-policial\/#breadcrumb\"},\"inLanguage\":\"es-AR\",\"potentialAction\":[{\"@type\":\"ReadAction\",\"target\":[\"https:\/\/apuntesdesanluis.com\/index.php\/2024\/11\/27\/quedo-detenido-por-intentar-robar-en-dos-casas-y-provocar-danos-a-movil-policial\/\"]}]},{\"@type\":\"ImageObject\",\"inLanguage\":\"es-AR\",\"@id\":\"https:\/\/apuntesdesanluis.com\/index.php\/2024\/11\/27\/quedo-detenido-por-intentar-robar-en-dos-casas-y-provocar-danos-a-movil-policial\/#primaryimage\",\"url\":\"https:\/\/apuntesdesanluis.com\/wp-content\/uploads\/2024\/11\/DETENIDO-1.png\",\"contentUrl\":\"https:\/\/apuntesdesanluis.com\/wp-content\/uploads\/2024\/11\/DETENIDO-1.png\",\"width\":557,\"height\":330},{\"@type\":\"BreadcrumbList\",\"@id\":\"https:\/\/apuntesdesanluis.com\/index.php\/2024\/11\/27\/quedo-detenido-por-intentar-robar-en-dos-casas-y-provocar-danos-a-movil-policial\/#breadcrumb\",\"itemListElement\":[{\"@type\":\"ListItem\",\"position\":1,\"name\":\"Inicio\",\"item\":\"https:\/\/apuntesdesanluis.com\/\"},{\"@type\":\"ListItem\",\"position\":2,\"name\":\"QUED\u00d3 DETENIDO POR INTENTAR ROBAR EN DOS CASAS Y PROVOCAR DA\u00d1OS A M\u00d3VIL POLICIAL\"}]},{\"@type\":\"WebSite\",\"@id\":\"https:\/\/apuntesdesanluis.com\/#website\",\"url\":\"https:\/\/apuntesdesanluis.com\/\",\"name\":\"Apuntes de San Luis\",\"description\":\"\",\"publisher\":{\"@id\":\"https:\/\/apuntesdesanluis.com\/#\/schema\/person\/b55151d52296fcce64d1a72538a70b90\"},\"potentialAction\":[{\"@type\":\"SearchAction\",\"target\":{\"@type\":\"EntryPoint\",\"urlTemplate\":\"https:\/\/apuntesdesanluis.com\/?s={search_term_string}\"},\"query-input\":{\"@type\":\"PropertyValueSpecification\",\"valueRequired\":true,\"valueName\":\"search_term_string\"}}],\"inLanguage\":\"es-AR\"},{\"@type\":[\"Person\",\"Organization\"],\"@id\":\"https:\/\/apuntesdesanluis.com\/#\/schema\/person\/b55151d52296fcce64d1a72538a70b90\",\"name\":\"apuntesdesanluis.com\",\"image\":{\"@type\":\"ImageObject\",\"inLanguage\":\"es-AR\",\"@id\":\"https:\/\/apuntesdesanluis.com\/#\/schema\/person\/image\/\",\"url\":\"https:\/\/apuntesdesanluis.com\/wp-content\/uploads\/2023\/07\/cropped-apuntesdesanluis.png\",\"contentUrl\":\"https:\/\/apuntesdesanluis.com\/wp-content\/uploads\/2023\/07\/cropped-apuntesdesanluis.png\",\"width\":450,\"height\":112,\"caption\":\"apuntesdesanluis.com\"},\"logo\":{\"@id\":\"https:\/\/apuntesdesanluis.com\/#\/schema\/person\/image\/\"},\"sameAs\":[\"https:\/\/apuntesdesanluis.com\"],\"url\":\"https:\/\/apuntesdesanluis.com\/index.php\/author\/apuntesdesanluis-com\/\"}]}<\/script>\n<!-- \/ Yoast SEO plugin. -->","yoast_head_json":{"title":"QUED\u00d3 DETENIDO POR INTENTAR ROBAR EN DOS CASAS Y PROVOCAR DA\u00d1OS A M\u00d3VIL POLICIAL - Apuntes de San Luis","robots":{"index":"index","follow":"follow","max-snippet":"max-snippet:-1","max-image-preview":"max-image-preview:large","max-video-preview":"max-video-preview:-1"},"canonical":"https:\/\/apuntesdesanluis.com\/index.php\/2024\/11\/27\/quedo-detenido-por-intentar-robar-en-dos-casas-y-provocar-danos-a-movil-policial\/","og_locale":"es_ES","og_type":"article","og_title":"QUED\u00d3 DETENIDO POR INTENTAR ROBAR EN DOS CASAS Y PROVOCAR DA\u00d1OS A M\u00d3VIL POLICIAL - Apuntes de San Luis","og_description":"En la ma\u00f1ana de este mi\u00e9rcoles se desarroll\u00f3 la audiencia de formulaci\u00f3n de cargos en...","og_url":"https:\/\/apuntesdesanluis.com\/index.php\/2024\/11\/27\/quedo-detenido-por-intentar-robar-en-dos-casas-y-provocar-danos-a-movil-policial\/","og_site_name":"Apuntes de San Luis","article_published_time":"2024-11-27T21:18:04+00:00","article_modified_time":"2024-11-27T21:18:18+00:00","og_image":[{"width":557,"height":330,"url":"https:\/\/apuntesdesanluis.com\/wp-content\/uploads\/2024\/11\/DETENIDO-1.png","type":"image\/png"}],"author":"apuntesdesanluis.com","twitter_card":"summary_large_image","twitter_misc":{"Escrito por":"apuntesdesanluis.com","Tiempo de lectura":"3 minutos"},"schema":{"@context":"https:\/\/schema.org","@graph":[{"@type":"Article","@id":"https:\/\/apuntesdesanluis.com\/index.php\/2024\/11\/27\/quedo-detenido-por-intentar-robar-en-dos-casas-y-provocar-danos-a-movil-policial\/#article","isPartOf":{"@id":"https:\/\/apuntesdesanluis.com\/index.php\/2024\/11\/27\/quedo-detenido-por-intentar-robar-en-dos-casas-y-provocar-danos-a-movil-policial\/"},"author":{"name":"apuntesdesanluis.com","@id":"https:\/\/apuntesdesanluis.com\/#\/schema\/person\/b55151d52296fcce64d1a72538a70b90"},"headline":"QUED\u00d3 DETENIDO POR INTENTAR ROBAR EN DOS CASAS Y PROVOCAR DA\u00d1OS A M\u00d3VIL POLICIAL","datePublished":"2024-11-27T21:18:04+00:00","dateModified":"2024-11-27T21:18:18+00:00","mainEntityOfPage":{"@id":"https:\/\/apuntesdesanluis.com\/index.php\/2024\/11\/27\/quedo-detenido-por-intentar-robar-en-dos-casas-y-provocar-danos-a-movil-policial\/"},"wordCount":447,"publisher":{"@id":"https:\/\/apuntesdesanluis.com\/#\/schema\/person\/b55151d52296fcce64d1a72538a70b90"},"image":{"@id":"https:\/\/apuntesdesanluis.com\/index.php\/2024\/11\/27\/quedo-detenido-por-intentar-robar-en-dos-casas-y-provocar-danos-a-movil-policial\/#primaryimage"},"thumbnailUrl":"https:\/\/apuntesdesanluis.com\/wp-content\/uploads\/2024\/11\/DETENIDO-1.png","articleSection":["Ciudad\/Provincia"],"inLanguage":"es-AR"},{"@type":"WebPage","@id":"https:\/\/apuntesdesanluis.com\/index.php\/2024\/11\/27\/quedo-detenido-por-intentar-robar-en-dos-casas-y-provocar-danos-a-movil-policial\/","url":"https:\/\/apuntesdesanluis.com\/index.php\/2024\/11\/27\/quedo-detenido-por-intentar-robar-en-dos-casas-y-provocar-danos-a-movil-policial\/","name":"QUED\u00d3 DETENIDO POR INTENTAR ROBAR EN DOS CASAS Y PROVOCAR DA\u00d1OS A M\u00d3VIL POLICIAL - Apuntes de San Luis","isPartOf":{"@id":"https:\/\/apuntesdesanluis.com\/#website"},"primaryImageOfPage":{"@id":"https:\/\/apuntesdesanluis.com\/index.php\/2024\/11\/27\/quedo-detenido-por-intentar-robar-en-dos-casas-y-provocar-danos-a-movil-policial\/#primaryimage"},"image":{"@id":"https:\/\/apuntesdesanluis.com\/index.php\/2024\/11\/27\/quedo-detenido-por-intentar-robar-en-dos-casas-y-provocar-danos-a-movil-policial\/#primaryimage"},"thumbnailUrl":"https:\/\/apuntesdesanluis.com\/wp-content\/uploads\/2024\/11\/DETENIDO-1.png","datePublished":"2024-11-27T21:18:04+00:00","dateModified":"2024-11-27T21:18:18+00:00","breadcrumb":{"@id":"https:\/\/apuntesdesanluis.com\/index.php\/2024\/11\/27\/quedo-detenido-por-intentar-robar-en-dos-casas-y-provocar-danos-a-movil-policial\/#breadcrumb"},"inLanguage":"es-AR","potentialAction":[{"@type":"ReadAction","target":["https:\/\/apuntesdesanluis.com\/index.php\/2024\/11\/27\/quedo-detenido-por-intentar-robar-en-dos-casas-y-provocar-danos-a-movil-policial\/"]}]},{"@type":"ImageObject","inLanguage":"es-AR","@id":"https:\/\/apuntesdesanluis.com\/index.php\/2024\/11\/27\/quedo-detenido-por-intentar-robar-en-dos-casas-y-provocar-danos-a-movil-policial\/#primaryimage","url":"https:\/\/apuntesdesanluis.com\/wp-content\/uploads\/2024\/11\/DETENIDO-1.png","contentUrl":"https:\/\/apuntesdesanluis.com\/wp-content\/uploads\/2024\/11\/DETENIDO-1.png","width":557,"height":330},{"@type":"BreadcrumbList","@id":"https:\/\/apuntesdesanluis.com\/index.php\/2024\/11\/27\/quedo-detenido-por-intentar-robar-en-dos-casas-y-provocar-danos-a-movil-policial\/#breadcrumb","itemListElement":[{"@type":"ListItem","position":1,"name":"Inicio","item":"https:\/\/apuntesdesanluis.com\/"},{"@type":"ListItem","position":2,"name":"QUED\u00d3 DETENIDO POR INTENTAR ROBAR EN DOS CASAS Y PROVOCAR DA\u00d1OS A M\u00d3VIL POLICIAL"}]},{"@type":"WebSite","@id":"https:\/\/apuntesdesanluis.com\/#website","url":"https:\/\/apuntesdesanluis.com\/","name":"Apuntes de San Luis","description":"","publisher":{"@id":"https:\/\/apuntesdesanluis.com\/#\/schema\/person\/b55151d52296fcce64d1a72538a70b90"},"potentialAction":[{"@type":"SearchAction","target":{"@type":"EntryPoint","urlTemplate":"https:\/\/apuntesdesanluis.com\/?s={search_term_string}"},"query-input":{"@type":"PropertyValueSpecification","valueRequired":true,"valueName":"search_term_string"}}],"inLanguage":"es-AR"},{"@type":["Person","Organization"],"@id":"https:\/\/apuntesdesanluis.com\/#\/schema\/person\/b55151d52296fcce64d1a72538a70b90","name":"apuntesdesanluis.com","image":{"@type":"ImageObject","inLanguage":"es-AR","@id":"https:\/\/apuntesdesanluis.com\/#\/schema\/person\/image\/","url":"https:\/\/apuntesdesanluis.com\/wp-content\/uploads\/2023\/07\/cropped-apuntesdesanluis.png","contentUrl":"https:\/\/apuntesdesanluis.com\/wp-content\/uploads\/2023\/07\/cropped-apuntesdesanluis.png","width":450,"height":112,"caption":"apuntesdesanluis.com"},"logo":{"@id":"https:\/\/apuntesdesanluis.com\/#\/schema\/person\/image\/"},"sameAs":["https:\/\/apuntesdesanluis.com"],"url":"https:\/\/apuntesdesanluis.com\/index.php\/author\/apuntesdesanluis-com\/"}]}},"featured_image_urls":{"full":["https:\/\/apuntesdesanluis.com\/wp-content\/uploads\/2024\/11\/DETENIDO-1.png",557,330,false],"thumbnail":["https:\/\/apuntesdesanluis.com\/wp-content\/uploads\/2024\/11\/DETENIDO-1-150x150.png",150,150,true],"medium":["https:\/\/apuntesdesanluis.com\/wp-content\/uploads\/2024\/11\/DETENIDO-1-300x178.png",300,178,true],"medium_large":["https:\/\/apuntesdesanluis.com\/wp-content\/uploads\/2024\/11\/DETENIDO-1.png",557,330,false],"large":["https:\/\/apuntesdesanluis.com\/wp-content\/uploads\/2024\/11\/DETENIDO-1.png",557,330,false],"1536x1536":["https:\/\/apuntesdesanluis.com\/wp-content\/uploads\/2024\/11\/DETENIDO-1.png",557,330,false],"2048x2048":["https:\/\/apuntesdesanluis.com\/wp-content\/uploads\/2024\/11\/DETENIDO-1.png",557,330,false],"newsever-slider-full":["https:\/\/apuntesdesanluis.com\/wp-content\/uploads\/2024\/11\/DETENIDO-1.png",557,330,false],"newsever-featured":["https:\/\/apuntesdesanluis.com\/wp-content\/uploads\/2024\/11\/DETENIDO-1.png",557,330,false],"newsever-medium":["https:\/\/apuntesdesanluis.com\/wp-content\/uploads\/2024\/11\/DETENIDO-1.png",557,330,false]},"author_info":{"display_name":"apuntesdesanluis.com","author_link":"https:\/\/apuntesdesanluis.com\/index.php\/author\/apuntesdesanluis-com\/"},"category_info":"<a href=\"https:\/\/apuntesdesanluis.com\/index.php\/category\/ciudad-provincia\/\" rel=\"category tag\">Ciudad\/Provincia<\/a>","tag_info":"Ciudad\/Provincia","comment_count":"0","_links":{"self":[{"href":"https:\/\/apuntesdesanluis.com\/index.php\/wp-json\/wp\/v2\/posts\/25860","targetHints":{"allow":["GET"]}}],"collection":[{"href":"https:\/\/apuntesdesanluis.com\/index.php\/wp-json\/wp\/v2\/posts"}],"about":[{"href":"https:\/\/apuntesdesanluis.com\/index.php\/wp-json\/wp\/v2\/types\/post"}],"author":[{"embeddable":true,"href":"https:\/\/apuntesdesanluis.com\/index.php\/wp-json\/wp\/v2\/users\/1"}],"replies":[{"embeddable":true,"href":"https:\/\/apuntesdesanluis.com\/index.php\/wp-json\/wp\/v2\/comments?post=25860"}],"version-history":[{"count":1,"href":"https:\/\/apuntesdesanluis.com\/index.php\/wp-json\/wp\/v2\/posts\/25860\/revisions"}],"predecessor-version":[{"id":25862,"href":"https:\/\/apuntesdesanluis.com\/index.php\/wp-json\/wp\/v2\/posts\/25860\/revisions\/25862"}],"wp:featuredmedia":[{"embeddable":true,"href":"https:\/\/apuntesdesanluis.com\/index.php\/wp-json\/wp\/v2\/media\/25861"}],"wp:attachment":[{"href":"https:\/\/apuntesdesanluis.com\/index.php\/wp-json\/wp\/v2\/media?parent=25860"}],"wp:term":[{"taxonomy":"category","embeddable":true,"href":"https:\/\/apuntesdesanluis.com\/index.php\/wp-json\/wp\/v2\/categories?post=25860"},{"taxonomy":"post_tag","embeddable":true,"href":"https:\/\/apuntesdesanluis.com\/index.php\/wp-json\/wp\/v2\/tags?post=25860"}],"curies":[{"name":"wp","href":"https:\/\/api.w.org\/{rel}","templated":true}]}}