{"id":25869,"date":"2024-11-27T18:43:25","date_gmt":"2024-11-27T21:43:25","guid":{"rendered":"https:\/\/apuntesdesanluis.com\/?p=25869"},"modified":"2024-11-27T19:18:51","modified_gmt":"2024-11-27T22:18:51","slug":"san-luis-ya-cuenta-un-consejo-provincial-de-personas-con-discapacidad","status":"publish","type":"post","link":"https:\/\/apuntesdesanluis.com\/index.php\/2024\/11\/27\/san-luis-ya-cuenta-un-consejo-provincial-de-personas-con-discapacidad\/","title":{"rendered":"SAN LUIS YA CUENTA CON UN CONSEJO PROVINCIAL DE PERSONAS CON DISCAPACIDAD"},"content":{"rendered":"<h3>Este mi\u00e9rcoles la C\u00e1mara de Diputados le dio sanci\u00f3n definitiva por unanimidad al proyecto de ley enviado por el Poder Ejecutivo, que propone la creaci\u00f3n del Consejo Provincial de Personas con Discapacidad (CoProDis). Este organismo trabajar\u00e1 con el Estado, la sociedad civil y los grupos de pertenencia para garantizar la plena inclusi\u00f3n de las personas con discapacidad, impulsando pol\u00edticas p\u00fablicas que eliminen barreras y promuevan oportunidades.<\/h3>\n<h3>El organismo estar\u00e1 integrado por representantes de ministerios, secretar\u00edas y direcciones gubernamentales, junto a padres, familiares, cuidadores y miembros de organizaciones civiles especializadas en la tem\u00e1tica, para coordinar acciones que fortalezcan la inclusi\u00f3n y la inserci\u00f3n socioeducativa, laboral y cultural de este grupo. Adem\u00e1s, podr\u00e1n invitar a personas f\u00edsicas o jur\u00eddicas, p\u00fablicas o privadas, a participar en reuniones para enriquecer el trabajo.<\/h3>\n<h3>La diputada <strong>Ver\u00f3nica Causi<\/strong> destac\u00f3 el trabajo del Gobierno desde que Claudio Poggi asumi\u00f3 el 10 de diciembre, resaltando que San Luis es la primera provincia del pa\u00eds en tener una secretar\u00eda con rango ministerial para personas con discapacidad. \u201cTanto durante la campa\u00f1a como en el gobierno, una de las pol\u00edticas de desarrollo primordiales ha sido la protecci\u00f3n de las personas con discapacidad. As\u00ed lo expres\u00f3 el Gobernador el 10 de diciembre y lo ratific\u00f3 el 1\u00b0 de abril en esta C\u00e1mara con la creaci\u00f3n del Consejo\u201d, se\u00f1al\u00f3.<\/h3>\n<h3><img fetchpriority=\"high\" decoding=\"async\" class=\"wp-image-25871 aligncenter\" src=\"https:\/\/apuntesdesanluis.com\/wp-content\/uploads\/2024\/11\/CAUSI-300x183.png\" alt=\"\" width=\"602\" height=\"367\" srcset=\"https:\/\/apuntesdesanluis.com\/wp-content\/uploads\/2024\/11\/CAUSI-300x183.png 300w, https:\/\/apuntesdesanluis.com\/wp-content\/uploads\/2024\/11\/CAUSI.png 552w\" sizes=\"(max-width: 602px) 100vw, 602px\" \/><\/h3>\n<h3>Adem\u00e1s, indic\u00f3 que la Secretar\u00eda se encuentra trabajando a diario en toda la provincia, llegando a cada pueblo y comisionado municipal con distintas pol\u00edticas de inclusi\u00f3n. \u201cFirmaron convenios para garantizar el cumplimiento del cupo laboral destinado a personas con discapacidad, establecido por ley en un 4% para organismos p\u00fablicos y privados. Estos convenios fueron firmados con distintos intendentes que, dejando de lado sus banderas pol\u00edticas, trabajaron en conjunto con la Secretar\u00eda\u201d, dijo la legisladora.<\/h3>\n<h3>\u201cTambi\u00e9n atendieron y dialogaron acerca de los problemas locales en cada pueblo para ofrecer soluciones espec\u00edficas a las personas con discapacidad, abarcando temas como accesibilidad, transporte y la gesti\u00f3n del Certificado \u00danico de Discapacidad (CUD), que en otros tiempos sol\u00eda demorar entre seis meses y un a\u00f1o, permitiendo que estas personas puedan acceder al documento esencial en un menor tiempo\u201d, finaliz\u00f3.<\/h3>\n<h3><strong>FUNCIONES<\/strong><\/h3>\n<h3>Una de las principales funciones de CoProDis ser\u00e1 generar espacios de encuentro y di\u00e1logo para el dise\u00f1o de pol\u00edticas p\u00fablicas que respondan a lo establecido en la Constituci\u00f3n Nacional, las leyes provinciales y la Convenci\u00f3n sobre los Derechos de las Personas con Discapacidad. Adem\u00e1s, promover\u00e1 el acceso a la informaci\u00f3n, impulsar\u00e1 acciones para garantizar la accesibilidad f\u00edsica, social y cultural y generar\u00e1 propuestas legislativas que fortalezcan sus derechos.<\/h3>\n<h3>Los miembros del Consejo se organizar\u00e1n en distintas comisiones: entre ellas se destacan la de inclusi\u00f3n laboral, accesibilidad a la salud, educaci\u00f3n y cultura, desarrollo humano y social, participaci\u00f3n comunitaria, observatorio de derechos, mejora de infraestructura y ambientes, deporte y gesti\u00f3n de sistemas de apoyo t\u00e9cnico y humano.<\/h3>\n<h3>El organismo trabajar\u00e1 para garantizar la participaci\u00f3n activa de la provincia en el Consejo Federal de Discapacidad, dependiente de la Agencia Nacional de Discapacidad, y promover\u00e1 la creaci\u00f3n de consejos municipales en cada localidad para trabajar de manera espec\u00edfica en las necesidades de las distintas comunidades.<\/h3>\n<p>&nbsp;<\/p>\n<p>&nbsp;<\/p>\n<p>&nbsp;<\/p>\n","protected":false},"excerpt":{"rendered":"<p>Este mi\u00e9rcoles la C\u00e1mara de Diputados le dio sanci\u00f3n definitiva por unanimidad al proyecto de&#8230;<\/p>\n","protected":false},"author":1,"featured_media":25870,"comment_status":"closed","ping_status":"closed","sticky":false,"template":"","format":"standard","meta":{"footnotes":""},"categories":[6],"tags":[],"class_list":["post-25869","post","type-post","status-publish","format-standard","has-post-thumbnail","hentry","category-ciudad-provincia"],"yoast_head":"<!-- This site is optimized with the Yoast SEO plugin v26.1.1 - https:\/\/yoast.com\/wordpress\/plugins\/seo\/ -->\n<title>SAN LUIS YA CUENTA CON UN CONSEJO PROVINCIAL DE PERSONAS CON DISCAPACIDAD - Apuntes de San Luis<\/title>\n<meta name=\"robots\" content=\"index, follow, max-snippet:-1, max-image-preview:large, max-video-preview:-1\" \/>\n<link rel=\"canonical\" href=\"https:\/\/apuntesdesanluis.com\/index.php\/2024\/11\/27\/san-luis-ya-cuenta-un-consejo-provincial-de-personas-con-discapacidad\/\" \/>\n<meta property=\"og:locale\" content=\"es_ES\" \/>\n<meta property=\"og:type\" content=\"article\" \/>\n<meta property=\"og:title\" content=\"SAN LUIS YA CUENTA CON UN CONSEJO PROVINCIAL DE PERSONAS CON DISCAPACIDAD - Apuntes de San Luis\" \/>\n<meta property=\"og:description\" content=\"Este mi\u00e9rcoles la C\u00e1mara de Diputados le dio sanci\u00f3n definitiva por unanimidad al proyecto de...\" \/>\n<meta property=\"og:url\" content=\"https:\/\/apuntesdesanluis.com\/index.php\/2024\/11\/27\/san-luis-ya-cuenta-un-consejo-provincial-de-personas-con-discapacidad\/\" \/>\n<meta property=\"og:site_name\" content=\"Apuntes de San Luis\" \/>\n<meta property=\"article:published_time\" content=\"2024-11-27T21:43:25+00:00\" \/>\n<meta property=\"article:modified_time\" content=\"2024-11-27T22:18:51+00:00\" \/>\n<meta property=\"og:image\" content=\"https:\/\/apuntesdesanluis.com\/wp-content\/uploads\/2024\/11\/DIPUTADOS-DE-SAN-LUIS.png\" \/>\n\t<meta property=\"og:image:width\" content=\"656\" \/>\n\t<meta property=\"og:image:height\" content=\"402\" \/>\n\t<meta property=\"og:image:type\" content=\"image\/png\" \/>\n<meta name=\"author\" content=\"apuntesdesanluis.com\" \/>\n<meta name=\"twitter:card\" content=\"summary_large_image\" \/>\n<meta name=\"twitter:label1\" content=\"Escrito por\" \/>\n\t<meta name=\"twitter:data1\" content=\"apuntesdesanluis.com\" \/>\n\t<meta name=\"twitter:label2\" content=\"Tiempo de lectura\" \/>\n\t<meta name=\"twitter:data2\" content=\"3 minutos\" \/>\n<script type=\"application\/ld+json\" class=\"yoast-schema-graph\">{\"@context\":\"https:\/\/schema.org\",\"@graph\":[{\"@type\":\"Article\",\"@id\":\"https:\/\/apuntesdesanluis.com\/index.php\/2024\/11\/27\/san-luis-ya-cuenta-un-consejo-provincial-de-personas-con-discapacidad\/#article\",\"isPartOf\":{\"@id\":\"https:\/\/apuntesdesanluis.com\/index.php\/2024\/11\/27\/san-luis-ya-cuenta-un-consejo-provincial-de-personas-con-discapacidad\/\"},\"author\":{\"name\":\"apuntesdesanluis.com\",\"@id\":\"https:\/\/apuntesdesanluis.com\/#\/schema\/person\/b55151d52296fcce64d1a72538a70b90\"},\"headline\":\"SAN LUIS YA CUENTA CON UN CONSEJO PROVINCIAL DE PERSONAS CON DISCAPACIDAD\",\"datePublished\":\"2024-11-27T21:43:25+00:00\",\"dateModified\":\"2024-11-27T22:18:51+00:00\",\"mainEntityOfPage\":{\"@id\":\"https:\/\/apuntesdesanluis.com\/index.php\/2024\/11\/27\/san-luis-ya-cuenta-un-consejo-provincial-de-personas-con-discapacidad\/\"},\"wordCount\":580,\"publisher\":{\"@id\":\"https:\/\/apuntesdesanluis.com\/#\/schema\/person\/b55151d52296fcce64d1a72538a70b90\"},\"image\":{\"@id\":\"https:\/\/apuntesdesanluis.com\/index.php\/2024\/11\/27\/san-luis-ya-cuenta-un-consejo-provincial-de-personas-con-discapacidad\/#primaryimage\"},\"thumbnailUrl\":\"https:\/\/apuntesdesanluis.com\/wp-content\/uploads\/2024\/11\/DIPUTADOS-DE-SAN-LUIS.png\",\"articleSection\":[\"Ciudad\/Provincia\"],\"inLanguage\":\"es-AR\"},{\"@type\":\"WebPage\",\"@id\":\"https:\/\/apuntesdesanluis.com\/index.php\/2024\/11\/27\/san-luis-ya-cuenta-un-consejo-provincial-de-personas-con-discapacidad\/\",\"url\":\"https:\/\/apuntesdesanluis.com\/index.php\/2024\/11\/27\/san-luis-ya-cuenta-un-consejo-provincial-de-personas-con-discapacidad\/\",\"name\":\"SAN LUIS YA CUENTA CON UN CONSEJO PROVINCIAL DE PERSONAS CON DISCAPACIDAD - Apuntes de San Luis\",\"isPartOf\":{\"@id\":\"https:\/\/apuntesdesanluis.com\/#website\"},\"primaryImageOfPage\":{\"@id\":\"https:\/\/apuntesdesanluis.com\/index.php\/2024\/11\/27\/san-luis-ya-cuenta-un-consejo-provincial-de-personas-con-discapacidad\/#primaryimage\"},\"image\":{\"@id\":\"https:\/\/apuntesdesanluis.com\/index.php\/2024\/11\/27\/san-luis-ya-cuenta-un-consejo-provincial-de-personas-con-discapacidad\/#primaryimage\"},\"thumbnailUrl\":\"https:\/\/apuntesdesanluis.com\/wp-content\/uploads\/2024\/11\/DIPUTADOS-DE-SAN-LUIS.png\",\"datePublished\":\"2024-11-27T21:43:25+00:00\",\"dateModified\":\"2024-11-27T22:18:51+00:00\",\"breadcrumb\":{\"@id\":\"https:\/\/apuntesdesanluis.com\/index.php\/2024\/11\/27\/san-luis-ya-cuenta-un-consejo-provincial-de-personas-con-discapacidad\/#breadcrumb\"},\"inLanguage\":\"es-AR\",\"potentialAction\":[{\"@type\":\"ReadAction\",\"target\":[\"https:\/\/apuntesdesanluis.com\/index.php\/2024\/11\/27\/san-luis-ya-cuenta-un-consejo-provincial-de-personas-con-discapacidad\/\"]}]},{\"@type\":\"ImageObject\",\"inLanguage\":\"es-AR\",\"@id\":\"https:\/\/apuntesdesanluis.com\/index.php\/2024\/11\/27\/san-luis-ya-cuenta-un-consejo-provincial-de-personas-con-discapacidad\/#primaryimage\",\"url\":\"https:\/\/apuntesdesanluis.com\/wp-content\/uploads\/2024\/11\/DIPUTADOS-DE-SAN-LUIS.png\",\"contentUrl\":\"https:\/\/apuntesdesanluis.com\/wp-content\/uploads\/2024\/11\/DIPUTADOS-DE-SAN-LUIS.png\",\"width\":656,\"height\":402},{\"@type\":\"BreadcrumbList\",\"@id\":\"https:\/\/apuntesdesanluis.com\/index.php\/2024\/11\/27\/san-luis-ya-cuenta-un-consejo-provincial-de-personas-con-discapacidad\/#breadcrumb\",\"itemListElement\":[{\"@type\":\"ListItem\",\"position\":1,\"name\":\"Inicio\",\"item\":\"https:\/\/apuntesdesanluis.com\/\"},{\"@type\":\"ListItem\",\"position\":2,\"name\":\"SAN LUIS YA CUENTA CON UN CONSEJO PROVINCIAL DE PERSONAS CON DISCAPACIDAD\"}]},{\"@type\":\"WebSite\",\"@id\":\"https:\/\/apuntesdesanluis.com\/#website\",\"url\":\"https:\/\/apuntesdesanluis.com\/\",\"name\":\"Apuntes de San Luis\",\"description\":\"\",\"publisher\":{\"@id\":\"https:\/\/apuntesdesanluis.com\/#\/schema\/person\/b55151d52296fcce64d1a72538a70b90\"},\"potentialAction\":[{\"@type\":\"SearchAction\",\"target\":{\"@type\":\"EntryPoint\",\"urlTemplate\":\"https:\/\/apuntesdesanluis.com\/?s={search_term_string}\"},\"query-input\":{\"@type\":\"PropertyValueSpecification\",\"valueRequired\":true,\"valueName\":\"search_term_string\"}}],\"inLanguage\":\"es-AR\"},{\"@type\":[\"Person\",\"Organization\"],\"@id\":\"https:\/\/apuntesdesanluis.com\/#\/schema\/person\/b55151d52296fcce64d1a72538a70b90\",\"name\":\"apuntesdesanluis.com\",\"image\":{\"@type\":\"ImageObject\",\"inLanguage\":\"es-AR\",\"@id\":\"https:\/\/apuntesdesanluis.com\/#\/schema\/person\/image\/\",\"url\":\"https:\/\/apuntesdesanluis.com\/wp-content\/uploads\/2023\/07\/cropped-apuntesdesanluis.png\",\"contentUrl\":\"https:\/\/apuntesdesanluis.com\/wp-content\/uploads\/2023\/07\/cropped-apuntesdesanluis.png\",\"width\":450,\"height\":112,\"caption\":\"apuntesdesanluis.com\"},\"logo\":{\"@id\":\"https:\/\/apuntesdesanluis.com\/#\/schema\/person\/image\/\"},\"sameAs\":[\"https:\/\/apuntesdesanluis.com\"],\"url\":\"https:\/\/apuntesdesanluis.com\/index.php\/author\/apuntesdesanluis-com\/\"}]}<\/script>\n<!-- \/ Yoast SEO plugin. -->","yoast_head_json":{"title":"SAN LUIS YA CUENTA CON UN CONSEJO PROVINCIAL DE PERSONAS CON DISCAPACIDAD - Apuntes de San Luis","robots":{"index":"index","follow":"follow","max-snippet":"max-snippet:-1","max-image-preview":"max-image-preview:large","max-video-preview":"max-video-preview:-1"},"canonical":"https:\/\/apuntesdesanluis.com\/index.php\/2024\/11\/27\/san-luis-ya-cuenta-un-consejo-provincial-de-personas-con-discapacidad\/","og_locale":"es_ES","og_type":"article","og_title":"SAN LUIS YA CUENTA CON UN CONSEJO PROVINCIAL DE PERSONAS CON DISCAPACIDAD - Apuntes de San Luis","og_description":"Este mi\u00e9rcoles la C\u00e1mara de Diputados le dio sanci\u00f3n definitiva por unanimidad al proyecto de...","og_url":"https:\/\/apuntesdesanluis.com\/index.php\/2024\/11\/27\/san-luis-ya-cuenta-un-consejo-provincial-de-personas-con-discapacidad\/","og_site_name":"Apuntes de San Luis","article_published_time":"2024-11-27T21:43:25+00:00","article_modified_time":"2024-11-27T22:18:51+00:00","og_image":[{"width":656,"height":402,"url":"https:\/\/apuntesdesanluis.com\/wp-content\/uploads\/2024\/11\/DIPUTADOS-DE-SAN-LUIS.png","type":"image\/png"}],"author":"apuntesdesanluis.com","twitter_card":"summary_large_image","twitter_misc":{"Escrito por":"apuntesdesanluis.com","Tiempo de lectura":"3 minutos"},"schema":{"@context":"https:\/\/schema.org","@graph":[{"@type":"Article","@id":"https:\/\/apuntesdesanluis.com\/index.php\/2024\/11\/27\/san-luis-ya-cuenta-un-consejo-provincial-de-personas-con-discapacidad\/#article","isPartOf":{"@id":"https:\/\/apuntesdesanluis.com\/index.php\/2024\/11\/27\/san-luis-ya-cuenta-un-consejo-provincial-de-personas-con-discapacidad\/"},"author":{"name":"apuntesdesanluis.com","@id":"https:\/\/apuntesdesanluis.com\/#\/schema\/person\/b55151d52296fcce64d1a72538a70b90"},"headline":"SAN LUIS YA CUENTA CON UN CONSEJO PROVINCIAL DE PERSONAS CON DISCAPACIDAD","datePublished":"2024-11-27T21:43:25+00:00","dateModified":"2024-11-27T22:18:51+00:00","mainEntityOfPage":{"@id":"https:\/\/apuntesdesanluis.com\/index.php\/2024\/11\/27\/san-luis-ya-cuenta-un-consejo-provincial-de-personas-con-discapacidad\/"},"wordCount":580,"publisher":{"@id":"https:\/\/apuntesdesanluis.com\/#\/schema\/person\/b55151d52296fcce64d1a72538a70b90"},"image":{"@id":"https:\/\/apuntesdesanluis.com\/index.php\/2024\/11\/27\/san-luis-ya-cuenta-un-consejo-provincial-de-personas-con-discapacidad\/#primaryimage"},"thumbnailUrl":"https:\/\/apuntesdesanluis.com\/wp-content\/uploads\/2024\/11\/DIPUTADOS-DE-SAN-LUIS.png","articleSection":["Ciudad\/Provincia"],"inLanguage":"es-AR"},{"@type":"WebPage","@id":"https:\/\/apuntesdesanluis.com\/index.php\/2024\/11\/27\/san-luis-ya-cuenta-un-consejo-provincial-de-personas-con-discapacidad\/","url":"https:\/\/apuntesdesanluis.com\/index.php\/2024\/11\/27\/san-luis-ya-cuenta-un-consejo-provincial-de-personas-con-discapacidad\/","name":"SAN LUIS YA CUENTA CON UN CONSEJO PROVINCIAL DE PERSONAS CON DISCAPACIDAD - Apuntes de San Luis","isPartOf":{"@id":"https:\/\/apuntesdesanluis.com\/#website"},"primaryImageOfPage":{"@id":"https:\/\/apuntesdesanluis.com\/index.php\/2024\/11\/27\/san-luis-ya-cuenta-un-consejo-provincial-de-personas-con-discapacidad\/#primaryimage"},"image":{"@id":"https:\/\/apuntesdesanluis.com\/index.php\/2024\/11\/27\/san-luis-ya-cuenta-un-consejo-provincial-de-personas-con-discapacidad\/#primaryimage"},"thumbnailUrl":"https:\/\/apuntesdesanluis.com\/wp-content\/uploads\/2024\/11\/DIPUTADOS-DE-SAN-LUIS.png","datePublished":"2024-11-27T21:43:25+00:00","dateModified":"2024-11-27T22:18:51+00:00","breadcrumb":{"@id":"https:\/\/apuntesdesanluis.com\/index.php\/2024\/11\/27\/san-luis-ya-cuenta-un-consejo-provincial-de-personas-con-discapacidad\/#breadcrumb"},"inLanguage":"es-AR","potentialAction":[{"@type":"ReadAction","target":["https:\/\/apuntesdesanluis.com\/index.php\/2024\/11\/27\/san-luis-ya-cuenta-un-consejo-provincial-de-personas-con-discapacidad\/"]}]},{"@type":"ImageObject","inLanguage":"es-AR","@id":"https:\/\/apuntesdesanluis.com\/index.php\/2024\/11\/27\/san-luis-ya-cuenta-un-consejo-provincial-de-personas-con-discapacidad\/#primaryimage","url":"https:\/\/apuntesdesanluis.com\/wp-content\/uploads\/2024\/11\/DIPUTADOS-DE-SAN-LUIS.png","contentUrl":"https:\/\/apuntesdesanluis.com\/wp-content\/uploads\/2024\/11\/DIPUTADOS-DE-SAN-LUIS.png","width":656,"height":402},{"@type":"BreadcrumbList","@id":"https:\/\/apuntesdesanluis.com\/index.php\/2024\/11\/27\/san-luis-ya-cuenta-un-consejo-provincial-de-personas-con-discapacidad\/#breadcrumb","itemListElement":[{"@type":"ListItem","position":1,"name":"Inicio","item":"https:\/\/apuntesdesanluis.com\/"},{"@type":"ListItem","position":2,"name":"SAN LUIS YA CUENTA CON UN CONSEJO PROVINCIAL DE PERSONAS CON DISCAPACIDAD"}]},{"@type":"WebSite","@id":"https:\/\/apuntesdesanluis.com\/#website","url":"https:\/\/apuntesdesanluis.com\/","name":"Apuntes de San Luis","description":"","publisher":{"@id":"https:\/\/apuntesdesanluis.com\/#\/schema\/person\/b55151d52296fcce64d1a72538a70b90"},"potentialAction":[{"@type":"SearchAction","target":{"@type":"EntryPoint","urlTemplate":"https:\/\/apuntesdesanluis.com\/?s={search_term_string}"},"query-input":{"@type":"PropertyValueSpecification","valueRequired":true,"valueName":"search_term_string"}}],"inLanguage":"es-AR"},{"@type":["Person","Organization"],"@id":"https:\/\/apuntesdesanluis.com\/#\/schema\/person\/b55151d52296fcce64d1a72538a70b90","name":"apuntesdesanluis.com","image":{"@type":"ImageObject","inLanguage":"es-AR","@id":"https:\/\/apuntesdesanluis.com\/#\/schema\/person\/image\/","url":"https:\/\/apuntesdesanluis.com\/wp-content\/uploads\/2023\/07\/cropped-apuntesdesanluis.png","contentUrl":"https:\/\/apuntesdesanluis.com\/wp-content\/uploads\/2023\/07\/cropped-apuntesdesanluis.png","width":450,"height":112,"caption":"apuntesdesanluis.com"},"logo":{"@id":"https:\/\/apuntesdesanluis.com\/#\/schema\/person\/image\/"},"sameAs":["https:\/\/apuntesdesanluis.com"],"url":"https:\/\/apuntesdesanluis.com\/index.php\/author\/apuntesdesanluis-com\/"}]}},"featured_image_urls":{"full":["https:\/\/apuntesdesanluis.com\/wp-content\/uploads\/2024\/11\/DIPUTADOS-DE-SAN-LUIS.png",656,402,false],"thumbnail":["https:\/\/apuntesdesanluis.com\/wp-content\/uploads\/2024\/11\/DIPUTADOS-DE-SAN-LUIS-150x150.png",150,150,true],"medium":["https:\/\/apuntesdesanluis.com\/wp-content\/uploads\/2024\/11\/DIPUTADOS-DE-SAN-LUIS-300x184.png",300,184,true],"medium_large":["https:\/\/apuntesdesanluis.com\/wp-content\/uploads\/2024\/11\/DIPUTADOS-DE-SAN-LUIS.png",640,392,false],"large":["https:\/\/apuntesdesanluis.com\/wp-content\/uploads\/2024\/11\/DIPUTADOS-DE-SAN-LUIS.png",640,392,false],"1536x1536":["https:\/\/apuntesdesanluis.com\/wp-content\/uploads\/2024\/11\/DIPUTADOS-DE-SAN-LUIS.png",656,402,false],"2048x2048":["https:\/\/apuntesdesanluis.com\/wp-content\/uploads\/2024\/11\/DIPUTADOS-DE-SAN-LUIS.png",656,402,false],"newsever-slider-full":["https:\/\/apuntesdesanluis.com\/wp-content\/uploads\/2024\/11\/DIPUTADOS-DE-SAN-LUIS.png",656,402,false],"newsever-featured":["https:\/\/apuntesdesanluis.com\/wp-content\/uploads\/2024\/11\/DIPUTADOS-DE-SAN-LUIS.png",656,402,false],"newsever-medium":["https:\/\/apuntesdesanluis.com\/wp-content\/uploads\/2024\/11\/DIPUTADOS-DE-SAN-LUIS.png",656,402,false]},"author_info":{"display_name":"apuntesdesanluis.com","author_link":"https:\/\/apuntesdesanluis.com\/index.php\/author\/apuntesdesanluis-com\/"},"category_info":"<a href=\"https:\/\/apuntesdesanluis.com\/index.php\/category\/ciudad-provincia\/\" rel=\"category tag\">Ciudad\/Provincia<\/a>","tag_info":"Ciudad\/Provincia","comment_count":"0","_links":{"self":[{"href":"https:\/\/apuntesdesanluis.com\/index.php\/wp-json\/wp\/v2\/posts\/25869","targetHints":{"allow":["GET"]}}],"collection":[{"href":"https:\/\/apuntesdesanluis.com\/index.php\/wp-json\/wp\/v2\/posts"}],"about":[{"href":"https:\/\/apuntesdesanluis.com\/index.php\/wp-json\/wp\/v2\/types\/post"}],"author":[{"embeddable":true,"href":"https:\/\/apuntesdesanluis.com\/index.php\/wp-json\/wp\/v2\/users\/1"}],"replies":[{"embeddable":true,"href":"https:\/\/apuntesdesanluis.com\/index.php\/wp-json\/wp\/v2\/comments?post=25869"}],"version-history":[{"count":2,"href":"https:\/\/apuntesdesanluis.com\/index.php\/wp-json\/wp\/v2\/posts\/25869\/revisions"}],"predecessor-version":[{"id":25880,"href":"https:\/\/apuntesdesanluis.com\/index.php\/wp-json\/wp\/v2\/posts\/25869\/revisions\/25880"}],"wp:featuredmedia":[{"embeddable":true,"href":"https:\/\/apuntesdesanluis.com\/index.php\/wp-json\/wp\/v2\/media\/25870"}],"wp:attachment":[{"href":"https:\/\/apuntesdesanluis.com\/index.php\/wp-json\/wp\/v2\/media?parent=25869"}],"wp:term":[{"taxonomy":"category","embeddable":true,"href":"https:\/\/apuntesdesanluis.com\/index.php\/wp-json\/wp\/v2\/categories?post=25869"},{"taxonomy":"post_tag","embeddable":true,"href":"https:\/\/apuntesdesanluis.com\/index.php\/wp-json\/wp\/v2\/tags?post=25869"}],"curies":[{"name":"wp","href":"https:\/\/api.w.org\/{rel}","templated":true}]}}