{"id":2587,"date":"2023-09-03T23:57:06","date_gmt":"2023-09-04T02:57:06","guid":{"rendered":"https:\/\/apuntesdesanluis.com\/?p=2587"},"modified":"2023-09-03T23:59:58","modified_gmt":"2023-09-04T02:59:58","slug":"abren-las-inscripciones-para-actuar-como-perito-judicial","status":"publish","type":"post","link":"https:\/\/apuntesdesanluis.com\/index.php\/2023\/09\/03\/abren-las-inscripciones-para-actuar-como-perito-judicial\/","title":{"rendered":"ABREN LAS INSCRIPCIONES PARA ACTUAR COMO PERITO JUDICIAL"},"content":{"rendered":"<h3>La Secretar\u00eda Administrativa del Superior Tribunal de Justicia confirm\u00f3 que este lunes\u00a0 4 de septiembre, comenzar\u00e1n a recepcionarse las inscripciones y reinscripciones para integrar el <strong>Registro de Peritos Judiciales<\/strong>, seg\u00fan Acuerdo N\u00ba 688\/17 y Resoluci\u00f3n N\u00ba 159\/20 en el sitio web del Poder Judicial: <span style=\"color: #0000ff;\"><a style=\"color: #0000ff;\" href=\"http:\/\/www.justiciasanluis.gov.ar\">www.justiciasanluis.gov.ar<\/a><\/span><\/h3>\n<h3>El per\u00edodo de inscripci\u00f3n\/reinscripci\u00f3n estar\u00e1 abierto hasta el \u00faltimo d\u00eda h\u00e1bil de octubre de 2023.<\/h3>\n<h3>Es importante destacar que los informes que el postulante debe presentar seg\u00fan el domicilio denunciado por el interesado, que acrediten no poseer restricciones a la capacidad de ejercicio ni encontrarse inhabilitado conforme a la Secci\u00f3n 3\u00aa, Cap\u00edtulo 2, T\u00edtulo I del C\u00f3digo Civil, deben ser solicitados en los Juzgados de Familia (esto modifica la resoluci\u00f3n N\u00ba 159\/20) y no en los Juzgados Civiles.<\/h3>\n<h3>Las reinscripciones se realizar\u00e1n s\u00f3lo de manera online desde el correo institucional de cada profesional debiendo firmar digitalmente la documentaci\u00f3n que se env\u00ede.<\/h3>\n<h3>Para consultas, pueden comunicarse a la Secretar\u00eda Administrativa del Superior Tribunal de Justicia, de lunes a viernes de 08:00 a 14:00 horas, al tel\u00e9fono 0266-4422993 o a la siguiente direcci\u00f3n de correo electr\u00f3nico: <span style=\"color: #0000ff;\"><a style=\"color: #0000ff;\" href=\"mailto:peritos@justiciasanluis.gov.ar\">peritos@justiciasanluis.gov.ar<\/a><\/span><\/h3>\n<h3>Para m\u00e1s informaci\u00f3n ingresar al siguiente link:<\/h3>\n<h3><span style=\"color: #0000ff;\"><a style=\"color: #0000ff;\" href=\"https:\/\/www.justiciasanluis.gov.ar\/?page_id=51782\">https:\/\/www.justiciasanluis.gov.ar\/?page_id=51782<\/a><\/span><\/h3>\n<h3><\/h3>\n","protected":false},"excerpt":{"rendered":"<p>La Secretar\u00eda Administrativa del Superior Tribunal de Justicia confirm\u00f3 que este lunes\u00a0 4 de septiembre,&#8230;<\/p>\n","protected":false},"author":1,"featured_media":2588,"comment_status":"closed","ping_status":"closed","sticky":false,"template":"","format":"standard","meta":{"footnotes":""},"categories":[6],"tags":[],"class_list":["post-2587","post","type-post","status-publish","format-standard","has-post-thumbnail","hentry","category-ciudad-provincia"],"yoast_head":"<!-- This site is optimized with the Yoast SEO plugin v26.1.1 - https:\/\/yoast.com\/wordpress\/plugins\/seo\/ -->\n<title>ABREN LAS INSCRIPCIONES PARA ACTUAR COMO PERITO JUDICIAL - Apuntes de San Luis<\/title>\n<meta name=\"robots\" content=\"index, follow, max-snippet:-1, max-image-preview:large, max-video-preview:-1\" \/>\n<link rel=\"canonical\" href=\"https:\/\/apuntesdesanluis.com\/index.php\/2023\/09\/03\/abren-las-inscripciones-para-actuar-como-perito-judicial\/\" \/>\n<meta property=\"og:locale\" content=\"es_ES\" \/>\n<meta property=\"og:type\" content=\"article\" \/>\n<meta property=\"og:title\" content=\"ABREN LAS INSCRIPCIONES PARA ACTUAR COMO PERITO JUDICIAL - Apuntes de San Luis\" \/>\n<meta property=\"og:description\" content=\"La Secretar\u00eda Administrativa del Superior Tribunal de Justicia confirm\u00f3 que este lunes\u00a0 4 de septiembre,...\" \/>\n<meta property=\"og:url\" content=\"https:\/\/apuntesdesanluis.com\/index.php\/2023\/09\/03\/abren-las-inscripciones-para-actuar-como-perito-judicial\/\" \/>\n<meta property=\"og:site_name\" content=\"Apuntes de San Luis\" \/>\n<meta property=\"article:published_time\" content=\"2023-09-04T02:57:06+00:00\" \/>\n<meta property=\"article:modified_time\" content=\"2023-09-04T02:59:58+00:00\" \/>\n<meta property=\"og:image\" content=\"https:\/\/apuntesdesanluis.com\/wp-content\/uploads\/2023\/09\/poder-judicial-de-san-luis.png\" \/>\n\t<meta property=\"og:image:width\" content=\"671\" \/>\n\t<meta property=\"og:image:height\" content=\"366\" \/>\n\t<meta property=\"og:image:type\" content=\"image\/png\" \/>\n<meta name=\"author\" content=\"apuntesdesanluis.com\" \/>\n<meta name=\"twitter:card\" content=\"summary_large_image\" \/>\n<meta name=\"twitter:label1\" content=\"Escrito por\" \/>\n\t<meta name=\"twitter:data1\" content=\"apuntesdesanluis.com\" \/>\n\t<meta name=\"twitter:label2\" content=\"Tiempo de lectura\" \/>\n\t<meta name=\"twitter:data2\" content=\"1 minuto\" \/>\n<script type=\"application\/ld+json\" class=\"yoast-schema-graph\">{\"@context\":\"https:\/\/schema.org\",\"@graph\":[{\"@type\":\"Article\",\"@id\":\"https:\/\/apuntesdesanluis.com\/index.php\/2023\/09\/03\/abren-las-inscripciones-para-actuar-como-perito-judicial\/#article\",\"isPartOf\":{\"@id\":\"https:\/\/apuntesdesanluis.com\/index.php\/2023\/09\/03\/abren-las-inscripciones-para-actuar-como-perito-judicial\/\"},\"author\":{\"name\":\"apuntesdesanluis.com\",\"@id\":\"https:\/\/apuntesdesanluis.com\/#\/schema\/person\/b55151d52296fcce64d1a72538a70b90\"},\"headline\":\"ABREN LAS INSCRIPCIONES PARA ACTUAR COMO PERITO JUDICIAL\",\"datePublished\":\"2023-09-04T02:57:06+00:00\",\"dateModified\":\"2023-09-04T02:59:58+00:00\",\"mainEntityOfPage\":{\"@id\":\"https:\/\/apuntesdesanluis.com\/index.php\/2023\/09\/03\/abren-las-inscripciones-para-actuar-como-perito-judicial\/\"},\"wordCount\":225,\"publisher\":{\"@id\":\"https:\/\/apuntesdesanluis.com\/#\/schema\/person\/b55151d52296fcce64d1a72538a70b90\"},\"image\":{\"@id\":\"https:\/\/apuntesdesanluis.com\/index.php\/2023\/09\/03\/abren-las-inscripciones-para-actuar-como-perito-judicial\/#primaryimage\"},\"thumbnailUrl\":\"https:\/\/apuntesdesanluis.com\/wp-content\/uploads\/2023\/09\/poder-judicial-de-san-luis.png\",\"articleSection\":[\"Ciudad\/Provincia\"],\"inLanguage\":\"es-AR\"},{\"@type\":\"WebPage\",\"@id\":\"https:\/\/apuntesdesanluis.com\/index.php\/2023\/09\/03\/abren-las-inscripciones-para-actuar-como-perito-judicial\/\",\"url\":\"https:\/\/apuntesdesanluis.com\/index.php\/2023\/09\/03\/abren-las-inscripciones-para-actuar-como-perito-judicial\/\",\"name\":\"ABREN LAS INSCRIPCIONES PARA ACTUAR COMO PERITO JUDICIAL - Apuntes de San Luis\",\"isPartOf\":{\"@id\":\"https:\/\/apuntesdesanluis.com\/#website\"},\"primaryImageOfPage\":{\"@id\":\"https:\/\/apuntesdesanluis.com\/index.php\/2023\/09\/03\/abren-las-inscripciones-para-actuar-como-perito-judicial\/#primaryimage\"},\"image\":{\"@id\":\"https:\/\/apuntesdesanluis.com\/index.php\/2023\/09\/03\/abren-las-inscripciones-para-actuar-como-perito-judicial\/#primaryimage\"},\"thumbnailUrl\":\"https:\/\/apuntesdesanluis.com\/wp-content\/uploads\/2023\/09\/poder-judicial-de-san-luis.png\",\"datePublished\":\"2023-09-04T02:57:06+00:00\",\"dateModified\":\"2023-09-04T02:59:58+00:00\",\"breadcrumb\":{\"@id\":\"https:\/\/apuntesdesanluis.com\/index.php\/2023\/09\/03\/abren-las-inscripciones-para-actuar-como-perito-judicial\/#breadcrumb\"},\"inLanguage\":\"es-AR\",\"potentialAction\":[{\"@type\":\"ReadAction\",\"target\":[\"https:\/\/apuntesdesanluis.com\/index.php\/2023\/09\/03\/abren-las-inscripciones-para-actuar-como-perito-judicial\/\"]}]},{\"@type\":\"ImageObject\",\"inLanguage\":\"es-AR\",\"@id\":\"https:\/\/apuntesdesanluis.com\/index.php\/2023\/09\/03\/abren-las-inscripciones-para-actuar-como-perito-judicial\/#primaryimage\",\"url\":\"https:\/\/apuntesdesanluis.com\/wp-content\/uploads\/2023\/09\/poder-judicial-de-san-luis.png\",\"contentUrl\":\"https:\/\/apuntesdesanluis.com\/wp-content\/uploads\/2023\/09\/poder-judicial-de-san-luis.png\",\"width\":671,\"height\":366},{\"@type\":\"BreadcrumbList\",\"@id\":\"https:\/\/apuntesdesanluis.com\/index.php\/2023\/09\/03\/abren-las-inscripciones-para-actuar-como-perito-judicial\/#breadcrumb\",\"itemListElement\":[{\"@type\":\"ListItem\",\"position\":1,\"name\":\"Inicio\",\"item\":\"https:\/\/apuntesdesanluis.com\/\"},{\"@type\":\"ListItem\",\"position\":2,\"name\":\"ABREN LAS INSCRIPCIONES PARA ACTUAR COMO PERITO JUDICIAL\"}]},{\"@type\":\"WebSite\",\"@id\":\"https:\/\/apuntesdesanluis.com\/#website\",\"url\":\"https:\/\/apuntesdesanluis.com\/\",\"name\":\"Apuntes de San Luis\",\"description\":\"\",\"publisher\":{\"@id\":\"https:\/\/apuntesdesanluis.com\/#\/schema\/person\/b55151d52296fcce64d1a72538a70b90\"},\"potentialAction\":[{\"@type\":\"SearchAction\",\"target\":{\"@type\":\"EntryPoint\",\"urlTemplate\":\"https:\/\/apuntesdesanluis.com\/?s={search_term_string}\"},\"query-input\":{\"@type\":\"PropertyValueSpecification\",\"valueRequired\":true,\"valueName\":\"search_term_string\"}}],\"inLanguage\":\"es-AR\"},{\"@type\":[\"Person\",\"Organization\"],\"@id\":\"https:\/\/apuntesdesanluis.com\/#\/schema\/person\/b55151d52296fcce64d1a72538a70b90\",\"name\":\"apuntesdesanluis.com\",\"image\":{\"@type\":\"ImageObject\",\"inLanguage\":\"es-AR\",\"@id\":\"https:\/\/apuntesdesanluis.com\/#\/schema\/person\/image\/\",\"url\":\"https:\/\/apuntesdesanluis.com\/wp-content\/uploads\/2023\/07\/cropped-apuntesdesanluis.png\",\"contentUrl\":\"https:\/\/apuntesdesanluis.com\/wp-content\/uploads\/2023\/07\/cropped-apuntesdesanluis.png\",\"width\":450,\"height\":112,\"caption\":\"apuntesdesanluis.com\"},\"logo\":{\"@id\":\"https:\/\/apuntesdesanluis.com\/#\/schema\/person\/image\/\"},\"sameAs\":[\"https:\/\/apuntesdesanluis.com\"],\"url\":\"https:\/\/apuntesdesanluis.com\/index.php\/author\/apuntesdesanluis-com\/\"}]}<\/script>\n<!-- \/ Yoast SEO plugin. -->","yoast_head_json":{"title":"ABREN LAS INSCRIPCIONES PARA ACTUAR COMO PERITO JUDICIAL - Apuntes de San Luis","robots":{"index":"index","follow":"follow","max-snippet":"max-snippet:-1","max-image-preview":"max-image-preview:large","max-video-preview":"max-video-preview:-1"},"canonical":"https:\/\/apuntesdesanluis.com\/index.php\/2023\/09\/03\/abren-las-inscripciones-para-actuar-como-perito-judicial\/","og_locale":"es_ES","og_type":"article","og_title":"ABREN LAS INSCRIPCIONES PARA ACTUAR COMO PERITO JUDICIAL - Apuntes de San Luis","og_description":"La Secretar\u00eda Administrativa del Superior Tribunal de Justicia confirm\u00f3 que este lunes\u00a0 4 de septiembre,...","og_url":"https:\/\/apuntesdesanluis.com\/index.php\/2023\/09\/03\/abren-las-inscripciones-para-actuar-como-perito-judicial\/","og_site_name":"Apuntes de San Luis","article_published_time":"2023-09-04T02:57:06+00:00","article_modified_time":"2023-09-04T02:59:58+00:00","og_image":[{"width":671,"height":366,"url":"https:\/\/apuntesdesanluis.com\/wp-content\/uploads\/2023\/09\/poder-judicial-de-san-luis.png","type":"image\/png"}],"author":"apuntesdesanluis.com","twitter_card":"summary_large_image","twitter_misc":{"Escrito por":"apuntesdesanluis.com","Tiempo de lectura":"1 minuto"},"schema":{"@context":"https:\/\/schema.org","@graph":[{"@type":"Article","@id":"https:\/\/apuntesdesanluis.com\/index.php\/2023\/09\/03\/abren-las-inscripciones-para-actuar-como-perito-judicial\/#article","isPartOf":{"@id":"https:\/\/apuntesdesanluis.com\/index.php\/2023\/09\/03\/abren-las-inscripciones-para-actuar-como-perito-judicial\/"},"author":{"name":"apuntesdesanluis.com","@id":"https:\/\/apuntesdesanluis.com\/#\/schema\/person\/b55151d52296fcce64d1a72538a70b90"},"headline":"ABREN LAS INSCRIPCIONES PARA ACTUAR COMO PERITO JUDICIAL","datePublished":"2023-09-04T02:57:06+00:00","dateModified":"2023-09-04T02:59:58+00:00","mainEntityOfPage":{"@id":"https:\/\/apuntesdesanluis.com\/index.php\/2023\/09\/03\/abren-las-inscripciones-para-actuar-como-perito-judicial\/"},"wordCount":225,"publisher":{"@id":"https:\/\/apuntesdesanluis.com\/#\/schema\/person\/b55151d52296fcce64d1a72538a70b90"},"image":{"@id":"https:\/\/apuntesdesanluis.com\/index.php\/2023\/09\/03\/abren-las-inscripciones-para-actuar-como-perito-judicial\/#primaryimage"},"thumbnailUrl":"https:\/\/apuntesdesanluis.com\/wp-content\/uploads\/2023\/09\/poder-judicial-de-san-luis.png","articleSection":["Ciudad\/Provincia"],"inLanguage":"es-AR"},{"@type":"WebPage","@id":"https:\/\/apuntesdesanluis.com\/index.php\/2023\/09\/03\/abren-las-inscripciones-para-actuar-como-perito-judicial\/","url":"https:\/\/apuntesdesanluis.com\/index.php\/2023\/09\/03\/abren-las-inscripciones-para-actuar-como-perito-judicial\/","name":"ABREN LAS INSCRIPCIONES PARA ACTUAR COMO PERITO JUDICIAL - Apuntes de San Luis","isPartOf":{"@id":"https:\/\/apuntesdesanluis.com\/#website"},"primaryImageOfPage":{"@id":"https:\/\/apuntesdesanluis.com\/index.php\/2023\/09\/03\/abren-las-inscripciones-para-actuar-como-perito-judicial\/#primaryimage"},"image":{"@id":"https:\/\/apuntesdesanluis.com\/index.php\/2023\/09\/03\/abren-las-inscripciones-para-actuar-como-perito-judicial\/#primaryimage"},"thumbnailUrl":"https:\/\/apuntesdesanluis.com\/wp-content\/uploads\/2023\/09\/poder-judicial-de-san-luis.png","datePublished":"2023-09-04T02:57:06+00:00","dateModified":"2023-09-04T02:59:58+00:00","breadcrumb":{"@id":"https:\/\/apuntesdesanluis.com\/index.php\/2023\/09\/03\/abren-las-inscripciones-para-actuar-como-perito-judicial\/#breadcrumb"},"inLanguage":"es-AR","potentialAction":[{"@type":"ReadAction","target":["https:\/\/apuntesdesanluis.com\/index.php\/2023\/09\/03\/abren-las-inscripciones-para-actuar-como-perito-judicial\/"]}]},{"@type":"ImageObject","inLanguage":"es-AR","@id":"https:\/\/apuntesdesanluis.com\/index.php\/2023\/09\/03\/abren-las-inscripciones-para-actuar-como-perito-judicial\/#primaryimage","url":"https:\/\/apuntesdesanluis.com\/wp-content\/uploads\/2023\/09\/poder-judicial-de-san-luis.png","contentUrl":"https:\/\/apuntesdesanluis.com\/wp-content\/uploads\/2023\/09\/poder-judicial-de-san-luis.png","width":671,"height":366},{"@type":"BreadcrumbList","@id":"https:\/\/apuntesdesanluis.com\/index.php\/2023\/09\/03\/abren-las-inscripciones-para-actuar-como-perito-judicial\/#breadcrumb","itemListElement":[{"@type":"ListItem","position":1,"name":"Inicio","item":"https:\/\/apuntesdesanluis.com\/"},{"@type":"ListItem","position":2,"name":"ABREN LAS INSCRIPCIONES PARA ACTUAR COMO PERITO JUDICIAL"}]},{"@type":"WebSite","@id":"https:\/\/apuntesdesanluis.com\/#website","url":"https:\/\/apuntesdesanluis.com\/","name":"Apuntes de San Luis","description":"","publisher":{"@id":"https:\/\/apuntesdesanluis.com\/#\/schema\/person\/b55151d52296fcce64d1a72538a70b90"},"potentialAction":[{"@type":"SearchAction","target":{"@type":"EntryPoint","urlTemplate":"https:\/\/apuntesdesanluis.com\/?s={search_term_string}"},"query-input":{"@type":"PropertyValueSpecification","valueRequired":true,"valueName":"search_term_string"}}],"inLanguage":"es-AR"},{"@type":["Person","Organization"],"@id":"https:\/\/apuntesdesanluis.com\/#\/schema\/person\/b55151d52296fcce64d1a72538a70b90","name":"apuntesdesanluis.com","image":{"@type":"ImageObject","inLanguage":"es-AR","@id":"https:\/\/apuntesdesanluis.com\/#\/schema\/person\/image\/","url":"https:\/\/apuntesdesanluis.com\/wp-content\/uploads\/2023\/07\/cropped-apuntesdesanluis.png","contentUrl":"https:\/\/apuntesdesanluis.com\/wp-content\/uploads\/2023\/07\/cropped-apuntesdesanluis.png","width":450,"height":112,"caption":"apuntesdesanluis.com"},"logo":{"@id":"https:\/\/apuntesdesanluis.com\/#\/schema\/person\/image\/"},"sameAs":["https:\/\/apuntesdesanluis.com"],"url":"https:\/\/apuntesdesanluis.com\/index.php\/author\/apuntesdesanluis-com\/"}]}},"featured_image_urls":{"full":["https:\/\/apuntesdesanluis.com\/wp-content\/uploads\/2023\/09\/poder-judicial-de-san-luis.png",671,366,false],"thumbnail":["https:\/\/apuntesdesanluis.com\/wp-content\/uploads\/2023\/09\/poder-judicial-de-san-luis-150x150.png",150,150,true],"medium":["https:\/\/apuntesdesanluis.com\/wp-content\/uploads\/2023\/09\/poder-judicial-de-san-luis-300x164.png",300,164,true],"medium_large":["https:\/\/apuntesdesanluis.com\/wp-content\/uploads\/2023\/09\/poder-judicial-de-san-luis.png",640,349,false],"large":["https:\/\/apuntesdesanluis.com\/wp-content\/uploads\/2023\/09\/poder-judicial-de-san-luis.png",640,349,false],"1536x1536":["https:\/\/apuntesdesanluis.com\/wp-content\/uploads\/2023\/09\/poder-judicial-de-san-luis.png",671,366,false],"2048x2048":["https:\/\/apuntesdesanluis.com\/wp-content\/uploads\/2023\/09\/poder-judicial-de-san-luis.png",671,366,false],"newsever-slider-full":["https:\/\/apuntesdesanluis.com\/wp-content\/uploads\/2023\/09\/poder-judicial-de-san-luis.png",671,366,false],"newsever-featured":["https:\/\/apuntesdesanluis.com\/wp-content\/uploads\/2023\/09\/poder-judicial-de-san-luis.png",671,366,false],"newsever-medium":["https:\/\/apuntesdesanluis.com\/wp-content\/uploads\/2023\/09\/poder-judicial-de-san-luis.png",671,366,false]},"author_info":{"display_name":"apuntesdesanluis.com","author_link":"https:\/\/apuntesdesanluis.com\/index.php\/author\/apuntesdesanluis-com\/"},"category_info":"<a href=\"https:\/\/apuntesdesanluis.com\/index.php\/category\/ciudad-provincia\/\" rel=\"category tag\">Ciudad\/Provincia<\/a>","tag_info":"Ciudad\/Provincia","comment_count":"0","_links":{"self":[{"href":"https:\/\/apuntesdesanluis.com\/index.php\/wp-json\/wp\/v2\/posts\/2587","targetHints":{"allow":["GET"]}}],"collection":[{"href":"https:\/\/apuntesdesanluis.com\/index.php\/wp-json\/wp\/v2\/posts"}],"about":[{"href":"https:\/\/apuntesdesanluis.com\/index.php\/wp-json\/wp\/v2\/types\/post"}],"author":[{"embeddable":true,"href":"https:\/\/apuntesdesanluis.com\/index.php\/wp-json\/wp\/v2\/users\/1"}],"replies":[{"embeddable":true,"href":"https:\/\/apuntesdesanluis.com\/index.php\/wp-json\/wp\/v2\/comments?post=2587"}],"version-history":[{"count":4,"href":"https:\/\/apuntesdesanluis.com\/index.php\/wp-json\/wp\/v2\/posts\/2587\/revisions"}],"predecessor-version":[{"id":2592,"href":"https:\/\/apuntesdesanluis.com\/index.php\/wp-json\/wp\/v2\/posts\/2587\/revisions\/2592"}],"wp:featuredmedia":[{"embeddable":true,"href":"https:\/\/apuntesdesanluis.com\/index.php\/wp-json\/wp\/v2\/media\/2588"}],"wp:attachment":[{"href":"https:\/\/apuntesdesanluis.com\/index.php\/wp-json\/wp\/v2\/media?parent=2587"}],"wp:term":[{"taxonomy":"category","embeddable":true,"href":"https:\/\/apuntesdesanluis.com\/index.php\/wp-json\/wp\/v2\/categories?post=2587"},{"taxonomy":"post_tag","embeddable":true,"href":"https:\/\/apuntesdesanluis.com\/index.php\/wp-json\/wp\/v2\/tags?post=2587"}],"curies":[{"name":"wp","href":"https:\/\/api.w.org\/{rel}","templated":true}]}}