{"id":25881,"date":"2024-11-27T19:31:35","date_gmt":"2024-11-27T22:31:35","guid":{"rendered":"https:\/\/apuntesdesanluis.com\/?p=25881"},"modified":"2024-11-27T19:32:39","modified_gmt":"2024-11-27T22:32:39","slug":"la-nina-tizi-fue-entregada-en-guarda-provisoria-a-la-otra-abuela","status":"publish","type":"post","link":"https:\/\/apuntesdesanluis.com\/index.php\/2024\/11\/27\/la-nina-tizi-fue-entregada-en-guarda-provisoria-a-la-otra-abuela\/","title":{"rendered":"LA NI\u00d1A TIZI FUE ENTREGADA EN GUARDA PROVISORIA A LA OTRA ABUELA"},"content":{"rendered":"<h3>El <strong>Juzgado de Familia, Ni\u00f1ez, Adolescencia y Violencia N\u00ba 4<\/strong> de la Primera Circunscripci\u00f3n Judicial comunic\u00f3 que la ni\u00f1a Tizi fue entregada en guarda provisoria a su <strong>abuela materna<\/strong>, en la noche de ayer a las 23.00 h. aproximadamente.<\/h3>\n<h3>Luego de la difusi\u00f3n de la imagen de la ni\u00f1a y la exhaustiva b\u00fasqueda a trav\u00e9s de las c\u00e1maras de seguridad de la ciudad, se identific\u00f3 la <strong>abuela paterna<\/strong>, quien se encontraba bajo el cuidado de la misma; quien, tras ser trasladada a la Comisar\u00eda de Atenci\u00f3n a la Ni\u00f1ez de la polic\u00eda de la provincia de San Luis, formul\u00f3 correspondiente declaraci\u00f3n informativa. Cabe se\u00f1alar que a posteriori, tras haber tomado conocimiento por los medios de comunicaci\u00f3n, se presentaron en la sede policial la progenitora, la abuela materna y una t\u00eda paterna de la ni\u00f1a, a quienes se les recepcion\u00f3 declaraci\u00f3n informativa a fines de conocer el contexto familiar donde habita la menor.<\/h3>\n<p><img fetchpriority=\"high\" decoding=\"async\" class=\"wp-image-25884 aligncenter\" src=\"https:\/\/apuntesdesanluis.com\/wp-content\/uploads\/2024\/11\/abuela-y-nena-249x300.png\" alt=\"\" width=\"533\" height=\"642\" srcset=\"https:\/\/apuntesdesanluis.com\/wp-content\/uploads\/2024\/11\/abuela-y-nena-249x300.png 249w, https:\/\/apuntesdesanluis.com\/wp-content\/uploads\/2024\/11\/abuela-y-nena.png 571w\" sizes=\"(max-width: 533px) 100vw, 533px\" \/><\/p>\n<h3>Esta guarda ser\u00e1 provisoria, inter se expidan los organismos que tutelan Derechos de los Ni\u00f1os y la Sra. Defensora de Ni\u00f1ez, Adolescencia e Incapaces; atento que despu\u00e9s del hecho ocurrido en el d\u00eda de la fecha y de las constancias tenidas en vista, las mismas permiten cuestionar el ejercicio de responsabilidad parental que se encuentran ejerciendo los progenitores.<\/h3>\n<h3>En el dictamen de la Jueza interviniente, <strong>Dra. Alejandra Ponce Navelino<\/strong>, intim\u00f3 a los progenitores a concurrir al \u201c\u00c1rea Promoci\u00f3n, Protecci\u00f3n de Derechos y Fortalecimiento Familiar\u201d dependiente de la Direcci\u00f3n Primera Infancia y Familia, a fin de recibir atenci\u00f3n psico-educativa grupal a padres con hijos en situaci\u00f3n de riesgo bio-psico-social, trabaj\u00e1ndose en las adversidades emergentes, mediante el aporte de herramientas psico-educativas tendientes a la armonizaci\u00f3n familiar dentro de los nuevos paradigmas. La comparecencia deber\u00e1 ser acreditada por ante la mesa de entradas del juzgado y sostenida hasta su alta definitiva, con la regularidad que se le requiera por dicho organismo.<\/h3>\n<p><img decoding=\"async\" class=\"wp-image-25885 aligncenter\" src=\"https:\/\/apuntesdesanluis.com\/wp-content\/uploads\/2024\/11\/nena-en-la-peatonal-300x219.png\" alt=\"\" width=\"599\" height=\"437\" srcset=\"https:\/\/apuntesdesanluis.com\/wp-content\/uploads\/2024\/11\/nena-en-la-peatonal-300x219.png 300w, https:\/\/apuntesdesanluis.com\/wp-content\/uploads\/2024\/11\/nena-en-la-peatonal-768x562.png 768w, https:\/\/apuntesdesanluis.com\/wp-content\/uploads\/2024\/11\/nena-en-la-peatonal.png 774w\" sizes=\"(max-width: 599px) 100vw, 599px\" \/><\/p>\n<h3>Luego del hallazgo de los familiares de la ni\u00f1a, la Dra. Ponce Navelino, agradeci\u00f3 a cada uno de los organismos y operadores del Estado que \u201caportaron su esfuerzo para que esto llegara a buen puerto\u201d.<\/h3>\n<h3><strong>CONFERENCIA<\/strong><\/h3>\n<h3>Por otro lado, esta ma\u00f1ana en el hall de ingreso de la Jefatura Central se brind\u00f3 una conferencia de prensa a cargo de la Directora de la Direcci\u00f3n General de Ni\u00f1ez Adolescencia y Familia, <strong>Crio Mayor Anal\u00eda Lucero<\/strong>, para ofrecer detalles de la actuaci\u00f3n policial en este caso. Tambi\u00e9n se dieron a conocer im\u00e1genes (que acompa\u00f1an esta nota) de la via p\u00fablica, tomadas por las c\u00e1maras de seguridad, que permitieron dar con la abuela paterna.<\/h3>\n<div style=\"width: 640px;\" class=\"wp-video\"><!--[if lt IE 9]><script>document.createElement('video');<\/script><![endif]-->\n<video class=\"wp-video-shortcode\" id=\"video-25881-1\" width=\"640\" height=\"288\" preload=\"metadata\" controls=\"controls\"><source type=\"video\/mp4\" src=\"https:\/\/apuntesdesanluis.com\/wp-content\/uploads\/2024\/11\/agente.mp4?_=1\" \/><a href=\"https:\/\/apuntesdesanluis.com\/wp-content\/uploads\/2024\/11\/agente.mp4\">https:\/\/apuntesdesanluis.com\/wp-content\/uploads\/2024\/11\/agente.mp4<\/a><\/video><\/div>\n<p>&nbsp;<\/p>\n","protected":false},"excerpt":{"rendered":"<p>El Juzgado de Familia, Ni\u00f1ez, Adolescencia y Violencia N\u00ba 4 de la Primera Circunscripci\u00f3n Judicial&#8230;<\/p>\n","protected":false},"author":1,"featured_media":25883,"comment_status":"closed","ping_status":"closed","sticky":false,"template":"","format":"standard","meta":{"footnotes":""},"categories":[6],"tags":[],"class_list":["post-25881","post","type-post","status-publish","format-standard","has-post-thumbnail","hentry","category-ciudad-provincia"],"yoast_head":"<!-- This site is optimized with the Yoast SEO plugin v26.1.1 - https:\/\/yoast.com\/wordpress\/plugins\/seo\/ -->\n<title>LA NI\u00d1A TIZI FUE ENTREGADA EN GUARDA PROVISORIA A LA OTRA ABUELA - Apuntes de San Luis<\/title>\n<meta name=\"robots\" content=\"index, follow, max-snippet:-1, max-image-preview:large, max-video-preview:-1\" \/>\n<link rel=\"canonical\" href=\"https:\/\/apuntesdesanluis.com\/index.php\/2024\/11\/27\/la-nina-tizi-fue-entregada-en-guarda-provisoria-a-la-otra-abuela\/\" \/>\n<meta property=\"og:locale\" content=\"es_ES\" \/>\n<meta property=\"og:type\" content=\"article\" \/>\n<meta property=\"og:title\" content=\"LA NI\u00d1A TIZI FUE ENTREGADA EN GUARDA PROVISORIA A LA OTRA ABUELA - Apuntes de San Luis\" \/>\n<meta property=\"og:description\" content=\"El Juzgado de Familia, Ni\u00f1ez, Adolescencia y Violencia N\u00ba 4 de la Primera Circunscripci\u00f3n Judicial...\" \/>\n<meta property=\"og:url\" content=\"https:\/\/apuntesdesanluis.com\/index.php\/2024\/11\/27\/la-nina-tizi-fue-entregada-en-guarda-provisoria-a-la-otra-abuela\/\" \/>\n<meta property=\"og:site_name\" content=\"Apuntes de San Luis\" \/>\n<meta property=\"article:published_time\" content=\"2024-11-27T22:31:35+00:00\" \/>\n<meta property=\"article:modified_time\" content=\"2024-11-27T22:32:39+00:00\" \/>\n<meta property=\"og:image\" content=\"https:\/\/apuntesdesanluis.com\/wp-content\/uploads\/2024\/11\/nena-con-policia.png\" \/>\n\t<meta property=\"og:image:width\" content=\"891\" \/>\n\t<meta property=\"og:image:height\" content=\"683\" \/>\n\t<meta property=\"og:image:type\" content=\"image\/png\" \/>\n<meta name=\"author\" content=\"apuntesdesanluis.com\" \/>\n<meta name=\"twitter:card\" content=\"summary_large_image\" \/>\n<meta name=\"twitter:label1\" content=\"Escrito por\" \/>\n\t<meta name=\"twitter:data1\" content=\"apuntesdesanluis.com\" \/>\n\t<meta name=\"twitter:label2\" content=\"Tiempo de lectura\" \/>\n\t<meta name=\"twitter:data2\" content=\"3 minutos\" \/>\n<script type=\"application\/ld+json\" class=\"yoast-schema-graph\">{\"@context\":\"https:\/\/schema.org\",\"@graph\":[{\"@type\":\"Article\",\"@id\":\"https:\/\/apuntesdesanluis.com\/index.php\/2024\/11\/27\/la-nina-tizi-fue-entregada-en-guarda-provisoria-a-la-otra-abuela\/#article\",\"isPartOf\":{\"@id\":\"https:\/\/apuntesdesanluis.com\/index.php\/2024\/11\/27\/la-nina-tizi-fue-entregada-en-guarda-provisoria-a-la-otra-abuela\/\"},\"author\":{\"name\":\"apuntesdesanluis.com\",\"@id\":\"https:\/\/apuntesdesanluis.com\/#\/schema\/person\/b55151d52296fcce64d1a72538a70b90\"},\"headline\":\"LA NI\u00d1A TIZI FUE ENTREGADA EN GUARDA PROVISORIA A LA OTRA ABUELA\",\"datePublished\":\"2024-11-27T22:31:35+00:00\",\"dateModified\":\"2024-11-27T22:32:39+00:00\",\"mainEntityOfPage\":{\"@id\":\"https:\/\/apuntesdesanluis.com\/index.php\/2024\/11\/27\/la-nina-tizi-fue-entregada-en-guarda-provisoria-a-la-otra-abuela\/\"},\"wordCount\":485,\"publisher\":{\"@id\":\"https:\/\/apuntesdesanluis.com\/#\/schema\/person\/b55151d52296fcce64d1a72538a70b90\"},\"image\":{\"@id\":\"https:\/\/apuntesdesanluis.com\/index.php\/2024\/11\/27\/la-nina-tizi-fue-entregada-en-guarda-provisoria-a-la-otra-abuela\/#primaryimage\"},\"thumbnailUrl\":\"https:\/\/apuntesdesanluis.com\/wp-content\/uploads\/2024\/11\/nena-con-policia.png\",\"articleSection\":[\"Ciudad\/Provincia\"],\"inLanguage\":\"es-AR\"},{\"@type\":\"WebPage\",\"@id\":\"https:\/\/apuntesdesanluis.com\/index.php\/2024\/11\/27\/la-nina-tizi-fue-entregada-en-guarda-provisoria-a-la-otra-abuela\/\",\"url\":\"https:\/\/apuntesdesanluis.com\/index.php\/2024\/11\/27\/la-nina-tizi-fue-entregada-en-guarda-provisoria-a-la-otra-abuela\/\",\"name\":\"LA NI\u00d1A TIZI FUE ENTREGADA EN GUARDA PROVISORIA A LA OTRA ABUELA - Apuntes de San Luis\",\"isPartOf\":{\"@id\":\"https:\/\/apuntesdesanluis.com\/#website\"},\"primaryImageOfPage\":{\"@id\":\"https:\/\/apuntesdesanluis.com\/index.php\/2024\/11\/27\/la-nina-tizi-fue-entregada-en-guarda-provisoria-a-la-otra-abuela\/#primaryimage\"},\"image\":{\"@id\":\"https:\/\/apuntesdesanluis.com\/index.php\/2024\/11\/27\/la-nina-tizi-fue-entregada-en-guarda-provisoria-a-la-otra-abuela\/#primaryimage\"},\"thumbnailUrl\":\"https:\/\/apuntesdesanluis.com\/wp-content\/uploads\/2024\/11\/nena-con-policia.png\",\"datePublished\":\"2024-11-27T22:31:35+00:00\",\"dateModified\":\"2024-11-27T22:32:39+00:00\",\"breadcrumb\":{\"@id\":\"https:\/\/apuntesdesanluis.com\/index.php\/2024\/11\/27\/la-nina-tizi-fue-entregada-en-guarda-provisoria-a-la-otra-abuela\/#breadcrumb\"},\"inLanguage\":\"es-AR\",\"potentialAction\":[{\"@type\":\"ReadAction\",\"target\":[\"https:\/\/apuntesdesanluis.com\/index.php\/2024\/11\/27\/la-nina-tizi-fue-entregada-en-guarda-provisoria-a-la-otra-abuela\/\"]}]},{\"@type\":\"ImageObject\",\"inLanguage\":\"es-AR\",\"@id\":\"https:\/\/apuntesdesanluis.com\/index.php\/2024\/11\/27\/la-nina-tizi-fue-entregada-en-guarda-provisoria-a-la-otra-abuela\/#primaryimage\",\"url\":\"https:\/\/apuntesdesanluis.com\/wp-content\/uploads\/2024\/11\/nena-con-policia.png\",\"contentUrl\":\"https:\/\/apuntesdesanluis.com\/wp-content\/uploads\/2024\/11\/nena-con-policia.png\",\"width\":891,\"height\":683},{\"@type\":\"BreadcrumbList\",\"@id\":\"https:\/\/apuntesdesanluis.com\/index.php\/2024\/11\/27\/la-nina-tizi-fue-entregada-en-guarda-provisoria-a-la-otra-abuela\/#breadcrumb\",\"itemListElement\":[{\"@type\":\"ListItem\",\"position\":1,\"name\":\"Inicio\",\"item\":\"https:\/\/apuntesdesanluis.com\/\"},{\"@type\":\"ListItem\",\"position\":2,\"name\":\"LA NI\u00d1A TIZI FUE ENTREGADA EN GUARDA PROVISORIA A LA OTRA ABUELA\"}]},{\"@type\":\"WebSite\",\"@id\":\"https:\/\/apuntesdesanluis.com\/#website\",\"url\":\"https:\/\/apuntesdesanluis.com\/\",\"name\":\"Apuntes de San Luis\",\"description\":\"\",\"publisher\":{\"@id\":\"https:\/\/apuntesdesanluis.com\/#\/schema\/person\/b55151d52296fcce64d1a72538a70b90\"},\"potentialAction\":[{\"@type\":\"SearchAction\",\"target\":{\"@type\":\"EntryPoint\",\"urlTemplate\":\"https:\/\/apuntesdesanluis.com\/?s={search_term_string}\"},\"query-input\":{\"@type\":\"PropertyValueSpecification\",\"valueRequired\":true,\"valueName\":\"search_term_string\"}}],\"inLanguage\":\"es-AR\"},{\"@type\":[\"Person\",\"Organization\"],\"@id\":\"https:\/\/apuntesdesanluis.com\/#\/schema\/person\/b55151d52296fcce64d1a72538a70b90\",\"name\":\"apuntesdesanluis.com\",\"image\":{\"@type\":\"ImageObject\",\"inLanguage\":\"es-AR\",\"@id\":\"https:\/\/apuntesdesanluis.com\/#\/schema\/person\/image\/\",\"url\":\"https:\/\/apuntesdesanluis.com\/wp-content\/uploads\/2023\/07\/cropped-apuntesdesanluis.png\",\"contentUrl\":\"https:\/\/apuntesdesanluis.com\/wp-content\/uploads\/2023\/07\/cropped-apuntesdesanluis.png\",\"width\":450,\"height\":112,\"caption\":\"apuntesdesanluis.com\"},\"logo\":{\"@id\":\"https:\/\/apuntesdesanluis.com\/#\/schema\/person\/image\/\"},\"sameAs\":[\"https:\/\/apuntesdesanluis.com\"],\"url\":\"https:\/\/apuntesdesanluis.com\/index.php\/author\/apuntesdesanluis-com\/\"}]}<\/script>\n<!-- \/ Yoast SEO plugin. -->","yoast_head_json":{"title":"LA NI\u00d1A TIZI FUE ENTREGADA EN GUARDA PROVISORIA A LA OTRA ABUELA - Apuntes de San Luis","robots":{"index":"index","follow":"follow","max-snippet":"max-snippet:-1","max-image-preview":"max-image-preview:large","max-video-preview":"max-video-preview:-1"},"canonical":"https:\/\/apuntesdesanluis.com\/index.php\/2024\/11\/27\/la-nina-tizi-fue-entregada-en-guarda-provisoria-a-la-otra-abuela\/","og_locale":"es_ES","og_type":"article","og_title":"LA NI\u00d1A TIZI FUE ENTREGADA EN GUARDA PROVISORIA A LA OTRA ABUELA - Apuntes de San Luis","og_description":"El Juzgado de Familia, Ni\u00f1ez, Adolescencia y Violencia N\u00ba 4 de la Primera Circunscripci\u00f3n Judicial...","og_url":"https:\/\/apuntesdesanluis.com\/index.php\/2024\/11\/27\/la-nina-tizi-fue-entregada-en-guarda-provisoria-a-la-otra-abuela\/","og_site_name":"Apuntes de San Luis","article_published_time":"2024-11-27T22:31:35+00:00","article_modified_time":"2024-11-27T22:32:39+00:00","og_image":[{"width":891,"height":683,"url":"https:\/\/apuntesdesanluis.com\/wp-content\/uploads\/2024\/11\/nena-con-policia.png","type":"image\/png"}],"author":"apuntesdesanluis.com","twitter_card":"summary_large_image","twitter_misc":{"Escrito por":"apuntesdesanluis.com","Tiempo de lectura":"3 minutos"},"schema":{"@context":"https:\/\/schema.org","@graph":[{"@type":"Article","@id":"https:\/\/apuntesdesanluis.com\/index.php\/2024\/11\/27\/la-nina-tizi-fue-entregada-en-guarda-provisoria-a-la-otra-abuela\/#article","isPartOf":{"@id":"https:\/\/apuntesdesanluis.com\/index.php\/2024\/11\/27\/la-nina-tizi-fue-entregada-en-guarda-provisoria-a-la-otra-abuela\/"},"author":{"name":"apuntesdesanluis.com","@id":"https:\/\/apuntesdesanluis.com\/#\/schema\/person\/b55151d52296fcce64d1a72538a70b90"},"headline":"LA NI\u00d1A TIZI FUE ENTREGADA EN GUARDA PROVISORIA A LA OTRA ABUELA","datePublished":"2024-11-27T22:31:35+00:00","dateModified":"2024-11-27T22:32:39+00:00","mainEntityOfPage":{"@id":"https:\/\/apuntesdesanluis.com\/index.php\/2024\/11\/27\/la-nina-tizi-fue-entregada-en-guarda-provisoria-a-la-otra-abuela\/"},"wordCount":485,"publisher":{"@id":"https:\/\/apuntesdesanluis.com\/#\/schema\/person\/b55151d52296fcce64d1a72538a70b90"},"image":{"@id":"https:\/\/apuntesdesanluis.com\/index.php\/2024\/11\/27\/la-nina-tizi-fue-entregada-en-guarda-provisoria-a-la-otra-abuela\/#primaryimage"},"thumbnailUrl":"https:\/\/apuntesdesanluis.com\/wp-content\/uploads\/2024\/11\/nena-con-policia.png","articleSection":["Ciudad\/Provincia"],"inLanguage":"es-AR"},{"@type":"WebPage","@id":"https:\/\/apuntesdesanluis.com\/index.php\/2024\/11\/27\/la-nina-tizi-fue-entregada-en-guarda-provisoria-a-la-otra-abuela\/","url":"https:\/\/apuntesdesanluis.com\/index.php\/2024\/11\/27\/la-nina-tizi-fue-entregada-en-guarda-provisoria-a-la-otra-abuela\/","name":"LA NI\u00d1A TIZI FUE ENTREGADA EN GUARDA PROVISORIA A LA OTRA ABUELA - Apuntes de San Luis","isPartOf":{"@id":"https:\/\/apuntesdesanluis.com\/#website"},"primaryImageOfPage":{"@id":"https:\/\/apuntesdesanluis.com\/index.php\/2024\/11\/27\/la-nina-tizi-fue-entregada-en-guarda-provisoria-a-la-otra-abuela\/#primaryimage"},"image":{"@id":"https:\/\/apuntesdesanluis.com\/index.php\/2024\/11\/27\/la-nina-tizi-fue-entregada-en-guarda-provisoria-a-la-otra-abuela\/#primaryimage"},"thumbnailUrl":"https:\/\/apuntesdesanluis.com\/wp-content\/uploads\/2024\/11\/nena-con-policia.png","datePublished":"2024-11-27T22:31:35+00:00","dateModified":"2024-11-27T22:32:39+00:00","breadcrumb":{"@id":"https:\/\/apuntesdesanluis.com\/index.php\/2024\/11\/27\/la-nina-tizi-fue-entregada-en-guarda-provisoria-a-la-otra-abuela\/#breadcrumb"},"inLanguage":"es-AR","potentialAction":[{"@type":"ReadAction","target":["https:\/\/apuntesdesanluis.com\/index.php\/2024\/11\/27\/la-nina-tizi-fue-entregada-en-guarda-provisoria-a-la-otra-abuela\/"]}]},{"@type":"ImageObject","inLanguage":"es-AR","@id":"https:\/\/apuntesdesanluis.com\/index.php\/2024\/11\/27\/la-nina-tizi-fue-entregada-en-guarda-provisoria-a-la-otra-abuela\/#primaryimage","url":"https:\/\/apuntesdesanluis.com\/wp-content\/uploads\/2024\/11\/nena-con-policia.png","contentUrl":"https:\/\/apuntesdesanluis.com\/wp-content\/uploads\/2024\/11\/nena-con-policia.png","width":891,"height":683},{"@type":"BreadcrumbList","@id":"https:\/\/apuntesdesanluis.com\/index.php\/2024\/11\/27\/la-nina-tizi-fue-entregada-en-guarda-provisoria-a-la-otra-abuela\/#breadcrumb","itemListElement":[{"@type":"ListItem","position":1,"name":"Inicio","item":"https:\/\/apuntesdesanluis.com\/"},{"@type":"ListItem","position":2,"name":"LA NI\u00d1A TIZI FUE ENTREGADA EN GUARDA PROVISORIA A LA OTRA ABUELA"}]},{"@type":"WebSite","@id":"https:\/\/apuntesdesanluis.com\/#website","url":"https:\/\/apuntesdesanluis.com\/","name":"Apuntes de San Luis","description":"","publisher":{"@id":"https:\/\/apuntesdesanluis.com\/#\/schema\/person\/b55151d52296fcce64d1a72538a70b90"},"potentialAction":[{"@type":"SearchAction","target":{"@type":"EntryPoint","urlTemplate":"https:\/\/apuntesdesanluis.com\/?s={search_term_string}"},"query-input":{"@type":"PropertyValueSpecification","valueRequired":true,"valueName":"search_term_string"}}],"inLanguage":"es-AR"},{"@type":["Person","Organization"],"@id":"https:\/\/apuntesdesanluis.com\/#\/schema\/person\/b55151d52296fcce64d1a72538a70b90","name":"apuntesdesanluis.com","image":{"@type":"ImageObject","inLanguage":"es-AR","@id":"https:\/\/apuntesdesanluis.com\/#\/schema\/person\/image\/","url":"https:\/\/apuntesdesanluis.com\/wp-content\/uploads\/2023\/07\/cropped-apuntesdesanluis.png","contentUrl":"https:\/\/apuntesdesanluis.com\/wp-content\/uploads\/2023\/07\/cropped-apuntesdesanluis.png","width":450,"height":112,"caption":"apuntesdesanluis.com"},"logo":{"@id":"https:\/\/apuntesdesanluis.com\/#\/schema\/person\/image\/"},"sameAs":["https:\/\/apuntesdesanluis.com"],"url":"https:\/\/apuntesdesanluis.com\/index.php\/author\/apuntesdesanluis-com\/"}]}},"featured_image_urls":{"full":["https:\/\/apuntesdesanluis.com\/wp-content\/uploads\/2024\/11\/nena-con-policia.png",891,683,false],"thumbnail":["https:\/\/apuntesdesanluis.com\/wp-content\/uploads\/2024\/11\/nena-con-policia-150x150.png",150,150,true],"medium":["https:\/\/apuntesdesanluis.com\/wp-content\/uploads\/2024\/11\/nena-con-policia-300x230.png",300,230,true],"medium_large":["https:\/\/apuntesdesanluis.com\/wp-content\/uploads\/2024\/11\/nena-con-policia-768x589.png",640,491,true],"large":["https:\/\/apuntesdesanluis.com\/wp-content\/uploads\/2024\/11\/nena-con-policia.png",640,491,false],"1536x1536":["https:\/\/apuntesdesanluis.com\/wp-content\/uploads\/2024\/11\/nena-con-policia.png",891,683,false],"2048x2048":["https:\/\/apuntesdesanluis.com\/wp-content\/uploads\/2024\/11\/nena-con-policia.png",891,683,false],"newsever-slider-full":["https:\/\/apuntesdesanluis.com\/wp-content\/uploads\/2024\/11\/nena-con-policia.png",891,683,false],"newsever-featured":["https:\/\/apuntesdesanluis.com\/wp-content\/uploads\/2024\/11\/nena-con-policia.png",891,683,false],"newsever-medium":["https:\/\/apuntesdesanluis.com\/wp-content\/uploads\/2024\/11\/nena-con-policia-720x475.png",720,475,true]},"author_info":{"display_name":"apuntesdesanluis.com","author_link":"https:\/\/apuntesdesanluis.com\/index.php\/author\/apuntesdesanluis-com\/"},"category_info":"<a href=\"https:\/\/apuntesdesanluis.com\/index.php\/category\/ciudad-provincia\/\" rel=\"category tag\">Ciudad\/Provincia<\/a>","tag_info":"Ciudad\/Provincia","comment_count":"0","_links":{"self":[{"href":"https:\/\/apuntesdesanluis.com\/index.php\/wp-json\/wp\/v2\/posts\/25881","targetHints":{"allow":["GET"]}}],"collection":[{"href":"https:\/\/apuntesdesanluis.com\/index.php\/wp-json\/wp\/v2\/posts"}],"about":[{"href":"https:\/\/apuntesdesanluis.com\/index.php\/wp-json\/wp\/v2\/types\/post"}],"author":[{"embeddable":true,"href":"https:\/\/apuntesdesanluis.com\/index.php\/wp-json\/wp\/v2\/users\/1"}],"replies":[{"embeddable":true,"href":"https:\/\/apuntesdesanluis.com\/index.php\/wp-json\/wp\/v2\/comments?post=25881"}],"version-history":[{"count":3,"href":"https:\/\/apuntesdesanluis.com\/index.php\/wp-json\/wp\/v2\/posts\/25881\/revisions"}],"predecessor-version":[{"id":25888,"href":"https:\/\/apuntesdesanluis.com\/index.php\/wp-json\/wp\/v2\/posts\/25881\/revisions\/25888"}],"wp:featuredmedia":[{"embeddable":true,"href":"https:\/\/apuntesdesanluis.com\/index.php\/wp-json\/wp\/v2\/media\/25883"}],"wp:attachment":[{"href":"https:\/\/apuntesdesanluis.com\/index.php\/wp-json\/wp\/v2\/media?parent=25881"}],"wp:term":[{"taxonomy":"category","embeddable":true,"href":"https:\/\/apuntesdesanluis.com\/index.php\/wp-json\/wp\/v2\/categories?post=25881"},{"taxonomy":"post_tag","embeddable":true,"href":"https:\/\/apuntesdesanluis.com\/index.php\/wp-json\/wp\/v2\/tags?post=25881"}],"curies":[{"name":"wp","href":"https:\/\/api.w.org\/{rel}","templated":true}]}}