{"id":25889,"date":"2024-11-27T19:35:34","date_gmt":"2024-11-27T22:35:34","guid":{"rendered":"https:\/\/apuntesdesanluis.com\/?p=25889"},"modified":"2024-11-27T19:35:34","modified_gmt":"2024-11-27T22:35:34","slug":"demoraron-a-efectivo-policial-que-ocasiono-disturbios-en-un-local-comercial","status":"publish","type":"post","link":"https:\/\/apuntesdesanluis.com\/index.php\/2024\/11\/27\/demoraron-a-efectivo-policial-que-ocasiono-disturbios-en-un-local-comercial\/","title":{"rendered":"DEMORARON A EFECTIVO POLICIAL QUE OCASION\u00d3 DISTURBIOS EN UN LOCAL COMERCIAL"},"content":{"rendered":"<h3>Este martes pasado el mediod\u00eda, efectivos de la Divisi\u00f3n Polic\u00eda Ciudadana llevaron a cabo un procedimiento en la ciudad de San Luis, donde demoraron a un hombre de 38 a\u00f1os de edad, el cual result\u00f3 ser <strong>efectivo policial<\/strong>.<\/h3>\n<h3>Los uniformados realizaban recorridos de prevenci\u00f3n y fueron alertados por gritos provenientes de un local comercial ubicado en la intersecci\u00f3n de las calles Rivadavia y Lavalle.<\/h3>\n<h3>Al acudir a ese sitio, los polic\u00edas observaron a personas discutiendo, por lo que se entrevistaron con un hombre de 28 a\u00f1os, trabajador del local comercial, quien les manifest\u00f3 que el hombre de 38 a\u00f1os de edad se hab\u00eda hecho presente en el negocio para reclamar por el arreglo de un tel\u00e9fono celular y al no quedar satisfecho comenz\u00f3 a agredirlo verbalmente y a destrozar la vidriera del mostrador del local.<\/h3>\n<h3>Seguidamente, los uniformados se entrevistaron con el hombre que hab\u00eda causado da\u00f1os en el comercio y constataron que se trataba de un efectivo policial.<\/h3>\n<h3>En ese sentido, se le realiz\u00f3 la requisa correspondiente y se le secuestraron distintas pertenencias<\/h3>\n<h3>Tras el procedimiento, el efectivo policial de 38 a\u00f1os fue demorado y trasladado a la Comisar\u00eda Seccional 1\u00b0.<\/h3>\n<h3>Ante este hecho, desde la Jefatura Central de Polic\u00eda se iniciaron actuaciones de averiguaci\u00f3n de car\u00e1cter administrativas, a los efectos de establecer responsabilidades por la conducta que tuvo el oficial en un local comercial y, adem\u00e1s, se procedi\u00f3 al retiro del arma reglamentaria.<\/h3>\n<p>&nbsp;<\/p>\n<p>&nbsp;<\/p>\n<p>&nbsp;<\/p>\n<p>&nbsp;<\/p>\n","protected":false},"excerpt":{"rendered":"<p>Este martes pasado el mediod\u00eda, efectivos de la Divisi\u00f3n Polic\u00eda Ciudadana llevaron a cabo un&#8230;<\/p>\n","protected":false},"author":1,"featured_media":10758,"comment_status":"closed","ping_status":"closed","sticky":false,"template":"","format":"standard","meta":{"footnotes":""},"categories":[6],"tags":[],"class_list":["post-25889","post","type-post","status-publish","format-standard","has-post-thumbnail","hentry","category-ciudad-provincia"],"yoast_head":"<!-- This site is optimized with the Yoast SEO plugin v26.1.1 - https:\/\/yoast.com\/wordpress\/plugins\/seo\/ -->\n<title>DEMORARON A EFECTIVO POLICIAL QUE OCASION\u00d3 DISTURBIOS EN UN LOCAL COMERCIAL - Apuntes de San Luis<\/title>\n<meta name=\"robots\" content=\"index, follow, max-snippet:-1, max-image-preview:large, max-video-preview:-1\" \/>\n<link rel=\"canonical\" href=\"https:\/\/apuntesdesanluis.com\/index.php\/2024\/11\/27\/demoraron-a-efectivo-policial-que-ocasiono-disturbios-en-un-local-comercial\/\" \/>\n<meta property=\"og:locale\" content=\"es_ES\" \/>\n<meta property=\"og:type\" content=\"article\" \/>\n<meta property=\"og:title\" content=\"DEMORARON A EFECTIVO POLICIAL QUE OCASION\u00d3 DISTURBIOS EN UN LOCAL COMERCIAL - Apuntes de San Luis\" \/>\n<meta property=\"og:description\" content=\"Este martes pasado el mediod\u00eda, efectivos de la Divisi\u00f3n Polic\u00eda Ciudadana llevaron a cabo un...\" \/>\n<meta property=\"og:url\" content=\"https:\/\/apuntesdesanluis.com\/index.php\/2024\/11\/27\/demoraron-a-efectivo-policial-que-ocasiono-disturbios-en-un-local-comercial\/\" \/>\n<meta property=\"og:site_name\" content=\"Apuntes de San Luis\" \/>\n<meta property=\"article:published_time\" content=\"2024-11-27T22:35:34+00:00\" \/>\n<meta property=\"og:image\" content=\"https:\/\/apuntesdesanluis.com\/wp-content\/uploads\/2024\/01\/JEFATURA-DE-POLICIA.png\" \/>\n\t<meta property=\"og:image:width\" content=\"541\" \/>\n\t<meta property=\"og:image:height\" content=\"324\" \/>\n\t<meta property=\"og:image:type\" content=\"image\/png\" \/>\n<meta name=\"author\" content=\"apuntesdesanluis.com\" \/>\n<meta name=\"twitter:card\" content=\"summary_large_image\" \/>\n<meta name=\"twitter:label1\" content=\"Escrito por\" \/>\n\t<meta name=\"twitter:data1\" content=\"apuntesdesanluis.com\" \/>\n\t<meta name=\"twitter:label2\" content=\"Tiempo de lectura\" \/>\n\t<meta name=\"twitter:data2\" content=\"2 minutos\" \/>\n<script type=\"application\/ld+json\" class=\"yoast-schema-graph\">{\"@context\":\"https:\/\/schema.org\",\"@graph\":[{\"@type\":\"Article\",\"@id\":\"https:\/\/apuntesdesanluis.com\/index.php\/2024\/11\/27\/demoraron-a-efectivo-policial-que-ocasiono-disturbios-en-un-local-comercial\/#article\",\"isPartOf\":{\"@id\":\"https:\/\/apuntesdesanluis.com\/index.php\/2024\/11\/27\/demoraron-a-efectivo-policial-que-ocasiono-disturbios-en-un-local-comercial\/\"},\"author\":{\"name\":\"apuntesdesanluis.com\",\"@id\":\"https:\/\/apuntesdesanluis.com\/#\/schema\/person\/b55151d52296fcce64d1a72538a70b90\"},\"headline\":\"DEMORARON A EFECTIVO POLICIAL QUE OCASION\u00d3 DISTURBIOS EN UN LOCAL COMERCIAL\",\"datePublished\":\"2024-11-27T22:35:34+00:00\",\"mainEntityOfPage\":{\"@id\":\"https:\/\/apuntesdesanluis.com\/index.php\/2024\/11\/27\/demoraron-a-efectivo-policial-que-ocasiono-disturbios-en-un-local-comercial\/\"},\"wordCount\":264,\"publisher\":{\"@id\":\"https:\/\/apuntesdesanluis.com\/#\/schema\/person\/b55151d52296fcce64d1a72538a70b90\"},\"image\":{\"@id\":\"https:\/\/apuntesdesanluis.com\/index.php\/2024\/11\/27\/demoraron-a-efectivo-policial-que-ocasiono-disturbios-en-un-local-comercial\/#primaryimage\"},\"thumbnailUrl\":\"https:\/\/apuntesdesanluis.com\/wp-content\/uploads\/2024\/01\/JEFATURA-DE-POLICIA.png\",\"articleSection\":[\"Ciudad\/Provincia\"],\"inLanguage\":\"es-AR\"},{\"@type\":\"WebPage\",\"@id\":\"https:\/\/apuntesdesanluis.com\/index.php\/2024\/11\/27\/demoraron-a-efectivo-policial-que-ocasiono-disturbios-en-un-local-comercial\/\",\"url\":\"https:\/\/apuntesdesanluis.com\/index.php\/2024\/11\/27\/demoraron-a-efectivo-policial-que-ocasiono-disturbios-en-un-local-comercial\/\",\"name\":\"DEMORARON A EFECTIVO POLICIAL QUE OCASION\u00d3 DISTURBIOS EN UN LOCAL COMERCIAL - Apuntes de San Luis\",\"isPartOf\":{\"@id\":\"https:\/\/apuntesdesanluis.com\/#website\"},\"primaryImageOfPage\":{\"@id\":\"https:\/\/apuntesdesanluis.com\/index.php\/2024\/11\/27\/demoraron-a-efectivo-policial-que-ocasiono-disturbios-en-un-local-comercial\/#primaryimage\"},\"image\":{\"@id\":\"https:\/\/apuntesdesanluis.com\/index.php\/2024\/11\/27\/demoraron-a-efectivo-policial-que-ocasiono-disturbios-en-un-local-comercial\/#primaryimage\"},\"thumbnailUrl\":\"https:\/\/apuntesdesanluis.com\/wp-content\/uploads\/2024\/01\/JEFATURA-DE-POLICIA.png\",\"datePublished\":\"2024-11-27T22:35:34+00:00\",\"breadcrumb\":{\"@id\":\"https:\/\/apuntesdesanluis.com\/index.php\/2024\/11\/27\/demoraron-a-efectivo-policial-que-ocasiono-disturbios-en-un-local-comercial\/#breadcrumb\"},\"inLanguage\":\"es-AR\",\"potentialAction\":[{\"@type\":\"ReadAction\",\"target\":[\"https:\/\/apuntesdesanluis.com\/index.php\/2024\/11\/27\/demoraron-a-efectivo-policial-que-ocasiono-disturbios-en-un-local-comercial\/\"]}]},{\"@type\":\"ImageObject\",\"inLanguage\":\"es-AR\",\"@id\":\"https:\/\/apuntesdesanluis.com\/index.php\/2024\/11\/27\/demoraron-a-efectivo-policial-que-ocasiono-disturbios-en-un-local-comercial\/#primaryimage\",\"url\":\"https:\/\/apuntesdesanluis.com\/wp-content\/uploads\/2024\/01\/JEFATURA-DE-POLICIA.png\",\"contentUrl\":\"https:\/\/apuntesdesanluis.com\/wp-content\/uploads\/2024\/01\/JEFATURA-DE-POLICIA.png\",\"width\":541,\"height\":324},{\"@type\":\"BreadcrumbList\",\"@id\":\"https:\/\/apuntesdesanluis.com\/index.php\/2024\/11\/27\/demoraron-a-efectivo-policial-que-ocasiono-disturbios-en-un-local-comercial\/#breadcrumb\",\"itemListElement\":[{\"@type\":\"ListItem\",\"position\":1,\"name\":\"Inicio\",\"item\":\"https:\/\/apuntesdesanluis.com\/\"},{\"@type\":\"ListItem\",\"position\":2,\"name\":\"DEMORARON A EFECTIVO POLICIAL QUE OCASION\u00d3 DISTURBIOS EN UN LOCAL COMERCIAL\"}]},{\"@type\":\"WebSite\",\"@id\":\"https:\/\/apuntesdesanluis.com\/#website\",\"url\":\"https:\/\/apuntesdesanluis.com\/\",\"name\":\"Apuntes de San Luis\",\"description\":\"\",\"publisher\":{\"@id\":\"https:\/\/apuntesdesanluis.com\/#\/schema\/person\/b55151d52296fcce64d1a72538a70b90\"},\"potentialAction\":[{\"@type\":\"SearchAction\",\"target\":{\"@type\":\"EntryPoint\",\"urlTemplate\":\"https:\/\/apuntesdesanluis.com\/?s={search_term_string}\"},\"query-input\":{\"@type\":\"PropertyValueSpecification\",\"valueRequired\":true,\"valueName\":\"search_term_string\"}}],\"inLanguage\":\"es-AR\"},{\"@type\":[\"Person\",\"Organization\"],\"@id\":\"https:\/\/apuntesdesanluis.com\/#\/schema\/person\/b55151d52296fcce64d1a72538a70b90\",\"name\":\"apuntesdesanluis.com\",\"image\":{\"@type\":\"ImageObject\",\"inLanguage\":\"es-AR\",\"@id\":\"https:\/\/apuntesdesanluis.com\/#\/schema\/person\/image\/\",\"url\":\"https:\/\/apuntesdesanluis.com\/wp-content\/uploads\/2023\/07\/cropped-apuntesdesanluis.png\",\"contentUrl\":\"https:\/\/apuntesdesanluis.com\/wp-content\/uploads\/2023\/07\/cropped-apuntesdesanluis.png\",\"width\":450,\"height\":112,\"caption\":\"apuntesdesanluis.com\"},\"logo\":{\"@id\":\"https:\/\/apuntesdesanluis.com\/#\/schema\/person\/image\/\"},\"sameAs\":[\"https:\/\/apuntesdesanluis.com\"],\"url\":\"https:\/\/apuntesdesanluis.com\/index.php\/author\/apuntesdesanluis-com\/\"}]}<\/script>\n<!-- \/ Yoast SEO plugin. -->","yoast_head_json":{"title":"DEMORARON A EFECTIVO POLICIAL QUE OCASION\u00d3 DISTURBIOS EN UN LOCAL COMERCIAL - Apuntes de San Luis","robots":{"index":"index","follow":"follow","max-snippet":"max-snippet:-1","max-image-preview":"max-image-preview:large","max-video-preview":"max-video-preview:-1"},"canonical":"https:\/\/apuntesdesanluis.com\/index.php\/2024\/11\/27\/demoraron-a-efectivo-policial-que-ocasiono-disturbios-en-un-local-comercial\/","og_locale":"es_ES","og_type":"article","og_title":"DEMORARON A EFECTIVO POLICIAL QUE OCASION\u00d3 DISTURBIOS EN UN LOCAL COMERCIAL - Apuntes de San Luis","og_description":"Este martes pasado el mediod\u00eda, efectivos de la Divisi\u00f3n Polic\u00eda Ciudadana llevaron a cabo un...","og_url":"https:\/\/apuntesdesanluis.com\/index.php\/2024\/11\/27\/demoraron-a-efectivo-policial-que-ocasiono-disturbios-en-un-local-comercial\/","og_site_name":"Apuntes de San Luis","article_published_time":"2024-11-27T22:35:34+00:00","og_image":[{"width":541,"height":324,"url":"https:\/\/apuntesdesanluis.com\/wp-content\/uploads\/2024\/01\/JEFATURA-DE-POLICIA.png","type":"image\/png"}],"author":"apuntesdesanluis.com","twitter_card":"summary_large_image","twitter_misc":{"Escrito por":"apuntesdesanluis.com","Tiempo de lectura":"2 minutos"},"schema":{"@context":"https:\/\/schema.org","@graph":[{"@type":"Article","@id":"https:\/\/apuntesdesanluis.com\/index.php\/2024\/11\/27\/demoraron-a-efectivo-policial-que-ocasiono-disturbios-en-un-local-comercial\/#article","isPartOf":{"@id":"https:\/\/apuntesdesanluis.com\/index.php\/2024\/11\/27\/demoraron-a-efectivo-policial-que-ocasiono-disturbios-en-un-local-comercial\/"},"author":{"name":"apuntesdesanluis.com","@id":"https:\/\/apuntesdesanluis.com\/#\/schema\/person\/b55151d52296fcce64d1a72538a70b90"},"headline":"DEMORARON A EFECTIVO POLICIAL QUE OCASION\u00d3 DISTURBIOS EN UN LOCAL COMERCIAL","datePublished":"2024-11-27T22:35:34+00:00","mainEntityOfPage":{"@id":"https:\/\/apuntesdesanluis.com\/index.php\/2024\/11\/27\/demoraron-a-efectivo-policial-que-ocasiono-disturbios-en-un-local-comercial\/"},"wordCount":264,"publisher":{"@id":"https:\/\/apuntesdesanluis.com\/#\/schema\/person\/b55151d52296fcce64d1a72538a70b90"},"image":{"@id":"https:\/\/apuntesdesanluis.com\/index.php\/2024\/11\/27\/demoraron-a-efectivo-policial-que-ocasiono-disturbios-en-un-local-comercial\/#primaryimage"},"thumbnailUrl":"https:\/\/apuntesdesanluis.com\/wp-content\/uploads\/2024\/01\/JEFATURA-DE-POLICIA.png","articleSection":["Ciudad\/Provincia"],"inLanguage":"es-AR"},{"@type":"WebPage","@id":"https:\/\/apuntesdesanluis.com\/index.php\/2024\/11\/27\/demoraron-a-efectivo-policial-que-ocasiono-disturbios-en-un-local-comercial\/","url":"https:\/\/apuntesdesanluis.com\/index.php\/2024\/11\/27\/demoraron-a-efectivo-policial-que-ocasiono-disturbios-en-un-local-comercial\/","name":"DEMORARON A EFECTIVO POLICIAL QUE OCASION\u00d3 DISTURBIOS EN UN LOCAL COMERCIAL - Apuntes de San Luis","isPartOf":{"@id":"https:\/\/apuntesdesanluis.com\/#website"},"primaryImageOfPage":{"@id":"https:\/\/apuntesdesanluis.com\/index.php\/2024\/11\/27\/demoraron-a-efectivo-policial-que-ocasiono-disturbios-en-un-local-comercial\/#primaryimage"},"image":{"@id":"https:\/\/apuntesdesanluis.com\/index.php\/2024\/11\/27\/demoraron-a-efectivo-policial-que-ocasiono-disturbios-en-un-local-comercial\/#primaryimage"},"thumbnailUrl":"https:\/\/apuntesdesanluis.com\/wp-content\/uploads\/2024\/01\/JEFATURA-DE-POLICIA.png","datePublished":"2024-11-27T22:35:34+00:00","breadcrumb":{"@id":"https:\/\/apuntesdesanluis.com\/index.php\/2024\/11\/27\/demoraron-a-efectivo-policial-que-ocasiono-disturbios-en-un-local-comercial\/#breadcrumb"},"inLanguage":"es-AR","potentialAction":[{"@type":"ReadAction","target":["https:\/\/apuntesdesanluis.com\/index.php\/2024\/11\/27\/demoraron-a-efectivo-policial-que-ocasiono-disturbios-en-un-local-comercial\/"]}]},{"@type":"ImageObject","inLanguage":"es-AR","@id":"https:\/\/apuntesdesanluis.com\/index.php\/2024\/11\/27\/demoraron-a-efectivo-policial-que-ocasiono-disturbios-en-un-local-comercial\/#primaryimage","url":"https:\/\/apuntesdesanluis.com\/wp-content\/uploads\/2024\/01\/JEFATURA-DE-POLICIA.png","contentUrl":"https:\/\/apuntesdesanluis.com\/wp-content\/uploads\/2024\/01\/JEFATURA-DE-POLICIA.png","width":541,"height":324},{"@type":"BreadcrumbList","@id":"https:\/\/apuntesdesanluis.com\/index.php\/2024\/11\/27\/demoraron-a-efectivo-policial-que-ocasiono-disturbios-en-un-local-comercial\/#breadcrumb","itemListElement":[{"@type":"ListItem","position":1,"name":"Inicio","item":"https:\/\/apuntesdesanluis.com\/"},{"@type":"ListItem","position":2,"name":"DEMORARON A EFECTIVO POLICIAL QUE OCASION\u00d3 DISTURBIOS EN UN LOCAL COMERCIAL"}]},{"@type":"WebSite","@id":"https:\/\/apuntesdesanluis.com\/#website","url":"https:\/\/apuntesdesanluis.com\/","name":"Apuntes de San Luis","description":"","publisher":{"@id":"https:\/\/apuntesdesanluis.com\/#\/schema\/person\/b55151d52296fcce64d1a72538a70b90"},"potentialAction":[{"@type":"SearchAction","target":{"@type":"EntryPoint","urlTemplate":"https:\/\/apuntesdesanluis.com\/?s={search_term_string}"},"query-input":{"@type":"PropertyValueSpecification","valueRequired":true,"valueName":"search_term_string"}}],"inLanguage":"es-AR"},{"@type":["Person","Organization"],"@id":"https:\/\/apuntesdesanluis.com\/#\/schema\/person\/b55151d52296fcce64d1a72538a70b90","name":"apuntesdesanluis.com","image":{"@type":"ImageObject","inLanguage":"es-AR","@id":"https:\/\/apuntesdesanluis.com\/#\/schema\/person\/image\/","url":"https:\/\/apuntesdesanluis.com\/wp-content\/uploads\/2023\/07\/cropped-apuntesdesanluis.png","contentUrl":"https:\/\/apuntesdesanluis.com\/wp-content\/uploads\/2023\/07\/cropped-apuntesdesanluis.png","width":450,"height":112,"caption":"apuntesdesanluis.com"},"logo":{"@id":"https:\/\/apuntesdesanluis.com\/#\/schema\/person\/image\/"},"sameAs":["https:\/\/apuntesdesanluis.com"],"url":"https:\/\/apuntesdesanluis.com\/index.php\/author\/apuntesdesanluis-com\/"}]}},"featured_image_urls":{"full":["https:\/\/apuntesdesanluis.com\/wp-content\/uploads\/2024\/01\/JEFATURA-DE-POLICIA.png",541,324,false],"thumbnail":["https:\/\/apuntesdesanluis.com\/wp-content\/uploads\/2024\/01\/JEFATURA-DE-POLICIA-150x150.png",150,150,true],"medium":["https:\/\/apuntesdesanluis.com\/wp-content\/uploads\/2024\/01\/JEFATURA-DE-POLICIA-300x180.png",300,180,true],"medium_large":["https:\/\/apuntesdesanluis.com\/wp-content\/uploads\/2024\/01\/JEFATURA-DE-POLICIA.png",541,324,false],"large":["https:\/\/apuntesdesanluis.com\/wp-content\/uploads\/2024\/01\/JEFATURA-DE-POLICIA.png",541,324,false],"1536x1536":["https:\/\/apuntesdesanluis.com\/wp-content\/uploads\/2024\/01\/JEFATURA-DE-POLICIA.png",541,324,false],"2048x2048":["https:\/\/apuntesdesanluis.com\/wp-content\/uploads\/2024\/01\/JEFATURA-DE-POLICIA.png",541,324,false],"newsever-slider-full":["https:\/\/apuntesdesanluis.com\/wp-content\/uploads\/2024\/01\/JEFATURA-DE-POLICIA.png",541,324,false],"newsever-featured":["https:\/\/apuntesdesanluis.com\/wp-content\/uploads\/2024\/01\/JEFATURA-DE-POLICIA.png",541,324,false],"newsever-medium":["https:\/\/apuntesdesanluis.com\/wp-content\/uploads\/2024\/01\/JEFATURA-DE-POLICIA.png",541,324,false]},"author_info":{"display_name":"apuntesdesanluis.com","author_link":"https:\/\/apuntesdesanluis.com\/index.php\/author\/apuntesdesanluis-com\/"},"category_info":"<a href=\"https:\/\/apuntesdesanluis.com\/index.php\/category\/ciudad-provincia\/\" rel=\"category tag\">Ciudad\/Provincia<\/a>","tag_info":"Ciudad\/Provincia","comment_count":"0","_links":{"self":[{"href":"https:\/\/apuntesdesanluis.com\/index.php\/wp-json\/wp\/v2\/posts\/25889","targetHints":{"allow":["GET"]}}],"collection":[{"href":"https:\/\/apuntesdesanluis.com\/index.php\/wp-json\/wp\/v2\/posts"}],"about":[{"href":"https:\/\/apuntesdesanluis.com\/index.php\/wp-json\/wp\/v2\/types\/post"}],"author":[{"embeddable":true,"href":"https:\/\/apuntesdesanluis.com\/index.php\/wp-json\/wp\/v2\/users\/1"}],"replies":[{"embeddable":true,"href":"https:\/\/apuntesdesanluis.com\/index.php\/wp-json\/wp\/v2\/comments?post=25889"}],"version-history":[{"count":1,"href":"https:\/\/apuntesdesanluis.com\/index.php\/wp-json\/wp\/v2\/posts\/25889\/revisions"}],"predecessor-version":[{"id":25890,"href":"https:\/\/apuntesdesanluis.com\/index.php\/wp-json\/wp\/v2\/posts\/25889\/revisions\/25890"}],"wp:featuredmedia":[{"embeddable":true,"href":"https:\/\/apuntesdesanluis.com\/index.php\/wp-json\/wp\/v2\/media\/10758"}],"wp:attachment":[{"href":"https:\/\/apuntesdesanluis.com\/index.php\/wp-json\/wp\/v2\/media?parent=25889"}],"wp:term":[{"taxonomy":"category","embeddable":true,"href":"https:\/\/apuntesdesanluis.com\/index.php\/wp-json\/wp\/v2\/categories?post=25889"},{"taxonomy":"post_tag","embeddable":true,"href":"https:\/\/apuntesdesanluis.com\/index.php\/wp-json\/wp\/v2\/tags?post=25889"}],"curies":[{"name":"wp","href":"https:\/\/api.w.org\/{rel}","templated":true}]}}