{"id":25894,"date":"2024-11-27T19:48:50","date_gmt":"2024-11-27T22:48:50","guid":{"rendered":"https:\/\/apuntesdesanluis.com\/?p=25894"},"modified":"2024-11-27T19:48:50","modified_gmt":"2024-11-27T22:48:50","slug":"francos-defendio-el-primer-ano-de-gobierno-de-milei-y-admitio-que-se-considera-la-candidatura-de-una-mujer-a-la-corte","status":"publish","type":"post","link":"https:\/\/apuntesdesanluis.com\/index.php\/2024\/11\/27\/francos-defendio-el-primer-ano-de-gobierno-de-milei-y-admitio-que-se-considera-la-candidatura-de-una-mujer-a-la-corte\/","title":{"rendered":"FRANCOS DEFENDI\u00d3 EL PRIMER A\u00d1O DE GOBIERNO DE MILEI Y ADMITI\u00d3 QUE SE CONSIDERA LA CANDIDATURA DE UNA MUJER A LA CORTE"},"content":{"rendered":"<h3>El jefe de Gabinete, <strong>Guillermo Francos<\/strong>, expuso este mi\u00e9rcoles ante el <strong>Senado<\/strong> el tercer informe de gesti\u00f3n de gobierno con foco en el -casi- primer a\u00f1o del presidente <strong>Javier Milei<\/strong> en la Casa Rosada y respondi\u00f3 las preguntas de los senadores, entre las que se destac\u00f3 la puesta en consideraci\u00f3n de la candidatura de una mujer a ocupar la <strong>Corte Suprema de Justicia<\/strong>.<\/h3>\n<h3>Francos inici\u00f3 a las 10:25 su alocuci\u00f3n y se extendi\u00f3 hasta casi las 12. En ese lapso, asegur\u00f3 que en los primeros diez meses de el Gobierno pudo &#8220;desarmar un Estado elefanti\u00e1sico y corrupto que fue una m\u00e1quina de impedir a quienes trabajan, invierten, apuestan por el pa\u00eds y sue\u00f1an con desarrollar su proyecto de vida en libertad&#8221;.<\/h3>\n<h3>Para el ministro coordinador, el administraci\u00f3n libertaria se acerca a su primer a\u00f1o en Balcarce 50 &#8220;marcado por decisiones firmes, transformaciones profundas y mucha gesti\u00f3n, que orientaron a la Argentina hacia un futuro de crecimiento, desarrollo y libertad&#8221;. En esa l\u00ednea, le hizo un gui\u00f1o al ministro de Econom\u00eda, Luis Caputo.<\/h3>\n<h3>Sostuvo que, gracias a su rumbo econ\u00f3mico, &#8220;lograron ordenar la situaci\u00f3n macroecon\u00f3mica y establecer las bases firmes para el crecimiento y el desarrollo de la Argentina&#8221;. Resalt\u00f3 tambi\u00e9n la baja de la inflaci\u00f3n, el super\u00e1vit fiscal y la acumulaci\u00f3n de reservas &#8220;en casi 10 mil millones de d\u00f3lares&#8221;.<\/h3>\n<h3>A su vez, Francos hizo en hincapi\u00e9 en la actividad econ\u00f3mica y cit\u00f3 datos del mes de octubre: &#8220;Durante los primeros nueve meses de 2024, el promedio general de aumento de salarios seg\u00fan el INDEC fue de 119,2%; 17,6 puntos porcentuales por encima de la inflaci\u00f3n acumulada en ese mismo per\u00edodo&#8221;.<\/h3>\n<h3>Ya en la ronda de preguntas y respuestas, que dur\u00f3 m\u00e1s de cinco horas, resalt\u00f3 la definici\u00f3n de Francos sobre la Corte y la posible inclusi\u00f3n de una mujer. D\u00edas atr\u00e1s, el ex ministro del Interior hab\u00eda deslizado la posibilidad de que la Casa Rosada nombre por decreto a los candidatos a integrar el m\u00e1ximo tribunal propuestos por Milei a comienzo de su mandato: el juez federal Ariel Lijo y el abogado constitucionalista Manuel Garc\u00eda Mansilla.<\/h3>\n<h3>&#8220;El Gobierno mand\u00f3 al Senado estos dos pliegos (Lijo y Garc\u00eda Mansilla) y tiene que resolver. Entendemos el reclamo por la presencia de una jueza mujer en la Corte. Seguramente, ser\u00e1 un tema que el Presidente va a considerar, en el caso de que estos pliegos no avancen&#8221;, explic\u00f3 Francos.<\/h3>\n<h3>Se trata de uno de los reclamos centrales que le realiza la oposici\u00f3n a la Casa Rosada. Ser\u00eda para ocupar el lugar que dej\u00f3 la ex ministra de la Corte Helena Highton. Para ese espacio vac\u00edo, el oficialismo postul\u00f3 a Lijo. Sin embargo, el pliego del juez federal es el m\u00e1s encaminado a quedar habilitado para su tratamiento en el recinto.<\/h3>\n<h3>M\u00e1s all\u00e1 de la novedosa declaraci\u00f3n, Francos volvi\u00f3 a poner en tema que no descarta el nombramiento por decreto y hasta habl\u00f3 de acefal\u00eda en el Corte. Actualmente, el tribunal supremo est\u00e1 compuesto por cuatro integrantes, entre ellos, Juan Carlos Maqueda, que se jubilar\u00e1 diciembre. Por lo que la Corte quedar\u00e1 conformada por solo tres magistrados.<\/h3>\n<h3>En este contexto, el jefe de Gabinete insisti\u00f3 con un eventual designaci\u00f3n por decreto: &#8220;No descarto que pueda pasar que, si la Corte se queda cercana a la acefal\u00eda, el Presidente puede ejercer esa facultad que est\u00e1 establecida en la Constituci\u00f3n de manera transitoria&#8221;.<\/h3>\n<h3>El resto de las consultas hacia Francos oscilaron entre los temas que m\u00e1s pol\u00e9mica suscitaron a lo largo del a\u00f1o Legislativo, t\u00f3picos que fueron discutidos antes y despu\u00e9s de la aprobaci\u00f3n de la Ley Bases y el Paquete Fiscal como, por ejemplo, la privatizaci\u00f3n de Aerol\u00edneas Argentinas y el presupuesto universitario.<\/h3>\n<h3>Con respecto a Aerol\u00edneas Argentinas, el abogado asegur\u00f3 que avanzar\u00e1n hacia su privatizaci\u00f3n: &#8220;No estamos dispuestos a financiar con el dinero de todos los argentinos una empresa con un d\u00e9ficit operativo cercano a los 400 millones de d\u00f3lares, cuyos servicios utiliza una \u00ednfima parte de la poblaci\u00f3n&#8221;.<\/h3>\n<h3>Sobre universidades, Francos afirm\u00f3 que &#8220;hubo una puja no querida por parte del Gobierno&#8221;. &#8220;S\u00ed el Gobierno hizo una referencia al tema con respecto a las auditor\u00edas&#8221;, aclar\u00f3 el mandam\u00e1s de la administraci\u00f3n mile\u00edsta al recordar el conflicto universitario que llev\u00f3 al oficialismo a vetar la ley que propon\u00eda la actualizaci\u00f3n de las partidas presupuestarias de las casas de altos estudios.<\/h3>\n<h3>La ronda de cierres, a cargo de los jefe de bloque, la inici\u00f3 el senador Eduardo Vischi (Corrientes), titular de la Uni\u00f3n C\u00edvica Radical (UCR), en la C\u00e1mara alta, quien abog\u00f3 por mayor federalismo por parte del Gobierno nacional, tras algunos dardos al kirchnerismo. Se trata de uno de los legisladores con gran di\u00e1logo con el oficialismo.<\/h3>\n<h3>Le sigui\u00f3 la titular de Uni\u00f3n por la Patria, Juliana Di Tullio (Buenos Aires), que chicane\u00f3 a Francos al calificarlo como un antiguo habitante del &#8220;Estado&#8221;. &#8220;Es un hombre el\u00e1stico ideol\u00f3gicamente&#8221;, le espet\u00f3 la bonaerense, luego de que la senadora Anabel Fern\u00e1ndez Sagasti (Mendoza) contara que Francos tuvo su primer cargo p\u00fablico en 1971.<\/h3>\n<h3>Di Tullio, cercana al c\u00edrculo \u00edntimo de la ex presidenta Cristina Kirchner, llev\u00f3 al hemiciclo senatorial la discusi\u00f3n del Presupuesto 2025 y cuestion\u00f3 la transparencia, palabra que Francos utiliz\u00f3 en su alocuci\u00f3n inicial, y coment\u00f3: &#8220;El Presidente quiere hacer un ejercicio transparente con una pr\u00f3rroga del ejercicio 2023&#8221;.<\/h3>\n<h3>Jos\u00e9 Mayans, del Frente Nacional y Popular, l\u00edder del interbloque peronista, centraliz\u00f3 su intervenci\u00f3n en la deuda externa, luego de que el ministro Caputo, en consonancia con el Ejecutivo, emitieran el DNU 846\/24 que les permite omitir al Congreso de la Naci\u00f3n en el proceso del canje de la deuda.<\/h3>\n<h3>&#8220;La deuda establecida por la constituci\u00f3n tiene que pasar por el Congreso. \u00a1No pueden hacer lo que se les cante las pelotas de la deuda externa del pa\u00eds!. \u00bfCu\u00e1nto van a negociar? \u00bfNos van a mostrar cuando lleguen al 100 del PBI?&#8221;, se pregunto en un fuerte tono Mayans, que retumb\u00f3 en el primer piso del Senado.<\/h3>\n<h3>Mayans tambi\u00e9n hizo \u00e9nfasis en la Corte Suprema y le entreg\u00f3 a Francos una nota firmada por todo el interbloque kirchnerista en la que rechazan la designaci\u00f3n por decreto. No obstante, Mayans invit\u00f3 al Gobierno nacional a acordar con las fuerzas pol\u00edticas no solo las designaciones en el tribunal supremo, sino tambi\u00e9n otros cargos como la Procuraci\u00f3n General de la Naci\u00f3n.<\/h3>\n<p>&nbsp;<\/p>\n<p>&nbsp;<\/p>\n<p>&nbsp;<\/p>\n","protected":false},"excerpt":{"rendered":"<p>El jefe de Gabinete, Guillermo Francos, expuso este mi\u00e9rcoles ante el Senado el tercer informe&#8230;<\/p>\n","protected":false},"author":1,"featured_media":25895,"comment_status":"closed","ping_status":"closed","sticky":false,"template":"","format":"standard","meta":{"footnotes":""},"categories":[5],"tags":[],"class_list":["post-25894","post","type-post","status-publish","format-standard","has-post-thumbnail","hentry","category-nacionales-internacionales"],"yoast_head":"<!-- This site is optimized with the Yoast SEO plugin v26.1.1 - https:\/\/yoast.com\/wordpress\/plugins\/seo\/ -->\n<title>FRANCOS DEFENDI\u00d3 EL PRIMER A\u00d1O DE GOBIERNO DE MILEI Y ADMITI\u00d3 QUE SE CONSIDERA LA CANDIDATURA DE UNA MUJER A LA CORTE - Apuntes de San Luis<\/title>\n<meta name=\"robots\" content=\"index, follow, max-snippet:-1, max-image-preview:large, max-video-preview:-1\" \/>\n<link rel=\"canonical\" href=\"https:\/\/apuntesdesanluis.com\/index.php\/2024\/11\/27\/francos-defendio-el-primer-ano-de-gobierno-de-milei-y-admitio-que-se-considera-la-candidatura-de-una-mujer-a-la-corte\/\" \/>\n<meta property=\"og:locale\" content=\"es_ES\" \/>\n<meta property=\"og:type\" content=\"article\" \/>\n<meta property=\"og:title\" content=\"FRANCOS DEFENDI\u00d3 EL PRIMER A\u00d1O DE GOBIERNO DE MILEI Y ADMITI\u00d3 QUE SE CONSIDERA LA CANDIDATURA DE UNA MUJER A LA CORTE - Apuntes de San Luis\" \/>\n<meta property=\"og:description\" content=\"El jefe de Gabinete, Guillermo Francos, expuso este mi\u00e9rcoles ante el Senado el tercer informe...\" \/>\n<meta property=\"og:url\" content=\"https:\/\/apuntesdesanluis.com\/index.php\/2024\/11\/27\/francos-defendio-el-primer-ano-de-gobierno-de-milei-y-admitio-que-se-considera-la-candidatura-de-una-mujer-a-la-corte\/\" \/>\n<meta property=\"og:site_name\" content=\"Apuntes de San Luis\" \/>\n<meta property=\"article:published_time\" content=\"2024-11-27T22:48:50+00:00\" \/>\n<meta property=\"og:image\" content=\"https:\/\/apuntesdesanluis.com\/wp-content\/uploads\/2024\/11\/francos.png\" \/>\n\t<meta property=\"og:image:width\" content=\"723\" \/>\n\t<meta property=\"og:image:height\" content=\"422\" \/>\n\t<meta property=\"og:image:type\" content=\"image\/png\" \/>\n<meta name=\"author\" content=\"apuntesdesanluis.com\" \/>\n<meta name=\"twitter:card\" content=\"summary_large_image\" \/>\n<meta name=\"twitter:label1\" content=\"Escrito por\" \/>\n\t<meta name=\"twitter:data1\" content=\"apuntesdesanluis.com\" \/>\n\t<meta name=\"twitter:label2\" content=\"Tiempo de lectura\" \/>\n\t<meta name=\"twitter:data2\" content=\"5 minutos\" \/>\n<script type=\"application\/ld+json\" class=\"yoast-schema-graph\">{\"@context\":\"https:\/\/schema.org\",\"@graph\":[{\"@type\":\"Article\",\"@id\":\"https:\/\/apuntesdesanluis.com\/index.php\/2024\/11\/27\/francos-defendio-el-primer-ano-de-gobierno-de-milei-y-admitio-que-se-considera-la-candidatura-de-una-mujer-a-la-corte\/#article\",\"isPartOf\":{\"@id\":\"https:\/\/apuntesdesanluis.com\/index.php\/2024\/11\/27\/francos-defendio-el-primer-ano-de-gobierno-de-milei-y-admitio-que-se-considera-la-candidatura-de-una-mujer-a-la-corte\/\"},\"author\":{\"name\":\"apuntesdesanluis.com\",\"@id\":\"https:\/\/apuntesdesanluis.com\/#\/schema\/person\/b55151d52296fcce64d1a72538a70b90\"},\"headline\":\"FRANCOS DEFENDI\u00d3 EL PRIMER A\u00d1O DE GOBIERNO DE MILEI Y ADMITI\u00d3 QUE SE CONSIDERA LA CANDIDATURA DE UNA MUJER A LA CORTE\",\"datePublished\":\"2024-11-27T22:48:50+00:00\",\"mainEntityOfPage\":{\"@id\":\"https:\/\/apuntesdesanluis.com\/index.php\/2024\/11\/27\/francos-defendio-el-primer-ano-de-gobierno-de-milei-y-admitio-que-se-considera-la-candidatura-de-una-mujer-a-la-corte\/\"},\"wordCount\":1148,\"publisher\":{\"@id\":\"https:\/\/apuntesdesanluis.com\/#\/schema\/person\/b55151d52296fcce64d1a72538a70b90\"},\"image\":{\"@id\":\"https:\/\/apuntesdesanluis.com\/index.php\/2024\/11\/27\/francos-defendio-el-primer-ano-de-gobierno-de-milei-y-admitio-que-se-considera-la-candidatura-de-una-mujer-a-la-corte\/#primaryimage\"},\"thumbnailUrl\":\"https:\/\/apuntesdesanluis.com\/wp-content\/uploads\/2024\/11\/francos.png\",\"articleSection\":[\"Nacionales\/Internacionales\"],\"inLanguage\":\"es-AR\"},{\"@type\":\"WebPage\",\"@id\":\"https:\/\/apuntesdesanluis.com\/index.php\/2024\/11\/27\/francos-defendio-el-primer-ano-de-gobierno-de-milei-y-admitio-que-se-considera-la-candidatura-de-una-mujer-a-la-corte\/\",\"url\":\"https:\/\/apuntesdesanluis.com\/index.php\/2024\/11\/27\/francos-defendio-el-primer-ano-de-gobierno-de-milei-y-admitio-que-se-considera-la-candidatura-de-una-mujer-a-la-corte\/\",\"name\":\"FRANCOS DEFENDI\u00d3 EL PRIMER A\u00d1O DE GOBIERNO DE MILEI Y ADMITI\u00d3 QUE SE CONSIDERA LA CANDIDATURA DE UNA MUJER A LA CORTE - Apuntes de San Luis\",\"isPartOf\":{\"@id\":\"https:\/\/apuntesdesanluis.com\/#website\"},\"primaryImageOfPage\":{\"@id\":\"https:\/\/apuntesdesanluis.com\/index.php\/2024\/11\/27\/francos-defendio-el-primer-ano-de-gobierno-de-milei-y-admitio-que-se-considera-la-candidatura-de-una-mujer-a-la-corte\/#primaryimage\"},\"image\":{\"@id\":\"https:\/\/apuntesdesanluis.com\/index.php\/2024\/11\/27\/francos-defendio-el-primer-ano-de-gobierno-de-milei-y-admitio-que-se-considera-la-candidatura-de-una-mujer-a-la-corte\/#primaryimage\"},\"thumbnailUrl\":\"https:\/\/apuntesdesanluis.com\/wp-content\/uploads\/2024\/11\/francos.png\",\"datePublished\":\"2024-11-27T22:48:50+00:00\",\"breadcrumb\":{\"@id\":\"https:\/\/apuntesdesanluis.com\/index.php\/2024\/11\/27\/francos-defendio-el-primer-ano-de-gobierno-de-milei-y-admitio-que-se-considera-la-candidatura-de-una-mujer-a-la-corte\/#breadcrumb\"},\"inLanguage\":\"es-AR\",\"potentialAction\":[{\"@type\":\"ReadAction\",\"target\":[\"https:\/\/apuntesdesanluis.com\/index.php\/2024\/11\/27\/francos-defendio-el-primer-ano-de-gobierno-de-milei-y-admitio-que-se-considera-la-candidatura-de-una-mujer-a-la-corte\/\"]}]},{\"@type\":\"ImageObject\",\"inLanguage\":\"es-AR\",\"@id\":\"https:\/\/apuntesdesanluis.com\/index.php\/2024\/11\/27\/francos-defendio-el-primer-ano-de-gobierno-de-milei-y-admitio-que-se-considera-la-candidatura-de-una-mujer-a-la-corte\/#primaryimage\",\"url\":\"https:\/\/apuntesdesanluis.com\/wp-content\/uploads\/2024\/11\/francos.png\",\"contentUrl\":\"https:\/\/apuntesdesanluis.com\/wp-content\/uploads\/2024\/11\/francos.png\",\"width\":723,\"height\":422},{\"@type\":\"BreadcrumbList\",\"@id\":\"https:\/\/apuntesdesanluis.com\/index.php\/2024\/11\/27\/francos-defendio-el-primer-ano-de-gobierno-de-milei-y-admitio-que-se-considera-la-candidatura-de-una-mujer-a-la-corte\/#breadcrumb\",\"itemListElement\":[{\"@type\":\"ListItem\",\"position\":1,\"name\":\"Inicio\",\"item\":\"https:\/\/apuntesdesanluis.com\/\"},{\"@type\":\"ListItem\",\"position\":2,\"name\":\"FRANCOS DEFENDI\u00d3 EL PRIMER A\u00d1O DE GOBIERNO DE MILEI Y ADMITI\u00d3 QUE SE CONSIDERA LA CANDIDATURA DE UNA MUJER A LA CORTE\"}]},{\"@type\":\"WebSite\",\"@id\":\"https:\/\/apuntesdesanluis.com\/#website\",\"url\":\"https:\/\/apuntesdesanluis.com\/\",\"name\":\"Apuntes de San Luis\",\"description\":\"\",\"publisher\":{\"@id\":\"https:\/\/apuntesdesanluis.com\/#\/schema\/person\/b55151d52296fcce64d1a72538a70b90\"},\"potentialAction\":[{\"@type\":\"SearchAction\",\"target\":{\"@type\":\"EntryPoint\",\"urlTemplate\":\"https:\/\/apuntesdesanluis.com\/?s={search_term_string}\"},\"query-input\":{\"@type\":\"PropertyValueSpecification\",\"valueRequired\":true,\"valueName\":\"search_term_string\"}}],\"inLanguage\":\"es-AR\"},{\"@type\":[\"Person\",\"Organization\"],\"@id\":\"https:\/\/apuntesdesanluis.com\/#\/schema\/person\/b55151d52296fcce64d1a72538a70b90\",\"name\":\"apuntesdesanluis.com\",\"image\":{\"@type\":\"ImageObject\",\"inLanguage\":\"es-AR\",\"@id\":\"https:\/\/apuntesdesanluis.com\/#\/schema\/person\/image\/\",\"url\":\"https:\/\/apuntesdesanluis.com\/wp-content\/uploads\/2023\/07\/cropped-apuntesdesanluis.png\",\"contentUrl\":\"https:\/\/apuntesdesanluis.com\/wp-content\/uploads\/2023\/07\/cropped-apuntesdesanluis.png\",\"width\":450,\"height\":112,\"caption\":\"apuntesdesanluis.com\"},\"logo\":{\"@id\":\"https:\/\/apuntesdesanluis.com\/#\/schema\/person\/image\/\"},\"sameAs\":[\"https:\/\/apuntesdesanluis.com\"],\"url\":\"https:\/\/apuntesdesanluis.com\/index.php\/author\/apuntesdesanluis-com\/\"}]}<\/script>\n<!-- \/ Yoast SEO plugin. -->","yoast_head_json":{"title":"FRANCOS DEFENDI\u00d3 EL PRIMER A\u00d1O DE GOBIERNO DE MILEI Y ADMITI\u00d3 QUE SE CONSIDERA LA CANDIDATURA DE UNA MUJER A LA CORTE - Apuntes de San Luis","robots":{"index":"index","follow":"follow","max-snippet":"max-snippet:-1","max-image-preview":"max-image-preview:large","max-video-preview":"max-video-preview:-1"},"canonical":"https:\/\/apuntesdesanluis.com\/index.php\/2024\/11\/27\/francos-defendio-el-primer-ano-de-gobierno-de-milei-y-admitio-que-se-considera-la-candidatura-de-una-mujer-a-la-corte\/","og_locale":"es_ES","og_type":"article","og_title":"FRANCOS DEFENDI\u00d3 EL PRIMER A\u00d1O DE GOBIERNO DE MILEI Y ADMITI\u00d3 QUE SE CONSIDERA LA CANDIDATURA DE UNA MUJER A LA CORTE - Apuntes de San Luis","og_description":"El jefe de Gabinete, Guillermo Francos, expuso este mi\u00e9rcoles ante el Senado el tercer informe...","og_url":"https:\/\/apuntesdesanluis.com\/index.php\/2024\/11\/27\/francos-defendio-el-primer-ano-de-gobierno-de-milei-y-admitio-que-se-considera-la-candidatura-de-una-mujer-a-la-corte\/","og_site_name":"Apuntes de San Luis","article_published_time":"2024-11-27T22:48:50+00:00","og_image":[{"width":723,"height":422,"url":"https:\/\/apuntesdesanluis.com\/wp-content\/uploads\/2024\/11\/francos.png","type":"image\/png"}],"author":"apuntesdesanluis.com","twitter_card":"summary_large_image","twitter_misc":{"Escrito por":"apuntesdesanluis.com","Tiempo de lectura":"5 minutos"},"schema":{"@context":"https:\/\/schema.org","@graph":[{"@type":"Article","@id":"https:\/\/apuntesdesanluis.com\/index.php\/2024\/11\/27\/francos-defendio-el-primer-ano-de-gobierno-de-milei-y-admitio-que-se-considera-la-candidatura-de-una-mujer-a-la-corte\/#article","isPartOf":{"@id":"https:\/\/apuntesdesanluis.com\/index.php\/2024\/11\/27\/francos-defendio-el-primer-ano-de-gobierno-de-milei-y-admitio-que-se-considera-la-candidatura-de-una-mujer-a-la-corte\/"},"author":{"name":"apuntesdesanluis.com","@id":"https:\/\/apuntesdesanluis.com\/#\/schema\/person\/b55151d52296fcce64d1a72538a70b90"},"headline":"FRANCOS DEFENDI\u00d3 EL PRIMER A\u00d1O DE GOBIERNO DE MILEI Y ADMITI\u00d3 QUE SE CONSIDERA LA CANDIDATURA DE UNA MUJER A LA CORTE","datePublished":"2024-11-27T22:48:50+00:00","mainEntityOfPage":{"@id":"https:\/\/apuntesdesanluis.com\/index.php\/2024\/11\/27\/francos-defendio-el-primer-ano-de-gobierno-de-milei-y-admitio-que-se-considera-la-candidatura-de-una-mujer-a-la-corte\/"},"wordCount":1148,"publisher":{"@id":"https:\/\/apuntesdesanluis.com\/#\/schema\/person\/b55151d52296fcce64d1a72538a70b90"},"image":{"@id":"https:\/\/apuntesdesanluis.com\/index.php\/2024\/11\/27\/francos-defendio-el-primer-ano-de-gobierno-de-milei-y-admitio-que-se-considera-la-candidatura-de-una-mujer-a-la-corte\/#primaryimage"},"thumbnailUrl":"https:\/\/apuntesdesanluis.com\/wp-content\/uploads\/2024\/11\/francos.png","articleSection":["Nacionales\/Internacionales"],"inLanguage":"es-AR"},{"@type":"WebPage","@id":"https:\/\/apuntesdesanluis.com\/index.php\/2024\/11\/27\/francos-defendio-el-primer-ano-de-gobierno-de-milei-y-admitio-que-se-considera-la-candidatura-de-una-mujer-a-la-corte\/","url":"https:\/\/apuntesdesanluis.com\/index.php\/2024\/11\/27\/francos-defendio-el-primer-ano-de-gobierno-de-milei-y-admitio-que-se-considera-la-candidatura-de-una-mujer-a-la-corte\/","name":"FRANCOS DEFENDI\u00d3 EL PRIMER A\u00d1O DE GOBIERNO DE MILEI Y ADMITI\u00d3 QUE SE CONSIDERA LA CANDIDATURA DE UNA MUJER A LA CORTE - Apuntes de San Luis","isPartOf":{"@id":"https:\/\/apuntesdesanluis.com\/#website"},"primaryImageOfPage":{"@id":"https:\/\/apuntesdesanluis.com\/index.php\/2024\/11\/27\/francos-defendio-el-primer-ano-de-gobierno-de-milei-y-admitio-que-se-considera-la-candidatura-de-una-mujer-a-la-corte\/#primaryimage"},"image":{"@id":"https:\/\/apuntesdesanluis.com\/index.php\/2024\/11\/27\/francos-defendio-el-primer-ano-de-gobierno-de-milei-y-admitio-que-se-considera-la-candidatura-de-una-mujer-a-la-corte\/#primaryimage"},"thumbnailUrl":"https:\/\/apuntesdesanluis.com\/wp-content\/uploads\/2024\/11\/francos.png","datePublished":"2024-11-27T22:48:50+00:00","breadcrumb":{"@id":"https:\/\/apuntesdesanluis.com\/index.php\/2024\/11\/27\/francos-defendio-el-primer-ano-de-gobierno-de-milei-y-admitio-que-se-considera-la-candidatura-de-una-mujer-a-la-corte\/#breadcrumb"},"inLanguage":"es-AR","potentialAction":[{"@type":"ReadAction","target":["https:\/\/apuntesdesanluis.com\/index.php\/2024\/11\/27\/francos-defendio-el-primer-ano-de-gobierno-de-milei-y-admitio-que-se-considera-la-candidatura-de-una-mujer-a-la-corte\/"]}]},{"@type":"ImageObject","inLanguage":"es-AR","@id":"https:\/\/apuntesdesanluis.com\/index.php\/2024\/11\/27\/francos-defendio-el-primer-ano-de-gobierno-de-milei-y-admitio-que-se-considera-la-candidatura-de-una-mujer-a-la-corte\/#primaryimage","url":"https:\/\/apuntesdesanluis.com\/wp-content\/uploads\/2024\/11\/francos.png","contentUrl":"https:\/\/apuntesdesanluis.com\/wp-content\/uploads\/2024\/11\/francos.png","width":723,"height":422},{"@type":"BreadcrumbList","@id":"https:\/\/apuntesdesanluis.com\/index.php\/2024\/11\/27\/francos-defendio-el-primer-ano-de-gobierno-de-milei-y-admitio-que-se-considera-la-candidatura-de-una-mujer-a-la-corte\/#breadcrumb","itemListElement":[{"@type":"ListItem","position":1,"name":"Inicio","item":"https:\/\/apuntesdesanluis.com\/"},{"@type":"ListItem","position":2,"name":"FRANCOS DEFENDI\u00d3 EL PRIMER A\u00d1O DE GOBIERNO DE MILEI Y ADMITI\u00d3 QUE SE CONSIDERA LA CANDIDATURA DE UNA MUJER A LA CORTE"}]},{"@type":"WebSite","@id":"https:\/\/apuntesdesanluis.com\/#website","url":"https:\/\/apuntesdesanluis.com\/","name":"Apuntes de San Luis","description":"","publisher":{"@id":"https:\/\/apuntesdesanluis.com\/#\/schema\/person\/b55151d52296fcce64d1a72538a70b90"},"potentialAction":[{"@type":"SearchAction","target":{"@type":"EntryPoint","urlTemplate":"https:\/\/apuntesdesanluis.com\/?s={search_term_string}"},"query-input":{"@type":"PropertyValueSpecification","valueRequired":true,"valueName":"search_term_string"}}],"inLanguage":"es-AR"},{"@type":["Person","Organization"],"@id":"https:\/\/apuntesdesanluis.com\/#\/schema\/person\/b55151d52296fcce64d1a72538a70b90","name":"apuntesdesanluis.com","image":{"@type":"ImageObject","inLanguage":"es-AR","@id":"https:\/\/apuntesdesanluis.com\/#\/schema\/person\/image\/","url":"https:\/\/apuntesdesanluis.com\/wp-content\/uploads\/2023\/07\/cropped-apuntesdesanluis.png","contentUrl":"https:\/\/apuntesdesanluis.com\/wp-content\/uploads\/2023\/07\/cropped-apuntesdesanluis.png","width":450,"height":112,"caption":"apuntesdesanluis.com"},"logo":{"@id":"https:\/\/apuntesdesanluis.com\/#\/schema\/person\/image\/"},"sameAs":["https:\/\/apuntesdesanluis.com"],"url":"https:\/\/apuntesdesanluis.com\/index.php\/author\/apuntesdesanluis-com\/"}]}},"featured_image_urls":{"full":["https:\/\/apuntesdesanluis.com\/wp-content\/uploads\/2024\/11\/francos.png",723,422,false],"thumbnail":["https:\/\/apuntesdesanluis.com\/wp-content\/uploads\/2024\/11\/francos-150x150.png",150,150,true],"medium":["https:\/\/apuntesdesanluis.com\/wp-content\/uploads\/2024\/11\/francos-300x175.png",300,175,true],"medium_large":["https:\/\/apuntesdesanluis.com\/wp-content\/uploads\/2024\/11\/francos.png",640,374,false],"large":["https:\/\/apuntesdesanluis.com\/wp-content\/uploads\/2024\/11\/francos.png",640,374,false],"1536x1536":["https:\/\/apuntesdesanluis.com\/wp-content\/uploads\/2024\/11\/francos.png",723,422,false],"2048x2048":["https:\/\/apuntesdesanluis.com\/wp-content\/uploads\/2024\/11\/francos.png",723,422,false],"newsever-slider-full":["https:\/\/apuntesdesanluis.com\/wp-content\/uploads\/2024\/11\/francos.png",723,422,false],"newsever-featured":["https:\/\/apuntesdesanluis.com\/wp-content\/uploads\/2024\/11\/francos.png",723,422,false],"newsever-medium":["https:\/\/apuntesdesanluis.com\/wp-content\/uploads\/2024\/11\/francos-720x422.png",720,422,true]},"author_info":{"display_name":"apuntesdesanluis.com","author_link":"https:\/\/apuntesdesanluis.com\/index.php\/author\/apuntesdesanluis-com\/"},"category_info":"<a href=\"https:\/\/apuntesdesanluis.com\/index.php\/category\/nacionales-internacionales\/\" rel=\"category tag\">Nacionales\/Internacionales<\/a>","tag_info":"Nacionales\/Internacionales","comment_count":"0","_links":{"self":[{"href":"https:\/\/apuntesdesanluis.com\/index.php\/wp-json\/wp\/v2\/posts\/25894","targetHints":{"allow":["GET"]}}],"collection":[{"href":"https:\/\/apuntesdesanluis.com\/index.php\/wp-json\/wp\/v2\/posts"}],"about":[{"href":"https:\/\/apuntesdesanluis.com\/index.php\/wp-json\/wp\/v2\/types\/post"}],"author":[{"embeddable":true,"href":"https:\/\/apuntesdesanluis.com\/index.php\/wp-json\/wp\/v2\/users\/1"}],"replies":[{"embeddable":true,"href":"https:\/\/apuntesdesanluis.com\/index.php\/wp-json\/wp\/v2\/comments?post=25894"}],"version-history":[{"count":1,"href":"https:\/\/apuntesdesanluis.com\/index.php\/wp-json\/wp\/v2\/posts\/25894\/revisions"}],"predecessor-version":[{"id":25896,"href":"https:\/\/apuntesdesanluis.com\/index.php\/wp-json\/wp\/v2\/posts\/25894\/revisions\/25896"}],"wp:featuredmedia":[{"embeddable":true,"href":"https:\/\/apuntesdesanluis.com\/index.php\/wp-json\/wp\/v2\/media\/25895"}],"wp:attachment":[{"href":"https:\/\/apuntesdesanluis.com\/index.php\/wp-json\/wp\/v2\/media?parent=25894"}],"wp:term":[{"taxonomy":"category","embeddable":true,"href":"https:\/\/apuntesdesanluis.com\/index.php\/wp-json\/wp\/v2\/categories?post=25894"},{"taxonomy":"post_tag","embeddable":true,"href":"https:\/\/apuntesdesanluis.com\/index.php\/wp-json\/wp\/v2\/tags?post=25894"}],"curies":[{"name":"wp","href":"https:\/\/api.w.org\/{rel}","templated":true}]}}