{"id":25900,"date":"2024-11-27T20:11:41","date_gmt":"2024-11-27T23:11:41","guid":{"rendered":"https:\/\/apuntesdesanluis.com\/?p=25900"},"modified":"2024-11-27T20:11:41","modified_gmt":"2024-11-27T23:11:41","slug":"plan-de-modernizacion-del-inta-incluye-la-venta-de-inmuebles-y-cerca-de-1-700-despidos","status":"publish","type":"post","link":"https:\/\/apuntesdesanluis.com\/index.php\/2024\/11\/27\/plan-de-modernizacion-del-inta-incluye-la-venta-de-inmuebles-y-cerca-de-1-700-despidos\/","title":{"rendered":"PLAN DE MODERNIZACI\u00d3N DEL INTA INCLUYE LA VENTA DE INMUEBLES Y CERCA DE 1.700 DESPIDOS"},"content":{"rendered":"<h3>El Gobierno anunci\u00f3 hoy que pondr\u00e1 en marcha un plan para \u201cmodernizar\u201d el <strong>Instituto Nacional de Tecnolog\u00eda Agropecuaria<\/strong> (INTA), que incluir\u00e1 la venta del edificio del organismo en Palermo, otra sede en Salta y tierras en todos el pa\u00eds que est\u00e1n \u201csub-utilizadas\u201d, y un recorte de personal que podr\u00eda alcanzar a 1.700 puestos de trabajo en los pr\u00f3ximos meses.<\/h3>\n<h3>Las medidas anunciadas por el vocero presidencial, <strong>Manuel Adorni<\/strong>, ser\u00e1n tratadas el jueves, a partir de las 10, por la plenaria del Consejo Directivo del Instituto. El INTA es una entidad con autarqu\u00eda operativa y financiera, bajo la \u00f3rbita de la Secretar\u00eda de Agricultura, Ganader\u00eda y Pesca, dependiente del Ministerio de Econom\u00eda. Ese \u00f3rgano de direcci\u00f3n del Instituto est\u00e1 integrado por su presidente, Nicol\u00e1s Bronzovich, y la vicepresidenta, Mar\u00eda Beatriz Giraudo, en representaci\u00f3n del Poder Ejecutivo; representantes de universidades p\u00fablicas nacionales, y de cinco entidades agropecuarias privadas: la Sociedad Rural Argentina, Coninagro, la Asociaci\u00f3n Argentina de Consorcios Regionales de Experimentaci\u00f3n Agr\u00edcola (AACREA), Confederaciones Rurales Argentinas (CRA) y la Federaci\u00f3n Agraria Argentina (FAA).<\/h3>\n<h3>\u201cMa\u00f1ana el consejo directivo del INTA va a votar este plan. Ojal\u00e1 que opten por aprobar estas medidas que le van a brindar m\u00e1s recursos al organismo p\u00fablico para mejorar su equipamiento, modernizarlo y potenciar sus investigaciones\u201d, sostuvo el vocero en la apertura de su habitual conferencia matutina.<\/h3>\n<h3>En la justificaci\u00f3n de la \u201cmodernizaci\u00f3n\u201d del Instituto tecnol\u00f3gico que impulsa el Gobierno, Adorni argument\u00f3 que el INTA \u201ces un organismo fundamental para el desarrollo del campo argentino, cuyos objetivos fueron lamentablemente desvirtuados por la gesti\u00f3n anterior. Desde 2007 el INTA se enfoc\u00f3 en temas que nada ten\u00edan que ver con lo agr\u00edcola, como las cuestiones de g\u00e9nero, los falsos mapuches y la agricultura familiar\u201d. Tambi\u00e9n se\u00f1al\u00f3 que \u201cla participaci\u00f3n privada en las investigaciones es inferior al 10% y el objetivo es que esta cifra aumente al 30% en 2027\u2033.<\/h3>\n<h3>A su vez, asever\u00f3 que \u201cse termin\u00f3 el uso de los organismos p\u00fablicos como m\u00e1quinas para financiar el despilfarro de la vieja pol\u00edtica. Ninguna oficina estatal tiene derecho a extirparle la riqueza a los argentinos\u201d.<\/h3>\n<h3>Desde la Asociaci\u00f3n del Personal del INTA (APINTA), Mario Romero, rechaz\u00f3 los dichos de Adorni y sostuvo que el vocero \u201cdijo muchas imprecisiones\u201d y \u201cminti\u00f3 en casi todo, salvo en una cosa: que van a vender los activos del INTA\u201d. Tambi\u00e9n opin\u00f3 que \u201ccuando se refiere a las pol\u00edticas de g\u00e9nero y a los peque\u00f1os productores de la agricultura familiar, habla para la tribuna de los adeptos al Gobierno\u201d.<\/h3>\n<h3>El secretario general de APINTA destac\u00f3 que el organismo \u201ctiene un sinn\u00famero de logros que generado recursos y el ingresos de divisas para el pa\u00eds\u201d, y puso como ejemplo \u201cla eficiencia en la generaci\u00f3n de variedades de semillas forestales, de soja, de ma\u00edz, o nuevas variedades de arroz\u201d. En ese sentido, se\u00f1al\u00f3 que \u201del INTA ha patentado un n\u00famero muy importante de esas variedades y generado recursos con ellas\u201d.<\/h3>\n<h3>Romero mencion\u00f3, adem\u00e1s, el trabajo del INTA \u201cen la generaci\u00f3n de vacunas como la anti aftosa, o en la pandemia contra el COVID, y la puesta a disposici\u00f3n de sus laboratorios para hacer los an\u00e1lisis de detecci\u00f3n del virus\u201d. Y record\u00f3 que el Instituto tecnol\u00f3gico \u201ctiene presencia en todo el territorio nacional, trabajando en la conservaci\u00f3n de recursos naturales y de los suelos, como por ejemplo en la Patagonia, en la remediaci\u00f3n de suelos que son afectados por la erosi\u00f3n o los desechos de la industria petrolera! Adem\u00e1s, destac\u00f3 \u201cel impacto de las nuevas tecnolog\u00edas y el aporte a las econom\u00edas regionales, tanto en Cuyo como en el norte\u201d y la preservaci\u00f3n de especies vegetales que el organismo protege en su banco de germoplasma y que no est\u00e1n a disposici\u00f3n de los semilleros como quisieran que estuvieran desde el Gobierno nacional y desde la presidencia del INTA\u201d.<\/h3>\n<h3>Entre las medidas que anunci\u00f3 el vocero presidencial figura la venta del edificio de la calle Cervi\u00f1o y Ortiz de Ocampo, ubicado en una de las zonas m\u00e1s cotizadas de Palermo, que ya fue puesta a la venta y cuya subasta se concretar\u00e1 el 23 de diciembre. All\u00ed trabajan actualmente 140 personas y, seg\u00fan se\u00f1al\u00f3 Adorni, est\u00e1 siendo \u201csub-utilizado\u201d. Con una superficie total cubierta de 3.143 m2 distribuidos en tres plantas sobre un terreno de 919 m2, el precio base de venta es de USD 6.378.968, de acuerdo a la valuaci\u00f3n hecha por el Tribunal de Tasaciones de la Naci\u00f3n en 1\u00b0 de noviembre pasado. El destino previsto para el edificio puesto en venta por la Administraci\u00f3n de Bienes del Estado (AABE), seg\u00fan apareci\u00f3 publicado el viernes pasado en su web, es el de \u201cdesarrollo inmobiliario\u201d.<\/h3>\n<h3>En esa sede del Instituto funciona la Fundaci\u00f3n ArgenINTA, que gestiona fondos y es superavitaria, y la empresa (INTeA), con participaci\u00f3n mayoritaria del INTA, que est\u00e1 dedicada a la generaci\u00f3n de agronegocios basados en la comercializaci\u00f3n de tecnolog\u00edas, bienes y patentes, que le genera ganancias al Estado.<\/h3>\n<h3>El vocero aclar\u00f3 que \u201clo recaudado por la venta quedar\u00e1 en manos del propio INTA y ser\u00e1 destinado a financiar investigaciones\u201d. Asimismo adelant\u00f3 que \u201cse va a poner a disposici\u00f3n el predio del ente estatal en Cerrillos, en la provincia de Salta\u201d y que el Gobierno tambi\u00e9n tiene la intenci\u00f3n de vender tierras distribuidas en todo el pa\u00eds, ya que, seg\u00fan precis\u00f3, \u201cde las 116.000 hect\u00e1reas que tiene el INTA entre todos sus predios y propiedades, solo 45.000 de ellas se usan para experimentaci\u00f3n con fines comerciales y productivos\u201d.<\/h3>\n<p>&nbsp;<\/p>\n<p>&nbsp;<\/p>\n<p>&nbsp;<\/p>\n<p>&nbsp;<\/p>\n<p>&nbsp;<\/p>\n<p>&nbsp;<\/p>\n","protected":false},"excerpt":{"rendered":"<p>El Gobierno anunci\u00f3 hoy que pondr\u00e1 en marcha un plan para \u201cmodernizar\u201d el Instituto Nacional&#8230;<\/p>\n","protected":false},"author":1,"featured_media":25901,"comment_status":"closed","ping_status":"closed","sticky":false,"template":"","format":"standard","meta":{"footnotes":""},"categories":[5],"tags":[],"class_list":["post-25900","post","type-post","status-publish","format-standard","has-post-thumbnail","hentry","category-nacionales-internacionales"],"yoast_head":"<!-- This site is optimized with the Yoast SEO plugin v26.1.1 - https:\/\/yoast.com\/wordpress\/plugins\/seo\/ -->\n<title>PLAN DE MODERNIZACI\u00d3N DEL INTA INCLUYE LA VENTA DE INMUEBLES Y CERCA DE 1.700 DESPIDOS - Apuntes de San Luis<\/title>\n<meta name=\"robots\" content=\"index, follow, max-snippet:-1, max-image-preview:large, max-video-preview:-1\" \/>\n<link rel=\"canonical\" href=\"https:\/\/apuntesdesanluis.com\/index.php\/2024\/11\/27\/plan-de-modernizacion-del-inta-incluye-la-venta-de-inmuebles-y-cerca-de-1-700-despidos\/\" \/>\n<meta property=\"og:locale\" content=\"es_ES\" \/>\n<meta property=\"og:type\" content=\"article\" \/>\n<meta property=\"og:title\" content=\"PLAN DE MODERNIZACI\u00d3N DEL INTA INCLUYE LA VENTA DE INMUEBLES Y CERCA DE 1.700 DESPIDOS - Apuntes de San Luis\" \/>\n<meta property=\"og:description\" content=\"El Gobierno anunci\u00f3 hoy que pondr\u00e1 en marcha un plan para \u201cmodernizar\u201d el Instituto Nacional...\" \/>\n<meta property=\"og:url\" content=\"https:\/\/apuntesdesanluis.com\/index.php\/2024\/11\/27\/plan-de-modernizacion-del-inta-incluye-la-venta-de-inmuebles-y-cerca-de-1-700-despidos\/\" \/>\n<meta property=\"og:site_name\" content=\"Apuntes de San Luis\" \/>\n<meta property=\"article:published_time\" content=\"2024-11-27T23:11:41+00:00\" \/>\n<meta property=\"og:image\" content=\"https:\/\/apuntesdesanluis.com\/wp-content\/uploads\/2024\/11\/inta.png\" \/>\n\t<meta property=\"og:image:width\" content=\"855\" \/>\n\t<meta property=\"og:image:height\" content=\"481\" \/>\n\t<meta property=\"og:image:type\" content=\"image\/png\" \/>\n<meta name=\"author\" content=\"apuntesdesanluis.com\" \/>\n<meta name=\"twitter:card\" content=\"summary_large_image\" \/>\n<meta name=\"twitter:label1\" content=\"Escrito por\" \/>\n\t<meta name=\"twitter:data1\" content=\"apuntesdesanluis.com\" \/>\n\t<meta name=\"twitter:label2\" content=\"Tiempo de lectura\" \/>\n\t<meta name=\"twitter:data2\" content=\"5 minutos\" \/>\n<script type=\"application\/ld+json\" class=\"yoast-schema-graph\">{\"@context\":\"https:\/\/schema.org\",\"@graph\":[{\"@type\":\"Article\",\"@id\":\"https:\/\/apuntesdesanluis.com\/index.php\/2024\/11\/27\/plan-de-modernizacion-del-inta-incluye-la-venta-de-inmuebles-y-cerca-de-1-700-despidos\/#article\",\"isPartOf\":{\"@id\":\"https:\/\/apuntesdesanluis.com\/index.php\/2024\/11\/27\/plan-de-modernizacion-del-inta-incluye-la-venta-de-inmuebles-y-cerca-de-1-700-despidos\/\"},\"author\":{\"name\":\"apuntesdesanluis.com\",\"@id\":\"https:\/\/apuntesdesanluis.com\/#\/schema\/person\/b55151d52296fcce64d1a72538a70b90\"},\"headline\":\"PLAN DE MODERNIZACI\u00d3N DEL INTA INCLUYE LA VENTA DE INMUEBLES Y CERCA DE 1.700 DESPIDOS\",\"datePublished\":\"2024-11-27T23:11:41+00:00\",\"mainEntityOfPage\":{\"@id\":\"https:\/\/apuntesdesanluis.com\/index.php\/2024\/11\/27\/plan-de-modernizacion-del-inta-incluye-la-venta-de-inmuebles-y-cerca-de-1-700-despidos\/\"},\"wordCount\":989,\"publisher\":{\"@id\":\"https:\/\/apuntesdesanluis.com\/#\/schema\/person\/b55151d52296fcce64d1a72538a70b90\"},\"image\":{\"@id\":\"https:\/\/apuntesdesanluis.com\/index.php\/2024\/11\/27\/plan-de-modernizacion-del-inta-incluye-la-venta-de-inmuebles-y-cerca-de-1-700-despidos\/#primaryimage\"},\"thumbnailUrl\":\"https:\/\/apuntesdesanluis.com\/wp-content\/uploads\/2024\/11\/inta.png\",\"articleSection\":[\"Nacionales\/Internacionales\"],\"inLanguage\":\"es-AR\"},{\"@type\":\"WebPage\",\"@id\":\"https:\/\/apuntesdesanluis.com\/index.php\/2024\/11\/27\/plan-de-modernizacion-del-inta-incluye-la-venta-de-inmuebles-y-cerca-de-1-700-despidos\/\",\"url\":\"https:\/\/apuntesdesanluis.com\/index.php\/2024\/11\/27\/plan-de-modernizacion-del-inta-incluye-la-venta-de-inmuebles-y-cerca-de-1-700-despidos\/\",\"name\":\"PLAN DE MODERNIZACI\u00d3N DEL INTA INCLUYE LA VENTA DE INMUEBLES Y CERCA DE 1.700 DESPIDOS - Apuntes de San Luis\",\"isPartOf\":{\"@id\":\"https:\/\/apuntesdesanluis.com\/#website\"},\"primaryImageOfPage\":{\"@id\":\"https:\/\/apuntesdesanluis.com\/index.php\/2024\/11\/27\/plan-de-modernizacion-del-inta-incluye-la-venta-de-inmuebles-y-cerca-de-1-700-despidos\/#primaryimage\"},\"image\":{\"@id\":\"https:\/\/apuntesdesanluis.com\/index.php\/2024\/11\/27\/plan-de-modernizacion-del-inta-incluye-la-venta-de-inmuebles-y-cerca-de-1-700-despidos\/#primaryimage\"},\"thumbnailUrl\":\"https:\/\/apuntesdesanluis.com\/wp-content\/uploads\/2024\/11\/inta.png\",\"datePublished\":\"2024-11-27T23:11:41+00:00\",\"breadcrumb\":{\"@id\":\"https:\/\/apuntesdesanluis.com\/index.php\/2024\/11\/27\/plan-de-modernizacion-del-inta-incluye-la-venta-de-inmuebles-y-cerca-de-1-700-despidos\/#breadcrumb\"},\"inLanguage\":\"es-AR\",\"potentialAction\":[{\"@type\":\"ReadAction\",\"target\":[\"https:\/\/apuntesdesanluis.com\/index.php\/2024\/11\/27\/plan-de-modernizacion-del-inta-incluye-la-venta-de-inmuebles-y-cerca-de-1-700-despidos\/\"]}]},{\"@type\":\"ImageObject\",\"inLanguage\":\"es-AR\",\"@id\":\"https:\/\/apuntesdesanluis.com\/index.php\/2024\/11\/27\/plan-de-modernizacion-del-inta-incluye-la-venta-de-inmuebles-y-cerca-de-1-700-despidos\/#primaryimage\",\"url\":\"https:\/\/apuntesdesanluis.com\/wp-content\/uploads\/2024\/11\/inta.png\",\"contentUrl\":\"https:\/\/apuntesdesanluis.com\/wp-content\/uploads\/2024\/11\/inta.png\",\"width\":855,\"height\":481},{\"@type\":\"BreadcrumbList\",\"@id\":\"https:\/\/apuntesdesanluis.com\/index.php\/2024\/11\/27\/plan-de-modernizacion-del-inta-incluye-la-venta-de-inmuebles-y-cerca-de-1-700-despidos\/#breadcrumb\",\"itemListElement\":[{\"@type\":\"ListItem\",\"position\":1,\"name\":\"Inicio\",\"item\":\"https:\/\/apuntesdesanluis.com\/\"},{\"@type\":\"ListItem\",\"position\":2,\"name\":\"PLAN DE MODERNIZACI\u00d3N DEL INTA INCLUYE LA VENTA DE INMUEBLES Y CERCA DE 1.700 DESPIDOS\"}]},{\"@type\":\"WebSite\",\"@id\":\"https:\/\/apuntesdesanluis.com\/#website\",\"url\":\"https:\/\/apuntesdesanluis.com\/\",\"name\":\"Apuntes de San Luis\",\"description\":\"\",\"publisher\":{\"@id\":\"https:\/\/apuntesdesanluis.com\/#\/schema\/person\/b55151d52296fcce64d1a72538a70b90\"},\"potentialAction\":[{\"@type\":\"SearchAction\",\"target\":{\"@type\":\"EntryPoint\",\"urlTemplate\":\"https:\/\/apuntesdesanluis.com\/?s={search_term_string}\"},\"query-input\":{\"@type\":\"PropertyValueSpecification\",\"valueRequired\":true,\"valueName\":\"search_term_string\"}}],\"inLanguage\":\"es-AR\"},{\"@type\":[\"Person\",\"Organization\"],\"@id\":\"https:\/\/apuntesdesanluis.com\/#\/schema\/person\/b55151d52296fcce64d1a72538a70b90\",\"name\":\"apuntesdesanluis.com\",\"image\":{\"@type\":\"ImageObject\",\"inLanguage\":\"es-AR\",\"@id\":\"https:\/\/apuntesdesanluis.com\/#\/schema\/person\/image\/\",\"url\":\"https:\/\/apuntesdesanluis.com\/wp-content\/uploads\/2023\/07\/cropped-apuntesdesanluis.png\",\"contentUrl\":\"https:\/\/apuntesdesanluis.com\/wp-content\/uploads\/2023\/07\/cropped-apuntesdesanluis.png\",\"width\":450,\"height\":112,\"caption\":\"apuntesdesanluis.com\"},\"logo\":{\"@id\":\"https:\/\/apuntesdesanluis.com\/#\/schema\/person\/image\/\"},\"sameAs\":[\"https:\/\/apuntesdesanluis.com\"],\"url\":\"https:\/\/apuntesdesanluis.com\/index.php\/author\/apuntesdesanluis-com\/\"}]}<\/script>\n<!-- \/ Yoast SEO plugin. -->","yoast_head_json":{"title":"PLAN DE MODERNIZACI\u00d3N DEL INTA INCLUYE LA VENTA DE INMUEBLES Y CERCA DE 1.700 DESPIDOS - Apuntes de San Luis","robots":{"index":"index","follow":"follow","max-snippet":"max-snippet:-1","max-image-preview":"max-image-preview:large","max-video-preview":"max-video-preview:-1"},"canonical":"https:\/\/apuntesdesanluis.com\/index.php\/2024\/11\/27\/plan-de-modernizacion-del-inta-incluye-la-venta-de-inmuebles-y-cerca-de-1-700-despidos\/","og_locale":"es_ES","og_type":"article","og_title":"PLAN DE MODERNIZACI\u00d3N DEL INTA INCLUYE LA VENTA DE INMUEBLES Y CERCA DE 1.700 DESPIDOS - Apuntes de San Luis","og_description":"El Gobierno anunci\u00f3 hoy que pondr\u00e1 en marcha un plan para \u201cmodernizar\u201d el Instituto Nacional...","og_url":"https:\/\/apuntesdesanluis.com\/index.php\/2024\/11\/27\/plan-de-modernizacion-del-inta-incluye-la-venta-de-inmuebles-y-cerca-de-1-700-despidos\/","og_site_name":"Apuntes de San Luis","article_published_time":"2024-11-27T23:11:41+00:00","og_image":[{"width":855,"height":481,"url":"https:\/\/apuntesdesanluis.com\/wp-content\/uploads\/2024\/11\/inta.png","type":"image\/png"}],"author":"apuntesdesanluis.com","twitter_card":"summary_large_image","twitter_misc":{"Escrito por":"apuntesdesanluis.com","Tiempo de lectura":"5 minutos"},"schema":{"@context":"https:\/\/schema.org","@graph":[{"@type":"Article","@id":"https:\/\/apuntesdesanluis.com\/index.php\/2024\/11\/27\/plan-de-modernizacion-del-inta-incluye-la-venta-de-inmuebles-y-cerca-de-1-700-despidos\/#article","isPartOf":{"@id":"https:\/\/apuntesdesanluis.com\/index.php\/2024\/11\/27\/plan-de-modernizacion-del-inta-incluye-la-venta-de-inmuebles-y-cerca-de-1-700-despidos\/"},"author":{"name":"apuntesdesanluis.com","@id":"https:\/\/apuntesdesanluis.com\/#\/schema\/person\/b55151d52296fcce64d1a72538a70b90"},"headline":"PLAN DE MODERNIZACI\u00d3N DEL INTA INCLUYE LA VENTA DE INMUEBLES Y CERCA DE 1.700 DESPIDOS","datePublished":"2024-11-27T23:11:41+00:00","mainEntityOfPage":{"@id":"https:\/\/apuntesdesanluis.com\/index.php\/2024\/11\/27\/plan-de-modernizacion-del-inta-incluye-la-venta-de-inmuebles-y-cerca-de-1-700-despidos\/"},"wordCount":989,"publisher":{"@id":"https:\/\/apuntesdesanluis.com\/#\/schema\/person\/b55151d52296fcce64d1a72538a70b90"},"image":{"@id":"https:\/\/apuntesdesanluis.com\/index.php\/2024\/11\/27\/plan-de-modernizacion-del-inta-incluye-la-venta-de-inmuebles-y-cerca-de-1-700-despidos\/#primaryimage"},"thumbnailUrl":"https:\/\/apuntesdesanluis.com\/wp-content\/uploads\/2024\/11\/inta.png","articleSection":["Nacionales\/Internacionales"],"inLanguage":"es-AR"},{"@type":"WebPage","@id":"https:\/\/apuntesdesanluis.com\/index.php\/2024\/11\/27\/plan-de-modernizacion-del-inta-incluye-la-venta-de-inmuebles-y-cerca-de-1-700-despidos\/","url":"https:\/\/apuntesdesanluis.com\/index.php\/2024\/11\/27\/plan-de-modernizacion-del-inta-incluye-la-venta-de-inmuebles-y-cerca-de-1-700-despidos\/","name":"PLAN DE MODERNIZACI\u00d3N DEL INTA INCLUYE LA VENTA DE INMUEBLES Y CERCA DE 1.700 DESPIDOS - Apuntes de San Luis","isPartOf":{"@id":"https:\/\/apuntesdesanluis.com\/#website"},"primaryImageOfPage":{"@id":"https:\/\/apuntesdesanluis.com\/index.php\/2024\/11\/27\/plan-de-modernizacion-del-inta-incluye-la-venta-de-inmuebles-y-cerca-de-1-700-despidos\/#primaryimage"},"image":{"@id":"https:\/\/apuntesdesanluis.com\/index.php\/2024\/11\/27\/plan-de-modernizacion-del-inta-incluye-la-venta-de-inmuebles-y-cerca-de-1-700-despidos\/#primaryimage"},"thumbnailUrl":"https:\/\/apuntesdesanluis.com\/wp-content\/uploads\/2024\/11\/inta.png","datePublished":"2024-11-27T23:11:41+00:00","breadcrumb":{"@id":"https:\/\/apuntesdesanluis.com\/index.php\/2024\/11\/27\/plan-de-modernizacion-del-inta-incluye-la-venta-de-inmuebles-y-cerca-de-1-700-despidos\/#breadcrumb"},"inLanguage":"es-AR","potentialAction":[{"@type":"ReadAction","target":["https:\/\/apuntesdesanluis.com\/index.php\/2024\/11\/27\/plan-de-modernizacion-del-inta-incluye-la-venta-de-inmuebles-y-cerca-de-1-700-despidos\/"]}]},{"@type":"ImageObject","inLanguage":"es-AR","@id":"https:\/\/apuntesdesanluis.com\/index.php\/2024\/11\/27\/plan-de-modernizacion-del-inta-incluye-la-venta-de-inmuebles-y-cerca-de-1-700-despidos\/#primaryimage","url":"https:\/\/apuntesdesanluis.com\/wp-content\/uploads\/2024\/11\/inta.png","contentUrl":"https:\/\/apuntesdesanluis.com\/wp-content\/uploads\/2024\/11\/inta.png","width":855,"height":481},{"@type":"BreadcrumbList","@id":"https:\/\/apuntesdesanluis.com\/index.php\/2024\/11\/27\/plan-de-modernizacion-del-inta-incluye-la-venta-de-inmuebles-y-cerca-de-1-700-despidos\/#breadcrumb","itemListElement":[{"@type":"ListItem","position":1,"name":"Inicio","item":"https:\/\/apuntesdesanluis.com\/"},{"@type":"ListItem","position":2,"name":"PLAN DE MODERNIZACI\u00d3N DEL INTA INCLUYE LA VENTA DE INMUEBLES Y CERCA DE 1.700 DESPIDOS"}]},{"@type":"WebSite","@id":"https:\/\/apuntesdesanluis.com\/#website","url":"https:\/\/apuntesdesanluis.com\/","name":"Apuntes de San Luis","description":"","publisher":{"@id":"https:\/\/apuntesdesanluis.com\/#\/schema\/person\/b55151d52296fcce64d1a72538a70b90"},"potentialAction":[{"@type":"SearchAction","target":{"@type":"EntryPoint","urlTemplate":"https:\/\/apuntesdesanluis.com\/?s={search_term_string}"},"query-input":{"@type":"PropertyValueSpecification","valueRequired":true,"valueName":"search_term_string"}}],"inLanguage":"es-AR"},{"@type":["Person","Organization"],"@id":"https:\/\/apuntesdesanluis.com\/#\/schema\/person\/b55151d52296fcce64d1a72538a70b90","name":"apuntesdesanluis.com","image":{"@type":"ImageObject","inLanguage":"es-AR","@id":"https:\/\/apuntesdesanluis.com\/#\/schema\/person\/image\/","url":"https:\/\/apuntesdesanluis.com\/wp-content\/uploads\/2023\/07\/cropped-apuntesdesanluis.png","contentUrl":"https:\/\/apuntesdesanluis.com\/wp-content\/uploads\/2023\/07\/cropped-apuntesdesanluis.png","width":450,"height":112,"caption":"apuntesdesanluis.com"},"logo":{"@id":"https:\/\/apuntesdesanluis.com\/#\/schema\/person\/image\/"},"sameAs":["https:\/\/apuntesdesanluis.com"],"url":"https:\/\/apuntesdesanluis.com\/index.php\/author\/apuntesdesanluis-com\/"}]}},"featured_image_urls":{"full":["https:\/\/apuntesdesanluis.com\/wp-content\/uploads\/2024\/11\/inta.png",855,481,false],"thumbnail":["https:\/\/apuntesdesanluis.com\/wp-content\/uploads\/2024\/11\/inta-150x150.png",150,150,true],"medium":["https:\/\/apuntesdesanluis.com\/wp-content\/uploads\/2024\/11\/inta-300x169.png",300,169,true],"medium_large":["https:\/\/apuntesdesanluis.com\/wp-content\/uploads\/2024\/11\/inta-768x432.png",640,360,true],"large":["https:\/\/apuntesdesanluis.com\/wp-content\/uploads\/2024\/11\/inta.png",640,360,false],"1536x1536":["https:\/\/apuntesdesanluis.com\/wp-content\/uploads\/2024\/11\/inta.png",855,481,false],"2048x2048":["https:\/\/apuntesdesanluis.com\/wp-content\/uploads\/2024\/11\/inta.png",855,481,false],"newsever-slider-full":["https:\/\/apuntesdesanluis.com\/wp-content\/uploads\/2024\/11\/inta.png",855,481,false],"newsever-featured":["https:\/\/apuntesdesanluis.com\/wp-content\/uploads\/2024\/11\/inta.png",855,481,false],"newsever-medium":["https:\/\/apuntesdesanluis.com\/wp-content\/uploads\/2024\/11\/inta-720x475.png",720,475,true]},"author_info":{"display_name":"apuntesdesanluis.com","author_link":"https:\/\/apuntesdesanluis.com\/index.php\/author\/apuntesdesanluis-com\/"},"category_info":"<a href=\"https:\/\/apuntesdesanluis.com\/index.php\/category\/nacionales-internacionales\/\" rel=\"category tag\">Nacionales\/Internacionales<\/a>","tag_info":"Nacionales\/Internacionales","comment_count":"0","_links":{"self":[{"href":"https:\/\/apuntesdesanluis.com\/index.php\/wp-json\/wp\/v2\/posts\/25900","targetHints":{"allow":["GET"]}}],"collection":[{"href":"https:\/\/apuntesdesanluis.com\/index.php\/wp-json\/wp\/v2\/posts"}],"about":[{"href":"https:\/\/apuntesdesanluis.com\/index.php\/wp-json\/wp\/v2\/types\/post"}],"author":[{"embeddable":true,"href":"https:\/\/apuntesdesanluis.com\/index.php\/wp-json\/wp\/v2\/users\/1"}],"replies":[{"embeddable":true,"href":"https:\/\/apuntesdesanluis.com\/index.php\/wp-json\/wp\/v2\/comments?post=25900"}],"version-history":[{"count":1,"href":"https:\/\/apuntesdesanluis.com\/index.php\/wp-json\/wp\/v2\/posts\/25900\/revisions"}],"predecessor-version":[{"id":25902,"href":"https:\/\/apuntesdesanluis.com\/index.php\/wp-json\/wp\/v2\/posts\/25900\/revisions\/25902"}],"wp:featuredmedia":[{"embeddable":true,"href":"https:\/\/apuntesdesanluis.com\/index.php\/wp-json\/wp\/v2\/media\/25901"}],"wp:attachment":[{"href":"https:\/\/apuntesdesanluis.com\/index.php\/wp-json\/wp\/v2\/media?parent=25900"}],"wp:term":[{"taxonomy":"category","embeddable":true,"href":"https:\/\/apuntesdesanluis.com\/index.php\/wp-json\/wp\/v2\/categories?post=25900"},{"taxonomy":"post_tag","embeddable":true,"href":"https:\/\/apuntesdesanluis.com\/index.php\/wp-json\/wp\/v2\/tags?post=25900"}],"curies":[{"name":"wp","href":"https:\/\/api.w.org\/{rel}","templated":true}]}}