{"id":25914,"date":"2024-11-28T12:54:22","date_gmt":"2024-11-28T15:54:22","guid":{"rendered":"https:\/\/apuntesdesanluis.com\/?p=25914"},"modified":"2024-11-28T12:54:22","modified_gmt":"2024-11-28T15:54:22","slug":"reconocido-artista-dictara-una-clinica-sobre-musica-folclorica","status":"publish","type":"post","link":"https:\/\/apuntesdesanluis.com\/index.php\/2024\/11\/28\/reconocido-artista-dictara-una-clinica-sobre-musica-folclorica\/","title":{"rendered":"RECONOCIDO ARTISTA DICTAR\u00c1 UNA CL\u00cdNICA SOBRE M\u00daSICA FOLCL\u00d3RICA"},"content":{"rendered":"<h3>Este jueves 28 de noviembre, el multipremiado m\u00fasico, <strong>Juan Carlos Liendro<\/strong>, dictar\u00e1 un workshop en la <strong>Casa de la M\u00fasica<\/strong>, sobre recursos r\u00edtmicos y mel\u00f3dicos en la m\u00fasica argentina, estilos folk y regi\u00f3n norte. Liendro es integrante del grupo ganador del premio Carlos Gardel, a Mejor Banda Folkl\u00f3rica.<\/h3>\n<h3>Esta cl\u00ednica est\u00e1 orientada a instrumentistas, cantantes, compositores, arregladores e int\u00e9rpretes, que buscan profundizar sus conocimientos en la riqueza de la m\u00fasica argentina. La participaci\u00f3n es libre y gratuita. Quienes deseen vivir esta experiencia podr\u00e1n inscribirse en el siguiente email: <span style=\"color: #3366ff;\">casadelamusicavillamercedesm@gmail.com\u00a0<\/span><\/h3>\n<h3>En una entrevista, Juan Manuel Liendro dijo que eligi\u00f3 grabar en Villa Mercedes porque \u201cesta provincia valora mucho todo lo que tiene que ver con la m\u00fasica y su producci\u00f3n. Este monstruo hermoso que es la Casa de la M\u00fasica, est\u00e1 s\u00faper equipada, con todas las comodidades y poder hacer una producci\u00f3n musical y audiovisual de excelencia, con un alt\u00edsimo nivel profesional y la verdad no se encuentra en muchos lugares\u201d. M\u00e1s adelante, coment\u00f3 que la primera vez que vino a San Luis fue de la mano de Luis Salinas, que vino a grabar su disco.<\/h3>\n<h3>Liendro cont\u00f3 uno de los temas de los que hablar\u00e1 y se trabajar\u00e1 en el taller: \u201cSe considera recurso por definici\u00f3n, al conjunto de elementos disponibles para resolver una necesidad. Esto llevado a la m\u00fasica popular argentina supone una amplia gama de herramientas interpretativas, t\u00e9cnicas y por qu\u00e9 no tecnol\u00f3gicas, las cuales si bien, se usan para enriquecer o embellecer nuestra m\u00fasica, plantea tambi\u00e9n una serie de interrogantes al momento de elegirlas y aplicarlas. \u00bfQu\u00e9 recursos existen? \u00bfCu\u00e1les est\u00e1n a mi alcance? \u00bfCon qu\u00e9 criterio aplico el recurso? \u00bfSobre qu\u00e9 canciones u obras utilizarlo? Este workshop tiene entre sus objetivos, responder a estos interrogantes y brindar un variado men\u00fa de recursos con enfoques diversos para saber c\u00f3mo aplicarlos, adem\u00e1s los participantes podr\u00e1n desarrollar y expandir su criterio musical y art\u00edstico\u201d.<\/h3>\n<h3><strong>CONVERSATORIO<\/strong><\/h3>\n<h3>Sobre el final de la jornada, habr\u00e1 un conversatorio, esta modalidad permite generar un espacio de charla y an\u00e1lisis sobre el trabajo realizado y evacuar dudas al respecto sobre los contenidos, si las hubiere y adem\u00e1s compartir, sugerir y aportar a esta experiencia desde lo vivencial, personal y colectivo.<\/h3>\n<h3><strong>GRABACI\u00d3N<\/strong><\/h3>\n<h3><strong>Luis Ocampo<\/strong>, director de la Casa de la M\u00fasica, indic\u00f3 que Liendro se encuentra grabando hace unos cuatro d\u00edas en Casa de la M\u00fasica su nuevo proyecto \u2018Semilla R\u00edtmica\u2019, junto a destacados m\u00fasicos: Walter Zelaya en guitarras, Tom\u00e1s Babjackzuk en bater\u00eda, Leonardo Toledo Plate en piano y Leo Villagra en el bajo.<\/h3>\n<h3>\u201c\u2019Semilla R\u00edtmica\u2019 es una propuesta innovadora que muestra las diferentes facetas de Juan Carlos Liendro como artista, despegando de su faz netamente instrumental y sumando canciones compuestas por \u00e9l mismo y en colaboraci\u00f3n con otros artistas\u201d, explic\u00f3 Ocampo.<\/h3>\n<h3><\/h3>\n<h3><\/h3>\n<p>&nbsp;<\/p>\n","protected":false},"excerpt":{"rendered":"<p>Este jueves 28 de noviembre, el multipremiado m\u00fasico, Juan Carlos Liendro, dictar\u00e1 un workshop en&#8230;<\/p>\n","protected":false},"author":1,"featured_media":25915,"comment_status":"closed","ping_status":"closed","sticky":false,"template":"","format":"standard","meta":{"footnotes":""},"categories":[6],"tags":[],"class_list":["post-25914","post","type-post","status-publish","format-standard","has-post-thumbnail","hentry","category-ciudad-provincia"],"yoast_head":"<!-- This site is optimized with the Yoast SEO plugin v26.1.1 - https:\/\/yoast.com\/wordpress\/plugins\/seo\/ -->\n<title>RECONOCIDO ARTISTA DICTAR\u00c1 UNA CL\u00cdNICA SOBRE M\u00daSICA FOLCL\u00d3RICA - Apuntes de San Luis<\/title>\n<meta name=\"robots\" content=\"index, follow, max-snippet:-1, max-image-preview:large, max-video-preview:-1\" \/>\n<link rel=\"canonical\" href=\"https:\/\/apuntesdesanluis.com\/index.php\/2024\/11\/28\/reconocido-artista-dictara-una-clinica-sobre-musica-folclorica\/\" \/>\n<meta property=\"og:locale\" content=\"es_ES\" \/>\n<meta property=\"og:type\" content=\"article\" \/>\n<meta property=\"og:title\" content=\"RECONOCIDO ARTISTA DICTAR\u00c1 UNA CL\u00cdNICA SOBRE M\u00daSICA FOLCL\u00d3RICA - Apuntes de San Luis\" \/>\n<meta property=\"og:description\" content=\"Este jueves 28 de noviembre, el multipremiado m\u00fasico, Juan Carlos Liendro, dictar\u00e1 un workshop en...\" \/>\n<meta property=\"og:url\" content=\"https:\/\/apuntesdesanluis.com\/index.php\/2024\/11\/28\/reconocido-artista-dictara-una-clinica-sobre-musica-folclorica\/\" \/>\n<meta property=\"og:site_name\" content=\"Apuntes de San Luis\" \/>\n<meta property=\"article:published_time\" content=\"2024-11-28T15:54:22+00:00\" \/>\n<meta property=\"og:image\" content=\"https:\/\/apuntesdesanluis.com\/wp-content\/uploads\/2024\/11\/musico.png\" \/>\n\t<meta property=\"og:image:width\" content=\"798\" \/>\n\t<meta property=\"og:image:height\" content=\"485\" \/>\n\t<meta property=\"og:image:type\" content=\"image\/png\" \/>\n<meta name=\"author\" content=\"apuntesdesanluis.com\" \/>\n<meta name=\"twitter:card\" content=\"summary_large_image\" \/>\n<meta name=\"twitter:label1\" content=\"Escrito por\" \/>\n\t<meta name=\"twitter:data1\" content=\"apuntesdesanluis.com\" \/>\n\t<meta name=\"twitter:label2\" content=\"Tiempo de lectura\" \/>\n\t<meta name=\"twitter:data2\" content=\"3 minutos\" \/>\n<script type=\"application\/ld+json\" class=\"yoast-schema-graph\">{\"@context\":\"https:\/\/schema.org\",\"@graph\":[{\"@type\":\"Article\",\"@id\":\"https:\/\/apuntesdesanluis.com\/index.php\/2024\/11\/28\/reconocido-artista-dictara-una-clinica-sobre-musica-folclorica\/#article\",\"isPartOf\":{\"@id\":\"https:\/\/apuntesdesanluis.com\/index.php\/2024\/11\/28\/reconocido-artista-dictara-una-clinica-sobre-musica-folclorica\/\"},\"author\":{\"name\":\"apuntesdesanluis.com\",\"@id\":\"https:\/\/apuntesdesanluis.com\/#\/schema\/person\/b55151d52296fcce64d1a72538a70b90\"},\"headline\":\"RECONOCIDO ARTISTA DICTAR\u00c1 UNA CL\u00cdNICA SOBRE M\u00daSICA FOLCL\u00d3RICA\",\"datePublished\":\"2024-11-28T15:54:22+00:00\",\"mainEntityOfPage\":{\"@id\":\"https:\/\/apuntesdesanluis.com\/index.php\/2024\/11\/28\/reconocido-artista-dictara-una-clinica-sobre-musica-folclorica\/\"},\"wordCount\":512,\"publisher\":{\"@id\":\"https:\/\/apuntesdesanluis.com\/#\/schema\/person\/b55151d52296fcce64d1a72538a70b90\"},\"image\":{\"@id\":\"https:\/\/apuntesdesanluis.com\/index.php\/2024\/11\/28\/reconocido-artista-dictara-una-clinica-sobre-musica-folclorica\/#primaryimage\"},\"thumbnailUrl\":\"https:\/\/apuntesdesanluis.com\/wp-content\/uploads\/2024\/11\/musico.png\",\"articleSection\":[\"Ciudad\/Provincia\"],\"inLanguage\":\"es-AR\"},{\"@type\":\"WebPage\",\"@id\":\"https:\/\/apuntesdesanluis.com\/index.php\/2024\/11\/28\/reconocido-artista-dictara-una-clinica-sobre-musica-folclorica\/\",\"url\":\"https:\/\/apuntesdesanluis.com\/index.php\/2024\/11\/28\/reconocido-artista-dictara-una-clinica-sobre-musica-folclorica\/\",\"name\":\"RECONOCIDO ARTISTA DICTAR\u00c1 UNA CL\u00cdNICA SOBRE M\u00daSICA FOLCL\u00d3RICA - Apuntes de San Luis\",\"isPartOf\":{\"@id\":\"https:\/\/apuntesdesanluis.com\/#website\"},\"primaryImageOfPage\":{\"@id\":\"https:\/\/apuntesdesanluis.com\/index.php\/2024\/11\/28\/reconocido-artista-dictara-una-clinica-sobre-musica-folclorica\/#primaryimage\"},\"image\":{\"@id\":\"https:\/\/apuntesdesanluis.com\/index.php\/2024\/11\/28\/reconocido-artista-dictara-una-clinica-sobre-musica-folclorica\/#primaryimage\"},\"thumbnailUrl\":\"https:\/\/apuntesdesanluis.com\/wp-content\/uploads\/2024\/11\/musico.png\",\"datePublished\":\"2024-11-28T15:54:22+00:00\",\"breadcrumb\":{\"@id\":\"https:\/\/apuntesdesanluis.com\/index.php\/2024\/11\/28\/reconocido-artista-dictara-una-clinica-sobre-musica-folclorica\/#breadcrumb\"},\"inLanguage\":\"es-AR\",\"potentialAction\":[{\"@type\":\"ReadAction\",\"target\":[\"https:\/\/apuntesdesanluis.com\/index.php\/2024\/11\/28\/reconocido-artista-dictara-una-clinica-sobre-musica-folclorica\/\"]}]},{\"@type\":\"ImageObject\",\"inLanguage\":\"es-AR\",\"@id\":\"https:\/\/apuntesdesanluis.com\/index.php\/2024\/11\/28\/reconocido-artista-dictara-una-clinica-sobre-musica-folclorica\/#primaryimage\",\"url\":\"https:\/\/apuntesdesanluis.com\/wp-content\/uploads\/2024\/11\/musico.png\",\"contentUrl\":\"https:\/\/apuntesdesanluis.com\/wp-content\/uploads\/2024\/11\/musico.png\",\"width\":798,\"height\":485},{\"@type\":\"BreadcrumbList\",\"@id\":\"https:\/\/apuntesdesanluis.com\/index.php\/2024\/11\/28\/reconocido-artista-dictara-una-clinica-sobre-musica-folclorica\/#breadcrumb\",\"itemListElement\":[{\"@type\":\"ListItem\",\"position\":1,\"name\":\"Inicio\",\"item\":\"https:\/\/apuntesdesanluis.com\/\"},{\"@type\":\"ListItem\",\"position\":2,\"name\":\"RECONOCIDO ARTISTA DICTAR\u00c1 UNA CL\u00cdNICA SOBRE M\u00daSICA FOLCL\u00d3RICA\"}]},{\"@type\":\"WebSite\",\"@id\":\"https:\/\/apuntesdesanluis.com\/#website\",\"url\":\"https:\/\/apuntesdesanluis.com\/\",\"name\":\"Apuntes de San Luis\",\"description\":\"\",\"publisher\":{\"@id\":\"https:\/\/apuntesdesanluis.com\/#\/schema\/person\/b55151d52296fcce64d1a72538a70b90\"},\"potentialAction\":[{\"@type\":\"SearchAction\",\"target\":{\"@type\":\"EntryPoint\",\"urlTemplate\":\"https:\/\/apuntesdesanluis.com\/?s={search_term_string}\"},\"query-input\":{\"@type\":\"PropertyValueSpecification\",\"valueRequired\":true,\"valueName\":\"search_term_string\"}}],\"inLanguage\":\"es-AR\"},{\"@type\":[\"Person\",\"Organization\"],\"@id\":\"https:\/\/apuntesdesanluis.com\/#\/schema\/person\/b55151d52296fcce64d1a72538a70b90\",\"name\":\"apuntesdesanluis.com\",\"image\":{\"@type\":\"ImageObject\",\"inLanguage\":\"es-AR\",\"@id\":\"https:\/\/apuntesdesanluis.com\/#\/schema\/person\/image\/\",\"url\":\"https:\/\/apuntesdesanluis.com\/wp-content\/uploads\/2023\/07\/cropped-apuntesdesanluis.png\",\"contentUrl\":\"https:\/\/apuntesdesanluis.com\/wp-content\/uploads\/2023\/07\/cropped-apuntesdesanluis.png\",\"width\":450,\"height\":112,\"caption\":\"apuntesdesanluis.com\"},\"logo\":{\"@id\":\"https:\/\/apuntesdesanluis.com\/#\/schema\/person\/image\/\"},\"sameAs\":[\"https:\/\/apuntesdesanluis.com\"],\"url\":\"https:\/\/apuntesdesanluis.com\/index.php\/author\/apuntesdesanluis-com\/\"}]}<\/script>\n<!-- \/ Yoast SEO plugin. -->","yoast_head_json":{"title":"RECONOCIDO ARTISTA DICTAR\u00c1 UNA CL\u00cdNICA SOBRE M\u00daSICA FOLCL\u00d3RICA - Apuntes de San Luis","robots":{"index":"index","follow":"follow","max-snippet":"max-snippet:-1","max-image-preview":"max-image-preview:large","max-video-preview":"max-video-preview:-1"},"canonical":"https:\/\/apuntesdesanluis.com\/index.php\/2024\/11\/28\/reconocido-artista-dictara-una-clinica-sobre-musica-folclorica\/","og_locale":"es_ES","og_type":"article","og_title":"RECONOCIDO ARTISTA DICTAR\u00c1 UNA CL\u00cdNICA SOBRE M\u00daSICA FOLCL\u00d3RICA - Apuntes de San Luis","og_description":"Este jueves 28 de noviembre, el multipremiado m\u00fasico, Juan Carlos Liendro, dictar\u00e1 un workshop en...","og_url":"https:\/\/apuntesdesanluis.com\/index.php\/2024\/11\/28\/reconocido-artista-dictara-una-clinica-sobre-musica-folclorica\/","og_site_name":"Apuntes de San Luis","article_published_time":"2024-11-28T15:54:22+00:00","og_image":[{"width":798,"height":485,"url":"https:\/\/apuntesdesanluis.com\/wp-content\/uploads\/2024\/11\/musico.png","type":"image\/png"}],"author":"apuntesdesanluis.com","twitter_card":"summary_large_image","twitter_misc":{"Escrito por":"apuntesdesanluis.com","Tiempo de lectura":"3 minutos"},"schema":{"@context":"https:\/\/schema.org","@graph":[{"@type":"Article","@id":"https:\/\/apuntesdesanluis.com\/index.php\/2024\/11\/28\/reconocido-artista-dictara-una-clinica-sobre-musica-folclorica\/#article","isPartOf":{"@id":"https:\/\/apuntesdesanluis.com\/index.php\/2024\/11\/28\/reconocido-artista-dictara-una-clinica-sobre-musica-folclorica\/"},"author":{"name":"apuntesdesanluis.com","@id":"https:\/\/apuntesdesanluis.com\/#\/schema\/person\/b55151d52296fcce64d1a72538a70b90"},"headline":"RECONOCIDO ARTISTA DICTAR\u00c1 UNA CL\u00cdNICA SOBRE M\u00daSICA FOLCL\u00d3RICA","datePublished":"2024-11-28T15:54:22+00:00","mainEntityOfPage":{"@id":"https:\/\/apuntesdesanluis.com\/index.php\/2024\/11\/28\/reconocido-artista-dictara-una-clinica-sobre-musica-folclorica\/"},"wordCount":512,"publisher":{"@id":"https:\/\/apuntesdesanluis.com\/#\/schema\/person\/b55151d52296fcce64d1a72538a70b90"},"image":{"@id":"https:\/\/apuntesdesanluis.com\/index.php\/2024\/11\/28\/reconocido-artista-dictara-una-clinica-sobre-musica-folclorica\/#primaryimage"},"thumbnailUrl":"https:\/\/apuntesdesanluis.com\/wp-content\/uploads\/2024\/11\/musico.png","articleSection":["Ciudad\/Provincia"],"inLanguage":"es-AR"},{"@type":"WebPage","@id":"https:\/\/apuntesdesanluis.com\/index.php\/2024\/11\/28\/reconocido-artista-dictara-una-clinica-sobre-musica-folclorica\/","url":"https:\/\/apuntesdesanluis.com\/index.php\/2024\/11\/28\/reconocido-artista-dictara-una-clinica-sobre-musica-folclorica\/","name":"RECONOCIDO ARTISTA DICTAR\u00c1 UNA CL\u00cdNICA SOBRE M\u00daSICA FOLCL\u00d3RICA - Apuntes de San Luis","isPartOf":{"@id":"https:\/\/apuntesdesanluis.com\/#website"},"primaryImageOfPage":{"@id":"https:\/\/apuntesdesanluis.com\/index.php\/2024\/11\/28\/reconocido-artista-dictara-una-clinica-sobre-musica-folclorica\/#primaryimage"},"image":{"@id":"https:\/\/apuntesdesanluis.com\/index.php\/2024\/11\/28\/reconocido-artista-dictara-una-clinica-sobre-musica-folclorica\/#primaryimage"},"thumbnailUrl":"https:\/\/apuntesdesanluis.com\/wp-content\/uploads\/2024\/11\/musico.png","datePublished":"2024-11-28T15:54:22+00:00","breadcrumb":{"@id":"https:\/\/apuntesdesanluis.com\/index.php\/2024\/11\/28\/reconocido-artista-dictara-una-clinica-sobre-musica-folclorica\/#breadcrumb"},"inLanguage":"es-AR","potentialAction":[{"@type":"ReadAction","target":["https:\/\/apuntesdesanluis.com\/index.php\/2024\/11\/28\/reconocido-artista-dictara-una-clinica-sobre-musica-folclorica\/"]}]},{"@type":"ImageObject","inLanguage":"es-AR","@id":"https:\/\/apuntesdesanluis.com\/index.php\/2024\/11\/28\/reconocido-artista-dictara-una-clinica-sobre-musica-folclorica\/#primaryimage","url":"https:\/\/apuntesdesanluis.com\/wp-content\/uploads\/2024\/11\/musico.png","contentUrl":"https:\/\/apuntesdesanluis.com\/wp-content\/uploads\/2024\/11\/musico.png","width":798,"height":485},{"@type":"BreadcrumbList","@id":"https:\/\/apuntesdesanluis.com\/index.php\/2024\/11\/28\/reconocido-artista-dictara-una-clinica-sobre-musica-folclorica\/#breadcrumb","itemListElement":[{"@type":"ListItem","position":1,"name":"Inicio","item":"https:\/\/apuntesdesanluis.com\/"},{"@type":"ListItem","position":2,"name":"RECONOCIDO ARTISTA DICTAR\u00c1 UNA CL\u00cdNICA SOBRE M\u00daSICA FOLCL\u00d3RICA"}]},{"@type":"WebSite","@id":"https:\/\/apuntesdesanluis.com\/#website","url":"https:\/\/apuntesdesanluis.com\/","name":"Apuntes de San Luis","description":"","publisher":{"@id":"https:\/\/apuntesdesanluis.com\/#\/schema\/person\/b55151d52296fcce64d1a72538a70b90"},"potentialAction":[{"@type":"SearchAction","target":{"@type":"EntryPoint","urlTemplate":"https:\/\/apuntesdesanluis.com\/?s={search_term_string}"},"query-input":{"@type":"PropertyValueSpecification","valueRequired":true,"valueName":"search_term_string"}}],"inLanguage":"es-AR"},{"@type":["Person","Organization"],"@id":"https:\/\/apuntesdesanluis.com\/#\/schema\/person\/b55151d52296fcce64d1a72538a70b90","name":"apuntesdesanluis.com","image":{"@type":"ImageObject","inLanguage":"es-AR","@id":"https:\/\/apuntesdesanluis.com\/#\/schema\/person\/image\/","url":"https:\/\/apuntesdesanluis.com\/wp-content\/uploads\/2023\/07\/cropped-apuntesdesanluis.png","contentUrl":"https:\/\/apuntesdesanluis.com\/wp-content\/uploads\/2023\/07\/cropped-apuntesdesanluis.png","width":450,"height":112,"caption":"apuntesdesanluis.com"},"logo":{"@id":"https:\/\/apuntesdesanluis.com\/#\/schema\/person\/image\/"},"sameAs":["https:\/\/apuntesdesanluis.com"],"url":"https:\/\/apuntesdesanluis.com\/index.php\/author\/apuntesdesanluis-com\/"}]}},"featured_image_urls":{"full":["https:\/\/apuntesdesanluis.com\/wp-content\/uploads\/2024\/11\/musico.png",798,485,false],"thumbnail":["https:\/\/apuntesdesanluis.com\/wp-content\/uploads\/2024\/11\/musico-150x150.png",150,150,true],"medium":["https:\/\/apuntesdesanluis.com\/wp-content\/uploads\/2024\/11\/musico-300x182.png",300,182,true],"medium_large":["https:\/\/apuntesdesanluis.com\/wp-content\/uploads\/2024\/11\/musico-768x467.png",640,389,true],"large":["https:\/\/apuntesdesanluis.com\/wp-content\/uploads\/2024\/11\/musico.png",640,389,false],"1536x1536":["https:\/\/apuntesdesanluis.com\/wp-content\/uploads\/2024\/11\/musico.png",798,485,false],"2048x2048":["https:\/\/apuntesdesanluis.com\/wp-content\/uploads\/2024\/11\/musico.png",798,485,false],"newsever-slider-full":["https:\/\/apuntesdesanluis.com\/wp-content\/uploads\/2024\/11\/musico.png",798,485,false],"newsever-featured":["https:\/\/apuntesdesanluis.com\/wp-content\/uploads\/2024\/11\/musico.png",798,485,false],"newsever-medium":["https:\/\/apuntesdesanluis.com\/wp-content\/uploads\/2024\/11\/musico-720x475.png",720,475,true]},"author_info":{"display_name":"apuntesdesanluis.com","author_link":"https:\/\/apuntesdesanluis.com\/index.php\/author\/apuntesdesanluis-com\/"},"category_info":"<a href=\"https:\/\/apuntesdesanluis.com\/index.php\/category\/ciudad-provincia\/\" rel=\"category tag\">Ciudad\/Provincia<\/a>","tag_info":"Ciudad\/Provincia","comment_count":"0","_links":{"self":[{"href":"https:\/\/apuntesdesanluis.com\/index.php\/wp-json\/wp\/v2\/posts\/25914","targetHints":{"allow":["GET"]}}],"collection":[{"href":"https:\/\/apuntesdesanluis.com\/index.php\/wp-json\/wp\/v2\/posts"}],"about":[{"href":"https:\/\/apuntesdesanluis.com\/index.php\/wp-json\/wp\/v2\/types\/post"}],"author":[{"embeddable":true,"href":"https:\/\/apuntesdesanluis.com\/index.php\/wp-json\/wp\/v2\/users\/1"}],"replies":[{"embeddable":true,"href":"https:\/\/apuntesdesanluis.com\/index.php\/wp-json\/wp\/v2\/comments?post=25914"}],"version-history":[{"count":1,"href":"https:\/\/apuntesdesanluis.com\/index.php\/wp-json\/wp\/v2\/posts\/25914\/revisions"}],"predecessor-version":[{"id":25916,"href":"https:\/\/apuntesdesanluis.com\/index.php\/wp-json\/wp\/v2\/posts\/25914\/revisions\/25916"}],"wp:featuredmedia":[{"embeddable":true,"href":"https:\/\/apuntesdesanluis.com\/index.php\/wp-json\/wp\/v2\/media\/25915"}],"wp:attachment":[{"href":"https:\/\/apuntesdesanluis.com\/index.php\/wp-json\/wp\/v2\/media?parent=25914"}],"wp:term":[{"taxonomy":"category","embeddable":true,"href":"https:\/\/apuntesdesanluis.com\/index.php\/wp-json\/wp\/v2\/categories?post=25914"},{"taxonomy":"post_tag","embeddable":true,"href":"https:\/\/apuntesdesanluis.com\/index.php\/wp-json\/wp\/v2\/tags?post=25914"}],"curies":[{"name":"wp","href":"https:\/\/api.w.org\/{rel}","templated":true}]}}