{"id":25924,"date":"2024-11-28T17:40:15","date_gmt":"2024-11-28T20:40:15","guid":{"rendered":"https:\/\/apuntesdesanluis.com\/?p=25924"},"modified":"2024-11-28T17:44:02","modified_gmt":"2024-11-28T20:44:02","slug":"la-ex-secretaria-de-hacienda-de-la-unvime-apelo-su-procesamiento","status":"publish","type":"post","link":"https:\/\/apuntesdesanluis.com\/index.php\/2024\/11\/28\/la-ex-secretaria-de-hacienda-de-la-unvime-apelo-su-procesamiento\/","title":{"rendered":"LA EX SECRETARIA DE HACIENDA DE LA UNVIME APEL\u00d3 SU PROCESAMIENTO"},"content":{"rendered":"<h3>La contadura <strong>Claudia Alejandra Grando<\/strong>, ex secretaria de Hacienda de la UNViMe, neg\u00f3 las imputaciones que se le formulan referidas a un supuesto sabotaje al sistema contable de liquidaci\u00f3n de sueldos.<\/h3>\n<h3>Como se recordar\u00e1, la misma fue procesada hace una semana por resultar \u201ca prima facie autora penalmente responsable del delito previsto y penado en los arts. 183 segundo p\u00e1rrafo y 184 incs. 1 y 6 del C\u00f3digo Penal, en concurso ideal, con el delito de abuso de autoridad previsto en el art. 248 del C\u00f3digo Penal en la modalidad de da\u00f1o inform\u00e1tico por alteraci\u00f3n, agravado por ejecutarlo con el fin de impedir el libre ejercicio de la autoridad y por recaer sobre un sistema inform\u00e1tico destinado a un servicio p\u00fablico\u201d.<\/h3>\n<h3>Asimismo, se le trab\u00f3 embargo por la suma de pesos veinte millones ($ 20.000.000) sobre bienes propios de la procesada, para cubrir gastos y costas procesales. La decisi\u00f3n la tom\u00f3 el juez federal de Villa Mercedes, Juan Carlos Nacul.<\/h3>\n<h3>La base de su defensa radica en que cuando ocurri\u00f3 la alteraci\u00f3n de los sistemas contables, la misma ya no se desempe\u00f1aba como Secretaria de Hacienda.<\/h3>\n<h3>La contadora Grando, con el patrocinio letrado del abogado Carlos Andreotti, hizo llegar a <strong>Apuntes de San Luis<\/strong> copia del recurso de apelaci\u00f3n que present\u00f3 ante la justicia federal, solicitando su sobreseimiento definitivo.<\/h3>\n<h3><\/h3>\n<h3><strong>VER: <a href=\"https:\/\/apuntesdesanluis.com\/wp-content\/uploads\/2024\/11\/Recurso-de-apelacion.pdf\" target=\"_blank\" rel=\"noopener\"><span style=\"color: #3366ff;\">RECURSO DE APELACI\u00d3N<\/span><\/a><\/strong><\/h3>\n<h3><\/h3>\n<p>&nbsp;<\/p>\n<h3><strong>NOTA RELACIONADA:<\/strong><\/h3>\n<p><a href=\"https:\/\/apuntesdesanluis.com\/index.php\/2024\/11\/21\/unvime-procesan-a-ex-secretaria-de-hacienda-y-traban-millonario-embargo\/\" target=\"_blank\" rel=\"noopener\"><img fetchpriority=\"high\" decoding=\"async\" class=\"alignnone wp-image-25929\" src=\"https:\/\/apuntesdesanluis.com\/wp-content\/uploads\/2024\/11\/POSTEO-9-300x98.png\" alt=\"\" width=\"496\" height=\"162\" srcset=\"https:\/\/apuntesdesanluis.com\/wp-content\/uploads\/2024\/11\/POSTEO-9-300x98.png 300w, https:\/\/apuntesdesanluis.com\/wp-content\/uploads\/2024\/11\/POSTEO-9.png 537w\" sizes=\"(max-width: 496px) 100vw, 496px\" \/><\/a><\/p>\n<p>&nbsp;<\/p>\n<p>&nbsp;<\/p>\n<p>&nbsp;<\/p>\n<p>&nbsp;<\/p>\n","protected":false},"excerpt":{"rendered":"<p>La contadura Claudia Alejandra Grando, ex secretaria de Hacienda de la UNViMe, neg\u00f3 las imputaciones&#8230;<\/p>\n","protected":false},"author":1,"featured_media":24672,"comment_status":"closed","ping_status":"closed","sticky":false,"template":"","format":"standard","meta":{"footnotes":""},"categories":[6],"tags":[],"class_list":["post-25924","post","type-post","status-publish","format-standard","has-post-thumbnail","hentry","category-ciudad-provincia"],"yoast_head":"<!-- This site is optimized with the Yoast SEO plugin v26.1.1 - https:\/\/yoast.com\/wordpress\/plugins\/seo\/ -->\n<title>LA EX SECRETARIA DE HACIENDA DE LA UNVIME APEL\u00d3 SU PROCESAMIENTO - Apuntes de San Luis<\/title>\n<meta name=\"robots\" content=\"index, follow, max-snippet:-1, max-image-preview:large, max-video-preview:-1\" \/>\n<link rel=\"canonical\" href=\"https:\/\/apuntesdesanluis.com\/index.php\/2024\/11\/28\/la-ex-secretaria-de-hacienda-de-la-unvime-apelo-su-procesamiento\/\" \/>\n<meta property=\"og:locale\" content=\"es_ES\" \/>\n<meta property=\"og:type\" content=\"article\" \/>\n<meta property=\"og:title\" content=\"LA EX SECRETARIA DE HACIENDA DE LA UNVIME APEL\u00d3 SU PROCESAMIENTO - Apuntes de San Luis\" \/>\n<meta property=\"og:description\" content=\"La contadura Claudia Alejandra Grando, ex secretaria de Hacienda de la UNViMe, neg\u00f3 las imputaciones...\" \/>\n<meta property=\"og:url\" content=\"https:\/\/apuntesdesanluis.com\/index.php\/2024\/11\/28\/la-ex-secretaria-de-hacienda-de-la-unvime-apelo-su-procesamiento\/\" \/>\n<meta property=\"og:site_name\" content=\"Apuntes de San Luis\" \/>\n<meta property=\"article:published_time\" content=\"2024-11-28T20:40:15+00:00\" \/>\n<meta property=\"article:modified_time\" content=\"2024-11-28T20:44:02+00:00\" \/>\n<meta property=\"og:image\" content=\"https:\/\/apuntesdesanluis.com\/wp-content\/uploads\/2024\/11\/CLAUDIA-GRANDO.png\" \/>\n\t<meta property=\"og:image:width\" content=\"369\" \/>\n\t<meta property=\"og:image:height\" content=\"236\" \/>\n\t<meta property=\"og:image:type\" content=\"image\/png\" \/>\n<meta name=\"author\" content=\"apuntesdesanluis.com\" \/>\n<meta name=\"twitter:card\" content=\"summary_large_image\" \/>\n<meta name=\"twitter:label1\" content=\"Escrito por\" \/>\n\t<meta name=\"twitter:data1\" content=\"apuntesdesanluis.com\" \/>\n\t<meta name=\"twitter:label2\" content=\"Tiempo de lectura\" \/>\n\t<meta name=\"twitter:data2\" content=\"2 minutos\" \/>\n<script type=\"application\/ld+json\" class=\"yoast-schema-graph\">{\"@context\":\"https:\/\/schema.org\",\"@graph\":[{\"@type\":\"Article\",\"@id\":\"https:\/\/apuntesdesanluis.com\/index.php\/2024\/11\/28\/la-ex-secretaria-de-hacienda-de-la-unvime-apelo-su-procesamiento\/#article\",\"isPartOf\":{\"@id\":\"https:\/\/apuntesdesanluis.com\/index.php\/2024\/11\/28\/la-ex-secretaria-de-hacienda-de-la-unvime-apelo-su-procesamiento\/\"},\"author\":{\"name\":\"apuntesdesanluis.com\",\"@id\":\"https:\/\/apuntesdesanluis.com\/#\/schema\/person\/b55151d52296fcce64d1a72538a70b90\"},\"headline\":\"LA EX SECRETARIA DE HACIENDA DE LA UNVIME APEL\u00d3 SU PROCESAMIENTO\",\"datePublished\":\"2024-11-28T20:40:15+00:00\",\"dateModified\":\"2024-11-28T20:44:02+00:00\",\"mainEntityOfPage\":{\"@id\":\"https:\/\/apuntesdesanluis.com\/index.php\/2024\/11\/28\/la-ex-secretaria-de-hacienda-de-la-unvime-apelo-su-procesamiento\/\"},\"wordCount\":248,\"publisher\":{\"@id\":\"https:\/\/apuntesdesanluis.com\/#\/schema\/person\/b55151d52296fcce64d1a72538a70b90\"},\"image\":{\"@id\":\"https:\/\/apuntesdesanluis.com\/index.php\/2024\/11\/28\/la-ex-secretaria-de-hacienda-de-la-unvime-apelo-su-procesamiento\/#primaryimage\"},\"thumbnailUrl\":\"https:\/\/apuntesdesanluis.com\/wp-content\/uploads\/2024\/11\/CLAUDIA-GRANDO.png\",\"articleSection\":[\"Ciudad\/Provincia\"],\"inLanguage\":\"es-AR\"},{\"@type\":\"WebPage\",\"@id\":\"https:\/\/apuntesdesanluis.com\/index.php\/2024\/11\/28\/la-ex-secretaria-de-hacienda-de-la-unvime-apelo-su-procesamiento\/\",\"url\":\"https:\/\/apuntesdesanluis.com\/index.php\/2024\/11\/28\/la-ex-secretaria-de-hacienda-de-la-unvime-apelo-su-procesamiento\/\",\"name\":\"LA EX SECRETARIA DE HACIENDA DE LA UNVIME APEL\u00d3 SU PROCESAMIENTO - Apuntes de San Luis\",\"isPartOf\":{\"@id\":\"https:\/\/apuntesdesanluis.com\/#website\"},\"primaryImageOfPage\":{\"@id\":\"https:\/\/apuntesdesanluis.com\/index.php\/2024\/11\/28\/la-ex-secretaria-de-hacienda-de-la-unvime-apelo-su-procesamiento\/#primaryimage\"},\"image\":{\"@id\":\"https:\/\/apuntesdesanluis.com\/index.php\/2024\/11\/28\/la-ex-secretaria-de-hacienda-de-la-unvime-apelo-su-procesamiento\/#primaryimage\"},\"thumbnailUrl\":\"https:\/\/apuntesdesanluis.com\/wp-content\/uploads\/2024\/11\/CLAUDIA-GRANDO.png\",\"datePublished\":\"2024-11-28T20:40:15+00:00\",\"dateModified\":\"2024-11-28T20:44:02+00:00\",\"breadcrumb\":{\"@id\":\"https:\/\/apuntesdesanluis.com\/index.php\/2024\/11\/28\/la-ex-secretaria-de-hacienda-de-la-unvime-apelo-su-procesamiento\/#breadcrumb\"},\"inLanguage\":\"es-AR\",\"potentialAction\":[{\"@type\":\"ReadAction\",\"target\":[\"https:\/\/apuntesdesanluis.com\/index.php\/2024\/11\/28\/la-ex-secretaria-de-hacienda-de-la-unvime-apelo-su-procesamiento\/\"]}]},{\"@type\":\"ImageObject\",\"inLanguage\":\"es-AR\",\"@id\":\"https:\/\/apuntesdesanluis.com\/index.php\/2024\/11\/28\/la-ex-secretaria-de-hacienda-de-la-unvime-apelo-su-procesamiento\/#primaryimage\",\"url\":\"https:\/\/apuntesdesanluis.com\/wp-content\/uploads\/2024\/11\/CLAUDIA-GRANDO.png\",\"contentUrl\":\"https:\/\/apuntesdesanluis.com\/wp-content\/uploads\/2024\/11\/CLAUDIA-GRANDO.png\",\"width\":369,\"height\":236},{\"@type\":\"BreadcrumbList\",\"@id\":\"https:\/\/apuntesdesanluis.com\/index.php\/2024\/11\/28\/la-ex-secretaria-de-hacienda-de-la-unvime-apelo-su-procesamiento\/#breadcrumb\",\"itemListElement\":[{\"@type\":\"ListItem\",\"position\":1,\"name\":\"Inicio\",\"item\":\"https:\/\/apuntesdesanluis.com\/\"},{\"@type\":\"ListItem\",\"position\":2,\"name\":\"LA EX SECRETARIA DE HACIENDA DE LA UNVIME APEL\u00d3 SU PROCESAMIENTO\"}]},{\"@type\":\"WebSite\",\"@id\":\"https:\/\/apuntesdesanluis.com\/#website\",\"url\":\"https:\/\/apuntesdesanluis.com\/\",\"name\":\"Apuntes de San Luis\",\"description\":\"\",\"publisher\":{\"@id\":\"https:\/\/apuntesdesanluis.com\/#\/schema\/person\/b55151d52296fcce64d1a72538a70b90\"},\"potentialAction\":[{\"@type\":\"SearchAction\",\"target\":{\"@type\":\"EntryPoint\",\"urlTemplate\":\"https:\/\/apuntesdesanluis.com\/?s={search_term_string}\"},\"query-input\":{\"@type\":\"PropertyValueSpecification\",\"valueRequired\":true,\"valueName\":\"search_term_string\"}}],\"inLanguage\":\"es-AR\"},{\"@type\":[\"Person\",\"Organization\"],\"@id\":\"https:\/\/apuntesdesanluis.com\/#\/schema\/person\/b55151d52296fcce64d1a72538a70b90\",\"name\":\"apuntesdesanluis.com\",\"image\":{\"@type\":\"ImageObject\",\"inLanguage\":\"es-AR\",\"@id\":\"https:\/\/apuntesdesanluis.com\/#\/schema\/person\/image\/\",\"url\":\"https:\/\/apuntesdesanluis.com\/wp-content\/uploads\/2023\/07\/cropped-apuntesdesanluis.png\",\"contentUrl\":\"https:\/\/apuntesdesanluis.com\/wp-content\/uploads\/2023\/07\/cropped-apuntesdesanluis.png\",\"width\":450,\"height\":112,\"caption\":\"apuntesdesanluis.com\"},\"logo\":{\"@id\":\"https:\/\/apuntesdesanluis.com\/#\/schema\/person\/image\/\"},\"sameAs\":[\"https:\/\/apuntesdesanluis.com\"],\"url\":\"https:\/\/apuntesdesanluis.com\/index.php\/author\/apuntesdesanluis-com\/\"}]}<\/script>\n<!-- \/ Yoast SEO plugin. -->","yoast_head_json":{"title":"LA EX SECRETARIA DE HACIENDA DE LA UNVIME APEL\u00d3 SU PROCESAMIENTO - Apuntes de San Luis","robots":{"index":"index","follow":"follow","max-snippet":"max-snippet:-1","max-image-preview":"max-image-preview:large","max-video-preview":"max-video-preview:-1"},"canonical":"https:\/\/apuntesdesanluis.com\/index.php\/2024\/11\/28\/la-ex-secretaria-de-hacienda-de-la-unvime-apelo-su-procesamiento\/","og_locale":"es_ES","og_type":"article","og_title":"LA EX SECRETARIA DE HACIENDA DE LA UNVIME APEL\u00d3 SU PROCESAMIENTO - Apuntes de San Luis","og_description":"La contadura Claudia Alejandra Grando, ex secretaria de Hacienda de la UNViMe, neg\u00f3 las imputaciones...","og_url":"https:\/\/apuntesdesanluis.com\/index.php\/2024\/11\/28\/la-ex-secretaria-de-hacienda-de-la-unvime-apelo-su-procesamiento\/","og_site_name":"Apuntes de San Luis","article_published_time":"2024-11-28T20:40:15+00:00","article_modified_time":"2024-11-28T20:44:02+00:00","og_image":[{"width":369,"height":236,"url":"https:\/\/apuntesdesanluis.com\/wp-content\/uploads\/2024\/11\/CLAUDIA-GRANDO.png","type":"image\/png"}],"author":"apuntesdesanluis.com","twitter_card":"summary_large_image","twitter_misc":{"Escrito por":"apuntesdesanluis.com","Tiempo de lectura":"2 minutos"},"schema":{"@context":"https:\/\/schema.org","@graph":[{"@type":"Article","@id":"https:\/\/apuntesdesanluis.com\/index.php\/2024\/11\/28\/la-ex-secretaria-de-hacienda-de-la-unvime-apelo-su-procesamiento\/#article","isPartOf":{"@id":"https:\/\/apuntesdesanluis.com\/index.php\/2024\/11\/28\/la-ex-secretaria-de-hacienda-de-la-unvime-apelo-su-procesamiento\/"},"author":{"name":"apuntesdesanluis.com","@id":"https:\/\/apuntesdesanluis.com\/#\/schema\/person\/b55151d52296fcce64d1a72538a70b90"},"headline":"LA EX SECRETARIA DE HACIENDA DE LA UNVIME APEL\u00d3 SU PROCESAMIENTO","datePublished":"2024-11-28T20:40:15+00:00","dateModified":"2024-11-28T20:44:02+00:00","mainEntityOfPage":{"@id":"https:\/\/apuntesdesanluis.com\/index.php\/2024\/11\/28\/la-ex-secretaria-de-hacienda-de-la-unvime-apelo-su-procesamiento\/"},"wordCount":248,"publisher":{"@id":"https:\/\/apuntesdesanluis.com\/#\/schema\/person\/b55151d52296fcce64d1a72538a70b90"},"image":{"@id":"https:\/\/apuntesdesanluis.com\/index.php\/2024\/11\/28\/la-ex-secretaria-de-hacienda-de-la-unvime-apelo-su-procesamiento\/#primaryimage"},"thumbnailUrl":"https:\/\/apuntesdesanluis.com\/wp-content\/uploads\/2024\/11\/CLAUDIA-GRANDO.png","articleSection":["Ciudad\/Provincia"],"inLanguage":"es-AR"},{"@type":"WebPage","@id":"https:\/\/apuntesdesanluis.com\/index.php\/2024\/11\/28\/la-ex-secretaria-de-hacienda-de-la-unvime-apelo-su-procesamiento\/","url":"https:\/\/apuntesdesanluis.com\/index.php\/2024\/11\/28\/la-ex-secretaria-de-hacienda-de-la-unvime-apelo-su-procesamiento\/","name":"LA EX SECRETARIA DE HACIENDA DE LA UNVIME APEL\u00d3 SU PROCESAMIENTO - Apuntes de San Luis","isPartOf":{"@id":"https:\/\/apuntesdesanluis.com\/#website"},"primaryImageOfPage":{"@id":"https:\/\/apuntesdesanluis.com\/index.php\/2024\/11\/28\/la-ex-secretaria-de-hacienda-de-la-unvime-apelo-su-procesamiento\/#primaryimage"},"image":{"@id":"https:\/\/apuntesdesanluis.com\/index.php\/2024\/11\/28\/la-ex-secretaria-de-hacienda-de-la-unvime-apelo-su-procesamiento\/#primaryimage"},"thumbnailUrl":"https:\/\/apuntesdesanluis.com\/wp-content\/uploads\/2024\/11\/CLAUDIA-GRANDO.png","datePublished":"2024-11-28T20:40:15+00:00","dateModified":"2024-11-28T20:44:02+00:00","breadcrumb":{"@id":"https:\/\/apuntesdesanluis.com\/index.php\/2024\/11\/28\/la-ex-secretaria-de-hacienda-de-la-unvime-apelo-su-procesamiento\/#breadcrumb"},"inLanguage":"es-AR","potentialAction":[{"@type":"ReadAction","target":["https:\/\/apuntesdesanluis.com\/index.php\/2024\/11\/28\/la-ex-secretaria-de-hacienda-de-la-unvime-apelo-su-procesamiento\/"]}]},{"@type":"ImageObject","inLanguage":"es-AR","@id":"https:\/\/apuntesdesanluis.com\/index.php\/2024\/11\/28\/la-ex-secretaria-de-hacienda-de-la-unvime-apelo-su-procesamiento\/#primaryimage","url":"https:\/\/apuntesdesanluis.com\/wp-content\/uploads\/2024\/11\/CLAUDIA-GRANDO.png","contentUrl":"https:\/\/apuntesdesanluis.com\/wp-content\/uploads\/2024\/11\/CLAUDIA-GRANDO.png","width":369,"height":236},{"@type":"BreadcrumbList","@id":"https:\/\/apuntesdesanluis.com\/index.php\/2024\/11\/28\/la-ex-secretaria-de-hacienda-de-la-unvime-apelo-su-procesamiento\/#breadcrumb","itemListElement":[{"@type":"ListItem","position":1,"name":"Inicio","item":"https:\/\/apuntesdesanluis.com\/"},{"@type":"ListItem","position":2,"name":"LA EX SECRETARIA DE HACIENDA DE LA UNVIME APEL\u00d3 SU PROCESAMIENTO"}]},{"@type":"WebSite","@id":"https:\/\/apuntesdesanluis.com\/#website","url":"https:\/\/apuntesdesanluis.com\/","name":"Apuntes de San Luis","description":"","publisher":{"@id":"https:\/\/apuntesdesanluis.com\/#\/schema\/person\/b55151d52296fcce64d1a72538a70b90"},"potentialAction":[{"@type":"SearchAction","target":{"@type":"EntryPoint","urlTemplate":"https:\/\/apuntesdesanluis.com\/?s={search_term_string}"},"query-input":{"@type":"PropertyValueSpecification","valueRequired":true,"valueName":"search_term_string"}}],"inLanguage":"es-AR"},{"@type":["Person","Organization"],"@id":"https:\/\/apuntesdesanluis.com\/#\/schema\/person\/b55151d52296fcce64d1a72538a70b90","name":"apuntesdesanluis.com","image":{"@type":"ImageObject","inLanguage":"es-AR","@id":"https:\/\/apuntesdesanluis.com\/#\/schema\/person\/image\/","url":"https:\/\/apuntesdesanluis.com\/wp-content\/uploads\/2023\/07\/cropped-apuntesdesanluis.png","contentUrl":"https:\/\/apuntesdesanluis.com\/wp-content\/uploads\/2023\/07\/cropped-apuntesdesanluis.png","width":450,"height":112,"caption":"apuntesdesanluis.com"},"logo":{"@id":"https:\/\/apuntesdesanluis.com\/#\/schema\/person\/image\/"},"sameAs":["https:\/\/apuntesdesanluis.com"],"url":"https:\/\/apuntesdesanluis.com\/index.php\/author\/apuntesdesanluis-com\/"}]}},"featured_image_urls":{"full":["https:\/\/apuntesdesanluis.com\/wp-content\/uploads\/2024\/11\/CLAUDIA-GRANDO.png",369,236,false],"thumbnail":["https:\/\/apuntesdesanluis.com\/wp-content\/uploads\/2024\/11\/CLAUDIA-GRANDO-150x150.png",150,150,true],"medium":["https:\/\/apuntesdesanluis.com\/wp-content\/uploads\/2024\/11\/CLAUDIA-GRANDO-300x192.png",300,192,true],"medium_large":["https:\/\/apuntesdesanluis.com\/wp-content\/uploads\/2024\/11\/CLAUDIA-GRANDO.png",369,236,false],"large":["https:\/\/apuntesdesanluis.com\/wp-content\/uploads\/2024\/11\/CLAUDIA-GRANDO.png",369,236,false],"1536x1536":["https:\/\/apuntesdesanluis.com\/wp-content\/uploads\/2024\/11\/CLAUDIA-GRANDO.png",369,236,false],"2048x2048":["https:\/\/apuntesdesanluis.com\/wp-content\/uploads\/2024\/11\/CLAUDIA-GRANDO.png",369,236,false],"newsever-slider-full":["https:\/\/apuntesdesanluis.com\/wp-content\/uploads\/2024\/11\/CLAUDIA-GRANDO.png",369,236,false],"newsever-featured":["https:\/\/apuntesdesanluis.com\/wp-content\/uploads\/2024\/11\/CLAUDIA-GRANDO.png",369,236,false],"newsever-medium":["https:\/\/apuntesdesanluis.com\/wp-content\/uploads\/2024\/11\/CLAUDIA-GRANDO.png",369,236,false]},"author_info":{"display_name":"apuntesdesanluis.com","author_link":"https:\/\/apuntesdesanluis.com\/index.php\/author\/apuntesdesanluis-com\/"},"category_info":"<a href=\"https:\/\/apuntesdesanluis.com\/index.php\/category\/ciudad-provincia\/\" rel=\"category tag\">Ciudad\/Provincia<\/a>","tag_info":"Ciudad\/Provincia","comment_count":"0","_links":{"self":[{"href":"https:\/\/apuntesdesanluis.com\/index.php\/wp-json\/wp\/v2\/posts\/25924","targetHints":{"allow":["GET"]}}],"collection":[{"href":"https:\/\/apuntesdesanluis.com\/index.php\/wp-json\/wp\/v2\/posts"}],"about":[{"href":"https:\/\/apuntesdesanluis.com\/index.php\/wp-json\/wp\/v2\/types\/post"}],"author":[{"embeddable":true,"href":"https:\/\/apuntesdesanluis.com\/index.php\/wp-json\/wp\/v2\/users\/1"}],"replies":[{"embeddable":true,"href":"https:\/\/apuntesdesanluis.com\/index.php\/wp-json\/wp\/v2\/comments?post=25924"}],"version-history":[{"count":6,"href":"https:\/\/apuntesdesanluis.com\/index.php\/wp-json\/wp\/v2\/posts\/25924\/revisions"}],"predecessor-version":[{"id":25932,"href":"https:\/\/apuntesdesanluis.com\/index.php\/wp-json\/wp\/v2\/posts\/25924\/revisions\/25932"}],"wp:featuredmedia":[{"embeddable":true,"href":"https:\/\/apuntesdesanluis.com\/index.php\/wp-json\/wp\/v2\/media\/24672"}],"wp:attachment":[{"href":"https:\/\/apuntesdesanluis.com\/index.php\/wp-json\/wp\/v2\/media?parent=25924"}],"wp:term":[{"taxonomy":"category","embeddable":true,"href":"https:\/\/apuntesdesanluis.com\/index.php\/wp-json\/wp\/v2\/categories?post=25924"},{"taxonomy":"post_tag","embeddable":true,"href":"https:\/\/apuntesdesanluis.com\/index.php\/wp-json\/wp\/v2\/tags?post=25924"}],"curies":[{"name":"wp","href":"https:\/\/api.w.org\/{rel}","templated":true}]}}