{"id":25957,"date":"2024-11-29T09:15:57","date_gmt":"2024-11-29T12:15:57","guid":{"rendered":"https:\/\/apuntesdesanluis.com\/?p=25957"},"modified":"2024-11-29T09:15:57","modified_gmt":"2024-11-29T12:15:57","slug":"continua-la-busqueda-del-sargento-desaparecido-en-el-rio-parana-tras-un-entrenamiento-del-ejercito","status":"publish","type":"post","link":"https:\/\/apuntesdesanluis.com\/index.php\/2024\/11\/29\/continua-la-busqueda-del-sargento-desaparecido-en-el-rio-parana-tras-un-entrenamiento-del-ejercito\/","title":{"rendered":"CONTIN\u00daA LA B\u00daSQUEDA DEL SARGENTO DESAPARECIDO EN EL R\u00cdO PARAN\u00c1 TRAS UN ENTRENAMIENTO DEL EJ\u00c9RCITO"},"content":{"rendered":"<h3>La b\u00fasqueda de <strong>Sebasti\u00e1n Romero<\/strong>, el sargento del Ej\u00e9rcito Argentino que est\u00e1 desaparecido en el r\u00edo Paran\u00e1 luego de que el gom\u00f3n se diera vuelta durante un entrenamiento, contin\u00faa a contrarreloj con la esperanza de hallarlo con vida.<\/h3>\n<h3>Se espera que este viernes los rastrillajes se retomen por la ma\u00f1ana temprano y Oscar Zarich, general comandante de adiestramiento, anunci\u00f3 en ElOnce que se va a trabajar todo el d\u00eda junto con tres aeronaves, grupos de buzos, botes neum\u00e1ticos y personal a pie.<\/h3>\n<h3>Horas despu\u00e9s de la desaparici\u00f3n de Romero, ocurrida el mi\u00e9rcoles por la noche, el Ej\u00e9rcito sac\u00f3 un comunicado donde en el que se inform\u00f3 que sigue su exhaustiva b\u00fasqueda y que todo se origin\u00f3 por un choque.<\/h3>\n<p><img fetchpriority=\"high\" decoding=\"async\" class=\"wp-image-25959 aligncenter\" src=\"https:\/\/apuntesdesanluis.com\/wp-content\/uploads\/2024\/11\/SARGENTO-300x184.png\" alt=\"\" width=\"569\" height=\"349\" srcset=\"https:\/\/apuntesdesanluis.com\/wp-content\/uploads\/2024\/11\/SARGENTO-300x184.png 300w, https:\/\/apuntesdesanluis.com\/wp-content\/uploads\/2024\/11\/SARGENTO.png 699w\" sizes=\"(max-width: 569px) 100vw, 569px\" \/><\/p>\n<h3>\u201cEn el marco de las actividades operacionales previstas en el Ejercicio Soberan\u00eda, en el margen oeste del R\u00edo Paran\u00e1, un bote neum\u00e1tico choc\u00f3 contra un obst\u00e1culo, produci\u00e9ndose su rotura y la posterior ca\u00edda de cuatro suboficiales y cuatro soldados al r\u00edo\u201d, detalla el escrito.<\/h3>\n<h3>\u201cEn circunstancias que son motivo de investigaci\u00f3n, el Sargento fue arrastrado por la corriente y sigue siendo buscado intensamente por el Ej\u00e9rcito y por Fuerzas de Seguridad\u201d, suma el comunicado.<\/h3>\n<h3>Tras el hecho ocho de los tripulantes lograron ser rescatados y atendidos en el Hospital Militar Regional Paran\u00e1.<\/h3>\n<h3>De manera inmediata, luego de dar aviso a las autoridades, \u201cse puso en funcionamiento un operativo de b\u00fasqueda con los medios disponibles, cumpliendo los protocolos de la Prefectura Naval Argentina\u201d.<\/h3>\n<p>&nbsp;<\/p>\n<p>&nbsp;<\/p>\n<p>&nbsp;<\/p>\n<p>&nbsp;<\/p>\n<p>&nbsp;<\/p>\n<p>&nbsp;<\/p>\n","protected":false},"excerpt":{"rendered":"<p>La b\u00fasqueda de Sebasti\u00e1n Romero, el sargento del Ej\u00e9rcito Argentino que est\u00e1 desaparecido en el&#8230;<\/p>\n","protected":false},"author":1,"featured_media":25958,"comment_status":"closed","ping_status":"closed","sticky":false,"template":"","format":"standard","meta":{"footnotes":""},"categories":[5],"tags":[],"class_list":["post-25957","post","type-post","status-publish","format-standard","has-post-thumbnail","hentry","category-nacionales-internacionales"],"yoast_head":"<!-- This site is optimized with the Yoast SEO plugin v26.1.1 - https:\/\/yoast.com\/wordpress\/plugins\/seo\/ -->\n<title>CONTIN\u00daA LA B\u00daSQUEDA DEL SARGENTO DESAPARECIDO EN EL R\u00cdO PARAN\u00c1 TRAS UN ENTRENAMIENTO DEL EJ\u00c9RCITO - Apuntes de San Luis<\/title>\n<meta name=\"robots\" content=\"index, follow, max-snippet:-1, max-image-preview:large, max-video-preview:-1\" \/>\n<link rel=\"canonical\" href=\"https:\/\/apuntesdesanluis.com\/index.php\/2024\/11\/29\/continua-la-busqueda-del-sargento-desaparecido-en-el-rio-parana-tras-un-entrenamiento-del-ejercito\/\" \/>\n<meta property=\"og:locale\" content=\"es_ES\" \/>\n<meta property=\"og:type\" content=\"article\" \/>\n<meta property=\"og:title\" content=\"CONTIN\u00daA LA B\u00daSQUEDA DEL SARGENTO DESAPARECIDO EN EL R\u00cdO PARAN\u00c1 TRAS UN ENTRENAMIENTO DEL EJ\u00c9RCITO - Apuntes de San Luis\" \/>\n<meta property=\"og:description\" content=\"La b\u00fasqueda de Sebasti\u00e1n Romero, el sargento del Ej\u00e9rcito Argentino que est\u00e1 desaparecido en el...\" \/>\n<meta property=\"og:url\" content=\"https:\/\/apuntesdesanluis.com\/index.php\/2024\/11\/29\/continua-la-busqueda-del-sargento-desaparecido-en-el-rio-parana-tras-un-entrenamiento-del-ejercito\/\" \/>\n<meta property=\"og:site_name\" content=\"Apuntes de San Luis\" \/>\n<meta property=\"article:published_time\" content=\"2024-11-29T12:15:57+00:00\" \/>\n<meta property=\"og:image\" content=\"https:\/\/apuntesdesanluis.com\/wp-content\/uploads\/2024\/11\/EMBARCACION-MILITAR-RIO-PARANA.png\" \/>\n\t<meta property=\"og:image:width\" content=\"866\" \/>\n\t<meta property=\"og:image:height\" content=\"548\" \/>\n\t<meta property=\"og:image:type\" content=\"image\/png\" \/>\n<meta name=\"author\" content=\"apuntesdesanluis.com\" \/>\n<meta name=\"twitter:card\" content=\"summary_large_image\" \/>\n<meta name=\"twitter:label1\" content=\"Escrito por\" \/>\n\t<meta name=\"twitter:data1\" content=\"apuntesdesanluis.com\" \/>\n\t<meta name=\"twitter:label2\" content=\"Tiempo de lectura\" \/>\n\t<meta name=\"twitter:data2\" content=\"2 minutos\" \/>\n<script type=\"application\/ld+json\" class=\"yoast-schema-graph\">{\"@context\":\"https:\/\/schema.org\",\"@graph\":[{\"@type\":\"Article\",\"@id\":\"https:\/\/apuntesdesanluis.com\/index.php\/2024\/11\/29\/continua-la-busqueda-del-sargento-desaparecido-en-el-rio-parana-tras-un-entrenamiento-del-ejercito\/#article\",\"isPartOf\":{\"@id\":\"https:\/\/apuntesdesanluis.com\/index.php\/2024\/11\/29\/continua-la-busqueda-del-sargento-desaparecido-en-el-rio-parana-tras-un-entrenamiento-del-ejercito\/\"},\"author\":{\"name\":\"apuntesdesanluis.com\",\"@id\":\"https:\/\/apuntesdesanluis.com\/#\/schema\/person\/b55151d52296fcce64d1a72538a70b90\"},\"headline\":\"CONTIN\u00daA LA B\u00daSQUEDA DEL SARGENTO DESAPARECIDO EN EL R\u00cdO PARAN\u00c1 TRAS UN ENTRENAMIENTO DEL EJ\u00c9RCITO\",\"datePublished\":\"2024-11-29T12:15:57+00:00\",\"mainEntityOfPage\":{\"@id\":\"https:\/\/apuntesdesanluis.com\/index.php\/2024\/11\/29\/continua-la-busqueda-del-sargento-desaparecido-en-el-rio-parana-tras-un-entrenamiento-del-ejercito\/\"},\"wordCount\":290,\"publisher\":{\"@id\":\"https:\/\/apuntesdesanluis.com\/#\/schema\/person\/b55151d52296fcce64d1a72538a70b90\"},\"image\":{\"@id\":\"https:\/\/apuntesdesanluis.com\/index.php\/2024\/11\/29\/continua-la-busqueda-del-sargento-desaparecido-en-el-rio-parana-tras-un-entrenamiento-del-ejercito\/#primaryimage\"},\"thumbnailUrl\":\"https:\/\/apuntesdesanluis.com\/wp-content\/uploads\/2024\/11\/EMBARCACION-MILITAR-RIO-PARANA.png\",\"articleSection\":[\"Nacionales\/Internacionales\"],\"inLanguage\":\"es-AR\"},{\"@type\":\"WebPage\",\"@id\":\"https:\/\/apuntesdesanluis.com\/index.php\/2024\/11\/29\/continua-la-busqueda-del-sargento-desaparecido-en-el-rio-parana-tras-un-entrenamiento-del-ejercito\/\",\"url\":\"https:\/\/apuntesdesanluis.com\/index.php\/2024\/11\/29\/continua-la-busqueda-del-sargento-desaparecido-en-el-rio-parana-tras-un-entrenamiento-del-ejercito\/\",\"name\":\"CONTIN\u00daA LA B\u00daSQUEDA DEL SARGENTO DESAPARECIDO EN EL R\u00cdO PARAN\u00c1 TRAS UN ENTRENAMIENTO DEL EJ\u00c9RCITO - Apuntes de San Luis\",\"isPartOf\":{\"@id\":\"https:\/\/apuntesdesanluis.com\/#website\"},\"primaryImageOfPage\":{\"@id\":\"https:\/\/apuntesdesanluis.com\/index.php\/2024\/11\/29\/continua-la-busqueda-del-sargento-desaparecido-en-el-rio-parana-tras-un-entrenamiento-del-ejercito\/#primaryimage\"},\"image\":{\"@id\":\"https:\/\/apuntesdesanluis.com\/index.php\/2024\/11\/29\/continua-la-busqueda-del-sargento-desaparecido-en-el-rio-parana-tras-un-entrenamiento-del-ejercito\/#primaryimage\"},\"thumbnailUrl\":\"https:\/\/apuntesdesanluis.com\/wp-content\/uploads\/2024\/11\/EMBARCACION-MILITAR-RIO-PARANA.png\",\"datePublished\":\"2024-11-29T12:15:57+00:00\",\"breadcrumb\":{\"@id\":\"https:\/\/apuntesdesanluis.com\/index.php\/2024\/11\/29\/continua-la-busqueda-del-sargento-desaparecido-en-el-rio-parana-tras-un-entrenamiento-del-ejercito\/#breadcrumb\"},\"inLanguage\":\"es-AR\",\"potentialAction\":[{\"@type\":\"ReadAction\",\"target\":[\"https:\/\/apuntesdesanluis.com\/index.php\/2024\/11\/29\/continua-la-busqueda-del-sargento-desaparecido-en-el-rio-parana-tras-un-entrenamiento-del-ejercito\/\"]}]},{\"@type\":\"ImageObject\",\"inLanguage\":\"es-AR\",\"@id\":\"https:\/\/apuntesdesanluis.com\/index.php\/2024\/11\/29\/continua-la-busqueda-del-sargento-desaparecido-en-el-rio-parana-tras-un-entrenamiento-del-ejercito\/#primaryimage\",\"url\":\"https:\/\/apuntesdesanluis.com\/wp-content\/uploads\/2024\/11\/EMBARCACION-MILITAR-RIO-PARANA.png\",\"contentUrl\":\"https:\/\/apuntesdesanluis.com\/wp-content\/uploads\/2024\/11\/EMBARCACION-MILITAR-RIO-PARANA.png\",\"width\":866,\"height\":548},{\"@type\":\"BreadcrumbList\",\"@id\":\"https:\/\/apuntesdesanluis.com\/index.php\/2024\/11\/29\/continua-la-busqueda-del-sargento-desaparecido-en-el-rio-parana-tras-un-entrenamiento-del-ejercito\/#breadcrumb\",\"itemListElement\":[{\"@type\":\"ListItem\",\"position\":1,\"name\":\"Inicio\",\"item\":\"https:\/\/apuntesdesanluis.com\/\"},{\"@type\":\"ListItem\",\"position\":2,\"name\":\"CONTIN\u00daA LA B\u00daSQUEDA DEL SARGENTO DESAPARECIDO EN EL R\u00cdO PARAN\u00c1 TRAS UN ENTRENAMIENTO DEL EJ\u00c9RCITO\"}]},{\"@type\":\"WebSite\",\"@id\":\"https:\/\/apuntesdesanluis.com\/#website\",\"url\":\"https:\/\/apuntesdesanluis.com\/\",\"name\":\"Apuntes de San Luis\",\"description\":\"\",\"publisher\":{\"@id\":\"https:\/\/apuntesdesanluis.com\/#\/schema\/person\/b55151d52296fcce64d1a72538a70b90\"},\"potentialAction\":[{\"@type\":\"SearchAction\",\"target\":{\"@type\":\"EntryPoint\",\"urlTemplate\":\"https:\/\/apuntesdesanluis.com\/?s={search_term_string}\"},\"query-input\":{\"@type\":\"PropertyValueSpecification\",\"valueRequired\":true,\"valueName\":\"search_term_string\"}}],\"inLanguage\":\"es-AR\"},{\"@type\":[\"Person\",\"Organization\"],\"@id\":\"https:\/\/apuntesdesanluis.com\/#\/schema\/person\/b55151d52296fcce64d1a72538a70b90\",\"name\":\"apuntesdesanluis.com\",\"image\":{\"@type\":\"ImageObject\",\"inLanguage\":\"es-AR\",\"@id\":\"https:\/\/apuntesdesanluis.com\/#\/schema\/person\/image\/\",\"url\":\"https:\/\/apuntesdesanluis.com\/wp-content\/uploads\/2023\/07\/cropped-apuntesdesanluis.png\",\"contentUrl\":\"https:\/\/apuntesdesanluis.com\/wp-content\/uploads\/2023\/07\/cropped-apuntesdesanluis.png\",\"width\":450,\"height\":112,\"caption\":\"apuntesdesanluis.com\"},\"logo\":{\"@id\":\"https:\/\/apuntesdesanluis.com\/#\/schema\/person\/image\/\"},\"sameAs\":[\"https:\/\/apuntesdesanluis.com\"],\"url\":\"https:\/\/apuntesdesanluis.com\/index.php\/author\/apuntesdesanluis-com\/\"}]}<\/script>\n<!-- \/ Yoast SEO plugin. -->","yoast_head_json":{"title":"CONTIN\u00daA LA B\u00daSQUEDA DEL SARGENTO DESAPARECIDO EN EL R\u00cdO PARAN\u00c1 TRAS UN ENTRENAMIENTO DEL EJ\u00c9RCITO - Apuntes de San Luis","robots":{"index":"index","follow":"follow","max-snippet":"max-snippet:-1","max-image-preview":"max-image-preview:large","max-video-preview":"max-video-preview:-1"},"canonical":"https:\/\/apuntesdesanluis.com\/index.php\/2024\/11\/29\/continua-la-busqueda-del-sargento-desaparecido-en-el-rio-parana-tras-un-entrenamiento-del-ejercito\/","og_locale":"es_ES","og_type":"article","og_title":"CONTIN\u00daA LA B\u00daSQUEDA DEL SARGENTO DESAPARECIDO EN EL R\u00cdO PARAN\u00c1 TRAS UN ENTRENAMIENTO DEL EJ\u00c9RCITO - Apuntes de San Luis","og_description":"La b\u00fasqueda de Sebasti\u00e1n Romero, el sargento del Ej\u00e9rcito Argentino que est\u00e1 desaparecido en el...","og_url":"https:\/\/apuntesdesanluis.com\/index.php\/2024\/11\/29\/continua-la-busqueda-del-sargento-desaparecido-en-el-rio-parana-tras-un-entrenamiento-del-ejercito\/","og_site_name":"Apuntes de San Luis","article_published_time":"2024-11-29T12:15:57+00:00","og_image":[{"width":866,"height":548,"url":"https:\/\/apuntesdesanluis.com\/wp-content\/uploads\/2024\/11\/EMBARCACION-MILITAR-RIO-PARANA.png","type":"image\/png"}],"author":"apuntesdesanluis.com","twitter_card":"summary_large_image","twitter_misc":{"Escrito por":"apuntesdesanluis.com","Tiempo de lectura":"2 minutos"},"schema":{"@context":"https:\/\/schema.org","@graph":[{"@type":"Article","@id":"https:\/\/apuntesdesanluis.com\/index.php\/2024\/11\/29\/continua-la-busqueda-del-sargento-desaparecido-en-el-rio-parana-tras-un-entrenamiento-del-ejercito\/#article","isPartOf":{"@id":"https:\/\/apuntesdesanluis.com\/index.php\/2024\/11\/29\/continua-la-busqueda-del-sargento-desaparecido-en-el-rio-parana-tras-un-entrenamiento-del-ejercito\/"},"author":{"name":"apuntesdesanluis.com","@id":"https:\/\/apuntesdesanluis.com\/#\/schema\/person\/b55151d52296fcce64d1a72538a70b90"},"headline":"CONTIN\u00daA LA B\u00daSQUEDA DEL SARGENTO DESAPARECIDO EN EL R\u00cdO PARAN\u00c1 TRAS UN ENTRENAMIENTO DEL EJ\u00c9RCITO","datePublished":"2024-11-29T12:15:57+00:00","mainEntityOfPage":{"@id":"https:\/\/apuntesdesanluis.com\/index.php\/2024\/11\/29\/continua-la-busqueda-del-sargento-desaparecido-en-el-rio-parana-tras-un-entrenamiento-del-ejercito\/"},"wordCount":290,"publisher":{"@id":"https:\/\/apuntesdesanluis.com\/#\/schema\/person\/b55151d52296fcce64d1a72538a70b90"},"image":{"@id":"https:\/\/apuntesdesanluis.com\/index.php\/2024\/11\/29\/continua-la-busqueda-del-sargento-desaparecido-en-el-rio-parana-tras-un-entrenamiento-del-ejercito\/#primaryimage"},"thumbnailUrl":"https:\/\/apuntesdesanluis.com\/wp-content\/uploads\/2024\/11\/EMBARCACION-MILITAR-RIO-PARANA.png","articleSection":["Nacionales\/Internacionales"],"inLanguage":"es-AR"},{"@type":"WebPage","@id":"https:\/\/apuntesdesanluis.com\/index.php\/2024\/11\/29\/continua-la-busqueda-del-sargento-desaparecido-en-el-rio-parana-tras-un-entrenamiento-del-ejercito\/","url":"https:\/\/apuntesdesanluis.com\/index.php\/2024\/11\/29\/continua-la-busqueda-del-sargento-desaparecido-en-el-rio-parana-tras-un-entrenamiento-del-ejercito\/","name":"CONTIN\u00daA LA B\u00daSQUEDA DEL SARGENTO DESAPARECIDO EN EL R\u00cdO PARAN\u00c1 TRAS UN ENTRENAMIENTO DEL EJ\u00c9RCITO - Apuntes de San Luis","isPartOf":{"@id":"https:\/\/apuntesdesanluis.com\/#website"},"primaryImageOfPage":{"@id":"https:\/\/apuntesdesanluis.com\/index.php\/2024\/11\/29\/continua-la-busqueda-del-sargento-desaparecido-en-el-rio-parana-tras-un-entrenamiento-del-ejercito\/#primaryimage"},"image":{"@id":"https:\/\/apuntesdesanluis.com\/index.php\/2024\/11\/29\/continua-la-busqueda-del-sargento-desaparecido-en-el-rio-parana-tras-un-entrenamiento-del-ejercito\/#primaryimage"},"thumbnailUrl":"https:\/\/apuntesdesanluis.com\/wp-content\/uploads\/2024\/11\/EMBARCACION-MILITAR-RIO-PARANA.png","datePublished":"2024-11-29T12:15:57+00:00","breadcrumb":{"@id":"https:\/\/apuntesdesanluis.com\/index.php\/2024\/11\/29\/continua-la-busqueda-del-sargento-desaparecido-en-el-rio-parana-tras-un-entrenamiento-del-ejercito\/#breadcrumb"},"inLanguage":"es-AR","potentialAction":[{"@type":"ReadAction","target":["https:\/\/apuntesdesanluis.com\/index.php\/2024\/11\/29\/continua-la-busqueda-del-sargento-desaparecido-en-el-rio-parana-tras-un-entrenamiento-del-ejercito\/"]}]},{"@type":"ImageObject","inLanguage":"es-AR","@id":"https:\/\/apuntesdesanluis.com\/index.php\/2024\/11\/29\/continua-la-busqueda-del-sargento-desaparecido-en-el-rio-parana-tras-un-entrenamiento-del-ejercito\/#primaryimage","url":"https:\/\/apuntesdesanluis.com\/wp-content\/uploads\/2024\/11\/EMBARCACION-MILITAR-RIO-PARANA.png","contentUrl":"https:\/\/apuntesdesanluis.com\/wp-content\/uploads\/2024\/11\/EMBARCACION-MILITAR-RIO-PARANA.png","width":866,"height":548},{"@type":"BreadcrumbList","@id":"https:\/\/apuntesdesanluis.com\/index.php\/2024\/11\/29\/continua-la-busqueda-del-sargento-desaparecido-en-el-rio-parana-tras-un-entrenamiento-del-ejercito\/#breadcrumb","itemListElement":[{"@type":"ListItem","position":1,"name":"Inicio","item":"https:\/\/apuntesdesanluis.com\/"},{"@type":"ListItem","position":2,"name":"CONTIN\u00daA LA B\u00daSQUEDA DEL SARGENTO DESAPARECIDO EN EL R\u00cdO PARAN\u00c1 TRAS UN ENTRENAMIENTO DEL EJ\u00c9RCITO"}]},{"@type":"WebSite","@id":"https:\/\/apuntesdesanluis.com\/#website","url":"https:\/\/apuntesdesanluis.com\/","name":"Apuntes de San Luis","description":"","publisher":{"@id":"https:\/\/apuntesdesanluis.com\/#\/schema\/person\/b55151d52296fcce64d1a72538a70b90"},"potentialAction":[{"@type":"SearchAction","target":{"@type":"EntryPoint","urlTemplate":"https:\/\/apuntesdesanluis.com\/?s={search_term_string}"},"query-input":{"@type":"PropertyValueSpecification","valueRequired":true,"valueName":"search_term_string"}}],"inLanguage":"es-AR"},{"@type":["Person","Organization"],"@id":"https:\/\/apuntesdesanluis.com\/#\/schema\/person\/b55151d52296fcce64d1a72538a70b90","name":"apuntesdesanluis.com","image":{"@type":"ImageObject","inLanguage":"es-AR","@id":"https:\/\/apuntesdesanluis.com\/#\/schema\/person\/image\/","url":"https:\/\/apuntesdesanluis.com\/wp-content\/uploads\/2023\/07\/cropped-apuntesdesanluis.png","contentUrl":"https:\/\/apuntesdesanluis.com\/wp-content\/uploads\/2023\/07\/cropped-apuntesdesanluis.png","width":450,"height":112,"caption":"apuntesdesanluis.com"},"logo":{"@id":"https:\/\/apuntesdesanluis.com\/#\/schema\/person\/image\/"},"sameAs":["https:\/\/apuntesdesanluis.com"],"url":"https:\/\/apuntesdesanluis.com\/index.php\/author\/apuntesdesanluis-com\/"}]}},"featured_image_urls":{"full":["https:\/\/apuntesdesanluis.com\/wp-content\/uploads\/2024\/11\/EMBARCACION-MILITAR-RIO-PARANA.png",866,548,false],"thumbnail":["https:\/\/apuntesdesanluis.com\/wp-content\/uploads\/2024\/11\/EMBARCACION-MILITAR-RIO-PARANA-150x150.png",150,150,true],"medium":["https:\/\/apuntesdesanluis.com\/wp-content\/uploads\/2024\/11\/EMBARCACION-MILITAR-RIO-PARANA-300x190.png",300,190,true],"medium_large":["https:\/\/apuntesdesanluis.com\/wp-content\/uploads\/2024\/11\/EMBARCACION-MILITAR-RIO-PARANA-768x486.png",640,405,true],"large":["https:\/\/apuntesdesanluis.com\/wp-content\/uploads\/2024\/11\/EMBARCACION-MILITAR-RIO-PARANA.png",640,405,false],"1536x1536":["https:\/\/apuntesdesanluis.com\/wp-content\/uploads\/2024\/11\/EMBARCACION-MILITAR-RIO-PARANA.png",866,548,false],"2048x2048":["https:\/\/apuntesdesanluis.com\/wp-content\/uploads\/2024\/11\/EMBARCACION-MILITAR-RIO-PARANA.png",866,548,false],"newsever-slider-full":["https:\/\/apuntesdesanluis.com\/wp-content\/uploads\/2024\/11\/EMBARCACION-MILITAR-RIO-PARANA.png",866,548,false],"newsever-featured":["https:\/\/apuntesdesanluis.com\/wp-content\/uploads\/2024\/11\/EMBARCACION-MILITAR-RIO-PARANA.png",866,548,false],"newsever-medium":["https:\/\/apuntesdesanluis.com\/wp-content\/uploads\/2024\/11\/EMBARCACION-MILITAR-RIO-PARANA-720x475.png",720,475,true]},"author_info":{"display_name":"apuntesdesanluis.com","author_link":"https:\/\/apuntesdesanluis.com\/index.php\/author\/apuntesdesanluis-com\/"},"category_info":"<a href=\"https:\/\/apuntesdesanluis.com\/index.php\/category\/nacionales-internacionales\/\" rel=\"category tag\">Nacionales\/Internacionales<\/a>","tag_info":"Nacionales\/Internacionales","comment_count":"0","_links":{"self":[{"href":"https:\/\/apuntesdesanluis.com\/index.php\/wp-json\/wp\/v2\/posts\/25957","targetHints":{"allow":["GET"]}}],"collection":[{"href":"https:\/\/apuntesdesanluis.com\/index.php\/wp-json\/wp\/v2\/posts"}],"about":[{"href":"https:\/\/apuntesdesanluis.com\/index.php\/wp-json\/wp\/v2\/types\/post"}],"author":[{"embeddable":true,"href":"https:\/\/apuntesdesanluis.com\/index.php\/wp-json\/wp\/v2\/users\/1"}],"replies":[{"embeddable":true,"href":"https:\/\/apuntesdesanluis.com\/index.php\/wp-json\/wp\/v2\/comments?post=25957"}],"version-history":[{"count":1,"href":"https:\/\/apuntesdesanluis.com\/index.php\/wp-json\/wp\/v2\/posts\/25957\/revisions"}],"predecessor-version":[{"id":25960,"href":"https:\/\/apuntesdesanluis.com\/index.php\/wp-json\/wp\/v2\/posts\/25957\/revisions\/25960"}],"wp:featuredmedia":[{"embeddable":true,"href":"https:\/\/apuntesdesanluis.com\/index.php\/wp-json\/wp\/v2\/media\/25958"}],"wp:attachment":[{"href":"https:\/\/apuntesdesanluis.com\/index.php\/wp-json\/wp\/v2\/media?parent=25957"}],"wp:term":[{"taxonomy":"category","embeddable":true,"href":"https:\/\/apuntesdesanluis.com\/index.php\/wp-json\/wp\/v2\/categories?post=25957"},{"taxonomy":"post_tag","embeddable":true,"href":"https:\/\/apuntesdesanluis.com\/index.php\/wp-json\/wp\/v2\/tags?post=25957"}],"curies":[{"name":"wp","href":"https:\/\/api.w.org\/{rel}","templated":true}]}}