{"id":25965,"date":"2024-11-29T12:10:01","date_gmt":"2024-11-29T15:10:01","guid":{"rendered":"https:\/\/apuntesdesanluis.com\/?p=25965"},"modified":"2024-11-29T13:16:53","modified_gmt":"2024-11-29T16:16:53","slug":"protesta-de-despedidos-de-worp-s-r-l-que-reclama-a-su-vez-millonaria-deuda-a-pg","status":"publish","type":"post","link":"https:\/\/apuntesdesanluis.com\/index.php\/2024\/11\/29\/protesta-de-despedidos-de-worp-s-r-l-que-reclama-a-su-vez-millonaria-deuda-a-pg\/","title":{"rendered":"PROTESTA DE DESPEDIDOS DE WORP S.R.L, QUE RECLAMA A SU VEZ MILLONARIA DEUDA A P&#038;G"},"content":{"rendered":"<h3>Un grupo de empleados cesanteados de la empresa <strong>WORP, empresa tercerizada que cumpli\u00f3 trabajos en P&amp;G,<\/strong> volvieron a manifestarse esta ma\u00f1ana en la rotonda del Monumento Ensenada de las Pulgas \u2013popularmente conocido como \u201cdel indio\u201d-.<\/h3>\n<h3>En total son 11 los trabajadores que reclaman ser indemnizados por la firma recicladora, que a su vez mantiene un millonario reclamo con Procter &amp; Gamble.<\/h3>\n<h3>Informaron que se les abonaron los sueldos del \u00faltimo mes y recibieron el telegrama de despido, en tanto que rechazaron la propuesta recibida por parte de la patronal.<\/h3>\n<h3>Desde la semana pasada tambi\u00e9n vienen manifest\u00e1ndose frente a la planta industrial de P&amp;G.<\/h3>\n<p><img fetchpriority=\"high\" decoding=\"async\" class=\"wp-image-25981 aligncenter\" src=\"https:\/\/apuntesdesanluis.com\/wp-content\/uploads\/2024\/11\/protsta-pg-300x204.png\" alt=\"\" width=\"622\" height=\"423\" srcset=\"https:\/\/apuntesdesanluis.com\/wp-content\/uploads\/2024\/11\/protsta-pg-300x204.png 300w, https:\/\/apuntesdesanluis.com\/wp-content\/uploads\/2024\/11\/protsta-pg.png 719w\" sizes=\"(max-width: 622px) 100vw, 622px\" \/><\/p>\n<h3>Entre los empleados algunos tienen hasta 22 a\u00f1os de antig\u00fcedad. La propuesta que recibieron fue un 30% de la indemnizaci\u00f3n en efectivo (aproximadamente 30 millones de pesos), m\u00e1s la entrega de dos camiones, con gr\u00faas y contenedores, cuyo valor de reventa completar\u00eda la deuda, pero los trabajadores la rechazaron.<\/h3>\n<h3>Aclararon que no tienen nada personal con los socios de la firma, que son cuatro, uno de los cuales es el empresario Walter Oio, pero les preocupa que al cumplirse un mes a\u00fan no observan se\u00f1ales de poder alcanzar un entendimiento y por su edad les resulta dif\u00edcil poder reinsertarse laboralmente.<\/h3>\n<h3>Seg\u00fan explic\u00f3 una fuente, los trabajadores de Worp S.R.L. cumplieron diferentes tareas para la multinacional P&amp;G durante 22 a\u00f1os, hasta que la empresa resolvi\u00f3 en forma unilateral no tenovar el contrato, que venci\u00f3 el pasado 30 de octubre.<\/h3>\n<p><img decoding=\"async\" class=\"wp-image-17411 aligncenter\" src=\"https:\/\/apuntesdesanluis.com\/wp-content\/uploads\/2024\/06\/procter-300x173.png\" alt=\"\" width=\"602\" height=\"347\" srcset=\"https:\/\/apuntesdesanluis.com\/wp-content\/uploads\/2024\/06\/procter-300x173.png 300w, https:\/\/apuntesdesanluis.com\/wp-content\/uploads\/2024\/06\/procter-768x444.png 768w, https:\/\/apuntesdesanluis.com\/wp-content\/uploads\/2024\/06\/procter.png 831w\" sizes=\"(max-width: 602px) 100vw, 602px\" \/><\/p>\n<h3>En este contexto, Worp envi\u00f3 una carta documento a P&amp;G reclamando una deuda pendiente de los meses de agosto-setiembre 2021, por poco m\u00e1s de 43 millones de pesos, cifra que actualizada supera los 150 millones. Asimismo, otros 14 millones de pesos por servicio adeudado de octubre 2024.<\/h3>\n<p><img decoding=\"async\" class=\"wp-image-25976 aligncenter\" src=\"https:\/\/apuntesdesanluis.com\/wp-content\/uploads\/2024\/11\/telegrama-278x300.jpg\" alt=\"\" width=\"592\" height=\"639\" srcset=\"https:\/\/apuntesdesanluis.com\/wp-content\/uploads\/2024\/11\/telegrama-278x300.jpg 278w, https:\/\/apuntesdesanluis.com\/wp-content\/uploads\/2024\/11\/telegrama.jpg 690w\" sizes=\"(max-width: 592px) 100vw, 592px\" \/><\/p>\n<p>&nbsp;<\/p>\n<p>&nbsp;<\/p>\n<p>&nbsp;<\/p>\n<p>&nbsp;<\/p>\n<p>&nbsp;<\/p>\n<p>&nbsp;<\/p>\n<p>&nbsp;<\/p>\n<p>&nbsp;<\/p>\n<p>&nbsp;<\/p>\n<h3><\/h3>\n<h3><\/h3>\n<h3><\/h3>\n","protected":false},"excerpt":{"rendered":"<p>Un grupo de empleados cesanteados de la empresa WORP, empresa tercerizada que cumpli\u00f3 trabajos en&#8230;<\/p>\n","protected":false},"author":1,"featured_media":25966,"comment_status":"closed","ping_status":"closed","sticky":false,"template":"","format":"standard","meta":{"footnotes":""},"categories":[6],"tags":[],"class_list":["post-25965","post","type-post","status-publish","format-standard","has-post-thumbnail","hentry","category-ciudad-provincia"],"yoast_head":"<!-- This site is optimized with the Yoast SEO plugin v26.1.1 - https:\/\/yoast.com\/wordpress\/plugins\/seo\/ -->\n<title>PROTESTA DE DESPEDIDOS DE WORP S.R.L, QUE RECLAMA A SU VEZ MILLONARIA DEUDA A P&amp;G - Apuntes de San Luis<\/title>\n<meta name=\"robots\" content=\"index, follow, max-snippet:-1, max-image-preview:large, max-video-preview:-1\" \/>\n<link rel=\"canonical\" href=\"https:\/\/apuntesdesanluis.com\/index.php\/2024\/11\/29\/protesta-de-despedidos-de-worp-s-r-l-que-reclama-a-su-vez-millonaria-deuda-a-pg\/\" \/>\n<meta property=\"og:locale\" content=\"es_ES\" \/>\n<meta property=\"og:type\" content=\"article\" \/>\n<meta property=\"og:title\" content=\"PROTESTA DE DESPEDIDOS DE WORP S.R.L, QUE RECLAMA A SU VEZ MILLONARIA DEUDA A P&amp;G - Apuntes de San Luis\" \/>\n<meta property=\"og:description\" content=\"Un grupo de empleados cesanteados de la empresa WORP, empresa tercerizada que cumpli\u00f3 trabajos en...\" \/>\n<meta property=\"og:url\" content=\"https:\/\/apuntesdesanluis.com\/index.php\/2024\/11\/29\/protesta-de-despedidos-de-worp-s-r-l-que-reclama-a-su-vez-millonaria-deuda-a-pg\/\" \/>\n<meta property=\"og:site_name\" content=\"Apuntes de San Luis\" \/>\n<meta property=\"article:published_time\" content=\"2024-11-29T15:10:01+00:00\" \/>\n<meta property=\"article:modified_time\" content=\"2024-11-29T16:16:53+00:00\" \/>\n<meta property=\"og:image\" content=\"https:\/\/apuntesdesanluis.com\/wp-content\/uploads\/2024\/11\/Trabajadores-de-logistica-pilar.jpg\" \/>\n\t<meta property=\"og:image:width\" content=\"800\" \/>\n\t<meta property=\"og:image:height\" content=\"477\" \/>\n\t<meta property=\"og:image:type\" content=\"image\/jpeg\" \/>\n<meta name=\"author\" content=\"apuntesdesanluis.com\" \/>\n<meta name=\"twitter:card\" content=\"summary_large_image\" \/>\n<meta name=\"twitter:label1\" content=\"Escrito por\" \/>\n\t<meta name=\"twitter:data1\" content=\"apuntesdesanluis.com\" \/>\n\t<meta name=\"twitter:label2\" content=\"Tiempo de lectura\" \/>\n\t<meta name=\"twitter:data2\" content=\"3 minutos\" \/>\n<script type=\"application\/ld+json\" class=\"yoast-schema-graph\">{\"@context\":\"https:\/\/schema.org\",\"@graph\":[{\"@type\":\"Article\",\"@id\":\"https:\/\/apuntesdesanluis.com\/index.php\/2024\/11\/29\/protesta-de-despedidos-de-worp-s-r-l-que-reclama-a-su-vez-millonaria-deuda-a-pg\/#article\",\"isPartOf\":{\"@id\":\"https:\/\/apuntesdesanluis.com\/index.php\/2024\/11\/29\/protesta-de-despedidos-de-worp-s-r-l-que-reclama-a-su-vez-millonaria-deuda-a-pg\/\"},\"author\":{\"name\":\"apuntesdesanluis.com\",\"@id\":\"https:\/\/apuntesdesanluis.com\/#\/schema\/person\/b55151d52296fcce64d1a72538a70b90\"},\"headline\":\"PROTESTA DE DESPEDIDOS DE WORP S.R.L, QUE RECLAMA A SU VEZ MILLONARIA DEUDA A P&#038;G\",\"datePublished\":\"2024-11-29T15:10:01+00:00\",\"dateModified\":\"2024-11-29T16:16:53+00:00\",\"mainEntityOfPage\":{\"@id\":\"https:\/\/apuntesdesanluis.com\/index.php\/2024\/11\/29\/protesta-de-despedidos-de-worp-s-r-l-que-reclama-a-su-vez-millonaria-deuda-a-pg\/\"},\"wordCount\":330,\"publisher\":{\"@id\":\"https:\/\/apuntesdesanluis.com\/#\/schema\/person\/b55151d52296fcce64d1a72538a70b90\"},\"image\":{\"@id\":\"https:\/\/apuntesdesanluis.com\/index.php\/2024\/11\/29\/protesta-de-despedidos-de-worp-s-r-l-que-reclama-a-su-vez-millonaria-deuda-a-pg\/#primaryimage\"},\"thumbnailUrl\":\"https:\/\/apuntesdesanluis.com\/wp-content\/uploads\/2024\/11\/Trabajadores-de-logistica-pilar.jpg\",\"articleSection\":[\"Ciudad\/Provincia\"],\"inLanguage\":\"es-AR\"},{\"@type\":\"WebPage\",\"@id\":\"https:\/\/apuntesdesanluis.com\/index.php\/2024\/11\/29\/protesta-de-despedidos-de-worp-s-r-l-que-reclama-a-su-vez-millonaria-deuda-a-pg\/\",\"url\":\"https:\/\/apuntesdesanluis.com\/index.php\/2024\/11\/29\/protesta-de-despedidos-de-worp-s-r-l-que-reclama-a-su-vez-millonaria-deuda-a-pg\/\",\"name\":\"PROTESTA DE DESPEDIDOS DE WORP S.R.L, QUE RECLAMA A SU VEZ MILLONARIA DEUDA A P&G - Apuntes de San Luis\",\"isPartOf\":{\"@id\":\"https:\/\/apuntesdesanluis.com\/#website\"},\"primaryImageOfPage\":{\"@id\":\"https:\/\/apuntesdesanluis.com\/index.php\/2024\/11\/29\/protesta-de-despedidos-de-worp-s-r-l-que-reclama-a-su-vez-millonaria-deuda-a-pg\/#primaryimage\"},\"image\":{\"@id\":\"https:\/\/apuntesdesanluis.com\/index.php\/2024\/11\/29\/protesta-de-despedidos-de-worp-s-r-l-que-reclama-a-su-vez-millonaria-deuda-a-pg\/#primaryimage\"},\"thumbnailUrl\":\"https:\/\/apuntesdesanluis.com\/wp-content\/uploads\/2024\/11\/Trabajadores-de-logistica-pilar.jpg\",\"datePublished\":\"2024-11-29T15:10:01+00:00\",\"dateModified\":\"2024-11-29T16:16:53+00:00\",\"breadcrumb\":{\"@id\":\"https:\/\/apuntesdesanluis.com\/index.php\/2024\/11\/29\/protesta-de-despedidos-de-worp-s-r-l-que-reclama-a-su-vez-millonaria-deuda-a-pg\/#breadcrumb\"},\"inLanguage\":\"es-AR\",\"potentialAction\":[{\"@type\":\"ReadAction\",\"target\":[\"https:\/\/apuntesdesanluis.com\/index.php\/2024\/11\/29\/protesta-de-despedidos-de-worp-s-r-l-que-reclama-a-su-vez-millonaria-deuda-a-pg\/\"]}]},{\"@type\":\"ImageObject\",\"inLanguage\":\"es-AR\",\"@id\":\"https:\/\/apuntesdesanluis.com\/index.php\/2024\/11\/29\/protesta-de-despedidos-de-worp-s-r-l-que-reclama-a-su-vez-millonaria-deuda-a-pg\/#primaryimage\",\"url\":\"https:\/\/apuntesdesanluis.com\/wp-content\/uploads\/2024\/11\/Trabajadores-de-logistica-pilar.jpg\",\"contentUrl\":\"https:\/\/apuntesdesanluis.com\/wp-content\/uploads\/2024\/11\/Trabajadores-de-logistica-pilar.jpg\",\"width\":800,\"height\":477},{\"@type\":\"BreadcrumbList\",\"@id\":\"https:\/\/apuntesdesanluis.com\/index.php\/2024\/11\/29\/protesta-de-despedidos-de-worp-s-r-l-que-reclama-a-su-vez-millonaria-deuda-a-pg\/#breadcrumb\",\"itemListElement\":[{\"@type\":\"ListItem\",\"position\":1,\"name\":\"Inicio\",\"item\":\"https:\/\/apuntesdesanluis.com\/\"},{\"@type\":\"ListItem\",\"position\":2,\"name\":\"PROTESTA DE DESPEDIDOS DE WORP S.R.L, QUE RECLAMA A SU VEZ MILLONARIA DEUDA A P&#038;G\"}]},{\"@type\":\"WebSite\",\"@id\":\"https:\/\/apuntesdesanluis.com\/#website\",\"url\":\"https:\/\/apuntesdesanluis.com\/\",\"name\":\"Apuntes de San Luis\",\"description\":\"\",\"publisher\":{\"@id\":\"https:\/\/apuntesdesanluis.com\/#\/schema\/person\/b55151d52296fcce64d1a72538a70b90\"},\"potentialAction\":[{\"@type\":\"SearchAction\",\"target\":{\"@type\":\"EntryPoint\",\"urlTemplate\":\"https:\/\/apuntesdesanluis.com\/?s={search_term_string}\"},\"query-input\":{\"@type\":\"PropertyValueSpecification\",\"valueRequired\":true,\"valueName\":\"search_term_string\"}}],\"inLanguage\":\"es-AR\"},{\"@type\":[\"Person\",\"Organization\"],\"@id\":\"https:\/\/apuntesdesanluis.com\/#\/schema\/person\/b55151d52296fcce64d1a72538a70b90\",\"name\":\"apuntesdesanluis.com\",\"image\":{\"@type\":\"ImageObject\",\"inLanguage\":\"es-AR\",\"@id\":\"https:\/\/apuntesdesanluis.com\/#\/schema\/person\/image\/\",\"url\":\"https:\/\/apuntesdesanluis.com\/wp-content\/uploads\/2023\/07\/cropped-apuntesdesanluis.png\",\"contentUrl\":\"https:\/\/apuntesdesanluis.com\/wp-content\/uploads\/2023\/07\/cropped-apuntesdesanluis.png\",\"width\":450,\"height\":112,\"caption\":\"apuntesdesanluis.com\"},\"logo\":{\"@id\":\"https:\/\/apuntesdesanluis.com\/#\/schema\/person\/image\/\"},\"sameAs\":[\"https:\/\/apuntesdesanluis.com\"],\"url\":\"https:\/\/apuntesdesanluis.com\/index.php\/author\/apuntesdesanluis-com\/\"}]}<\/script>\n<!-- \/ Yoast SEO plugin. -->","yoast_head_json":{"title":"PROTESTA DE DESPEDIDOS DE WORP S.R.L, QUE RECLAMA A SU VEZ MILLONARIA DEUDA A P&G - Apuntes de San Luis","robots":{"index":"index","follow":"follow","max-snippet":"max-snippet:-1","max-image-preview":"max-image-preview:large","max-video-preview":"max-video-preview:-1"},"canonical":"https:\/\/apuntesdesanluis.com\/index.php\/2024\/11\/29\/protesta-de-despedidos-de-worp-s-r-l-que-reclama-a-su-vez-millonaria-deuda-a-pg\/","og_locale":"es_ES","og_type":"article","og_title":"PROTESTA DE DESPEDIDOS DE WORP S.R.L, QUE RECLAMA A SU VEZ MILLONARIA DEUDA A P&G - Apuntes de San Luis","og_description":"Un grupo de empleados cesanteados de la empresa WORP, empresa tercerizada que cumpli\u00f3 trabajos en...","og_url":"https:\/\/apuntesdesanluis.com\/index.php\/2024\/11\/29\/protesta-de-despedidos-de-worp-s-r-l-que-reclama-a-su-vez-millonaria-deuda-a-pg\/","og_site_name":"Apuntes de San Luis","article_published_time":"2024-11-29T15:10:01+00:00","article_modified_time":"2024-11-29T16:16:53+00:00","og_image":[{"width":800,"height":477,"url":"https:\/\/apuntesdesanluis.com\/wp-content\/uploads\/2024\/11\/Trabajadores-de-logistica-pilar.jpg","type":"image\/jpeg"}],"author":"apuntesdesanluis.com","twitter_card":"summary_large_image","twitter_misc":{"Escrito por":"apuntesdesanluis.com","Tiempo de lectura":"3 minutos"},"schema":{"@context":"https:\/\/schema.org","@graph":[{"@type":"Article","@id":"https:\/\/apuntesdesanluis.com\/index.php\/2024\/11\/29\/protesta-de-despedidos-de-worp-s-r-l-que-reclama-a-su-vez-millonaria-deuda-a-pg\/#article","isPartOf":{"@id":"https:\/\/apuntesdesanluis.com\/index.php\/2024\/11\/29\/protesta-de-despedidos-de-worp-s-r-l-que-reclama-a-su-vez-millonaria-deuda-a-pg\/"},"author":{"name":"apuntesdesanluis.com","@id":"https:\/\/apuntesdesanluis.com\/#\/schema\/person\/b55151d52296fcce64d1a72538a70b90"},"headline":"PROTESTA DE DESPEDIDOS DE WORP S.R.L, QUE RECLAMA A SU VEZ MILLONARIA DEUDA A P&#038;G","datePublished":"2024-11-29T15:10:01+00:00","dateModified":"2024-11-29T16:16:53+00:00","mainEntityOfPage":{"@id":"https:\/\/apuntesdesanluis.com\/index.php\/2024\/11\/29\/protesta-de-despedidos-de-worp-s-r-l-que-reclama-a-su-vez-millonaria-deuda-a-pg\/"},"wordCount":330,"publisher":{"@id":"https:\/\/apuntesdesanluis.com\/#\/schema\/person\/b55151d52296fcce64d1a72538a70b90"},"image":{"@id":"https:\/\/apuntesdesanluis.com\/index.php\/2024\/11\/29\/protesta-de-despedidos-de-worp-s-r-l-que-reclama-a-su-vez-millonaria-deuda-a-pg\/#primaryimage"},"thumbnailUrl":"https:\/\/apuntesdesanluis.com\/wp-content\/uploads\/2024\/11\/Trabajadores-de-logistica-pilar.jpg","articleSection":["Ciudad\/Provincia"],"inLanguage":"es-AR"},{"@type":"WebPage","@id":"https:\/\/apuntesdesanluis.com\/index.php\/2024\/11\/29\/protesta-de-despedidos-de-worp-s-r-l-que-reclama-a-su-vez-millonaria-deuda-a-pg\/","url":"https:\/\/apuntesdesanluis.com\/index.php\/2024\/11\/29\/protesta-de-despedidos-de-worp-s-r-l-que-reclama-a-su-vez-millonaria-deuda-a-pg\/","name":"PROTESTA DE DESPEDIDOS DE WORP S.R.L, QUE RECLAMA A SU VEZ MILLONARIA DEUDA A P&G - Apuntes de San Luis","isPartOf":{"@id":"https:\/\/apuntesdesanluis.com\/#website"},"primaryImageOfPage":{"@id":"https:\/\/apuntesdesanluis.com\/index.php\/2024\/11\/29\/protesta-de-despedidos-de-worp-s-r-l-que-reclama-a-su-vez-millonaria-deuda-a-pg\/#primaryimage"},"image":{"@id":"https:\/\/apuntesdesanluis.com\/index.php\/2024\/11\/29\/protesta-de-despedidos-de-worp-s-r-l-que-reclama-a-su-vez-millonaria-deuda-a-pg\/#primaryimage"},"thumbnailUrl":"https:\/\/apuntesdesanluis.com\/wp-content\/uploads\/2024\/11\/Trabajadores-de-logistica-pilar.jpg","datePublished":"2024-11-29T15:10:01+00:00","dateModified":"2024-11-29T16:16:53+00:00","breadcrumb":{"@id":"https:\/\/apuntesdesanluis.com\/index.php\/2024\/11\/29\/protesta-de-despedidos-de-worp-s-r-l-que-reclama-a-su-vez-millonaria-deuda-a-pg\/#breadcrumb"},"inLanguage":"es-AR","potentialAction":[{"@type":"ReadAction","target":["https:\/\/apuntesdesanluis.com\/index.php\/2024\/11\/29\/protesta-de-despedidos-de-worp-s-r-l-que-reclama-a-su-vez-millonaria-deuda-a-pg\/"]}]},{"@type":"ImageObject","inLanguage":"es-AR","@id":"https:\/\/apuntesdesanluis.com\/index.php\/2024\/11\/29\/protesta-de-despedidos-de-worp-s-r-l-que-reclama-a-su-vez-millonaria-deuda-a-pg\/#primaryimage","url":"https:\/\/apuntesdesanluis.com\/wp-content\/uploads\/2024\/11\/Trabajadores-de-logistica-pilar.jpg","contentUrl":"https:\/\/apuntesdesanluis.com\/wp-content\/uploads\/2024\/11\/Trabajadores-de-logistica-pilar.jpg","width":800,"height":477},{"@type":"BreadcrumbList","@id":"https:\/\/apuntesdesanluis.com\/index.php\/2024\/11\/29\/protesta-de-despedidos-de-worp-s-r-l-que-reclama-a-su-vez-millonaria-deuda-a-pg\/#breadcrumb","itemListElement":[{"@type":"ListItem","position":1,"name":"Inicio","item":"https:\/\/apuntesdesanluis.com\/"},{"@type":"ListItem","position":2,"name":"PROTESTA DE DESPEDIDOS DE WORP S.R.L, QUE RECLAMA A SU VEZ MILLONARIA DEUDA A P&#038;G"}]},{"@type":"WebSite","@id":"https:\/\/apuntesdesanluis.com\/#website","url":"https:\/\/apuntesdesanluis.com\/","name":"Apuntes de San Luis","description":"","publisher":{"@id":"https:\/\/apuntesdesanluis.com\/#\/schema\/person\/b55151d52296fcce64d1a72538a70b90"},"potentialAction":[{"@type":"SearchAction","target":{"@type":"EntryPoint","urlTemplate":"https:\/\/apuntesdesanluis.com\/?s={search_term_string}"},"query-input":{"@type":"PropertyValueSpecification","valueRequired":true,"valueName":"search_term_string"}}],"inLanguage":"es-AR"},{"@type":["Person","Organization"],"@id":"https:\/\/apuntesdesanluis.com\/#\/schema\/person\/b55151d52296fcce64d1a72538a70b90","name":"apuntesdesanluis.com","image":{"@type":"ImageObject","inLanguage":"es-AR","@id":"https:\/\/apuntesdesanluis.com\/#\/schema\/person\/image\/","url":"https:\/\/apuntesdesanluis.com\/wp-content\/uploads\/2023\/07\/cropped-apuntesdesanluis.png","contentUrl":"https:\/\/apuntesdesanluis.com\/wp-content\/uploads\/2023\/07\/cropped-apuntesdesanluis.png","width":450,"height":112,"caption":"apuntesdesanluis.com"},"logo":{"@id":"https:\/\/apuntesdesanluis.com\/#\/schema\/person\/image\/"},"sameAs":["https:\/\/apuntesdesanluis.com"],"url":"https:\/\/apuntesdesanluis.com\/index.php\/author\/apuntesdesanluis-com\/"}]}},"featured_image_urls":{"full":["https:\/\/apuntesdesanluis.com\/wp-content\/uploads\/2024\/11\/Trabajadores-de-logistica-pilar.jpg",800,477,false],"thumbnail":["https:\/\/apuntesdesanluis.com\/wp-content\/uploads\/2024\/11\/Trabajadores-de-logistica-pilar-150x150.jpg",150,150,true],"medium":["https:\/\/apuntesdesanluis.com\/wp-content\/uploads\/2024\/11\/Trabajadores-de-logistica-pilar-300x179.jpg",300,179,true],"medium_large":["https:\/\/apuntesdesanluis.com\/wp-content\/uploads\/2024\/11\/Trabajadores-de-logistica-pilar-768x458.jpg",640,382,true],"large":["https:\/\/apuntesdesanluis.com\/wp-content\/uploads\/2024\/11\/Trabajadores-de-logistica-pilar.jpg",640,382,false],"1536x1536":["https:\/\/apuntesdesanluis.com\/wp-content\/uploads\/2024\/11\/Trabajadores-de-logistica-pilar.jpg",800,477,false],"2048x2048":["https:\/\/apuntesdesanluis.com\/wp-content\/uploads\/2024\/11\/Trabajadores-de-logistica-pilar.jpg",800,477,false],"newsever-slider-full":["https:\/\/apuntesdesanluis.com\/wp-content\/uploads\/2024\/11\/Trabajadores-de-logistica-pilar.jpg",800,477,false],"newsever-featured":["https:\/\/apuntesdesanluis.com\/wp-content\/uploads\/2024\/11\/Trabajadores-de-logistica-pilar.jpg",800,477,false],"newsever-medium":["https:\/\/apuntesdesanluis.com\/wp-content\/uploads\/2024\/11\/Trabajadores-de-logistica-pilar-720x475.jpg",720,475,true]},"author_info":{"display_name":"apuntesdesanluis.com","author_link":"https:\/\/apuntesdesanluis.com\/index.php\/author\/apuntesdesanluis-com\/"},"category_info":"<a href=\"https:\/\/apuntesdesanluis.com\/index.php\/category\/ciudad-provincia\/\" rel=\"category tag\">Ciudad\/Provincia<\/a>","tag_info":"Ciudad\/Provincia","comment_count":"0","_links":{"self":[{"href":"https:\/\/apuntesdesanluis.com\/index.php\/wp-json\/wp\/v2\/posts\/25965","targetHints":{"allow":["GET"]}}],"collection":[{"href":"https:\/\/apuntesdesanluis.com\/index.php\/wp-json\/wp\/v2\/posts"}],"about":[{"href":"https:\/\/apuntesdesanluis.com\/index.php\/wp-json\/wp\/v2\/types\/post"}],"author":[{"embeddable":true,"href":"https:\/\/apuntesdesanluis.com\/index.php\/wp-json\/wp\/v2\/users\/1"}],"replies":[{"embeddable":true,"href":"https:\/\/apuntesdesanluis.com\/index.php\/wp-json\/wp\/v2\/comments?post=25965"}],"version-history":[{"count":14,"href":"https:\/\/apuntesdesanluis.com\/index.php\/wp-json\/wp\/v2\/posts\/25965\/revisions"}],"predecessor-version":[{"id":25984,"href":"https:\/\/apuntesdesanluis.com\/index.php\/wp-json\/wp\/v2\/posts\/25965\/revisions\/25984"}],"wp:featuredmedia":[{"embeddable":true,"href":"https:\/\/apuntesdesanluis.com\/index.php\/wp-json\/wp\/v2\/media\/25966"}],"wp:attachment":[{"href":"https:\/\/apuntesdesanluis.com\/index.php\/wp-json\/wp\/v2\/media?parent=25965"}],"wp:term":[{"taxonomy":"category","embeddable":true,"href":"https:\/\/apuntesdesanluis.com\/index.php\/wp-json\/wp\/v2\/categories?post=25965"},{"taxonomy":"post_tag","embeddable":true,"href":"https:\/\/apuntesdesanluis.com\/index.php\/wp-json\/wp\/v2\/tags?post=25965"}],"curies":[{"name":"wp","href":"https:\/\/api.w.org\/{rel}","templated":true}]}}