{"id":25997,"date":"2024-11-29T21:23:55","date_gmt":"2024-11-30T00:23:55","guid":{"rendered":"https:\/\/apuntesdesanluis.com\/?p=25997"},"modified":"2024-11-29T21:23:55","modified_gmt":"2024-11-30T00:23:55","slug":"dia-de-emocion-en-el-alta-al-primer-paciente-trasplantado-en-la-provincia","status":"publish","type":"post","link":"https:\/\/apuntesdesanluis.com\/index.php\/2024\/11\/29\/dia-de-emocion-en-el-alta-al-primer-paciente-trasplantado-en-la-provincia\/","title":{"rendered":"D\u00cdA DE EMOCI\u00d3N EN EL ALTA AL PRIMER PACIENTE TRASPLANTADO EN LA PROVINCIA"},"content":{"rendered":"<h3><strong>Walter Sebasti\u00e1n Avaca<\/strong> se retir\u00f3 del Hospital \u2018Doctor Ram\u00f3n Carrillo\u2019 con los aplausos de sus familiares, el equipo del centro m\u00e9dico que hizo la intervenci\u00f3n y el gobernador<strong> Claudio Poggi<\/strong>, que celebr\u00f3 este importante paso en la historia del sistema de salud p\u00fablica de la provincia.<\/h3>\n<h3>Una luz especial iluminaba el Hospital Central \u2018Doctor Ram\u00f3n Carrillo\u2019 este viernes pasado el mediod\u00eda, y no era solo la que entraba por los grandes ventanales. Era la luminosidad que traen las buenas noticias, como aquella que tuvo como protagonista a Walter Sebasti\u00e1n Avaca, el primer paciente trasplantado en la historia de la provincia, que recibi\u00f3 el alta m\u00e9dica.<\/h3>\n<p><img fetchpriority=\"high\" decoding=\"async\" class=\"wp-image-26001 aligncenter\" src=\"https:\/\/apuntesdesanluis.com\/wp-content\/uploads\/2024\/11\/TRASPLANTADO-POGGI-DEDITOS-300x207.png\" alt=\"\" width=\"657\" height=\"453\" srcset=\"https:\/\/apuntesdesanluis.com\/wp-content\/uploads\/2024\/11\/TRASPLANTADO-POGGI-DEDITOS-300x207.png 300w, https:\/\/apuntesdesanluis.com\/wp-content\/uploads\/2024\/11\/TRASPLANTADO-POGGI-DEDITOS-1024x705.png 1024w, https:\/\/apuntesdesanluis.com\/wp-content\/uploads\/2024\/11\/TRASPLANTADO-POGGI-DEDITOS-768x529.png 768w, https:\/\/apuntesdesanluis.com\/wp-content\/uploads\/2024\/11\/TRASPLANTADO-POGGI-DEDITOS.png 1044w\" sizes=\"(max-width: 657px) 100vw, 657px\" \/><\/p>\n<h3>En una silla de ruedas que era empujada por un enfermeros, con una gorra y tapando su boca y nariz con un barbijo como medida preventiva, Walter se abri\u00f3 paso hasta la entrada del hospital, donde lo esperaban sus familiares, el personal m\u00e9dico que realiz\u00f3 la intervenci\u00f3n en \u2018El Carrillo\u2019, autoridades y otros pacientes que, sin saberlo, fueron testigos de este momento especial, que trae esperanza a muchas personas que necesitan trasplantarse para continuar viviendo.<\/h3>\n<h3>Todos se sorprendieron cuando Walter, emocionado, se levant\u00f3 de su silla, con energ\u00eda, e hizo unos pasos para saludar a su madre, Mary. A ella le dio el primer abrazo, profundo, rodeado de los aplausos de todas las personas que lo esperaban.<\/h3>\n<h3><img decoding=\"async\" class=\"wp-image-25999 aligncenter\" src=\"https:\/\/apuntesdesanluis.com\/wp-content\/uploads\/2024\/11\/abrazo-300x183.png\" alt=\"\" width=\"605\" height=\"369\" srcset=\"https:\/\/apuntesdesanluis.com\/wp-content\/uploads\/2024\/11\/abrazo-300x183.png 300w, https:\/\/apuntesdesanluis.com\/wp-content\/uploads\/2024\/11\/abrazo.png 672w\" sizes=\"(max-width: 605px) 100vw, 605px\" \/><\/h3>\n<h3>Su hijo, Bastian, ten\u00eda en sus manos una cartulina, con un cartel de bienvenida. A \u00e9l, Walter le dedic\u00f3 una mirada cari\u00f1osa.<\/h3>\n<h3><img decoding=\"async\" class=\"wp-image-26000 aligncenter\" src=\"https:\/\/apuntesdesanluis.com\/wp-content\/uploads\/2024\/11\/TRASPLANTADO-CON-EL-HIJO-300x208.png\" alt=\"\" width=\"604\" height=\"419\" srcset=\"https:\/\/apuntesdesanluis.com\/wp-content\/uploads\/2024\/11\/TRASPLANTADO-CON-EL-HIJO-300x208.png 300w, https:\/\/apuntesdesanluis.com\/wp-content\/uploads\/2024\/11\/TRASPLANTADO-CON-EL-HIJO.png 639w\" sizes=\"(max-width: 604px) 100vw, 604px\" \/><\/h3>\n<h3>Despu\u00e9s, volvi\u00f3 a la silla de ruedas y emprendi\u00f3 el camino a la camioneta donde lo esperaban parientes, para ir a su hogar.<\/h3>\n<h3>\u201cA \u00e9l lo hab\u00edan llamado hace como un mes para un trasplante, pero en Mendoza. El jueves de la semana pasada, est\u00e1bamos tomando mate a la ma\u00f1ana, nos llamaron y nos dijeron que nos ten\u00edamos que presentar ac\u00e1, en el hospital. La operaci\u00f3n fue en la madrugada del viernes, hace una semana\u201d, cont\u00f3 la esposa de Walter, Betiana Lucero, con los ojos h\u00famedos.<\/h3>\n<h3>\u201cFue todo muy inesperado, muy r\u00e1pido -confi\u00f3 Betiana-. Estamos muy agradecidos con el Hospital \u2018Ram\u00f3n Carrillo\u2019, con las enfermeras, que estuvieron siempre. Quiero enviarle un saludito a Silvana, que es quien estaba con nosotros y nos hac\u00eda re\u00edr. Estamos muy, muy felices\u201d.<\/h3>\n<p><iframe title=\"Betiana Lucero, esposa del paciente trasplantado\" width=\"640\" height=\"360\" src=\"https:\/\/www.youtube.com\/embed\/CIwGRWYWxXg?feature=oembed\" frameborder=\"0\" allow=\"accelerometer; autoplay; clipboard-write; encrypted-media; gyroscope; picture-in-picture; web-share\" referrerpolicy=\"strict-origin-when-cross-origin\" allowfullscreen><\/iframe><\/p>\n<h3>Betiana cont\u00f3 que su esposo tuvo una muy buena recuperaci\u00f3n. \u201cAhora est\u00e1 con medicamentos, pero eso va a ir mermando con el tiempo. Ahora cambia su calidad de vida, porque \u00e9l se estaba dializando tres veces por semana y trabajaba\u201d, dijo y destac\u00f3 la ventaja que haya podido hacer la intervenci\u00f3n en San Luis, su provincia, lugar donde reside. De otro modo, tendr\u00edan que haber ido a Mendoza.<\/h3>\n<h3>\u201cNo quer\u00eda dejar pasar la oportunidad para saludar a Walter, el sanluise\u00f1o que recibi\u00f3 el primer trasplante renal de la historia de la provincia. Gracias a Dios, por los informes m\u00e9dicos, me dicen que est\u00e1 muy bien. Hoy le dieron de alta, tiene que cuidarse mucho, por supuesto. Quise venir para saludar tambi\u00e9n a los m\u00e9dicos, a los enfermeros, a los t\u00e9cnicos, a los bioqu\u00edmicos, a todos los que se prepararon desde principios de a\u00f1o para este trasplante y para muchos m\u00e1s que van a venir seguramente\u201d, expres\u00f3 el gobernador <strong>Claudio Poggi<\/strong>, quien sum\u00f3 la felicitaci\u00f3n para todo el equipo.<\/h3>\n<p><iframe title=\"Claudio Poggi, gobernador de San Luis\" width=\"640\" height=\"360\" src=\"https:\/\/www.youtube.com\/embed\/RVQPVbsIBjU?feature=oembed\" frameborder=\"0\" allow=\"accelerometer; autoplay; clipboard-write; encrypted-media; gyroscope; picture-in-picture; web-share\" referrerpolicy=\"strict-origin-when-cross-origin\" allowfullscreen><\/iframe><\/p>\n<h3>Recapitul\u00f3 que, para que la operaci\u00f3n fuera una realidad, todo el equipo se capacit\u00f3 previamente, hubo que trabajar arduamente para obtener aprobaciones, y eso se logr\u00f3. \u201cEsto es un primer paso, que genera una luz de esperanza para hombres y mujeres de San Luis que padecen enfermedad renal cr\u00f3nica. El reencuentro con su madre, con su familia, nos llena de alegr\u00eda y esperanza\u201d, cerr\u00f3.<\/h3>\n<p>&nbsp;<\/p>\n<p>&nbsp;<\/p>\n<p>&nbsp;<\/p>\n<p>&nbsp;<\/p>\n<p>&nbsp;<\/p>\n","protected":false},"excerpt":{"rendered":"<p>Walter Sebasti\u00e1n Avaca se retir\u00f3 del Hospital \u2018Doctor Ram\u00f3n Carrillo\u2019 con los aplausos de sus&#8230;<\/p>\n","protected":false},"author":1,"featured_media":25998,"comment_status":"closed","ping_status":"closed","sticky":false,"template":"","format":"standard","meta":{"footnotes":""},"categories":[6],"tags":[],"class_list":["post-25997","post","type-post","status-publish","format-standard","has-post-thumbnail","hentry","category-ciudad-provincia"],"yoast_head":"<!-- This site is optimized with the Yoast SEO plugin v26.1.1 - https:\/\/yoast.com\/wordpress\/plugins\/seo\/ -->\n<title>D\u00cdA DE EMOCI\u00d3N EN EL ALTA AL PRIMER PACIENTE TRASPLANTADO EN LA PROVINCIA - Apuntes de San Luis<\/title>\n<meta name=\"robots\" content=\"index, follow, max-snippet:-1, max-image-preview:large, max-video-preview:-1\" \/>\n<link rel=\"canonical\" href=\"https:\/\/apuntesdesanluis.com\/index.php\/2024\/11\/29\/dia-de-emocion-en-el-alta-al-primer-paciente-trasplantado-en-la-provincia\/\" \/>\n<meta property=\"og:locale\" content=\"es_ES\" \/>\n<meta property=\"og:type\" content=\"article\" \/>\n<meta property=\"og:title\" content=\"D\u00cdA DE EMOCI\u00d3N EN EL ALTA AL PRIMER PACIENTE TRASPLANTADO EN LA PROVINCIA - Apuntes de San Luis\" \/>\n<meta property=\"og:description\" content=\"Walter Sebasti\u00e1n Avaca se retir\u00f3 del Hospital \u2018Doctor Ram\u00f3n Carrillo\u2019 con los aplausos de sus...\" \/>\n<meta property=\"og:url\" content=\"https:\/\/apuntesdesanluis.com\/index.php\/2024\/11\/29\/dia-de-emocion-en-el-alta-al-primer-paciente-trasplantado-en-la-provincia\/\" \/>\n<meta property=\"og:site_name\" content=\"Apuntes de San Luis\" \/>\n<meta property=\"article:published_time\" content=\"2024-11-30T00:23:55+00:00\" \/>\n<meta property=\"og:image\" content=\"https:\/\/apuntesdesanluis.com\/wp-content\/uploads\/2024\/11\/TRASPLANTADO-PORTADA.png\" \/>\n\t<meta property=\"og:image:width\" content=\"634\" \/>\n\t<meta property=\"og:image:height\" content=\"397\" \/>\n\t<meta property=\"og:image:type\" content=\"image\/png\" \/>\n<meta name=\"author\" content=\"apuntesdesanluis.com\" \/>\n<meta name=\"twitter:card\" content=\"summary_large_image\" \/>\n<meta name=\"twitter:label1\" content=\"Escrito por\" \/>\n\t<meta name=\"twitter:data1\" content=\"apuntesdesanluis.com\" \/>\n\t<meta name=\"twitter:label2\" content=\"Tiempo de lectura\" \/>\n\t<meta name=\"twitter:data2\" content=\"4 minutos\" \/>\n<script type=\"application\/ld+json\" class=\"yoast-schema-graph\">{\"@context\":\"https:\/\/schema.org\",\"@graph\":[{\"@type\":\"Article\",\"@id\":\"https:\/\/apuntesdesanluis.com\/index.php\/2024\/11\/29\/dia-de-emocion-en-el-alta-al-primer-paciente-trasplantado-en-la-provincia\/#article\",\"isPartOf\":{\"@id\":\"https:\/\/apuntesdesanluis.com\/index.php\/2024\/11\/29\/dia-de-emocion-en-el-alta-al-primer-paciente-trasplantado-en-la-provincia\/\"},\"author\":{\"name\":\"apuntesdesanluis.com\",\"@id\":\"https:\/\/apuntesdesanluis.com\/#\/schema\/person\/b55151d52296fcce64d1a72538a70b90\"},\"headline\":\"D\u00cdA DE EMOCI\u00d3N EN EL ALTA AL PRIMER PACIENTE TRASPLANTADO EN LA PROVINCIA\",\"datePublished\":\"2024-11-30T00:23:55+00:00\",\"mainEntityOfPage\":{\"@id\":\"https:\/\/apuntesdesanluis.com\/index.php\/2024\/11\/29\/dia-de-emocion-en-el-alta-al-primer-paciente-trasplantado-en-la-provincia\/\"},\"wordCount\":677,\"publisher\":{\"@id\":\"https:\/\/apuntesdesanluis.com\/#\/schema\/person\/b55151d52296fcce64d1a72538a70b90\"},\"image\":{\"@id\":\"https:\/\/apuntesdesanluis.com\/index.php\/2024\/11\/29\/dia-de-emocion-en-el-alta-al-primer-paciente-trasplantado-en-la-provincia\/#primaryimage\"},\"thumbnailUrl\":\"https:\/\/apuntesdesanluis.com\/wp-content\/uploads\/2024\/11\/TRASPLANTADO-PORTADA.png\",\"articleSection\":[\"Ciudad\/Provincia\"],\"inLanguage\":\"es-AR\"},{\"@type\":\"WebPage\",\"@id\":\"https:\/\/apuntesdesanluis.com\/index.php\/2024\/11\/29\/dia-de-emocion-en-el-alta-al-primer-paciente-trasplantado-en-la-provincia\/\",\"url\":\"https:\/\/apuntesdesanluis.com\/index.php\/2024\/11\/29\/dia-de-emocion-en-el-alta-al-primer-paciente-trasplantado-en-la-provincia\/\",\"name\":\"D\u00cdA DE EMOCI\u00d3N EN EL ALTA AL PRIMER PACIENTE TRASPLANTADO EN LA PROVINCIA - Apuntes de San Luis\",\"isPartOf\":{\"@id\":\"https:\/\/apuntesdesanluis.com\/#website\"},\"primaryImageOfPage\":{\"@id\":\"https:\/\/apuntesdesanluis.com\/index.php\/2024\/11\/29\/dia-de-emocion-en-el-alta-al-primer-paciente-trasplantado-en-la-provincia\/#primaryimage\"},\"image\":{\"@id\":\"https:\/\/apuntesdesanluis.com\/index.php\/2024\/11\/29\/dia-de-emocion-en-el-alta-al-primer-paciente-trasplantado-en-la-provincia\/#primaryimage\"},\"thumbnailUrl\":\"https:\/\/apuntesdesanluis.com\/wp-content\/uploads\/2024\/11\/TRASPLANTADO-PORTADA.png\",\"datePublished\":\"2024-11-30T00:23:55+00:00\",\"breadcrumb\":{\"@id\":\"https:\/\/apuntesdesanluis.com\/index.php\/2024\/11\/29\/dia-de-emocion-en-el-alta-al-primer-paciente-trasplantado-en-la-provincia\/#breadcrumb\"},\"inLanguage\":\"es-AR\",\"potentialAction\":[{\"@type\":\"ReadAction\",\"target\":[\"https:\/\/apuntesdesanluis.com\/index.php\/2024\/11\/29\/dia-de-emocion-en-el-alta-al-primer-paciente-trasplantado-en-la-provincia\/\"]}]},{\"@type\":\"ImageObject\",\"inLanguage\":\"es-AR\",\"@id\":\"https:\/\/apuntesdesanluis.com\/index.php\/2024\/11\/29\/dia-de-emocion-en-el-alta-al-primer-paciente-trasplantado-en-la-provincia\/#primaryimage\",\"url\":\"https:\/\/apuntesdesanluis.com\/wp-content\/uploads\/2024\/11\/TRASPLANTADO-PORTADA.png\",\"contentUrl\":\"https:\/\/apuntesdesanluis.com\/wp-content\/uploads\/2024\/11\/TRASPLANTADO-PORTADA.png\",\"width\":634,\"height\":397},{\"@type\":\"BreadcrumbList\",\"@id\":\"https:\/\/apuntesdesanluis.com\/index.php\/2024\/11\/29\/dia-de-emocion-en-el-alta-al-primer-paciente-trasplantado-en-la-provincia\/#breadcrumb\",\"itemListElement\":[{\"@type\":\"ListItem\",\"position\":1,\"name\":\"Inicio\",\"item\":\"https:\/\/apuntesdesanluis.com\/\"},{\"@type\":\"ListItem\",\"position\":2,\"name\":\"D\u00cdA DE EMOCI\u00d3N EN EL ALTA AL PRIMER PACIENTE TRASPLANTADO EN LA PROVINCIA\"}]},{\"@type\":\"WebSite\",\"@id\":\"https:\/\/apuntesdesanluis.com\/#website\",\"url\":\"https:\/\/apuntesdesanluis.com\/\",\"name\":\"Apuntes de San Luis\",\"description\":\"\",\"publisher\":{\"@id\":\"https:\/\/apuntesdesanluis.com\/#\/schema\/person\/b55151d52296fcce64d1a72538a70b90\"},\"potentialAction\":[{\"@type\":\"SearchAction\",\"target\":{\"@type\":\"EntryPoint\",\"urlTemplate\":\"https:\/\/apuntesdesanluis.com\/?s={search_term_string}\"},\"query-input\":{\"@type\":\"PropertyValueSpecification\",\"valueRequired\":true,\"valueName\":\"search_term_string\"}}],\"inLanguage\":\"es-AR\"},{\"@type\":[\"Person\",\"Organization\"],\"@id\":\"https:\/\/apuntesdesanluis.com\/#\/schema\/person\/b55151d52296fcce64d1a72538a70b90\",\"name\":\"apuntesdesanluis.com\",\"image\":{\"@type\":\"ImageObject\",\"inLanguage\":\"es-AR\",\"@id\":\"https:\/\/apuntesdesanluis.com\/#\/schema\/person\/image\/\",\"url\":\"https:\/\/apuntesdesanluis.com\/wp-content\/uploads\/2023\/07\/cropped-apuntesdesanluis.png\",\"contentUrl\":\"https:\/\/apuntesdesanluis.com\/wp-content\/uploads\/2023\/07\/cropped-apuntesdesanluis.png\",\"width\":450,\"height\":112,\"caption\":\"apuntesdesanluis.com\"},\"logo\":{\"@id\":\"https:\/\/apuntesdesanluis.com\/#\/schema\/person\/image\/\"},\"sameAs\":[\"https:\/\/apuntesdesanluis.com\"],\"url\":\"https:\/\/apuntesdesanluis.com\/index.php\/author\/apuntesdesanluis-com\/\"}]}<\/script>\n<!-- \/ Yoast SEO plugin. -->","yoast_head_json":{"title":"D\u00cdA DE EMOCI\u00d3N EN EL ALTA AL PRIMER PACIENTE TRASPLANTADO EN LA PROVINCIA - Apuntes de San Luis","robots":{"index":"index","follow":"follow","max-snippet":"max-snippet:-1","max-image-preview":"max-image-preview:large","max-video-preview":"max-video-preview:-1"},"canonical":"https:\/\/apuntesdesanluis.com\/index.php\/2024\/11\/29\/dia-de-emocion-en-el-alta-al-primer-paciente-trasplantado-en-la-provincia\/","og_locale":"es_ES","og_type":"article","og_title":"D\u00cdA DE EMOCI\u00d3N EN EL ALTA AL PRIMER PACIENTE TRASPLANTADO EN LA PROVINCIA - Apuntes de San Luis","og_description":"Walter Sebasti\u00e1n Avaca se retir\u00f3 del Hospital \u2018Doctor Ram\u00f3n Carrillo\u2019 con los aplausos de sus...","og_url":"https:\/\/apuntesdesanluis.com\/index.php\/2024\/11\/29\/dia-de-emocion-en-el-alta-al-primer-paciente-trasplantado-en-la-provincia\/","og_site_name":"Apuntes de San Luis","article_published_time":"2024-11-30T00:23:55+00:00","og_image":[{"width":634,"height":397,"url":"https:\/\/apuntesdesanluis.com\/wp-content\/uploads\/2024\/11\/TRASPLANTADO-PORTADA.png","type":"image\/png"}],"author":"apuntesdesanluis.com","twitter_card":"summary_large_image","twitter_misc":{"Escrito por":"apuntesdesanluis.com","Tiempo de lectura":"4 minutos"},"schema":{"@context":"https:\/\/schema.org","@graph":[{"@type":"Article","@id":"https:\/\/apuntesdesanluis.com\/index.php\/2024\/11\/29\/dia-de-emocion-en-el-alta-al-primer-paciente-trasplantado-en-la-provincia\/#article","isPartOf":{"@id":"https:\/\/apuntesdesanluis.com\/index.php\/2024\/11\/29\/dia-de-emocion-en-el-alta-al-primer-paciente-trasplantado-en-la-provincia\/"},"author":{"name":"apuntesdesanluis.com","@id":"https:\/\/apuntesdesanluis.com\/#\/schema\/person\/b55151d52296fcce64d1a72538a70b90"},"headline":"D\u00cdA DE EMOCI\u00d3N EN EL ALTA AL PRIMER PACIENTE TRASPLANTADO EN LA PROVINCIA","datePublished":"2024-11-30T00:23:55+00:00","mainEntityOfPage":{"@id":"https:\/\/apuntesdesanluis.com\/index.php\/2024\/11\/29\/dia-de-emocion-en-el-alta-al-primer-paciente-trasplantado-en-la-provincia\/"},"wordCount":677,"publisher":{"@id":"https:\/\/apuntesdesanluis.com\/#\/schema\/person\/b55151d52296fcce64d1a72538a70b90"},"image":{"@id":"https:\/\/apuntesdesanluis.com\/index.php\/2024\/11\/29\/dia-de-emocion-en-el-alta-al-primer-paciente-trasplantado-en-la-provincia\/#primaryimage"},"thumbnailUrl":"https:\/\/apuntesdesanluis.com\/wp-content\/uploads\/2024\/11\/TRASPLANTADO-PORTADA.png","articleSection":["Ciudad\/Provincia"],"inLanguage":"es-AR"},{"@type":"WebPage","@id":"https:\/\/apuntesdesanluis.com\/index.php\/2024\/11\/29\/dia-de-emocion-en-el-alta-al-primer-paciente-trasplantado-en-la-provincia\/","url":"https:\/\/apuntesdesanluis.com\/index.php\/2024\/11\/29\/dia-de-emocion-en-el-alta-al-primer-paciente-trasplantado-en-la-provincia\/","name":"D\u00cdA DE EMOCI\u00d3N EN EL ALTA AL PRIMER PACIENTE TRASPLANTADO EN LA PROVINCIA - Apuntes de San Luis","isPartOf":{"@id":"https:\/\/apuntesdesanluis.com\/#website"},"primaryImageOfPage":{"@id":"https:\/\/apuntesdesanluis.com\/index.php\/2024\/11\/29\/dia-de-emocion-en-el-alta-al-primer-paciente-trasplantado-en-la-provincia\/#primaryimage"},"image":{"@id":"https:\/\/apuntesdesanluis.com\/index.php\/2024\/11\/29\/dia-de-emocion-en-el-alta-al-primer-paciente-trasplantado-en-la-provincia\/#primaryimage"},"thumbnailUrl":"https:\/\/apuntesdesanluis.com\/wp-content\/uploads\/2024\/11\/TRASPLANTADO-PORTADA.png","datePublished":"2024-11-30T00:23:55+00:00","breadcrumb":{"@id":"https:\/\/apuntesdesanluis.com\/index.php\/2024\/11\/29\/dia-de-emocion-en-el-alta-al-primer-paciente-trasplantado-en-la-provincia\/#breadcrumb"},"inLanguage":"es-AR","potentialAction":[{"@type":"ReadAction","target":["https:\/\/apuntesdesanluis.com\/index.php\/2024\/11\/29\/dia-de-emocion-en-el-alta-al-primer-paciente-trasplantado-en-la-provincia\/"]}]},{"@type":"ImageObject","inLanguage":"es-AR","@id":"https:\/\/apuntesdesanluis.com\/index.php\/2024\/11\/29\/dia-de-emocion-en-el-alta-al-primer-paciente-trasplantado-en-la-provincia\/#primaryimage","url":"https:\/\/apuntesdesanluis.com\/wp-content\/uploads\/2024\/11\/TRASPLANTADO-PORTADA.png","contentUrl":"https:\/\/apuntesdesanluis.com\/wp-content\/uploads\/2024\/11\/TRASPLANTADO-PORTADA.png","width":634,"height":397},{"@type":"BreadcrumbList","@id":"https:\/\/apuntesdesanluis.com\/index.php\/2024\/11\/29\/dia-de-emocion-en-el-alta-al-primer-paciente-trasplantado-en-la-provincia\/#breadcrumb","itemListElement":[{"@type":"ListItem","position":1,"name":"Inicio","item":"https:\/\/apuntesdesanluis.com\/"},{"@type":"ListItem","position":2,"name":"D\u00cdA DE EMOCI\u00d3N EN EL ALTA AL PRIMER PACIENTE TRASPLANTADO EN LA PROVINCIA"}]},{"@type":"WebSite","@id":"https:\/\/apuntesdesanluis.com\/#website","url":"https:\/\/apuntesdesanluis.com\/","name":"Apuntes de San Luis","description":"","publisher":{"@id":"https:\/\/apuntesdesanluis.com\/#\/schema\/person\/b55151d52296fcce64d1a72538a70b90"},"potentialAction":[{"@type":"SearchAction","target":{"@type":"EntryPoint","urlTemplate":"https:\/\/apuntesdesanluis.com\/?s={search_term_string}"},"query-input":{"@type":"PropertyValueSpecification","valueRequired":true,"valueName":"search_term_string"}}],"inLanguage":"es-AR"},{"@type":["Person","Organization"],"@id":"https:\/\/apuntesdesanluis.com\/#\/schema\/person\/b55151d52296fcce64d1a72538a70b90","name":"apuntesdesanluis.com","image":{"@type":"ImageObject","inLanguage":"es-AR","@id":"https:\/\/apuntesdesanluis.com\/#\/schema\/person\/image\/","url":"https:\/\/apuntesdesanluis.com\/wp-content\/uploads\/2023\/07\/cropped-apuntesdesanluis.png","contentUrl":"https:\/\/apuntesdesanluis.com\/wp-content\/uploads\/2023\/07\/cropped-apuntesdesanluis.png","width":450,"height":112,"caption":"apuntesdesanluis.com"},"logo":{"@id":"https:\/\/apuntesdesanluis.com\/#\/schema\/person\/image\/"},"sameAs":["https:\/\/apuntesdesanluis.com"],"url":"https:\/\/apuntesdesanluis.com\/index.php\/author\/apuntesdesanluis-com\/"}]}},"featured_image_urls":{"full":["https:\/\/apuntesdesanluis.com\/wp-content\/uploads\/2024\/11\/TRASPLANTADO-PORTADA.png",634,397,false],"thumbnail":["https:\/\/apuntesdesanluis.com\/wp-content\/uploads\/2024\/11\/TRASPLANTADO-PORTADA-150x150.png",150,150,true],"medium":["https:\/\/apuntesdesanluis.com\/wp-content\/uploads\/2024\/11\/TRASPLANTADO-PORTADA-300x188.png",300,188,true],"medium_large":["https:\/\/apuntesdesanluis.com\/wp-content\/uploads\/2024\/11\/TRASPLANTADO-PORTADA.png",634,397,false],"large":["https:\/\/apuntesdesanluis.com\/wp-content\/uploads\/2024\/11\/TRASPLANTADO-PORTADA.png",634,397,false],"1536x1536":["https:\/\/apuntesdesanluis.com\/wp-content\/uploads\/2024\/11\/TRASPLANTADO-PORTADA.png",634,397,false],"2048x2048":["https:\/\/apuntesdesanluis.com\/wp-content\/uploads\/2024\/11\/TRASPLANTADO-PORTADA.png",634,397,false],"newsever-slider-full":["https:\/\/apuntesdesanluis.com\/wp-content\/uploads\/2024\/11\/TRASPLANTADO-PORTADA.png",634,397,false],"newsever-featured":["https:\/\/apuntesdesanluis.com\/wp-content\/uploads\/2024\/11\/TRASPLANTADO-PORTADA.png",634,397,false],"newsever-medium":["https:\/\/apuntesdesanluis.com\/wp-content\/uploads\/2024\/11\/TRASPLANTADO-PORTADA.png",634,397,false]},"author_info":{"display_name":"apuntesdesanluis.com","author_link":"https:\/\/apuntesdesanluis.com\/index.php\/author\/apuntesdesanluis-com\/"},"category_info":"<a href=\"https:\/\/apuntesdesanluis.com\/index.php\/category\/ciudad-provincia\/\" rel=\"category tag\">Ciudad\/Provincia<\/a>","tag_info":"Ciudad\/Provincia","comment_count":"0","_links":{"self":[{"href":"https:\/\/apuntesdesanluis.com\/index.php\/wp-json\/wp\/v2\/posts\/25997","targetHints":{"allow":["GET"]}}],"collection":[{"href":"https:\/\/apuntesdesanluis.com\/index.php\/wp-json\/wp\/v2\/posts"}],"about":[{"href":"https:\/\/apuntesdesanluis.com\/index.php\/wp-json\/wp\/v2\/types\/post"}],"author":[{"embeddable":true,"href":"https:\/\/apuntesdesanluis.com\/index.php\/wp-json\/wp\/v2\/users\/1"}],"replies":[{"embeddable":true,"href":"https:\/\/apuntesdesanluis.com\/index.php\/wp-json\/wp\/v2\/comments?post=25997"}],"version-history":[{"count":1,"href":"https:\/\/apuntesdesanluis.com\/index.php\/wp-json\/wp\/v2\/posts\/25997\/revisions"}],"predecessor-version":[{"id":26002,"href":"https:\/\/apuntesdesanluis.com\/index.php\/wp-json\/wp\/v2\/posts\/25997\/revisions\/26002"}],"wp:featuredmedia":[{"embeddable":true,"href":"https:\/\/apuntesdesanluis.com\/index.php\/wp-json\/wp\/v2\/media\/25998"}],"wp:attachment":[{"href":"https:\/\/apuntesdesanluis.com\/index.php\/wp-json\/wp\/v2\/media?parent=25997"}],"wp:term":[{"taxonomy":"category","embeddable":true,"href":"https:\/\/apuntesdesanluis.com\/index.php\/wp-json\/wp\/v2\/categories?post=25997"},{"taxonomy":"post_tag","embeddable":true,"href":"https:\/\/apuntesdesanluis.com\/index.php\/wp-json\/wp\/v2\/tags?post=25997"}],"curies":[{"name":"wp","href":"https:\/\/api.w.org\/{rel}","templated":true}]}}