{"id":26010,"date":"2024-11-29T21:58:11","date_gmt":"2024-11-30T00:58:11","guid":{"rendered":"https:\/\/apuntesdesanluis.com\/?p=26010"},"modified":"2024-11-29T21:58:11","modified_gmt":"2024-11-30T00:58:11","slug":"la-conferencia-episcopal-argentina-rechazo-la-disolucion-del-fondo-de-asistencia-a-las-victimas-de-trata","status":"publish","type":"post","link":"https:\/\/apuntesdesanluis.com\/index.php\/2024\/11\/29\/la-conferencia-episcopal-argentina-rechazo-la-disolucion-del-fondo-de-asistencia-a-las-victimas-de-trata\/","title":{"rendered":"LA CONFERENCIA EPISCOPAL ARGENTINA RECHAZ\u00d3 LA DISOLUCI\u00d3N DEL FONDO DE ASISTENCIA A LAS V\u00cdCTIMAS DE TRATA"},"content":{"rendered":"<h3>El equipo <strong>\u201cNo a la Trata\u201d de la Comisi\u00f3n Nacional de Justicia y Paz<\/strong> que pertenece a la <strong>Conferencia Episcopal Argentina<\/strong> manifest\u00f3 mediante un comunicado su \u201cm\u00e1s profunda preocupaci\u00f3n\u201d por la disoluci\u00f3n que dispuso el gobierno de Javier Milei del Fondo de Asistencia Directa a las V\u00edctimas de Trata de Personas que hab\u00eda sido creado por la Ley 27.508 de 2019.<\/h3>\n<h3>Seg\u00fan dicha Comisi\u00f3n \u201cel Fondo de Asistencia es un instrumento que ten\u00eda como objetivo la administraci\u00f3n de los bienes decomisados en causas judiciales referidas a los delitos de trata y explotaci\u00f3n de personas, y de lavado de activos provenientes de tales il\u00edcitos, con el fin de que estos sean destinados a reparar los da\u00f1os causados a las v\u00edctimas. Es decir, que no insum\u00eda dinero del erario p\u00fablico, sino que se trataba de activos provenientes del delito que deb\u00eda administrar el Estado\u201d.<\/h3>\n<h3>Detallan que \u201cen octubre de 2021 el Ministerio de Justicia y Derechos Humanos de la Naci\u00f3n junto a BICE Fideicomisos S.A. puso en funcionamiento el Fondo de Asistencia Directa a V\u00edctimas de Trata de Personas tras la firma del contrato de fideicomiso de administraci\u00f3n\u201d.<\/h3>\n<p><img fetchpriority=\"high\" decoding=\"async\" class=\"wp-image-26012 aligncenter\" src=\"https:\/\/apuntesdesanluis.com\/wp-content\/uploads\/2024\/11\/no-a-la-trata-300x203.png\" alt=\"\" width=\"613\" height=\"415\" srcset=\"https:\/\/apuntesdesanluis.com\/wp-content\/uploads\/2024\/11\/no-a-la-trata-300x203.png 300w, https:\/\/apuntesdesanluis.com\/wp-content\/uploads\/2024\/11\/no-a-la-trata-768x520.png 768w, https:\/\/apuntesdesanluis.com\/wp-content\/uploads\/2024\/11\/no-a-la-trata.png 804w\" sizes=\"(max-width: 613px) 100vw, 613px\" \/><\/p>\n<h3>En el Bolet\u00edn Oficial del 25 de noviembre \u00faltimo el decreto gubernamental se\u00f1al\u00f3 que \u201cresulta oportuna la disoluci\u00f3n de los citados fondos fiduciarios en el contexto econ\u00f3mico actual, con el fin de propender a la mayor transparencia y eficiencia en la gesti\u00f3n de los recursos p\u00fablicos\u201d. Ante ese argumento, desde la Conferencia Episcopal, expresaron: \u201cNo comprendemos la menci\u00f3n del contexto econ\u00f3mico actual, ya que como ha sido mencionando, los fondos no salen de erario p\u00fablico, por otro lado, esta medida en ausencia de mecanismos supletorios del Fondo de Asistencia Directa s\u00f3lo puede tener como consecuencia la mayor vulneraci\u00f3n de las personas que padecieron la esclavitud en carne propia y fueron rescatadas de las garras del delito\u201d.<\/h3>\n<h3>El Poder Ejecutivo Nacional hab\u00eda dispuesto hace cuatro d\u00edas la disoluci\u00f3n de cinco fondos fiduciarios: Para el Desarrollo de Capital Emprendedor (FONDCE), Para la Refinanciaci\u00f3n Hipotecaria, Programa de Inversiones Estrat\u00e9gicas, Fondo de Asistencia Directa a V\u00edctimas de Trata \u2013 Ley 26.364 y el Programa para Incrementar la Competitividad del Sector Azucarero del NOA (PROICSA).<\/h3>\n<h3>En el caso de fondo destinado a las V\u00edctimas de Trata, el pretexto utilizado fue que \u201cen el Informe de Auditor\u00eda realizado por la Sindicatura General de la Naci\u00f3n (SIGEN) se se\u00f1al\u00f3, entre otras observaciones, la inexistencia de un manual de procedimientos formalizado, falencias observadas en el Contrato de Fideicomiso y la inexistencia de un Sistema Inform\u00e1tico para la gesti\u00f3n de la unidad ejecutiva del referido Fondo, entre otros\u201d.<\/h3>\n<h3>Cuando se tom\u00f3 esta determinaci\u00f3n el ministro de Econom\u00eda, Luis \u201cToto\u201d Caputo, public\u00f3 un poste\u00f3 en la red social X (ex Twitter) en el que se enumeraba a los fondos con el mensaje \u201cHoy cerramos 5 cajas pol\u00edticas m\u00e1s\u201d, acompa\u00f1ado por emojis de tres banderas argentinas.<\/h3>\n<h3>La Comisi\u00f3n en su comunicado cita, adem\u00e1s, un trabajo reciente de la Procuradur\u00eda de Trata y Explotaci\u00f3n de Personas (PROTEX), que consisti\u00f3 en un relevamiento estad\u00edstico en base a la reparaci\u00f3n de v\u00edctimas de trata en sentencias condenatorias en Argentina entre los a\u00f1os 2019 y 2022.<\/h3>\n<h3>En este per\u00edodo se dictaron 107 sentencias condenatorias, de las cuales en 27 (un 25,2%) se efectiviz\u00f3 alg\u00fan tipo de reparaci\u00f3n econ\u00f3mica para las v\u00edctimas. \u00c9stas alcanzaron a 168 v\u00edctimas por un total de m\u00e1s de 70 millones de pesos (en rigor, 70.823.001,20 pesos) y 16.141 d\u00f3lares, adem\u00e1s del equivalente a 192 salarios m\u00ednimos y 3 veh\u00edculos afectados para los mismos fines.<\/h3>\n<h3>\u201cEste hecho (en referencia a la medida del Gobierno) representa un retroceso en materia de reparaci\u00f3n y restituci\u00f3n de derechos de las v\u00edctimas, que no pueden esperar y lo \u00fanico que hacen este tipo de medidas es convertirlas nuevamente en v\u00edctimas, abandonadas por quienes deber\u00edan ser protegidas\u201d, culmina el escrito.<\/h3>\n<p>&nbsp;<\/p>\n<p>&nbsp;<\/p>\n<p>&nbsp;<\/p>\n<p>&nbsp;<\/p>\n<p>&nbsp;<\/p>\n<p>&nbsp;<\/p>\n","protected":false},"excerpt":{"rendered":"<p>El equipo \u201cNo a la Trata\u201d de la Comisi\u00f3n Nacional de Justicia y Paz que&#8230;<\/p>\n","protected":false},"author":1,"featured_media":26011,"comment_status":"closed","ping_status":"closed","sticky":false,"template":"","format":"standard","meta":{"footnotes":""},"categories":[5],"tags":[],"class_list":["post-26010","post","type-post","status-publish","format-standard","has-post-thumbnail","hentry","category-nacionales-internacionales"],"yoast_head":"<!-- This site is optimized with the Yoast SEO plugin v26.1.1 - https:\/\/yoast.com\/wordpress\/plugins\/seo\/ -->\n<title>LA CONFERENCIA EPISCOPAL ARGENTINA RECHAZ\u00d3 LA DISOLUCI\u00d3N DEL FONDO DE ASISTENCIA A LAS V\u00cdCTIMAS DE TRATA - Apuntes de San Luis<\/title>\n<meta name=\"robots\" content=\"index, follow, max-snippet:-1, max-image-preview:large, max-video-preview:-1\" \/>\n<link rel=\"canonical\" href=\"https:\/\/apuntesdesanluis.com\/index.php\/2024\/11\/29\/la-conferencia-episcopal-argentina-rechazo-la-disolucion-del-fondo-de-asistencia-a-las-victimas-de-trata\/\" \/>\n<meta property=\"og:locale\" content=\"es_ES\" \/>\n<meta property=\"og:type\" content=\"article\" \/>\n<meta property=\"og:title\" content=\"LA CONFERENCIA EPISCOPAL ARGENTINA RECHAZ\u00d3 LA DISOLUCI\u00d3N DEL FONDO DE ASISTENCIA A LAS V\u00cdCTIMAS DE TRATA - Apuntes de San Luis\" \/>\n<meta property=\"og:description\" content=\"El equipo \u201cNo a la Trata\u201d de la Comisi\u00f3n Nacional de Justicia y Paz que...\" \/>\n<meta property=\"og:url\" content=\"https:\/\/apuntesdesanluis.com\/index.php\/2024\/11\/29\/la-conferencia-episcopal-argentina-rechazo-la-disolucion-del-fondo-de-asistencia-a-las-victimas-de-trata\/\" \/>\n<meta property=\"og:site_name\" content=\"Apuntes de San Luis\" \/>\n<meta property=\"article:published_time\" content=\"2024-11-30T00:58:11+00:00\" \/>\n<meta property=\"og:image\" content=\"https:\/\/apuntesdesanluis.com\/wp-content\/uploads\/2024\/11\/ajea.png\" \/>\n\t<meta property=\"og:image:width\" content=\"783\" \/>\n\t<meta property=\"og:image:height\" content=\"480\" \/>\n\t<meta property=\"og:image:type\" content=\"image\/png\" \/>\n<meta name=\"author\" content=\"apuntesdesanluis.com\" \/>\n<meta name=\"twitter:card\" content=\"summary_large_image\" \/>\n<meta name=\"twitter:label1\" content=\"Escrito por\" \/>\n\t<meta name=\"twitter:data1\" content=\"apuntesdesanluis.com\" \/>\n\t<meta name=\"twitter:label2\" content=\"Tiempo de lectura\" \/>\n\t<meta name=\"twitter:data2\" content=\"4 minutos\" \/>\n<script type=\"application\/ld+json\" class=\"yoast-schema-graph\">{\"@context\":\"https:\/\/schema.org\",\"@graph\":[{\"@type\":\"Article\",\"@id\":\"https:\/\/apuntesdesanluis.com\/index.php\/2024\/11\/29\/la-conferencia-episcopal-argentina-rechazo-la-disolucion-del-fondo-de-asistencia-a-las-victimas-de-trata\/#article\",\"isPartOf\":{\"@id\":\"https:\/\/apuntesdesanluis.com\/index.php\/2024\/11\/29\/la-conferencia-episcopal-argentina-rechazo-la-disolucion-del-fondo-de-asistencia-a-las-victimas-de-trata\/\"},\"author\":{\"name\":\"apuntesdesanluis.com\",\"@id\":\"https:\/\/apuntesdesanluis.com\/#\/schema\/person\/b55151d52296fcce64d1a72538a70b90\"},\"headline\":\"LA CONFERENCIA EPISCOPAL ARGENTINA RECHAZ\u00d3 LA DISOLUCI\u00d3N DEL FONDO DE ASISTENCIA A LAS V\u00cdCTIMAS DE TRATA\",\"datePublished\":\"2024-11-30T00:58:11+00:00\",\"mainEntityOfPage\":{\"@id\":\"https:\/\/apuntesdesanluis.com\/index.php\/2024\/11\/29\/la-conferencia-episcopal-argentina-rechazo-la-disolucion-del-fondo-de-asistencia-a-las-victimas-de-trata\/\"},\"wordCount\":708,\"publisher\":{\"@id\":\"https:\/\/apuntesdesanluis.com\/#\/schema\/person\/b55151d52296fcce64d1a72538a70b90\"},\"image\":{\"@id\":\"https:\/\/apuntesdesanluis.com\/index.php\/2024\/11\/29\/la-conferencia-episcopal-argentina-rechazo-la-disolucion-del-fondo-de-asistencia-a-las-victimas-de-trata\/#primaryimage\"},\"thumbnailUrl\":\"https:\/\/apuntesdesanluis.com\/wp-content\/uploads\/2024\/11\/ajea.png\",\"articleSection\":[\"Nacionales\/Internacionales\"],\"inLanguage\":\"es-AR\"},{\"@type\":\"WebPage\",\"@id\":\"https:\/\/apuntesdesanluis.com\/index.php\/2024\/11\/29\/la-conferencia-episcopal-argentina-rechazo-la-disolucion-del-fondo-de-asistencia-a-las-victimas-de-trata\/\",\"url\":\"https:\/\/apuntesdesanluis.com\/index.php\/2024\/11\/29\/la-conferencia-episcopal-argentina-rechazo-la-disolucion-del-fondo-de-asistencia-a-las-victimas-de-trata\/\",\"name\":\"LA CONFERENCIA EPISCOPAL ARGENTINA RECHAZ\u00d3 LA DISOLUCI\u00d3N DEL FONDO DE ASISTENCIA A LAS V\u00cdCTIMAS DE TRATA - Apuntes de San Luis\",\"isPartOf\":{\"@id\":\"https:\/\/apuntesdesanluis.com\/#website\"},\"primaryImageOfPage\":{\"@id\":\"https:\/\/apuntesdesanluis.com\/index.php\/2024\/11\/29\/la-conferencia-episcopal-argentina-rechazo-la-disolucion-del-fondo-de-asistencia-a-las-victimas-de-trata\/#primaryimage\"},\"image\":{\"@id\":\"https:\/\/apuntesdesanluis.com\/index.php\/2024\/11\/29\/la-conferencia-episcopal-argentina-rechazo-la-disolucion-del-fondo-de-asistencia-a-las-victimas-de-trata\/#primaryimage\"},\"thumbnailUrl\":\"https:\/\/apuntesdesanluis.com\/wp-content\/uploads\/2024\/11\/ajea.png\",\"datePublished\":\"2024-11-30T00:58:11+00:00\",\"breadcrumb\":{\"@id\":\"https:\/\/apuntesdesanluis.com\/index.php\/2024\/11\/29\/la-conferencia-episcopal-argentina-rechazo-la-disolucion-del-fondo-de-asistencia-a-las-victimas-de-trata\/#breadcrumb\"},\"inLanguage\":\"es-AR\",\"potentialAction\":[{\"@type\":\"ReadAction\",\"target\":[\"https:\/\/apuntesdesanluis.com\/index.php\/2024\/11\/29\/la-conferencia-episcopal-argentina-rechazo-la-disolucion-del-fondo-de-asistencia-a-las-victimas-de-trata\/\"]}]},{\"@type\":\"ImageObject\",\"inLanguage\":\"es-AR\",\"@id\":\"https:\/\/apuntesdesanluis.com\/index.php\/2024\/11\/29\/la-conferencia-episcopal-argentina-rechazo-la-disolucion-del-fondo-de-asistencia-a-las-victimas-de-trata\/#primaryimage\",\"url\":\"https:\/\/apuntesdesanluis.com\/wp-content\/uploads\/2024\/11\/ajea.png\",\"contentUrl\":\"https:\/\/apuntesdesanluis.com\/wp-content\/uploads\/2024\/11\/ajea.png\",\"width\":783,\"height\":480},{\"@type\":\"BreadcrumbList\",\"@id\":\"https:\/\/apuntesdesanluis.com\/index.php\/2024\/11\/29\/la-conferencia-episcopal-argentina-rechazo-la-disolucion-del-fondo-de-asistencia-a-las-victimas-de-trata\/#breadcrumb\",\"itemListElement\":[{\"@type\":\"ListItem\",\"position\":1,\"name\":\"Inicio\",\"item\":\"https:\/\/apuntesdesanluis.com\/\"},{\"@type\":\"ListItem\",\"position\":2,\"name\":\"LA CONFERENCIA EPISCOPAL ARGENTINA RECHAZ\u00d3 LA DISOLUCI\u00d3N DEL FONDO DE ASISTENCIA A LAS V\u00cdCTIMAS DE TRATA\"}]},{\"@type\":\"WebSite\",\"@id\":\"https:\/\/apuntesdesanluis.com\/#website\",\"url\":\"https:\/\/apuntesdesanluis.com\/\",\"name\":\"Apuntes de San Luis\",\"description\":\"\",\"publisher\":{\"@id\":\"https:\/\/apuntesdesanluis.com\/#\/schema\/person\/b55151d52296fcce64d1a72538a70b90\"},\"potentialAction\":[{\"@type\":\"SearchAction\",\"target\":{\"@type\":\"EntryPoint\",\"urlTemplate\":\"https:\/\/apuntesdesanluis.com\/?s={search_term_string}\"},\"query-input\":{\"@type\":\"PropertyValueSpecification\",\"valueRequired\":true,\"valueName\":\"search_term_string\"}}],\"inLanguage\":\"es-AR\"},{\"@type\":[\"Person\",\"Organization\"],\"@id\":\"https:\/\/apuntesdesanluis.com\/#\/schema\/person\/b55151d52296fcce64d1a72538a70b90\",\"name\":\"apuntesdesanluis.com\",\"image\":{\"@type\":\"ImageObject\",\"inLanguage\":\"es-AR\",\"@id\":\"https:\/\/apuntesdesanluis.com\/#\/schema\/person\/image\/\",\"url\":\"https:\/\/apuntesdesanluis.com\/wp-content\/uploads\/2023\/07\/cropped-apuntesdesanluis.png\",\"contentUrl\":\"https:\/\/apuntesdesanluis.com\/wp-content\/uploads\/2023\/07\/cropped-apuntesdesanluis.png\",\"width\":450,\"height\":112,\"caption\":\"apuntesdesanluis.com\"},\"logo\":{\"@id\":\"https:\/\/apuntesdesanluis.com\/#\/schema\/person\/image\/\"},\"sameAs\":[\"https:\/\/apuntesdesanluis.com\"],\"url\":\"https:\/\/apuntesdesanluis.com\/index.php\/author\/apuntesdesanluis-com\/\"}]}<\/script>\n<!-- \/ Yoast SEO plugin. -->","yoast_head_json":{"title":"LA CONFERENCIA EPISCOPAL ARGENTINA RECHAZ\u00d3 LA DISOLUCI\u00d3N DEL FONDO DE ASISTENCIA A LAS V\u00cdCTIMAS DE TRATA - Apuntes de San Luis","robots":{"index":"index","follow":"follow","max-snippet":"max-snippet:-1","max-image-preview":"max-image-preview:large","max-video-preview":"max-video-preview:-1"},"canonical":"https:\/\/apuntesdesanluis.com\/index.php\/2024\/11\/29\/la-conferencia-episcopal-argentina-rechazo-la-disolucion-del-fondo-de-asistencia-a-las-victimas-de-trata\/","og_locale":"es_ES","og_type":"article","og_title":"LA CONFERENCIA EPISCOPAL ARGENTINA RECHAZ\u00d3 LA DISOLUCI\u00d3N DEL FONDO DE ASISTENCIA A LAS V\u00cdCTIMAS DE TRATA - Apuntes de San Luis","og_description":"El equipo \u201cNo a la Trata\u201d de la Comisi\u00f3n Nacional de Justicia y Paz que...","og_url":"https:\/\/apuntesdesanluis.com\/index.php\/2024\/11\/29\/la-conferencia-episcopal-argentina-rechazo-la-disolucion-del-fondo-de-asistencia-a-las-victimas-de-trata\/","og_site_name":"Apuntes de San Luis","article_published_time":"2024-11-30T00:58:11+00:00","og_image":[{"width":783,"height":480,"url":"https:\/\/apuntesdesanluis.com\/wp-content\/uploads\/2024\/11\/ajea.png","type":"image\/png"}],"author":"apuntesdesanluis.com","twitter_card":"summary_large_image","twitter_misc":{"Escrito por":"apuntesdesanluis.com","Tiempo de lectura":"4 minutos"},"schema":{"@context":"https:\/\/schema.org","@graph":[{"@type":"Article","@id":"https:\/\/apuntesdesanluis.com\/index.php\/2024\/11\/29\/la-conferencia-episcopal-argentina-rechazo-la-disolucion-del-fondo-de-asistencia-a-las-victimas-de-trata\/#article","isPartOf":{"@id":"https:\/\/apuntesdesanluis.com\/index.php\/2024\/11\/29\/la-conferencia-episcopal-argentina-rechazo-la-disolucion-del-fondo-de-asistencia-a-las-victimas-de-trata\/"},"author":{"name":"apuntesdesanluis.com","@id":"https:\/\/apuntesdesanluis.com\/#\/schema\/person\/b55151d52296fcce64d1a72538a70b90"},"headline":"LA CONFERENCIA EPISCOPAL ARGENTINA RECHAZ\u00d3 LA DISOLUCI\u00d3N DEL FONDO DE ASISTENCIA A LAS V\u00cdCTIMAS DE TRATA","datePublished":"2024-11-30T00:58:11+00:00","mainEntityOfPage":{"@id":"https:\/\/apuntesdesanluis.com\/index.php\/2024\/11\/29\/la-conferencia-episcopal-argentina-rechazo-la-disolucion-del-fondo-de-asistencia-a-las-victimas-de-trata\/"},"wordCount":708,"publisher":{"@id":"https:\/\/apuntesdesanluis.com\/#\/schema\/person\/b55151d52296fcce64d1a72538a70b90"},"image":{"@id":"https:\/\/apuntesdesanluis.com\/index.php\/2024\/11\/29\/la-conferencia-episcopal-argentina-rechazo-la-disolucion-del-fondo-de-asistencia-a-las-victimas-de-trata\/#primaryimage"},"thumbnailUrl":"https:\/\/apuntesdesanluis.com\/wp-content\/uploads\/2024\/11\/ajea.png","articleSection":["Nacionales\/Internacionales"],"inLanguage":"es-AR"},{"@type":"WebPage","@id":"https:\/\/apuntesdesanluis.com\/index.php\/2024\/11\/29\/la-conferencia-episcopal-argentina-rechazo-la-disolucion-del-fondo-de-asistencia-a-las-victimas-de-trata\/","url":"https:\/\/apuntesdesanluis.com\/index.php\/2024\/11\/29\/la-conferencia-episcopal-argentina-rechazo-la-disolucion-del-fondo-de-asistencia-a-las-victimas-de-trata\/","name":"LA CONFERENCIA EPISCOPAL ARGENTINA RECHAZ\u00d3 LA DISOLUCI\u00d3N DEL FONDO DE ASISTENCIA A LAS V\u00cdCTIMAS DE TRATA - Apuntes de San Luis","isPartOf":{"@id":"https:\/\/apuntesdesanluis.com\/#website"},"primaryImageOfPage":{"@id":"https:\/\/apuntesdesanluis.com\/index.php\/2024\/11\/29\/la-conferencia-episcopal-argentina-rechazo-la-disolucion-del-fondo-de-asistencia-a-las-victimas-de-trata\/#primaryimage"},"image":{"@id":"https:\/\/apuntesdesanluis.com\/index.php\/2024\/11\/29\/la-conferencia-episcopal-argentina-rechazo-la-disolucion-del-fondo-de-asistencia-a-las-victimas-de-trata\/#primaryimage"},"thumbnailUrl":"https:\/\/apuntesdesanluis.com\/wp-content\/uploads\/2024\/11\/ajea.png","datePublished":"2024-11-30T00:58:11+00:00","breadcrumb":{"@id":"https:\/\/apuntesdesanluis.com\/index.php\/2024\/11\/29\/la-conferencia-episcopal-argentina-rechazo-la-disolucion-del-fondo-de-asistencia-a-las-victimas-de-trata\/#breadcrumb"},"inLanguage":"es-AR","potentialAction":[{"@type":"ReadAction","target":["https:\/\/apuntesdesanluis.com\/index.php\/2024\/11\/29\/la-conferencia-episcopal-argentina-rechazo-la-disolucion-del-fondo-de-asistencia-a-las-victimas-de-trata\/"]}]},{"@type":"ImageObject","inLanguage":"es-AR","@id":"https:\/\/apuntesdesanluis.com\/index.php\/2024\/11\/29\/la-conferencia-episcopal-argentina-rechazo-la-disolucion-del-fondo-de-asistencia-a-las-victimas-de-trata\/#primaryimage","url":"https:\/\/apuntesdesanluis.com\/wp-content\/uploads\/2024\/11\/ajea.png","contentUrl":"https:\/\/apuntesdesanluis.com\/wp-content\/uploads\/2024\/11\/ajea.png","width":783,"height":480},{"@type":"BreadcrumbList","@id":"https:\/\/apuntesdesanluis.com\/index.php\/2024\/11\/29\/la-conferencia-episcopal-argentina-rechazo-la-disolucion-del-fondo-de-asistencia-a-las-victimas-de-trata\/#breadcrumb","itemListElement":[{"@type":"ListItem","position":1,"name":"Inicio","item":"https:\/\/apuntesdesanluis.com\/"},{"@type":"ListItem","position":2,"name":"LA CONFERENCIA EPISCOPAL ARGENTINA RECHAZ\u00d3 LA DISOLUCI\u00d3N DEL FONDO DE ASISTENCIA A LAS V\u00cdCTIMAS DE TRATA"}]},{"@type":"WebSite","@id":"https:\/\/apuntesdesanluis.com\/#website","url":"https:\/\/apuntesdesanluis.com\/","name":"Apuntes de San Luis","description":"","publisher":{"@id":"https:\/\/apuntesdesanluis.com\/#\/schema\/person\/b55151d52296fcce64d1a72538a70b90"},"potentialAction":[{"@type":"SearchAction","target":{"@type":"EntryPoint","urlTemplate":"https:\/\/apuntesdesanluis.com\/?s={search_term_string}"},"query-input":{"@type":"PropertyValueSpecification","valueRequired":true,"valueName":"search_term_string"}}],"inLanguage":"es-AR"},{"@type":["Person","Organization"],"@id":"https:\/\/apuntesdesanluis.com\/#\/schema\/person\/b55151d52296fcce64d1a72538a70b90","name":"apuntesdesanluis.com","image":{"@type":"ImageObject","inLanguage":"es-AR","@id":"https:\/\/apuntesdesanluis.com\/#\/schema\/person\/image\/","url":"https:\/\/apuntesdesanluis.com\/wp-content\/uploads\/2023\/07\/cropped-apuntesdesanluis.png","contentUrl":"https:\/\/apuntesdesanluis.com\/wp-content\/uploads\/2023\/07\/cropped-apuntesdesanluis.png","width":450,"height":112,"caption":"apuntesdesanluis.com"},"logo":{"@id":"https:\/\/apuntesdesanluis.com\/#\/schema\/person\/image\/"},"sameAs":["https:\/\/apuntesdesanluis.com"],"url":"https:\/\/apuntesdesanluis.com\/index.php\/author\/apuntesdesanluis-com\/"}]}},"featured_image_urls":{"full":["https:\/\/apuntesdesanluis.com\/wp-content\/uploads\/2024\/11\/ajea.png",783,480,false],"thumbnail":["https:\/\/apuntesdesanluis.com\/wp-content\/uploads\/2024\/11\/ajea-150x150.png",150,150,true],"medium":["https:\/\/apuntesdesanluis.com\/wp-content\/uploads\/2024\/11\/ajea-300x184.png",300,184,true],"medium_large":["https:\/\/apuntesdesanluis.com\/wp-content\/uploads\/2024\/11\/ajea-768x471.png",640,393,true],"large":["https:\/\/apuntesdesanluis.com\/wp-content\/uploads\/2024\/11\/ajea.png",640,392,false],"1536x1536":["https:\/\/apuntesdesanluis.com\/wp-content\/uploads\/2024\/11\/ajea.png",783,480,false],"2048x2048":["https:\/\/apuntesdesanluis.com\/wp-content\/uploads\/2024\/11\/ajea.png",783,480,false],"newsever-slider-full":["https:\/\/apuntesdesanluis.com\/wp-content\/uploads\/2024\/11\/ajea.png",783,480,false],"newsever-featured":["https:\/\/apuntesdesanluis.com\/wp-content\/uploads\/2024\/11\/ajea.png",783,480,false],"newsever-medium":["https:\/\/apuntesdesanluis.com\/wp-content\/uploads\/2024\/11\/ajea-720x475.png",720,475,true]},"author_info":{"display_name":"apuntesdesanluis.com","author_link":"https:\/\/apuntesdesanluis.com\/index.php\/author\/apuntesdesanluis-com\/"},"category_info":"<a href=\"https:\/\/apuntesdesanluis.com\/index.php\/category\/nacionales-internacionales\/\" rel=\"category tag\">Nacionales\/Internacionales<\/a>","tag_info":"Nacionales\/Internacionales","comment_count":"0","_links":{"self":[{"href":"https:\/\/apuntesdesanluis.com\/index.php\/wp-json\/wp\/v2\/posts\/26010","targetHints":{"allow":["GET"]}}],"collection":[{"href":"https:\/\/apuntesdesanluis.com\/index.php\/wp-json\/wp\/v2\/posts"}],"about":[{"href":"https:\/\/apuntesdesanluis.com\/index.php\/wp-json\/wp\/v2\/types\/post"}],"author":[{"embeddable":true,"href":"https:\/\/apuntesdesanluis.com\/index.php\/wp-json\/wp\/v2\/users\/1"}],"replies":[{"embeddable":true,"href":"https:\/\/apuntesdesanluis.com\/index.php\/wp-json\/wp\/v2\/comments?post=26010"}],"version-history":[{"count":1,"href":"https:\/\/apuntesdesanluis.com\/index.php\/wp-json\/wp\/v2\/posts\/26010\/revisions"}],"predecessor-version":[{"id":26013,"href":"https:\/\/apuntesdesanluis.com\/index.php\/wp-json\/wp\/v2\/posts\/26010\/revisions\/26013"}],"wp:featuredmedia":[{"embeddable":true,"href":"https:\/\/apuntesdesanluis.com\/index.php\/wp-json\/wp\/v2\/media\/26011"}],"wp:attachment":[{"href":"https:\/\/apuntesdesanluis.com\/index.php\/wp-json\/wp\/v2\/media?parent=26010"}],"wp:term":[{"taxonomy":"category","embeddable":true,"href":"https:\/\/apuntesdesanluis.com\/index.php\/wp-json\/wp\/v2\/categories?post=26010"},{"taxonomy":"post_tag","embeddable":true,"href":"https:\/\/apuntesdesanluis.com\/index.php\/wp-json\/wp\/v2\/tags?post=26010"}],"curies":[{"name":"wp","href":"https:\/\/api.w.org\/{rel}","templated":true}]}}