{"id":26014,"date":"2024-11-29T22:41:11","date_gmt":"2024-11-30T01:41:11","guid":{"rendered":"https:\/\/apuntesdesanluis.com\/?p=26014"},"modified":"2024-11-29T22:42:36","modified_gmt":"2024-11-30T01:42:36","slug":"dura-respuesta-del-gobierno-al-pro-por-la-polemica-de-ficha-limpia-es-repugnante-el-oportunismo","status":"publish","type":"post","link":"https:\/\/apuntesdesanluis.com\/index.php\/2024\/11\/29\/dura-respuesta-del-gobierno-al-pro-por-la-polemica-de-ficha-limpia-es-repugnante-el-oportunismo\/","title":{"rendered":"DURA RESPUESTA DEL GOBIERNO AL PRO POR LA POL\u00c9MICA DE FICHA LIMPIA: \u201cES REPUGNANTE EL OPORTUNISMO\u201d"},"content":{"rendered":"<h3>El oficialismo se\u00f1al\u00f3 que era un proyecto \u201csin consenso y destinado al fracaso\u201d. Destacaron que hubo 12 diputados ausentes \u201centrantes por la lista de Juntos por el Cambio\u201d y se\u00f1alaron que <strong>LLA<\/strong> es el \u00fanico partido sin dirigentes condenados o procesados, en alusi\u00f3n al propio <strong>Maurici0 Macri<\/strong>.<\/h3>\n<h3>El Gobierno le respondi\u00f3 en duros t\u00e9rminos al PRO tras la fallida sesi\u00f3n donde se iba a tratar el proyecto de Ficha Limpia en la C\u00e1mara de Diputados. Ante las acusaciones de un presunto pacto con el peronismo para sabotear la iniciativa que impide a los condenados por corrupci\u00f3n ser candidatos a cargos nacionales, desde el oficialismo remarcaron que adem\u00e1s de los 8 diputados libertarios tambi\u00e9n estuvieron ausentes 12 legisladores \u201centrantes por la lista de Juntos por el Cambio\u201d.<\/h3>\n<h3>\u00a0\u201cCabe recordar que durante el gobierno de Mauricio Macri no se trat\u00f3 ning\u00fan proyecto de Ficha Limpia, y se propuso como candidato a Vicepresidente al mayor defensor de los fueros en el Senado de la hoy condenada Cristina Fern\u00e1ndez de Kirchner. No por ello elegimos sugerir que el gobierno de Macri fue corrupto o c\u00f3mplice de la impunidad por intereses electorales\u201d, se\u00f1alaron en alusi\u00f3n a Miguel \u00c1ngel Pichetto, que tambi\u00e9n estuvo ausente el jueves.<\/h3>\n<p><img fetchpriority=\"high\" decoding=\"async\" class=\"wp-image-26016 aligncenter\" src=\"https:\/\/apuntesdesanluis.com\/wp-content\/uploads\/2024\/11\/comunicado-la-libertad-222x300.png\" alt=\"\" width=\"490\" height=\"662\" srcset=\"https:\/\/apuntesdesanluis.com\/wp-content\/uploads\/2024\/11\/comunicado-la-libertad-222x300.png 222w, https:\/\/apuntesdesanluis.com\/wp-content\/uploads\/2024\/11\/comunicado-la-libertad.png 609w\" sizes=\"(max-width: 490px) 100vw, 490px\" \/><\/p>\n<h3>Luego acusaron al partido de Macri de \u201cutilizar la vara suiza en la gesti\u00f3n ajena pero no en la propia\u201d. Y agregaron: \u201cNo vamos a permitir que salden frustraciones del pasado con un proyecto hecho a medida para que gobernadores feudales hagan abuso de su influencia en la justicia y proscriban a sus opositores\u201d.<\/h3>\n<h3>Ese fue uno de los argumentos esgrimidos por la Casa Rosada y sus voceros extraoficiales para justificar la falta de apoyo: en las provincias donde gobierna la misma fuerza hace muchos a\u00f1os, como por ejemplo Gildo Insfran en Formosa, su control sobre la Justicia local permitir\u00eda proscribir a los candidatos opositores.<\/h3>\n<p><img decoding=\"async\" class=\"wp-image-26017 aligncenter\" src=\"https:\/\/apuntesdesanluis.com\/wp-content\/uploads\/2024\/11\/gordo-dan-300x166.png\" alt=\"\" width=\"504\" height=\"279\" srcset=\"https:\/\/apuntesdesanluis.com\/wp-content\/uploads\/2024\/11\/gordo-dan-300x166.png 300w, https:\/\/apuntesdesanluis.com\/wp-content\/uploads\/2024\/11\/gordo-dan.png 750w\" sizes=\"(max-width: 504px) 100vw, 504px\" \/><\/p>\n<h3>Por \u00faltimo, el comunicado de La Libertad Avanza destac\u00f3 la comunicaci\u00f3n entre Milei y Silvia Lospennato, en la cual le transmiti\u00f3 la intenci\u00f3n oficial de trabajar en un proyecto \u201csuperador\u201d. Sin embargo, los libertarios aclararon con malicia que son \u201cla \u00fanica fuerza sin dirigentes condenados y\/o procesados\u201d, en lo que parece una clara alusi\u00f3n a las causas judiciales que enfrent\u00f3 Mauricio Macri.<\/h3>\n<h3>Horas antes, el PRO hab\u00eda difundido su propio comunicado en el que lamentaba que el Congreso haya dejado pasar \u201cuna oportunidad hist\u00f3rica para impedir que los corruptos condenados por la Justicia lleguen al Congreso y se garanticen impunidad con los fueros\u201d.<\/h3>\n<h3><img decoding=\"async\" class=\"wp-image-26018 aligncenter\" src=\"https:\/\/apuntesdesanluis.com\/wp-content\/uploads\/2024\/11\/macri-300x180.png\" alt=\"\" width=\"493\" height=\"296\" srcset=\"https:\/\/apuntesdesanluis.com\/wp-content\/uploads\/2024\/11\/macri-300x180.png 300w, https:\/\/apuntesdesanluis.com\/wp-content\/uploads\/2024\/11\/macri.png 683w\" sizes=\"(max-width: 493px) 100vw, 493px\" \/><\/h3>\n<h3>\u201cMientras los Diputados del PRO cumplieron con el mandato que nos dieron nuestros votantes, el Gobierno decidi\u00f3 estar del otro lado\u201d, continuaba.<\/h3>\n<h3>\u201c\u00bfQueremos o no queremos un pa\u00eds sin corrupci\u00f3n? \u00bfDe verdad nos interesa que los corruptos condenados no puedan seguir ejerciendo cargos p\u00fablicos o queremos simular y usar esa debilidad como un instrumento de presi\u00f3n en otras negociaciones? \u00bfA alguien le importa la corrupci\u00f3n o ya estamos resignados?\u201d, hab\u00eda planteado Macri en sus redes sociales.<\/h3>\n<h3>La respuesta libertaria dej\u00f3 entrever que la postura de Macri es para presionar por el negocio de la hidrov\u00eda, algo bastante creible por cierto.<\/h3>\n<h3><img loading=\"lazy\" decoding=\"async\" class=\"wp-image-26019 aligncenter\" src=\"https:\/\/apuntesdesanluis.com\/wp-content\/uploads\/2024\/11\/hidcrovia-300x170.png\" alt=\"\" width=\"515\" height=\"292\" srcset=\"https:\/\/apuntesdesanluis.com\/wp-content\/uploads\/2024\/11\/hidcrovia-300x170.png 300w, https:\/\/apuntesdesanluis.com\/wp-content\/uploads\/2024\/11\/hidcrovia-768x436.png 768w, https:\/\/apuntesdesanluis.com\/wp-content\/uploads\/2024\/11\/hidcrovia.png 840w\" sizes=\"(max-width: 515px) 100vw, 515px\" \/><\/h3>\n<h3>Ayer, la sesi\u00f3n convocada para tratar Ficha Limpia requer\u00eda la presencia de 129 diputados, pero asistieron 116, una cifra inferior a la de la semana pasada (128), cuando s\u00f3lo falt\u00f3 un legislador para que se habilitara la discusi\u00f3n en el recinto.<\/h3>\n<h3>El naufragio del debate se produjo por la ausencia de diputados de todos los bloques: ocho de La Libertad Avanza (LLA), tres de PRO, dos de la UCR, siete de Encuentro Federal y dos de Democracia Para Siempre (DPS). Por supuesto, no baj\u00f3 al recinto ninguno de los 99 legisladores que forman parte de Uni\u00f3n por la Patria (UP). En cambio, s\u00ed asistieron los seis de la Coalici\u00f3n C\u00edvica (CC) y los tres del Movimiento de Integraci\u00f3n y Desarrollo (MID).<\/h3>\n<h3>El fracaso de la convocatoria implica que el proyecto de Ficha Limpia pierde su estado parlamentario. Esto significa que, a partir del 1 de marzo, cuando comiencen las sesiones ordinarias, el proyecto deber\u00e1 ser reintroducido y enviado nuevamente a las comisiones correspondientes para su tratamiento.<\/h3>\n<p>&nbsp;<\/p>\n<p>&nbsp;<\/p>\n<p>&nbsp;<\/p>\n<p>&nbsp;<\/p>\n<p>&nbsp;<\/p>\n<p>&nbsp;<\/p>\n","protected":false},"excerpt":{"rendered":"<p>El oficialismo se\u00f1al\u00f3 que era un proyecto \u201csin consenso y destinado al fracaso\u201d. Destacaron que&#8230;<\/p>\n","protected":false},"author":1,"featured_media":26015,"comment_status":"closed","ping_status":"closed","sticky":false,"template":"","format":"standard","meta":{"footnotes":""},"categories":[5],"tags":[],"class_list":["post-26014","post","type-post","status-publish","format-standard","has-post-thumbnail","hentry","category-nacionales-internacionales"],"yoast_head":"<!-- This site is optimized with the Yoast SEO plugin v26.1.1 - https:\/\/yoast.com\/wordpress\/plugins\/seo\/ -->\n<title>DURA RESPUESTA DEL GOBIERNO AL PRO POR LA POL\u00c9MICA DE FICHA LIMPIA: \u201cES REPUGNANTE EL OPORTUNISMO\u201d - Apuntes de San Luis<\/title>\n<meta name=\"robots\" content=\"index, follow, max-snippet:-1, max-image-preview:large, max-video-preview:-1\" \/>\n<link rel=\"canonical\" href=\"https:\/\/apuntesdesanluis.com\/index.php\/2024\/11\/29\/dura-respuesta-del-gobierno-al-pro-por-la-polemica-de-ficha-limpia-es-repugnante-el-oportunismo\/\" \/>\n<meta property=\"og:locale\" content=\"es_ES\" \/>\n<meta property=\"og:type\" content=\"article\" \/>\n<meta property=\"og:title\" content=\"DURA RESPUESTA DEL GOBIERNO AL PRO POR LA POL\u00c9MICA DE FICHA LIMPIA: \u201cES REPUGNANTE EL OPORTUNISMO\u201d - Apuntes de San Luis\" \/>\n<meta property=\"og:description\" content=\"El oficialismo se\u00f1al\u00f3 que era un proyecto \u201csin consenso y destinado al fracaso\u201d. Destacaron que...\" \/>\n<meta property=\"og:url\" content=\"https:\/\/apuntesdesanluis.com\/index.php\/2024\/11\/29\/dura-respuesta-del-gobierno-al-pro-por-la-polemica-de-ficha-limpia-es-repugnante-el-oportunismo\/\" \/>\n<meta property=\"og:site_name\" content=\"Apuntes de San Luis\" \/>\n<meta property=\"article:published_time\" content=\"2024-11-30T01:41:11+00:00\" \/>\n<meta property=\"article:modified_time\" content=\"2024-11-30T01:42:36+00:00\" \/>\n<meta property=\"og:image\" content=\"https:\/\/apuntesdesanluis.com\/wp-content\/uploads\/2024\/11\/milei-macri.png\" \/>\n\t<meta property=\"og:image:width\" content=\"809\" \/>\n\t<meta property=\"og:image:height\" content=\"470\" \/>\n\t<meta property=\"og:image:type\" content=\"image\/png\" \/>\n<meta name=\"author\" content=\"apuntesdesanluis.com\" \/>\n<meta name=\"twitter:card\" content=\"summary_large_image\" \/>\n<meta name=\"twitter:label1\" content=\"Escrito por\" \/>\n\t<meta name=\"twitter:data1\" content=\"apuntesdesanluis.com\" \/>\n\t<meta name=\"twitter:label2\" content=\"Tiempo de lectura\" \/>\n\t<meta name=\"twitter:data2\" content=\"5 minutos\" \/>\n<script type=\"application\/ld+json\" class=\"yoast-schema-graph\">{\"@context\":\"https:\/\/schema.org\",\"@graph\":[{\"@type\":\"Article\",\"@id\":\"https:\/\/apuntesdesanluis.com\/index.php\/2024\/11\/29\/dura-respuesta-del-gobierno-al-pro-por-la-polemica-de-ficha-limpia-es-repugnante-el-oportunismo\/#article\",\"isPartOf\":{\"@id\":\"https:\/\/apuntesdesanluis.com\/index.php\/2024\/11\/29\/dura-respuesta-del-gobierno-al-pro-por-la-polemica-de-ficha-limpia-es-repugnante-el-oportunismo\/\"},\"author\":{\"name\":\"apuntesdesanluis.com\",\"@id\":\"https:\/\/apuntesdesanluis.com\/#\/schema\/person\/b55151d52296fcce64d1a72538a70b90\"},\"headline\":\"DURA RESPUESTA DEL GOBIERNO AL PRO POR LA POL\u00c9MICA DE FICHA LIMPIA: \u201cES REPUGNANTE EL OPORTUNISMO\u201d\",\"datePublished\":\"2024-11-30T01:41:11+00:00\",\"dateModified\":\"2024-11-30T01:42:36+00:00\",\"mainEntityOfPage\":{\"@id\":\"https:\/\/apuntesdesanluis.com\/index.php\/2024\/11\/29\/dura-respuesta-del-gobierno-al-pro-por-la-polemica-de-ficha-limpia-es-repugnante-el-oportunismo\/\"},\"wordCount\":728,\"publisher\":{\"@id\":\"https:\/\/apuntesdesanluis.com\/#\/schema\/person\/b55151d52296fcce64d1a72538a70b90\"},\"image\":{\"@id\":\"https:\/\/apuntesdesanluis.com\/index.php\/2024\/11\/29\/dura-respuesta-del-gobierno-al-pro-por-la-polemica-de-ficha-limpia-es-repugnante-el-oportunismo\/#primaryimage\"},\"thumbnailUrl\":\"https:\/\/apuntesdesanluis.com\/wp-content\/uploads\/2024\/11\/milei-macri.png\",\"articleSection\":[\"Nacionales\/Internacionales\"],\"inLanguage\":\"es-AR\"},{\"@type\":\"WebPage\",\"@id\":\"https:\/\/apuntesdesanluis.com\/index.php\/2024\/11\/29\/dura-respuesta-del-gobierno-al-pro-por-la-polemica-de-ficha-limpia-es-repugnante-el-oportunismo\/\",\"url\":\"https:\/\/apuntesdesanluis.com\/index.php\/2024\/11\/29\/dura-respuesta-del-gobierno-al-pro-por-la-polemica-de-ficha-limpia-es-repugnante-el-oportunismo\/\",\"name\":\"DURA RESPUESTA DEL GOBIERNO AL PRO POR LA POL\u00c9MICA DE FICHA LIMPIA: \u201cES REPUGNANTE EL OPORTUNISMO\u201d - Apuntes de San Luis\",\"isPartOf\":{\"@id\":\"https:\/\/apuntesdesanluis.com\/#website\"},\"primaryImageOfPage\":{\"@id\":\"https:\/\/apuntesdesanluis.com\/index.php\/2024\/11\/29\/dura-respuesta-del-gobierno-al-pro-por-la-polemica-de-ficha-limpia-es-repugnante-el-oportunismo\/#primaryimage\"},\"image\":{\"@id\":\"https:\/\/apuntesdesanluis.com\/index.php\/2024\/11\/29\/dura-respuesta-del-gobierno-al-pro-por-la-polemica-de-ficha-limpia-es-repugnante-el-oportunismo\/#primaryimage\"},\"thumbnailUrl\":\"https:\/\/apuntesdesanluis.com\/wp-content\/uploads\/2024\/11\/milei-macri.png\",\"datePublished\":\"2024-11-30T01:41:11+00:00\",\"dateModified\":\"2024-11-30T01:42:36+00:00\",\"breadcrumb\":{\"@id\":\"https:\/\/apuntesdesanluis.com\/index.php\/2024\/11\/29\/dura-respuesta-del-gobierno-al-pro-por-la-polemica-de-ficha-limpia-es-repugnante-el-oportunismo\/#breadcrumb\"},\"inLanguage\":\"es-AR\",\"potentialAction\":[{\"@type\":\"ReadAction\",\"target\":[\"https:\/\/apuntesdesanluis.com\/index.php\/2024\/11\/29\/dura-respuesta-del-gobierno-al-pro-por-la-polemica-de-ficha-limpia-es-repugnante-el-oportunismo\/\"]}]},{\"@type\":\"ImageObject\",\"inLanguage\":\"es-AR\",\"@id\":\"https:\/\/apuntesdesanluis.com\/index.php\/2024\/11\/29\/dura-respuesta-del-gobierno-al-pro-por-la-polemica-de-ficha-limpia-es-repugnante-el-oportunismo\/#primaryimage\",\"url\":\"https:\/\/apuntesdesanluis.com\/wp-content\/uploads\/2024\/11\/milei-macri.png\",\"contentUrl\":\"https:\/\/apuntesdesanluis.com\/wp-content\/uploads\/2024\/11\/milei-macri.png\",\"width\":809,\"height\":470},{\"@type\":\"BreadcrumbList\",\"@id\":\"https:\/\/apuntesdesanluis.com\/index.php\/2024\/11\/29\/dura-respuesta-del-gobierno-al-pro-por-la-polemica-de-ficha-limpia-es-repugnante-el-oportunismo\/#breadcrumb\",\"itemListElement\":[{\"@type\":\"ListItem\",\"position\":1,\"name\":\"Inicio\",\"item\":\"https:\/\/apuntesdesanluis.com\/\"},{\"@type\":\"ListItem\",\"position\":2,\"name\":\"DURA RESPUESTA DEL GOBIERNO AL PRO POR LA POL\u00c9MICA DE FICHA LIMPIA: \u201cES REPUGNANTE EL OPORTUNISMO\u201d\"}]},{\"@type\":\"WebSite\",\"@id\":\"https:\/\/apuntesdesanluis.com\/#website\",\"url\":\"https:\/\/apuntesdesanluis.com\/\",\"name\":\"Apuntes de San Luis\",\"description\":\"\",\"publisher\":{\"@id\":\"https:\/\/apuntesdesanluis.com\/#\/schema\/person\/b55151d52296fcce64d1a72538a70b90\"},\"potentialAction\":[{\"@type\":\"SearchAction\",\"target\":{\"@type\":\"EntryPoint\",\"urlTemplate\":\"https:\/\/apuntesdesanluis.com\/?s={search_term_string}\"},\"query-input\":{\"@type\":\"PropertyValueSpecification\",\"valueRequired\":true,\"valueName\":\"search_term_string\"}}],\"inLanguage\":\"es-AR\"},{\"@type\":[\"Person\",\"Organization\"],\"@id\":\"https:\/\/apuntesdesanluis.com\/#\/schema\/person\/b55151d52296fcce64d1a72538a70b90\",\"name\":\"apuntesdesanluis.com\",\"image\":{\"@type\":\"ImageObject\",\"inLanguage\":\"es-AR\",\"@id\":\"https:\/\/apuntesdesanluis.com\/#\/schema\/person\/image\/\",\"url\":\"https:\/\/apuntesdesanluis.com\/wp-content\/uploads\/2023\/07\/cropped-apuntesdesanluis.png\",\"contentUrl\":\"https:\/\/apuntesdesanluis.com\/wp-content\/uploads\/2023\/07\/cropped-apuntesdesanluis.png\",\"width\":450,\"height\":112,\"caption\":\"apuntesdesanluis.com\"},\"logo\":{\"@id\":\"https:\/\/apuntesdesanluis.com\/#\/schema\/person\/image\/\"},\"sameAs\":[\"https:\/\/apuntesdesanluis.com\"],\"url\":\"https:\/\/apuntesdesanluis.com\/index.php\/author\/apuntesdesanluis-com\/\"}]}<\/script>\n<!-- \/ Yoast SEO plugin. -->","yoast_head_json":{"title":"DURA RESPUESTA DEL GOBIERNO AL PRO POR LA POL\u00c9MICA DE FICHA LIMPIA: \u201cES REPUGNANTE EL OPORTUNISMO\u201d - Apuntes de San Luis","robots":{"index":"index","follow":"follow","max-snippet":"max-snippet:-1","max-image-preview":"max-image-preview:large","max-video-preview":"max-video-preview:-1"},"canonical":"https:\/\/apuntesdesanluis.com\/index.php\/2024\/11\/29\/dura-respuesta-del-gobierno-al-pro-por-la-polemica-de-ficha-limpia-es-repugnante-el-oportunismo\/","og_locale":"es_ES","og_type":"article","og_title":"DURA RESPUESTA DEL GOBIERNO AL PRO POR LA POL\u00c9MICA DE FICHA LIMPIA: \u201cES REPUGNANTE EL OPORTUNISMO\u201d - Apuntes de San Luis","og_description":"El oficialismo se\u00f1al\u00f3 que era un proyecto \u201csin consenso y destinado al fracaso\u201d. Destacaron que...","og_url":"https:\/\/apuntesdesanluis.com\/index.php\/2024\/11\/29\/dura-respuesta-del-gobierno-al-pro-por-la-polemica-de-ficha-limpia-es-repugnante-el-oportunismo\/","og_site_name":"Apuntes de San Luis","article_published_time":"2024-11-30T01:41:11+00:00","article_modified_time":"2024-11-30T01:42:36+00:00","og_image":[{"width":809,"height":470,"url":"https:\/\/apuntesdesanluis.com\/wp-content\/uploads\/2024\/11\/milei-macri.png","type":"image\/png"}],"author":"apuntesdesanluis.com","twitter_card":"summary_large_image","twitter_misc":{"Escrito por":"apuntesdesanluis.com","Tiempo de lectura":"5 minutos"},"schema":{"@context":"https:\/\/schema.org","@graph":[{"@type":"Article","@id":"https:\/\/apuntesdesanluis.com\/index.php\/2024\/11\/29\/dura-respuesta-del-gobierno-al-pro-por-la-polemica-de-ficha-limpia-es-repugnante-el-oportunismo\/#article","isPartOf":{"@id":"https:\/\/apuntesdesanluis.com\/index.php\/2024\/11\/29\/dura-respuesta-del-gobierno-al-pro-por-la-polemica-de-ficha-limpia-es-repugnante-el-oportunismo\/"},"author":{"name":"apuntesdesanluis.com","@id":"https:\/\/apuntesdesanluis.com\/#\/schema\/person\/b55151d52296fcce64d1a72538a70b90"},"headline":"DURA RESPUESTA DEL GOBIERNO AL PRO POR LA POL\u00c9MICA DE FICHA LIMPIA: \u201cES REPUGNANTE EL OPORTUNISMO\u201d","datePublished":"2024-11-30T01:41:11+00:00","dateModified":"2024-11-30T01:42:36+00:00","mainEntityOfPage":{"@id":"https:\/\/apuntesdesanluis.com\/index.php\/2024\/11\/29\/dura-respuesta-del-gobierno-al-pro-por-la-polemica-de-ficha-limpia-es-repugnante-el-oportunismo\/"},"wordCount":728,"publisher":{"@id":"https:\/\/apuntesdesanluis.com\/#\/schema\/person\/b55151d52296fcce64d1a72538a70b90"},"image":{"@id":"https:\/\/apuntesdesanluis.com\/index.php\/2024\/11\/29\/dura-respuesta-del-gobierno-al-pro-por-la-polemica-de-ficha-limpia-es-repugnante-el-oportunismo\/#primaryimage"},"thumbnailUrl":"https:\/\/apuntesdesanluis.com\/wp-content\/uploads\/2024\/11\/milei-macri.png","articleSection":["Nacionales\/Internacionales"],"inLanguage":"es-AR"},{"@type":"WebPage","@id":"https:\/\/apuntesdesanluis.com\/index.php\/2024\/11\/29\/dura-respuesta-del-gobierno-al-pro-por-la-polemica-de-ficha-limpia-es-repugnante-el-oportunismo\/","url":"https:\/\/apuntesdesanluis.com\/index.php\/2024\/11\/29\/dura-respuesta-del-gobierno-al-pro-por-la-polemica-de-ficha-limpia-es-repugnante-el-oportunismo\/","name":"DURA RESPUESTA DEL GOBIERNO AL PRO POR LA POL\u00c9MICA DE FICHA LIMPIA: \u201cES REPUGNANTE EL OPORTUNISMO\u201d - Apuntes de San Luis","isPartOf":{"@id":"https:\/\/apuntesdesanluis.com\/#website"},"primaryImageOfPage":{"@id":"https:\/\/apuntesdesanluis.com\/index.php\/2024\/11\/29\/dura-respuesta-del-gobierno-al-pro-por-la-polemica-de-ficha-limpia-es-repugnante-el-oportunismo\/#primaryimage"},"image":{"@id":"https:\/\/apuntesdesanluis.com\/index.php\/2024\/11\/29\/dura-respuesta-del-gobierno-al-pro-por-la-polemica-de-ficha-limpia-es-repugnante-el-oportunismo\/#primaryimage"},"thumbnailUrl":"https:\/\/apuntesdesanluis.com\/wp-content\/uploads\/2024\/11\/milei-macri.png","datePublished":"2024-11-30T01:41:11+00:00","dateModified":"2024-11-30T01:42:36+00:00","breadcrumb":{"@id":"https:\/\/apuntesdesanluis.com\/index.php\/2024\/11\/29\/dura-respuesta-del-gobierno-al-pro-por-la-polemica-de-ficha-limpia-es-repugnante-el-oportunismo\/#breadcrumb"},"inLanguage":"es-AR","potentialAction":[{"@type":"ReadAction","target":["https:\/\/apuntesdesanluis.com\/index.php\/2024\/11\/29\/dura-respuesta-del-gobierno-al-pro-por-la-polemica-de-ficha-limpia-es-repugnante-el-oportunismo\/"]}]},{"@type":"ImageObject","inLanguage":"es-AR","@id":"https:\/\/apuntesdesanluis.com\/index.php\/2024\/11\/29\/dura-respuesta-del-gobierno-al-pro-por-la-polemica-de-ficha-limpia-es-repugnante-el-oportunismo\/#primaryimage","url":"https:\/\/apuntesdesanluis.com\/wp-content\/uploads\/2024\/11\/milei-macri.png","contentUrl":"https:\/\/apuntesdesanluis.com\/wp-content\/uploads\/2024\/11\/milei-macri.png","width":809,"height":470},{"@type":"BreadcrumbList","@id":"https:\/\/apuntesdesanluis.com\/index.php\/2024\/11\/29\/dura-respuesta-del-gobierno-al-pro-por-la-polemica-de-ficha-limpia-es-repugnante-el-oportunismo\/#breadcrumb","itemListElement":[{"@type":"ListItem","position":1,"name":"Inicio","item":"https:\/\/apuntesdesanluis.com\/"},{"@type":"ListItem","position":2,"name":"DURA RESPUESTA DEL GOBIERNO AL PRO POR LA POL\u00c9MICA DE FICHA LIMPIA: \u201cES REPUGNANTE EL OPORTUNISMO\u201d"}]},{"@type":"WebSite","@id":"https:\/\/apuntesdesanluis.com\/#website","url":"https:\/\/apuntesdesanluis.com\/","name":"Apuntes de San Luis","description":"","publisher":{"@id":"https:\/\/apuntesdesanluis.com\/#\/schema\/person\/b55151d52296fcce64d1a72538a70b90"},"potentialAction":[{"@type":"SearchAction","target":{"@type":"EntryPoint","urlTemplate":"https:\/\/apuntesdesanluis.com\/?s={search_term_string}"},"query-input":{"@type":"PropertyValueSpecification","valueRequired":true,"valueName":"search_term_string"}}],"inLanguage":"es-AR"},{"@type":["Person","Organization"],"@id":"https:\/\/apuntesdesanluis.com\/#\/schema\/person\/b55151d52296fcce64d1a72538a70b90","name":"apuntesdesanluis.com","image":{"@type":"ImageObject","inLanguage":"es-AR","@id":"https:\/\/apuntesdesanluis.com\/#\/schema\/person\/image\/","url":"https:\/\/apuntesdesanluis.com\/wp-content\/uploads\/2023\/07\/cropped-apuntesdesanluis.png","contentUrl":"https:\/\/apuntesdesanluis.com\/wp-content\/uploads\/2023\/07\/cropped-apuntesdesanluis.png","width":450,"height":112,"caption":"apuntesdesanluis.com"},"logo":{"@id":"https:\/\/apuntesdesanluis.com\/#\/schema\/person\/image\/"},"sameAs":["https:\/\/apuntesdesanluis.com"],"url":"https:\/\/apuntesdesanluis.com\/index.php\/author\/apuntesdesanluis-com\/"}]}},"featured_image_urls":{"full":["https:\/\/apuntesdesanluis.com\/wp-content\/uploads\/2024\/11\/milei-macri.png",809,470,false],"thumbnail":["https:\/\/apuntesdesanluis.com\/wp-content\/uploads\/2024\/11\/milei-macri-150x150.png",150,150,true],"medium":["https:\/\/apuntesdesanluis.com\/wp-content\/uploads\/2024\/11\/milei-macri-300x174.png",300,174,true],"medium_large":["https:\/\/apuntesdesanluis.com\/wp-content\/uploads\/2024\/11\/milei-macri-768x446.png",640,372,true],"large":["https:\/\/apuntesdesanluis.com\/wp-content\/uploads\/2024\/11\/milei-macri.png",640,372,false],"1536x1536":["https:\/\/apuntesdesanluis.com\/wp-content\/uploads\/2024\/11\/milei-macri.png",809,470,false],"2048x2048":["https:\/\/apuntesdesanluis.com\/wp-content\/uploads\/2024\/11\/milei-macri.png",809,470,false],"newsever-slider-full":["https:\/\/apuntesdesanluis.com\/wp-content\/uploads\/2024\/11\/milei-macri.png",809,470,false],"newsever-featured":["https:\/\/apuntesdesanluis.com\/wp-content\/uploads\/2024\/11\/milei-macri.png",809,470,false],"newsever-medium":["https:\/\/apuntesdesanluis.com\/wp-content\/uploads\/2024\/11\/milei-macri-720x470.png",720,470,true]},"author_info":{"display_name":"apuntesdesanluis.com","author_link":"https:\/\/apuntesdesanluis.com\/index.php\/author\/apuntesdesanluis-com\/"},"category_info":"<a href=\"https:\/\/apuntesdesanluis.com\/index.php\/category\/nacionales-internacionales\/\" rel=\"category tag\">Nacionales\/Internacionales<\/a>","tag_info":"Nacionales\/Internacionales","comment_count":"0","_links":{"self":[{"href":"https:\/\/apuntesdesanluis.com\/index.php\/wp-json\/wp\/v2\/posts\/26014","targetHints":{"allow":["GET"]}}],"collection":[{"href":"https:\/\/apuntesdesanluis.com\/index.php\/wp-json\/wp\/v2\/posts"}],"about":[{"href":"https:\/\/apuntesdesanluis.com\/index.php\/wp-json\/wp\/v2\/types\/post"}],"author":[{"embeddable":true,"href":"https:\/\/apuntesdesanluis.com\/index.php\/wp-json\/wp\/v2\/users\/1"}],"replies":[{"embeddable":true,"href":"https:\/\/apuntesdesanluis.com\/index.php\/wp-json\/wp\/v2\/comments?post=26014"}],"version-history":[{"count":3,"href":"https:\/\/apuntesdesanluis.com\/index.php\/wp-json\/wp\/v2\/posts\/26014\/revisions"}],"predecessor-version":[{"id":26022,"href":"https:\/\/apuntesdesanluis.com\/index.php\/wp-json\/wp\/v2\/posts\/26014\/revisions\/26022"}],"wp:featuredmedia":[{"embeddable":true,"href":"https:\/\/apuntesdesanluis.com\/index.php\/wp-json\/wp\/v2\/media\/26015"}],"wp:attachment":[{"href":"https:\/\/apuntesdesanluis.com\/index.php\/wp-json\/wp\/v2\/media?parent=26014"}],"wp:term":[{"taxonomy":"category","embeddable":true,"href":"https:\/\/apuntesdesanluis.com\/index.php\/wp-json\/wp\/v2\/categories?post=26014"},{"taxonomy":"post_tag","embeddable":true,"href":"https:\/\/apuntesdesanluis.com\/index.php\/wp-json\/wp\/v2\/tags?post=26014"}],"curies":[{"name":"wp","href":"https:\/\/api.w.org\/{rel}","templated":true}]}}