{"id":2602,"date":"2023-09-04T09:24:06","date_gmt":"2023-09-04T12:24:06","guid":{"rendered":"https:\/\/apuntesdesanluis.com\/?p=2602"},"modified":"2023-09-04T10:00:07","modified_gmt":"2023-09-04T13:00:07","slug":"edificante-jornada-de-integracion-entre-la-indu-y-la-escuela-maria-montessori","status":"publish","type":"post","link":"https:\/\/apuntesdesanluis.com\/index.php\/2023\/09\/04\/edificante-jornada-de-integracion-entre-la-indu-y-la-escuela-maria-montessori\/","title":{"rendered":"EDIFICANTE JORNADA DE INTEGRACI\u00d3N ENTRE \u201cLA INDU\u201d Y LA ESCUELA MAR\u00cdA MONTESSORI"},"content":{"rendered":"<h3>La semana pasada profesores y alumnos de los dos establecimientos compartieron una jornada de actividades did\u00e1cticas y l\u00fadicas, en las instalaciones de la <strong>Escuela T\u00e9cnica N\u00b0 15 \u201cIng. Agust\u00edn Mercau\u201d<\/strong>.<\/h3>\n<h3>A partir de un proyecto presentado por los propios estudiantes del \u201cIndustrial\u201d, docentes y alumnos de la <strong>Escuela N\u00b0 36 &#8220;Dra. Mar\u00eda Montessori&#8221;<\/strong> concurrieron el pasado mi\u00e9rcoles 30 de agosto, en el marco de lo que se denomin\u00f3 2do. Encuentro y 1er taller <strong>&#8220;J\u00f3venes Conectados&#8221;<\/strong>.<\/h3>\n<p><img fetchpriority=\"high\" decoding=\"async\" class=\"wp-image-2603 aligncenter\" src=\"https:\/\/apuntesdesanluis.com\/wp-content\/uploads\/2023\/09\/dos-indu-260x300.png\" alt=\"\" width=\"492\" height=\"568\" srcset=\"https:\/\/apuntesdesanluis.com\/wp-content\/uploads\/2023\/09\/dos-indu-260x300.png 260w, https:\/\/apuntesdesanluis.com\/wp-content\/uploads\/2023\/09\/dos-indu.png 368w\" sizes=\"(max-width: 492px) 100vw, 492px\" \/><\/p>\n<h3>En dicha actividad, un grupo de estudiantes de 4to, 5to y 6to. a\u00f1o realizaron juegos con circuitos el\u00e9ctricos, din\u00e1micas l\u00fadicas y sesiones de maquillaje profesional, para interactuar y compartir un c\u00e1lido momento con los estudiantes de la Escuela N\u00b0 36, culminando con un desayuno saludable junto a los docentes de ambas instituciones a cargo de este interesante proyecto de integraci\u00f3n.<\/h3>\n<p><img decoding=\"async\" class=\"wp-image-2604 aligncenter\" src=\"https:\/\/apuntesdesanluis.com\/wp-content\/uploads\/2023\/09\/dos-indu-desayuno-240x300.png\" alt=\"\" width=\"491\" height=\"614\" srcset=\"https:\/\/apuntesdesanluis.com\/wp-content\/uploads\/2023\/09\/dos-indu-desayuno-240x300.png 240w, https:\/\/apuntesdesanluis.com\/wp-content\/uploads\/2023\/09\/dos-indu-desayuno.png 337w\" sizes=\"(max-width: 491px) 100vw, 491px\" \/><\/p>\n<h3>El profesor <strong>Adri\u00e1n Alanis<\/strong>, uno de los docentes coordinadores del encuentro, destac\u00f3 \u201cla iniciativa de los alumnos y la predisposici\u00f3n de todos los profesores que se sumaron y participaron en la organizaci\u00f3n de actividades did\u00e1cticas a trav\u00e9s del juego, porque esa tambi\u00e9n es una manera de aprender y propiciar la integraci\u00f3n con los alumnos de esta querida escuela especial Mar\u00eda Montessori\u201d.<\/h3>\n<p>&nbsp;<\/p>\n<p>&nbsp;<\/p>\n<p>&nbsp;<\/p>\n","protected":false},"excerpt":{"rendered":"<p>La semana pasada profesores y alumnos de los dos establecimientos compartieron una jornada de actividades&#8230;<\/p>\n","protected":false},"author":1,"featured_media":2605,"comment_status":"closed","ping_status":"closed","sticky":false,"template":"","format":"standard","meta":{"footnotes":""},"categories":[6],"tags":[],"class_list":["post-2602","post","type-post","status-publish","format-standard","has-post-thumbnail","hentry","category-ciudad-provincia"],"yoast_head":"<!-- This site is optimized with the Yoast SEO plugin v26.1.1 - https:\/\/yoast.com\/wordpress\/plugins\/seo\/ -->\n<title>EDIFICANTE JORNADA DE INTEGRACI\u00d3N ENTRE \u201cLA INDU\u201d Y LA ESCUELA MAR\u00cdA MONTESSORI - Apuntes de San Luis<\/title>\n<meta name=\"robots\" content=\"index, follow, max-snippet:-1, max-image-preview:large, max-video-preview:-1\" \/>\n<link rel=\"canonical\" href=\"https:\/\/apuntesdesanluis.com\/index.php\/2023\/09\/04\/edificante-jornada-de-integracion-entre-la-indu-y-la-escuela-maria-montessori\/\" \/>\n<meta property=\"og:locale\" content=\"es_ES\" \/>\n<meta property=\"og:type\" content=\"article\" \/>\n<meta property=\"og:title\" content=\"EDIFICANTE JORNADA DE INTEGRACI\u00d3N ENTRE \u201cLA INDU\u201d Y LA ESCUELA MAR\u00cdA MONTESSORI - Apuntes de San Luis\" \/>\n<meta property=\"og:description\" content=\"La semana pasada profesores y alumnos de los dos establecimientos compartieron una jornada de actividades...\" \/>\n<meta property=\"og:url\" content=\"https:\/\/apuntesdesanluis.com\/index.php\/2023\/09\/04\/edificante-jornada-de-integracion-entre-la-indu-y-la-escuela-maria-montessori\/\" \/>\n<meta property=\"og:site_name\" content=\"Apuntes de San Luis\" \/>\n<meta property=\"article:published_time\" content=\"2023-09-04T12:24:06+00:00\" \/>\n<meta property=\"article:modified_time\" content=\"2023-09-04T13:00:07+00:00\" \/>\n<meta property=\"og:image\" content=\"https:\/\/apuntesdesanluis.com\/wp-content\/uploads\/2023\/09\/Grupal-tapa.jpg\" \/>\n\t<meta property=\"og:image:width\" content=\"600\" \/>\n\t<meta property=\"og:image:height\" content=\"397\" \/>\n\t<meta property=\"og:image:type\" content=\"image\/jpeg\" \/>\n<meta name=\"author\" content=\"apuntesdesanluis.com\" \/>\n<meta name=\"twitter:card\" content=\"summary_large_image\" \/>\n<meta name=\"twitter:label1\" content=\"Escrito por\" \/>\n\t<meta name=\"twitter:data1\" content=\"apuntesdesanluis.com\" \/>\n\t<meta name=\"twitter:label2\" content=\"Tiempo de lectura\" \/>\n\t<meta name=\"twitter:data2\" content=\"2 minutos\" \/>\n<script type=\"application\/ld+json\" class=\"yoast-schema-graph\">{\"@context\":\"https:\/\/schema.org\",\"@graph\":[{\"@type\":\"Article\",\"@id\":\"https:\/\/apuntesdesanluis.com\/index.php\/2023\/09\/04\/edificante-jornada-de-integracion-entre-la-indu-y-la-escuela-maria-montessori\/#article\",\"isPartOf\":{\"@id\":\"https:\/\/apuntesdesanluis.com\/index.php\/2023\/09\/04\/edificante-jornada-de-integracion-entre-la-indu-y-la-escuela-maria-montessori\/\"},\"author\":{\"name\":\"apuntesdesanluis.com\",\"@id\":\"https:\/\/apuntesdesanluis.com\/#\/schema\/person\/b55151d52296fcce64d1a72538a70b90\"},\"headline\":\"EDIFICANTE JORNADA DE INTEGRACI\u00d3N ENTRE \u201cLA INDU\u201d Y LA ESCUELA MAR\u00cdA MONTESSORI\",\"datePublished\":\"2023-09-04T12:24:06+00:00\",\"dateModified\":\"2023-09-04T13:00:07+00:00\",\"mainEntityOfPage\":{\"@id\":\"https:\/\/apuntesdesanluis.com\/index.php\/2023\/09\/04\/edificante-jornada-de-integracion-entre-la-indu-y-la-escuela-maria-montessori\/\"},\"wordCount\":230,\"publisher\":{\"@id\":\"https:\/\/apuntesdesanluis.com\/#\/schema\/person\/b55151d52296fcce64d1a72538a70b90\"},\"image\":{\"@id\":\"https:\/\/apuntesdesanluis.com\/index.php\/2023\/09\/04\/edificante-jornada-de-integracion-entre-la-indu-y-la-escuela-maria-montessori\/#primaryimage\"},\"thumbnailUrl\":\"https:\/\/apuntesdesanluis.com\/wp-content\/uploads\/2023\/09\/Grupal-tapa.jpg\",\"articleSection\":[\"Ciudad\/Provincia\"],\"inLanguage\":\"es-AR\"},{\"@type\":\"WebPage\",\"@id\":\"https:\/\/apuntesdesanluis.com\/index.php\/2023\/09\/04\/edificante-jornada-de-integracion-entre-la-indu-y-la-escuela-maria-montessori\/\",\"url\":\"https:\/\/apuntesdesanluis.com\/index.php\/2023\/09\/04\/edificante-jornada-de-integracion-entre-la-indu-y-la-escuela-maria-montessori\/\",\"name\":\"EDIFICANTE JORNADA DE INTEGRACI\u00d3N ENTRE \u201cLA INDU\u201d Y LA ESCUELA MAR\u00cdA MONTESSORI - Apuntes de San Luis\",\"isPartOf\":{\"@id\":\"https:\/\/apuntesdesanluis.com\/#website\"},\"primaryImageOfPage\":{\"@id\":\"https:\/\/apuntesdesanluis.com\/index.php\/2023\/09\/04\/edificante-jornada-de-integracion-entre-la-indu-y-la-escuela-maria-montessori\/#primaryimage\"},\"image\":{\"@id\":\"https:\/\/apuntesdesanluis.com\/index.php\/2023\/09\/04\/edificante-jornada-de-integracion-entre-la-indu-y-la-escuela-maria-montessori\/#primaryimage\"},\"thumbnailUrl\":\"https:\/\/apuntesdesanluis.com\/wp-content\/uploads\/2023\/09\/Grupal-tapa.jpg\",\"datePublished\":\"2023-09-04T12:24:06+00:00\",\"dateModified\":\"2023-09-04T13:00:07+00:00\",\"breadcrumb\":{\"@id\":\"https:\/\/apuntesdesanluis.com\/index.php\/2023\/09\/04\/edificante-jornada-de-integracion-entre-la-indu-y-la-escuela-maria-montessori\/#breadcrumb\"},\"inLanguage\":\"es-AR\",\"potentialAction\":[{\"@type\":\"ReadAction\",\"target\":[\"https:\/\/apuntesdesanluis.com\/index.php\/2023\/09\/04\/edificante-jornada-de-integracion-entre-la-indu-y-la-escuela-maria-montessori\/\"]}]},{\"@type\":\"ImageObject\",\"inLanguage\":\"es-AR\",\"@id\":\"https:\/\/apuntesdesanluis.com\/index.php\/2023\/09\/04\/edificante-jornada-de-integracion-entre-la-indu-y-la-escuela-maria-montessori\/#primaryimage\",\"url\":\"https:\/\/apuntesdesanluis.com\/wp-content\/uploads\/2023\/09\/Grupal-tapa.jpg\",\"contentUrl\":\"https:\/\/apuntesdesanluis.com\/wp-content\/uploads\/2023\/09\/Grupal-tapa.jpg\",\"width\":600,\"height\":397},{\"@type\":\"BreadcrumbList\",\"@id\":\"https:\/\/apuntesdesanluis.com\/index.php\/2023\/09\/04\/edificante-jornada-de-integracion-entre-la-indu-y-la-escuela-maria-montessori\/#breadcrumb\",\"itemListElement\":[{\"@type\":\"ListItem\",\"position\":1,\"name\":\"Inicio\",\"item\":\"https:\/\/apuntesdesanluis.com\/\"},{\"@type\":\"ListItem\",\"position\":2,\"name\":\"EDIFICANTE JORNADA DE INTEGRACI\u00d3N ENTRE \u201cLA INDU\u201d Y LA ESCUELA MAR\u00cdA MONTESSORI\"}]},{\"@type\":\"WebSite\",\"@id\":\"https:\/\/apuntesdesanluis.com\/#website\",\"url\":\"https:\/\/apuntesdesanluis.com\/\",\"name\":\"Apuntes de San Luis\",\"description\":\"\",\"publisher\":{\"@id\":\"https:\/\/apuntesdesanluis.com\/#\/schema\/person\/b55151d52296fcce64d1a72538a70b90\"},\"potentialAction\":[{\"@type\":\"SearchAction\",\"target\":{\"@type\":\"EntryPoint\",\"urlTemplate\":\"https:\/\/apuntesdesanluis.com\/?s={search_term_string}\"},\"query-input\":{\"@type\":\"PropertyValueSpecification\",\"valueRequired\":true,\"valueName\":\"search_term_string\"}}],\"inLanguage\":\"es-AR\"},{\"@type\":[\"Person\",\"Organization\"],\"@id\":\"https:\/\/apuntesdesanluis.com\/#\/schema\/person\/b55151d52296fcce64d1a72538a70b90\",\"name\":\"apuntesdesanluis.com\",\"image\":{\"@type\":\"ImageObject\",\"inLanguage\":\"es-AR\",\"@id\":\"https:\/\/apuntesdesanluis.com\/#\/schema\/person\/image\/\",\"url\":\"https:\/\/apuntesdesanluis.com\/wp-content\/uploads\/2023\/07\/cropped-apuntesdesanluis.png\",\"contentUrl\":\"https:\/\/apuntesdesanluis.com\/wp-content\/uploads\/2023\/07\/cropped-apuntesdesanluis.png\",\"width\":450,\"height\":112,\"caption\":\"apuntesdesanluis.com\"},\"logo\":{\"@id\":\"https:\/\/apuntesdesanluis.com\/#\/schema\/person\/image\/\"},\"sameAs\":[\"https:\/\/apuntesdesanluis.com\"],\"url\":\"https:\/\/apuntesdesanluis.com\/index.php\/author\/apuntesdesanluis-com\/\"}]}<\/script>\n<!-- \/ Yoast SEO plugin. -->","yoast_head_json":{"title":"EDIFICANTE JORNADA DE INTEGRACI\u00d3N ENTRE \u201cLA INDU\u201d Y LA ESCUELA MAR\u00cdA MONTESSORI - Apuntes de San Luis","robots":{"index":"index","follow":"follow","max-snippet":"max-snippet:-1","max-image-preview":"max-image-preview:large","max-video-preview":"max-video-preview:-1"},"canonical":"https:\/\/apuntesdesanluis.com\/index.php\/2023\/09\/04\/edificante-jornada-de-integracion-entre-la-indu-y-la-escuela-maria-montessori\/","og_locale":"es_ES","og_type":"article","og_title":"EDIFICANTE JORNADA DE INTEGRACI\u00d3N ENTRE \u201cLA INDU\u201d Y LA ESCUELA MAR\u00cdA MONTESSORI - Apuntes de San Luis","og_description":"La semana pasada profesores y alumnos de los dos establecimientos compartieron una jornada de actividades...","og_url":"https:\/\/apuntesdesanluis.com\/index.php\/2023\/09\/04\/edificante-jornada-de-integracion-entre-la-indu-y-la-escuela-maria-montessori\/","og_site_name":"Apuntes de San Luis","article_published_time":"2023-09-04T12:24:06+00:00","article_modified_time":"2023-09-04T13:00:07+00:00","og_image":[{"width":600,"height":397,"url":"https:\/\/apuntesdesanluis.com\/wp-content\/uploads\/2023\/09\/Grupal-tapa.jpg","type":"image\/jpeg"}],"author":"apuntesdesanluis.com","twitter_card":"summary_large_image","twitter_misc":{"Escrito por":"apuntesdesanluis.com","Tiempo de lectura":"2 minutos"},"schema":{"@context":"https:\/\/schema.org","@graph":[{"@type":"Article","@id":"https:\/\/apuntesdesanluis.com\/index.php\/2023\/09\/04\/edificante-jornada-de-integracion-entre-la-indu-y-la-escuela-maria-montessori\/#article","isPartOf":{"@id":"https:\/\/apuntesdesanluis.com\/index.php\/2023\/09\/04\/edificante-jornada-de-integracion-entre-la-indu-y-la-escuela-maria-montessori\/"},"author":{"name":"apuntesdesanluis.com","@id":"https:\/\/apuntesdesanluis.com\/#\/schema\/person\/b55151d52296fcce64d1a72538a70b90"},"headline":"EDIFICANTE JORNADA DE INTEGRACI\u00d3N ENTRE \u201cLA INDU\u201d Y LA ESCUELA MAR\u00cdA MONTESSORI","datePublished":"2023-09-04T12:24:06+00:00","dateModified":"2023-09-04T13:00:07+00:00","mainEntityOfPage":{"@id":"https:\/\/apuntesdesanluis.com\/index.php\/2023\/09\/04\/edificante-jornada-de-integracion-entre-la-indu-y-la-escuela-maria-montessori\/"},"wordCount":230,"publisher":{"@id":"https:\/\/apuntesdesanluis.com\/#\/schema\/person\/b55151d52296fcce64d1a72538a70b90"},"image":{"@id":"https:\/\/apuntesdesanluis.com\/index.php\/2023\/09\/04\/edificante-jornada-de-integracion-entre-la-indu-y-la-escuela-maria-montessori\/#primaryimage"},"thumbnailUrl":"https:\/\/apuntesdesanluis.com\/wp-content\/uploads\/2023\/09\/Grupal-tapa.jpg","articleSection":["Ciudad\/Provincia"],"inLanguage":"es-AR"},{"@type":"WebPage","@id":"https:\/\/apuntesdesanluis.com\/index.php\/2023\/09\/04\/edificante-jornada-de-integracion-entre-la-indu-y-la-escuela-maria-montessori\/","url":"https:\/\/apuntesdesanluis.com\/index.php\/2023\/09\/04\/edificante-jornada-de-integracion-entre-la-indu-y-la-escuela-maria-montessori\/","name":"EDIFICANTE JORNADA DE INTEGRACI\u00d3N ENTRE \u201cLA INDU\u201d Y LA ESCUELA MAR\u00cdA MONTESSORI - Apuntes de San Luis","isPartOf":{"@id":"https:\/\/apuntesdesanluis.com\/#website"},"primaryImageOfPage":{"@id":"https:\/\/apuntesdesanluis.com\/index.php\/2023\/09\/04\/edificante-jornada-de-integracion-entre-la-indu-y-la-escuela-maria-montessori\/#primaryimage"},"image":{"@id":"https:\/\/apuntesdesanluis.com\/index.php\/2023\/09\/04\/edificante-jornada-de-integracion-entre-la-indu-y-la-escuela-maria-montessori\/#primaryimage"},"thumbnailUrl":"https:\/\/apuntesdesanluis.com\/wp-content\/uploads\/2023\/09\/Grupal-tapa.jpg","datePublished":"2023-09-04T12:24:06+00:00","dateModified":"2023-09-04T13:00:07+00:00","breadcrumb":{"@id":"https:\/\/apuntesdesanluis.com\/index.php\/2023\/09\/04\/edificante-jornada-de-integracion-entre-la-indu-y-la-escuela-maria-montessori\/#breadcrumb"},"inLanguage":"es-AR","potentialAction":[{"@type":"ReadAction","target":["https:\/\/apuntesdesanluis.com\/index.php\/2023\/09\/04\/edificante-jornada-de-integracion-entre-la-indu-y-la-escuela-maria-montessori\/"]}]},{"@type":"ImageObject","inLanguage":"es-AR","@id":"https:\/\/apuntesdesanluis.com\/index.php\/2023\/09\/04\/edificante-jornada-de-integracion-entre-la-indu-y-la-escuela-maria-montessori\/#primaryimage","url":"https:\/\/apuntesdesanluis.com\/wp-content\/uploads\/2023\/09\/Grupal-tapa.jpg","contentUrl":"https:\/\/apuntesdesanluis.com\/wp-content\/uploads\/2023\/09\/Grupal-tapa.jpg","width":600,"height":397},{"@type":"BreadcrumbList","@id":"https:\/\/apuntesdesanluis.com\/index.php\/2023\/09\/04\/edificante-jornada-de-integracion-entre-la-indu-y-la-escuela-maria-montessori\/#breadcrumb","itemListElement":[{"@type":"ListItem","position":1,"name":"Inicio","item":"https:\/\/apuntesdesanluis.com\/"},{"@type":"ListItem","position":2,"name":"EDIFICANTE JORNADA DE INTEGRACI\u00d3N ENTRE \u201cLA INDU\u201d Y LA ESCUELA MAR\u00cdA MONTESSORI"}]},{"@type":"WebSite","@id":"https:\/\/apuntesdesanluis.com\/#website","url":"https:\/\/apuntesdesanluis.com\/","name":"Apuntes de San Luis","description":"","publisher":{"@id":"https:\/\/apuntesdesanluis.com\/#\/schema\/person\/b55151d52296fcce64d1a72538a70b90"},"potentialAction":[{"@type":"SearchAction","target":{"@type":"EntryPoint","urlTemplate":"https:\/\/apuntesdesanluis.com\/?s={search_term_string}"},"query-input":{"@type":"PropertyValueSpecification","valueRequired":true,"valueName":"search_term_string"}}],"inLanguage":"es-AR"},{"@type":["Person","Organization"],"@id":"https:\/\/apuntesdesanluis.com\/#\/schema\/person\/b55151d52296fcce64d1a72538a70b90","name":"apuntesdesanluis.com","image":{"@type":"ImageObject","inLanguage":"es-AR","@id":"https:\/\/apuntesdesanluis.com\/#\/schema\/person\/image\/","url":"https:\/\/apuntesdesanluis.com\/wp-content\/uploads\/2023\/07\/cropped-apuntesdesanluis.png","contentUrl":"https:\/\/apuntesdesanluis.com\/wp-content\/uploads\/2023\/07\/cropped-apuntesdesanluis.png","width":450,"height":112,"caption":"apuntesdesanluis.com"},"logo":{"@id":"https:\/\/apuntesdesanluis.com\/#\/schema\/person\/image\/"},"sameAs":["https:\/\/apuntesdesanluis.com"],"url":"https:\/\/apuntesdesanluis.com\/index.php\/author\/apuntesdesanluis-com\/"}]}},"featured_image_urls":{"full":["https:\/\/apuntesdesanluis.com\/wp-content\/uploads\/2023\/09\/Grupal-tapa.jpg",600,397,false],"thumbnail":["https:\/\/apuntesdesanluis.com\/wp-content\/uploads\/2023\/09\/Grupal-tapa-150x150.jpg",150,150,true],"medium":["https:\/\/apuntesdesanluis.com\/wp-content\/uploads\/2023\/09\/Grupal-tapa-300x199.jpg",300,199,true],"medium_large":["https:\/\/apuntesdesanluis.com\/wp-content\/uploads\/2023\/09\/Grupal-tapa.jpg",600,397,false],"large":["https:\/\/apuntesdesanluis.com\/wp-content\/uploads\/2023\/09\/Grupal-tapa.jpg",600,397,false],"1536x1536":["https:\/\/apuntesdesanluis.com\/wp-content\/uploads\/2023\/09\/Grupal-tapa.jpg",600,397,false],"2048x2048":["https:\/\/apuntesdesanluis.com\/wp-content\/uploads\/2023\/09\/Grupal-tapa.jpg",600,397,false],"newsever-slider-full":["https:\/\/apuntesdesanluis.com\/wp-content\/uploads\/2023\/09\/Grupal-tapa.jpg",600,397,false],"newsever-featured":["https:\/\/apuntesdesanluis.com\/wp-content\/uploads\/2023\/09\/Grupal-tapa.jpg",600,397,false],"newsever-medium":["https:\/\/apuntesdesanluis.com\/wp-content\/uploads\/2023\/09\/Grupal-tapa.jpg",600,397,false]},"author_info":{"display_name":"apuntesdesanluis.com","author_link":"https:\/\/apuntesdesanluis.com\/index.php\/author\/apuntesdesanluis-com\/"},"category_info":"<a href=\"https:\/\/apuntesdesanluis.com\/index.php\/category\/ciudad-provincia\/\" rel=\"category tag\">Ciudad\/Provincia<\/a>","tag_info":"Ciudad\/Provincia","comment_count":"0","_links":{"self":[{"href":"https:\/\/apuntesdesanluis.com\/index.php\/wp-json\/wp\/v2\/posts\/2602","targetHints":{"allow":["GET"]}}],"collection":[{"href":"https:\/\/apuntesdesanluis.com\/index.php\/wp-json\/wp\/v2\/posts"}],"about":[{"href":"https:\/\/apuntesdesanluis.com\/index.php\/wp-json\/wp\/v2\/types\/post"}],"author":[{"embeddable":true,"href":"https:\/\/apuntesdesanluis.com\/index.php\/wp-json\/wp\/v2\/users\/1"}],"replies":[{"embeddable":true,"href":"https:\/\/apuntesdesanluis.com\/index.php\/wp-json\/wp\/v2\/comments?post=2602"}],"version-history":[{"count":6,"href":"https:\/\/apuntesdesanluis.com\/index.php\/wp-json\/wp\/v2\/posts\/2602\/revisions"}],"predecessor-version":[{"id":2616,"href":"https:\/\/apuntesdesanluis.com\/index.php\/wp-json\/wp\/v2\/posts\/2602\/revisions\/2616"}],"wp:featuredmedia":[{"embeddable":true,"href":"https:\/\/apuntesdesanluis.com\/index.php\/wp-json\/wp\/v2\/media\/2605"}],"wp:attachment":[{"href":"https:\/\/apuntesdesanluis.com\/index.php\/wp-json\/wp\/v2\/media?parent=2602"}],"wp:term":[{"taxonomy":"category","embeddable":true,"href":"https:\/\/apuntesdesanluis.com\/index.php\/wp-json\/wp\/v2\/categories?post=2602"},{"taxonomy":"post_tag","embeddable":true,"href":"https:\/\/apuntesdesanluis.com\/index.php\/wp-json\/wp\/v2\/tags?post=2602"}],"curies":[{"name":"wp","href":"https:\/\/api.w.org\/{rel}","templated":true}]}}