{"id":26023,"date":"2024-12-01T18:43:14","date_gmt":"2024-12-01T21:43:14","guid":{"rendered":"https:\/\/apuntesdesanluis.com\/?p=26023"},"modified":"2024-12-01T19:38:57","modified_gmt":"2024-12-01T22:38:57","slug":"villa-mercedes-celebro-un-luminoso-168-aniversario-con-profunda-emocion","status":"publish","type":"post","link":"https:\/\/apuntesdesanluis.com\/index.php\/2024\/12\/01\/villa-mercedes-celebro-un-luminoso-168-aniversario-con-profunda-emocion\/","title":{"rendered":"VILLA MERCEDES CELEBR\u00d3 UN LUMINOSO 168\u00b0 ANIVERSARIO CON PROFUNDA EMOCI\u00d3N"},"content":{"rendered":"<h3>El s\u00e1bado por la noche, en la previa de su cumplea\u00f1os, la ciudad celebr\u00f3 un evento cargado de simbolismo y emociones. El momento m\u00e1s destacado de la noche fue el encendido del renovado sistema lum\u00ednico del <strong>puente Monse\u00f1or Francisco Eduardo Miranda<\/strong>, a cargo del gobernador <strong>Claudio Poggi<\/strong> y el intendente <strong>Maximiliano Frontera<\/strong>, cuando el reloj marc\u00f3 la hora 00:00.<\/h3>\n<h3>El puente, obra del arquitecto <strong>Esteban Bondone<\/strong> e inaugurado en 2013, no solo es una joya de la ingenier\u00eda moderna, sino tambi\u00e9n un s\u00edmbolo de uni\u00f3n y progreso. Su estructura atirantada, que combina dise\u00f1o y funcionalidad, conecta ambas m\u00e1rgenes del r\u00edo Quinto, reflejando el esp\u00edritu de una ciudad que sigue creciendo y reinvent\u00e1ndose.<\/h3>\n<h3><img fetchpriority=\"high\" decoding=\"async\" class=\"wp-image-26025 aligncenter\" src=\"https:\/\/apuntesdesanluis.com\/wp-content\/uploads\/2024\/12\/puente-solo-300x182.png\" alt=\"\" width=\"565\" height=\"343\" srcset=\"https:\/\/apuntesdesanluis.com\/wp-content\/uploads\/2024\/12\/puente-solo-300x182.png 300w, https:\/\/apuntesdesanluis.com\/wp-content\/uploads\/2024\/12\/puente-solo.png 665w\" sizes=\"(max-width: 565px) 100vw, 565px\" \/><\/h3>\n<h3>Este \u00edcono lleva el nombre de Monse\u00f1or Francisco Eduardo Miranda, quien fuera vicario episcopal de Villa Mercedes, fundador de la parroquia Sagrado Coraz\u00f3n y una figura clave en la vida espiritual de la comunidad. Su trayectoria apost\u00f3lica dej\u00f3 una profunda huella en la ciudad hasta su fallecimiento el 25 de febrero de 2013.<\/h3>\n<h3>El renovado sistema lum\u00ednico, con el pil\u00f3n de 60 metros que se alza como un faro moderno, fue presentado como un obsequio para Villa Mercedes en este aniversario, embelleciendo a\u00fan m\u00e1s el paisaje urbano y reafirmando el puente como un punto de referencia y orgullo local.<\/h3>\n<h3><img decoding=\"async\" class=\"wp-image-26026 aligncenter\" src=\"https:\/\/apuntesdesanluis.com\/wp-content\/uploads\/2024\/12\/autoridfades-puente-300x202.png\" alt=\"\" width=\"570\" height=\"384\" srcset=\"https:\/\/apuntesdesanluis.com\/wp-content\/uploads\/2024\/12\/autoridfades-puente-300x202.png 300w, https:\/\/apuntesdesanluis.com\/wp-content\/uploads\/2024\/12\/autoridfades-puente.png 629w\" sizes=\"(max-width: 570px) 100vw, 570px\" \/><\/h3>\n<h3>Un detalle de este trabajo, que acompa\u00f1\u00f3 la puesta en valor de la obra, es que las luminarias podr\u00e1n cambiar de colores, para acompa\u00f1ar distintas efem\u00e9rides, tal como sucede con el edificio de la municipalidad de Villa Mercedes, como tambi\u00e9n con el Hito del Bicentenario, en Terrazas del Portezuelo.<\/h3>\n<h3>Con respecto a la faz art\u00edstica de la vigilia, \u00e9sta comenz\u00f3 a las 22:00, aunque la posibilidad de lluvia oblig\u00f3 a trasladar el evento al Palacio Municipal de los Deportes \u201cJos\u00e9 Mar\u00eda Gatica\u201d. All\u00ed, los vecinos pudieron disfrutar de este momento hist\u00f3rico, que marc\u00f3 una vez m\u00e1s la capacidad de la ciudad para adaptarse y celebrar su esencia con entusiasmo y uni\u00f3n.<\/h3>\n<p><img decoding=\"async\" class=\"wp-image-26034 aligncenter\" src=\"https:\/\/apuntesdesanluis.com\/wp-content\/uploads\/2024\/12\/poggi-torta-300x192.png\" alt=\"\" width=\"598\" height=\"383\" srcset=\"https:\/\/apuntesdesanluis.com\/wp-content\/uploads\/2024\/12\/poggi-torta-300x192.png 300w, https:\/\/apuntesdesanluis.com\/wp-content\/uploads\/2024\/12\/poggi-torta.png 669w\" sizes=\"(max-width: 598px) 100vw, 598px\" \/><\/p>\n<h3><strong>TEDEUM<\/strong><\/h3>\n<h3>Esta ma\u00f1ana, el intendente Maximiliano Frontera particip\u00f3 de los festejos por el aniversario N\u00b0 168 de la ciudad. Tambi\u00e9n estuvieron presentes el Gobernador de la provincia, Claudio Poggi, autoridades locales y provinciales, los rectores de la UNViMe <strong>Marcelo Sosa<\/strong> y de la UPrO, <strong>Rudy C\u00e1mera<\/strong>, instituciones, escuelas y vecinos y vecinas que se sumaron con alegr\u00eda a esta celebraci\u00f3n.<\/h3>\n<p><img loading=\"lazy\" decoding=\"async\" class=\"wp-image-26027 aligncenter\" src=\"https:\/\/apuntesdesanluis.com\/wp-content\/uploads\/2024\/12\/tedeum-300x201.png\" alt=\"\" width=\"591\" height=\"396\" srcset=\"https:\/\/apuntesdesanluis.com\/wp-content\/uploads\/2024\/12\/tedeum-300x201.png 300w, https:\/\/apuntesdesanluis.com\/wp-content\/uploads\/2024\/12\/tedeum-768x514.png 768w, https:\/\/apuntesdesanluis.com\/wp-content\/uploads\/2024\/12\/tedeum.png 770w\" sizes=\"(max-width: 591px) 100vw, 591px\" \/><\/p>\n<h3>La jornada comenz\u00f3 con el Tedeum en la Iglesia Nuestra Se\u00f1ora de la Merced, un momento especial para dar gracias, oficiado por el Obispo de San Luis, <strong>Monse\u00f1or Gabriel Barba<\/strong>, acompa\u00f1ado por el Padre de la Iglesia <strong>David Picca<\/strong> y dem\u00e1s di\u00e1conos de la ciudad.<\/h3>\n<p><img loading=\"lazy\" decoding=\"async\" class=\"wp-image-26028 aligncenter\" src=\"https:\/\/apuntesdesanluis.com\/wp-content\/uploads\/2024\/12\/barba-300x209.png\" alt=\"\" width=\"590\" height=\"411\" srcset=\"https:\/\/apuntesdesanluis.com\/wp-content\/uploads\/2024\/12\/barba-300x209.png 300w, https:\/\/apuntesdesanluis.com\/wp-content\/uploads\/2024\/12\/barba-768x534.png 768w, https:\/\/apuntesdesanluis.com\/wp-content\/uploads\/2024\/12\/barba.png 822w\" sizes=\"(max-width: 590px) 100vw, 590px\" \/><\/p>\n<h3>Luego, en la Plaza Lafinur, se rindi\u00f3 homenaje a los pr\u00f3ceres locales con la colocaci\u00f3n \u00a0de ofrendas florales.<\/h3>\n<p><img loading=\"lazy\" decoding=\"async\" class=\"wp-image-26029 aligncenter\" src=\"https:\/\/apuntesdesanluis.com\/wp-content\/uploads\/2024\/12\/ofrenda-300x182.png\" alt=\"\" width=\"588\" height=\"357\" srcset=\"https:\/\/apuntesdesanluis.com\/wp-content\/uploads\/2024\/12\/ofrenda-300x182.png 300w, https:\/\/apuntesdesanluis.com\/wp-content\/uploads\/2024\/12\/ofrenda-768x467.png 768w, https:\/\/apuntesdesanluis.com\/wp-content\/uploads\/2024\/12\/ofrenda.png 878w\" sizes=\"(max-width: 588px) 100vw, 588px\" \/><\/p>\n<p><img loading=\"lazy\" decoding=\"async\" class=\"wp-image-26047 aligncenter\" src=\"https:\/\/apuntesdesanluis.com\/wp-content\/uploads\/2024\/12\/ofrenda-300x244.jpg\" alt=\"\" width=\"586\" height=\"477\" srcset=\"https:\/\/apuntesdesanluis.com\/wp-content\/uploads\/2024\/12\/ofrenda-300x244.jpg 300w, https:\/\/apuntesdesanluis.com\/wp-content\/uploads\/2024\/12\/ofrenda-768x625.jpg 768w, https:\/\/apuntesdesanluis.com\/wp-content\/uploads\/2024\/12\/ofrenda.jpg 977w\" sizes=\"(max-width: 586px) 100vw, 586px\" \/><\/p>\n<h3><img loading=\"lazy\" decoding=\"async\" class=\"wp-image-26032 aligncenter\" src=\"https:\/\/apuntesdesanluis.com\/wp-content\/uploads\/2024\/12\/acto-lafinur-300x159.png\" alt=\"\" width=\"587\" height=\"311\" srcset=\"https:\/\/apuntesdesanluis.com\/wp-content\/uploads\/2024\/12\/acto-lafinur-300x159.png 300w, https:\/\/apuntesdesanluis.com\/wp-content\/uploads\/2024\/12\/acto-lafinur-768x406.png 768w, https:\/\/apuntesdesanluis.com\/wp-content\/uploads\/2024\/12\/acto-lafinur.png 855w\" sizes=\"(max-width: 587px) 100vw, 587px\" \/><\/h3>\n<h3>El acto central tuvo lugar en el Colegio N\u00b0 11 &#8220;Benito Ju\u00e1rez&#8221;, con la participaci\u00f3n de la Banda Musical de la V Brigada A\u00e9rea. Se leyeron palabras alusivas y se entregaron declaraciones de las C\u00e1mara de Diputados y de Senadores, como tambi\u00e9n del Concejo Deliberante. En la oportunidad se disfrut\u00f3 un video institucional y se le entreg\u00f3 al gobernador un cuadro que sintetiza los principales s\u00edmbolos de la ciudad, como el ferrocarril, el tanque de Obras Sanitarias y la Calle Angosta.<\/h3>\n<p><img loading=\"lazy\" decoding=\"async\" class=\"wp-image-26045 aligncenter\" src=\"https:\/\/apuntesdesanluis.com\/wp-content\/uploads\/2024\/12\/acto-central-300x200.jpg\" alt=\"\" width=\"627\" height=\"418\" srcset=\"https:\/\/apuntesdesanluis.com\/wp-content\/uploads\/2024\/12\/acto-central-300x200.jpg 300w, https:\/\/apuntesdesanluis.com\/wp-content\/uploads\/2024\/12\/acto-central-768x512.jpg 768w, https:\/\/apuntesdesanluis.com\/wp-content\/uploads\/2024\/12\/acto-central.jpg 800w\" sizes=\"(max-width: 627px) 100vw, 627px\" \/><\/p>\n<h3><img loading=\"lazy\" decoding=\"async\" class=\"wp-image-26030 aligncenter\" src=\"https:\/\/apuntesdesanluis.com\/wp-content\/uploads\/2024\/12\/poggi-cuadro-300x209.png\" alt=\"\" width=\"602\" height=\"419\" srcset=\"https:\/\/apuntesdesanluis.com\/wp-content\/uploads\/2024\/12\/poggi-cuadro-300x209.png 300w, https:\/\/apuntesdesanluis.com\/wp-content\/uploads\/2024\/12\/poggi-cuadro.png 640w\" sizes=\"(max-width: 602px) 100vw, 602px\" \/><\/h3>\n<h3>Previo al corte de la tradicional torta aniversario, las 100 Guitarras Mercedinas y deleitaron con canciones de idiosincrasia mercedina, entre ellas la Calle Angosta, con la participaci\u00f3n de academias de danzas folcloricas.<\/h3>\n<p><img loading=\"lazy\" decoding=\"async\" class=\"wp-image-26031 aligncenter\" src=\"https:\/\/apuntesdesanluis.com\/wp-content\/uploads\/2024\/12\/cien-guitarras-300x173.png\" alt=\"\" width=\"604\" height=\"348\" srcset=\"https:\/\/apuntesdesanluis.com\/wp-content\/uploads\/2024\/12\/cien-guitarras-300x173.png 300w, https:\/\/apuntesdesanluis.com\/wp-content\/uploads\/2024\/12\/cien-guitarras-768x444.png 768w, https:\/\/apuntesdesanluis.com\/wp-content\/uploads\/2024\/12\/cien-guitarras.png 772w\" sizes=\"(max-width: 604px) 100vw, 604px\" \/><\/p>\n<p><img loading=\"lazy\" decoding=\"async\" class=\"wp-image-26033 aligncenter\" src=\"https:\/\/apuntesdesanluis.com\/wp-content\/uploads\/2024\/12\/frontera-torta-300x172.png\" alt=\"\" width=\"603\" height=\"346\" srcset=\"https:\/\/apuntesdesanluis.com\/wp-content\/uploads\/2024\/12\/frontera-torta-300x172.png 300w, https:\/\/apuntesdesanluis.com\/wp-content\/uploads\/2024\/12\/frontera-torta.png 635w\" sizes=\"(max-width: 603px) 100vw, 603px\" \/><\/p>\n<p>&nbsp;<\/p>\n<p>&nbsp;<\/p>\n<p>&nbsp;<\/p>\n","protected":false},"excerpt":{"rendered":"<p>El s\u00e1bado por la noche, en la previa de su cumplea\u00f1os, la ciudad celebr\u00f3 un&#8230;<\/p>\n","protected":false},"author":1,"featured_media":26024,"comment_status":"closed","ping_status":"closed","sticky":false,"template":"","format":"standard","meta":{"footnotes":""},"categories":[6],"tags":[],"class_list":["post-26023","post","type-post","status-publish","format-standard","has-post-thumbnail","hentry","category-ciudad-provincia"],"yoast_head":"<!-- This site is optimized with the Yoast SEO plugin v26.1.1 - https:\/\/yoast.com\/wordpress\/plugins\/seo\/ -->\n<title>VILLA MERCEDES CELEBR\u00d3 UN LUMINOSO 168\u00b0 ANIVERSARIO CON PROFUNDA EMOCI\u00d3N - Apuntes de San Luis<\/title>\n<meta name=\"robots\" content=\"index, follow, max-snippet:-1, max-image-preview:large, max-video-preview:-1\" \/>\n<link rel=\"canonical\" href=\"https:\/\/apuntesdesanluis.com\/index.php\/2024\/12\/01\/villa-mercedes-celebro-un-luminoso-168-aniversario-con-profunda-emocion\/\" \/>\n<meta property=\"og:locale\" content=\"es_ES\" \/>\n<meta property=\"og:type\" content=\"article\" \/>\n<meta property=\"og:title\" content=\"VILLA MERCEDES CELEBR\u00d3 UN LUMINOSO 168\u00b0 ANIVERSARIO CON PROFUNDA EMOCI\u00d3N - Apuntes de San Luis\" \/>\n<meta property=\"og:description\" content=\"El s\u00e1bado por la noche, en la previa de su cumplea\u00f1os, la ciudad celebr\u00f3 un...\" \/>\n<meta property=\"og:url\" content=\"https:\/\/apuntesdesanluis.com\/index.php\/2024\/12\/01\/villa-mercedes-celebro-un-luminoso-168-aniversario-con-profunda-emocion\/\" \/>\n<meta property=\"og:site_name\" content=\"Apuntes de San Luis\" \/>\n<meta property=\"article:published_time\" content=\"2024-12-01T21:43:14+00:00\" \/>\n<meta property=\"article:modified_time\" content=\"2024-12-01T22:38:57+00:00\" \/>\n<meta property=\"og:image\" content=\"https:\/\/apuntesdesanluis.com\/wp-content\/uploads\/2024\/12\/poggi-puente.png\" \/>\n\t<meta property=\"og:image:width\" content=\"675\" \/>\n\t<meta property=\"og:image:height\" content=\"405\" \/>\n\t<meta property=\"og:image:type\" content=\"image\/png\" \/>\n<meta name=\"author\" content=\"apuntesdesanluis.com\" \/>\n<meta name=\"twitter:card\" content=\"summary_large_image\" \/>\n<meta name=\"twitter:label1\" content=\"Escrito por\" \/>\n\t<meta name=\"twitter:data1\" content=\"apuntesdesanluis.com\" \/>\n\t<meta name=\"twitter:label2\" content=\"Tiempo de lectura\" \/>\n\t<meta name=\"twitter:data2\" content=\"6 minutos\" \/>\n<script type=\"application\/ld+json\" class=\"yoast-schema-graph\">{\"@context\":\"https:\/\/schema.org\",\"@graph\":[{\"@type\":\"Article\",\"@id\":\"https:\/\/apuntesdesanluis.com\/index.php\/2024\/12\/01\/villa-mercedes-celebro-un-luminoso-168-aniversario-con-profunda-emocion\/#article\",\"isPartOf\":{\"@id\":\"https:\/\/apuntesdesanluis.com\/index.php\/2024\/12\/01\/villa-mercedes-celebro-un-luminoso-168-aniversario-con-profunda-emocion\/\"},\"author\":{\"name\":\"apuntesdesanluis.com\",\"@id\":\"https:\/\/apuntesdesanluis.com\/#\/schema\/person\/b55151d52296fcce64d1a72538a70b90\"},\"headline\":\"VILLA MERCEDES CELEBR\u00d3 UN LUMINOSO 168\u00b0 ANIVERSARIO CON PROFUNDA EMOCI\u00d3N\",\"datePublished\":\"2024-12-01T21:43:14+00:00\",\"dateModified\":\"2024-12-01T22:38:57+00:00\",\"mainEntityOfPage\":{\"@id\":\"https:\/\/apuntesdesanluis.com\/index.php\/2024\/12\/01\/villa-mercedes-celebro-un-luminoso-168-aniversario-con-profunda-emocion\/\"},\"wordCount\":611,\"publisher\":{\"@id\":\"https:\/\/apuntesdesanluis.com\/#\/schema\/person\/b55151d52296fcce64d1a72538a70b90\"},\"image\":{\"@id\":\"https:\/\/apuntesdesanluis.com\/index.php\/2024\/12\/01\/villa-mercedes-celebro-un-luminoso-168-aniversario-con-profunda-emocion\/#primaryimage\"},\"thumbnailUrl\":\"https:\/\/apuntesdesanluis.com\/wp-content\/uploads\/2024\/12\/poggi-puente.png\",\"articleSection\":[\"Ciudad\/Provincia\"],\"inLanguage\":\"es-AR\"},{\"@type\":\"WebPage\",\"@id\":\"https:\/\/apuntesdesanluis.com\/index.php\/2024\/12\/01\/villa-mercedes-celebro-un-luminoso-168-aniversario-con-profunda-emocion\/\",\"url\":\"https:\/\/apuntesdesanluis.com\/index.php\/2024\/12\/01\/villa-mercedes-celebro-un-luminoso-168-aniversario-con-profunda-emocion\/\",\"name\":\"VILLA MERCEDES CELEBR\u00d3 UN LUMINOSO 168\u00b0 ANIVERSARIO CON PROFUNDA EMOCI\u00d3N - Apuntes de San Luis\",\"isPartOf\":{\"@id\":\"https:\/\/apuntesdesanluis.com\/#website\"},\"primaryImageOfPage\":{\"@id\":\"https:\/\/apuntesdesanluis.com\/index.php\/2024\/12\/01\/villa-mercedes-celebro-un-luminoso-168-aniversario-con-profunda-emocion\/#primaryimage\"},\"image\":{\"@id\":\"https:\/\/apuntesdesanluis.com\/index.php\/2024\/12\/01\/villa-mercedes-celebro-un-luminoso-168-aniversario-con-profunda-emocion\/#primaryimage\"},\"thumbnailUrl\":\"https:\/\/apuntesdesanluis.com\/wp-content\/uploads\/2024\/12\/poggi-puente.png\",\"datePublished\":\"2024-12-01T21:43:14+00:00\",\"dateModified\":\"2024-12-01T22:38:57+00:00\",\"breadcrumb\":{\"@id\":\"https:\/\/apuntesdesanluis.com\/index.php\/2024\/12\/01\/villa-mercedes-celebro-un-luminoso-168-aniversario-con-profunda-emocion\/#breadcrumb\"},\"inLanguage\":\"es-AR\",\"potentialAction\":[{\"@type\":\"ReadAction\",\"target\":[\"https:\/\/apuntesdesanluis.com\/index.php\/2024\/12\/01\/villa-mercedes-celebro-un-luminoso-168-aniversario-con-profunda-emocion\/\"]}]},{\"@type\":\"ImageObject\",\"inLanguage\":\"es-AR\",\"@id\":\"https:\/\/apuntesdesanluis.com\/index.php\/2024\/12\/01\/villa-mercedes-celebro-un-luminoso-168-aniversario-con-profunda-emocion\/#primaryimage\",\"url\":\"https:\/\/apuntesdesanluis.com\/wp-content\/uploads\/2024\/12\/poggi-puente.png\",\"contentUrl\":\"https:\/\/apuntesdesanluis.com\/wp-content\/uploads\/2024\/12\/poggi-puente.png\",\"width\":675,\"height\":405},{\"@type\":\"BreadcrumbList\",\"@id\":\"https:\/\/apuntesdesanluis.com\/index.php\/2024\/12\/01\/villa-mercedes-celebro-un-luminoso-168-aniversario-con-profunda-emocion\/#breadcrumb\",\"itemListElement\":[{\"@type\":\"ListItem\",\"position\":1,\"name\":\"Inicio\",\"item\":\"https:\/\/apuntesdesanluis.com\/\"},{\"@type\":\"ListItem\",\"position\":2,\"name\":\"VILLA MERCEDES CELEBR\u00d3 UN LUMINOSO 168\u00b0 ANIVERSARIO CON PROFUNDA EMOCI\u00d3N\"}]},{\"@type\":\"WebSite\",\"@id\":\"https:\/\/apuntesdesanluis.com\/#website\",\"url\":\"https:\/\/apuntesdesanluis.com\/\",\"name\":\"Apuntes de San Luis\",\"description\":\"\",\"publisher\":{\"@id\":\"https:\/\/apuntesdesanluis.com\/#\/schema\/person\/b55151d52296fcce64d1a72538a70b90\"},\"potentialAction\":[{\"@type\":\"SearchAction\",\"target\":{\"@type\":\"EntryPoint\",\"urlTemplate\":\"https:\/\/apuntesdesanluis.com\/?s={search_term_string}\"},\"query-input\":{\"@type\":\"PropertyValueSpecification\",\"valueRequired\":true,\"valueName\":\"search_term_string\"}}],\"inLanguage\":\"es-AR\"},{\"@type\":[\"Person\",\"Organization\"],\"@id\":\"https:\/\/apuntesdesanluis.com\/#\/schema\/person\/b55151d52296fcce64d1a72538a70b90\",\"name\":\"apuntesdesanluis.com\",\"image\":{\"@type\":\"ImageObject\",\"inLanguage\":\"es-AR\",\"@id\":\"https:\/\/apuntesdesanluis.com\/#\/schema\/person\/image\/\",\"url\":\"https:\/\/apuntesdesanluis.com\/wp-content\/uploads\/2023\/07\/cropped-apuntesdesanluis.png\",\"contentUrl\":\"https:\/\/apuntesdesanluis.com\/wp-content\/uploads\/2023\/07\/cropped-apuntesdesanluis.png\",\"width\":450,\"height\":112,\"caption\":\"apuntesdesanluis.com\"},\"logo\":{\"@id\":\"https:\/\/apuntesdesanluis.com\/#\/schema\/person\/image\/\"},\"sameAs\":[\"https:\/\/apuntesdesanluis.com\"],\"url\":\"https:\/\/apuntesdesanluis.com\/index.php\/author\/apuntesdesanluis-com\/\"}]}<\/script>\n<!-- \/ Yoast SEO plugin. -->","yoast_head_json":{"title":"VILLA MERCEDES CELEBR\u00d3 UN LUMINOSO 168\u00b0 ANIVERSARIO CON PROFUNDA EMOCI\u00d3N - Apuntes de San Luis","robots":{"index":"index","follow":"follow","max-snippet":"max-snippet:-1","max-image-preview":"max-image-preview:large","max-video-preview":"max-video-preview:-1"},"canonical":"https:\/\/apuntesdesanluis.com\/index.php\/2024\/12\/01\/villa-mercedes-celebro-un-luminoso-168-aniversario-con-profunda-emocion\/","og_locale":"es_ES","og_type":"article","og_title":"VILLA MERCEDES CELEBR\u00d3 UN LUMINOSO 168\u00b0 ANIVERSARIO CON PROFUNDA EMOCI\u00d3N - Apuntes de San Luis","og_description":"El s\u00e1bado por la noche, en la previa de su cumplea\u00f1os, la ciudad celebr\u00f3 un...","og_url":"https:\/\/apuntesdesanluis.com\/index.php\/2024\/12\/01\/villa-mercedes-celebro-un-luminoso-168-aniversario-con-profunda-emocion\/","og_site_name":"Apuntes de San Luis","article_published_time":"2024-12-01T21:43:14+00:00","article_modified_time":"2024-12-01T22:38:57+00:00","og_image":[{"width":675,"height":405,"url":"https:\/\/apuntesdesanluis.com\/wp-content\/uploads\/2024\/12\/poggi-puente.png","type":"image\/png"}],"author":"apuntesdesanluis.com","twitter_card":"summary_large_image","twitter_misc":{"Escrito por":"apuntesdesanluis.com","Tiempo de lectura":"6 minutos"},"schema":{"@context":"https:\/\/schema.org","@graph":[{"@type":"Article","@id":"https:\/\/apuntesdesanluis.com\/index.php\/2024\/12\/01\/villa-mercedes-celebro-un-luminoso-168-aniversario-con-profunda-emocion\/#article","isPartOf":{"@id":"https:\/\/apuntesdesanluis.com\/index.php\/2024\/12\/01\/villa-mercedes-celebro-un-luminoso-168-aniversario-con-profunda-emocion\/"},"author":{"name":"apuntesdesanluis.com","@id":"https:\/\/apuntesdesanluis.com\/#\/schema\/person\/b55151d52296fcce64d1a72538a70b90"},"headline":"VILLA MERCEDES CELEBR\u00d3 UN LUMINOSO 168\u00b0 ANIVERSARIO CON PROFUNDA EMOCI\u00d3N","datePublished":"2024-12-01T21:43:14+00:00","dateModified":"2024-12-01T22:38:57+00:00","mainEntityOfPage":{"@id":"https:\/\/apuntesdesanluis.com\/index.php\/2024\/12\/01\/villa-mercedes-celebro-un-luminoso-168-aniversario-con-profunda-emocion\/"},"wordCount":611,"publisher":{"@id":"https:\/\/apuntesdesanluis.com\/#\/schema\/person\/b55151d52296fcce64d1a72538a70b90"},"image":{"@id":"https:\/\/apuntesdesanluis.com\/index.php\/2024\/12\/01\/villa-mercedes-celebro-un-luminoso-168-aniversario-con-profunda-emocion\/#primaryimage"},"thumbnailUrl":"https:\/\/apuntesdesanluis.com\/wp-content\/uploads\/2024\/12\/poggi-puente.png","articleSection":["Ciudad\/Provincia"],"inLanguage":"es-AR"},{"@type":"WebPage","@id":"https:\/\/apuntesdesanluis.com\/index.php\/2024\/12\/01\/villa-mercedes-celebro-un-luminoso-168-aniversario-con-profunda-emocion\/","url":"https:\/\/apuntesdesanluis.com\/index.php\/2024\/12\/01\/villa-mercedes-celebro-un-luminoso-168-aniversario-con-profunda-emocion\/","name":"VILLA MERCEDES CELEBR\u00d3 UN LUMINOSO 168\u00b0 ANIVERSARIO CON PROFUNDA EMOCI\u00d3N - Apuntes de San Luis","isPartOf":{"@id":"https:\/\/apuntesdesanluis.com\/#website"},"primaryImageOfPage":{"@id":"https:\/\/apuntesdesanluis.com\/index.php\/2024\/12\/01\/villa-mercedes-celebro-un-luminoso-168-aniversario-con-profunda-emocion\/#primaryimage"},"image":{"@id":"https:\/\/apuntesdesanluis.com\/index.php\/2024\/12\/01\/villa-mercedes-celebro-un-luminoso-168-aniversario-con-profunda-emocion\/#primaryimage"},"thumbnailUrl":"https:\/\/apuntesdesanluis.com\/wp-content\/uploads\/2024\/12\/poggi-puente.png","datePublished":"2024-12-01T21:43:14+00:00","dateModified":"2024-12-01T22:38:57+00:00","breadcrumb":{"@id":"https:\/\/apuntesdesanluis.com\/index.php\/2024\/12\/01\/villa-mercedes-celebro-un-luminoso-168-aniversario-con-profunda-emocion\/#breadcrumb"},"inLanguage":"es-AR","potentialAction":[{"@type":"ReadAction","target":["https:\/\/apuntesdesanluis.com\/index.php\/2024\/12\/01\/villa-mercedes-celebro-un-luminoso-168-aniversario-con-profunda-emocion\/"]}]},{"@type":"ImageObject","inLanguage":"es-AR","@id":"https:\/\/apuntesdesanluis.com\/index.php\/2024\/12\/01\/villa-mercedes-celebro-un-luminoso-168-aniversario-con-profunda-emocion\/#primaryimage","url":"https:\/\/apuntesdesanluis.com\/wp-content\/uploads\/2024\/12\/poggi-puente.png","contentUrl":"https:\/\/apuntesdesanluis.com\/wp-content\/uploads\/2024\/12\/poggi-puente.png","width":675,"height":405},{"@type":"BreadcrumbList","@id":"https:\/\/apuntesdesanluis.com\/index.php\/2024\/12\/01\/villa-mercedes-celebro-un-luminoso-168-aniversario-con-profunda-emocion\/#breadcrumb","itemListElement":[{"@type":"ListItem","position":1,"name":"Inicio","item":"https:\/\/apuntesdesanluis.com\/"},{"@type":"ListItem","position":2,"name":"VILLA MERCEDES CELEBR\u00d3 UN LUMINOSO 168\u00b0 ANIVERSARIO CON PROFUNDA EMOCI\u00d3N"}]},{"@type":"WebSite","@id":"https:\/\/apuntesdesanluis.com\/#website","url":"https:\/\/apuntesdesanluis.com\/","name":"Apuntes de San Luis","description":"","publisher":{"@id":"https:\/\/apuntesdesanluis.com\/#\/schema\/person\/b55151d52296fcce64d1a72538a70b90"},"potentialAction":[{"@type":"SearchAction","target":{"@type":"EntryPoint","urlTemplate":"https:\/\/apuntesdesanluis.com\/?s={search_term_string}"},"query-input":{"@type":"PropertyValueSpecification","valueRequired":true,"valueName":"search_term_string"}}],"inLanguage":"es-AR"},{"@type":["Person","Organization"],"@id":"https:\/\/apuntesdesanluis.com\/#\/schema\/person\/b55151d52296fcce64d1a72538a70b90","name":"apuntesdesanluis.com","image":{"@type":"ImageObject","inLanguage":"es-AR","@id":"https:\/\/apuntesdesanluis.com\/#\/schema\/person\/image\/","url":"https:\/\/apuntesdesanluis.com\/wp-content\/uploads\/2023\/07\/cropped-apuntesdesanluis.png","contentUrl":"https:\/\/apuntesdesanluis.com\/wp-content\/uploads\/2023\/07\/cropped-apuntesdesanluis.png","width":450,"height":112,"caption":"apuntesdesanluis.com"},"logo":{"@id":"https:\/\/apuntesdesanluis.com\/#\/schema\/person\/image\/"},"sameAs":["https:\/\/apuntesdesanluis.com"],"url":"https:\/\/apuntesdesanluis.com\/index.php\/author\/apuntesdesanluis-com\/"}]}},"featured_image_urls":{"full":["https:\/\/apuntesdesanluis.com\/wp-content\/uploads\/2024\/12\/poggi-puente.png",675,405,false],"thumbnail":["https:\/\/apuntesdesanluis.com\/wp-content\/uploads\/2024\/12\/poggi-puente-150x150.png",150,150,true],"medium":["https:\/\/apuntesdesanluis.com\/wp-content\/uploads\/2024\/12\/poggi-puente-300x180.png",300,180,true],"medium_large":["https:\/\/apuntesdesanluis.com\/wp-content\/uploads\/2024\/12\/poggi-puente.png",640,384,false],"large":["https:\/\/apuntesdesanluis.com\/wp-content\/uploads\/2024\/12\/poggi-puente.png",640,384,false],"1536x1536":["https:\/\/apuntesdesanluis.com\/wp-content\/uploads\/2024\/12\/poggi-puente.png",675,405,false],"2048x2048":["https:\/\/apuntesdesanluis.com\/wp-content\/uploads\/2024\/12\/poggi-puente.png",675,405,false],"newsever-slider-full":["https:\/\/apuntesdesanluis.com\/wp-content\/uploads\/2024\/12\/poggi-puente.png",675,405,false],"newsever-featured":["https:\/\/apuntesdesanluis.com\/wp-content\/uploads\/2024\/12\/poggi-puente.png",675,405,false],"newsever-medium":["https:\/\/apuntesdesanluis.com\/wp-content\/uploads\/2024\/12\/poggi-puente.png",675,405,false]},"author_info":{"display_name":"apuntesdesanluis.com","author_link":"https:\/\/apuntesdesanluis.com\/index.php\/author\/apuntesdesanluis-com\/"},"category_info":"<a href=\"https:\/\/apuntesdesanluis.com\/index.php\/category\/ciudad-provincia\/\" rel=\"category tag\">Ciudad\/Provincia<\/a>","tag_info":"Ciudad\/Provincia","comment_count":"0","_links":{"self":[{"href":"https:\/\/apuntesdesanluis.com\/index.php\/wp-json\/wp\/v2\/posts\/26023","targetHints":{"allow":["GET"]}}],"collection":[{"href":"https:\/\/apuntesdesanluis.com\/index.php\/wp-json\/wp\/v2\/posts"}],"about":[{"href":"https:\/\/apuntesdesanluis.com\/index.php\/wp-json\/wp\/v2\/types\/post"}],"author":[{"embeddable":true,"href":"https:\/\/apuntesdesanluis.com\/index.php\/wp-json\/wp\/v2\/users\/1"}],"replies":[{"embeddable":true,"href":"https:\/\/apuntesdesanluis.com\/index.php\/wp-json\/wp\/v2\/comments?post=26023"}],"version-history":[{"count":3,"href":"https:\/\/apuntesdesanluis.com\/index.php\/wp-json\/wp\/v2\/posts\/26023\/revisions"}],"predecessor-version":[{"id":26048,"href":"https:\/\/apuntesdesanluis.com\/index.php\/wp-json\/wp\/v2\/posts\/26023\/revisions\/26048"}],"wp:featuredmedia":[{"embeddable":true,"href":"https:\/\/apuntesdesanluis.com\/index.php\/wp-json\/wp\/v2\/media\/26024"}],"wp:attachment":[{"href":"https:\/\/apuntesdesanluis.com\/index.php\/wp-json\/wp\/v2\/media?parent=26023"}],"wp:term":[{"taxonomy":"category","embeddable":true,"href":"https:\/\/apuntesdesanluis.com\/index.php\/wp-json\/wp\/v2\/categories?post=26023"},{"taxonomy":"post_tag","embeddable":true,"href":"https:\/\/apuntesdesanluis.com\/index.php\/wp-json\/wp\/v2\/tags?post=26023"}],"curies":[{"name":"wp","href":"https:\/\/api.w.org\/{rel}","templated":true}]}}