{"id":26036,"date":"2024-12-01T10:23:26","date_gmt":"2024-12-01T13:23:26","guid":{"rendered":"https:\/\/apuntesdesanluis.com\/?p=26036"},"modified":"2024-12-01T19:23:51","modified_gmt":"2024-12-01T22:23:51","slug":"el-conductor-de-una-moto-alcoholizado-choco-con-otra-y-murio-un-hombre","status":"publish","type":"post","link":"https:\/\/apuntesdesanluis.com\/index.php\/2024\/12\/01\/el-conductor-de-una-moto-alcoholizado-choco-con-otra-y-murio-un-hombre\/","title":{"rendered":"EL CONDUCTOR DE UNA MOTO, ALCOHOLIZADO, CHOC\u00d3 CON OTRA Y MURI\u00d3 UN HOMBRE"},"content":{"rendered":"<h3>Desde la Comisar\u00eda Seccional 11\u00b0 informaron que este domingo, alrededor de las 5:45, se produjo un accidente de tr\u00e1nsito en la ruta provincial 2B, a la altura de la f\u00e1brica Niza, cerca del ingreso al barrio Kil\u00f3metro 4, en la ciudad de Villa Mercedes.<\/h3>\n<h3>En ese lugar, una moto Keller 110 cc que era conducida por un joven de 21 a\u00f1os -que circulaba de sur a norte- y una moto Motomel 110 cc que era conducida por un hombre de 42 a\u00f1os, quien iba en compa\u00f1\u00eda de su padre, un hombre de 72 a\u00f1os (los cuales circulaban por la banquina, en contramano), impactaron de manera frontal.<\/h3>\n<p><img fetchpriority=\"high\" decoding=\"async\" class=\"wp-image-26038 aligncenter\" src=\"https:\/\/apuntesdesanluis.com\/wp-content\/uploads\/2024\/12\/Imagen-de-WhatsApp-2024-12-01-a-las-13.56.45_05546526-300x196.jpg\" alt=\"\" width=\"549\" height=\"359\" srcset=\"https:\/\/apuntesdesanluis.com\/wp-content\/uploads\/2024\/12\/Imagen-de-WhatsApp-2024-12-01-a-las-13.56.45_05546526-300x196.jpg 300w, https:\/\/apuntesdesanluis.com\/wp-content\/uploads\/2024\/12\/Imagen-de-WhatsApp-2024-12-01-a-las-13.56.45_05546526-1024x667.jpg 1024w, https:\/\/apuntesdesanluis.com\/wp-content\/uploads\/2024\/12\/Imagen-de-WhatsApp-2024-12-01-a-las-13.56.45_05546526-768x501.jpg 768w, https:\/\/apuntesdesanluis.com\/wp-content\/uploads\/2024\/12\/Imagen-de-WhatsApp-2024-12-01-a-las-13.56.45_05546526.jpg 1146w\" sizes=\"(max-width: 549px) 100vw, 549px\" \/><\/p>\n<h3>De acuerdo a las averiguaciones, la colisi\u00f3n se habr\u00eda producido cuando la moto Motomel subi\u00f3 desde la banquina hacia la carpeta asf\u00e1ltica.<\/h3>\n<p><img decoding=\"async\" class=\"wp-image-26039 aligncenter\" src=\"https:\/\/apuntesdesanluis.com\/wp-content\/uploads\/2024\/12\/Imagen-de-WhatsApp-2024-12-01-a-las-13.56.45_fd3f090f-300x202.jpg\" alt=\"\" width=\"554\" height=\"373\" srcset=\"https:\/\/apuntesdesanluis.com\/wp-content\/uploads\/2024\/12\/Imagen-de-WhatsApp-2024-12-01-a-las-13.56.45_fd3f090f-300x202.jpg 300w, https:\/\/apuntesdesanluis.com\/wp-content\/uploads\/2024\/12\/Imagen-de-WhatsApp-2024-12-01-a-las-13.56.45_fd3f090f-1024x689.jpg 1024w, https:\/\/apuntesdesanluis.com\/wp-content\/uploads\/2024\/12\/Imagen-de-WhatsApp-2024-12-01-a-las-13.56.45_fd3f090f-768x517.jpg 768w, https:\/\/apuntesdesanluis.com\/wp-content\/uploads\/2024\/12\/Imagen-de-WhatsApp-2024-12-01-a-las-13.56.45_fd3f090f.jpg 1064w\" sizes=\"(max-width: 554px) 100vw, 554px\" \/><\/p>\n<h3>Debido al impacto, el hombre de 72 a\u00f1os que iba como acompa\u00f1ante en la moto Motomel falleci\u00f3 en el lugar, mientras que los conductores de las motocicletas fueron trasladados hacia el Policl\u00ednico Regional \u201cJuan Domingo Per\u00f3n\u201d, encontr\u00e1ndose ambos fuera de peligro, de acuerdo a la informaci\u00f3n policial.<\/h3>\n<h3>Posteriormente se les realiz\u00f3 el alcotest a ambos conductores, arrojando resultado negativo de 0,00 gr\/lts de alcohol en sangre para el joven de 21 a\u00f1os; mientras que para el hombre de 42 a\u00f1os el alcotest arroj\u00f3 resultado positivo de 2,33 gr\/lts de alcohol en sangre.<\/h3>\n<h3>Tom\u00f3 intervenci\u00f3n la Fiscal\u00eda de Instrucci\u00f3n N\u00b0 3 de la Segunda Circunscripci\u00f3n Judicial, y la causa est\u00e1 caratulada como \u201cAveriguaci\u00f3n homicidio culposo en accidente de tr\u00e1nsito\u201d.<\/h3>\n<p>&nbsp;<\/p>\n<p>&nbsp;<\/p>\n<p>&nbsp;<\/p>\n","protected":false},"excerpt":{"rendered":"<p>Desde la Comisar\u00eda Seccional 11\u00b0 informaron que este domingo, alrededor de las 5:45, se produjo&#8230;<\/p>\n","protected":false},"author":1,"featured_media":26037,"comment_status":"closed","ping_status":"closed","sticky":false,"template":"","format":"standard","meta":{"footnotes":""},"categories":[6],"tags":[],"class_list":["post-26036","post","type-post","status-publish","format-standard","has-post-thumbnail","hentry","category-ciudad-provincia"],"yoast_head":"<!-- This site is optimized with the Yoast SEO plugin v26.1.1 - https:\/\/yoast.com\/wordpress\/plugins\/seo\/ -->\n<title>EL CONDUCTOR DE UNA MOTO, ALCOHOLIZADO, CHOC\u00d3 CON OTRA Y MURI\u00d3 UN HOMBRE - Apuntes de San Luis<\/title>\n<meta name=\"robots\" content=\"index, follow, max-snippet:-1, max-image-preview:large, max-video-preview:-1\" \/>\n<link rel=\"canonical\" href=\"https:\/\/apuntesdesanluis.com\/index.php\/2024\/12\/01\/el-conductor-de-una-moto-alcoholizado-choco-con-otra-y-murio-un-hombre\/\" \/>\n<meta property=\"og:locale\" content=\"es_ES\" \/>\n<meta property=\"og:type\" content=\"article\" \/>\n<meta property=\"og:title\" content=\"EL CONDUCTOR DE UNA MOTO, ALCOHOLIZADO, CHOC\u00d3 CON OTRA Y MURI\u00d3 UN HOMBRE - Apuntes de San Luis\" \/>\n<meta property=\"og:description\" content=\"Desde la Comisar\u00eda Seccional 11\u00b0 informaron que este domingo, alrededor de las 5:45, se produjo...\" \/>\n<meta property=\"og:url\" content=\"https:\/\/apuntesdesanluis.com\/index.php\/2024\/12\/01\/el-conductor-de-una-moto-alcoholizado-choco-con-otra-y-murio-un-hombre\/\" \/>\n<meta property=\"og:site_name\" content=\"Apuntes de San Luis\" \/>\n<meta property=\"article:published_time\" content=\"2024-12-01T13:23:26+00:00\" \/>\n<meta property=\"article:modified_time\" content=\"2024-12-01T22:23:51+00:00\" \/>\n<meta property=\"og:image\" content=\"https:\/\/apuntesdesanluis.com\/wp-content\/uploads\/2024\/12\/Imagen-de-WhatsApp-2024-12-01-a-las-13.56.44_137ffad3.jpg\" \/>\n\t<meta property=\"og:image:width\" content=\"1280\" \/>\n\t<meta property=\"og:image:height\" content=\"921\" \/>\n\t<meta property=\"og:image:type\" content=\"image\/jpeg\" \/>\n<meta name=\"author\" content=\"apuntesdesanluis.com\" \/>\n<meta name=\"twitter:card\" content=\"summary_large_image\" \/>\n<meta name=\"twitter:label1\" content=\"Escrito por\" \/>\n\t<meta name=\"twitter:data1\" content=\"apuntesdesanluis.com\" \/>\n\t<meta name=\"twitter:label2\" content=\"Tiempo de lectura\" \/>\n\t<meta name=\"twitter:data2\" content=\"2 minutos\" \/>\n<script type=\"application\/ld+json\" class=\"yoast-schema-graph\">{\"@context\":\"https:\/\/schema.org\",\"@graph\":[{\"@type\":\"Article\",\"@id\":\"https:\/\/apuntesdesanluis.com\/index.php\/2024\/12\/01\/el-conductor-de-una-moto-alcoholizado-choco-con-otra-y-murio-un-hombre\/#article\",\"isPartOf\":{\"@id\":\"https:\/\/apuntesdesanluis.com\/index.php\/2024\/12\/01\/el-conductor-de-una-moto-alcoholizado-choco-con-otra-y-murio-un-hombre\/\"},\"author\":{\"name\":\"apuntesdesanluis.com\",\"@id\":\"https:\/\/apuntesdesanluis.com\/#\/schema\/person\/b55151d52296fcce64d1a72538a70b90\"},\"headline\":\"EL CONDUCTOR DE UNA MOTO, ALCOHOLIZADO, CHOC\u00d3 CON OTRA Y MURI\u00d3 UN HOMBRE\",\"datePublished\":\"2024-12-01T13:23:26+00:00\",\"dateModified\":\"2024-12-01T22:23:51+00:00\",\"mainEntityOfPage\":{\"@id\":\"https:\/\/apuntesdesanluis.com\/index.php\/2024\/12\/01\/el-conductor-de-una-moto-alcoholizado-choco-con-otra-y-murio-un-hombre\/\"},\"wordCount\":275,\"publisher\":{\"@id\":\"https:\/\/apuntesdesanluis.com\/#\/schema\/person\/b55151d52296fcce64d1a72538a70b90\"},\"image\":{\"@id\":\"https:\/\/apuntesdesanluis.com\/index.php\/2024\/12\/01\/el-conductor-de-una-moto-alcoholizado-choco-con-otra-y-murio-un-hombre\/#primaryimage\"},\"thumbnailUrl\":\"https:\/\/apuntesdesanluis.com\/wp-content\/uploads\/2024\/12\/Imagen-de-WhatsApp-2024-12-01-a-las-13.56.44_137ffad3.jpg\",\"articleSection\":[\"Ciudad\/Provincia\"],\"inLanguage\":\"es-AR\"},{\"@type\":\"WebPage\",\"@id\":\"https:\/\/apuntesdesanluis.com\/index.php\/2024\/12\/01\/el-conductor-de-una-moto-alcoholizado-choco-con-otra-y-murio-un-hombre\/\",\"url\":\"https:\/\/apuntesdesanluis.com\/index.php\/2024\/12\/01\/el-conductor-de-una-moto-alcoholizado-choco-con-otra-y-murio-un-hombre\/\",\"name\":\"EL CONDUCTOR DE UNA MOTO, ALCOHOLIZADO, CHOC\u00d3 CON OTRA Y MURI\u00d3 UN HOMBRE - Apuntes de San Luis\",\"isPartOf\":{\"@id\":\"https:\/\/apuntesdesanluis.com\/#website\"},\"primaryImageOfPage\":{\"@id\":\"https:\/\/apuntesdesanluis.com\/index.php\/2024\/12\/01\/el-conductor-de-una-moto-alcoholizado-choco-con-otra-y-murio-un-hombre\/#primaryimage\"},\"image\":{\"@id\":\"https:\/\/apuntesdesanluis.com\/index.php\/2024\/12\/01\/el-conductor-de-una-moto-alcoholizado-choco-con-otra-y-murio-un-hombre\/#primaryimage\"},\"thumbnailUrl\":\"https:\/\/apuntesdesanluis.com\/wp-content\/uploads\/2024\/12\/Imagen-de-WhatsApp-2024-12-01-a-las-13.56.44_137ffad3.jpg\",\"datePublished\":\"2024-12-01T13:23:26+00:00\",\"dateModified\":\"2024-12-01T22:23:51+00:00\",\"breadcrumb\":{\"@id\":\"https:\/\/apuntesdesanluis.com\/index.php\/2024\/12\/01\/el-conductor-de-una-moto-alcoholizado-choco-con-otra-y-murio-un-hombre\/#breadcrumb\"},\"inLanguage\":\"es-AR\",\"potentialAction\":[{\"@type\":\"ReadAction\",\"target\":[\"https:\/\/apuntesdesanluis.com\/index.php\/2024\/12\/01\/el-conductor-de-una-moto-alcoholizado-choco-con-otra-y-murio-un-hombre\/\"]}]},{\"@type\":\"ImageObject\",\"inLanguage\":\"es-AR\",\"@id\":\"https:\/\/apuntesdesanluis.com\/index.php\/2024\/12\/01\/el-conductor-de-una-moto-alcoholizado-choco-con-otra-y-murio-un-hombre\/#primaryimage\",\"url\":\"https:\/\/apuntesdesanluis.com\/wp-content\/uploads\/2024\/12\/Imagen-de-WhatsApp-2024-12-01-a-las-13.56.44_137ffad3.jpg\",\"contentUrl\":\"https:\/\/apuntesdesanluis.com\/wp-content\/uploads\/2024\/12\/Imagen-de-WhatsApp-2024-12-01-a-las-13.56.44_137ffad3.jpg\",\"width\":1280,\"height\":921},{\"@type\":\"BreadcrumbList\",\"@id\":\"https:\/\/apuntesdesanluis.com\/index.php\/2024\/12\/01\/el-conductor-de-una-moto-alcoholizado-choco-con-otra-y-murio-un-hombre\/#breadcrumb\",\"itemListElement\":[{\"@type\":\"ListItem\",\"position\":1,\"name\":\"Inicio\",\"item\":\"https:\/\/apuntesdesanluis.com\/\"},{\"@type\":\"ListItem\",\"position\":2,\"name\":\"EL CONDUCTOR DE UNA MOTO, ALCOHOLIZADO, CHOC\u00d3 CON OTRA Y MURI\u00d3 UN HOMBRE\"}]},{\"@type\":\"WebSite\",\"@id\":\"https:\/\/apuntesdesanluis.com\/#website\",\"url\":\"https:\/\/apuntesdesanluis.com\/\",\"name\":\"Apuntes de San Luis\",\"description\":\"\",\"publisher\":{\"@id\":\"https:\/\/apuntesdesanluis.com\/#\/schema\/person\/b55151d52296fcce64d1a72538a70b90\"},\"potentialAction\":[{\"@type\":\"SearchAction\",\"target\":{\"@type\":\"EntryPoint\",\"urlTemplate\":\"https:\/\/apuntesdesanluis.com\/?s={search_term_string}\"},\"query-input\":{\"@type\":\"PropertyValueSpecification\",\"valueRequired\":true,\"valueName\":\"search_term_string\"}}],\"inLanguage\":\"es-AR\"},{\"@type\":[\"Person\",\"Organization\"],\"@id\":\"https:\/\/apuntesdesanluis.com\/#\/schema\/person\/b55151d52296fcce64d1a72538a70b90\",\"name\":\"apuntesdesanluis.com\",\"image\":{\"@type\":\"ImageObject\",\"inLanguage\":\"es-AR\",\"@id\":\"https:\/\/apuntesdesanluis.com\/#\/schema\/person\/image\/\",\"url\":\"https:\/\/apuntesdesanluis.com\/wp-content\/uploads\/2023\/07\/cropped-apuntesdesanluis.png\",\"contentUrl\":\"https:\/\/apuntesdesanluis.com\/wp-content\/uploads\/2023\/07\/cropped-apuntesdesanluis.png\",\"width\":450,\"height\":112,\"caption\":\"apuntesdesanluis.com\"},\"logo\":{\"@id\":\"https:\/\/apuntesdesanluis.com\/#\/schema\/person\/image\/\"},\"sameAs\":[\"https:\/\/apuntesdesanluis.com\"],\"url\":\"https:\/\/apuntesdesanluis.com\/index.php\/author\/apuntesdesanluis-com\/\"}]}<\/script>\n<!-- \/ Yoast SEO plugin. -->","yoast_head_json":{"title":"EL CONDUCTOR DE UNA MOTO, ALCOHOLIZADO, CHOC\u00d3 CON OTRA Y MURI\u00d3 UN HOMBRE - Apuntes de San Luis","robots":{"index":"index","follow":"follow","max-snippet":"max-snippet:-1","max-image-preview":"max-image-preview:large","max-video-preview":"max-video-preview:-1"},"canonical":"https:\/\/apuntesdesanluis.com\/index.php\/2024\/12\/01\/el-conductor-de-una-moto-alcoholizado-choco-con-otra-y-murio-un-hombre\/","og_locale":"es_ES","og_type":"article","og_title":"EL CONDUCTOR DE UNA MOTO, ALCOHOLIZADO, CHOC\u00d3 CON OTRA Y MURI\u00d3 UN HOMBRE - Apuntes de San Luis","og_description":"Desde la Comisar\u00eda Seccional 11\u00b0 informaron que este domingo, alrededor de las 5:45, se produjo...","og_url":"https:\/\/apuntesdesanluis.com\/index.php\/2024\/12\/01\/el-conductor-de-una-moto-alcoholizado-choco-con-otra-y-murio-un-hombre\/","og_site_name":"Apuntes de San Luis","article_published_time":"2024-12-01T13:23:26+00:00","article_modified_time":"2024-12-01T22:23:51+00:00","og_image":[{"width":1280,"height":921,"url":"https:\/\/apuntesdesanluis.com\/wp-content\/uploads\/2024\/12\/Imagen-de-WhatsApp-2024-12-01-a-las-13.56.44_137ffad3.jpg","type":"image\/jpeg"}],"author":"apuntesdesanluis.com","twitter_card":"summary_large_image","twitter_misc":{"Escrito por":"apuntesdesanluis.com","Tiempo de lectura":"2 minutos"},"schema":{"@context":"https:\/\/schema.org","@graph":[{"@type":"Article","@id":"https:\/\/apuntesdesanluis.com\/index.php\/2024\/12\/01\/el-conductor-de-una-moto-alcoholizado-choco-con-otra-y-murio-un-hombre\/#article","isPartOf":{"@id":"https:\/\/apuntesdesanluis.com\/index.php\/2024\/12\/01\/el-conductor-de-una-moto-alcoholizado-choco-con-otra-y-murio-un-hombre\/"},"author":{"name":"apuntesdesanluis.com","@id":"https:\/\/apuntesdesanluis.com\/#\/schema\/person\/b55151d52296fcce64d1a72538a70b90"},"headline":"EL CONDUCTOR DE UNA MOTO, ALCOHOLIZADO, CHOC\u00d3 CON OTRA Y MURI\u00d3 UN HOMBRE","datePublished":"2024-12-01T13:23:26+00:00","dateModified":"2024-12-01T22:23:51+00:00","mainEntityOfPage":{"@id":"https:\/\/apuntesdesanluis.com\/index.php\/2024\/12\/01\/el-conductor-de-una-moto-alcoholizado-choco-con-otra-y-murio-un-hombre\/"},"wordCount":275,"publisher":{"@id":"https:\/\/apuntesdesanluis.com\/#\/schema\/person\/b55151d52296fcce64d1a72538a70b90"},"image":{"@id":"https:\/\/apuntesdesanluis.com\/index.php\/2024\/12\/01\/el-conductor-de-una-moto-alcoholizado-choco-con-otra-y-murio-un-hombre\/#primaryimage"},"thumbnailUrl":"https:\/\/apuntesdesanluis.com\/wp-content\/uploads\/2024\/12\/Imagen-de-WhatsApp-2024-12-01-a-las-13.56.44_137ffad3.jpg","articleSection":["Ciudad\/Provincia"],"inLanguage":"es-AR"},{"@type":"WebPage","@id":"https:\/\/apuntesdesanluis.com\/index.php\/2024\/12\/01\/el-conductor-de-una-moto-alcoholizado-choco-con-otra-y-murio-un-hombre\/","url":"https:\/\/apuntesdesanluis.com\/index.php\/2024\/12\/01\/el-conductor-de-una-moto-alcoholizado-choco-con-otra-y-murio-un-hombre\/","name":"EL CONDUCTOR DE UNA MOTO, ALCOHOLIZADO, CHOC\u00d3 CON OTRA Y MURI\u00d3 UN HOMBRE - Apuntes de San Luis","isPartOf":{"@id":"https:\/\/apuntesdesanluis.com\/#website"},"primaryImageOfPage":{"@id":"https:\/\/apuntesdesanluis.com\/index.php\/2024\/12\/01\/el-conductor-de-una-moto-alcoholizado-choco-con-otra-y-murio-un-hombre\/#primaryimage"},"image":{"@id":"https:\/\/apuntesdesanluis.com\/index.php\/2024\/12\/01\/el-conductor-de-una-moto-alcoholizado-choco-con-otra-y-murio-un-hombre\/#primaryimage"},"thumbnailUrl":"https:\/\/apuntesdesanluis.com\/wp-content\/uploads\/2024\/12\/Imagen-de-WhatsApp-2024-12-01-a-las-13.56.44_137ffad3.jpg","datePublished":"2024-12-01T13:23:26+00:00","dateModified":"2024-12-01T22:23:51+00:00","breadcrumb":{"@id":"https:\/\/apuntesdesanluis.com\/index.php\/2024\/12\/01\/el-conductor-de-una-moto-alcoholizado-choco-con-otra-y-murio-un-hombre\/#breadcrumb"},"inLanguage":"es-AR","potentialAction":[{"@type":"ReadAction","target":["https:\/\/apuntesdesanluis.com\/index.php\/2024\/12\/01\/el-conductor-de-una-moto-alcoholizado-choco-con-otra-y-murio-un-hombre\/"]}]},{"@type":"ImageObject","inLanguage":"es-AR","@id":"https:\/\/apuntesdesanluis.com\/index.php\/2024\/12\/01\/el-conductor-de-una-moto-alcoholizado-choco-con-otra-y-murio-un-hombre\/#primaryimage","url":"https:\/\/apuntesdesanluis.com\/wp-content\/uploads\/2024\/12\/Imagen-de-WhatsApp-2024-12-01-a-las-13.56.44_137ffad3.jpg","contentUrl":"https:\/\/apuntesdesanluis.com\/wp-content\/uploads\/2024\/12\/Imagen-de-WhatsApp-2024-12-01-a-las-13.56.44_137ffad3.jpg","width":1280,"height":921},{"@type":"BreadcrumbList","@id":"https:\/\/apuntesdesanluis.com\/index.php\/2024\/12\/01\/el-conductor-de-una-moto-alcoholizado-choco-con-otra-y-murio-un-hombre\/#breadcrumb","itemListElement":[{"@type":"ListItem","position":1,"name":"Inicio","item":"https:\/\/apuntesdesanluis.com\/"},{"@type":"ListItem","position":2,"name":"EL CONDUCTOR DE UNA MOTO, ALCOHOLIZADO, CHOC\u00d3 CON OTRA Y MURI\u00d3 UN HOMBRE"}]},{"@type":"WebSite","@id":"https:\/\/apuntesdesanluis.com\/#website","url":"https:\/\/apuntesdesanluis.com\/","name":"Apuntes de San Luis","description":"","publisher":{"@id":"https:\/\/apuntesdesanluis.com\/#\/schema\/person\/b55151d52296fcce64d1a72538a70b90"},"potentialAction":[{"@type":"SearchAction","target":{"@type":"EntryPoint","urlTemplate":"https:\/\/apuntesdesanluis.com\/?s={search_term_string}"},"query-input":{"@type":"PropertyValueSpecification","valueRequired":true,"valueName":"search_term_string"}}],"inLanguage":"es-AR"},{"@type":["Person","Organization"],"@id":"https:\/\/apuntesdesanluis.com\/#\/schema\/person\/b55151d52296fcce64d1a72538a70b90","name":"apuntesdesanluis.com","image":{"@type":"ImageObject","inLanguage":"es-AR","@id":"https:\/\/apuntesdesanluis.com\/#\/schema\/person\/image\/","url":"https:\/\/apuntesdesanluis.com\/wp-content\/uploads\/2023\/07\/cropped-apuntesdesanluis.png","contentUrl":"https:\/\/apuntesdesanluis.com\/wp-content\/uploads\/2023\/07\/cropped-apuntesdesanluis.png","width":450,"height":112,"caption":"apuntesdesanluis.com"},"logo":{"@id":"https:\/\/apuntesdesanluis.com\/#\/schema\/person\/image\/"},"sameAs":["https:\/\/apuntesdesanluis.com"],"url":"https:\/\/apuntesdesanluis.com\/index.php\/author\/apuntesdesanluis-com\/"}]}},"featured_image_urls":{"full":["https:\/\/apuntesdesanluis.com\/wp-content\/uploads\/2024\/12\/Imagen-de-WhatsApp-2024-12-01-a-las-13.56.44_137ffad3.jpg",1280,921,false],"thumbnail":["https:\/\/apuntesdesanluis.com\/wp-content\/uploads\/2024\/12\/Imagen-de-WhatsApp-2024-12-01-a-las-13.56.44_137ffad3-150x150.jpg",150,150,true],"medium":["https:\/\/apuntesdesanluis.com\/wp-content\/uploads\/2024\/12\/Imagen-de-WhatsApp-2024-12-01-a-las-13.56.44_137ffad3-300x216.jpg",300,216,true],"medium_large":["https:\/\/apuntesdesanluis.com\/wp-content\/uploads\/2024\/12\/Imagen-de-WhatsApp-2024-12-01-a-las-13.56.44_137ffad3-768x553.jpg",640,461,true],"large":["https:\/\/apuntesdesanluis.com\/wp-content\/uploads\/2024\/12\/Imagen-de-WhatsApp-2024-12-01-a-las-13.56.44_137ffad3-1024x737.jpg",640,461,true],"1536x1536":["https:\/\/apuntesdesanluis.com\/wp-content\/uploads\/2024\/12\/Imagen-de-WhatsApp-2024-12-01-a-las-13.56.44_137ffad3.jpg",1280,921,false],"2048x2048":["https:\/\/apuntesdesanluis.com\/wp-content\/uploads\/2024\/12\/Imagen-de-WhatsApp-2024-12-01-a-las-13.56.44_137ffad3.jpg",1280,921,false],"newsever-slider-full":["https:\/\/apuntesdesanluis.com\/wp-content\/uploads\/2024\/12\/Imagen-de-WhatsApp-2024-12-01-a-las-13.56.44_137ffad3-1280x845.jpg",1280,845,true],"newsever-featured":["https:\/\/apuntesdesanluis.com\/wp-content\/uploads\/2024\/12\/Imagen-de-WhatsApp-2024-12-01-a-las-13.56.44_137ffad3-1024x737.jpg",1024,737,true],"newsever-medium":["https:\/\/apuntesdesanluis.com\/wp-content\/uploads\/2024\/12\/Imagen-de-WhatsApp-2024-12-01-a-las-13.56.44_137ffad3-720x475.jpg",720,475,true]},"author_info":{"display_name":"apuntesdesanluis.com","author_link":"https:\/\/apuntesdesanluis.com\/index.php\/author\/apuntesdesanluis-com\/"},"category_info":"<a href=\"https:\/\/apuntesdesanluis.com\/index.php\/category\/ciudad-provincia\/\" rel=\"category tag\">Ciudad\/Provincia<\/a>","tag_info":"Ciudad\/Provincia","comment_count":"0","_links":{"self":[{"href":"https:\/\/apuntesdesanluis.com\/index.php\/wp-json\/wp\/v2\/posts\/26036","targetHints":{"allow":["GET"]}}],"collection":[{"href":"https:\/\/apuntesdesanluis.com\/index.php\/wp-json\/wp\/v2\/posts"}],"about":[{"href":"https:\/\/apuntesdesanluis.com\/index.php\/wp-json\/wp\/v2\/types\/post"}],"author":[{"embeddable":true,"href":"https:\/\/apuntesdesanluis.com\/index.php\/wp-json\/wp\/v2\/users\/1"}],"replies":[{"embeddable":true,"href":"https:\/\/apuntesdesanluis.com\/index.php\/wp-json\/wp\/v2\/comments?post=26036"}],"version-history":[{"count":1,"href":"https:\/\/apuntesdesanluis.com\/index.php\/wp-json\/wp\/v2\/posts\/26036\/revisions"}],"predecessor-version":[{"id":26040,"href":"https:\/\/apuntesdesanluis.com\/index.php\/wp-json\/wp\/v2\/posts\/26036\/revisions\/26040"}],"wp:featuredmedia":[{"embeddable":true,"href":"https:\/\/apuntesdesanluis.com\/index.php\/wp-json\/wp\/v2\/media\/26037"}],"wp:attachment":[{"href":"https:\/\/apuntesdesanluis.com\/index.php\/wp-json\/wp\/v2\/media?parent=26036"}],"wp:term":[{"taxonomy":"category","embeddable":true,"href":"https:\/\/apuntesdesanluis.com\/index.php\/wp-json\/wp\/v2\/categories?post=26036"},{"taxonomy":"post_tag","embeddable":true,"href":"https:\/\/apuntesdesanluis.com\/index.php\/wp-json\/wp\/v2\/tags?post=26036"}],"curies":[{"name":"wp","href":"https:\/\/api.w.org\/{rel}","templated":true}]}}