{"id":26066,"date":"2024-11-30T22:02:03","date_gmt":"2024-12-01T01:02:03","guid":{"rendered":"https:\/\/apuntesdesanluis.com\/?p=26066"},"modified":"2024-12-02T15:45:39","modified_gmt":"2024-12-02T18:45:39","slug":"abren-inscripciones-para-la-colonia-municipal-de-verano-en-merlo","status":"publish","type":"post","link":"https:\/\/apuntesdesanluis.com\/index.php\/2024\/11\/30\/abren-inscripciones-para-la-colonia-municipal-de-verano-en-merlo\/","title":{"rendered":"ABREN INSCRIPCIONES PARA LA COLONIA MUNICIPAL DE VERANO EN MERLO"},"content":{"rendered":"<h3>La Municipalidad de la Villa de Merlo, a trav\u00e9s de la Secretar\u00eda de Gobierno y Deportes, informa a la comunidad que por cuestiones organizativas, el pago de aranceles y la inscripci\u00f3n para el p\u00fablico en general se realizar\u00e1 los d\u00edas mi\u00e9rcoles 4, jueves 5 y viernes 6 en el Balneario Municipal de 8 a 14 hs.<\/h3>\n<h3>Asimismo, se comunica que las personas con discapacidad, quienes cuenten con el CUD deber\u00e1n presentar dicho documento en la Oficina de Discapacidad, ubicada en Juana Azurduy 738 de 7 a 19 hs. los d\u00edas mi\u00e9rcoles 4, jueves 5 y viernes 6. Presentando esta documentaci\u00f3n, NO se abonar\u00e1 matr\u00edcula.<\/h3>\n<h3>El arancel podr\u00e1 abonarse en efectivo, con tarjeta de cr\u00e9dito o mediante Mercado Pago. Se informa que los pagos realizados a trav\u00e9s de tarjeta o Mercado Pago estar\u00e1n sujetos a un recargo.<\/h3>\n<h3>Estas medidas buscan optimizar el proceso de inscripci\u00f3n y garantizar un inicio ordenado de las actividades.<\/h3>\n<h3>La Municipalidad agrdeci\u00f3 la colaboraci\u00f3n de todas las familias y expres\u00f3 que espera contar con la participaci\u00f3n de los ni\u00f1os y ni\u00f1as de la comunidad.<\/h3>\n<h3>Por consultas adicionales, pueden comunicarse con la Secretar\u00eda de Deportes:<br \/>\n(02656) 476 &#8211; 261.<\/h3>\n<p><img fetchpriority=\"high\" decoding=\"async\" class=\"wp-image-26078 aligncenter\" src=\"https:\/\/apuntesdesanluis.com\/wp-content\/uploads\/2024\/11\/fa5f7d1d-398c-4fe5-a1bb-986529f92281-240x300.jpg\" alt=\"\" width=\"493\" height=\"616\" srcset=\"https:\/\/apuntesdesanluis.com\/wp-content\/uploads\/2024\/11\/fa5f7d1d-398c-4fe5-a1bb-986529f92281-240x300.jpg 240w, https:\/\/apuntesdesanluis.com\/wp-content\/uploads\/2024\/11\/fa5f7d1d-398c-4fe5-a1bb-986529f92281-819x1024.jpg 819w, https:\/\/apuntesdesanluis.com\/wp-content\/uploads\/2024\/11\/fa5f7d1d-398c-4fe5-a1bb-986529f92281-768x960.jpg 768w, https:\/\/apuntesdesanluis.com\/wp-content\/uploads\/2024\/11\/fa5f7d1d-398c-4fe5-a1bb-986529f92281-1024x1280.jpg 1024w, https:\/\/apuntesdesanluis.com\/wp-content\/uploads\/2024\/11\/fa5f7d1d-398c-4fe5-a1bb-986529f92281.jpg 1080w\" sizes=\"(max-width: 493px) 100vw, 493px\" \/><\/p>\n<h3>Las m\u00faltiples actividades deportivas, que incluyen pileta y momentos de recreaci\u00f3n, est\u00e1n orientadas a ni\u00f1os y ni\u00f1as que deseen disfrutar de un verano a pura diversi\u00f3n, asimismo se incluyen actividades complementarias.<\/h3>\n<h3>La misma ser\u00e1 de lunes a viernes de 9 a 13 hs. y dar\u00e1 inicio el 2 de enero finalizando el 21\/28 de febrero (dependiendo el inicio del ciclo lectivo). Los alumnos estar\u00e1n acompa\u00f1ados por un equipo de profesionales integrado por: 18 docentes (Educaci\u00f3n F\u00edsica, Educaci\u00f3n Especial y Nivel Inicial); 9 auxiliares (Estudiantes de Educaci\u00f3n F\u00edsica y Nivel Inicial); 3 guardavidas; 1 enfermera presencial y servicio de asistencia m\u00e9dica.<\/h3>\n<p><img decoding=\"async\" class=\"wp-image-26068 aligncenter\" src=\"https:\/\/apuntesdesanluis.com\/wp-content\/uploads\/2024\/12\/colonia-de-verano-en-merlo-300x177.jpg\" alt=\"\" width=\"669\" height=\"395\" srcset=\"https:\/\/apuntesdesanluis.com\/wp-content\/uploads\/2024\/12\/colonia-de-verano-en-merlo-300x177.jpg 300w, https:\/\/apuntesdesanluis.com\/wp-content\/uploads\/2024\/12\/colonia-de-verano-en-merlo-768x452.jpg 768w, https:\/\/apuntesdesanluis.com\/wp-content\/uploads\/2024\/12\/colonia-de-verano-en-merlo.jpg 800w\" sizes=\"(max-width: 669px) 100vw, 669px\" \/><\/p>\n<h3><\/h3>\n<p>&nbsp;<\/p>\n<p>&nbsp;<\/p>\n<p>&nbsp;<\/p>\n<p>&nbsp;<\/p>\n<p>&nbsp;<\/p>\n<p>&nbsp;<\/p>\n","protected":false},"excerpt":{"rendered":"<p>La Municipalidad de la Villa de Merlo, a trav\u00e9s de la Secretar\u00eda de Gobierno y&#8230;<\/p>\n","protected":false},"author":1,"featured_media":26067,"comment_status":"closed","ping_status":"closed","sticky":false,"template":"","format":"standard","meta":{"footnotes":""},"categories":[6],"tags":[],"class_list":["post-26066","post","type-post","status-publish","format-standard","has-post-thumbnail","hentry","category-ciudad-provincia"],"yoast_head":"<!-- This site is optimized with the Yoast SEO plugin v26.1.1 - https:\/\/yoast.com\/wordpress\/plugins\/seo\/ -->\n<title>ABREN INSCRIPCIONES PARA LA COLONIA MUNICIPAL DE VERANO EN MERLO - Apuntes de San Luis<\/title>\n<meta name=\"robots\" content=\"index, follow, max-snippet:-1, max-image-preview:large, max-video-preview:-1\" \/>\n<link rel=\"canonical\" href=\"https:\/\/apuntesdesanluis.com\/index.php\/2024\/11\/30\/abren-inscripciones-para-la-colonia-municipal-de-verano-en-merlo\/\" \/>\n<meta property=\"og:locale\" content=\"es_ES\" \/>\n<meta property=\"og:type\" content=\"article\" \/>\n<meta property=\"og:title\" content=\"ABREN INSCRIPCIONES PARA LA COLONIA MUNICIPAL DE VERANO EN MERLO - Apuntes de San Luis\" \/>\n<meta property=\"og:description\" content=\"La Municipalidad de la Villa de Merlo, a trav\u00e9s de la Secretar\u00eda de Gobierno y...\" \/>\n<meta property=\"og:url\" content=\"https:\/\/apuntesdesanluis.com\/index.php\/2024\/11\/30\/abren-inscripciones-para-la-colonia-municipal-de-verano-en-merlo\/\" \/>\n<meta property=\"og:site_name\" content=\"Apuntes de San Luis\" \/>\n<meta property=\"article:published_time\" content=\"2024-12-01T01:02:03+00:00\" \/>\n<meta property=\"article:modified_time\" content=\"2024-12-02T18:45:39+00:00\" \/>\n<meta property=\"og:image\" content=\"https:\/\/apuntesdesanluis.com\/wp-content\/uploads\/2024\/12\/PILETA-MERLO.jpg\" \/>\n\t<meta property=\"og:image:width\" content=\"800\" \/>\n\t<meta property=\"og:image:height\" content=\"520\" \/>\n\t<meta property=\"og:image:type\" content=\"image\/jpeg\" \/>\n<meta name=\"author\" content=\"apuntesdesanluis.com\" \/>\n<meta name=\"twitter:card\" content=\"summary_large_image\" \/>\n<meta name=\"twitter:label1\" content=\"Escrito por\" \/>\n\t<meta name=\"twitter:data1\" content=\"apuntesdesanluis.com\" \/>\n\t<meta name=\"twitter:label2\" content=\"Tiempo de lectura\" \/>\n\t<meta name=\"twitter:data2\" content=\"2 minutos\" \/>\n<script type=\"application\/ld+json\" class=\"yoast-schema-graph\">{\"@context\":\"https:\/\/schema.org\",\"@graph\":[{\"@type\":\"Article\",\"@id\":\"https:\/\/apuntesdesanluis.com\/index.php\/2024\/11\/30\/abren-inscripciones-para-la-colonia-municipal-de-verano-en-merlo\/#article\",\"isPartOf\":{\"@id\":\"https:\/\/apuntesdesanluis.com\/index.php\/2024\/11\/30\/abren-inscripciones-para-la-colonia-municipal-de-verano-en-merlo\/\"},\"author\":{\"name\":\"apuntesdesanluis.com\",\"@id\":\"https:\/\/apuntesdesanluis.com\/#\/schema\/person\/b55151d52296fcce64d1a72538a70b90\"},\"headline\":\"ABREN INSCRIPCIONES PARA LA COLONIA MUNICIPAL DE VERANO EN MERLO\",\"datePublished\":\"2024-12-01T01:02:03+00:00\",\"dateModified\":\"2024-12-02T18:45:39+00:00\",\"mainEntityOfPage\":{\"@id\":\"https:\/\/apuntesdesanluis.com\/index.php\/2024\/11\/30\/abren-inscripciones-para-la-colonia-municipal-de-verano-en-merlo\/\"},\"wordCount\":319,\"publisher\":{\"@id\":\"https:\/\/apuntesdesanluis.com\/#\/schema\/person\/b55151d52296fcce64d1a72538a70b90\"},\"image\":{\"@id\":\"https:\/\/apuntesdesanluis.com\/index.php\/2024\/11\/30\/abren-inscripciones-para-la-colonia-municipal-de-verano-en-merlo\/#primaryimage\"},\"thumbnailUrl\":\"https:\/\/apuntesdesanluis.com\/wp-content\/uploads\/2024\/12\/PILETA-MERLO.jpg\",\"articleSection\":[\"Ciudad\/Provincia\"],\"inLanguage\":\"es-AR\"},{\"@type\":\"WebPage\",\"@id\":\"https:\/\/apuntesdesanluis.com\/index.php\/2024\/11\/30\/abren-inscripciones-para-la-colonia-municipal-de-verano-en-merlo\/\",\"url\":\"https:\/\/apuntesdesanluis.com\/index.php\/2024\/11\/30\/abren-inscripciones-para-la-colonia-municipal-de-verano-en-merlo\/\",\"name\":\"ABREN INSCRIPCIONES PARA LA COLONIA MUNICIPAL DE VERANO EN MERLO - Apuntes de San Luis\",\"isPartOf\":{\"@id\":\"https:\/\/apuntesdesanluis.com\/#website\"},\"primaryImageOfPage\":{\"@id\":\"https:\/\/apuntesdesanluis.com\/index.php\/2024\/11\/30\/abren-inscripciones-para-la-colonia-municipal-de-verano-en-merlo\/#primaryimage\"},\"image\":{\"@id\":\"https:\/\/apuntesdesanluis.com\/index.php\/2024\/11\/30\/abren-inscripciones-para-la-colonia-municipal-de-verano-en-merlo\/#primaryimage\"},\"thumbnailUrl\":\"https:\/\/apuntesdesanluis.com\/wp-content\/uploads\/2024\/12\/PILETA-MERLO.jpg\",\"datePublished\":\"2024-12-01T01:02:03+00:00\",\"dateModified\":\"2024-12-02T18:45:39+00:00\",\"breadcrumb\":{\"@id\":\"https:\/\/apuntesdesanluis.com\/index.php\/2024\/11\/30\/abren-inscripciones-para-la-colonia-municipal-de-verano-en-merlo\/#breadcrumb\"},\"inLanguage\":\"es-AR\",\"potentialAction\":[{\"@type\":\"ReadAction\",\"target\":[\"https:\/\/apuntesdesanluis.com\/index.php\/2024\/11\/30\/abren-inscripciones-para-la-colonia-municipal-de-verano-en-merlo\/\"]}]},{\"@type\":\"ImageObject\",\"inLanguage\":\"es-AR\",\"@id\":\"https:\/\/apuntesdesanluis.com\/index.php\/2024\/11\/30\/abren-inscripciones-para-la-colonia-municipal-de-verano-en-merlo\/#primaryimage\",\"url\":\"https:\/\/apuntesdesanluis.com\/wp-content\/uploads\/2024\/12\/PILETA-MERLO.jpg\",\"contentUrl\":\"https:\/\/apuntesdesanluis.com\/wp-content\/uploads\/2024\/12\/PILETA-MERLO.jpg\",\"width\":800,\"height\":520},{\"@type\":\"BreadcrumbList\",\"@id\":\"https:\/\/apuntesdesanluis.com\/index.php\/2024\/11\/30\/abren-inscripciones-para-la-colonia-municipal-de-verano-en-merlo\/#breadcrumb\",\"itemListElement\":[{\"@type\":\"ListItem\",\"position\":1,\"name\":\"Inicio\",\"item\":\"https:\/\/apuntesdesanluis.com\/\"},{\"@type\":\"ListItem\",\"position\":2,\"name\":\"ABREN INSCRIPCIONES PARA LA COLONIA MUNICIPAL DE VERANO EN MERLO\"}]},{\"@type\":\"WebSite\",\"@id\":\"https:\/\/apuntesdesanluis.com\/#website\",\"url\":\"https:\/\/apuntesdesanluis.com\/\",\"name\":\"Apuntes de San Luis\",\"description\":\"\",\"publisher\":{\"@id\":\"https:\/\/apuntesdesanluis.com\/#\/schema\/person\/b55151d52296fcce64d1a72538a70b90\"},\"potentialAction\":[{\"@type\":\"SearchAction\",\"target\":{\"@type\":\"EntryPoint\",\"urlTemplate\":\"https:\/\/apuntesdesanluis.com\/?s={search_term_string}\"},\"query-input\":{\"@type\":\"PropertyValueSpecification\",\"valueRequired\":true,\"valueName\":\"search_term_string\"}}],\"inLanguage\":\"es-AR\"},{\"@type\":[\"Person\",\"Organization\"],\"@id\":\"https:\/\/apuntesdesanluis.com\/#\/schema\/person\/b55151d52296fcce64d1a72538a70b90\",\"name\":\"apuntesdesanluis.com\",\"image\":{\"@type\":\"ImageObject\",\"inLanguage\":\"es-AR\",\"@id\":\"https:\/\/apuntesdesanluis.com\/#\/schema\/person\/image\/\",\"url\":\"https:\/\/apuntesdesanluis.com\/wp-content\/uploads\/2023\/07\/cropped-apuntesdesanluis.png\",\"contentUrl\":\"https:\/\/apuntesdesanluis.com\/wp-content\/uploads\/2023\/07\/cropped-apuntesdesanluis.png\",\"width\":450,\"height\":112,\"caption\":\"apuntesdesanluis.com\"},\"logo\":{\"@id\":\"https:\/\/apuntesdesanluis.com\/#\/schema\/person\/image\/\"},\"sameAs\":[\"https:\/\/apuntesdesanluis.com\"],\"url\":\"https:\/\/apuntesdesanluis.com\/index.php\/author\/apuntesdesanluis-com\/\"}]}<\/script>\n<!-- \/ Yoast SEO plugin. -->","yoast_head_json":{"title":"ABREN INSCRIPCIONES PARA LA COLONIA MUNICIPAL DE VERANO EN MERLO - Apuntes de San Luis","robots":{"index":"index","follow":"follow","max-snippet":"max-snippet:-1","max-image-preview":"max-image-preview:large","max-video-preview":"max-video-preview:-1"},"canonical":"https:\/\/apuntesdesanluis.com\/index.php\/2024\/11\/30\/abren-inscripciones-para-la-colonia-municipal-de-verano-en-merlo\/","og_locale":"es_ES","og_type":"article","og_title":"ABREN INSCRIPCIONES PARA LA COLONIA MUNICIPAL DE VERANO EN MERLO - Apuntes de San Luis","og_description":"La Municipalidad de la Villa de Merlo, a trav\u00e9s de la Secretar\u00eda de Gobierno y...","og_url":"https:\/\/apuntesdesanluis.com\/index.php\/2024\/11\/30\/abren-inscripciones-para-la-colonia-municipal-de-verano-en-merlo\/","og_site_name":"Apuntes de San Luis","article_published_time":"2024-12-01T01:02:03+00:00","article_modified_time":"2024-12-02T18:45:39+00:00","og_image":[{"width":800,"height":520,"url":"https:\/\/apuntesdesanluis.com\/wp-content\/uploads\/2024\/12\/PILETA-MERLO.jpg","type":"image\/jpeg"}],"author":"apuntesdesanluis.com","twitter_card":"summary_large_image","twitter_misc":{"Escrito por":"apuntesdesanluis.com","Tiempo de lectura":"2 minutos"},"schema":{"@context":"https:\/\/schema.org","@graph":[{"@type":"Article","@id":"https:\/\/apuntesdesanluis.com\/index.php\/2024\/11\/30\/abren-inscripciones-para-la-colonia-municipal-de-verano-en-merlo\/#article","isPartOf":{"@id":"https:\/\/apuntesdesanluis.com\/index.php\/2024\/11\/30\/abren-inscripciones-para-la-colonia-municipal-de-verano-en-merlo\/"},"author":{"name":"apuntesdesanluis.com","@id":"https:\/\/apuntesdesanluis.com\/#\/schema\/person\/b55151d52296fcce64d1a72538a70b90"},"headline":"ABREN INSCRIPCIONES PARA LA COLONIA MUNICIPAL DE VERANO EN MERLO","datePublished":"2024-12-01T01:02:03+00:00","dateModified":"2024-12-02T18:45:39+00:00","mainEntityOfPage":{"@id":"https:\/\/apuntesdesanluis.com\/index.php\/2024\/11\/30\/abren-inscripciones-para-la-colonia-municipal-de-verano-en-merlo\/"},"wordCount":319,"publisher":{"@id":"https:\/\/apuntesdesanluis.com\/#\/schema\/person\/b55151d52296fcce64d1a72538a70b90"},"image":{"@id":"https:\/\/apuntesdesanluis.com\/index.php\/2024\/11\/30\/abren-inscripciones-para-la-colonia-municipal-de-verano-en-merlo\/#primaryimage"},"thumbnailUrl":"https:\/\/apuntesdesanluis.com\/wp-content\/uploads\/2024\/12\/PILETA-MERLO.jpg","articleSection":["Ciudad\/Provincia"],"inLanguage":"es-AR"},{"@type":"WebPage","@id":"https:\/\/apuntesdesanluis.com\/index.php\/2024\/11\/30\/abren-inscripciones-para-la-colonia-municipal-de-verano-en-merlo\/","url":"https:\/\/apuntesdesanluis.com\/index.php\/2024\/11\/30\/abren-inscripciones-para-la-colonia-municipal-de-verano-en-merlo\/","name":"ABREN INSCRIPCIONES PARA LA COLONIA MUNICIPAL DE VERANO EN MERLO - Apuntes de San Luis","isPartOf":{"@id":"https:\/\/apuntesdesanluis.com\/#website"},"primaryImageOfPage":{"@id":"https:\/\/apuntesdesanluis.com\/index.php\/2024\/11\/30\/abren-inscripciones-para-la-colonia-municipal-de-verano-en-merlo\/#primaryimage"},"image":{"@id":"https:\/\/apuntesdesanluis.com\/index.php\/2024\/11\/30\/abren-inscripciones-para-la-colonia-municipal-de-verano-en-merlo\/#primaryimage"},"thumbnailUrl":"https:\/\/apuntesdesanluis.com\/wp-content\/uploads\/2024\/12\/PILETA-MERLO.jpg","datePublished":"2024-12-01T01:02:03+00:00","dateModified":"2024-12-02T18:45:39+00:00","breadcrumb":{"@id":"https:\/\/apuntesdesanluis.com\/index.php\/2024\/11\/30\/abren-inscripciones-para-la-colonia-municipal-de-verano-en-merlo\/#breadcrumb"},"inLanguage":"es-AR","potentialAction":[{"@type":"ReadAction","target":["https:\/\/apuntesdesanluis.com\/index.php\/2024\/11\/30\/abren-inscripciones-para-la-colonia-municipal-de-verano-en-merlo\/"]}]},{"@type":"ImageObject","inLanguage":"es-AR","@id":"https:\/\/apuntesdesanluis.com\/index.php\/2024\/11\/30\/abren-inscripciones-para-la-colonia-municipal-de-verano-en-merlo\/#primaryimage","url":"https:\/\/apuntesdesanluis.com\/wp-content\/uploads\/2024\/12\/PILETA-MERLO.jpg","contentUrl":"https:\/\/apuntesdesanluis.com\/wp-content\/uploads\/2024\/12\/PILETA-MERLO.jpg","width":800,"height":520},{"@type":"BreadcrumbList","@id":"https:\/\/apuntesdesanluis.com\/index.php\/2024\/11\/30\/abren-inscripciones-para-la-colonia-municipal-de-verano-en-merlo\/#breadcrumb","itemListElement":[{"@type":"ListItem","position":1,"name":"Inicio","item":"https:\/\/apuntesdesanluis.com\/"},{"@type":"ListItem","position":2,"name":"ABREN INSCRIPCIONES PARA LA COLONIA MUNICIPAL DE VERANO EN MERLO"}]},{"@type":"WebSite","@id":"https:\/\/apuntesdesanluis.com\/#website","url":"https:\/\/apuntesdesanluis.com\/","name":"Apuntes de San Luis","description":"","publisher":{"@id":"https:\/\/apuntesdesanluis.com\/#\/schema\/person\/b55151d52296fcce64d1a72538a70b90"},"potentialAction":[{"@type":"SearchAction","target":{"@type":"EntryPoint","urlTemplate":"https:\/\/apuntesdesanluis.com\/?s={search_term_string}"},"query-input":{"@type":"PropertyValueSpecification","valueRequired":true,"valueName":"search_term_string"}}],"inLanguage":"es-AR"},{"@type":["Person","Organization"],"@id":"https:\/\/apuntesdesanluis.com\/#\/schema\/person\/b55151d52296fcce64d1a72538a70b90","name":"apuntesdesanluis.com","image":{"@type":"ImageObject","inLanguage":"es-AR","@id":"https:\/\/apuntesdesanluis.com\/#\/schema\/person\/image\/","url":"https:\/\/apuntesdesanluis.com\/wp-content\/uploads\/2023\/07\/cropped-apuntesdesanluis.png","contentUrl":"https:\/\/apuntesdesanluis.com\/wp-content\/uploads\/2023\/07\/cropped-apuntesdesanluis.png","width":450,"height":112,"caption":"apuntesdesanluis.com"},"logo":{"@id":"https:\/\/apuntesdesanluis.com\/#\/schema\/person\/image\/"},"sameAs":["https:\/\/apuntesdesanluis.com"],"url":"https:\/\/apuntesdesanluis.com\/index.php\/author\/apuntesdesanluis-com\/"}]}},"featured_image_urls":{"full":["https:\/\/apuntesdesanluis.com\/wp-content\/uploads\/2024\/12\/PILETA-MERLO.jpg",800,520,false],"thumbnail":["https:\/\/apuntesdesanluis.com\/wp-content\/uploads\/2024\/12\/PILETA-MERLO-150x150.jpg",150,150,true],"medium":["https:\/\/apuntesdesanluis.com\/wp-content\/uploads\/2024\/12\/PILETA-MERLO-300x195.jpg",300,195,true],"medium_large":["https:\/\/apuntesdesanluis.com\/wp-content\/uploads\/2024\/12\/PILETA-MERLO-768x499.jpg",640,416,true],"large":["https:\/\/apuntesdesanluis.com\/wp-content\/uploads\/2024\/12\/PILETA-MERLO.jpg",640,416,false],"1536x1536":["https:\/\/apuntesdesanluis.com\/wp-content\/uploads\/2024\/12\/PILETA-MERLO.jpg",800,520,false],"2048x2048":["https:\/\/apuntesdesanluis.com\/wp-content\/uploads\/2024\/12\/PILETA-MERLO.jpg",800,520,false],"newsever-slider-full":["https:\/\/apuntesdesanluis.com\/wp-content\/uploads\/2024\/12\/PILETA-MERLO.jpg",800,520,false],"newsever-featured":["https:\/\/apuntesdesanluis.com\/wp-content\/uploads\/2024\/12\/PILETA-MERLO.jpg",800,520,false],"newsever-medium":["https:\/\/apuntesdesanluis.com\/wp-content\/uploads\/2024\/12\/PILETA-MERLO-720x475.jpg",720,475,true]},"author_info":{"display_name":"apuntesdesanluis.com","author_link":"https:\/\/apuntesdesanluis.com\/index.php\/author\/apuntesdesanluis-com\/"},"category_info":"<a href=\"https:\/\/apuntesdesanluis.com\/index.php\/category\/ciudad-provincia\/\" rel=\"category tag\">Ciudad\/Provincia<\/a>","tag_info":"Ciudad\/Provincia","comment_count":"0","_links":{"self":[{"href":"https:\/\/apuntesdesanluis.com\/index.php\/wp-json\/wp\/v2\/posts\/26066","targetHints":{"allow":["GET"]}}],"collection":[{"href":"https:\/\/apuntesdesanluis.com\/index.php\/wp-json\/wp\/v2\/posts"}],"about":[{"href":"https:\/\/apuntesdesanluis.com\/index.php\/wp-json\/wp\/v2\/types\/post"}],"author":[{"embeddable":true,"href":"https:\/\/apuntesdesanluis.com\/index.php\/wp-json\/wp\/v2\/users\/1"}],"replies":[{"embeddable":true,"href":"https:\/\/apuntesdesanluis.com\/index.php\/wp-json\/wp\/v2\/comments?post=26066"}],"version-history":[{"count":4,"href":"https:\/\/apuntesdesanluis.com\/index.php\/wp-json\/wp\/v2\/posts\/26066\/revisions"}],"predecessor-version":[{"id":26081,"href":"https:\/\/apuntesdesanluis.com\/index.php\/wp-json\/wp\/v2\/posts\/26066\/revisions\/26081"}],"wp:featuredmedia":[{"embeddable":true,"href":"https:\/\/apuntesdesanluis.com\/index.php\/wp-json\/wp\/v2\/media\/26067"}],"wp:attachment":[{"href":"https:\/\/apuntesdesanluis.com\/index.php\/wp-json\/wp\/v2\/media?parent=26066"}],"wp:term":[{"taxonomy":"category","embeddable":true,"href":"https:\/\/apuntesdesanluis.com\/index.php\/wp-json\/wp\/v2\/categories?post=26066"},{"taxonomy":"post_tag","embeddable":true,"href":"https:\/\/apuntesdesanluis.com\/index.php\/wp-json\/wp\/v2\/tags?post=26066"}],"curies":[{"name":"wp","href":"https:\/\/api.w.org\/{rel}","templated":true}]}}