{"id":26070,"date":"2024-12-02T15:28:35","date_gmt":"2024-12-02T18:28:35","guid":{"rendered":"https:\/\/apuntesdesanluis.com\/?p=26070"},"modified":"2024-12-02T15:31:03","modified_gmt":"2024-12-02T18:31:03","slug":"miercoles-4-dia-no-laborable-para-los-empleados-publicos","status":"publish","type":"post","link":"https:\/\/apuntesdesanluis.com\/index.php\/2024\/12\/02\/miercoles-4-dia-no-laborable-para-los-empleados-publicos\/","title":{"rendered":"MI\u00c9RCOLES 4, D\u00cdA NO LABORABLE PARA LOS EMPLEADOS P\u00daBLICOS"},"content":{"rendered":"<h3>As\u00ed lo establece la ley provincial, que instituy\u00f3 ese d\u00eda de cada a\u00f1o como d\u00eda no laborable para el personal de la administraci\u00f3n p\u00fablica.<\/h3>\n<h3>No habr\u00e1 asistencia a los lugares de trabajo para el personal de todos los sectores, incluidas la administraci\u00f3n central y sus reparticiones descentralizadas.<\/h3>\n<h3>El art\u00edculo 21 de la Ley XV-0390-2004 instituye al 4 de diciembre como el D\u00eda del Empleado P\u00fablico Provincial. \u201cEsta fecha lo ser\u00e1 con exclusi\u00f3n de cualquier otra fijada en forma legal o consensuada, en todas las actividades desarrolladas en el \u00e1mbito de la Administraci\u00f3n P\u00fablica Provincial. Ese d\u00eda ser\u00e1 NO LABORABLE para el personal de todos los sectores de la Administraci\u00f3n P\u00fablica, incluyendo la Administraci\u00f3n Central y reparticiones descentralizadas de la misma\u201d, reza el texto de la norma.<\/h3>\n<h3><strong>FIESTA<\/strong><\/h3>\n<h3>Este martes, los agentes de la administraci\u00f3n p\u00fablica celebrar\u00e1n su d\u00eda\u00a0<strong>a partir de las 19:00 en el play\u00f3n de boxes de Potrero de los Funes<\/strong>. Cada uno de los empleados que se anot\u00f3 en el Portal del Gobierno ya puede pedir el voucher en sus lugares de trabajo y as\u00ed poder acceder a la amplia variedad de men\u00fas y bebidas a precios accesibles en los m\u00e1s de 40 foodtrucks que se inscribieron para ser parte de esta gran celebraci\u00f3n organizada por el Estado provincial. Los tickets incluir\u00e1n dos aguas minerales que se podr\u00e1n canjear en los puestos de hidrataci\u00f3n que estar\u00e1n dentro del predio.<\/h3>\n<h3>En esta oportunidad,\u00a0<strong>los empleados contar\u00e1n con $20.000 para poder gastar en comidas y bebidas<\/strong>\u00a0a precios que ya est\u00e1n definidos y que comprenden un plato principal y una bebida. Cada uno de los puestos tendr\u00e1 dos opciones de men\u00fas que parten desde los $5.000 hasta los $10.000 inclusive (todos incluyen algo para tomar).<\/h3>\n<p>&nbsp;<\/p>\n<p>&nbsp;<\/p>\n<p>&nbsp;<\/p>\n<p>&nbsp;<\/p>\n<p>&nbsp;<\/p>\n<p>&nbsp;<\/p>\n","protected":false},"excerpt":{"rendered":"<p>As\u00ed lo establece la ley provincial, que instituy\u00f3 ese d\u00eda de cada a\u00f1o como d\u00eda&#8230;<\/p>\n","protected":false},"author":1,"featured_media":21222,"comment_status":"closed","ping_status":"closed","sticky":false,"template":"","format":"standard","meta":{"footnotes":""},"categories":[6],"tags":[],"class_list":["post-26070","post","type-post","status-publish","format-standard","has-post-thumbnail","hentry","category-ciudad-provincia"],"yoast_head":"<!-- This site is optimized with the Yoast SEO plugin v26.1.1 - https:\/\/yoast.com\/wordpress\/plugins\/seo\/ -->\n<title>MI\u00c9RCOLES 4, D\u00cdA NO LABORABLE PARA LOS EMPLEADOS P\u00daBLICOS - Apuntes de San Luis<\/title>\n<meta name=\"robots\" content=\"index, follow, max-snippet:-1, max-image-preview:large, max-video-preview:-1\" \/>\n<link rel=\"canonical\" href=\"https:\/\/apuntesdesanluis.com\/index.php\/2024\/12\/02\/miercoles-4-dia-no-laborable-para-los-empleados-publicos\/\" \/>\n<meta property=\"og:locale\" content=\"es_ES\" \/>\n<meta property=\"og:type\" content=\"article\" \/>\n<meta property=\"og:title\" content=\"MI\u00c9RCOLES 4, D\u00cdA NO LABORABLE PARA LOS EMPLEADOS P\u00daBLICOS - Apuntes de San Luis\" \/>\n<meta property=\"og:description\" content=\"As\u00ed lo establece la ley provincial, que instituy\u00f3 ese d\u00eda de cada a\u00f1o como d\u00eda...\" \/>\n<meta property=\"og:url\" content=\"https:\/\/apuntesdesanluis.com\/index.php\/2024\/12\/02\/miercoles-4-dia-no-laborable-para-los-empleados-publicos\/\" \/>\n<meta property=\"og:site_name\" content=\"Apuntes de San Luis\" \/>\n<meta property=\"article:published_time\" content=\"2024-12-02T18:28:35+00:00\" \/>\n<meta property=\"article:modified_time\" content=\"2024-12-02T18:31:03+00:00\" \/>\n<meta property=\"og:image\" content=\"https:\/\/apuntesdesanluis.com\/wp-content\/uploads\/2024\/08\/TERRAZAS.png\" \/>\n\t<meta property=\"og:image:width\" content=\"703\" \/>\n\t<meta property=\"og:image:height\" content=\"389\" \/>\n\t<meta property=\"og:image:type\" content=\"image\/png\" \/>\n<meta name=\"author\" content=\"apuntesdesanluis.com\" \/>\n<meta name=\"twitter:card\" content=\"summary_large_image\" \/>\n<meta name=\"twitter:label1\" content=\"Escrito por\" \/>\n\t<meta name=\"twitter:data1\" content=\"apuntesdesanluis.com\" \/>\n\t<meta name=\"twitter:label2\" content=\"Tiempo de lectura\" \/>\n\t<meta name=\"twitter:data2\" content=\"2 minutos\" \/>\n<script type=\"application\/ld+json\" class=\"yoast-schema-graph\">{\"@context\":\"https:\/\/schema.org\",\"@graph\":[{\"@type\":\"Article\",\"@id\":\"https:\/\/apuntesdesanluis.com\/index.php\/2024\/12\/02\/miercoles-4-dia-no-laborable-para-los-empleados-publicos\/#article\",\"isPartOf\":{\"@id\":\"https:\/\/apuntesdesanluis.com\/index.php\/2024\/12\/02\/miercoles-4-dia-no-laborable-para-los-empleados-publicos\/\"},\"author\":{\"name\":\"apuntesdesanluis.com\",\"@id\":\"https:\/\/apuntesdesanluis.com\/#\/schema\/person\/b55151d52296fcce64d1a72538a70b90\"},\"headline\":\"MI\u00c9RCOLES 4, D\u00cdA NO LABORABLE PARA LOS EMPLEADOS P\u00daBLICOS\",\"datePublished\":\"2024-12-02T18:28:35+00:00\",\"dateModified\":\"2024-12-02T18:31:03+00:00\",\"mainEntityOfPage\":{\"@id\":\"https:\/\/apuntesdesanluis.com\/index.php\/2024\/12\/02\/miercoles-4-dia-no-laborable-para-los-empleados-publicos\/\"},\"wordCount\":328,\"publisher\":{\"@id\":\"https:\/\/apuntesdesanluis.com\/#\/schema\/person\/b55151d52296fcce64d1a72538a70b90\"},\"image\":{\"@id\":\"https:\/\/apuntesdesanluis.com\/index.php\/2024\/12\/02\/miercoles-4-dia-no-laborable-para-los-empleados-publicos\/#primaryimage\"},\"thumbnailUrl\":\"https:\/\/apuntesdesanluis.com\/wp-content\/uploads\/2024\/08\/TERRAZAS.png\",\"articleSection\":[\"Ciudad\/Provincia\"],\"inLanguage\":\"es-AR\"},{\"@type\":\"WebPage\",\"@id\":\"https:\/\/apuntesdesanluis.com\/index.php\/2024\/12\/02\/miercoles-4-dia-no-laborable-para-los-empleados-publicos\/\",\"url\":\"https:\/\/apuntesdesanluis.com\/index.php\/2024\/12\/02\/miercoles-4-dia-no-laborable-para-los-empleados-publicos\/\",\"name\":\"MI\u00c9RCOLES 4, D\u00cdA NO LABORABLE PARA LOS EMPLEADOS P\u00daBLICOS - Apuntes de San Luis\",\"isPartOf\":{\"@id\":\"https:\/\/apuntesdesanluis.com\/#website\"},\"primaryImageOfPage\":{\"@id\":\"https:\/\/apuntesdesanluis.com\/index.php\/2024\/12\/02\/miercoles-4-dia-no-laborable-para-los-empleados-publicos\/#primaryimage\"},\"image\":{\"@id\":\"https:\/\/apuntesdesanluis.com\/index.php\/2024\/12\/02\/miercoles-4-dia-no-laborable-para-los-empleados-publicos\/#primaryimage\"},\"thumbnailUrl\":\"https:\/\/apuntesdesanluis.com\/wp-content\/uploads\/2024\/08\/TERRAZAS.png\",\"datePublished\":\"2024-12-02T18:28:35+00:00\",\"dateModified\":\"2024-12-02T18:31:03+00:00\",\"breadcrumb\":{\"@id\":\"https:\/\/apuntesdesanluis.com\/index.php\/2024\/12\/02\/miercoles-4-dia-no-laborable-para-los-empleados-publicos\/#breadcrumb\"},\"inLanguage\":\"es-AR\",\"potentialAction\":[{\"@type\":\"ReadAction\",\"target\":[\"https:\/\/apuntesdesanluis.com\/index.php\/2024\/12\/02\/miercoles-4-dia-no-laborable-para-los-empleados-publicos\/\"]}]},{\"@type\":\"ImageObject\",\"inLanguage\":\"es-AR\",\"@id\":\"https:\/\/apuntesdesanluis.com\/index.php\/2024\/12\/02\/miercoles-4-dia-no-laborable-para-los-empleados-publicos\/#primaryimage\",\"url\":\"https:\/\/apuntesdesanluis.com\/wp-content\/uploads\/2024\/08\/TERRAZAS.png\",\"contentUrl\":\"https:\/\/apuntesdesanluis.com\/wp-content\/uploads\/2024\/08\/TERRAZAS.png\",\"width\":703,\"height\":389},{\"@type\":\"BreadcrumbList\",\"@id\":\"https:\/\/apuntesdesanluis.com\/index.php\/2024\/12\/02\/miercoles-4-dia-no-laborable-para-los-empleados-publicos\/#breadcrumb\",\"itemListElement\":[{\"@type\":\"ListItem\",\"position\":1,\"name\":\"Inicio\",\"item\":\"https:\/\/apuntesdesanluis.com\/\"},{\"@type\":\"ListItem\",\"position\":2,\"name\":\"MI\u00c9RCOLES 4, D\u00cdA NO LABORABLE PARA LOS EMPLEADOS P\u00daBLICOS\"}]},{\"@type\":\"WebSite\",\"@id\":\"https:\/\/apuntesdesanluis.com\/#website\",\"url\":\"https:\/\/apuntesdesanluis.com\/\",\"name\":\"Apuntes de San Luis\",\"description\":\"\",\"publisher\":{\"@id\":\"https:\/\/apuntesdesanluis.com\/#\/schema\/person\/b55151d52296fcce64d1a72538a70b90\"},\"potentialAction\":[{\"@type\":\"SearchAction\",\"target\":{\"@type\":\"EntryPoint\",\"urlTemplate\":\"https:\/\/apuntesdesanluis.com\/?s={search_term_string}\"},\"query-input\":{\"@type\":\"PropertyValueSpecification\",\"valueRequired\":true,\"valueName\":\"search_term_string\"}}],\"inLanguage\":\"es-AR\"},{\"@type\":[\"Person\",\"Organization\"],\"@id\":\"https:\/\/apuntesdesanluis.com\/#\/schema\/person\/b55151d52296fcce64d1a72538a70b90\",\"name\":\"apuntesdesanluis.com\",\"image\":{\"@type\":\"ImageObject\",\"inLanguage\":\"es-AR\",\"@id\":\"https:\/\/apuntesdesanluis.com\/#\/schema\/person\/image\/\",\"url\":\"https:\/\/apuntesdesanluis.com\/wp-content\/uploads\/2023\/07\/cropped-apuntesdesanluis.png\",\"contentUrl\":\"https:\/\/apuntesdesanluis.com\/wp-content\/uploads\/2023\/07\/cropped-apuntesdesanluis.png\",\"width\":450,\"height\":112,\"caption\":\"apuntesdesanluis.com\"},\"logo\":{\"@id\":\"https:\/\/apuntesdesanluis.com\/#\/schema\/person\/image\/\"},\"sameAs\":[\"https:\/\/apuntesdesanluis.com\"],\"url\":\"https:\/\/apuntesdesanluis.com\/index.php\/author\/apuntesdesanluis-com\/\"}]}<\/script>\n<!-- \/ Yoast SEO plugin. -->","yoast_head_json":{"title":"MI\u00c9RCOLES 4, D\u00cdA NO LABORABLE PARA LOS EMPLEADOS P\u00daBLICOS - Apuntes de San Luis","robots":{"index":"index","follow":"follow","max-snippet":"max-snippet:-1","max-image-preview":"max-image-preview:large","max-video-preview":"max-video-preview:-1"},"canonical":"https:\/\/apuntesdesanluis.com\/index.php\/2024\/12\/02\/miercoles-4-dia-no-laborable-para-los-empleados-publicos\/","og_locale":"es_ES","og_type":"article","og_title":"MI\u00c9RCOLES 4, D\u00cdA NO LABORABLE PARA LOS EMPLEADOS P\u00daBLICOS - Apuntes de San Luis","og_description":"As\u00ed lo establece la ley provincial, que instituy\u00f3 ese d\u00eda de cada a\u00f1o como d\u00eda...","og_url":"https:\/\/apuntesdesanluis.com\/index.php\/2024\/12\/02\/miercoles-4-dia-no-laborable-para-los-empleados-publicos\/","og_site_name":"Apuntes de San Luis","article_published_time":"2024-12-02T18:28:35+00:00","article_modified_time":"2024-12-02T18:31:03+00:00","og_image":[{"width":703,"height":389,"url":"https:\/\/apuntesdesanluis.com\/wp-content\/uploads\/2024\/08\/TERRAZAS.png","type":"image\/png"}],"author":"apuntesdesanluis.com","twitter_card":"summary_large_image","twitter_misc":{"Escrito por":"apuntesdesanluis.com","Tiempo de lectura":"2 minutos"},"schema":{"@context":"https:\/\/schema.org","@graph":[{"@type":"Article","@id":"https:\/\/apuntesdesanluis.com\/index.php\/2024\/12\/02\/miercoles-4-dia-no-laborable-para-los-empleados-publicos\/#article","isPartOf":{"@id":"https:\/\/apuntesdesanluis.com\/index.php\/2024\/12\/02\/miercoles-4-dia-no-laborable-para-los-empleados-publicos\/"},"author":{"name":"apuntesdesanluis.com","@id":"https:\/\/apuntesdesanluis.com\/#\/schema\/person\/b55151d52296fcce64d1a72538a70b90"},"headline":"MI\u00c9RCOLES 4, D\u00cdA NO LABORABLE PARA LOS EMPLEADOS P\u00daBLICOS","datePublished":"2024-12-02T18:28:35+00:00","dateModified":"2024-12-02T18:31:03+00:00","mainEntityOfPage":{"@id":"https:\/\/apuntesdesanluis.com\/index.php\/2024\/12\/02\/miercoles-4-dia-no-laborable-para-los-empleados-publicos\/"},"wordCount":328,"publisher":{"@id":"https:\/\/apuntesdesanluis.com\/#\/schema\/person\/b55151d52296fcce64d1a72538a70b90"},"image":{"@id":"https:\/\/apuntesdesanluis.com\/index.php\/2024\/12\/02\/miercoles-4-dia-no-laborable-para-los-empleados-publicos\/#primaryimage"},"thumbnailUrl":"https:\/\/apuntesdesanluis.com\/wp-content\/uploads\/2024\/08\/TERRAZAS.png","articleSection":["Ciudad\/Provincia"],"inLanguage":"es-AR"},{"@type":"WebPage","@id":"https:\/\/apuntesdesanluis.com\/index.php\/2024\/12\/02\/miercoles-4-dia-no-laborable-para-los-empleados-publicos\/","url":"https:\/\/apuntesdesanluis.com\/index.php\/2024\/12\/02\/miercoles-4-dia-no-laborable-para-los-empleados-publicos\/","name":"MI\u00c9RCOLES 4, D\u00cdA NO LABORABLE PARA LOS EMPLEADOS P\u00daBLICOS - Apuntes de San Luis","isPartOf":{"@id":"https:\/\/apuntesdesanluis.com\/#website"},"primaryImageOfPage":{"@id":"https:\/\/apuntesdesanluis.com\/index.php\/2024\/12\/02\/miercoles-4-dia-no-laborable-para-los-empleados-publicos\/#primaryimage"},"image":{"@id":"https:\/\/apuntesdesanluis.com\/index.php\/2024\/12\/02\/miercoles-4-dia-no-laborable-para-los-empleados-publicos\/#primaryimage"},"thumbnailUrl":"https:\/\/apuntesdesanluis.com\/wp-content\/uploads\/2024\/08\/TERRAZAS.png","datePublished":"2024-12-02T18:28:35+00:00","dateModified":"2024-12-02T18:31:03+00:00","breadcrumb":{"@id":"https:\/\/apuntesdesanluis.com\/index.php\/2024\/12\/02\/miercoles-4-dia-no-laborable-para-los-empleados-publicos\/#breadcrumb"},"inLanguage":"es-AR","potentialAction":[{"@type":"ReadAction","target":["https:\/\/apuntesdesanluis.com\/index.php\/2024\/12\/02\/miercoles-4-dia-no-laborable-para-los-empleados-publicos\/"]}]},{"@type":"ImageObject","inLanguage":"es-AR","@id":"https:\/\/apuntesdesanluis.com\/index.php\/2024\/12\/02\/miercoles-4-dia-no-laborable-para-los-empleados-publicos\/#primaryimage","url":"https:\/\/apuntesdesanluis.com\/wp-content\/uploads\/2024\/08\/TERRAZAS.png","contentUrl":"https:\/\/apuntesdesanluis.com\/wp-content\/uploads\/2024\/08\/TERRAZAS.png","width":703,"height":389},{"@type":"BreadcrumbList","@id":"https:\/\/apuntesdesanluis.com\/index.php\/2024\/12\/02\/miercoles-4-dia-no-laborable-para-los-empleados-publicos\/#breadcrumb","itemListElement":[{"@type":"ListItem","position":1,"name":"Inicio","item":"https:\/\/apuntesdesanluis.com\/"},{"@type":"ListItem","position":2,"name":"MI\u00c9RCOLES 4, D\u00cdA NO LABORABLE PARA LOS EMPLEADOS P\u00daBLICOS"}]},{"@type":"WebSite","@id":"https:\/\/apuntesdesanluis.com\/#website","url":"https:\/\/apuntesdesanluis.com\/","name":"Apuntes de San Luis","description":"","publisher":{"@id":"https:\/\/apuntesdesanluis.com\/#\/schema\/person\/b55151d52296fcce64d1a72538a70b90"},"potentialAction":[{"@type":"SearchAction","target":{"@type":"EntryPoint","urlTemplate":"https:\/\/apuntesdesanluis.com\/?s={search_term_string}"},"query-input":{"@type":"PropertyValueSpecification","valueRequired":true,"valueName":"search_term_string"}}],"inLanguage":"es-AR"},{"@type":["Person","Organization"],"@id":"https:\/\/apuntesdesanluis.com\/#\/schema\/person\/b55151d52296fcce64d1a72538a70b90","name":"apuntesdesanluis.com","image":{"@type":"ImageObject","inLanguage":"es-AR","@id":"https:\/\/apuntesdesanluis.com\/#\/schema\/person\/image\/","url":"https:\/\/apuntesdesanluis.com\/wp-content\/uploads\/2023\/07\/cropped-apuntesdesanluis.png","contentUrl":"https:\/\/apuntesdesanluis.com\/wp-content\/uploads\/2023\/07\/cropped-apuntesdesanluis.png","width":450,"height":112,"caption":"apuntesdesanluis.com"},"logo":{"@id":"https:\/\/apuntesdesanluis.com\/#\/schema\/person\/image\/"},"sameAs":["https:\/\/apuntesdesanluis.com"],"url":"https:\/\/apuntesdesanluis.com\/index.php\/author\/apuntesdesanluis-com\/"}]}},"featured_image_urls":{"full":["https:\/\/apuntesdesanluis.com\/wp-content\/uploads\/2024\/08\/TERRAZAS.png",703,389,false],"thumbnail":["https:\/\/apuntesdesanluis.com\/wp-content\/uploads\/2024\/08\/TERRAZAS-150x150.png",150,150,true],"medium":["https:\/\/apuntesdesanluis.com\/wp-content\/uploads\/2024\/08\/TERRAZAS-300x166.png",300,166,true],"medium_large":["https:\/\/apuntesdesanluis.com\/wp-content\/uploads\/2024\/08\/TERRAZAS.png",640,354,false],"large":["https:\/\/apuntesdesanluis.com\/wp-content\/uploads\/2024\/08\/TERRAZAS.png",640,354,false],"1536x1536":["https:\/\/apuntesdesanluis.com\/wp-content\/uploads\/2024\/08\/TERRAZAS.png",703,389,false],"2048x2048":["https:\/\/apuntesdesanluis.com\/wp-content\/uploads\/2024\/08\/TERRAZAS.png",703,389,false],"newsever-slider-full":["https:\/\/apuntesdesanluis.com\/wp-content\/uploads\/2024\/08\/TERRAZAS.png",703,389,false],"newsever-featured":["https:\/\/apuntesdesanluis.com\/wp-content\/uploads\/2024\/08\/TERRAZAS.png",703,389,false],"newsever-medium":["https:\/\/apuntesdesanluis.com\/wp-content\/uploads\/2024\/08\/TERRAZAS.png",703,389,false]},"author_info":{"display_name":"apuntesdesanluis.com","author_link":"https:\/\/apuntesdesanluis.com\/index.php\/author\/apuntesdesanluis-com\/"},"category_info":"<a href=\"https:\/\/apuntesdesanluis.com\/index.php\/category\/ciudad-provincia\/\" rel=\"category tag\">Ciudad\/Provincia<\/a>","tag_info":"Ciudad\/Provincia","comment_count":"0","_links":{"self":[{"href":"https:\/\/apuntesdesanluis.com\/index.php\/wp-json\/wp\/v2\/posts\/26070","targetHints":{"allow":["GET"]}}],"collection":[{"href":"https:\/\/apuntesdesanluis.com\/index.php\/wp-json\/wp\/v2\/posts"}],"about":[{"href":"https:\/\/apuntesdesanluis.com\/index.php\/wp-json\/wp\/v2\/types\/post"}],"author":[{"embeddable":true,"href":"https:\/\/apuntesdesanluis.com\/index.php\/wp-json\/wp\/v2\/users\/1"}],"replies":[{"embeddable":true,"href":"https:\/\/apuntesdesanluis.com\/index.php\/wp-json\/wp\/v2\/comments?post=26070"}],"version-history":[{"count":2,"href":"https:\/\/apuntesdesanluis.com\/index.php\/wp-json\/wp\/v2\/posts\/26070\/revisions"}],"predecessor-version":[{"id":26072,"href":"https:\/\/apuntesdesanluis.com\/index.php\/wp-json\/wp\/v2\/posts\/26070\/revisions\/26072"}],"wp:featuredmedia":[{"embeddable":true,"href":"https:\/\/apuntesdesanluis.com\/index.php\/wp-json\/wp\/v2\/media\/21222"}],"wp:attachment":[{"href":"https:\/\/apuntesdesanluis.com\/index.php\/wp-json\/wp\/v2\/media?parent=26070"}],"wp:term":[{"taxonomy":"category","embeddable":true,"href":"https:\/\/apuntesdesanluis.com\/index.php\/wp-json\/wp\/v2\/categories?post=26070"},{"taxonomy":"post_tag","embeddable":true,"href":"https:\/\/apuntesdesanluis.com\/index.php\/wp-json\/wp\/v2\/tags?post=26070"}],"curies":[{"name":"wp","href":"https:\/\/api.w.org\/{rel}","templated":true}]}}