{"id":26073,"date":"2024-12-02T15:38:21","date_gmt":"2024-12-02T18:38:21","guid":{"rendered":"https:\/\/apuntesdesanluis.com\/?p=26073"},"modified":"2024-12-02T15:38:59","modified_gmt":"2024-12-02T18:38:59","slug":"piden-la-elevacion-a-juicio-contra-cinco-imputados-por-multiples-delitos","status":"publish","type":"post","link":"https:\/\/apuntesdesanluis.com\/index.php\/2024\/12\/02\/piden-la-elevacion-a-juicio-contra-cinco-imputados-por-multiples-delitos\/","title":{"rendered":"PIDEN LA ELEVACI\u00d3N A JUICIO CONTRA CINCO IMPUTADOS POR M\u00daLTIPLES DELITOS"},"content":{"rendered":"<h3>El Fiscal de Instrucci\u00f3n N\u00b0 3 de la Primera Circunscripci\u00f3n, Esteban Roche, present\u00f3 este lunes, ante el Juzgado de Garant\u00eda N\u00b0 2, la acusaci\u00f3n contra cinco personas imputadas en m\u00faltiples delitos. El m\u00e1s grave es el homicidio agravado por el uso de arma de fuego ocurrido 22 de enero de 2023 en el Barrio San Mart\u00edn de la ciudad de San Luis y cuya v\u00edctima se llamaba <strong>Carlos Magallanes<\/strong>.<\/h3>\n<h3>Roche tambi\u00e9n realiz\u00f3 el requerimiento de apertura a juicio con el correspondiente ofrecimiento de prueba y el pedido de pr\u00f3rroga de prisi\u00f3n preventiva contra <strong>Franco Pizarro<\/strong>, acusado de seis delitos y por quien la Fiscal\u00eda pidi\u00f3 una pena de 20 a\u00f1os prisi\u00f3n. La presentaci\u00f3n del fiscal fue notificada al resto de las partes (querella, v\u00edctima y defensa), para que puedan efectuar las presentaciones pertinentes en el t\u00e9rmino de cinco d\u00edas h\u00e1biles.<\/h3>\n<h3>A Pizarro tambi\u00e9n se le imputaron los delitos de homicidio agravado por el uso de arma de fuego en grado de tentativa en perjuicio de un amigo de la v\u00edctima; abuso de arma de fuego, amenazas, resistencia de la autoridad y hurto agravado; todos en concurso real. La lista de delitos que presuntamente cometi\u00f3 el acusado ocurri\u00f3 entre enero de 2023 y enero de 2024.<\/h3>\n<h3>La audiencia de control es la instancia previa a la realizaci\u00f3n del debate oral.<\/h3>\n<h3><strong>EL HOMICIDIO<\/strong><\/h3>\n<h3>Magallanes, de 29 a\u00f1os, falleci\u00f3 tras ser baleado en la puerta de su casa ubicada en la calle Brasil al 900. El ataque se produjo en la madrugada, cerca de las 5:30, cuando un veh\u00edculo se detuvo cerca de su domicilio y desde all\u00ed dispararon tres veces contra \u00e9l. Horas m\u00e1s tarde, la v\u00edctima muri\u00f3 en el hospital \u201cRam\u00f3n Carrillo\u201d a causa de las heridas.<\/h3>\n<h3>En el momento del ataque, Magallanes estaba acompa\u00f1ado por otros dos hombres, uno de los cuales tambi\u00e9n fue alcanzado por un proyectil, aunque no necesit\u00f3 atenci\u00f3n m\u00e9dica. El hecho fue observado por varias personas que reconocieron al atacante inmediatamente.<\/h3>\n<h3>\u201cPizarro huy\u00f3 del lugar por calle Brasil, deteni\u00e9ndose en la intersecci\u00f3n de calle Lavalle, bajando del veh\u00edculo para sacar la placa patente trasera, y continuar su marcha por Ant\u00e1rtida Argentina con direcci\u00f3n al B\u00b0 1 de mayo\u201d, narr\u00f3 Roche.<\/h3>\n<p><img fetchpriority=\"high\" decoding=\"async\" class=\"wp-image-26075 aligncenter\" src=\"https:\/\/apuntesdesanluis.com\/wp-content\/uploads\/2024\/12\/PIZARRO-EN-SAN-GERONIMO-300x219.png\" alt=\"\" width=\"651\" height=\"475\" srcset=\"https:\/\/apuntesdesanluis.com\/wp-content\/uploads\/2024\/12\/PIZARRO-EN-SAN-GERONIMO-300x219.png 300w, https:\/\/apuntesdesanluis.com\/wp-content\/uploads\/2024\/12\/PIZARRO-EN-SAN-GERONIMO-768x562.png 768w, https:\/\/apuntesdesanluis.com\/wp-content\/uploads\/2024\/12\/PIZARRO-EN-SAN-GERONIMO.png 800w\" sizes=\"(max-width: 651px) 100vw, 651px\" \/><\/p>\n<h3>Tras permanecer pr\u00f3fugo de la Justicia, el imputado fue detenido dos semanas despu\u00e9s del crimen, el 7 de febrero de 2023, por un disturbio ocurrido en el camping La Perseverancia de San Ger\u00f3nimo. Fue capturado por la Polic\u00eda tras una intensa persecuci\u00f3n.<\/h3>\n<h3><strong>LAS OTRAS PERSONAS ACUSADAS<\/strong><\/h3>\n<h3>Adem\u00e1s de Franco Gonzalo Pizarro, han sido imputados por distintos delitos: Luis Eduardo Alcaraz, Emiliano Yeiton Ferreyra, Jesica Elizabeth Guzm\u00e1n y Estefan\u00eda Carolina Pizarro. A continuaci\u00f3n, se detallan algunos de los casos m\u00e1s relevantes de acuerdo con la acusaci\u00f3n desarrollada por la Fiscal\u00eda N\u00b0 3:<\/h3>\n<h3>El 3 de febrero de 2023, Franco Gonzalo Pizarro dispar\u00f3 dos veces contra Brahim Alexander Sosa en el Barrio San Luis XV, sin causar heridas. Posteriormente, apunt\u00f3 con el mismo arma al jefe de la Comisar\u00eda Seccional 23, Comisario V\u00edctor Miguel Herrera, quien se encontraba en la puerta de la comisar\u00eda. Al poco tiempo, Luis Eduardo Alcaraz caus\u00f3 da\u00f1os en el veh\u00edculo de Sosa, rompiendo todos los vidrios de su autom\u00f3vil.<\/h3>\n<h3>El 5 de febrero de 2023, Pizarro y Emiliano Yeiton Ferreyra fueron acusados de amenazar y agredir a la supervisora del camping La Perseverancia en San Jer\u00f3nimo. Al negarse a pagar el ingreso, los imputados reaccionaron violentamente, insultando y amenazando a la v\u00edctima, mostrando una ri\u00f1onera como si llevaran un arma. Tras un intento de fuga, fueron interceptados por la polic\u00eda, quienes los persiguieron por la Ruta 15.<\/h3>\n<h3>El 16 de septiembre de 2023, Pizarro, junto con Guzm\u00e1n, utiliz\u00f3 un dispositivo denominado pandora para abrir una camioneta Ford Ranger estacionada en el Aut\u00f3dromo Rosendo Hern\u00e1ndez y sustraer $180.000 en efectivo. Alcaraz, quien los esperaba en un veh\u00edculo, los ayud\u00f3 a repartir el dinero. A pesar de que la polic\u00eda logr\u00f3 recuperar una parte del dinero, los imputados fueron detenidos.<\/h3>\n<h3>El 24 de enero de 2024, Franco y Estefan\u00eda Carolina Pizarro fueron detenidos por resistirse a la autoridad y amenazar a una oficial de polic\u00eda en el Barrio Pucar\u00e1. Durante el incidente, Estefan\u00eda portaba cuchillos y amenaz\u00f3 a la agente con matarla. Los imputados tambi\u00e9n intentaron arrebatar las armas de los polic\u00edas, pero fueron reducidos con el apoyo de refuerzos.<\/h3>\n<h3><strong>CALIFICACI\u00d3N LEGAL Y PRETENSI\u00d3N PUNITIVA<\/strong><\/h3>\n<h3>En el caso de Franco Gonzalo Pizarro, se le atribuyen delitos como homicidio agravado, abuso de arma de fuego, amenazas y resistencia a la autoridad, entre otros. La fiscal\u00eda ha solicitado una pena de 20 a\u00f1os de prisi\u00f3n. En cuanto a Luis Eduardo Alcaraz, se le acusa de da\u00f1os y hurto agravado, con una pena solicitada de 3 a\u00f1os de prisi\u00f3n. Emiliano Yeiton Ferreyra y Estefan\u00eda Carolina Pizarro enfrentan penas de un a\u00f1o de prisi\u00f3n por su participaci\u00f3n en hechos de resistencia a la autoridad y amenazas. Con respecto a Jesica Elizabeth Guzm\u00e1n, la fiscal\u00eda pide una pena de 2 a\u00f1os y medio de prisi\u00f3n por su implicaci\u00f3n en el hurto agravado.<\/h3>\n<p>&nbsp;<\/p>\n<p>&nbsp;<\/p>\n<p>&nbsp;<\/p>\n<p><strong>\u00a0<\/strong><\/p>\n<p>&nbsp;<\/p>\n<p><strong>\u00a0<\/strong><\/p>\n","protected":false},"excerpt":{"rendered":"<p>El Fiscal de Instrucci\u00f3n N\u00b0 3 de la Primera Circunscripci\u00f3n, Esteban Roche, present\u00f3 este lunes,&#8230;<\/p>\n","protected":false},"author":1,"featured_media":26074,"comment_status":"closed","ping_status":"closed","sticky":false,"template":"","format":"standard","meta":{"footnotes":""},"categories":[6],"tags":[],"class_list":["post-26073","post","type-post","status-publish","format-standard","has-post-thumbnail","hentry","category-ciudad-provincia"],"yoast_head":"<!-- This site is optimized with the Yoast SEO plugin v26.1.1 - https:\/\/yoast.com\/wordpress\/plugins\/seo\/ -->\n<title>PIDEN LA ELEVACI\u00d3N A JUICIO CONTRA CINCO IMPUTADOS POR M\u00daLTIPLES DELITOS - Apuntes de San Luis<\/title>\n<meta name=\"robots\" content=\"index, follow, max-snippet:-1, max-image-preview:large, max-video-preview:-1\" \/>\n<link rel=\"canonical\" href=\"https:\/\/apuntesdesanluis.com\/index.php\/2024\/12\/02\/piden-la-elevacion-a-juicio-contra-cinco-imputados-por-multiples-delitos\/\" \/>\n<meta property=\"og:locale\" content=\"es_ES\" \/>\n<meta property=\"og:type\" content=\"article\" \/>\n<meta property=\"og:title\" content=\"PIDEN LA ELEVACI\u00d3N A JUICIO CONTRA CINCO IMPUTADOS POR M\u00daLTIPLES DELITOS - Apuntes de San Luis\" \/>\n<meta property=\"og:description\" content=\"El Fiscal de Instrucci\u00f3n N\u00b0 3 de la Primera Circunscripci\u00f3n, Esteban Roche, present\u00f3 este lunes,...\" \/>\n<meta property=\"og:url\" content=\"https:\/\/apuntesdesanluis.com\/index.php\/2024\/12\/02\/piden-la-elevacion-a-juicio-contra-cinco-imputados-por-multiples-delitos\/\" \/>\n<meta property=\"og:site_name\" content=\"Apuntes de San Luis\" \/>\n<meta property=\"article:published_time\" content=\"2024-12-02T18:38:21+00:00\" \/>\n<meta property=\"article:modified_time\" content=\"2024-12-02T18:38:59+00:00\" \/>\n<meta property=\"og:image\" content=\"https:\/\/apuntesdesanluis.com\/wp-content\/uploads\/2024\/12\/FRANCO-PIZARRO.png\" \/>\n\t<meta property=\"og:image:width\" content=\"800\" \/>\n\t<meta property=\"og:image:height\" content=\"474\" \/>\n\t<meta property=\"og:image:type\" content=\"image\/png\" \/>\n<meta name=\"author\" content=\"apuntesdesanluis.com\" \/>\n<meta name=\"twitter:card\" content=\"summary_large_image\" \/>\n<meta name=\"twitter:label1\" content=\"Escrito por\" \/>\n\t<meta name=\"twitter:data1\" content=\"apuntesdesanluis.com\" \/>\n\t<meta name=\"twitter:label2\" content=\"Tiempo de lectura\" \/>\n\t<meta name=\"twitter:data2\" content=\"5 minutos\" \/>\n<script type=\"application\/ld+json\" class=\"yoast-schema-graph\">{\"@context\":\"https:\/\/schema.org\",\"@graph\":[{\"@type\":\"Article\",\"@id\":\"https:\/\/apuntesdesanluis.com\/index.php\/2024\/12\/02\/piden-la-elevacion-a-juicio-contra-cinco-imputados-por-multiples-delitos\/#article\",\"isPartOf\":{\"@id\":\"https:\/\/apuntesdesanluis.com\/index.php\/2024\/12\/02\/piden-la-elevacion-a-juicio-contra-cinco-imputados-por-multiples-delitos\/\"},\"author\":{\"name\":\"apuntesdesanluis.com\",\"@id\":\"https:\/\/apuntesdesanluis.com\/#\/schema\/person\/b55151d52296fcce64d1a72538a70b90\"},\"headline\":\"PIDEN LA ELEVACI\u00d3N A JUICIO CONTRA CINCO IMPUTADOS POR M\u00daLTIPLES DELITOS\",\"datePublished\":\"2024-12-02T18:38:21+00:00\",\"dateModified\":\"2024-12-02T18:38:59+00:00\",\"mainEntityOfPage\":{\"@id\":\"https:\/\/apuntesdesanluis.com\/index.php\/2024\/12\/02\/piden-la-elevacion-a-juicio-contra-cinco-imputados-por-multiples-delitos\/\"},\"wordCount\":906,\"publisher\":{\"@id\":\"https:\/\/apuntesdesanluis.com\/#\/schema\/person\/b55151d52296fcce64d1a72538a70b90\"},\"image\":{\"@id\":\"https:\/\/apuntesdesanluis.com\/index.php\/2024\/12\/02\/piden-la-elevacion-a-juicio-contra-cinco-imputados-por-multiples-delitos\/#primaryimage\"},\"thumbnailUrl\":\"https:\/\/apuntesdesanluis.com\/wp-content\/uploads\/2024\/12\/FRANCO-PIZARRO.png\",\"articleSection\":[\"Ciudad\/Provincia\"],\"inLanguage\":\"es-AR\"},{\"@type\":\"WebPage\",\"@id\":\"https:\/\/apuntesdesanluis.com\/index.php\/2024\/12\/02\/piden-la-elevacion-a-juicio-contra-cinco-imputados-por-multiples-delitos\/\",\"url\":\"https:\/\/apuntesdesanluis.com\/index.php\/2024\/12\/02\/piden-la-elevacion-a-juicio-contra-cinco-imputados-por-multiples-delitos\/\",\"name\":\"PIDEN LA ELEVACI\u00d3N A JUICIO CONTRA CINCO IMPUTADOS POR M\u00daLTIPLES DELITOS - Apuntes de San Luis\",\"isPartOf\":{\"@id\":\"https:\/\/apuntesdesanluis.com\/#website\"},\"primaryImageOfPage\":{\"@id\":\"https:\/\/apuntesdesanluis.com\/index.php\/2024\/12\/02\/piden-la-elevacion-a-juicio-contra-cinco-imputados-por-multiples-delitos\/#primaryimage\"},\"image\":{\"@id\":\"https:\/\/apuntesdesanluis.com\/index.php\/2024\/12\/02\/piden-la-elevacion-a-juicio-contra-cinco-imputados-por-multiples-delitos\/#primaryimage\"},\"thumbnailUrl\":\"https:\/\/apuntesdesanluis.com\/wp-content\/uploads\/2024\/12\/FRANCO-PIZARRO.png\",\"datePublished\":\"2024-12-02T18:38:21+00:00\",\"dateModified\":\"2024-12-02T18:38:59+00:00\",\"breadcrumb\":{\"@id\":\"https:\/\/apuntesdesanluis.com\/index.php\/2024\/12\/02\/piden-la-elevacion-a-juicio-contra-cinco-imputados-por-multiples-delitos\/#breadcrumb\"},\"inLanguage\":\"es-AR\",\"potentialAction\":[{\"@type\":\"ReadAction\",\"target\":[\"https:\/\/apuntesdesanluis.com\/index.php\/2024\/12\/02\/piden-la-elevacion-a-juicio-contra-cinco-imputados-por-multiples-delitos\/\"]}]},{\"@type\":\"ImageObject\",\"inLanguage\":\"es-AR\",\"@id\":\"https:\/\/apuntesdesanluis.com\/index.php\/2024\/12\/02\/piden-la-elevacion-a-juicio-contra-cinco-imputados-por-multiples-delitos\/#primaryimage\",\"url\":\"https:\/\/apuntesdesanluis.com\/wp-content\/uploads\/2024\/12\/FRANCO-PIZARRO.png\",\"contentUrl\":\"https:\/\/apuntesdesanluis.com\/wp-content\/uploads\/2024\/12\/FRANCO-PIZARRO.png\",\"width\":800,\"height\":474},{\"@type\":\"BreadcrumbList\",\"@id\":\"https:\/\/apuntesdesanluis.com\/index.php\/2024\/12\/02\/piden-la-elevacion-a-juicio-contra-cinco-imputados-por-multiples-delitos\/#breadcrumb\",\"itemListElement\":[{\"@type\":\"ListItem\",\"position\":1,\"name\":\"Inicio\",\"item\":\"https:\/\/apuntesdesanluis.com\/\"},{\"@type\":\"ListItem\",\"position\":2,\"name\":\"PIDEN LA ELEVACI\u00d3N A JUICIO CONTRA CINCO IMPUTADOS POR M\u00daLTIPLES DELITOS\"}]},{\"@type\":\"WebSite\",\"@id\":\"https:\/\/apuntesdesanluis.com\/#website\",\"url\":\"https:\/\/apuntesdesanluis.com\/\",\"name\":\"Apuntes de San Luis\",\"description\":\"\",\"publisher\":{\"@id\":\"https:\/\/apuntesdesanluis.com\/#\/schema\/person\/b55151d52296fcce64d1a72538a70b90\"},\"potentialAction\":[{\"@type\":\"SearchAction\",\"target\":{\"@type\":\"EntryPoint\",\"urlTemplate\":\"https:\/\/apuntesdesanluis.com\/?s={search_term_string}\"},\"query-input\":{\"@type\":\"PropertyValueSpecification\",\"valueRequired\":true,\"valueName\":\"search_term_string\"}}],\"inLanguage\":\"es-AR\"},{\"@type\":[\"Person\",\"Organization\"],\"@id\":\"https:\/\/apuntesdesanluis.com\/#\/schema\/person\/b55151d52296fcce64d1a72538a70b90\",\"name\":\"apuntesdesanluis.com\",\"image\":{\"@type\":\"ImageObject\",\"inLanguage\":\"es-AR\",\"@id\":\"https:\/\/apuntesdesanluis.com\/#\/schema\/person\/image\/\",\"url\":\"https:\/\/apuntesdesanluis.com\/wp-content\/uploads\/2023\/07\/cropped-apuntesdesanluis.png\",\"contentUrl\":\"https:\/\/apuntesdesanluis.com\/wp-content\/uploads\/2023\/07\/cropped-apuntesdesanluis.png\",\"width\":450,\"height\":112,\"caption\":\"apuntesdesanluis.com\"},\"logo\":{\"@id\":\"https:\/\/apuntesdesanluis.com\/#\/schema\/person\/image\/\"},\"sameAs\":[\"https:\/\/apuntesdesanluis.com\"],\"url\":\"https:\/\/apuntesdesanluis.com\/index.php\/author\/apuntesdesanluis-com\/\"}]}<\/script>\n<!-- \/ Yoast SEO plugin. -->","yoast_head_json":{"title":"PIDEN LA ELEVACI\u00d3N A JUICIO CONTRA CINCO IMPUTADOS POR M\u00daLTIPLES DELITOS - Apuntes de San Luis","robots":{"index":"index","follow":"follow","max-snippet":"max-snippet:-1","max-image-preview":"max-image-preview:large","max-video-preview":"max-video-preview:-1"},"canonical":"https:\/\/apuntesdesanluis.com\/index.php\/2024\/12\/02\/piden-la-elevacion-a-juicio-contra-cinco-imputados-por-multiples-delitos\/","og_locale":"es_ES","og_type":"article","og_title":"PIDEN LA ELEVACI\u00d3N A JUICIO CONTRA CINCO IMPUTADOS POR M\u00daLTIPLES DELITOS - Apuntes de San Luis","og_description":"El Fiscal de Instrucci\u00f3n N\u00b0 3 de la Primera Circunscripci\u00f3n, Esteban Roche, present\u00f3 este lunes,...","og_url":"https:\/\/apuntesdesanluis.com\/index.php\/2024\/12\/02\/piden-la-elevacion-a-juicio-contra-cinco-imputados-por-multiples-delitos\/","og_site_name":"Apuntes de San Luis","article_published_time":"2024-12-02T18:38:21+00:00","article_modified_time":"2024-12-02T18:38:59+00:00","og_image":[{"width":800,"height":474,"url":"https:\/\/apuntesdesanluis.com\/wp-content\/uploads\/2024\/12\/FRANCO-PIZARRO.png","type":"image\/png"}],"author":"apuntesdesanluis.com","twitter_card":"summary_large_image","twitter_misc":{"Escrito por":"apuntesdesanluis.com","Tiempo de lectura":"5 minutos"},"schema":{"@context":"https:\/\/schema.org","@graph":[{"@type":"Article","@id":"https:\/\/apuntesdesanluis.com\/index.php\/2024\/12\/02\/piden-la-elevacion-a-juicio-contra-cinco-imputados-por-multiples-delitos\/#article","isPartOf":{"@id":"https:\/\/apuntesdesanluis.com\/index.php\/2024\/12\/02\/piden-la-elevacion-a-juicio-contra-cinco-imputados-por-multiples-delitos\/"},"author":{"name":"apuntesdesanluis.com","@id":"https:\/\/apuntesdesanluis.com\/#\/schema\/person\/b55151d52296fcce64d1a72538a70b90"},"headline":"PIDEN LA ELEVACI\u00d3N A JUICIO CONTRA CINCO IMPUTADOS POR M\u00daLTIPLES DELITOS","datePublished":"2024-12-02T18:38:21+00:00","dateModified":"2024-12-02T18:38:59+00:00","mainEntityOfPage":{"@id":"https:\/\/apuntesdesanluis.com\/index.php\/2024\/12\/02\/piden-la-elevacion-a-juicio-contra-cinco-imputados-por-multiples-delitos\/"},"wordCount":906,"publisher":{"@id":"https:\/\/apuntesdesanluis.com\/#\/schema\/person\/b55151d52296fcce64d1a72538a70b90"},"image":{"@id":"https:\/\/apuntesdesanluis.com\/index.php\/2024\/12\/02\/piden-la-elevacion-a-juicio-contra-cinco-imputados-por-multiples-delitos\/#primaryimage"},"thumbnailUrl":"https:\/\/apuntesdesanluis.com\/wp-content\/uploads\/2024\/12\/FRANCO-PIZARRO.png","articleSection":["Ciudad\/Provincia"],"inLanguage":"es-AR"},{"@type":"WebPage","@id":"https:\/\/apuntesdesanluis.com\/index.php\/2024\/12\/02\/piden-la-elevacion-a-juicio-contra-cinco-imputados-por-multiples-delitos\/","url":"https:\/\/apuntesdesanluis.com\/index.php\/2024\/12\/02\/piden-la-elevacion-a-juicio-contra-cinco-imputados-por-multiples-delitos\/","name":"PIDEN LA ELEVACI\u00d3N A JUICIO CONTRA CINCO IMPUTADOS POR M\u00daLTIPLES DELITOS - Apuntes de San Luis","isPartOf":{"@id":"https:\/\/apuntesdesanluis.com\/#website"},"primaryImageOfPage":{"@id":"https:\/\/apuntesdesanluis.com\/index.php\/2024\/12\/02\/piden-la-elevacion-a-juicio-contra-cinco-imputados-por-multiples-delitos\/#primaryimage"},"image":{"@id":"https:\/\/apuntesdesanluis.com\/index.php\/2024\/12\/02\/piden-la-elevacion-a-juicio-contra-cinco-imputados-por-multiples-delitos\/#primaryimage"},"thumbnailUrl":"https:\/\/apuntesdesanluis.com\/wp-content\/uploads\/2024\/12\/FRANCO-PIZARRO.png","datePublished":"2024-12-02T18:38:21+00:00","dateModified":"2024-12-02T18:38:59+00:00","breadcrumb":{"@id":"https:\/\/apuntesdesanluis.com\/index.php\/2024\/12\/02\/piden-la-elevacion-a-juicio-contra-cinco-imputados-por-multiples-delitos\/#breadcrumb"},"inLanguage":"es-AR","potentialAction":[{"@type":"ReadAction","target":["https:\/\/apuntesdesanluis.com\/index.php\/2024\/12\/02\/piden-la-elevacion-a-juicio-contra-cinco-imputados-por-multiples-delitos\/"]}]},{"@type":"ImageObject","inLanguage":"es-AR","@id":"https:\/\/apuntesdesanluis.com\/index.php\/2024\/12\/02\/piden-la-elevacion-a-juicio-contra-cinco-imputados-por-multiples-delitos\/#primaryimage","url":"https:\/\/apuntesdesanluis.com\/wp-content\/uploads\/2024\/12\/FRANCO-PIZARRO.png","contentUrl":"https:\/\/apuntesdesanluis.com\/wp-content\/uploads\/2024\/12\/FRANCO-PIZARRO.png","width":800,"height":474},{"@type":"BreadcrumbList","@id":"https:\/\/apuntesdesanluis.com\/index.php\/2024\/12\/02\/piden-la-elevacion-a-juicio-contra-cinco-imputados-por-multiples-delitos\/#breadcrumb","itemListElement":[{"@type":"ListItem","position":1,"name":"Inicio","item":"https:\/\/apuntesdesanluis.com\/"},{"@type":"ListItem","position":2,"name":"PIDEN LA ELEVACI\u00d3N A JUICIO CONTRA CINCO IMPUTADOS POR M\u00daLTIPLES DELITOS"}]},{"@type":"WebSite","@id":"https:\/\/apuntesdesanluis.com\/#website","url":"https:\/\/apuntesdesanluis.com\/","name":"Apuntes de San Luis","description":"","publisher":{"@id":"https:\/\/apuntesdesanluis.com\/#\/schema\/person\/b55151d52296fcce64d1a72538a70b90"},"potentialAction":[{"@type":"SearchAction","target":{"@type":"EntryPoint","urlTemplate":"https:\/\/apuntesdesanluis.com\/?s={search_term_string}"},"query-input":{"@type":"PropertyValueSpecification","valueRequired":true,"valueName":"search_term_string"}}],"inLanguage":"es-AR"},{"@type":["Person","Organization"],"@id":"https:\/\/apuntesdesanluis.com\/#\/schema\/person\/b55151d52296fcce64d1a72538a70b90","name":"apuntesdesanluis.com","image":{"@type":"ImageObject","inLanguage":"es-AR","@id":"https:\/\/apuntesdesanluis.com\/#\/schema\/person\/image\/","url":"https:\/\/apuntesdesanluis.com\/wp-content\/uploads\/2023\/07\/cropped-apuntesdesanluis.png","contentUrl":"https:\/\/apuntesdesanluis.com\/wp-content\/uploads\/2023\/07\/cropped-apuntesdesanluis.png","width":450,"height":112,"caption":"apuntesdesanluis.com"},"logo":{"@id":"https:\/\/apuntesdesanluis.com\/#\/schema\/person\/image\/"},"sameAs":["https:\/\/apuntesdesanluis.com"],"url":"https:\/\/apuntesdesanluis.com\/index.php\/author\/apuntesdesanluis-com\/"}]}},"featured_image_urls":{"full":["https:\/\/apuntesdesanluis.com\/wp-content\/uploads\/2024\/12\/FRANCO-PIZARRO.png",800,474,false],"thumbnail":["https:\/\/apuntesdesanluis.com\/wp-content\/uploads\/2024\/12\/FRANCO-PIZARRO-150x150.png",150,150,true],"medium":["https:\/\/apuntesdesanluis.com\/wp-content\/uploads\/2024\/12\/FRANCO-PIZARRO-300x178.png",300,178,true],"medium_large":["https:\/\/apuntesdesanluis.com\/wp-content\/uploads\/2024\/12\/FRANCO-PIZARRO-768x455.png",640,379,true],"large":["https:\/\/apuntesdesanluis.com\/wp-content\/uploads\/2024\/12\/FRANCO-PIZARRO.png",640,379,false],"1536x1536":["https:\/\/apuntesdesanluis.com\/wp-content\/uploads\/2024\/12\/FRANCO-PIZARRO.png",800,474,false],"2048x2048":["https:\/\/apuntesdesanluis.com\/wp-content\/uploads\/2024\/12\/FRANCO-PIZARRO.png",800,474,false],"newsever-slider-full":["https:\/\/apuntesdesanluis.com\/wp-content\/uploads\/2024\/12\/FRANCO-PIZARRO.png",800,474,false],"newsever-featured":["https:\/\/apuntesdesanluis.com\/wp-content\/uploads\/2024\/12\/FRANCO-PIZARRO.png",800,474,false],"newsever-medium":["https:\/\/apuntesdesanluis.com\/wp-content\/uploads\/2024\/12\/FRANCO-PIZARRO-720x474.png",720,474,true]},"author_info":{"display_name":"apuntesdesanluis.com","author_link":"https:\/\/apuntesdesanluis.com\/index.php\/author\/apuntesdesanluis-com\/"},"category_info":"<a href=\"https:\/\/apuntesdesanluis.com\/index.php\/category\/ciudad-provincia\/\" rel=\"category tag\">Ciudad\/Provincia<\/a>","tag_info":"Ciudad\/Provincia","comment_count":"0","_links":{"self":[{"href":"https:\/\/apuntesdesanluis.com\/index.php\/wp-json\/wp\/v2\/posts\/26073","targetHints":{"allow":["GET"]}}],"collection":[{"href":"https:\/\/apuntesdesanluis.com\/index.php\/wp-json\/wp\/v2\/posts"}],"about":[{"href":"https:\/\/apuntesdesanluis.com\/index.php\/wp-json\/wp\/v2\/types\/post"}],"author":[{"embeddable":true,"href":"https:\/\/apuntesdesanluis.com\/index.php\/wp-json\/wp\/v2\/users\/1"}],"replies":[{"embeddable":true,"href":"https:\/\/apuntesdesanluis.com\/index.php\/wp-json\/wp\/v2\/comments?post=26073"}],"version-history":[{"count":2,"href":"https:\/\/apuntesdesanluis.com\/index.php\/wp-json\/wp\/v2\/posts\/26073\/revisions"}],"predecessor-version":[{"id":26077,"href":"https:\/\/apuntesdesanluis.com\/index.php\/wp-json\/wp\/v2\/posts\/26073\/revisions\/26077"}],"wp:featuredmedia":[{"embeddable":true,"href":"https:\/\/apuntesdesanluis.com\/index.php\/wp-json\/wp\/v2\/media\/26074"}],"wp:attachment":[{"href":"https:\/\/apuntesdesanluis.com\/index.php\/wp-json\/wp\/v2\/media?parent=26073"}],"wp:term":[{"taxonomy":"category","embeddable":true,"href":"https:\/\/apuntesdesanluis.com\/index.php\/wp-json\/wp\/v2\/categories?post=26073"},{"taxonomy":"post_tag","embeddable":true,"href":"https:\/\/apuntesdesanluis.com\/index.php\/wp-json\/wp\/v2\/tags?post=26073"}],"curies":[{"name":"wp","href":"https:\/\/api.w.org\/{rel}","templated":true}]}}